
{"id":22715,"date":"2019-01-08T18:08:38","date_gmt":"2019-01-08T18:08:38","guid":{"rendered":"http:\/\/colegioarquitectos.com\/?p=22715"},"modified":"2019-01-08T18:08:38","modified_gmt":"2019-01-08T18:08:38","slug":"acciones-concretas-para-una-edificacion-de-calidad","status":"publish","type":"post","link":"https:\/\/colegioarquitectos.com\/noticias\/?p=22715","title":{"rendered":"Acciones concretas para una edificaci\u00f3n de calidad"},"content":{"rendered":"<div>\n<p>Continuando con el ciclo de columnas relacionadas con el viaje que una delegaci\u00f3n de profesionales chilenos realiz\u00f3 a Jap\u00f3n, como parte del convenio de colaboraci\u00f3n entre la <strong>JICA<\/strong> y el ministerio de <strong>Energ\u00eda<\/strong> para conocer sobre las pol\u00edticas p\u00fablicas en construcci\u00f3n sustentable, eficiencia energ\u00e9tica y certificaciones, la arquitecta <strong>Paola Molina<\/strong>, <strong>presidenta del Comit\u00e9 de Sustentabilidad y Energ\u00eda<\/strong> del <strong>Colegio de Arquitectos de Chile<\/strong> e <strong>integrante del Comit\u00e9 Directivo CES<\/strong>, aborda el enfoque, est\u00e1ndares e innovaci\u00f3n de las edificaciones.<\/p>\n<\/div>\n<p>&nbsp;<\/p>\n<h2>Acciones concretas para una edificaci\u00f3n de calidad<\/h2>\n<div>\n<p>En Jap\u00f3n existe una conciencia colectiva de la importancia de la calidad de la vivienda para prevenir enfermedades como un est\u00e1ndar m\u00ednimo de confort ambiental exigido en sus regulaciones como base, desde antes de pensar en edificaciones cero energ\u00edas.<\/p>\n<p>En ese pa\u00eds se estableci\u00f3 como meta nacional el dise\u00f1o y construcci\u00f3n de edificaciones cero energ\u00eda y trabajan para lograrlo, en conjunto, el sector p\u00fablico y el privado, de manera que se utilicen de forma eficiente los recursos disponibles en base a la certificaci\u00f3n de eficiencia ambiental CASBEE y la certificaci\u00f3n de eficiencia energ\u00e9tica BELS.<\/p>\n<p>Para optimizar el proceso que permita lograr edificaciones cero energ\u00edas, han desarrollado una estructura clara y sin\u00e9rgica donde los sistemas de certificaci\u00f3n -tanto ambiental como de eficiencia energ\u00e9tica- est\u00e1n unificados tanto para edificios residenciales como no residenciales, facilitando la aplicaci\u00f3n de mejoras, incentivos y fiscalizaciones. Adem\u00e1s, desarrollan un permanente perfeccionamiento de las herramientas de evaluaci\u00f3n, que se revisan cada seis meses.<\/p>\n<p>Tambi\u00e9n han ejecutado una planificaci\u00f3n y programaci\u00f3n gradual de las regulaciones para cumplir la meta: primero, en un plazo definido, establecen los est\u00e1ndares voluntarios; despu\u00e9s desarrollan incentivos de todo tipo y una vez que logran m\u00e1s del 50% de las construcciones aplicando los est\u00e1ndares, establecen metas y plazos claros para su obligatoriedad.<\/p>\n<p>El Estado invierte en instituciones p\u00fablicas y con incentivos en las privadas para generar investigaci\u00f3n, desarrollo e innovaci\u00f3n con miras a edificaciones cero energ\u00edas. En tanto, los resultados que se van obteniendo los entregan al mercado en canales abiertos y establecidos para su pronta aplicaci\u00f3n.<\/p>\n<p>Adem\u00e1s, tienen un Centro de Estad\u00edsticas el cual recibe informaci\u00f3n de las compa\u00f1\u00edas de suministro de energ\u00eda con desglose de consumos, lo que les permite ejecutar est\u00e1ndares e incentivos certeros de acuerdo con su desarrollo y cultura.<\/p>\n<p>Han invertido en desarrollo tecnol\u00f3gico, lo que permite disponer de equipos de alto desempe\u00f1o en eficiencia energ\u00e9tica, generando tambi\u00e9n tecnolog\u00edas de informaci\u00f3n para monitoreo y gesti\u00f3n inteligente de la energ\u00eda al interior de las edificaciones.<\/p>\n<p>&nbsp;<\/p>\n<p><strong>Desaf\u00edos para Chile<\/strong><\/p>\n<p>Para comenzar, debemos lograr la obligatoriedad de est\u00e1ndares en edificaciones residenciales y no residenciales exigidos, que consideren lograr un adecuado confort ambiental interior para asegurar salubridad al interior de las viviendas y recintos de trabajo.<\/p>\n<p>Tambi\u00e9n es necesario unificar las unidades de consumo de energ\u00eda en viviendas y edificios, expres\u00e1ndolas en energ\u00eda primaria, para tener una unidad de medida, comparaci\u00f3n y planificaci\u00f3n.<\/p>\n<p>Debemos avanzar con el etiquetado energ\u00e9tico de edificaciones no residenciales (el de viviendas ya existe).<\/p>\n<p>Tambi\u00e9n es fundamental educar y fomentar estos objetivos a trav\u00e9s de campa\u00f1as comunicacionales masivas, considerando las singularidades de cada regi\u00f3n. Formar una conciencia frente al cambio clim\u00e1tico y las acciones que cada edificio, vivienda o persona pueden desarrollar para aportar a su mitigaci\u00f3n en la gesti\u00f3n de la energ\u00eda y las emisiones de CO2.<\/p>\n<p>Despu\u00e9s de ello debemos ordenar la estructura de desarrollo. De esta forma, no se duplicar\u00edan costos de operaci\u00f3n y de ejecuci\u00f3n, por lo que integrar en una estructura los etiquetados energ\u00e9ticos y certificaciones ambientales, incorporando indicadores de cambio clim\u00e1tico existentes a la fecha, ser\u00eda un buen comienzo.<\/p>\n<p>A futuro es importante incorporar en la ley de eficiencia energ\u00e9tica plazos -aunque sean largos- para lograr edificios energ\u00eda cero (ZEB) y viviendas de energ\u00eda cero (ZEH). Al fijarlo como objetivo pa\u00eds, todos los actores van aline\u00e1ndose y aportando con su desarrollo y experiencia para lograrlo, optimizando tiempo y recursos. Para ello se debe comenzar por definir el est\u00e1ndar para Chile de ZEB y ZEH.<\/p>\n<p>Finalmente, es un desaf\u00edo pendiente que se incorporen las nuevas tecnolog\u00edas de informaci\u00f3n para monitoreo y gesti\u00f3n inteligente de la energ\u00eda al interior de las edificaciones.<\/p>\n<\/div>\n<p><\/p>","protected":false},"excerpt":{"rendered":"<p>Continuando con el ciclo de columnas relacionadas con el viaje que una delegaci\u00f3n de profesionales chilenos realiz\u00f3 a Jap\u00f3n, como parte del convenio de colaboraci\u00f3n entre la JICA y el ministerio de Energ\u00eda para conocer sobre las pol\u00edticas p\u00fablicas en &hellip; <a class=\"more-link\" href=\"https:\/\/colegioarquitectos.com\/noticias\/?p=22715\">ver m\u00e1s<\/a><\/p>","protected":false},"author":4,"featured_media":22585,"comment_status":"closed","ping_status":"closed","sticky":false,"template":"","format":"standard","meta":{"footnotes":""},"categories":[9],"tags":[],"class_list":["post-22715","post","type-post","status-publish","format-standard","has-post-thumbnail","hentry","category-comites"],"yoast_head":"<!-- This site is optimized with the Yoast SEO plugin v24.2 - https:\/\/yoast.com\/wordpress\/plugins\/seo\/ -->\n<title>Acciones concretas para una edificaci\u00f3n de calidad - COLEGIO DE ARQUITECTOS DE CHILE<\/title>\n<meta name=\"robots\" content=\"index, follow, max-snippet:-1, max-image-preview:large, max-video-preview:-1\" \/>\n<link rel=\"canonical\" href=\"https:\/\/colegioarquitectos.com\/noticias\/?p=22715\" \/>\n<meta property=\"og:locale\" content=\"es_ES\" \/>\n<meta property=\"og:type\" content=\"article\" \/>\n<meta property=\"og:title\" content=\"Acciones concretas para una edificaci\u00f3n de calidad - COLEGIO DE ARQUITECTOS DE CHILE\" \/>\n<meta property=\"og:description\" content=\"Continuando con el ciclo de columnas relacionadas con el viaje que una delegaci\u00f3n de profesionales chilenos realiz\u00f3 a Jap\u00f3n, como parte del convenio de colaboraci\u00f3n entre la JICA y el ministerio de Energ\u00eda para conocer sobre las pol\u00edticas p\u00fablicas en &hellip; ver m\u00e1s\" \/>\n<meta property=\"og:url\" content=\"https:\/\/colegioarquitectos.com\/noticias\/?p=22715\" \/>\n<meta property=\"og:site_name\" content=\"COLEGIO DE ARQUITECTOS DE CHILE\" \/>\n<meta property=\"article:publisher\" content=\"https:\/\/facebook.com\/Colegioarq\/\" \/>\n<meta property=\"article:published_time\" content=\"2019-01-08T18:08:38+00:00\" \/>\n<meta property=\"og:image\" content=\"https:\/\/colegioarquitectos.com\/noticias\/wp-content\/uploads\/2018\/12\/ENCABEZADO-2.jpg\" \/>\n\t<meta property=\"og:image:width\" content=\"690\" \/>\n\t<meta property=\"og:image:height\" content=\"350\" \/>\n\t<meta property=\"og:image:type\" content=\"image\/jpeg\" \/>\n<meta name=\"author\" content=\"Colegio de Arquitectos de Chile\" \/>\n<meta name=\"twitter:card\" content=\"summary_large_image\" \/>\n<meta name=\"twitter:creator\" content=\"@colegioarq\" \/>\n<meta name=\"twitter:site\" content=\"@colegioarq\" \/>\n<meta name=\"twitter:label1\" content=\"Escrito por\" \/>\n\t<meta name=\"twitter:data1\" content=\"Colegio de Arquitectos de Chile\" \/>\n\t<meta name=\"twitter:label2\" content=\"Tiempo de lectura\" \/>\n\t<meta name=\"twitter:data2\" content=\"4 minutos\" \/>\n<script type=\"application\/ld+json\" class=\"yoast-schema-graph\">{\"@context\":\"https:\/\/schema.org\",\"@graph\":[{\"@type\":\"Article\",\"@id\":\"https:\/\/colegioarquitectos.com\/noticias\/?p=22715#article\",\"isPartOf\":{\"@id\":\"https:\/\/colegioarquitectos.com\/noticias\/?p=22715\"},\"author\":{\"name\":\"Colegio de Arquitectos de Chile\",\"@id\":\"https:\/\/colegioarquitectos.com\/noticias\/#\/schema\/person\/685cc0aad148303c5608f049af8285ad\"},\"headline\":\"Acciones concretas para una edificaci\u00f3n de calidad\",\"datePublished\":\"2019-01-08T18:08:38+00:00\",\"dateModified\":\"2019-01-08T18:08:38+00:00\",\"mainEntityOfPage\":{\"@id\":\"https:\/\/colegioarquitectos.com\/noticias\/?p=22715\"},\"wordCount\":783,\"publisher\":{\"@id\":\"https:\/\/colegioarquitectos.com\/noticias\/#organization\"},\"image\":{\"@id\":\"https:\/\/colegioarquitectos.com\/noticias\/?p=22715#primaryimage\"},\"thumbnailUrl\":\"https:\/\/colegioarquitectos.com\/noticias\/wp-content\/uploads\/2018\/12\/ENCABEZADO-2.jpg\",\"articleSection\":[\"Comit\u00e9s\"],\"inLanguage\":\"es\"},{\"@type\":\"WebPage\",\"@id\":\"https:\/\/colegioarquitectos.com\/noticias\/?p=22715\",\"url\":\"https:\/\/colegioarquitectos.com\/noticias\/?p=22715\",\"name\":\"Acciones concretas para una edificaci\u00f3n de calidad - COLEGIO DE ARQUITECTOS DE CHILE\",\"isPartOf\":{\"@id\":\"https:\/\/colegioarquitectos.com\/noticias\/#website\"},\"primaryImageOfPage\":{\"@id\":\"https:\/\/colegioarquitectos.com\/noticias\/?p=22715#primaryimage\"},\"image\":{\"@id\":\"https:\/\/colegioarquitectos.com\/noticias\/?p=22715#primaryimage\"},\"thumbnailUrl\":\"https:\/\/colegioarquitectos.com\/noticias\/wp-content\/uploads\/2018\/12\/ENCABEZADO-2.jpg\",\"datePublished\":\"2019-01-08T18:08:38+00:00\",\"dateModified\":\"2019-01-08T18:08:38+00:00\",\"breadcrumb\":{\"@id\":\"https:\/\/colegioarquitectos.com\/noticias\/?p=22715#breadcrumb\"},\"inLanguage\":\"es\",\"potentialAction\":[{\"@type\":\"ReadAction\",\"target\":[\"https:\/\/colegioarquitectos.com\/noticias\/?p=22715\"]}]},{\"@type\":\"ImageObject\",\"inLanguage\":\"es\",\"@id\":\"https:\/\/colegioarquitectos.com\/noticias\/?p=22715#primaryimage\",\"url\":\"https:\/\/colegioarquitectos.com\/noticias\/wp-content\/uploads\/2018\/12\/ENCABEZADO-2.jpg\",\"contentUrl\":\"https:\/\/colegioarquitectos.com\/noticias\/wp-content\/uploads\/2018\/12\/ENCABEZADO-2.jpg\",\"width\":690,\"height\":350},{\"@type\":\"BreadcrumbList\",\"@id\":\"https:\/\/colegioarquitectos.com\/noticias\/?p=22715#breadcrumb\",\"itemListElement\":[{\"@type\":\"ListItem\",\"position\":1,\"name\":\"Portada\",\"item\":\"https:\/\/colegioarquitectos.com\/noticias\"},{\"@type\":\"ListItem\",\"position\":2,\"name\":\"Acciones concretas para una edificaci\u00f3n de calidad\"}]},{\"@type\":\"WebSite\",\"@id\":\"https:\/\/colegioarquitectos.com\/noticias\/#website\",\"url\":\"https:\/\/colegioarquitectos.com\/noticias\/\",\"name\":\"COLEGIO DE ARQUITECTOS DE CHILE\",\"description\":\"\",\"publisher\":{\"@id\":\"https:\/\/colegioarquitectos.com\/noticias\/#organization\"},\"potentialAction\":[{\"@type\":\"SearchAction\",\"target\":{\"@type\":\"EntryPoint\",\"urlTemplate\":\"https:\/\/colegioarquitectos.com\/noticias\/?s={search_term_string}\"},\"query-input\":{\"@type\":\"PropertyValueSpecification\",\"valueRequired\":true,\"valueName\":\"search_term_string\"}}],\"inLanguage\":\"es\"},{\"@type\":\"Organization\",\"@id\":\"https:\/\/colegioarquitectos.com\/noticias\/#organization\",\"name\":\"COLEGIO DE ARQUITECTOS DE CHILE\",\"url\":\"https:\/\/colegioarquitectos.com\/noticias\/\",\"logo\":{\"@type\":\"ImageObject\",\"inLanguage\":\"es\",\"@id\":\"https:\/\/colegioarquitectos.com\/noticias\/#\/schema\/logo\/image\/\",\"url\":\"https:\/\/colegioarquitectos.com\/noticias\/wp-content\/uploads\/2021\/05\/ENCABEZADO-LOGO-CA.jpg\",\"contentUrl\":\"https:\/\/colegioarquitectos.com\/noticias\/wp-content\/uploads\/2021\/05\/ENCABEZADO-LOGO-CA.jpg\",\"width\":690,\"height\":350,\"caption\":\"COLEGIO DE ARQUITECTOS DE CHILE\"},\"image\":{\"@id\":\"https:\/\/colegioarquitectos.com\/noticias\/#\/schema\/logo\/image\/\"},\"sameAs\":[\"https:\/\/facebook.com\/Colegioarq\/\",\"https:\/\/x.com\/colegioarq\",\"https:\/\/instagram.com\/colegioarq\",\"https:\/\/youtube.com\/@ColegiodeArquitectosdeChile\"]},{\"@type\":\"Person\",\"@id\":\"https:\/\/colegioarquitectos.com\/noticias\/#\/schema\/person\/685cc0aad148303c5608f049af8285ad\",\"name\":\"Colegio de Arquitectos de Chile\",\"url\":\"https:\/\/colegioarquitectos.com\/noticias\/?author=4\"}]}<\/script>\n<!-- \/ Yoast SEO plugin. -->","yoast_head_json":{"title":"Acciones concretas para una edificaci\u00f3n de calidad - COLEGIO DE ARQUITECTOS DE CHILE","robots":{"index":"index","follow":"follow","max-snippet":"max-snippet:-1","max-image-preview":"max-image-preview:large","max-video-preview":"max-video-preview:-1"},"canonical":"https:\/\/colegioarquitectos.com\/noticias\/?p=22715","og_locale":"es_ES","og_type":"article","og_title":"Acciones concretas para una edificaci\u00f3n de calidad - COLEGIO DE ARQUITECTOS DE CHILE","og_description":"Continuando con el ciclo de columnas relacionadas con el viaje que una delegaci\u00f3n de profesionales chilenos realiz\u00f3 a Jap\u00f3n, como parte del convenio de colaboraci\u00f3n entre la JICA y el ministerio de Energ\u00eda para conocer sobre las pol\u00edticas p\u00fablicas en &hellip; ver m\u00e1s","og_url":"https:\/\/colegioarquitectos.com\/noticias\/?p=22715","og_site_name":"COLEGIO DE ARQUITECTOS DE CHILE","article_publisher":"https:\/\/facebook.com\/Colegioarq\/","article_published_time":"2019-01-08T18:08:38+00:00","og_image":[{"width":690,"height":350,"url":"https:\/\/colegioarquitectos.com\/noticias\/wp-content\/uploads\/2018\/12\/ENCABEZADO-2.jpg","type":"image\/jpeg"}],"author":"Colegio de Arquitectos de Chile","twitter_card":"summary_large_image","twitter_creator":"@colegioarq","twitter_site":"@colegioarq","twitter_misc":{"Escrito por":"Colegio de Arquitectos de Chile","Tiempo de lectura":"4 minutos"},"schema":{"@context":"https:\/\/schema.org","@graph":[{"@type":"Article","@id":"https:\/\/colegioarquitectos.com\/noticias\/?p=22715#article","isPartOf":{"@id":"https:\/\/colegioarquitectos.com\/noticias\/?p=22715"},"author":{"name":"Colegio de Arquitectos de Chile","@id":"https:\/\/colegioarquitectos.com\/noticias\/#\/schema\/person\/685cc0aad148303c5608f049af8285ad"},"headline":"Acciones concretas para una edificaci\u00f3n de calidad","datePublished":"2019-01-08T18:08:38+00:00","dateModified":"2019-01-08T18:08:38+00:00","mainEntityOfPage":{"@id":"https:\/\/colegioarquitectos.com\/noticias\/?p=22715"},"wordCount":783,"publisher":{"@id":"https:\/\/colegioarquitectos.com\/noticias\/#organization"},"image":{"@id":"https:\/\/colegioarquitectos.com\/noticias\/?p=22715#primaryimage"},"thumbnailUrl":"https:\/\/colegioarquitectos.com\/noticias\/wp-content\/uploads\/2018\/12\/ENCABEZADO-2.jpg","articleSection":["Comit\u00e9s"],"inLanguage":"es"},{"@type":"WebPage","@id":"https:\/\/colegioarquitectos.com\/noticias\/?p=22715","url":"https:\/\/colegioarquitectos.com\/noticias\/?p=22715","name":"Acciones concretas para una edificaci\u00f3n de calidad - COLEGIO DE ARQUITECTOS DE CHILE","isPartOf":{"@id":"https:\/\/colegioarquitectos.com\/noticias\/#website"},"primaryImageOfPage":{"@id":"https:\/\/colegioarquitectos.com\/noticias\/?p=22715#primaryimage"},"image":{"@id":"https:\/\/colegioarquitectos.com\/noticias\/?p=22715#primaryimage"},"thumbnailUrl":"https:\/\/colegioarquitectos.com\/noticias\/wp-content\/uploads\/2018\/12\/ENCABEZADO-2.jpg","datePublished":"2019-01-08T18:08:38+00:00","dateModified":"2019-01-08T18:08:38+00:00","breadcrumb":{"@id":"https:\/\/colegioarquitectos.com\/noticias\/?p=22715#breadcrumb"},"inLanguage":"es","potentialAction":[{"@type":"ReadAction","target":["https:\/\/colegioarquitectos.com\/noticias\/?p=22715"]}]},{"@type":"ImageObject","inLanguage":"es","@id":"https:\/\/colegioarquitectos.com\/noticias\/?p=22715#primaryimage","url":"https:\/\/colegioarquitectos.com\/noticias\/wp-content\/uploads\/2018\/12\/ENCABEZADO-2.jpg","contentUrl":"https:\/\/colegioarquitectos.com\/noticias\/wp-content\/uploads\/2018\/12\/ENCABEZADO-2.jpg","width":690,"height":350},{"@type":"BreadcrumbList","@id":"https:\/\/colegioarquitectos.com\/noticias\/?p=22715#breadcrumb","itemListElement":[{"@type":"ListItem","position":1,"name":"Portada","item":"https:\/\/colegioarquitectos.com\/noticias"},{"@type":"ListItem","position":2,"name":"Acciones concretas para una edificaci\u00f3n de calidad"}]},{"@type":"WebSite","@id":"https:\/\/colegioarquitectos.com\/noticias\/#website","url":"https:\/\/colegioarquitectos.com\/noticias\/","name":"COLEGIO DE ARQUITECTOS DE CHILE","description":"","publisher":{"@id":"https:\/\/colegioarquitectos.com\/noticias\/#organization"},"potentialAction":[{"@type":"SearchAction","target":{"@type":"EntryPoint","urlTemplate":"https:\/\/colegioarquitectos.com\/noticias\/?s={search_term_string}"},"query-input":{"@type":"PropertyValueSpecification","valueRequired":true,"valueName":"search_term_string"}}],"inLanguage":"es"},{"@type":"Organization","@id":"https:\/\/colegioarquitectos.com\/noticias\/#organization","name":"COLEGIO DE ARQUITECTOS DE CHILE","url":"https:\/\/colegioarquitectos.com\/noticias\/","logo":{"@type":"ImageObject","inLanguage":"es","@id":"https:\/\/colegioarquitectos.com\/noticias\/#\/schema\/logo\/image\/","url":"https:\/\/colegioarquitectos.com\/noticias\/wp-content\/uploads\/2021\/05\/ENCABEZADO-LOGO-CA.jpg","contentUrl":"https:\/\/colegioarquitectos.com\/noticias\/wp-content\/uploads\/2021\/05\/ENCABEZADO-LOGO-CA.jpg","width":690,"height":350,"caption":"COLEGIO DE ARQUITECTOS DE CHILE"},"image":{"@id":"https:\/\/colegioarquitectos.com\/noticias\/#\/schema\/logo\/image\/"},"sameAs":["https:\/\/facebook.com\/Colegioarq\/","https:\/\/x.com\/colegioarq","https:\/\/instagram.com\/colegioarq","https:\/\/youtube.com\/@ColegiodeArquitectosdeChile"]},{"@type":"Person","@id":"https:\/\/colegioarquitectos.com\/noticias\/#\/schema\/person\/685cc0aad148303c5608f049af8285ad","name":"Colegio de Arquitectos de Chile","url":"https:\/\/colegioarquitectos.com\/noticias\/?author=4"}]}},"_links":{"self":[{"href":"https:\/\/colegioarquitectos.com\/noticias\/index.php?rest_route=\/wp\/v2\/posts\/22715","targetHints":{"allow":["GET"]}}],"collection":[{"href":"https:\/\/colegioarquitectos.com\/noticias\/index.php?rest_route=\/wp\/v2\/posts"}],"about":[{"href":"https:\/\/colegioarquitectos.com\/noticias\/index.php?rest_route=\/wp\/v2\/types\/post"}],"author":[{"embeddable":true,"href":"https:\/\/colegioarquitectos.com\/noticias\/index.php?rest_route=\/wp\/v2\/users\/4"}],"replies":[{"embeddable":true,"href":"https:\/\/colegioarquitectos.com\/noticias\/index.php?rest_route=%2Fwp%2Fv2%2Fcomments&post=22715"}],"version-history":[{"count":0,"href":"https:\/\/colegioarquitectos.com\/noticias\/index.php?rest_route=\/wp\/v2\/posts\/22715\/revisions"}],"wp:featuredmedia":[{"embeddable":true,"href":"https:\/\/colegioarquitectos.com\/noticias\/index.php?rest_route=\/wp\/v2\/media\/22585"}],"wp:attachment":[{"href":"https:\/\/colegioarquitectos.com\/noticias\/index.php?rest_route=%2Fwp%2Fv2%2Fmedia&parent=22715"}],"wp:term":[{"taxonomy":"category","embeddable":true,"href":"https:\/\/colegioarquitectos.com\/noticias\/index.php?rest_route=%2Fwp%2Fv2%2Fcategories&post=22715"},{"taxonomy":"post_tag","embeddable":true,"href":"https:\/\/colegioarquitectos.com\/noticias\/index.php?rest_route=%2Fwp%2Fv2%2Ftags&post=22715"}],"curies":[{"name":"wp","href":"https:\/\/api.w.org\/{rel}","templated":true}]}}