
{"id":22765,"date":"2019-01-22T13:34:39","date_gmt":"2019-01-22T13:34:39","guid":{"rendered":"http:\/\/colegioarquitectos.com\/?p=22765"},"modified":"2019-01-22T13:34:57","modified_gmt":"2019-01-22T13:34:57","slug":"soledad-larrain-secretaria-general-del-colegio-de-arquitectos-analiza-el-proyecto-de-techos-verdes-en-ahoranoticias-de-mega","status":"publish","type":"post","link":"https:\/\/colegioarquitectos.com\/noticias\/?p=22765","title":{"rendered":"Soledad Larra\u00edn, Secretaria General del Colegio de Arquitectos, analiza el proyecto de Techos verdes en AhoraNoticias de Mega"},"content":{"rendered":"<p>En su edici\u00f3n del <strong>21 de enero<\/strong> <a href=\"https:\/\/www.ahoranoticias.cl\/home\/\"><strong>AhoraNoticias<\/strong><\/a> de <strong>Mega<\/strong> emiti\u00f3 una nota que analiza el ingreso de una nueva normativa por parte del ministro de Vivienda y Urbanismo, <strong>Cristi\u00e1n Monckeberg<\/strong>, que <strong>permitir\u00e1 utilizar la totalidad de las azoteas de los nuevos edificios, dejando atr\u00e1s el reglamento que s\u00f3lo autorizaba la construcci\u00f3n del 20% de \u00e9stas.<\/strong><\/p>\n<p>El decreto, que modifica la <strong>Ordenanza General de Urbanismo y Construcciones (OGUC)<\/strong>, considera que un m\u00e1ximo del <strong>25%<\/strong> de la azotea se destine a construcciones abiertas con cubiertas livianas, como quinchos, y construcciones cerradas, como ba\u00f1os, <strong>y el 75% restante a terrazas, vegetaci\u00f3n, paneles solares, entre otros elementos.<\/strong><\/p>\n<p>En esa direcci\u00f3n, <strong>Soledad Larra\u00edn<\/strong>, <strong>Secretaria General del Colegio de Arquitectos<\/strong>, valor\u00f3 la medida ya que \u201cestos espacios de desahogo <strong>comienzan a ser m\u00e1s necesarios y ah\u00ed esta quinta fachada aparece como una oportunidad perfecta para hacerlo<\/strong>\u201d.<\/p>\n<p>Por otra parte, precis\u00f3 que actualmente hay <strong>\u201cuna cultura de desaparici\u00f3n de estas azoteas\u201d<\/strong>.<\/p>\n<p><strong>Puedes ver la nota completa ac\u00e1 (Desde el minuto 15.17):<\/strong><\/p>\n<p><a href=\"https:\/\/www.ahoranoticias.cl\/programas\/noticieros\/247940-ahora-noticias-central-21-de-enero.html\"><img loading=\"lazy\" decoding=\"async\" class=\"aligncenter size-large wp-image-22768\" src=\"http:\/\/colegioarquitectos.com\/noticias\/wp-content\/uploads\/2019\/01\/Sole-L.-1024x573.png\" alt=\"\" width=\"690\" height=\"386\" srcset=\"https:\/\/colegioarquitectos.com\/noticias\/wp-content\/uploads\/2019\/01\/Sole-L..png 1024w, https:\/\/colegioarquitectos.com\/noticias\/wp-content\/uploads\/2019\/01\/Sole-L.-300x168.png 300w, https:\/\/colegioarquitectos.com\/noticias\/wp-content\/uploads\/2019\/01\/Sole-L.-768x430.png 768w\" sizes=\"auto, (max-width: 690px) 100vw, 690px\" \/><\/a><\/p>\n<p>&nbsp;<\/p>\n<p>&nbsp;<\/p>\n<p><\/p>","protected":false},"excerpt":{"rendered":"<p>En su edici\u00f3n del 21 de enero AhoraNoticias de Mega emiti\u00f3 una nota que analiza el ingreso de una nueva normativa por parte del ministro de Vivienda y Urbanismo, Cristi\u00e1n Monckeberg, que permitir\u00e1 utilizar la totalidad de las azoteas de &hellip; <a class=\"more-link\" href=\"https:\/\/colegioarquitectos.com\/noticias\/?p=22765\">ver m\u00e1s<\/a><\/p>","protected":false},"author":4,"featured_media":22766,"comment_status":"closed","ping_status":"closed","sticky":false,"template":"","format":"standard","meta":{"footnotes":""},"categories":[8],"tags":[],"class_list":["post-22765","post","type-post","status-publish","format-standard","has-post-thumbnail","hentry","category-colegio-de-arquitectos"],"yoast_head":"<!-- This site is optimized with the Yoast SEO plugin v24.2 - https:\/\/yoast.com\/wordpress\/plugins\/seo\/ -->\n<title>Soledad Larra\u00edn, Secretaria General del Colegio de Arquitectos, analiza el proyecto de Techos verdes en AhoraNoticias de Mega - COLEGIO DE ARQUITECTOS DE CHILE<\/title>\n<meta name=\"robots\" content=\"index, follow, max-snippet:-1, max-image-preview:large, max-video-preview:-1\" \/>\n<link rel=\"canonical\" href=\"https:\/\/colegioarquitectos.com\/noticias\/?p=22765\" \/>\n<meta property=\"og:locale\" content=\"es_ES\" \/>\n<meta property=\"og:type\" content=\"article\" \/>\n<meta property=\"og:title\" content=\"Soledad Larra\u00edn, Secretaria General del Colegio de Arquitectos, analiza el proyecto de Techos verdes en AhoraNoticias de Mega - COLEGIO DE ARQUITECTOS DE CHILE\" \/>\n<meta property=\"og:description\" content=\"En su edici\u00f3n del 21 de enero AhoraNoticias de Mega emiti\u00f3 una nota que analiza el ingreso de una nueva normativa por parte del ministro de Vivienda y Urbanismo, Cristi\u00e1n Monckeberg, que permitir\u00e1 utilizar la totalidad de las azoteas de &hellip; ver m\u00e1s\" \/>\n<meta property=\"og:url\" content=\"https:\/\/colegioarquitectos.com\/noticias\/?p=22765\" \/>\n<meta property=\"og:site_name\" content=\"COLEGIO DE ARQUITECTOS DE CHILE\" \/>\n<meta property=\"article:publisher\" content=\"https:\/\/facebook.com\/Colegioarq\/\" \/>\n<meta property=\"article:published_time\" content=\"2019-01-22T13:34:39+00:00\" \/>\n<meta property=\"article:modified_time\" content=\"2019-01-22T13:34:57+00:00\" \/>\n<meta property=\"og:image\" content=\"https:\/\/colegioarquitectos.com\/noticias\/wp-content\/uploads\/2019\/01\/ENCABEZADO-SOLE.png\" \/>\n\t<meta property=\"og:image:width\" content=\"690\" \/>\n\t<meta property=\"og:image:height\" content=\"350\" \/>\n\t<meta property=\"og:image:type\" content=\"image\/png\" \/>\n<meta name=\"author\" content=\"Colegio de Arquitectos de Chile\" \/>\n<meta name=\"twitter:card\" content=\"summary_large_image\" \/>\n<meta name=\"twitter:creator\" content=\"@colegioarq\" \/>\n<meta name=\"twitter:site\" content=\"@colegioarq\" \/>\n<meta name=\"twitter:label1\" content=\"Escrito por\" \/>\n\t<meta name=\"twitter:data1\" content=\"Colegio de Arquitectos de Chile\" \/>\n\t<meta name=\"twitter:label2\" content=\"Tiempo de lectura\" \/>\n\t<meta name=\"twitter:data2\" content=\"1 minuto\" \/>\n<script type=\"application\/ld+json\" class=\"yoast-schema-graph\">{\"@context\":\"https:\/\/schema.org\",\"@graph\":[{\"@type\":\"Article\",\"@id\":\"https:\/\/colegioarquitectos.com\/noticias\/?p=22765#article\",\"isPartOf\":{\"@id\":\"https:\/\/colegioarquitectos.com\/noticias\/?p=22765\"},\"author\":{\"name\":\"Colegio de Arquitectos de Chile\",\"@id\":\"https:\/\/colegioarquitectos.com\/noticias\/#\/schema\/person\/685cc0aad148303c5608f049af8285ad\"},\"headline\":\"Soledad Larra\u00edn, Secretaria General del Colegio de Arquitectos, analiza el proyecto de Techos verdes en AhoraNoticias de Mega\",\"datePublished\":\"2019-01-22T13:34:39+00:00\",\"dateModified\":\"2019-01-22T13:34:57+00:00\",\"mainEntityOfPage\":{\"@id\":\"https:\/\/colegioarquitectos.com\/noticias\/?p=22765\"},\"wordCount\":193,\"publisher\":{\"@id\":\"https:\/\/colegioarquitectos.com\/noticias\/#organization\"},\"image\":{\"@id\":\"https:\/\/colegioarquitectos.com\/noticias\/?p=22765#primaryimage\"},\"thumbnailUrl\":\"https:\/\/colegioarquitectos.com\/noticias\/wp-content\/uploads\/2019\/01\/ENCABEZADO-SOLE.png\",\"articleSection\":[\"Colegio\"],\"inLanguage\":\"es\"},{\"@type\":\"WebPage\",\"@id\":\"https:\/\/colegioarquitectos.com\/noticias\/?p=22765\",\"url\":\"https:\/\/colegioarquitectos.com\/noticias\/?p=22765\",\"name\":\"Soledad Larra\u00edn, Secretaria General del Colegio de Arquitectos, analiza el proyecto de Techos verdes en AhoraNoticias de Mega - COLEGIO DE ARQUITECTOS DE CHILE\",\"isPartOf\":{\"@id\":\"https:\/\/colegioarquitectos.com\/noticias\/#website\"},\"primaryImageOfPage\":{\"@id\":\"https:\/\/colegioarquitectos.com\/noticias\/?p=22765#primaryimage\"},\"image\":{\"@id\":\"https:\/\/colegioarquitectos.com\/noticias\/?p=22765#primaryimage\"},\"thumbnailUrl\":\"https:\/\/colegioarquitectos.com\/noticias\/wp-content\/uploads\/2019\/01\/ENCABEZADO-SOLE.png\",\"datePublished\":\"2019-01-22T13:34:39+00:00\",\"dateModified\":\"2019-01-22T13:34:57+00:00\",\"breadcrumb\":{\"@id\":\"https:\/\/colegioarquitectos.com\/noticias\/?p=22765#breadcrumb\"},\"inLanguage\":\"es\",\"potentialAction\":[{\"@type\":\"ReadAction\",\"target\":[\"https:\/\/colegioarquitectos.com\/noticias\/?p=22765\"]}]},{\"@type\":\"ImageObject\",\"inLanguage\":\"es\",\"@id\":\"https:\/\/colegioarquitectos.com\/noticias\/?p=22765#primaryimage\",\"url\":\"https:\/\/colegioarquitectos.com\/noticias\/wp-content\/uploads\/2019\/01\/ENCABEZADO-SOLE.png\",\"contentUrl\":\"https:\/\/colegioarquitectos.com\/noticias\/wp-content\/uploads\/2019\/01\/ENCABEZADO-SOLE.png\",\"width\":690,\"height\":350},{\"@type\":\"BreadcrumbList\",\"@id\":\"https:\/\/colegioarquitectos.com\/noticias\/?p=22765#breadcrumb\",\"itemListElement\":[{\"@type\":\"ListItem\",\"position\":1,\"name\":\"Portada\",\"item\":\"https:\/\/colegioarquitectos.com\/noticias\"},{\"@type\":\"ListItem\",\"position\":2,\"name\":\"Soledad Larra\u00edn, Secretaria General del Colegio de Arquitectos, analiza el proyecto de Techos verdes en AhoraNoticias de Mega\"}]},{\"@type\":\"WebSite\",\"@id\":\"https:\/\/colegioarquitectos.com\/noticias\/#website\",\"url\":\"https:\/\/colegioarquitectos.com\/noticias\/\",\"name\":\"COLEGIO DE ARQUITECTOS DE CHILE\",\"description\":\"\",\"publisher\":{\"@id\":\"https:\/\/colegioarquitectos.com\/noticias\/#organization\"},\"potentialAction\":[{\"@type\":\"SearchAction\",\"target\":{\"@type\":\"EntryPoint\",\"urlTemplate\":\"https:\/\/colegioarquitectos.com\/noticias\/?s={search_term_string}\"},\"query-input\":{\"@type\":\"PropertyValueSpecification\",\"valueRequired\":true,\"valueName\":\"search_term_string\"}}],\"inLanguage\":\"es\"},{\"@type\":\"Organization\",\"@id\":\"https:\/\/colegioarquitectos.com\/noticias\/#organization\",\"name\":\"COLEGIO DE ARQUITECTOS DE CHILE\",\"url\":\"https:\/\/colegioarquitectos.com\/noticias\/\",\"logo\":{\"@type\":\"ImageObject\",\"inLanguage\":\"es\",\"@id\":\"https:\/\/colegioarquitectos.com\/noticias\/#\/schema\/logo\/image\/\",\"url\":\"https:\/\/colegioarquitectos.com\/noticias\/wp-content\/uploads\/2021\/05\/ENCABEZADO-LOGO-CA.jpg\",\"contentUrl\":\"https:\/\/colegioarquitectos.com\/noticias\/wp-content\/uploads\/2021\/05\/ENCABEZADO-LOGO-CA.jpg\",\"width\":690,\"height\":350,\"caption\":\"COLEGIO DE ARQUITECTOS DE CHILE\"},\"image\":{\"@id\":\"https:\/\/colegioarquitectos.com\/noticias\/#\/schema\/logo\/image\/\"},\"sameAs\":[\"https:\/\/facebook.com\/Colegioarq\/\",\"https:\/\/x.com\/colegioarq\",\"https:\/\/instagram.com\/colegioarq\",\"https:\/\/youtube.com\/@ColegiodeArquitectosdeChile\"]},{\"@type\":\"Person\",\"@id\":\"https:\/\/colegioarquitectos.com\/noticias\/#\/schema\/person\/685cc0aad148303c5608f049af8285ad\",\"name\":\"Colegio de Arquitectos de Chile\",\"url\":\"https:\/\/colegioarquitectos.com\/noticias\/?author=4\"}]}<\/script>\n<!-- \/ Yoast SEO plugin. -->","yoast_head_json":{"title":"Soledad Larra\u00edn, Secretaria General del Colegio de Arquitectos, analiza el proyecto de Techos verdes en AhoraNoticias de Mega - COLEGIO DE ARQUITECTOS DE CHILE","robots":{"index":"index","follow":"follow","max-snippet":"max-snippet:-1","max-image-preview":"max-image-preview:large","max-video-preview":"max-video-preview:-1"},"canonical":"https:\/\/colegioarquitectos.com\/noticias\/?p=22765","og_locale":"es_ES","og_type":"article","og_title":"Soledad Larra\u00edn, Secretaria General del Colegio de Arquitectos, analiza el proyecto de Techos verdes en AhoraNoticias de Mega - COLEGIO DE ARQUITECTOS DE CHILE","og_description":"En su edici\u00f3n del 21 de enero AhoraNoticias de Mega emiti\u00f3 una nota que analiza el ingreso de una nueva normativa por parte del ministro de Vivienda y Urbanismo, Cristi\u00e1n Monckeberg, que permitir\u00e1 utilizar la totalidad de las azoteas de &hellip; ver m\u00e1s","og_url":"https:\/\/colegioarquitectos.com\/noticias\/?p=22765","og_site_name":"COLEGIO DE ARQUITECTOS DE CHILE","article_publisher":"https:\/\/facebook.com\/Colegioarq\/","article_published_time":"2019-01-22T13:34:39+00:00","article_modified_time":"2019-01-22T13:34:57+00:00","og_image":[{"width":690,"height":350,"url":"https:\/\/colegioarquitectos.com\/noticias\/wp-content\/uploads\/2019\/01\/ENCABEZADO-SOLE.png","type":"image\/png"}],"author":"Colegio de Arquitectos de Chile","twitter_card":"summary_large_image","twitter_creator":"@colegioarq","twitter_site":"@colegioarq","twitter_misc":{"Escrito por":"Colegio de Arquitectos de Chile","Tiempo de lectura":"1 minuto"},"schema":{"@context":"https:\/\/schema.org","@graph":[{"@type":"Article","@id":"https:\/\/colegioarquitectos.com\/noticias\/?p=22765#article","isPartOf":{"@id":"https:\/\/colegioarquitectos.com\/noticias\/?p=22765"},"author":{"name":"Colegio de Arquitectos de Chile","@id":"https:\/\/colegioarquitectos.com\/noticias\/#\/schema\/person\/685cc0aad148303c5608f049af8285ad"},"headline":"Soledad Larra\u00edn, Secretaria General del Colegio de Arquitectos, analiza el proyecto de Techos verdes en AhoraNoticias de Mega","datePublished":"2019-01-22T13:34:39+00:00","dateModified":"2019-01-22T13:34:57+00:00","mainEntityOfPage":{"@id":"https:\/\/colegioarquitectos.com\/noticias\/?p=22765"},"wordCount":193,"publisher":{"@id":"https:\/\/colegioarquitectos.com\/noticias\/#organization"},"image":{"@id":"https:\/\/colegioarquitectos.com\/noticias\/?p=22765#primaryimage"},"thumbnailUrl":"https:\/\/colegioarquitectos.com\/noticias\/wp-content\/uploads\/2019\/01\/ENCABEZADO-SOLE.png","articleSection":["Colegio"],"inLanguage":"es"},{"@type":"WebPage","@id":"https:\/\/colegioarquitectos.com\/noticias\/?p=22765","url":"https:\/\/colegioarquitectos.com\/noticias\/?p=22765","name":"Soledad Larra\u00edn, Secretaria General del Colegio de Arquitectos, analiza el proyecto de Techos verdes en AhoraNoticias de Mega - COLEGIO DE ARQUITECTOS DE CHILE","isPartOf":{"@id":"https:\/\/colegioarquitectos.com\/noticias\/#website"},"primaryImageOfPage":{"@id":"https:\/\/colegioarquitectos.com\/noticias\/?p=22765#primaryimage"},"image":{"@id":"https:\/\/colegioarquitectos.com\/noticias\/?p=22765#primaryimage"},"thumbnailUrl":"https:\/\/colegioarquitectos.com\/noticias\/wp-content\/uploads\/2019\/01\/ENCABEZADO-SOLE.png","datePublished":"2019-01-22T13:34:39+00:00","dateModified":"2019-01-22T13:34:57+00:00","breadcrumb":{"@id":"https:\/\/colegioarquitectos.com\/noticias\/?p=22765#breadcrumb"},"inLanguage":"es","potentialAction":[{"@type":"ReadAction","target":["https:\/\/colegioarquitectos.com\/noticias\/?p=22765"]}]},{"@type":"ImageObject","inLanguage":"es","@id":"https:\/\/colegioarquitectos.com\/noticias\/?p=22765#primaryimage","url":"https:\/\/colegioarquitectos.com\/noticias\/wp-content\/uploads\/2019\/01\/ENCABEZADO-SOLE.png","contentUrl":"https:\/\/colegioarquitectos.com\/noticias\/wp-content\/uploads\/2019\/01\/ENCABEZADO-SOLE.png","width":690,"height":350},{"@type":"BreadcrumbList","@id":"https:\/\/colegioarquitectos.com\/noticias\/?p=22765#breadcrumb","itemListElement":[{"@type":"ListItem","position":1,"name":"Portada","item":"https:\/\/colegioarquitectos.com\/noticias"},{"@type":"ListItem","position":2,"name":"Soledad Larra\u00edn, Secretaria General del Colegio de Arquitectos, analiza el proyecto de Techos verdes en AhoraNoticias de Mega"}]},{"@type":"WebSite","@id":"https:\/\/colegioarquitectos.com\/noticias\/#website","url":"https:\/\/colegioarquitectos.com\/noticias\/","name":"COLEGIO DE ARQUITECTOS DE CHILE","description":"","publisher":{"@id":"https:\/\/colegioarquitectos.com\/noticias\/#organization"},"potentialAction":[{"@type":"SearchAction","target":{"@type":"EntryPoint","urlTemplate":"https:\/\/colegioarquitectos.com\/noticias\/?s={search_term_string}"},"query-input":{"@type":"PropertyValueSpecification","valueRequired":true,"valueName":"search_term_string"}}],"inLanguage":"es"},{"@type":"Organization","@id":"https:\/\/colegioarquitectos.com\/noticias\/#organization","name":"COLEGIO DE ARQUITECTOS DE CHILE","url":"https:\/\/colegioarquitectos.com\/noticias\/","logo":{"@type":"ImageObject","inLanguage":"es","@id":"https:\/\/colegioarquitectos.com\/noticias\/#\/schema\/logo\/image\/","url":"https:\/\/colegioarquitectos.com\/noticias\/wp-content\/uploads\/2021\/05\/ENCABEZADO-LOGO-CA.jpg","contentUrl":"https:\/\/colegioarquitectos.com\/noticias\/wp-content\/uploads\/2021\/05\/ENCABEZADO-LOGO-CA.jpg","width":690,"height":350,"caption":"COLEGIO DE ARQUITECTOS DE CHILE"},"image":{"@id":"https:\/\/colegioarquitectos.com\/noticias\/#\/schema\/logo\/image\/"},"sameAs":["https:\/\/facebook.com\/Colegioarq\/","https:\/\/x.com\/colegioarq","https:\/\/instagram.com\/colegioarq","https:\/\/youtube.com\/@ColegiodeArquitectosdeChile"]},{"@type":"Person","@id":"https:\/\/colegioarquitectos.com\/noticias\/#\/schema\/person\/685cc0aad148303c5608f049af8285ad","name":"Colegio de Arquitectos de Chile","url":"https:\/\/colegioarquitectos.com\/noticias\/?author=4"}]}},"_links":{"self":[{"href":"https:\/\/colegioarquitectos.com\/noticias\/index.php?rest_route=\/wp\/v2\/posts\/22765","targetHints":{"allow":["GET"]}}],"collection":[{"href":"https:\/\/colegioarquitectos.com\/noticias\/index.php?rest_route=\/wp\/v2\/posts"}],"about":[{"href":"https:\/\/colegioarquitectos.com\/noticias\/index.php?rest_route=\/wp\/v2\/types\/post"}],"author":[{"embeddable":true,"href":"https:\/\/colegioarquitectos.com\/noticias\/index.php?rest_route=\/wp\/v2\/users\/4"}],"replies":[{"embeddable":true,"href":"https:\/\/colegioarquitectos.com\/noticias\/index.php?rest_route=%2Fwp%2Fv2%2Fcomments&post=22765"}],"version-history":[{"count":0,"href":"https:\/\/colegioarquitectos.com\/noticias\/index.php?rest_route=\/wp\/v2\/posts\/22765\/revisions"}],"wp:featuredmedia":[{"embeddable":true,"href":"https:\/\/colegioarquitectos.com\/noticias\/index.php?rest_route=\/wp\/v2\/media\/22766"}],"wp:attachment":[{"href":"https:\/\/colegioarquitectos.com\/noticias\/index.php?rest_route=%2Fwp%2Fv2%2Fmedia&parent=22765"}],"wp:term":[{"taxonomy":"category","embeddable":true,"href":"https:\/\/colegioarquitectos.com\/noticias\/index.php?rest_route=%2Fwp%2Fv2%2Fcategories&post=22765"},{"taxonomy":"post_tag","embeddable":true,"href":"https:\/\/colegioarquitectos.com\/noticias\/index.php?rest_route=%2Fwp%2Fv2%2Ftags&post=22765"}],"curies":[{"name":"wp","href":"https:\/\/api.w.org\/{rel}","templated":true}]}}