
{"id":22771,"date":"2019-01-22T20:02:46","date_gmt":"2019-01-22T20:02:46","guid":{"rendered":"http:\/\/colegioarquitectos.com\/?p=22771"},"modified":"2019-01-22T20:02:46","modified_gmt":"2019-01-22T20:02:46","slug":"minvu-modifica-ordenanza-para-promover-el-aumento-de-los-techos-verdes","status":"publish","type":"post","link":"https:\/\/colegioarquitectos.com\/noticias\/?p=22771","title":{"rendered":"Minvu modifica ordenanza para promover el aumento de los \u201ctechos verdes\u201d"},"content":{"rendered":"<p>El ministro de Vivienda y Urbanismo, <strong>Cristi\u00e1n Monckeberg<\/strong>, dio a conocer la nueva normativa que permitir\u00e1 utilizar la totalidad de las azoteas de los nuevos edificios, <strong>dejando atr\u00e1s el reglamento que s\u00f3lo autorizaba la construcci\u00f3n del 20%<\/strong> de \u00e9stas, perjudicando las \u00e1reas comunes y terrazas.<\/p>\n<p>Monckeberg explic\u00f3 que este decreto, que modifica la <strong>Ordenanza General de Urbanismo y Construcciones (OGUC)<\/strong>, considera que un m\u00e1ximo del 25% de la azotea se destine a construcciones abiertas con cubiertas livianas, como quinchos, y construcciones cerradas, como ba\u00f1os, <strong>y el 75% restante a terrazas, vegetaci\u00f3n, paneles solares, entre otros elementos.<\/strong><\/p>\n<p>Los <strong>\u201ctechos verdes\u201d<\/strong> son com\u00fanmente conocidos como <strong>\u201cla quinta fachada\u201d<\/strong>, por lo que el objetivo de esta modificaci\u00f3n es permitir la utilizaci\u00f3n total de la azotea. El documento explicita que el 25% permite construcciones como p\u00e9rgolas, cajas de ascensores, ba\u00f1os, salas de m\u00e1quinas, entre otras, <strong>mientras que el 75% de superficie restante podr\u00e1 ser destinada a terrazas, piscinas, vegetaci\u00f3n, jardineras y elementos ornamentales<\/strong>.<\/p>\n<p>\u201cEsto va en directo beneficio para esas comunidades de personas que habitan en edificios, <strong>y al mismo tiempo nos permite, en una ciudad tan densa, o en ciudades tan densas como tenemos en Chile, aprovechar de mejor manera el espacio p\u00fablico, y a la vez, de manera sustentable<\/strong>\u201d, coment\u00f3 el ministro.<\/p>\n<p>Este decreto ya est\u00e1 ingresado en Contralor\u00eda General de la Rep\u00fablica y una vez que sea aprobado entrar\u00e1 en vigencia. <strong>Este proceso podr\u00eda tomar alrededor de seis meses.<\/strong><\/p>\n<p>&nbsp;<\/p>\n<p>Fuente: <a href=\"http:\/\/www.minvu.cl\/opensite_det_20190117135733.aspx?glb_cod_portal=20150720125423&amp;glb_cod_zona=20150720132552&amp;glb_cod_contenido=20190117135537\"><strong>Ministerio de Vivienda y Urbanismo<\/strong><\/a><\/p>\n<p><\/p>","protected":false},"excerpt":{"rendered":"<p>El ministro de Vivienda y Urbanismo, Cristi\u00e1n Monckeberg, dio a conocer la nueva normativa que permitir\u00e1 utilizar la totalidad de las azoteas de los nuevos edificios, dejando atr\u00e1s el reglamento que s\u00f3lo autorizaba la construcci\u00f3n del 20% de \u00e9stas, perjudicando &hellip; <a class=\"more-link\" href=\"https:\/\/colegioarquitectos.com\/noticias\/?p=22771\">ver m\u00e1s<\/a><\/p>","protected":false},"author":4,"featured_media":22773,"comment_status":"closed","ping_status":"closed","sticky":false,"template":"","format":"standard","meta":{"footnotes":""},"categories":[3],"tags":[],"class_list":["post-22771","post","type-post","status-publish","format-standard","has-post-thumbnail","hentry","category-noticias"],"yoast_head":"<!-- This site is optimized with the Yoast SEO plugin v24.2 - https:\/\/yoast.com\/wordpress\/plugins\/seo\/ -->\n<title>Minvu modifica ordenanza para promover el aumento de los \u201ctechos verdes\u201d - COLEGIO DE ARQUITECTOS DE CHILE<\/title>\n<meta name=\"robots\" content=\"index, follow, max-snippet:-1, max-image-preview:large, max-video-preview:-1\" \/>\n<link rel=\"canonical\" href=\"https:\/\/colegioarquitectos.com\/noticias\/?p=22771\" \/>\n<meta property=\"og:locale\" content=\"es_ES\" \/>\n<meta property=\"og:type\" content=\"article\" \/>\n<meta property=\"og:title\" content=\"Minvu modifica ordenanza para promover el aumento de los \u201ctechos verdes\u201d - COLEGIO DE ARQUITECTOS DE CHILE\" \/>\n<meta property=\"og:description\" content=\"El ministro de Vivienda y Urbanismo, Cristi\u00e1n Monckeberg, dio a conocer la nueva normativa que permitir\u00e1 utilizar la totalidad de las azoteas de los nuevos edificios, dejando atr\u00e1s el reglamento que s\u00f3lo autorizaba la construcci\u00f3n del 20% de \u00e9stas, perjudicando &hellip; ver m\u00e1s\" \/>\n<meta property=\"og:url\" content=\"https:\/\/colegioarquitectos.com\/noticias\/?p=22771\" \/>\n<meta property=\"og:site_name\" content=\"COLEGIO DE ARQUITECTOS DE CHILE\" \/>\n<meta property=\"article:publisher\" content=\"https:\/\/facebook.com\/Colegioarq\/\" \/>\n<meta property=\"article:published_time\" content=\"2019-01-22T20:02:46+00:00\" \/>\n<meta property=\"og:image\" content=\"https:\/\/colegioarquitectos.com\/noticias\/wp-content\/uploads\/2019\/01\/Techos-verdes-ENCABEZADO.jpg\" \/>\n\t<meta property=\"og:image:width\" content=\"690\" \/>\n\t<meta property=\"og:image:height\" content=\"350\" \/>\n\t<meta property=\"og:image:type\" content=\"image\/jpeg\" \/>\n<meta name=\"author\" content=\"Colegio de Arquitectos de Chile\" \/>\n<meta name=\"twitter:card\" content=\"summary_large_image\" \/>\n<meta name=\"twitter:creator\" content=\"@colegioarq\" \/>\n<meta name=\"twitter:site\" content=\"@colegioarq\" \/>\n<meta name=\"twitter:label1\" content=\"Escrito por\" \/>\n\t<meta name=\"twitter:data1\" content=\"Colegio de Arquitectos de Chile\" \/>\n\t<meta name=\"twitter:label2\" content=\"Tiempo de lectura\" \/>\n\t<meta name=\"twitter:data2\" content=\"1 minuto\" \/>\n<script type=\"application\/ld+json\" class=\"yoast-schema-graph\">{\"@context\":\"https:\/\/schema.org\",\"@graph\":[{\"@type\":\"Article\",\"@id\":\"https:\/\/colegioarquitectos.com\/noticias\/?p=22771#article\",\"isPartOf\":{\"@id\":\"https:\/\/colegioarquitectos.com\/noticias\/?p=22771\"},\"author\":{\"name\":\"Colegio de Arquitectos de Chile\",\"@id\":\"https:\/\/colegioarquitectos.com\/noticias\/#\/schema\/person\/685cc0aad148303c5608f049af8285ad\"},\"headline\":\"Minvu modifica ordenanza para promover el aumento de los \u201ctechos verdes\u201d\",\"datePublished\":\"2019-01-22T20:02:46+00:00\",\"dateModified\":\"2019-01-22T20:02:46+00:00\",\"mainEntityOfPage\":{\"@id\":\"https:\/\/colegioarquitectos.com\/noticias\/?p=22771\"},\"wordCount\":269,\"publisher\":{\"@id\":\"https:\/\/colegioarquitectos.com\/noticias\/#organization\"},\"image\":{\"@id\":\"https:\/\/colegioarquitectos.com\/noticias\/?p=22771#primaryimage\"},\"thumbnailUrl\":\"https:\/\/colegioarquitectos.com\/noticias\/wp-content\/uploads\/2019\/01\/Techos-verdes-ENCABEZADO.jpg\",\"articleSection\":[\"Noticias\"],\"inLanguage\":\"es\"},{\"@type\":\"WebPage\",\"@id\":\"https:\/\/colegioarquitectos.com\/noticias\/?p=22771\",\"url\":\"https:\/\/colegioarquitectos.com\/noticias\/?p=22771\",\"name\":\"Minvu modifica ordenanza para promover el aumento de los \u201ctechos verdes\u201d - COLEGIO DE ARQUITECTOS DE CHILE\",\"isPartOf\":{\"@id\":\"https:\/\/colegioarquitectos.com\/noticias\/#website\"},\"primaryImageOfPage\":{\"@id\":\"https:\/\/colegioarquitectos.com\/noticias\/?p=22771#primaryimage\"},\"image\":{\"@id\":\"https:\/\/colegioarquitectos.com\/noticias\/?p=22771#primaryimage\"},\"thumbnailUrl\":\"https:\/\/colegioarquitectos.com\/noticias\/wp-content\/uploads\/2019\/01\/Techos-verdes-ENCABEZADO.jpg\",\"datePublished\":\"2019-01-22T20:02:46+00:00\",\"dateModified\":\"2019-01-22T20:02:46+00:00\",\"breadcrumb\":{\"@id\":\"https:\/\/colegioarquitectos.com\/noticias\/?p=22771#breadcrumb\"},\"inLanguage\":\"es\",\"potentialAction\":[{\"@type\":\"ReadAction\",\"target\":[\"https:\/\/colegioarquitectos.com\/noticias\/?p=22771\"]}]},{\"@type\":\"ImageObject\",\"inLanguage\":\"es\",\"@id\":\"https:\/\/colegioarquitectos.com\/noticias\/?p=22771#primaryimage\",\"url\":\"https:\/\/colegioarquitectos.com\/noticias\/wp-content\/uploads\/2019\/01\/Techos-verdes-ENCABEZADO.jpg\",\"contentUrl\":\"https:\/\/colegioarquitectos.com\/noticias\/wp-content\/uploads\/2019\/01\/Techos-verdes-ENCABEZADO.jpg\",\"width\":690,\"height\":350},{\"@type\":\"BreadcrumbList\",\"@id\":\"https:\/\/colegioarquitectos.com\/noticias\/?p=22771#breadcrumb\",\"itemListElement\":[{\"@type\":\"ListItem\",\"position\":1,\"name\":\"Portada\",\"item\":\"https:\/\/colegioarquitectos.com\/noticias\"},{\"@type\":\"ListItem\",\"position\":2,\"name\":\"Minvu modifica ordenanza para promover el aumento de los \u201ctechos verdes\u201d\"}]},{\"@type\":\"WebSite\",\"@id\":\"https:\/\/colegioarquitectos.com\/noticias\/#website\",\"url\":\"https:\/\/colegioarquitectos.com\/noticias\/\",\"name\":\"COLEGIO DE ARQUITECTOS DE CHILE\",\"description\":\"\",\"publisher\":{\"@id\":\"https:\/\/colegioarquitectos.com\/noticias\/#organization\"},\"potentialAction\":[{\"@type\":\"SearchAction\",\"target\":{\"@type\":\"EntryPoint\",\"urlTemplate\":\"https:\/\/colegioarquitectos.com\/noticias\/?s={search_term_string}\"},\"query-input\":{\"@type\":\"PropertyValueSpecification\",\"valueRequired\":true,\"valueName\":\"search_term_string\"}}],\"inLanguage\":\"es\"},{\"@type\":\"Organization\",\"@id\":\"https:\/\/colegioarquitectos.com\/noticias\/#organization\",\"name\":\"COLEGIO DE ARQUITECTOS DE CHILE\",\"url\":\"https:\/\/colegioarquitectos.com\/noticias\/\",\"logo\":{\"@type\":\"ImageObject\",\"inLanguage\":\"es\",\"@id\":\"https:\/\/colegioarquitectos.com\/noticias\/#\/schema\/logo\/image\/\",\"url\":\"https:\/\/colegioarquitectos.com\/noticias\/wp-content\/uploads\/2021\/05\/ENCABEZADO-LOGO-CA.jpg\",\"contentUrl\":\"https:\/\/colegioarquitectos.com\/noticias\/wp-content\/uploads\/2021\/05\/ENCABEZADO-LOGO-CA.jpg\",\"width\":690,\"height\":350,\"caption\":\"COLEGIO DE ARQUITECTOS DE CHILE\"},\"image\":{\"@id\":\"https:\/\/colegioarquitectos.com\/noticias\/#\/schema\/logo\/image\/\"},\"sameAs\":[\"https:\/\/facebook.com\/Colegioarq\/\",\"https:\/\/x.com\/colegioarq\",\"https:\/\/instagram.com\/colegioarq\",\"https:\/\/youtube.com\/@ColegiodeArquitectosdeChile\"]},{\"@type\":\"Person\",\"@id\":\"https:\/\/colegioarquitectos.com\/noticias\/#\/schema\/person\/685cc0aad148303c5608f049af8285ad\",\"name\":\"Colegio de Arquitectos de Chile\",\"url\":\"https:\/\/colegioarquitectos.com\/noticias\/?author=4\"}]}<\/script>\n<!-- \/ Yoast SEO plugin. -->","yoast_head_json":{"title":"Minvu modifica ordenanza para promover el aumento de los \u201ctechos verdes\u201d - COLEGIO DE ARQUITECTOS DE CHILE","robots":{"index":"index","follow":"follow","max-snippet":"max-snippet:-1","max-image-preview":"max-image-preview:large","max-video-preview":"max-video-preview:-1"},"canonical":"https:\/\/colegioarquitectos.com\/noticias\/?p=22771","og_locale":"es_ES","og_type":"article","og_title":"Minvu modifica ordenanza para promover el aumento de los \u201ctechos verdes\u201d - COLEGIO DE ARQUITECTOS DE CHILE","og_description":"El ministro de Vivienda y Urbanismo, Cristi\u00e1n Monckeberg, dio a conocer la nueva normativa que permitir\u00e1 utilizar la totalidad de las azoteas de los nuevos edificios, dejando atr\u00e1s el reglamento que s\u00f3lo autorizaba la construcci\u00f3n del 20% de \u00e9stas, perjudicando &hellip; ver m\u00e1s","og_url":"https:\/\/colegioarquitectos.com\/noticias\/?p=22771","og_site_name":"COLEGIO DE ARQUITECTOS DE CHILE","article_publisher":"https:\/\/facebook.com\/Colegioarq\/","article_published_time":"2019-01-22T20:02:46+00:00","og_image":[{"width":690,"height":350,"url":"https:\/\/colegioarquitectos.com\/noticias\/wp-content\/uploads\/2019\/01\/Techos-verdes-ENCABEZADO.jpg","type":"image\/jpeg"}],"author":"Colegio de Arquitectos de Chile","twitter_card":"summary_large_image","twitter_creator":"@colegioarq","twitter_site":"@colegioarq","twitter_misc":{"Escrito por":"Colegio de Arquitectos de Chile","Tiempo de lectura":"1 minuto"},"schema":{"@context":"https:\/\/schema.org","@graph":[{"@type":"Article","@id":"https:\/\/colegioarquitectos.com\/noticias\/?p=22771#article","isPartOf":{"@id":"https:\/\/colegioarquitectos.com\/noticias\/?p=22771"},"author":{"name":"Colegio de Arquitectos de Chile","@id":"https:\/\/colegioarquitectos.com\/noticias\/#\/schema\/person\/685cc0aad148303c5608f049af8285ad"},"headline":"Minvu modifica ordenanza para promover el aumento de los \u201ctechos verdes\u201d","datePublished":"2019-01-22T20:02:46+00:00","dateModified":"2019-01-22T20:02:46+00:00","mainEntityOfPage":{"@id":"https:\/\/colegioarquitectos.com\/noticias\/?p=22771"},"wordCount":269,"publisher":{"@id":"https:\/\/colegioarquitectos.com\/noticias\/#organization"},"image":{"@id":"https:\/\/colegioarquitectos.com\/noticias\/?p=22771#primaryimage"},"thumbnailUrl":"https:\/\/colegioarquitectos.com\/noticias\/wp-content\/uploads\/2019\/01\/Techos-verdes-ENCABEZADO.jpg","articleSection":["Noticias"],"inLanguage":"es"},{"@type":"WebPage","@id":"https:\/\/colegioarquitectos.com\/noticias\/?p=22771","url":"https:\/\/colegioarquitectos.com\/noticias\/?p=22771","name":"Minvu modifica ordenanza para promover el aumento de los \u201ctechos verdes\u201d - COLEGIO DE ARQUITECTOS DE CHILE","isPartOf":{"@id":"https:\/\/colegioarquitectos.com\/noticias\/#website"},"primaryImageOfPage":{"@id":"https:\/\/colegioarquitectos.com\/noticias\/?p=22771#primaryimage"},"image":{"@id":"https:\/\/colegioarquitectos.com\/noticias\/?p=22771#primaryimage"},"thumbnailUrl":"https:\/\/colegioarquitectos.com\/noticias\/wp-content\/uploads\/2019\/01\/Techos-verdes-ENCABEZADO.jpg","datePublished":"2019-01-22T20:02:46+00:00","dateModified":"2019-01-22T20:02:46+00:00","breadcrumb":{"@id":"https:\/\/colegioarquitectos.com\/noticias\/?p=22771#breadcrumb"},"inLanguage":"es","potentialAction":[{"@type":"ReadAction","target":["https:\/\/colegioarquitectos.com\/noticias\/?p=22771"]}]},{"@type":"ImageObject","inLanguage":"es","@id":"https:\/\/colegioarquitectos.com\/noticias\/?p=22771#primaryimage","url":"https:\/\/colegioarquitectos.com\/noticias\/wp-content\/uploads\/2019\/01\/Techos-verdes-ENCABEZADO.jpg","contentUrl":"https:\/\/colegioarquitectos.com\/noticias\/wp-content\/uploads\/2019\/01\/Techos-verdes-ENCABEZADO.jpg","width":690,"height":350},{"@type":"BreadcrumbList","@id":"https:\/\/colegioarquitectos.com\/noticias\/?p=22771#breadcrumb","itemListElement":[{"@type":"ListItem","position":1,"name":"Portada","item":"https:\/\/colegioarquitectos.com\/noticias"},{"@type":"ListItem","position":2,"name":"Minvu modifica ordenanza para promover el aumento de los \u201ctechos verdes\u201d"}]},{"@type":"WebSite","@id":"https:\/\/colegioarquitectos.com\/noticias\/#website","url":"https:\/\/colegioarquitectos.com\/noticias\/","name":"COLEGIO DE ARQUITECTOS DE CHILE","description":"","publisher":{"@id":"https:\/\/colegioarquitectos.com\/noticias\/#organization"},"potentialAction":[{"@type":"SearchAction","target":{"@type":"EntryPoint","urlTemplate":"https:\/\/colegioarquitectos.com\/noticias\/?s={search_term_string}"},"query-input":{"@type":"PropertyValueSpecification","valueRequired":true,"valueName":"search_term_string"}}],"inLanguage":"es"},{"@type":"Organization","@id":"https:\/\/colegioarquitectos.com\/noticias\/#organization","name":"COLEGIO DE ARQUITECTOS DE CHILE","url":"https:\/\/colegioarquitectos.com\/noticias\/","logo":{"@type":"ImageObject","inLanguage":"es","@id":"https:\/\/colegioarquitectos.com\/noticias\/#\/schema\/logo\/image\/","url":"https:\/\/colegioarquitectos.com\/noticias\/wp-content\/uploads\/2021\/05\/ENCABEZADO-LOGO-CA.jpg","contentUrl":"https:\/\/colegioarquitectos.com\/noticias\/wp-content\/uploads\/2021\/05\/ENCABEZADO-LOGO-CA.jpg","width":690,"height":350,"caption":"COLEGIO DE ARQUITECTOS DE CHILE"},"image":{"@id":"https:\/\/colegioarquitectos.com\/noticias\/#\/schema\/logo\/image\/"},"sameAs":["https:\/\/facebook.com\/Colegioarq\/","https:\/\/x.com\/colegioarq","https:\/\/instagram.com\/colegioarq","https:\/\/youtube.com\/@ColegiodeArquitectosdeChile"]},{"@type":"Person","@id":"https:\/\/colegioarquitectos.com\/noticias\/#\/schema\/person\/685cc0aad148303c5608f049af8285ad","name":"Colegio de Arquitectos de Chile","url":"https:\/\/colegioarquitectos.com\/noticias\/?author=4"}]}},"_links":{"self":[{"href":"https:\/\/colegioarquitectos.com\/noticias\/index.php?rest_route=\/wp\/v2\/posts\/22771","targetHints":{"allow":["GET"]}}],"collection":[{"href":"https:\/\/colegioarquitectos.com\/noticias\/index.php?rest_route=\/wp\/v2\/posts"}],"about":[{"href":"https:\/\/colegioarquitectos.com\/noticias\/index.php?rest_route=\/wp\/v2\/types\/post"}],"author":[{"embeddable":true,"href":"https:\/\/colegioarquitectos.com\/noticias\/index.php?rest_route=\/wp\/v2\/users\/4"}],"replies":[{"embeddable":true,"href":"https:\/\/colegioarquitectos.com\/noticias\/index.php?rest_route=%2Fwp%2Fv2%2Fcomments&post=22771"}],"version-history":[{"count":0,"href":"https:\/\/colegioarquitectos.com\/noticias\/index.php?rest_route=\/wp\/v2\/posts\/22771\/revisions"}],"wp:featuredmedia":[{"embeddable":true,"href":"https:\/\/colegioarquitectos.com\/noticias\/index.php?rest_route=\/wp\/v2\/media\/22773"}],"wp:attachment":[{"href":"https:\/\/colegioarquitectos.com\/noticias\/index.php?rest_route=%2Fwp%2Fv2%2Fmedia&parent=22771"}],"wp:term":[{"taxonomy":"category","embeddable":true,"href":"https:\/\/colegioarquitectos.com\/noticias\/index.php?rest_route=%2Fwp%2Fv2%2Fcategories&post=22771"},{"taxonomy":"post_tag","embeddable":true,"href":"https:\/\/colegioarquitectos.com\/noticias\/index.php?rest_route=%2Fwp%2Fv2%2Ftags&post=22771"}],"curies":[{"name":"wp","href":"https:\/\/api.w.org\/{rel}","templated":true}]}}