
{"id":22789,"date":"2019-01-24T19:07:33","date_gmt":"2019-01-24T19:07:33","guid":{"rendered":"http:\/\/colegioarquitectos.com\/?p=22789"},"modified":"2019-01-24T19:07:33","modified_gmt":"2019-01-24T19:07:33","slug":"la-confusion-de-los-roles-profesionales-en-la-arquitectura","status":"publish","type":"post","link":"https:\/\/colegioarquitectos.com\/noticias\/?p=22789","title":{"rendered":"La confusi\u00f3n de los roles profesionales en la arquitectura"},"content":{"rendered":"<p>El <strong>Comit\u00e9 de Arquitectura Deportiva y del Paisaje<\/strong> del <strong>Colegio de Arquitectos de Chile<\/strong>,\u00a0presidido por\u00a0<strong>Paulina Andr\u00e9s Alarc\u00f3n<\/strong>, recomienda leer la columna de opini\u00f3n del arquitecto argentino <strong>Agust\u00edn Garc\u00eda Puga<\/strong> \u00abLa confusi\u00f3n de los roles profesionales en la arquitectura\u00bb, publicada en la revista \u00abGu\u00eda de la Construcci\u00f3n\u00bb.<\/p>\n<p>&nbsp;<\/p>\n<h2>La confusi\u00f3n de los roles profesionales en la arquitectura<\/h2>\n<p>La confusi\u00f3n de roles en nuestra sociedad parece ser una constante en estos tiempos. Podemos ver personas que trabajan y ocupan lugares sin tener la preparaci\u00f3n y conocimientos adecuados para las tareas que desempe\u00f1an. Un claro ejemplo es el de las estrellas del espect\u00e1culo o figuras medi\u00e1ticas que ocupan cargos p\u00fablicos e ingresan en el mundo de la pol\u00edtica. En lo que se refiere a la construcci\u00f3n, cualquier individuo, sin importar su profesi\u00f3n o nivel socioecon\u00f3mico, construye y \u201cdirige\u201d obras, o las delega en alba\u00f1iles autocalificados como \u201cresponsables y serios\u201d, sin contratar profesionales y empresas que garanticen la idoneidad y calidad de un trabajo acorde a las normativas de los c\u00f3digos y a las reglas del arte.<\/p>\n<p>La situaci\u00f3n afecta a la mayor\u00eda de los profesionales y empresas, que cada d\u00eda tienen m\u00e1s dificultades para afrontar los costos fijos e impuestos de su infraestructura de trabajo, y que ven minadas sus posibilidades laborales por quienes recurren a pr\u00e1cticas no establecidas ni contempladas en la ley.<\/p>\n<p>Hacen falta extensas campa\u00f1as de educaci\u00f3n y publicidad -hasta hoy poco visibles- que reviertan nuestra falta de inserci\u00f3n e imagen en la sociedad por parte de las entidades de nuestra actividad.<\/p>\n<p>Es curioso observar c\u00f3mo la arquitectura no genera en quienes hacen una consulta o encargan alg\u00fan proyecto, la obligaci\u00f3n de pagar honorarios al profesional. Es muy diferente cuando se recurre a los servicios de abogados, m\u00e9dicos, psic\u00f3logos, escribanos, consultores, etc., que cobran la consulta antes de iniciar su trabajo. Es evidente que hay un problema de base que genera esta dificultad en los arquitectos para defender los honorarios que les corresponden. La universidad no contribuye en su proceso de formaci\u00f3n acad\u00e9mica a ense\u00f1ar y estimular cuestiones vinculadas a las gestiones econ\u00f3micas.<\/p>\n<p>La realidad indica que la gente no tiene real conocimiento de cu\u00e1les son las pautas que deben tenerse en cuenta para iniciar una construcci\u00f3n, cu\u00e1les son los riesgos asumidos, qu\u00e9 tipo de tarea debe desarrollar un profesional, por qu\u00e9 es necesario y qu\u00e9 exigirle.<\/p>\n<p>El estado municipal tiene tambi\u00e9n una gran responsabilidad en las formas del ejercicio profesional de los arquitectos a trav\u00e9s de las regulaciones normativas que impone con el c\u00f3digo de edificaci\u00f3n. La creaci\u00f3n de figuras nuevas como roles profesionales en la propuesta del nuevo c\u00f3digo de edificaci\u00f3n, ya en su etapa final de aprobaci\u00f3n, configura errores conceptuales y de \u00edndole legal notables ya que estas figuras no se comparecen con lo prescripto en el nuevo c\u00f3digo civil y comercial aprobado hace muy pocos a\u00f1os.<\/p>\n<p>El \u201cRevisor de Proyecto\u201d, \u201cEl Gerenciador\u201d y el \u201cDirector General de Proyecto\u201d son figuras inventadas que no guardan correlato con las leyes del c\u00f3digo civil y comercial, lo cual genera una confusi\u00f3n que no ayuda a los arquitectos ante una instancia judicial, contribuyendo a obtener una menor retribuci\u00f3n por su tarea pero no una menor carga de responsabilidad legal cuando hay alg\u00fan problema a dirimir en la justicia por una construcci\u00f3n que presente alguna circunstancia litigiosa.<\/p>\n<p>Otra de las situaciones habituales que genera muchos conflictos es la de un arquitecto\u00a0 contratado por un comitente que solamente quiere los servicios del mismo hasta obtener el plano registrado por la municipalidad para iniciar la construcci\u00f3n, quedando la ejecuci\u00f3n de la misma en manos de otras personas no profesionales y por sobre todo, no responsables, ya que ante la ley las responsabilidades civiles y penales siguen estando en manos del profesional firmante de los planos y encomiendas. T\u00e9cnicamente y legalmente esto es tipificado como \u00a8prestaci\u00f3n de firma\u00a8, es una falta de \u00e9tica clara, que por sobre todas las cosas las responsabilidades asumidas por el profesional firmante de ninguna manera pueden ser soslayadas ni delegadas en terceras personas. Muchos trabajan bajo esta modalidad y no conocen cabalmente los riesgos que se asumen ni como llevar adelante la relaci\u00f3n profesional\/comitente.<\/p>\n<p>En general tambi\u00e9n se reciben en el CPAU muchas denuncias de \u00e9tica por parte de los comitentes (son analizadas y no todas prosperan) en contra de la actuaci\u00f3n profesional de los arquitectos. Estas denuncias nunca est\u00e1n relacionadas con cuestiones de dise\u00f1o, sino que las mismas principalmente se vinculan con problemas en la ejecuci\u00f3n de la construcci\u00f3n, incumplimiento de contrato, obras mal presupuestadas, falta de presentaci\u00f3n de planos de permiso y consiguiente clausura, abandono de tareas profesionales (tramites de habilitaciones comerciales en su mayor\u00eda), por mencionar los conflictos m\u00e1s usuales y relevantes.<\/p>\n<p>El Consejo Profesional de Arquitectura y Urbanismo de la ciudad de Bs. As tiene actualmente cerca de 11.000 matriculados activos y en el pa\u00eds hay cerca de 50.000 matriculados activos en total con una problem\u00e1tica muy similar a la descripta precedentemente en general, por lo que en un contexto econ\u00f3mico complicado como el actual y el avance de pr\u00e1cticas profesionales que suelen ser muy perjudiciales para el colectivo de profesionales de la arquitectura, es imprescindible que las entidades representativas de los arquitectos como FADEA, la SCA, CPAU y los Colegios de Arquitectos de todo el pa\u00eds trabajen en conjunto para establecer y reestablecer el arancel de orden p\u00fablico obligatorio en aquellas jurisdicciones que no est\u00e9 vigente, incorporar las nuevas pr\u00e1cticas profesionales no contempladas (en general diferentes tipos de gestiones administrativas), un honorario m\u00ednimo para los concursos p\u00fablicos y privados, capacitar y otorgar becas en aquellas cuestiones t\u00e9cnicas del ejercicio profesional que representan mayores dificultades y generar a trav\u00e9s de campa\u00f1as publicitarias la necesidad de contratar y consultar arquitectos a la hora de querer construir, ampliar o refaccionar inmuebles. En estos momentos es fundamental que las instituciones redoblen sus esfuerzos para colaborar con sus socios y matriculados y establecer v\u00ednculos mucho m\u00e1s s\u00f3lidos con los mismos.<\/p>\n<p><\/p>","protected":false},"excerpt":{"rendered":"<p>El Comit\u00e9 de Arquitectura Deportiva y del Paisaje del Colegio de Arquitectos de Chile,\u00a0presidido por\u00a0Paulina Andr\u00e9s Alarc\u00f3n, recomienda leer la columna de opini\u00f3n del arquitecto argentino Agust\u00edn Garc\u00eda Puga \u00abLa confusi\u00f3n de los roles profesionales en la arquitectura\u00bb, publicada en &hellip; <a class=\"more-link\" href=\"https:\/\/colegioarquitectos.com\/noticias\/?p=22789\">ver m\u00e1s<\/a><\/p>","protected":false},"author":4,"featured_media":22791,"comment_status":"closed","ping_status":"closed","sticky":false,"template":"","format":"standard","meta":{"footnotes":""},"categories":[3],"tags":[],"class_list":["post-22789","post","type-post","status-publish","format-standard","has-post-thumbnail","hentry","category-noticias"],"yoast_head":"<!-- This site is optimized with the Yoast SEO plugin v24.2 - https:\/\/yoast.com\/wordpress\/plugins\/seo\/ -->\n<title>La confusi\u00f3n de los roles profesionales en la arquitectura - COLEGIO DE ARQUITECTOS DE CHILE<\/title>\n<meta name=\"robots\" content=\"index, follow, max-snippet:-1, max-image-preview:large, max-video-preview:-1\" \/>\n<link rel=\"canonical\" href=\"https:\/\/colegioarquitectos.com\/noticias\/?p=22789\" \/>\n<meta property=\"og:locale\" content=\"es_ES\" \/>\n<meta property=\"og:type\" content=\"article\" \/>\n<meta property=\"og:title\" content=\"La confusi\u00f3n de los roles profesionales en la arquitectura - COLEGIO DE ARQUITECTOS DE CHILE\" \/>\n<meta property=\"og:description\" content=\"El Comit\u00e9 de Arquitectura Deportiva y del Paisaje del Colegio de Arquitectos de Chile,\u00a0presidido por\u00a0Paulina Andr\u00e9s Alarc\u00f3n, recomienda leer la columna de opini\u00f3n del arquitecto argentino Agust\u00edn Garc\u00eda Puga \u00abLa confusi\u00f3n de los roles profesionales en la arquitectura\u00bb, publicada en &hellip; ver m\u00e1s\" \/>\n<meta property=\"og:url\" content=\"https:\/\/colegioarquitectos.com\/noticias\/?p=22789\" \/>\n<meta property=\"og:site_name\" content=\"COLEGIO DE ARQUITECTOS DE CHILE\" \/>\n<meta property=\"article:publisher\" content=\"https:\/\/facebook.com\/Colegioarq\/\" \/>\n<meta property=\"article:published_time\" content=\"2019-01-24T19:07:33+00:00\" \/>\n<meta property=\"og:image\" content=\"https:\/\/colegioarquitectos.com\/noticias\/wp-content\/uploads\/2019\/01\/ENCABEZADO-revista-arg.jpg\" \/>\n\t<meta property=\"og:image:width\" content=\"690\" \/>\n\t<meta property=\"og:image:height\" content=\"350\" \/>\n\t<meta property=\"og:image:type\" content=\"image\/jpeg\" \/>\n<meta name=\"author\" content=\"Colegio de Arquitectos de Chile\" \/>\n<meta name=\"twitter:card\" content=\"summary_large_image\" \/>\n<meta name=\"twitter:creator\" content=\"@colegioarq\" \/>\n<meta name=\"twitter:site\" content=\"@colegioarq\" \/>\n<meta name=\"twitter:label1\" content=\"Escrito por\" \/>\n\t<meta name=\"twitter:data1\" content=\"Colegio de Arquitectos de Chile\" \/>\n\t<meta name=\"twitter:label2\" content=\"Tiempo de lectura\" \/>\n\t<meta name=\"twitter:data2\" content=\"5 minutos\" \/>\n<script type=\"application\/ld+json\" class=\"yoast-schema-graph\">{\"@context\":\"https:\/\/schema.org\",\"@graph\":[{\"@type\":\"Article\",\"@id\":\"https:\/\/colegioarquitectos.com\/noticias\/?p=22789#article\",\"isPartOf\":{\"@id\":\"https:\/\/colegioarquitectos.com\/noticias\/?p=22789\"},\"author\":{\"name\":\"Colegio de Arquitectos de Chile\",\"@id\":\"https:\/\/colegioarquitectos.com\/noticias\/#\/schema\/person\/685cc0aad148303c5608f049af8285ad\"},\"headline\":\"La confusi\u00f3n de los roles profesionales en la arquitectura\",\"datePublished\":\"2019-01-24T19:07:33+00:00\",\"dateModified\":\"2019-01-24T19:07:33+00:00\",\"mainEntityOfPage\":{\"@id\":\"https:\/\/colegioarquitectos.com\/noticias\/?p=22789\"},\"wordCount\":1077,\"publisher\":{\"@id\":\"https:\/\/colegioarquitectos.com\/noticias\/#organization\"},\"image\":{\"@id\":\"https:\/\/colegioarquitectos.com\/noticias\/?p=22789#primaryimage\"},\"thumbnailUrl\":\"https:\/\/colegioarquitectos.com\/noticias\/wp-content\/uploads\/2019\/01\/ENCABEZADO-revista-arg.jpg\",\"articleSection\":[\"Noticias\"],\"inLanguage\":\"es\"},{\"@type\":\"WebPage\",\"@id\":\"https:\/\/colegioarquitectos.com\/noticias\/?p=22789\",\"url\":\"https:\/\/colegioarquitectos.com\/noticias\/?p=22789\",\"name\":\"La confusi\u00f3n de los roles profesionales en la arquitectura - COLEGIO DE ARQUITECTOS DE CHILE\",\"isPartOf\":{\"@id\":\"https:\/\/colegioarquitectos.com\/noticias\/#website\"},\"primaryImageOfPage\":{\"@id\":\"https:\/\/colegioarquitectos.com\/noticias\/?p=22789#primaryimage\"},\"image\":{\"@id\":\"https:\/\/colegioarquitectos.com\/noticias\/?p=22789#primaryimage\"},\"thumbnailUrl\":\"https:\/\/colegioarquitectos.com\/noticias\/wp-content\/uploads\/2019\/01\/ENCABEZADO-revista-arg.jpg\",\"datePublished\":\"2019-01-24T19:07:33+00:00\",\"dateModified\":\"2019-01-24T19:07:33+00:00\",\"breadcrumb\":{\"@id\":\"https:\/\/colegioarquitectos.com\/noticias\/?p=22789#breadcrumb\"},\"inLanguage\":\"es\",\"potentialAction\":[{\"@type\":\"ReadAction\",\"target\":[\"https:\/\/colegioarquitectos.com\/noticias\/?p=22789\"]}]},{\"@type\":\"ImageObject\",\"inLanguage\":\"es\",\"@id\":\"https:\/\/colegioarquitectos.com\/noticias\/?p=22789#primaryimage\",\"url\":\"https:\/\/colegioarquitectos.com\/noticias\/wp-content\/uploads\/2019\/01\/ENCABEZADO-revista-arg.jpg\",\"contentUrl\":\"https:\/\/colegioarquitectos.com\/noticias\/wp-content\/uploads\/2019\/01\/ENCABEZADO-revista-arg.jpg\",\"width\":690,\"height\":350},{\"@type\":\"BreadcrumbList\",\"@id\":\"https:\/\/colegioarquitectos.com\/noticias\/?p=22789#breadcrumb\",\"itemListElement\":[{\"@type\":\"ListItem\",\"position\":1,\"name\":\"Portada\",\"item\":\"https:\/\/colegioarquitectos.com\/noticias\"},{\"@type\":\"ListItem\",\"position\":2,\"name\":\"La confusi\u00f3n de los roles profesionales en la arquitectura\"}]},{\"@type\":\"WebSite\",\"@id\":\"https:\/\/colegioarquitectos.com\/noticias\/#website\",\"url\":\"https:\/\/colegioarquitectos.com\/noticias\/\",\"name\":\"COLEGIO DE ARQUITECTOS DE CHILE\",\"description\":\"\",\"publisher\":{\"@id\":\"https:\/\/colegioarquitectos.com\/noticias\/#organization\"},\"potentialAction\":[{\"@type\":\"SearchAction\",\"target\":{\"@type\":\"EntryPoint\",\"urlTemplate\":\"https:\/\/colegioarquitectos.com\/noticias\/?s={search_term_string}\"},\"query-input\":{\"@type\":\"PropertyValueSpecification\",\"valueRequired\":true,\"valueName\":\"search_term_string\"}}],\"inLanguage\":\"es\"},{\"@type\":\"Organization\",\"@id\":\"https:\/\/colegioarquitectos.com\/noticias\/#organization\",\"name\":\"COLEGIO DE ARQUITECTOS DE CHILE\",\"url\":\"https:\/\/colegioarquitectos.com\/noticias\/\",\"logo\":{\"@type\":\"ImageObject\",\"inLanguage\":\"es\",\"@id\":\"https:\/\/colegioarquitectos.com\/noticias\/#\/schema\/logo\/image\/\",\"url\":\"https:\/\/colegioarquitectos.com\/noticias\/wp-content\/uploads\/2021\/05\/ENCABEZADO-LOGO-CA.jpg\",\"contentUrl\":\"https:\/\/colegioarquitectos.com\/noticias\/wp-content\/uploads\/2021\/05\/ENCABEZADO-LOGO-CA.jpg\",\"width\":690,\"height\":350,\"caption\":\"COLEGIO DE ARQUITECTOS DE CHILE\"},\"image\":{\"@id\":\"https:\/\/colegioarquitectos.com\/noticias\/#\/schema\/logo\/image\/\"},\"sameAs\":[\"https:\/\/facebook.com\/Colegioarq\/\",\"https:\/\/x.com\/colegioarq\",\"https:\/\/instagram.com\/colegioarq\",\"https:\/\/youtube.com\/@ColegiodeArquitectosdeChile\"]},{\"@type\":\"Person\",\"@id\":\"https:\/\/colegioarquitectos.com\/noticias\/#\/schema\/person\/685cc0aad148303c5608f049af8285ad\",\"name\":\"Colegio de Arquitectos de Chile\",\"url\":\"https:\/\/colegioarquitectos.com\/noticias\/?author=4\"}]}<\/script>\n<!-- \/ Yoast SEO plugin. -->","yoast_head_json":{"title":"La confusi\u00f3n de los roles profesionales en la arquitectura - COLEGIO DE ARQUITECTOS DE CHILE","robots":{"index":"index","follow":"follow","max-snippet":"max-snippet:-1","max-image-preview":"max-image-preview:large","max-video-preview":"max-video-preview:-1"},"canonical":"https:\/\/colegioarquitectos.com\/noticias\/?p=22789","og_locale":"es_ES","og_type":"article","og_title":"La confusi\u00f3n de los roles profesionales en la arquitectura - COLEGIO DE ARQUITECTOS DE CHILE","og_description":"El Comit\u00e9 de Arquitectura Deportiva y del Paisaje del Colegio de Arquitectos de Chile,\u00a0presidido por\u00a0Paulina Andr\u00e9s Alarc\u00f3n, recomienda leer la columna de opini\u00f3n del arquitecto argentino Agust\u00edn Garc\u00eda Puga \u00abLa confusi\u00f3n de los roles profesionales en la arquitectura\u00bb, publicada en &hellip; ver m\u00e1s","og_url":"https:\/\/colegioarquitectos.com\/noticias\/?p=22789","og_site_name":"COLEGIO DE ARQUITECTOS DE CHILE","article_publisher":"https:\/\/facebook.com\/Colegioarq\/","article_published_time":"2019-01-24T19:07:33+00:00","og_image":[{"width":690,"height":350,"url":"https:\/\/colegioarquitectos.com\/noticias\/wp-content\/uploads\/2019\/01\/ENCABEZADO-revista-arg.jpg","type":"image\/jpeg"}],"author":"Colegio de Arquitectos de Chile","twitter_card":"summary_large_image","twitter_creator":"@colegioarq","twitter_site":"@colegioarq","twitter_misc":{"Escrito por":"Colegio de Arquitectos de Chile","Tiempo de lectura":"5 minutos"},"schema":{"@context":"https:\/\/schema.org","@graph":[{"@type":"Article","@id":"https:\/\/colegioarquitectos.com\/noticias\/?p=22789#article","isPartOf":{"@id":"https:\/\/colegioarquitectos.com\/noticias\/?p=22789"},"author":{"name":"Colegio de Arquitectos de Chile","@id":"https:\/\/colegioarquitectos.com\/noticias\/#\/schema\/person\/685cc0aad148303c5608f049af8285ad"},"headline":"La confusi\u00f3n de los roles profesionales en la arquitectura","datePublished":"2019-01-24T19:07:33+00:00","dateModified":"2019-01-24T19:07:33+00:00","mainEntityOfPage":{"@id":"https:\/\/colegioarquitectos.com\/noticias\/?p=22789"},"wordCount":1077,"publisher":{"@id":"https:\/\/colegioarquitectos.com\/noticias\/#organization"},"image":{"@id":"https:\/\/colegioarquitectos.com\/noticias\/?p=22789#primaryimage"},"thumbnailUrl":"https:\/\/colegioarquitectos.com\/noticias\/wp-content\/uploads\/2019\/01\/ENCABEZADO-revista-arg.jpg","articleSection":["Noticias"],"inLanguage":"es"},{"@type":"WebPage","@id":"https:\/\/colegioarquitectos.com\/noticias\/?p=22789","url":"https:\/\/colegioarquitectos.com\/noticias\/?p=22789","name":"La confusi\u00f3n de los roles profesionales en la arquitectura - COLEGIO DE ARQUITECTOS DE CHILE","isPartOf":{"@id":"https:\/\/colegioarquitectos.com\/noticias\/#website"},"primaryImageOfPage":{"@id":"https:\/\/colegioarquitectos.com\/noticias\/?p=22789#primaryimage"},"image":{"@id":"https:\/\/colegioarquitectos.com\/noticias\/?p=22789#primaryimage"},"thumbnailUrl":"https:\/\/colegioarquitectos.com\/noticias\/wp-content\/uploads\/2019\/01\/ENCABEZADO-revista-arg.jpg","datePublished":"2019-01-24T19:07:33+00:00","dateModified":"2019-01-24T19:07:33+00:00","breadcrumb":{"@id":"https:\/\/colegioarquitectos.com\/noticias\/?p=22789#breadcrumb"},"inLanguage":"es","potentialAction":[{"@type":"ReadAction","target":["https:\/\/colegioarquitectos.com\/noticias\/?p=22789"]}]},{"@type":"ImageObject","inLanguage":"es","@id":"https:\/\/colegioarquitectos.com\/noticias\/?p=22789#primaryimage","url":"https:\/\/colegioarquitectos.com\/noticias\/wp-content\/uploads\/2019\/01\/ENCABEZADO-revista-arg.jpg","contentUrl":"https:\/\/colegioarquitectos.com\/noticias\/wp-content\/uploads\/2019\/01\/ENCABEZADO-revista-arg.jpg","width":690,"height":350},{"@type":"BreadcrumbList","@id":"https:\/\/colegioarquitectos.com\/noticias\/?p=22789#breadcrumb","itemListElement":[{"@type":"ListItem","position":1,"name":"Portada","item":"https:\/\/colegioarquitectos.com\/noticias"},{"@type":"ListItem","position":2,"name":"La confusi\u00f3n de los roles profesionales en la arquitectura"}]},{"@type":"WebSite","@id":"https:\/\/colegioarquitectos.com\/noticias\/#website","url":"https:\/\/colegioarquitectos.com\/noticias\/","name":"COLEGIO DE ARQUITECTOS DE CHILE","description":"","publisher":{"@id":"https:\/\/colegioarquitectos.com\/noticias\/#organization"},"potentialAction":[{"@type":"SearchAction","target":{"@type":"EntryPoint","urlTemplate":"https:\/\/colegioarquitectos.com\/noticias\/?s={search_term_string}"},"query-input":{"@type":"PropertyValueSpecification","valueRequired":true,"valueName":"search_term_string"}}],"inLanguage":"es"},{"@type":"Organization","@id":"https:\/\/colegioarquitectos.com\/noticias\/#organization","name":"COLEGIO DE ARQUITECTOS DE CHILE","url":"https:\/\/colegioarquitectos.com\/noticias\/","logo":{"@type":"ImageObject","inLanguage":"es","@id":"https:\/\/colegioarquitectos.com\/noticias\/#\/schema\/logo\/image\/","url":"https:\/\/colegioarquitectos.com\/noticias\/wp-content\/uploads\/2021\/05\/ENCABEZADO-LOGO-CA.jpg","contentUrl":"https:\/\/colegioarquitectos.com\/noticias\/wp-content\/uploads\/2021\/05\/ENCABEZADO-LOGO-CA.jpg","width":690,"height":350,"caption":"COLEGIO DE ARQUITECTOS DE CHILE"},"image":{"@id":"https:\/\/colegioarquitectos.com\/noticias\/#\/schema\/logo\/image\/"},"sameAs":["https:\/\/facebook.com\/Colegioarq\/","https:\/\/x.com\/colegioarq","https:\/\/instagram.com\/colegioarq","https:\/\/youtube.com\/@ColegiodeArquitectosdeChile"]},{"@type":"Person","@id":"https:\/\/colegioarquitectos.com\/noticias\/#\/schema\/person\/685cc0aad148303c5608f049af8285ad","name":"Colegio de Arquitectos de Chile","url":"https:\/\/colegioarquitectos.com\/noticias\/?author=4"}]}},"_links":{"self":[{"href":"https:\/\/colegioarquitectos.com\/noticias\/index.php?rest_route=\/wp\/v2\/posts\/22789","targetHints":{"allow":["GET"]}}],"collection":[{"href":"https:\/\/colegioarquitectos.com\/noticias\/index.php?rest_route=\/wp\/v2\/posts"}],"about":[{"href":"https:\/\/colegioarquitectos.com\/noticias\/index.php?rest_route=\/wp\/v2\/types\/post"}],"author":[{"embeddable":true,"href":"https:\/\/colegioarquitectos.com\/noticias\/index.php?rest_route=\/wp\/v2\/users\/4"}],"replies":[{"embeddable":true,"href":"https:\/\/colegioarquitectos.com\/noticias\/index.php?rest_route=%2Fwp%2Fv2%2Fcomments&post=22789"}],"version-history":[{"count":0,"href":"https:\/\/colegioarquitectos.com\/noticias\/index.php?rest_route=\/wp\/v2\/posts\/22789\/revisions"}],"wp:featuredmedia":[{"embeddable":true,"href":"https:\/\/colegioarquitectos.com\/noticias\/index.php?rest_route=\/wp\/v2\/media\/22791"}],"wp:attachment":[{"href":"https:\/\/colegioarquitectos.com\/noticias\/index.php?rest_route=%2Fwp%2Fv2%2Fmedia&parent=22789"}],"wp:term":[{"taxonomy":"category","embeddable":true,"href":"https:\/\/colegioarquitectos.com\/noticias\/index.php?rest_route=%2Fwp%2Fv2%2Fcategories&post=22789"},{"taxonomy":"post_tag","embeddable":true,"href":"https:\/\/colegioarquitectos.com\/noticias\/index.php?rest_route=%2Fwp%2Fv2%2Ftags&post=22789"}],"curies":[{"name":"wp","href":"https:\/\/api.w.org\/{rel}","templated":true}]}}