
{"id":22922,"date":"2019-02-01T16:33:27","date_gmt":"2019-02-01T16:33:27","guid":{"rendered":"http:\/\/colegioarquitectos.com\/?p=22922"},"modified":"2019-02-01T16:33:27","modified_gmt":"2019-02-01T16:33:27","slug":"inscribete-en-el-master-integrado-en-diseno-arquitectonico-de-la-usach","status":"publish","type":"post","link":"https:\/\/colegioarquitectos.com\/noticias\/?p=22922","title":{"rendered":"Inscr\u00edbete en el M\u00e1ster Integrado en Dise\u00f1o Arquitect\u00f3nico de la USACH"},"content":{"rendered":"<p>El <strong>M\u00e1ster Integrado en Dise\u00f1o Arquitect\u00f3nico<\/strong> de la <strong>Universidad de Santiago<\/strong> es un programa de formaci\u00f3n acad\u00e9mica de postgrado cuyo objetivo es formar profesionales de excelencia en el \u00e1mbito del dise\u00f1o arquitect\u00f3nico y urbano, con \u00e9nfasis en\u00a0 la innovaci\u00f3n y el emprendimiento.<\/p>\n<p>Acreditado por 3 a\u00f1os desde diciembre de 2016, el programa orienta su labor investigativa hacia un enfoque interdisciplinario para contribuir al avance del conocimiento aplicado en el campo de la Arquitectura.<\/p>\n<p>Este M\u00e1ster pretende llenar un vac\u00edo existente frente a las progresivas exigencias y complejidades del dise\u00f1o actual, el que debe integrar nuevas tecnolog\u00edas, materiales de construcci\u00f3n, formas de h\u00e1bitat, entornos territoriales y los crecientes desaf\u00edos que imponen la sostenibilidad y la eficiencia energ\u00e9tica, a trav\u00e9s de nuevas pautas e instrumentos de dise\u00f1o, considerando un aprendizaje basado en problemas concretos.<\/p>\n<p>&nbsp;<\/p>\n<p><strong>PERFIL DE EGRESO<\/strong><\/p>\n<p>El Master Integrado en Dise\u00f1o Arquitect\u00f3nico est\u00e1 orientado a formar profesionales altamente capacitados para explorar nuevos campos a partir del emprendimiento, asumiendo la direcci\u00f3n de proyectos en nuevos nichos de intervenci\u00f3n con una mirada innovadora para posicionarse en el cruce entre el ejercicio profesional y la investigaci\u00f3n aplicada.<\/p>\n<p>&nbsp;<\/p>\n<p><strong>PERIODO DE POSTULACIONES<\/strong><\/p>\n<p>Las postulaciones al Master Integrado en Dise\u00f1o Arquitect\u00f3nico estar\u00e1n abiertas hasta el viernes 8 de marzo de 2019.<\/p>\n<p>&nbsp;<\/p>\n<p><strong>BENEFICIO COLEGIO DE ARQUITECTOS<\/strong><\/p>\n<p>Los Colegiados y Colegiadas del Colegio de Arquitectos de Chile podr\u00e1n acceder a un descuento del 10% del arancel semestral.<\/p>\n<p>&nbsp;<\/p>\n<p><strong>+ INFORMACIONES<\/strong><\/p>\n<p>Contacto: Escuela de Arquitectura Universidad de Santiago de Chile<\/p>\n<p>Direcci\u00f3n: Av. Libertador Bernardo O\u00b4Higgins 3677, Estaci\u00f3n Central, Santiago<\/p>\n<p>Tel\u00e9fonos: +56.2.27184325 +56.2.27184303<\/p>\n<p>Consultas: <a href=\"mailto:mida@usach.cl\">mida@usach.cl<\/a><\/p>\n<p>P\u00e1gina web: <a href=\"http:\/\/www.mastermida.usach.cl\">www.mastermida.usach.cl<\/a><\/p>\n<p>&nbsp;<\/p>\n<p>&nbsp;<\/p>\n<p><\/p>","protected":false},"excerpt":{"rendered":"<p>El M\u00e1ster Integrado en Dise\u00f1o Arquitect\u00f3nico de la Universidad de Santiago es un programa de formaci\u00f3n acad\u00e9mica de postgrado cuyo objetivo es formar profesionales de excelencia en el \u00e1mbito del dise\u00f1o arquitect\u00f3nico y urbano, con \u00e9nfasis en\u00a0 la innovaci\u00f3n y &hellip; <a class=\"more-link\" href=\"https:\/\/colegioarquitectos.com\/noticias\/?p=22922\">ver m\u00e1s<\/a><\/p>","protected":false},"author":4,"featured_media":22923,"comment_status":"closed","ping_status":"closed","sticky":false,"template":"","format":"standard","meta":{"footnotes":""},"categories":[35],"tags":[],"class_list":["post-22922","post","type-post","status-publish","format-standard","has-post-thumbnail","hentry","category-universidades"],"yoast_head":"<!-- This site is optimized with the Yoast SEO plugin v24.2 - https:\/\/yoast.com\/wordpress\/plugins\/seo\/ -->\n<title>Inscr\u00edbete en el M\u00e1ster Integrado en Dise\u00f1o Arquitect\u00f3nico de la USACH - COLEGIO DE ARQUITECTOS DE CHILE<\/title>\n<meta name=\"robots\" content=\"index, follow, max-snippet:-1, max-image-preview:large, max-video-preview:-1\" \/>\n<link rel=\"canonical\" href=\"https:\/\/colegioarquitectos.com\/noticias\/?p=22922\" \/>\n<meta property=\"og:locale\" content=\"es_ES\" \/>\n<meta property=\"og:type\" content=\"article\" \/>\n<meta property=\"og:title\" content=\"Inscr\u00edbete en el M\u00e1ster Integrado en Dise\u00f1o Arquitect\u00f3nico de la USACH - COLEGIO DE ARQUITECTOS DE CHILE\" \/>\n<meta property=\"og:description\" content=\"El M\u00e1ster Integrado en Dise\u00f1o Arquitect\u00f3nico de la Universidad de Santiago es un programa de formaci\u00f3n acad\u00e9mica de postgrado cuyo objetivo es formar profesionales de excelencia en el \u00e1mbito del dise\u00f1o arquitect\u00f3nico y urbano, con \u00e9nfasis en\u00a0 la innovaci\u00f3n y &hellip; ver m\u00e1s\" \/>\n<meta property=\"og:url\" content=\"https:\/\/colegioarquitectos.com\/noticias\/?p=22922\" \/>\n<meta property=\"og:site_name\" content=\"COLEGIO DE ARQUITECTOS DE CHILE\" \/>\n<meta property=\"article:publisher\" content=\"https:\/\/facebook.com\/Colegioarq\/\" \/>\n<meta property=\"article:published_time\" content=\"2019-02-01T16:33:27+00:00\" \/>\n<meta property=\"og:image\" content=\"https:\/\/colegioarquitectos.com\/noticias\/wp-content\/uploads\/2019\/02\/ENCABEZADO-USACH.jpg\" \/>\n\t<meta property=\"og:image:width\" content=\"690\" \/>\n\t<meta property=\"og:image:height\" content=\"350\" \/>\n\t<meta property=\"og:image:type\" content=\"image\/jpeg\" \/>\n<meta name=\"author\" content=\"Colegio de Arquitectos de Chile\" \/>\n<meta name=\"twitter:card\" content=\"summary_large_image\" \/>\n<meta name=\"twitter:creator\" content=\"@colegioarq\" \/>\n<meta name=\"twitter:site\" content=\"@colegioarq\" \/>\n<meta name=\"twitter:label1\" content=\"Escrito por\" \/>\n\t<meta name=\"twitter:data1\" content=\"Colegio de Arquitectos de Chile\" \/>\n\t<meta name=\"twitter:label2\" content=\"Tiempo de lectura\" \/>\n\t<meta name=\"twitter:data2\" content=\"1 minuto\" \/>\n<script type=\"application\/ld+json\" class=\"yoast-schema-graph\">{\"@context\":\"https:\/\/schema.org\",\"@graph\":[{\"@type\":\"Article\",\"@id\":\"https:\/\/colegioarquitectos.com\/noticias\/?p=22922#article\",\"isPartOf\":{\"@id\":\"https:\/\/colegioarquitectos.com\/noticias\/?p=22922\"},\"author\":{\"name\":\"Colegio de Arquitectos de Chile\",\"@id\":\"https:\/\/colegioarquitectos.com\/noticias\/#\/schema\/person\/685cc0aad148303c5608f049af8285ad\"},\"headline\":\"Inscr\u00edbete en el M\u00e1ster Integrado en Dise\u00f1o Arquitect\u00f3nico de la USACH\",\"datePublished\":\"2019-02-01T16:33:27+00:00\",\"dateModified\":\"2019-02-01T16:33:27+00:00\",\"mainEntityOfPage\":{\"@id\":\"https:\/\/colegioarquitectos.com\/noticias\/?p=22922\"},\"wordCount\":306,\"publisher\":{\"@id\":\"https:\/\/colegioarquitectos.com\/noticias\/#organization\"},\"image\":{\"@id\":\"https:\/\/colegioarquitectos.com\/noticias\/?p=22922#primaryimage\"},\"thumbnailUrl\":\"https:\/\/colegioarquitectos.com\/noticias\/wp-content\/uploads\/2019\/02\/ENCABEZADO-USACH.jpg\",\"articleSection\":[\"Universidades\"],\"inLanguage\":\"es\"},{\"@type\":\"WebPage\",\"@id\":\"https:\/\/colegioarquitectos.com\/noticias\/?p=22922\",\"url\":\"https:\/\/colegioarquitectos.com\/noticias\/?p=22922\",\"name\":\"Inscr\u00edbete en el M\u00e1ster Integrado en Dise\u00f1o Arquitect\u00f3nico de la USACH - COLEGIO DE ARQUITECTOS DE CHILE\",\"isPartOf\":{\"@id\":\"https:\/\/colegioarquitectos.com\/noticias\/#website\"},\"primaryImageOfPage\":{\"@id\":\"https:\/\/colegioarquitectos.com\/noticias\/?p=22922#primaryimage\"},\"image\":{\"@id\":\"https:\/\/colegioarquitectos.com\/noticias\/?p=22922#primaryimage\"},\"thumbnailUrl\":\"https:\/\/colegioarquitectos.com\/noticias\/wp-content\/uploads\/2019\/02\/ENCABEZADO-USACH.jpg\",\"datePublished\":\"2019-02-01T16:33:27+00:00\",\"dateModified\":\"2019-02-01T16:33:27+00:00\",\"breadcrumb\":{\"@id\":\"https:\/\/colegioarquitectos.com\/noticias\/?p=22922#breadcrumb\"},\"inLanguage\":\"es\",\"potentialAction\":[{\"@type\":\"ReadAction\",\"target\":[\"https:\/\/colegioarquitectos.com\/noticias\/?p=22922\"]}]},{\"@type\":\"ImageObject\",\"inLanguage\":\"es\",\"@id\":\"https:\/\/colegioarquitectos.com\/noticias\/?p=22922#primaryimage\",\"url\":\"https:\/\/colegioarquitectos.com\/noticias\/wp-content\/uploads\/2019\/02\/ENCABEZADO-USACH.jpg\",\"contentUrl\":\"https:\/\/colegioarquitectos.com\/noticias\/wp-content\/uploads\/2019\/02\/ENCABEZADO-USACH.jpg\",\"width\":690,\"height\":350},{\"@type\":\"BreadcrumbList\",\"@id\":\"https:\/\/colegioarquitectos.com\/noticias\/?p=22922#breadcrumb\",\"itemListElement\":[{\"@type\":\"ListItem\",\"position\":1,\"name\":\"Portada\",\"item\":\"https:\/\/colegioarquitectos.com\/noticias\"},{\"@type\":\"ListItem\",\"position\":2,\"name\":\"Inscr\u00edbete en el M\u00e1ster Integrado en Dise\u00f1o Arquitect\u00f3nico de la USACH\"}]},{\"@type\":\"WebSite\",\"@id\":\"https:\/\/colegioarquitectos.com\/noticias\/#website\",\"url\":\"https:\/\/colegioarquitectos.com\/noticias\/\",\"name\":\"COLEGIO DE ARQUITECTOS DE CHILE\",\"description\":\"\",\"publisher\":{\"@id\":\"https:\/\/colegioarquitectos.com\/noticias\/#organization\"},\"potentialAction\":[{\"@type\":\"SearchAction\",\"target\":{\"@type\":\"EntryPoint\",\"urlTemplate\":\"https:\/\/colegioarquitectos.com\/noticias\/?s={search_term_string}\"},\"query-input\":{\"@type\":\"PropertyValueSpecification\",\"valueRequired\":true,\"valueName\":\"search_term_string\"}}],\"inLanguage\":\"es\"},{\"@type\":\"Organization\",\"@id\":\"https:\/\/colegioarquitectos.com\/noticias\/#organization\",\"name\":\"COLEGIO DE ARQUITECTOS DE CHILE\",\"url\":\"https:\/\/colegioarquitectos.com\/noticias\/\",\"logo\":{\"@type\":\"ImageObject\",\"inLanguage\":\"es\",\"@id\":\"https:\/\/colegioarquitectos.com\/noticias\/#\/schema\/logo\/image\/\",\"url\":\"https:\/\/colegioarquitectos.com\/noticias\/wp-content\/uploads\/2021\/05\/ENCABEZADO-LOGO-CA.jpg\",\"contentUrl\":\"https:\/\/colegioarquitectos.com\/noticias\/wp-content\/uploads\/2021\/05\/ENCABEZADO-LOGO-CA.jpg\",\"width\":690,\"height\":350,\"caption\":\"COLEGIO DE ARQUITECTOS DE CHILE\"},\"image\":{\"@id\":\"https:\/\/colegioarquitectos.com\/noticias\/#\/schema\/logo\/image\/\"},\"sameAs\":[\"https:\/\/facebook.com\/Colegioarq\/\",\"https:\/\/x.com\/colegioarq\",\"https:\/\/instagram.com\/colegioarq\",\"https:\/\/youtube.com\/@ColegiodeArquitectosdeChile\"]},{\"@type\":\"Person\",\"@id\":\"https:\/\/colegioarquitectos.com\/noticias\/#\/schema\/person\/685cc0aad148303c5608f049af8285ad\",\"name\":\"Colegio de Arquitectos de Chile\",\"url\":\"https:\/\/colegioarquitectos.com\/noticias\/?author=4\"}]}<\/script>\n<!-- \/ Yoast SEO plugin. -->","yoast_head_json":{"title":"Inscr\u00edbete en el M\u00e1ster Integrado en Dise\u00f1o Arquitect\u00f3nico de la USACH - COLEGIO DE ARQUITECTOS DE CHILE","robots":{"index":"index","follow":"follow","max-snippet":"max-snippet:-1","max-image-preview":"max-image-preview:large","max-video-preview":"max-video-preview:-1"},"canonical":"https:\/\/colegioarquitectos.com\/noticias\/?p=22922","og_locale":"es_ES","og_type":"article","og_title":"Inscr\u00edbete en el M\u00e1ster Integrado en Dise\u00f1o Arquitect\u00f3nico de la USACH - COLEGIO DE ARQUITECTOS DE CHILE","og_description":"El M\u00e1ster Integrado en Dise\u00f1o Arquitect\u00f3nico de la Universidad de Santiago es un programa de formaci\u00f3n acad\u00e9mica de postgrado cuyo objetivo es formar profesionales de excelencia en el \u00e1mbito del dise\u00f1o arquitect\u00f3nico y urbano, con \u00e9nfasis en\u00a0 la innovaci\u00f3n y &hellip; ver m\u00e1s","og_url":"https:\/\/colegioarquitectos.com\/noticias\/?p=22922","og_site_name":"COLEGIO DE ARQUITECTOS DE CHILE","article_publisher":"https:\/\/facebook.com\/Colegioarq\/","article_published_time":"2019-02-01T16:33:27+00:00","og_image":[{"width":690,"height":350,"url":"https:\/\/colegioarquitectos.com\/noticias\/wp-content\/uploads\/2019\/02\/ENCABEZADO-USACH.jpg","type":"image\/jpeg"}],"author":"Colegio de Arquitectos de Chile","twitter_card":"summary_large_image","twitter_creator":"@colegioarq","twitter_site":"@colegioarq","twitter_misc":{"Escrito por":"Colegio de Arquitectos de Chile","Tiempo de lectura":"1 minuto"},"schema":{"@context":"https:\/\/schema.org","@graph":[{"@type":"Article","@id":"https:\/\/colegioarquitectos.com\/noticias\/?p=22922#article","isPartOf":{"@id":"https:\/\/colegioarquitectos.com\/noticias\/?p=22922"},"author":{"name":"Colegio de Arquitectos de Chile","@id":"https:\/\/colegioarquitectos.com\/noticias\/#\/schema\/person\/685cc0aad148303c5608f049af8285ad"},"headline":"Inscr\u00edbete en el M\u00e1ster Integrado en Dise\u00f1o Arquitect\u00f3nico de la USACH","datePublished":"2019-02-01T16:33:27+00:00","dateModified":"2019-02-01T16:33:27+00:00","mainEntityOfPage":{"@id":"https:\/\/colegioarquitectos.com\/noticias\/?p=22922"},"wordCount":306,"publisher":{"@id":"https:\/\/colegioarquitectos.com\/noticias\/#organization"},"image":{"@id":"https:\/\/colegioarquitectos.com\/noticias\/?p=22922#primaryimage"},"thumbnailUrl":"https:\/\/colegioarquitectos.com\/noticias\/wp-content\/uploads\/2019\/02\/ENCABEZADO-USACH.jpg","articleSection":["Universidades"],"inLanguage":"es"},{"@type":"WebPage","@id":"https:\/\/colegioarquitectos.com\/noticias\/?p=22922","url":"https:\/\/colegioarquitectos.com\/noticias\/?p=22922","name":"Inscr\u00edbete en el M\u00e1ster Integrado en Dise\u00f1o Arquitect\u00f3nico de la USACH - COLEGIO DE ARQUITECTOS DE CHILE","isPartOf":{"@id":"https:\/\/colegioarquitectos.com\/noticias\/#website"},"primaryImageOfPage":{"@id":"https:\/\/colegioarquitectos.com\/noticias\/?p=22922#primaryimage"},"image":{"@id":"https:\/\/colegioarquitectos.com\/noticias\/?p=22922#primaryimage"},"thumbnailUrl":"https:\/\/colegioarquitectos.com\/noticias\/wp-content\/uploads\/2019\/02\/ENCABEZADO-USACH.jpg","datePublished":"2019-02-01T16:33:27+00:00","dateModified":"2019-02-01T16:33:27+00:00","breadcrumb":{"@id":"https:\/\/colegioarquitectos.com\/noticias\/?p=22922#breadcrumb"},"inLanguage":"es","potentialAction":[{"@type":"ReadAction","target":["https:\/\/colegioarquitectos.com\/noticias\/?p=22922"]}]},{"@type":"ImageObject","inLanguage":"es","@id":"https:\/\/colegioarquitectos.com\/noticias\/?p=22922#primaryimage","url":"https:\/\/colegioarquitectos.com\/noticias\/wp-content\/uploads\/2019\/02\/ENCABEZADO-USACH.jpg","contentUrl":"https:\/\/colegioarquitectos.com\/noticias\/wp-content\/uploads\/2019\/02\/ENCABEZADO-USACH.jpg","width":690,"height":350},{"@type":"BreadcrumbList","@id":"https:\/\/colegioarquitectos.com\/noticias\/?p=22922#breadcrumb","itemListElement":[{"@type":"ListItem","position":1,"name":"Portada","item":"https:\/\/colegioarquitectos.com\/noticias"},{"@type":"ListItem","position":2,"name":"Inscr\u00edbete en el M\u00e1ster Integrado en Dise\u00f1o Arquitect\u00f3nico de la USACH"}]},{"@type":"WebSite","@id":"https:\/\/colegioarquitectos.com\/noticias\/#website","url":"https:\/\/colegioarquitectos.com\/noticias\/","name":"COLEGIO DE ARQUITECTOS DE CHILE","description":"","publisher":{"@id":"https:\/\/colegioarquitectos.com\/noticias\/#organization"},"potentialAction":[{"@type":"SearchAction","target":{"@type":"EntryPoint","urlTemplate":"https:\/\/colegioarquitectos.com\/noticias\/?s={search_term_string}"},"query-input":{"@type":"PropertyValueSpecification","valueRequired":true,"valueName":"search_term_string"}}],"inLanguage":"es"},{"@type":"Organization","@id":"https:\/\/colegioarquitectos.com\/noticias\/#organization","name":"COLEGIO DE ARQUITECTOS DE CHILE","url":"https:\/\/colegioarquitectos.com\/noticias\/","logo":{"@type":"ImageObject","inLanguage":"es","@id":"https:\/\/colegioarquitectos.com\/noticias\/#\/schema\/logo\/image\/","url":"https:\/\/colegioarquitectos.com\/noticias\/wp-content\/uploads\/2021\/05\/ENCABEZADO-LOGO-CA.jpg","contentUrl":"https:\/\/colegioarquitectos.com\/noticias\/wp-content\/uploads\/2021\/05\/ENCABEZADO-LOGO-CA.jpg","width":690,"height":350,"caption":"COLEGIO DE ARQUITECTOS DE CHILE"},"image":{"@id":"https:\/\/colegioarquitectos.com\/noticias\/#\/schema\/logo\/image\/"},"sameAs":["https:\/\/facebook.com\/Colegioarq\/","https:\/\/x.com\/colegioarq","https:\/\/instagram.com\/colegioarq","https:\/\/youtube.com\/@ColegiodeArquitectosdeChile"]},{"@type":"Person","@id":"https:\/\/colegioarquitectos.com\/noticias\/#\/schema\/person\/685cc0aad148303c5608f049af8285ad","name":"Colegio de Arquitectos de Chile","url":"https:\/\/colegioarquitectos.com\/noticias\/?author=4"}]}},"_links":{"self":[{"href":"https:\/\/colegioarquitectos.com\/noticias\/index.php?rest_route=\/wp\/v2\/posts\/22922","targetHints":{"allow":["GET"]}}],"collection":[{"href":"https:\/\/colegioarquitectos.com\/noticias\/index.php?rest_route=\/wp\/v2\/posts"}],"about":[{"href":"https:\/\/colegioarquitectos.com\/noticias\/index.php?rest_route=\/wp\/v2\/types\/post"}],"author":[{"embeddable":true,"href":"https:\/\/colegioarquitectos.com\/noticias\/index.php?rest_route=\/wp\/v2\/users\/4"}],"replies":[{"embeddable":true,"href":"https:\/\/colegioarquitectos.com\/noticias\/index.php?rest_route=%2Fwp%2Fv2%2Fcomments&post=22922"}],"version-history":[{"count":0,"href":"https:\/\/colegioarquitectos.com\/noticias\/index.php?rest_route=\/wp\/v2\/posts\/22922\/revisions"}],"wp:featuredmedia":[{"embeddable":true,"href":"https:\/\/colegioarquitectos.com\/noticias\/index.php?rest_route=\/wp\/v2\/media\/22923"}],"wp:attachment":[{"href":"https:\/\/colegioarquitectos.com\/noticias\/index.php?rest_route=%2Fwp%2Fv2%2Fmedia&parent=22922"}],"wp:term":[{"taxonomy":"category","embeddable":true,"href":"https:\/\/colegioarquitectos.com\/noticias\/index.php?rest_route=%2Fwp%2Fv2%2Fcategories&post=22922"},{"taxonomy":"post_tag","embeddable":true,"href":"https:\/\/colegioarquitectos.com\/noticias\/index.php?rest_route=%2Fwp%2Fv2%2Ftags&post=22922"}],"curies":[{"name":"wp","href":"https:\/\/api.w.org\/{rel}","templated":true}]}}