
{"id":23,"date":"2011-12-26T15:42:37","date_gmt":"2011-12-26T15:42:37","guid":{"rendered":"http:\/\/colegioarquitectos.com\/noticias\/?p=23"},"modified":"2011-12-28T17:03:38","modified_gmt":"2011-12-28T17:03:38","slug":"presidente-nacional-del-colegio-de-arquitectos-de-chile-recibe-el-premio-a-la-vida-universitaria-monsenor-carlos-casanueva","status":"publish","type":"post","link":"https:\/\/colegioarquitectos.com\/noticias\/?p=23","title":{"rendered":"Presidente Nacional del Colegio de Arquitectos de Chile recibe el premio a la vida universitaria \u201cMonse\u00f1or Carlos Casanueva\u201d"},"content":{"rendered":"<p align=\"left\">Presidente Nacional del Colegio de Arquitectos de Chile recibe el premio a la vida universitaria \u201cMonse\u00f1or Carlos Casanueva\u201d<\/p>\n<h2><img loading=\"lazy\" decoding=\"async\" class=\"wp-image-26\" src=\"http:\/\/www.colegioarquitectos.com\/CAALDIA\/LEB.jpg\" alt=\"\" width=\"450\" height=\"338\" \/><\/h2>\n<p>E l a\u00f1o 2002 la Direcci\u00f3n Superior de la Pontificia Universidad Cat\u00f3lica de Chile instaur\u00f3 el reconocimiento para la vida universitaria \u201cMonse\u00f1or Carlos Casanueva\u201d, cuyo objetivo es premiar a un acad\u00e9mico que se haya destacado por dejar una impronta dentro de la comunidad universitaria.<\/p>\n<p>Este a\u00f1o 2011, e l profesor Luis Eduardo Bresciani Prieto, actual Presidente Nacional del Colegio de Arquitectos de Chile, ha sido acreedor de esta destacada distinci\u00f3n. Este premio le fue otorgado por su trayectoria acad\u00e9mica transform\u00e1ndose en un modelo y referente para la comunidad universitaria.<\/p>\n<p>La distinci\u00f3n le fue entregada en la ceremonia de celebraci\u00f3n del D\u00eda del Sagrado Coraz\u00f3n (aniversario de la Universidad ) este viernes 01 de julio en el Centro de Extensi\u00f3n de la Casa Central.<\/p>\n<p><\/p>","protected":false},"excerpt":{"rendered":"<p>Presidente Nacional del Colegio de Arquitectos de Chile recibe el premio a la vida universitaria \u201cMonse\u00f1or Carlos Casanueva\u201d E l a\u00f1o 2002 la Direcci\u00f3n Superior de la Pontificia Universidad Cat\u00f3lica de Chile instaur\u00f3 el reconocimiento para la vida universitaria \u201cMonse\u00f1or &hellip; <a class=\"more-link\" href=\"https:\/\/colegioarquitectos.com\/noticias\/?p=23\">ver m\u00e1s<\/a><\/p>","protected":false},"author":1,"featured_media":0,"comment_status":"open","ping_status":"open","sticky":false,"template":"","format":"standard","meta":{"footnotes":""},"categories":[3],"tags":[],"class_list":["post-23","post","type-post","status-publish","format-standard","hentry","category-noticias"],"yoast_head":"<!-- This site is optimized with the Yoast SEO plugin v24.2 - https:\/\/yoast.com\/wordpress\/plugins\/seo\/ -->\n<title>Presidente Nacional del Colegio de Arquitectos de Chile recibe el premio a la vida universitaria \u201cMonse\u00f1or Carlos Casanueva\u201d - COLEGIO DE ARQUITECTOS DE CHILE<\/title>\n<meta name=\"robots\" content=\"index, follow, max-snippet:-1, max-image-preview:large, max-video-preview:-1\" \/>\n<link rel=\"canonical\" href=\"https:\/\/colegioarquitectos.com\/noticias\/?p=23\" \/>\n<meta property=\"og:locale\" content=\"es_ES\" \/>\n<meta property=\"og:type\" content=\"article\" \/>\n<meta property=\"og:title\" content=\"Presidente Nacional del Colegio de Arquitectos de Chile recibe el premio a la vida universitaria \u201cMonse\u00f1or Carlos Casanueva\u201d - COLEGIO DE ARQUITECTOS DE CHILE\" \/>\n<meta property=\"og:description\" content=\"Presidente Nacional del Colegio de Arquitectos de Chile recibe el premio a la vida universitaria \u201cMonse\u00f1or Carlos Casanueva\u201d E l a\u00f1o 2002 la Direcci\u00f3n Superior de la Pontificia Universidad Cat\u00f3lica de Chile instaur\u00f3 el reconocimiento para la vida universitaria \u201cMonse\u00f1or &hellip; ver m\u00e1s\" \/>\n<meta property=\"og:url\" content=\"https:\/\/colegioarquitectos.com\/noticias\/?p=23\" \/>\n<meta property=\"og:site_name\" content=\"COLEGIO DE ARQUITECTOS DE CHILE\" \/>\n<meta property=\"article:publisher\" content=\"https:\/\/facebook.com\/Colegioarq\/\" \/>\n<meta property=\"article:published_time\" content=\"2011-12-26T15:42:37+00:00\" \/>\n<meta property=\"article:modified_time\" content=\"2011-12-28T17:03:38+00:00\" \/>\n<meta property=\"og:image\" content=\"http:\/\/www.colegioarquitectos.com\/CAALDIA\/LEB.jpg\" \/>\n<meta name=\"author\" content=\"Gabriel Salgado S.\" \/>\n<meta name=\"twitter:card\" content=\"summary_large_image\" \/>\n<meta name=\"twitter:creator\" content=\"@colegioarq\" \/>\n<meta name=\"twitter:site\" content=\"@colegioarq\" \/>\n<meta name=\"twitter:label1\" content=\"Escrito por\" \/>\n\t<meta name=\"twitter:data1\" content=\"Gabriel Salgado S.\" \/>\n\t<meta name=\"twitter:label2\" content=\"Tiempo de lectura\" \/>\n\t<meta name=\"twitter:data2\" content=\"1 minuto\" \/>\n<script type=\"application\/ld+json\" class=\"yoast-schema-graph\">{\"@context\":\"https:\/\/schema.org\",\"@graph\":[{\"@type\":\"Article\",\"@id\":\"https:\/\/colegioarquitectos.com\/noticias\/?p=23#article\",\"isPartOf\":{\"@id\":\"https:\/\/colegioarquitectos.com\/noticias\/?p=23\"},\"author\":{\"name\":\"Gabriel Salgado S.\",\"@id\":\"https:\/\/colegioarquitectos.com\/noticias\/#\/schema\/person\/b6c7e912cd1283c089114093ed09741f\"},\"headline\":\"Presidente Nacional del Colegio de Arquitectos de Chile recibe el premio a la vida universitaria \u201cMonse\u00f1or Carlos Casanueva\u201d\",\"datePublished\":\"2011-12-26T15:42:37+00:00\",\"dateModified\":\"2011-12-28T17:03:38+00:00\",\"mainEntityOfPage\":{\"@id\":\"https:\/\/colegioarquitectos.com\/noticias\/?p=23\"},\"wordCount\":171,\"commentCount\":0,\"publisher\":{\"@id\":\"https:\/\/colegioarquitectos.com\/noticias\/#organization\"},\"image\":{\"@id\":\"https:\/\/colegioarquitectos.com\/noticias\/?p=23#primaryimage\"},\"thumbnailUrl\":\"http:\/\/www.colegioarquitectos.com\/CAALDIA\/LEB.jpg\",\"articleSection\":[\"Noticias\"],\"inLanguage\":\"es\",\"potentialAction\":[{\"@type\":\"CommentAction\",\"name\":\"Comment\",\"target\":[\"https:\/\/colegioarquitectos.com\/noticias\/?p=23#respond\"]}]},{\"@type\":\"WebPage\",\"@id\":\"https:\/\/colegioarquitectos.com\/noticias\/?p=23\",\"url\":\"https:\/\/colegioarquitectos.com\/noticias\/?p=23\",\"name\":\"Presidente Nacional del Colegio de Arquitectos de Chile recibe el premio a la vida universitaria \u201cMonse\u00f1or Carlos Casanueva\u201d - COLEGIO DE ARQUITECTOS DE CHILE\",\"isPartOf\":{\"@id\":\"https:\/\/colegioarquitectos.com\/noticias\/#website\"},\"primaryImageOfPage\":{\"@id\":\"https:\/\/colegioarquitectos.com\/noticias\/?p=23#primaryimage\"},\"image\":{\"@id\":\"https:\/\/colegioarquitectos.com\/noticias\/?p=23#primaryimage\"},\"thumbnailUrl\":\"http:\/\/www.colegioarquitectos.com\/CAALDIA\/LEB.jpg\",\"datePublished\":\"2011-12-26T15:42:37+00:00\",\"dateModified\":\"2011-12-28T17:03:38+00:00\",\"breadcrumb\":{\"@id\":\"https:\/\/colegioarquitectos.com\/noticias\/?p=23#breadcrumb\"},\"inLanguage\":\"es\",\"potentialAction\":[{\"@type\":\"ReadAction\",\"target\":[\"https:\/\/colegioarquitectos.com\/noticias\/?p=23\"]}]},{\"@type\":\"ImageObject\",\"inLanguage\":\"es\",\"@id\":\"https:\/\/colegioarquitectos.com\/noticias\/?p=23#primaryimage\",\"url\":\"http:\/\/www.colegioarquitectos.com\/CAALDIA\/LEB.jpg\",\"contentUrl\":\"http:\/\/www.colegioarquitectos.com\/CAALDIA\/LEB.jpg\"},{\"@type\":\"BreadcrumbList\",\"@id\":\"https:\/\/colegioarquitectos.com\/noticias\/?p=23#breadcrumb\",\"itemListElement\":[{\"@type\":\"ListItem\",\"position\":1,\"name\":\"Portada\",\"item\":\"https:\/\/colegioarquitectos.com\/noticias\"},{\"@type\":\"ListItem\",\"position\":2,\"name\":\"Presidente Nacional del Colegio de Arquitectos de Chile recibe el premio a la vida universitaria \u201cMonse\u00f1or Carlos Casanueva\u201d\"}]},{\"@type\":\"WebSite\",\"@id\":\"https:\/\/colegioarquitectos.com\/noticias\/#website\",\"url\":\"https:\/\/colegioarquitectos.com\/noticias\/\",\"name\":\"COLEGIO DE ARQUITECTOS DE CHILE\",\"description\":\"\",\"publisher\":{\"@id\":\"https:\/\/colegioarquitectos.com\/noticias\/#organization\"},\"potentialAction\":[{\"@type\":\"SearchAction\",\"target\":{\"@type\":\"EntryPoint\",\"urlTemplate\":\"https:\/\/colegioarquitectos.com\/noticias\/?s={search_term_string}\"},\"query-input\":{\"@type\":\"PropertyValueSpecification\",\"valueRequired\":true,\"valueName\":\"search_term_string\"}}],\"inLanguage\":\"es\"},{\"@type\":\"Organization\",\"@id\":\"https:\/\/colegioarquitectos.com\/noticias\/#organization\",\"name\":\"COLEGIO DE ARQUITECTOS DE CHILE\",\"url\":\"https:\/\/colegioarquitectos.com\/noticias\/\",\"logo\":{\"@type\":\"ImageObject\",\"inLanguage\":\"es\",\"@id\":\"https:\/\/colegioarquitectos.com\/noticias\/#\/schema\/logo\/image\/\",\"url\":\"https:\/\/colegioarquitectos.com\/noticias\/wp-content\/uploads\/2021\/05\/ENCABEZADO-LOGO-CA.jpg\",\"contentUrl\":\"https:\/\/colegioarquitectos.com\/noticias\/wp-content\/uploads\/2021\/05\/ENCABEZADO-LOGO-CA.jpg\",\"width\":690,\"height\":350,\"caption\":\"COLEGIO DE ARQUITECTOS DE CHILE\"},\"image\":{\"@id\":\"https:\/\/colegioarquitectos.com\/noticias\/#\/schema\/logo\/image\/\"},\"sameAs\":[\"https:\/\/facebook.com\/Colegioarq\/\",\"https:\/\/x.com\/colegioarq\",\"https:\/\/instagram.com\/colegioarq\",\"https:\/\/youtube.com\/@ColegiodeArquitectosdeChile\"]},{\"@type\":\"Person\",\"@id\":\"https:\/\/colegioarquitectos.com\/noticias\/#\/schema\/person\/b6c7e912cd1283c089114093ed09741f\",\"name\":\"Gabriel Salgado S.\",\"url\":\"https:\/\/colegioarquitectos.com\/noticias\/?author=1\"}]}<\/script>\n<!-- \/ Yoast SEO plugin. -->","yoast_head_json":{"title":"Presidente Nacional del Colegio de Arquitectos de Chile recibe el premio a la vida universitaria \u201cMonse\u00f1or Carlos Casanueva\u201d - COLEGIO DE ARQUITECTOS DE CHILE","robots":{"index":"index","follow":"follow","max-snippet":"max-snippet:-1","max-image-preview":"max-image-preview:large","max-video-preview":"max-video-preview:-1"},"canonical":"https:\/\/colegioarquitectos.com\/noticias\/?p=23","og_locale":"es_ES","og_type":"article","og_title":"Presidente Nacional del Colegio de Arquitectos de Chile recibe el premio a la vida universitaria \u201cMonse\u00f1or Carlos Casanueva\u201d - COLEGIO DE ARQUITECTOS DE CHILE","og_description":"Presidente Nacional del Colegio de Arquitectos de Chile recibe el premio a la vida universitaria \u201cMonse\u00f1or Carlos Casanueva\u201d E l a\u00f1o 2002 la Direcci\u00f3n Superior de la Pontificia Universidad Cat\u00f3lica de Chile instaur\u00f3 el reconocimiento para la vida universitaria \u201cMonse\u00f1or &hellip; ver m\u00e1s","og_url":"https:\/\/colegioarquitectos.com\/noticias\/?p=23","og_site_name":"COLEGIO DE ARQUITECTOS DE CHILE","article_publisher":"https:\/\/facebook.com\/Colegioarq\/","article_published_time":"2011-12-26T15:42:37+00:00","article_modified_time":"2011-12-28T17:03:38+00:00","og_image":[{"url":"http:\/\/www.colegioarquitectos.com\/CAALDIA\/LEB.jpg","type":"","width":"","height":""}],"author":"Gabriel Salgado S.","twitter_card":"summary_large_image","twitter_creator":"@colegioarq","twitter_site":"@colegioarq","twitter_misc":{"Escrito por":"Gabriel Salgado S.","Tiempo de lectura":"1 minuto"},"schema":{"@context":"https:\/\/schema.org","@graph":[{"@type":"Article","@id":"https:\/\/colegioarquitectos.com\/noticias\/?p=23#article","isPartOf":{"@id":"https:\/\/colegioarquitectos.com\/noticias\/?p=23"},"author":{"name":"Gabriel Salgado S.","@id":"https:\/\/colegioarquitectos.com\/noticias\/#\/schema\/person\/b6c7e912cd1283c089114093ed09741f"},"headline":"Presidente Nacional del Colegio de Arquitectos de Chile recibe el premio a la vida universitaria \u201cMonse\u00f1or Carlos Casanueva\u201d","datePublished":"2011-12-26T15:42:37+00:00","dateModified":"2011-12-28T17:03:38+00:00","mainEntityOfPage":{"@id":"https:\/\/colegioarquitectos.com\/noticias\/?p=23"},"wordCount":171,"commentCount":0,"publisher":{"@id":"https:\/\/colegioarquitectos.com\/noticias\/#organization"},"image":{"@id":"https:\/\/colegioarquitectos.com\/noticias\/?p=23#primaryimage"},"thumbnailUrl":"http:\/\/www.colegioarquitectos.com\/CAALDIA\/LEB.jpg","articleSection":["Noticias"],"inLanguage":"es","potentialAction":[{"@type":"CommentAction","name":"Comment","target":["https:\/\/colegioarquitectos.com\/noticias\/?p=23#respond"]}]},{"@type":"WebPage","@id":"https:\/\/colegioarquitectos.com\/noticias\/?p=23","url":"https:\/\/colegioarquitectos.com\/noticias\/?p=23","name":"Presidente Nacional del Colegio de Arquitectos de Chile recibe el premio a la vida universitaria \u201cMonse\u00f1or Carlos Casanueva\u201d - COLEGIO DE ARQUITECTOS DE CHILE","isPartOf":{"@id":"https:\/\/colegioarquitectos.com\/noticias\/#website"},"primaryImageOfPage":{"@id":"https:\/\/colegioarquitectos.com\/noticias\/?p=23#primaryimage"},"image":{"@id":"https:\/\/colegioarquitectos.com\/noticias\/?p=23#primaryimage"},"thumbnailUrl":"http:\/\/www.colegioarquitectos.com\/CAALDIA\/LEB.jpg","datePublished":"2011-12-26T15:42:37+00:00","dateModified":"2011-12-28T17:03:38+00:00","breadcrumb":{"@id":"https:\/\/colegioarquitectos.com\/noticias\/?p=23#breadcrumb"},"inLanguage":"es","potentialAction":[{"@type":"ReadAction","target":["https:\/\/colegioarquitectos.com\/noticias\/?p=23"]}]},{"@type":"ImageObject","inLanguage":"es","@id":"https:\/\/colegioarquitectos.com\/noticias\/?p=23#primaryimage","url":"http:\/\/www.colegioarquitectos.com\/CAALDIA\/LEB.jpg","contentUrl":"http:\/\/www.colegioarquitectos.com\/CAALDIA\/LEB.jpg"},{"@type":"BreadcrumbList","@id":"https:\/\/colegioarquitectos.com\/noticias\/?p=23#breadcrumb","itemListElement":[{"@type":"ListItem","position":1,"name":"Portada","item":"https:\/\/colegioarquitectos.com\/noticias"},{"@type":"ListItem","position":2,"name":"Presidente Nacional del Colegio de Arquitectos de Chile recibe el premio a la vida universitaria \u201cMonse\u00f1or Carlos Casanueva\u201d"}]},{"@type":"WebSite","@id":"https:\/\/colegioarquitectos.com\/noticias\/#website","url":"https:\/\/colegioarquitectos.com\/noticias\/","name":"COLEGIO DE ARQUITECTOS DE CHILE","description":"","publisher":{"@id":"https:\/\/colegioarquitectos.com\/noticias\/#organization"},"potentialAction":[{"@type":"SearchAction","target":{"@type":"EntryPoint","urlTemplate":"https:\/\/colegioarquitectos.com\/noticias\/?s={search_term_string}"},"query-input":{"@type":"PropertyValueSpecification","valueRequired":true,"valueName":"search_term_string"}}],"inLanguage":"es"},{"@type":"Organization","@id":"https:\/\/colegioarquitectos.com\/noticias\/#organization","name":"COLEGIO DE ARQUITECTOS DE CHILE","url":"https:\/\/colegioarquitectos.com\/noticias\/","logo":{"@type":"ImageObject","inLanguage":"es","@id":"https:\/\/colegioarquitectos.com\/noticias\/#\/schema\/logo\/image\/","url":"https:\/\/colegioarquitectos.com\/noticias\/wp-content\/uploads\/2021\/05\/ENCABEZADO-LOGO-CA.jpg","contentUrl":"https:\/\/colegioarquitectos.com\/noticias\/wp-content\/uploads\/2021\/05\/ENCABEZADO-LOGO-CA.jpg","width":690,"height":350,"caption":"COLEGIO DE ARQUITECTOS DE CHILE"},"image":{"@id":"https:\/\/colegioarquitectos.com\/noticias\/#\/schema\/logo\/image\/"},"sameAs":["https:\/\/facebook.com\/Colegioarq\/","https:\/\/x.com\/colegioarq","https:\/\/instagram.com\/colegioarq","https:\/\/youtube.com\/@ColegiodeArquitectosdeChile"]},{"@type":"Person","@id":"https:\/\/colegioarquitectos.com\/noticias\/#\/schema\/person\/b6c7e912cd1283c089114093ed09741f","name":"Gabriel Salgado S.","url":"https:\/\/colegioarquitectos.com\/noticias\/?author=1"}]}},"_links":{"self":[{"href":"https:\/\/colegioarquitectos.com\/noticias\/index.php?rest_route=\/wp\/v2\/posts\/23","targetHints":{"allow":["GET"]}}],"collection":[{"href":"https:\/\/colegioarquitectos.com\/noticias\/index.php?rest_route=\/wp\/v2\/posts"}],"about":[{"href":"https:\/\/colegioarquitectos.com\/noticias\/index.php?rest_route=\/wp\/v2\/types\/post"}],"author":[{"embeddable":true,"href":"https:\/\/colegioarquitectos.com\/noticias\/index.php?rest_route=\/wp\/v2\/users\/1"}],"replies":[{"embeddable":true,"href":"https:\/\/colegioarquitectos.com\/noticias\/index.php?rest_route=%2Fwp%2Fv2%2Fcomments&post=23"}],"version-history":[{"count":0,"href":"https:\/\/colegioarquitectos.com\/noticias\/index.php?rest_route=\/wp\/v2\/posts\/23\/revisions"}],"wp:attachment":[{"href":"https:\/\/colegioarquitectos.com\/noticias\/index.php?rest_route=%2Fwp%2Fv2%2Fmedia&parent=23"}],"wp:term":[{"taxonomy":"category","embeddable":true,"href":"https:\/\/colegioarquitectos.com\/noticias\/index.php?rest_route=%2Fwp%2Fv2%2Fcategories&post=23"},{"taxonomy":"post_tag","embeddable":true,"href":"https:\/\/colegioarquitectos.com\/noticias\/index.php?rest_route=%2Fwp%2Fv2%2Ftags&post=23"}],"curies":[{"name":"wp","href":"https:\/\/api.w.org\/{rel}","templated":true}]}}