
{"id":23001,"date":"2019-03-05T14:06:06","date_gmt":"2019-03-05T14:06:06","guid":{"rendered":"http:\/\/colegioarquitectos.com\/?p=23001"},"modified":"2019-03-05T14:06:06","modified_gmt":"2019-03-05T14:06:06","slug":"raul-irarrazabal-sanchez-asumio-como-nuevo-director-nacional-de-arquitectura-del-mop","status":"publish","type":"post","link":"https:\/\/colegioarquitectos.com\/noticias\/?p=23001","title":{"rendered":"Ra\u00fal Irarr\u00e1zabal S\u00e1nchez asumi\u00f3 como nuevo Director Nacional de Arquitectura del MOP"},"content":{"rendered":"<p>A trav\u00e9s de un concurso de Alta Direcci\u00f3n P\u00fablica, <strong>Ra\u00fal Irarr\u00e1zabal S\u00e1nchez<\/strong> fue nombrado como nuevo<strong> Director Nacional de Arquitectura<\/strong> del <strong>Ministerio de Obras P\u00fablicas<\/strong>.<\/p>\n<p>Arquitecto de la Pontificia Universidad Cat\u00f3lica de Chile y Senior MBA de la Universidad de Los Andes, Ra\u00fal Irarr\u00e1zabal cuenta con dos d\u00e9cadas de experiencia en el ejercicio de la profesi\u00f3n y desde abril de 2018 se uni\u00f3 a la Direcci\u00f3n de Arquitectura en calidad de asesor.<\/p>\n<p>Anteriormente, como socio y director ejecutivo de la oficina <strong>Ra\u00fal Irarr\u00e1zabal Arquitectos Asociados S.A.<\/strong> impuls\u00f3 decenas de proyectos de car\u00e1cter p\u00fablico y privado, a lo que suma la obtenci\u00f3n de variados primeros lugares en concursos arquitect\u00f3nicos. Asimismo, asesor\u00f3 a diversas instituciones y fundaciones, especialmente en temas ligados con la preservaci\u00f3n del patrimonio arquitect\u00f3nico y la gesti\u00f3n urban\u00edstica.<\/p>\n<p>Entre los principales objetivos del nuevo Director Nacional de Arquitectura del MOP figuran la consolidaci\u00f3n de esta instituci\u00f3n como la principal unidad t\u00e9cnica del pa\u00eds en la gesti\u00f3n de edificaci\u00f3n p\u00fablica y patrimonial, el desarrollo de lineamientos que eleven la calidad arquitect\u00f3nica de los edificios p\u00fablicos, incentivar la participaci\u00f3n de los profesionales privados en los proyectos y reforzar las capacidades t\u00e9cnicas de los equipos de trabajo en todo el pa\u00eds. Todo ello, en el marco de los lineamientos entregados por el Ministro de Obras P\u00fablicas y el Gobierno del Presidente Sebasti\u00e1n Pi\u00f1era.<\/p>\n<p>Con la oficializaci\u00f3n de este nombramiento, el arquitecto <strong>Mart\u00edn Urrutia Urrejola<\/strong> termina con la subrogaci\u00f3n del cargo de Director Nacional y asume en propiedad como <strong>Subdirector de la Direcci\u00f3n de Arquitectura<\/strong>.<\/p>\n<p>&nbsp;<\/p>\n<div id=\"attachment_23002\" style=\"width: 700px\" class=\"wp-caption aligncenter\"><img loading=\"lazy\" decoding=\"async\" aria-describedby=\"caption-attachment-23002\" class=\"size-large wp-image-23002\" src=\"http:\/\/colegioarquitectos.com\/noticias\/wp-content\/uploads\/2019\/03\/Director-Arquitectura-Ministro-OOPP-1024x683.jpg\" alt=\"\" width=\"690\" height=\"460\" srcset=\"https:\/\/colegioarquitectos.com\/noticias\/wp-content\/uploads\/2019\/03\/Director-Arquitectura-Ministro-OOPP-1024x683.jpg 1024w, https:\/\/colegioarquitectos.com\/noticias\/wp-content\/uploads\/2019\/03\/Director-Arquitectura-Ministro-OOPP-300x200.jpg 300w, https:\/\/colegioarquitectos.com\/noticias\/wp-content\/uploads\/2019\/03\/Director-Arquitectura-Ministro-OOPP-768x512.jpg 768w\" sizes=\"auto, (max-width: 690px) 100vw, 690px\" \/><p id=\"caption-attachment-23002\" class=\"wp-caption-text\">El nuevo Director Nacional de Arquitectura, Ra\u00fal Irarr\u00e1zabal, junto al Ministro de Obras P\u00fablicas, Juan Andr\u00e9s Fontaine<\/p><\/div>\n<p>&nbsp;<\/p>\n<p>Fuente: Ministerio de Obras P\u00fablicas<\/p>\n<p><\/p>","protected":false},"excerpt":{"rendered":"<p>A trav\u00e9s de un concurso de Alta Direcci\u00f3n P\u00fablica, Ra\u00fal Irarr\u00e1zabal S\u00e1nchez fue nombrado como nuevo Director Nacional de Arquitectura del Ministerio de Obras P\u00fablicas. Arquitecto de la Pontificia Universidad Cat\u00f3lica de Chile y Senior MBA de la Universidad de &hellip; <a class=\"more-link\" href=\"https:\/\/colegioarquitectos.com\/noticias\/?p=23001\">ver m\u00e1s<\/a><\/p>","protected":false},"author":4,"featured_media":23004,"comment_status":"closed","ping_status":"closed","sticky":false,"template":"","format":"standard","meta":{"footnotes":""},"categories":[3],"tags":[],"class_list":["post-23001","post","type-post","status-publish","format-standard","has-post-thumbnail","hentry","category-noticias"],"yoast_head":"<!-- This site is optimized with the Yoast SEO plugin v24.2 - https:\/\/yoast.com\/wordpress\/plugins\/seo\/ -->\n<title>Ra\u00fal Irarr\u00e1zabal S\u00e1nchez asumi\u00f3 como nuevo Director Nacional de Arquitectura del MOP - COLEGIO DE ARQUITECTOS DE CHILE<\/title>\n<meta name=\"robots\" content=\"index, follow, max-snippet:-1, max-image-preview:large, max-video-preview:-1\" \/>\n<link rel=\"canonical\" href=\"https:\/\/colegioarquitectos.com\/noticias\/?p=23001\" \/>\n<meta property=\"og:locale\" content=\"es_ES\" \/>\n<meta property=\"og:type\" content=\"article\" \/>\n<meta property=\"og:title\" content=\"Ra\u00fal Irarr\u00e1zabal S\u00e1nchez asumi\u00f3 como nuevo Director Nacional de Arquitectura del MOP - COLEGIO DE ARQUITECTOS DE CHILE\" \/>\n<meta property=\"og:description\" content=\"A trav\u00e9s de un concurso de Alta Direcci\u00f3n P\u00fablica, Ra\u00fal Irarr\u00e1zabal S\u00e1nchez fue nombrado como nuevo Director Nacional de Arquitectura del Ministerio de Obras P\u00fablicas. Arquitecto de la Pontificia Universidad Cat\u00f3lica de Chile y Senior MBA de la Universidad de &hellip; ver m\u00e1s\" \/>\n<meta property=\"og:url\" content=\"https:\/\/colegioarquitectos.com\/noticias\/?p=23001\" \/>\n<meta property=\"og:site_name\" content=\"COLEGIO DE ARQUITECTOS DE CHILE\" \/>\n<meta property=\"article:publisher\" content=\"https:\/\/facebook.com\/Colegioarq\/\" \/>\n<meta property=\"article:published_time\" content=\"2019-03-05T14:06:06+00:00\" \/>\n<meta property=\"og:image\" content=\"https:\/\/colegioarquitectos.com\/noticias\/wp-content\/uploads\/2019\/03\/ENCABEZADO-MOP.jpg\" \/>\n\t<meta property=\"og:image:width\" content=\"690\" \/>\n\t<meta property=\"og:image:height\" content=\"350\" \/>\n\t<meta property=\"og:image:type\" content=\"image\/jpeg\" \/>\n<meta name=\"author\" content=\"Colegio de Arquitectos de Chile\" \/>\n<meta name=\"twitter:card\" content=\"summary_large_image\" \/>\n<meta name=\"twitter:creator\" content=\"@colegioarq\" \/>\n<meta name=\"twitter:site\" content=\"@colegioarq\" \/>\n<meta name=\"twitter:label1\" content=\"Escrito por\" \/>\n\t<meta name=\"twitter:data1\" content=\"Colegio de Arquitectos de Chile\" \/>\n\t<meta name=\"twitter:label2\" content=\"Tiempo de lectura\" \/>\n\t<meta name=\"twitter:data2\" content=\"2 minutos\" \/>\n<script type=\"application\/ld+json\" class=\"yoast-schema-graph\">{\"@context\":\"https:\/\/schema.org\",\"@graph\":[{\"@type\":\"Article\",\"@id\":\"https:\/\/colegioarquitectos.com\/noticias\/?p=23001#article\",\"isPartOf\":{\"@id\":\"https:\/\/colegioarquitectos.com\/noticias\/?p=23001\"},\"author\":{\"name\":\"Colegio de Arquitectos de Chile\",\"@id\":\"https:\/\/colegioarquitectos.com\/noticias\/#\/schema\/person\/685cc0aad148303c5608f049af8285ad\"},\"headline\":\"Ra\u00fal Irarr\u00e1zabal S\u00e1nchez asumi\u00f3 como nuevo Director Nacional de Arquitectura del MOP\",\"datePublished\":\"2019-03-05T14:06:06+00:00\",\"dateModified\":\"2019-03-05T14:06:06+00:00\",\"mainEntityOfPage\":{\"@id\":\"https:\/\/colegioarquitectos.com\/noticias\/?p=23001\"},\"wordCount\":345,\"publisher\":{\"@id\":\"https:\/\/colegioarquitectos.com\/noticias\/#organization\"},\"image\":{\"@id\":\"https:\/\/colegioarquitectos.com\/noticias\/?p=23001#primaryimage\"},\"thumbnailUrl\":\"https:\/\/colegioarquitectos.com\/noticias\/wp-content\/uploads\/2019\/03\/ENCABEZADO-MOP.jpg\",\"articleSection\":[\"Noticias\"],\"inLanguage\":\"es\"},{\"@type\":\"WebPage\",\"@id\":\"https:\/\/colegioarquitectos.com\/noticias\/?p=23001\",\"url\":\"https:\/\/colegioarquitectos.com\/noticias\/?p=23001\",\"name\":\"Ra\u00fal Irarr\u00e1zabal S\u00e1nchez asumi\u00f3 como nuevo Director Nacional de Arquitectura del MOP - COLEGIO DE ARQUITECTOS DE CHILE\",\"isPartOf\":{\"@id\":\"https:\/\/colegioarquitectos.com\/noticias\/#website\"},\"primaryImageOfPage\":{\"@id\":\"https:\/\/colegioarquitectos.com\/noticias\/?p=23001#primaryimage\"},\"image\":{\"@id\":\"https:\/\/colegioarquitectos.com\/noticias\/?p=23001#primaryimage\"},\"thumbnailUrl\":\"https:\/\/colegioarquitectos.com\/noticias\/wp-content\/uploads\/2019\/03\/ENCABEZADO-MOP.jpg\",\"datePublished\":\"2019-03-05T14:06:06+00:00\",\"dateModified\":\"2019-03-05T14:06:06+00:00\",\"breadcrumb\":{\"@id\":\"https:\/\/colegioarquitectos.com\/noticias\/?p=23001#breadcrumb\"},\"inLanguage\":\"es\",\"potentialAction\":[{\"@type\":\"ReadAction\",\"target\":[\"https:\/\/colegioarquitectos.com\/noticias\/?p=23001\"]}]},{\"@type\":\"ImageObject\",\"inLanguage\":\"es\",\"@id\":\"https:\/\/colegioarquitectos.com\/noticias\/?p=23001#primaryimage\",\"url\":\"https:\/\/colegioarquitectos.com\/noticias\/wp-content\/uploads\/2019\/03\/ENCABEZADO-MOP.jpg\",\"contentUrl\":\"https:\/\/colegioarquitectos.com\/noticias\/wp-content\/uploads\/2019\/03\/ENCABEZADO-MOP.jpg\",\"width\":690,\"height\":350},{\"@type\":\"BreadcrumbList\",\"@id\":\"https:\/\/colegioarquitectos.com\/noticias\/?p=23001#breadcrumb\",\"itemListElement\":[{\"@type\":\"ListItem\",\"position\":1,\"name\":\"Portada\",\"item\":\"https:\/\/colegioarquitectos.com\/noticias\"},{\"@type\":\"ListItem\",\"position\":2,\"name\":\"Ra\u00fal Irarr\u00e1zabal S\u00e1nchez asumi\u00f3 como nuevo Director Nacional de Arquitectura del MOP\"}]},{\"@type\":\"WebSite\",\"@id\":\"https:\/\/colegioarquitectos.com\/noticias\/#website\",\"url\":\"https:\/\/colegioarquitectos.com\/noticias\/\",\"name\":\"COLEGIO DE ARQUITECTOS DE CHILE\",\"description\":\"\",\"publisher\":{\"@id\":\"https:\/\/colegioarquitectos.com\/noticias\/#organization\"},\"potentialAction\":[{\"@type\":\"SearchAction\",\"target\":{\"@type\":\"EntryPoint\",\"urlTemplate\":\"https:\/\/colegioarquitectos.com\/noticias\/?s={search_term_string}\"},\"query-input\":{\"@type\":\"PropertyValueSpecification\",\"valueRequired\":true,\"valueName\":\"search_term_string\"}}],\"inLanguage\":\"es\"},{\"@type\":\"Organization\",\"@id\":\"https:\/\/colegioarquitectos.com\/noticias\/#organization\",\"name\":\"COLEGIO DE ARQUITECTOS DE CHILE\",\"url\":\"https:\/\/colegioarquitectos.com\/noticias\/\",\"logo\":{\"@type\":\"ImageObject\",\"inLanguage\":\"es\",\"@id\":\"https:\/\/colegioarquitectos.com\/noticias\/#\/schema\/logo\/image\/\",\"url\":\"https:\/\/colegioarquitectos.com\/noticias\/wp-content\/uploads\/2021\/05\/ENCABEZADO-LOGO-CA.jpg\",\"contentUrl\":\"https:\/\/colegioarquitectos.com\/noticias\/wp-content\/uploads\/2021\/05\/ENCABEZADO-LOGO-CA.jpg\",\"width\":690,\"height\":350,\"caption\":\"COLEGIO DE ARQUITECTOS DE CHILE\"},\"image\":{\"@id\":\"https:\/\/colegioarquitectos.com\/noticias\/#\/schema\/logo\/image\/\"},\"sameAs\":[\"https:\/\/facebook.com\/Colegioarq\/\",\"https:\/\/x.com\/colegioarq\",\"https:\/\/instagram.com\/colegioarq\",\"https:\/\/youtube.com\/@ColegiodeArquitectosdeChile\"]},{\"@type\":\"Person\",\"@id\":\"https:\/\/colegioarquitectos.com\/noticias\/#\/schema\/person\/685cc0aad148303c5608f049af8285ad\",\"name\":\"Colegio de Arquitectos de Chile\",\"url\":\"https:\/\/colegioarquitectos.com\/noticias\/?author=4\"}]}<\/script>\n<!-- \/ Yoast SEO plugin. -->","yoast_head_json":{"title":"Ra\u00fal Irarr\u00e1zabal S\u00e1nchez asumi\u00f3 como nuevo Director Nacional de Arquitectura del MOP - COLEGIO DE ARQUITECTOS DE CHILE","robots":{"index":"index","follow":"follow","max-snippet":"max-snippet:-1","max-image-preview":"max-image-preview:large","max-video-preview":"max-video-preview:-1"},"canonical":"https:\/\/colegioarquitectos.com\/noticias\/?p=23001","og_locale":"es_ES","og_type":"article","og_title":"Ra\u00fal Irarr\u00e1zabal S\u00e1nchez asumi\u00f3 como nuevo Director Nacional de Arquitectura del MOP - COLEGIO DE ARQUITECTOS DE CHILE","og_description":"A trav\u00e9s de un concurso de Alta Direcci\u00f3n P\u00fablica, Ra\u00fal Irarr\u00e1zabal S\u00e1nchez fue nombrado como nuevo Director Nacional de Arquitectura del Ministerio de Obras P\u00fablicas. Arquitecto de la Pontificia Universidad Cat\u00f3lica de Chile y Senior MBA de la Universidad de &hellip; ver m\u00e1s","og_url":"https:\/\/colegioarquitectos.com\/noticias\/?p=23001","og_site_name":"COLEGIO DE ARQUITECTOS DE CHILE","article_publisher":"https:\/\/facebook.com\/Colegioarq\/","article_published_time":"2019-03-05T14:06:06+00:00","og_image":[{"width":690,"height":350,"url":"https:\/\/colegioarquitectos.com\/noticias\/wp-content\/uploads\/2019\/03\/ENCABEZADO-MOP.jpg","type":"image\/jpeg"}],"author":"Colegio de Arquitectos de Chile","twitter_card":"summary_large_image","twitter_creator":"@colegioarq","twitter_site":"@colegioarq","twitter_misc":{"Escrito por":"Colegio de Arquitectos de Chile","Tiempo de lectura":"2 minutos"},"schema":{"@context":"https:\/\/schema.org","@graph":[{"@type":"Article","@id":"https:\/\/colegioarquitectos.com\/noticias\/?p=23001#article","isPartOf":{"@id":"https:\/\/colegioarquitectos.com\/noticias\/?p=23001"},"author":{"name":"Colegio de Arquitectos de Chile","@id":"https:\/\/colegioarquitectos.com\/noticias\/#\/schema\/person\/685cc0aad148303c5608f049af8285ad"},"headline":"Ra\u00fal Irarr\u00e1zabal S\u00e1nchez asumi\u00f3 como nuevo Director Nacional de Arquitectura del MOP","datePublished":"2019-03-05T14:06:06+00:00","dateModified":"2019-03-05T14:06:06+00:00","mainEntityOfPage":{"@id":"https:\/\/colegioarquitectos.com\/noticias\/?p=23001"},"wordCount":345,"publisher":{"@id":"https:\/\/colegioarquitectos.com\/noticias\/#organization"},"image":{"@id":"https:\/\/colegioarquitectos.com\/noticias\/?p=23001#primaryimage"},"thumbnailUrl":"https:\/\/colegioarquitectos.com\/noticias\/wp-content\/uploads\/2019\/03\/ENCABEZADO-MOP.jpg","articleSection":["Noticias"],"inLanguage":"es"},{"@type":"WebPage","@id":"https:\/\/colegioarquitectos.com\/noticias\/?p=23001","url":"https:\/\/colegioarquitectos.com\/noticias\/?p=23001","name":"Ra\u00fal Irarr\u00e1zabal S\u00e1nchez asumi\u00f3 como nuevo Director Nacional de Arquitectura del MOP - COLEGIO DE ARQUITECTOS DE CHILE","isPartOf":{"@id":"https:\/\/colegioarquitectos.com\/noticias\/#website"},"primaryImageOfPage":{"@id":"https:\/\/colegioarquitectos.com\/noticias\/?p=23001#primaryimage"},"image":{"@id":"https:\/\/colegioarquitectos.com\/noticias\/?p=23001#primaryimage"},"thumbnailUrl":"https:\/\/colegioarquitectos.com\/noticias\/wp-content\/uploads\/2019\/03\/ENCABEZADO-MOP.jpg","datePublished":"2019-03-05T14:06:06+00:00","dateModified":"2019-03-05T14:06:06+00:00","breadcrumb":{"@id":"https:\/\/colegioarquitectos.com\/noticias\/?p=23001#breadcrumb"},"inLanguage":"es","potentialAction":[{"@type":"ReadAction","target":["https:\/\/colegioarquitectos.com\/noticias\/?p=23001"]}]},{"@type":"ImageObject","inLanguage":"es","@id":"https:\/\/colegioarquitectos.com\/noticias\/?p=23001#primaryimage","url":"https:\/\/colegioarquitectos.com\/noticias\/wp-content\/uploads\/2019\/03\/ENCABEZADO-MOP.jpg","contentUrl":"https:\/\/colegioarquitectos.com\/noticias\/wp-content\/uploads\/2019\/03\/ENCABEZADO-MOP.jpg","width":690,"height":350},{"@type":"BreadcrumbList","@id":"https:\/\/colegioarquitectos.com\/noticias\/?p=23001#breadcrumb","itemListElement":[{"@type":"ListItem","position":1,"name":"Portada","item":"https:\/\/colegioarquitectos.com\/noticias"},{"@type":"ListItem","position":2,"name":"Ra\u00fal Irarr\u00e1zabal S\u00e1nchez asumi\u00f3 como nuevo Director Nacional de Arquitectura del MOP"}]},{"@type":"WebSite","@id":"https:\/\/colegioarquitectos.com\/noticias\/#website","url":"https:\/\/colegioarquitectos.com\/noticias\/","name":"COLEGIO DE ARQUITECTOS DE CHILE","description":"","publisher":{"@id":"https:\/\/colegioarquitectos.com\/noticias\/#organization"},"potentialAction":[{"@type":"SearchAction","target":{"@type":"EntryPoint","urlTemplate":"https:\/\/colegioarquitectos.com\/noticias\/?s={search_term_string}"},"query-input":{"@type":"PropertyValueSpecification","valueRequired":true,"valueName":"search_term_string"}}],"inLanguage":"es"},{"@type":"Organization","@id":"https:\/\/colegioarquitectos.com\/noticias\/#organization","name":"COLEGIO DE ARQUITECTOS DE CHILE","url":"https:\/\/colegioarquitectos.com\/noticias\/","logo":{"@type":"ImageObject","inLanguage":"es","@id":"https:\/\/colegioarquitectos.com\/noticias\/#\/schema\/logo\/image\/","url":"https:\/\/colegioarquitectos.com\/noticias\/wp-content\/uploads\/2021\/05\/ENCABEZADO-LOGO-CA.jpg","contentUrl":"https:\/\/colegioarquitectos.com\/noticias\/wp-content\/uploads\/2021\/05\/ENCABEZADO-LOGO-CA.jpg","width":690,"height":350,"caption":"COLEGIO DE ARQUITECTOS DE CHILE"},"image":{"@id":"https:\/\/colegioarquitectos.com\/noticias\/#\/schema\/logo\/image\/"},"sameAs":["https:\/\/facebook.com\/Colegioarq\/","https:\/\/x.com\/colegioarq","https:\/\/instagram.com\/colegioarq","https:\/\/youtube.com\/@ColegiodeArquitectosdeChile"]},{"@type":"Person","@id":"https:\/\/colegioarquitectos.com\/noticias\/#\/schema\/person\/685cc0aad148303c5608f049af8285ad","name":"Colegio de Arquitectos de Chile","url":"https:\/\/colegioarquitectos.com\/noticias\/?author=4"}]}},"_links":{"self":[{"href":"https:\/\/colegioarquitectos.com\/noticias\/index.php?rest_route=\/wp\/v2\/posts\/23001","targetHints":{"allow":["GET"]}}],"collection":[{"href":"https:\/\/colegioarquitectos.com\/noticias\/index.php?rest_route=\/wp\/v2\/posts"}],"about":[{"href":"https:\/\/colegioarquitectos.com\/noticias\/index.php?rest_route=\/wp\/v2\/types\/post"}],"author":[{"embeddable":true,"href":"https:\/\/colegioarquitectos.com\/noticias\/index.php?rest_route=\/wp\/v2\/users\/4"}],"replies":[{"embeddable":true,"href":"https:\/\/colegioarquitectos.com\/noticias\/index.php?rest_route=%2Fwp%2Fv2%2Fcomments&post=23001"}],"version-history":[{"count":0,"href":"https:\/\/colegioarquitectos.com\/noticias\/index.php?rest_route=\/wp\/v2\/posts\/23001\/revisions"}],"wp:featuredmedia":[{"embeddable":true,"href":"https:\/\/colegioarquitectos.com\/noticias\/index.php?rest_route=\/wp\/v2\/media\/23004"}],"wp:attachment":[{"href":"https:\/\/colegioarquitectos.com\/noticias\/index.php?rest_route=%2Fwp%2Fv2%2Fmedia&parent=23001"}],"wp:term":[{"taxonomy":"category","embeddable":true,"href":"https:\/\/colegioarquitectos.com\/noticias\/index.php?rest_route=%2Fwp%2Fv2%2Fcategories&post=23001"},{"taxonomy":"post_tag","embeddable":true,"href":"https:\/\/colegioarquitectos.com\/noticias\/index.php?rest_route=%2Fwp%2Fv2%2Ftags&post=23001"}],"curies":[{"name":"wp","href":"https:\/\/api.w.org\/{rel}","templated":true}]}}