
{"id":23006,"date":"2019-03-05T15:49:41","date_gmt":"2019-03-05T15:49:41","guid":{"rendered":"http:\/\/colegioarquitectos.com\/?p=23006"},"modified":"2019-03-07T17:37:27","modified_gmt":"2019-03-07T17:37:27","slug":"red-de-mujeres-por-la-ciudad-visibiliza-las-desigualdades-de-genero-y-promueve-una-ciudad-compartida-con-inclusion-e-igualdad","status":"publish","type":"post","link":"https:\/\/colegioarquitectos.com\/noticias\/?p=23006","title":{"rendered":"Red de Mujeres por la Ciudad visibiliza las desigualdades de g\u00e9nero y promueve una ciudad compartida con inclusi\u00f3n e igualdad"},"content":{"rendered":"<p><strong>Abordar las desigualdades y discriminaciones que enfrentan a diario las mujeres en la ciudad<\/strong>, y avanzar en ideas y en propuestas para habitarla con inclusi\u00f3n e igualdad, es el prop\u00f3sito de la <strong>Red de Mujeres por la Ciudad<\/strong>.<\/p>\n<p>Esta Red est\u00e1 constituida por mujeres de diferentes \u00e1mbitos y de diversas disciplinas, comprometidas con el derecho de las mujeres a usar y disfrutar la ciudad. <strong>Se propone visibilizar las demandas ciudadanas de las mujeres en su diversidad<\/strong>, y promover el reconocimiento de la necesidad de un enfoque de g\u00e9nero en las pol\u00edticas y programas urbanos.<\/p>\n<p>Ma\u00f1ana <strong>mi\u00e9rcoles 6 de marzo<\/strong>, a las <strong>10:00 horas<\/strong>, en la sede del <strong>Colegio de Arquitectos de Chile<\/strong>, Avenida Libertador Bernardo O\u2019Higgins 115, en el marco de las actividades de conmemoraci\u00f3n del d\u00eda de la mujer trabajadora y el llamado a Huelga para el 8 de marzo,<strong> la Red se har\u00e1 p\u00fablica con el objetivo de impulsar una convocatoria ciudadana para el cumplimiento de los derechos de las mujeres a la ciudad<\/strong>. En esa ocasi\u00f3n se entregar\u00e1 la declaraci\u00f3n <em><strong>\u00abUna ciudad libre de violencias contra las ni\u00f1as, es una ciudad que construye libertad y autonom\u00eda para las mujeres\u00bb<\/strong><\/em>.<\/p>\n<p>Las integrantes de la Red sostienen que: \u201cLa iniciativa de la Red, constituye un espacio de intercambio de ideas, experiencias y propuestas que pretende compartir y articular iniciativas con diversas organizaciones e instituciones relevantes en la ciudad, con el prop\u00f3sito de mejorar la calidad de vida de las mujeres\u201d.<\/p>\n<p>De igual manera, se plantean: \u201cIncidir en propuestas de pol\u00edtica p\u00fablica que contribuyan a una mayor autonom\u00eda f\u00edsica, econ\u00f3mica y pol\u00edtica de las mujeres y a disminuir las brechas de g\u00e9nero en la ciudad, con el fin de democratizar los espacios urbanos con una perspectiva de g\u00e9nero\u201d.<\/p>\n<p>Declaran que: \u201cQueremos habitar en una ciudad sin violencia hacia las ni\u00f1as y mujeres; con una movilidad y un transporte p\u00fablico que reconozca nuestros desplazamientos; una ciudad con servicios p\u00fablicos de calidad que respondan a las necesidades de la vida cotidiana, y al cuidado de las personas dependientes; una ciudad que contribuya a nuestra autonom\u00eda econ\u00f3mica con el acceso a un trabajo decente y salarios justos; una ciudad con pol\u00edticas de vivienda y de espacios p\u00fablicos que garanticen nuestra seguridad y promuevan nuestro desarrollo. En definitiva, una ciudad que potencie la autonom\u00eda de ni\u00f1as y mujeres desde una perspectiva de g\u00e9nero\u201d.<\/p>\n<p>&nbsp;<\/p>\n<p>La Red de Mujeres por la Ciudad est\u00e1 integrada, entre otras por:<\/p>\n<p><strong>Olga Segovia<\/strong>, Arquitecta, Investigadora de SUR Corporaci\u00f3n de Estudios y Educaci\u00f3n, representante de la Red Mujer y H\u00e1bitat de Am\u00e9rica Latina.<\/p>\n<p><strong>Valentina Saavedra<\/strong>, Arquitecta, de Fundaci\u00f3n V\u00e9rtice (ex presidenta de la FECH).<\/p>\n<p><strong>Geanina Zagal<\/strong>, Integrante de Ciudad Feminista, Docente del Centro Interdisciplinar de Estudios de G\u00e9nero (CIEG) de la Universidad de Chile.<\/p>\n<p><strong>Soledad Larra\u00edn<\/strong>, Secretaria General del Colegio de Arquitectos de Chile.<\/p>\n<p><strong>Liliana de Simone<\/strong>, Arquitecta, acad\u00e9mica Universidad Cat\u00f3lica<\/p>\n<p><strong>Mar\u00eda Jos\u00e9 Guerrero<\/strong>, Soci\u00f3loga, Presidenta del Observatorio Contra el Acoso Callejero (OCAC).<\/p>\n<p><strong>Paola Tapia Salas<\/strong>, Ex Ministra de Transportes y Telecomunicaciones, fundadora de Mujeres en Movimiento y Red Ciudad Futura. Consejera del Consejo de Pol\u00edticas de Infraestructura, CPI.<\/p>\n<p><strong>Cecilia Garc\u00eda Huidobro<\/strong>, Directora Museo Violeta Parra<\/p>\n<p><strong>Alejandra Luneke<\/strong>, Acad\u00e9mica Universidad Cat\u00f3lica<\/p>\n<p>&nbsp;<\/p>\n<p>Algunas cifras que grafican las desigualdades de c\u00f3mo mujeres y hombres viven las ciudades:<\/p>\n<ul>\n<li>El <strong>97%<\/strong> de las mujeres j\u00f3venes ha sufrido acoso callejero, seg\u00fan datos del a\u00f1o 2015. La mitad por lo menos una vez a la semana y dos de cada 10 con frecuencia diaria.<\/li>\n<li><strong>18,4%<\/strong> de las mujeres de la Regi\u00f3n Metropolitana reh\u00fayen transitar por plazas y parques; <strong>20,2%<\/strong> reh\u00fayen transitar por algunas calles, en comparaci\u00f3n con <strong>12%<\/strong> y <strong>14,4%<\/strong> de los hombres, respectivamente.<\/li>\n<li>Los viajes relacionados con las compras, la salud o para buscar o dejar a alguien representan un <strong>43%<\/strong> de los viajes realizados por las mujeres (en contraste con el <strong>21,4%<\/strong> de los viajes masculinos.<\/li>\n<li>Los viajes de recreaci\u00f3n representan el <strong>9%<\/strong> de los traslados de los hombres y solo el <strong>4%<\/strong> de los traslados de las mujeres.<\/li>\n<li><strong>73,8%<\/strong> de las mujeres de la Regi\u00f3n Metropolitana evitan llegar tarde al hogar y <strong>42%<\/strong> evita salir de noche, mientras <strong>54,5%<\/strong> y <strong>34,3%<\/strong> de los hombres hacen lo mismo, respectivamente.<\/li>\n<li>Las mujeres en Santiago realizan muchos m\u00e1s viajes a pie que los hombres, y las diferencias de g\u00e9nero al respecto se expresan sobre todo en los tramos etarios econ\u00f3micamente m\u00e1s activos \u2014<strong>de 31 a 50 a\u00f1os y de 51 a 65 a\u00f1os<\/strong>\u2014, donde las caminatas se duplican entre las mujeres frente a los hombres como forma de movilidad principal.<\/li>\n<li>En oposici\u00f3n, el uso del autom\u00f3vil es mucho m\u00e1s elevado entre hombres y llega a duplicar el uso del autom\u00f3vil por parte de las mujeres.<\/li>\n<\/ul>\n<p>&nbsp;<\/p>\n<p>Puedes inscribirte para asistir al lanzamiento o unirte a la Red de Mujeres por la Ciudad<strong>\u00a0<a href=\"https:\/\/docs.google.com\/forms\/d\/1cxMvvIjOcYuvJHom0B6z6NoAapJtggDcSiA2hQwVu3k\/viewform?edit_requested=true\">ac\u00e1<\/a><\/strong>.<\/p>\n<p><\/p>","protected":false},"excerpt":{"rendered":"<p>Abordar las desigualdades y discriminaciones que enfrentan a diario las mujeres en la ciudad, y avanzar en ideas y en propuestas para habitarla con inclusi\u00f3n e igualdad, es el prop\u00f3sito de la Red de Mujeres por la Ciudad. Esta Red &hellip; <a class=\"more-link\" href=\"https:\/\/colegioarquitectos.com\/noticias\/?p=23006\">ver m\u00e1s<\/a><\/p>","protected":false},"author":4,"featured_media":23007,"comment_status":"closed","ping_status":"closed","sticky":false,"template":"","format":"standard","meta":{"footnotes":""},"categories":[19],"tags":[],"class_list":["post-23006","post","type-post","status-publish","format-standard","has-post-thumbnail","hentry","category-actividades"],"yoast_head":"<!-- This site is optimized with the Yoast SEO plugin v24.2 - https:\/\/yoast.com\/wordpress\/plugins\/seo\/ -->\n<title>Red de Mujeres por la Ciudad visibiliza las desigualdades de g\u00e9nero y promueve una ciudad compartida con inclusi\u00f3n e igualdad - COLEGIO DE ARQUITECTOS DE CHILE<\/title>\n<meta name=\"robots\" content=\"index, follow, max-snippet:-1, max-image-preview:large, max-video-preview:-1\" \/>\n<link rel=\"canonical\" href=\"https:\/\/colegioarquitectos.com\/noticias\/?p=23006\" \/>\n<meta property=\"og:locale\" content=\"es_ES\" \/>\n<meta property=\"og:type\" content=\"article\" \/>\n<meta property=\"og:title\" content=\"Red de Mujeres por la Ciudad visibiliza las desigualdades de g\u00e9nero y promueve una ciudad compartida con inclusi\u00f3n e igualdad - COLEGIO DE ARQUITECTOS DE CHILE\" \/>\n<meta property=\"og:description\" content=\"Abordar las desigualdades y discriminaciones que enfrentan a diario las mujeres en la ciudad, y avanzar en ideas y en propuestas para habitarla con inclusi\u00f3n e igualdad, es el prop\u00f3sito de la Red de Mujeres por la Ciudad. Esta Red &hellip; ver m\u00e1s\" \/>\n<meta property=\"og:url\" content=\"https:\/\/colegioarquitectos.com\/noticias\/?p=23006\" \/>\n<meta property=\"og:site_name\" content=\"COLEGIO DE ARQUITECTOS DE CHILE\" \/>\n<meta property=\"article:publisher\" content=\"https:\/\/facebook.com\/Colegioarq\/\" \/>\n<meta property=\"article:published_time\" content=\"2019-03-05T15:49:41+00:00\" \/>\n<meta property=\"article:modified_time\" content=\"2019-03-07T17:37:27+00:00\" \/>\n<meta property=\"og:image\" content=\"https:\/\/colegioarquitectos.com\/noticias\/wp-content\/uploads\/2019\/03\/ENCABEZADO-00.jpg\" \/>\n\t<meta property=\"og:image:width\" content=\"690\" \/>\n\t<meta property=\"og:image:height\" content=\"350\" \/>\n\t<meta property=\"og:image:type\" content=\"image\/jpeg\" \/>\n<meta name=\"author\" content=\"Colegio de Arquitectos de Chile\" \/>\n<meta name=\"twitter:card\" content=\"summary_large_image\" \/>\n<meta name=\"twitter:creator\" content=\"@colegioarq\" \/>\n<meta name=\"twitter:site\" content=\"@colegioarq\" \/>\n<meta name=\"twitter:label1\" content=\"Escrito por\" \/>\n\t<meta name=\"twitter:data1\" content=\"Colegio de Arquitectos de Chile\" \/>\n\t<meta name=\"twitter:label2\" content=\"Tiempo de lectura\" \/>\n\t<meta name=\"twitter:data2\" content=\"4 minutos\" \/>\n<script type=\"application\/ld+json\" class=\"yoast-schema-graph\">{\"@context\":\"https:\/\/schema.org\",\"@graph\":[{\"@type\":\"Article\",\"@id\":\"https:\/\/colegioarquitectos.com\/noticias\/?p=23006#article\",\"isPartOf\":{\"@id\":\"https:\/\/colegioarquitectos.com\/noticias\/?p=23006\"},\"author\":{\"name\":\"Colegio de Arquitectos de Chile\",\"@id\":\"https:\/\/colegioarquitectos.com\/noticias\/#\/schema\/person\/685cc0aad148303c5608f049af8285ad\"},\"headline\":\"Red de Mujeres por la Ciudad visibiliza las desigualdades de g\u00e9nero y promueve una ciudad compartida con inclusi\u00f3n e igualdad\",\"datePublished\":\"2019-03-05T15:49:41+00:00\",\"dateModified\":\"2019-03-07T17:37:27+00:00\",\"mainEntityOfPage\":{\"@id\":\"https:\/\/colegioarquitectos.com\/noticias\/?p=23006\"},\"wordCount\":856,\"publisher\":{\"@id\":\"https:\/\/colegioarquitectos.com\/noticias\/#organization\"},\"image\":{\"@id\":\"https:\/\/colegioarquitectos.com\/noticias\/?p=23006#primaryimage\"},\"thumbnailUrl\":\"https:\/\/colegioarquitectos.com\/noticias\/wp-content\/uploads\/2019\/03\/ENCABEZADO-00.jpg\",\"articleSection\":[\"Actividades\"],\"inLanguage\":\"es\"},{\"@type\":\"WebPage\",\"@id\":\"https:\/\/colegioarquitectos.com\/noticias\/?p=23006\",\"url\":\"https:\/\/colegioarquitectos.com\/noticias\/?p=23006\",\"name\":\"Red de Mujeres por la Ciudad visibiliza las desigualdades de g\u00e9nero y promueve una ciudad compartida con inclusi\u00f3n e igualdad - COLEGIO DE ARQUITECTOS DE CHILE\",\"isPartOf\":{\"@id\":\"https:\/\/colegioarquitectos.com\/noticias\/#website\"},\"primaryImageOfPage\":{\"@id\":\"https:\/\/colegioarquitectos.com\/noticias\/?p=23006#primaryimage\"},\"image\":{\"@id\":\"https:\/\/colegioarquitectos.com\/noticias\/?p=23006#primaryimage\"},\"thumbnailUrl\":\"https:\/\/colegioarquitectos.com\/noticias\/wp-content\/uploads\/2019\/03\/ENCABEZADO-00.jpg\",\"datePublished\":\"2019-03-05T15:49:41+00:00\",\"dateModified\":\"2019-03-07T17:37:27+00:00\",\"breadcrumb\":{\"@id\":\"https:\/\/colegioarquitectos.com\/noticias\/?p=23006#breadcrumb\"},\"inLanguage\":\"es\",\"potentialAction\":[{\"@type\":\"ReadAction\",\"target\":[\"https:\/\/colegioarquitectos.com\/noticias\/?p=23006\"]}]},{\"@type\":\"ImageObject\",\"inLanguage\":\"es\",\"@id\":\"https:\/\/colegioarquitectos.com\/noticias\/?p=23006#primaryimage\",\"url\":\"https:\/\/colegioarquitectos.com\/noticias\/wp-content\/uploads\/2019\/03\/ENCABEZADO-00.jpg\",\"contentUrl\":\"https:\/\/colegioarquitectos.com\/noticias\/wp-content\/uploads\/2019\/03\/ENCABEZADO-00.jpg\",\"width\":690,\"height\":350},{\"@type\":\"BreadcrumbList\",\"@id\":\"https:\/\/colegioarquitectos.com\/noticias\/?p=23006#breadcrumb\",\"itemListElement\":[{\"@type\":\"ListItem\",\"position\":1,\"name\":\"Portada\",\"item\":\"https:\/\/colegioarquitectos.com\/noticias\"},{\"@type\":\"ListItem\",\"position\":2,\"name\":\"Red de Mujeres por la Ciudad visibiliza las desigualdades de g\u00e9nero y promueve una ciudad compartida con inclusi\u00f3n e igualdad\"}]},{\"@type\":\"WebSite\",\"@id\":\"https:\/\/colegioarquitectos.com\/noticias\/#website\",\"url\":\"https:\/\/colegioarquitectos.com\/noticias\/\",\"name\":\"COLEGIO DE ARQUITECTOS DE CHILE\",\"description\":\"\",\"publisher\":{\"@id\":\"https:\/\/colegioarquitectos.com\/noticias\/#organization\"},\"potentialAction\":[{\"@type\":\"SearchAction\",\"target\":{\"@type\":\"EntryPoint\",\"urlTemplate\":\"https:\/\/colegioarquitectos.com\/noticias\/?s={search_term_string}\"},\"query-input\":{\"@type\":\"PropertyValueSpecification\",\"valueRequired\":true,\"valueName\":\"search_term_string\"}}],\"inLanguage\":\"es\"},{\"@type\":\"Organization\",\"@id\":\"https:\/\/colegioarquitectos.com\/noticias\/#organization\",\"name\":\"COLEGIO DE ARQUITECTOS DE CHILE\",\"url\":\"https:\/\/colegioarquitectos.com\/noticias\/\",\"logo\":{\"@type\":\"ImageObject\",\"inLanguage\":\"es\",\"@id\":\"https:\/\/colegioarquitectos.com\/noticias\/#\/schema\/logo\/image\/\",\"url\":\"https:\/\/colegioarquitectos.com\/noticias\/wp-content\/uploads\/2021\/05\/ENCABEZADO-LOGO-CA.jpg\",\"contentUrl\":\"https:\/\/colegioarquitectos.com\/noticias\/wp-content\/uploads\/2021\/05\/ENCABEZADO-LOGO-CA.jpg\",\"width\":690,\"height\":350,\"caption\":\"COLEGIO DE ARQUITECTOS DE CHILE\"},\"image\":{\"@id\":\"https:\/\/colegioarquitectos.com\/noticias\/#\/schema\/logo\/image\/\"},\"sameAs\":[\"https:\/\/facebook.com\/Colegioarq\/\",\"https:\/\/x.com\/colegioarq\",\"https:\/\/instagram.com\/colegioarq\",\"https:\/\/youtube.com\/@ColegiodeArquitectosdeChile\"]},{\"@type\":\"Person\",\"@id\":\"https:\/\/colegioarquitectos.com\/noticias\/#\/schema\/person\/685cc0aad148303c5608f049af8285ad\",\"name\":\"Colegio de Arquitectos de Chile\",\"url\":\"https:\/\/colegioarquitectos.com\/noticias\/?author=4\"}]}<\/script>\n<!-- \/ Yoast SEO plugin. -->","yoast_head_json":{"title":"Red de Mujeres por la Ciudad visibiliza las desigualdades de g\u00e9nero y promueve una ciudad compartida con inclusi\u00f3n e igualdad - COLEGIO DE ARQUITECTOS DE CHILE","robots":{"index":"index","follow":"follow","max-snippet":"max-snippet:-1","max-image-preview":"max-image-preview:large","max-video-preview":"max-video-preview:-1"},"canonical":"https:\/\/colegioarquitectos.com\/noticias\/?p=23006","og_locale":"es_ES","og_type":"article","og_title":"Red de Mujeres por la Ciudad visibiliza las desigualdades de g\u00e9nero y promueve una ciudad compartida con inclusi\u00f3n e igualdad - COLEGIO DE ARQUITECTOS DE CHILE","og_description":"Abordar las desigualdades y discriminaciones que enfrentan a diario las mujeres en la ciudad, y avanzar en ideas y en propuestas para habitarla con inclusi\u00f3n e igualdad, es el prop\u00f3sito de la Red de Mujeres por la Ciudad. Esta Red &hellip; ver m\u00e1s","og_url":"https:\/\/colegioarquitectos.com\/noticias\/?p=23006","og_site_name":"COLEGIO DE ARQUITECTOS DE CHILE","article_publisher":"https:\/\/facebook.com\/Colegioarq\/","article_published_time":"2019-03-05T15:49:41+00:00","article_modified_time":"2019-03-07T17:37:27+00:00","og_image":[{"width":690,"height":350,"url":"https:\/\/colegioarquitectos.com\/noticias\/wp-content\/uploads\/2019\/03\/ENCABEZADO-00.jpg","type":"image\/jpeg"}],"author":"Colegio de Arquitectos de Chile","twitter_card":"summary_large_image","twitter_creator":"@colegioarq","twitter_site":"@colegioarq","twitter_misc":{"Escrito por":"Colegio de Arquitectos de Chile","Tiempo de lectura":"4 minutos"},"schema":{"@context":"https:\/\/schema.org","@graph":[{"@type":"Article","@id":"https:\/\/colegioarquitectos.com\/noticias\/?p=23006#article","isPartOf":{"@id":"https:\/\/colegioarquitectos.com\/noticias\/?p=23006"},"author":{"name":"Colegio de Arquitectos de Chile","@id":"https:\/\/colegioarquitectos.com\/noticias\/#\/schema\/person\/685cc0aad148303c5608f049af8285ad"},"headline":"Red de Mujeres por la Ciudad visibiliza las desigualdades de g\u00e9nero y promueve una ciudad compartida con inclusi\u00f3n e igualdad","datePublished":"2019-03-05T15:49:41+00:00","dateModified":"2019-03-07T17:37:27+00:00","mainEntityOfPage":{"@id":"https:\/\/colegioarquitectos.com\/noticias\/?p=23006"},"wordCount":856,"publisher":{"@id":"https:\/\/colegioarquitectos.com\/noticias\/#organization"},"image":{"@id":"https:\/\/colegioarquitectos.com\/noticias\/?p=23006#primaryimage"},"thumbnailUrl":"https:\/\/colegioarquitectos.com\/noticias\/wp-content\/uploads\/2019\/03\/ENCABEZADO-00.jpg","articleSection":["Actividades"],"inLanguage":"es"},{"@type":"WebPage","@id":"https:\/\/colegioarquitectos.com\/noticias\/?p=23006","url":"https:\/\/colegioarquitectos.com\/noticias\/?p=23006","name":"Red de Mujeres por la Ciudad visibiliza las desigualdades de g\u00e9nero y promueve una ciudad compartida con inclusi\u00f3n e igualdad - COLEGIO DE ARQUITECTOS DE CHILE","isPartOf":{"@id":"https:\/\/colegioarquitectos.com\/noticias\/#website"},"primaryImageOfPage":{"@id":"https:\/\/colegioarquitectos.com\/noticias\/?p=23006#primaryimage"},"image":{"@id":"https:\/\/colegioarquitectos.com\/noticias\/?p=23006#primaryimage"},"thumbnailUrl":"https:\/\/colegioarquitectos.com\/noticias\/wp-content\/uploads\/2019\/03\/ENCABEZADO-00.jpg","datePublished":"2019-03-05T15:49:41+00:00","dateModified":"2019-03-07T17:37:27+00:00","breadcrumb":{"@id":"https:\/\/colegioarquitectos.com\/noticias\/?p=23006#breadcrumb"},"inLanguage":"es","potentialAction":[{"@type":"ReadAction","target":["https:\/\/colegioarquitectos.com\/noticias\/?p=23006"]}]},{"@type":"ImageObject","inLanguage":"es","@id":"https:\/\/colegioarquitectos.com\/noticias\/?p=23006#primaryimage","url":"https:\/\/colegioarquitectos.com\/noticias\/wp-content\/uploads\/2019\/03\/ENCABEZADO-00.jpg","contentUrl":"https:\/\/colegioarquitectos.com\/noticias\/wp-content\/uploads\/2019\/03\/ENCABEZADO-00.jpg","width":690,"height":350},{"@type":"BreadcrumbList","@id":"https:\/\/colegioarquitectos.com\/noticias\/?p=23006#breadcrumb","itemListElement":[{"@type":"ListItem","position":1,"name":"Portada","item":"https:\/\/colegioarquitectos.com\/noticias"},{"@type":"ListItem","position":2,"name":"Red de Mujeres por la Ciudad visibiliza las desigualdades de g\u00e9nero y promueve una ciudad compartida con inclusi\u00f3n e igualdad"}]},{"@type":"WebSite","@id":"https:\/\/colegioarquitectos.com\/noticias\/#website","url":"https:\/\/colegioarquitectos.com\/noticias\/","name":"COLEGIO DE ARQUITECTOS DE CHILE","description":"","publisher":{"@id":"https:\/\/colegioarquitectos.com\/noticias\/#organization"},"potentialAction":[{"@type":"SearchAction","target":{"@type":"EntryPoint","urlTemplate":"https:\/\/colegioarquitectos.com\/noticias\/?s={search_term_string}"},"query-input":{"@type":"PropertyValueSpecification","valueRequired":true,"valueName":"search_term_string"}}],"inLanguage":"es"},{"@type":"Organization","@id":"https:\/\/colegioarquitectos.com\/noticias\/#organization","name":"COLEGIO DE ARQUITECTOS DE CHILE","url":"https:\/\/colegioarquitectos.com\/noticias\/","logo":{"@type":"ImageObject","inLanguage":"es","@id":"https:\/\/colegioarquitectos.com\/noticias\/#\/schema\/logo\/image\/","url":"https:\/\/colegioarquitectos.com\/noticias\/wp-content\/uploads\/2021\/05\/ENCABEZADO-LOGO-CA.jpg","contentUrl":"https:\/\/colegioarquitectos.com\/noticias\/wp-content\/uploads\/2021\/05\/ENCABEZADO-LOGO-CA.jpg","width":690,"height":350,"caption":"COLEGIO DE ARQUITECTOS DE CHILE"},"image":{"@id":"https:\/\/colegioarquitectos.com\/noticias\/#\/schema\/logo\/image\/"},"sameAs":["https:\/\/facebook.com\/Colegioarq\/","https:\/\/x.com\/colegioarq","https:\/\/instagram.com\/colegioarq","https:\/\/youtube.com\/@ColegiodeArquitectosdeChile"]},{"@type":"Person","@id":"https:\/\/colegioarquitectos.com\/noticias\/#\/schema\/person\/685cc0aad148303c5608f049af8285ad","name":"Colegio de Arquitectos de Chile","url":"https:\/\/colegioarquitectos.com\/noticias\/?author=4"}]}},"_links":{"self":[{"href":"https:\/\/colegioarquitectos.com\/noticias\/index.php?rest_route=\/wp\/v2\/posts\/23006","targetHints":{"allow":["GET"]}}],"collection":[{"href":"https:\/\/colegioarquitectos.com\/noticias\/index.php?rest_route=\/wp\/v2\/posts"}],"about":[{"href":"https:\/\/colegioarquitectos.com\/noticias\/index.php?rest_route=\/wp\/v2\/types\/post"}],"author":[{"embeddable":true,"href":"https:\/\/colegioarquitectos.com\/noticias\/index.php?rest_route=\/wp\/v2\/users\/4"}],"replies":[{"embeddable":true,"href":"https:\/\/colegioarquitectos.com\/noticias\/index.php?rest_route=%2Fwp%2Fv2%2Fcomments&post=23006"}],"version-history":[{"count":0,"href":"https:\/\/colegioarquitectos.com\/noticias\/index.php?rest_route=\/wp\/v2\/posts\/23006\/revisions"}],"wp:featuredmedia":[{"embeddable":true,"href":"https:\/\/colegioarquitectos.com\/noticias\/index.php?rest_route=\/wp\/v2\/media\/23007"}],"wp:attachment":[{"href":"https:\/\/colegioarquitectos.com\/noticias\/index.php?rest_route=%2Fwp%2Fv2%2Fmedia&parent=23006"}],"wp:term":[{"taxonomy":"category","embeddable":true,"href":"https:\/\/colegioarquitectos.com\/noticias\/index.php?rest_route=%2Fwp%2Fv2%2Fcategories&post=23006"},{"taxonomy":"post_tag","embeddable":true,"href":"https:\/\/colegioarquitectos.com\/noticias\/index.php?rest_route=%2Fwp%2Fv2%2Ftags&post=23006"}],"curies":[{"name":"wp","href":"https:\/\/api.w.org\/{rel}","templated":true}]}}