
{"id":23018,"date":"2019-03-07T17:37:37","date_gmt":"2019-03-07T17:37:37","guid":{"rendered":"http:\/\/colegioarquitectos.com\/?p=23018"},"modified":"2019-03-07T17:37:37","modified_gmt":"2019-03-07T17:37:37","slug":"se-realizo-el-lanzamiento-de-la-red-de-mujeres-por-la-ciudad","status":"publish","type":"post","link":"https:\/\/colegioarquitectos.com\/noticias\/?p=23018","title":{"rendered":"Se realiz\u00f3 el lanzamiento de la Red de Mujeres por la Ciudad"},"content":{"rendered":"<p>El mi\u00e9rcoles 6 de marzo en la sede nacional del <strong>Colegio de Arquitectos de Chile<\/strong> se hizo p\u00fablica la <a href=\"http:\/\/www.facebook.com\/redmujeresporlaciudad\"><strong>Red de Mujeres por la Ciudad<\/strong><\/a>, la cual tiene por objetivo visibilizar las desigualdades que enfrentan a diario las mujeres en la ciudad, y avanzar en <strong>propuestas que permitan habitar ciudades inclusivas, con enfoque de g\u00e9nero<\/strong>.<\/p>\n<p>La Red est\u00e1 constituida por mujeres de diferentes \u00e1mbitos y disciplinas, comprometidas con el cumplimento del derecho de las mujeres a usar y disfrutar la ciudad. Se propone fortalecer las demandas ciudadanas de las mujeres en su diversidad, <strong>y promover el reconocimiento de la necesidad de un enfoque de g\u00e9nero en las pol\u00edticas y programas urbanos<\/strong>.<\/p>\n<p>\u201cQueremos una ciudad en la cual podamos vivir libres de violencia, en la cual la planificaci\u00f3n urbana considere las necesidades de hombres y mujeres, queremos una ciudad en la cual el transporte responda a la realidad de nuestros desplazamientos cotidianos. Levantando estas demandas en forma colectiva queremos conmemorar este 8 de marzo con estas iniciativas\u201d sostuvo<strong> Olga Segovia<\/strong>, arquitecta, Investigadora de SUR Corporaci\u00f3n de Estudios y Educaci\u00f3n e integrante de la Red de Mujeres por la Ciudad.<\/p>\n<p>En la ocasi\u00f3n, las integrantes de la Red leyeron la declaraci\u00f3n para el 8 de marzo<em> \u201c<strong>Por una ciudad con derechos e igualdad de g\u00e9nero: Una ciudad libre de violencias contra las ni\u00f1as, es una ciudad que construye libertad y autonom\u00eda para las mujeres<\/strong>\u201d <\/em>en la cual plantean que \u201cla desigualdad de g\u00e9nero es un tipo de violencia que se expresa de m\u00faltiples formas en la vida urbana de ni\u00f1as y mujeres, incrementando sentimientos de inseguridad en ellas. Tanto en la ciudad como en zonas rurales las labores de cuidado y trabajo dom\u00e9stico no remunerado son realizadas mayoritariamente por ni\u00f1as y mujeres, muchas veces en condiciones inseguras de movilidad y desplazamiento especialmente en zonas empobrecidas y degradadas. Esta situaci\u00f3n mina la seguridad y autonom\u00eda de esas ni\u00f1as y mujeres ya que la confianza que tengan en el espacio privado y p\u00fablico es central para el desarrollo de la ciudadan\u00eda y el libre ejercicio de sus derechos\u201d.<\/p>\n<p>La declaraci\u00f3n agrega que \u201ccuando las mujeres, especialmente las ni\u00f1as y j\u00f3venes nos encontramos expuestas a violencias espec\u00edficas por el solo hecho de ser mujeres (violencia sexual, violencia simb\u00f3lica, violencia institucional, entre otras), abandonamos los espacios p\u00fablicos, disminuimos nuestra movilidad, cambiamos nuestros recorridos. En definitiva, restringimos el tiempo y el espacio de uso, nuestra experiencia y disfrute de la ciudad\u201d.<\/p>\n<p>En la instancia, <strong>Soledad Larra\u00edn<\/strong>,<strong> Secretaria General del Colegio de Arquitectos<\/strong>, explic\u00f3 que la idea de la Red de Mujeres por la Ciudad es, reunir a mujeres que est\u00e1n trabajando en temas de urbanismo, tratando de instalar los temas de g\u00e9nero en la ciudad, \u201cy queremos hacer \u00e9nfasis en la necesidad de crear ciudades amables pensando en las ni\u00f1as. Hoy no puede ser que una mujer tenga que modificar sus horarios, sus trayectos, sus actividades, por miedo, por inseguridad al acoso, y debemos allanar el terreno para evitar que eso suceda, eso nos motiva a quienes estamos en esta red\u201d.<\/p>\n<p>En ese sentido, la diputada <strong>Gael Yoemanss<\/strong> agreg\u00f3 que \u201cesta red hace un llamado para crear pol\u00edticas p\u00fablicas que aborden el nivel de desprotecci\u00f3n al cual est\u00e1n expuestas las mujeres y las ni\u00f1as en la ciudad. Las mujeres y ni\u00f1as somos acosadas desde peque\u00f1as, en el trayecto al colegio, en camino a casa y debemos hacer un esfuerzo, para que, desde la institucionalidad del Estado, se pueda dar respuesta a estos problemas\u201d.<\/p>\n<p>La <a href=\"http:\/\/www.facebook.com\/redmujeresporlaciudad\"><strong>Red de Mujeres por la ciudad<\/strong><\/a> est\u00e1 integrada entre otras por \u00a0por <strong>Gael Yeomans<\/strong>, diputada, <strong>Olga Segovia<\/strong>, Arquitecta, Investigadora de SUR Corporaci\u00f3n de Estudios y Educaci\u00f3n, representante de la Red Mujer y H\u00e1bitat de Am\u00e9rica Latina;, <strong>Valentina Saavedra<\/strong>, arquitecta, de Fundaci\u00f3n V\u00e9rtice (ex presidenta de la FECH), <strong>Geanina Zagal<\/strong>, Integrante de Ciudad Feminista, Docente del Centro Interdisciplinar de Estudios de G\u00e9nero (CIEG) de la Universidad de Chile; <strong>Soledad Larra\u00edn<\/strong>, Secretaria General del Colegio de Arquitectos de Chile; <strong>Liliana de Simone<\/strong>, arquitecta, acad\u00e9mica Universidad Cat\u00f3lica, <strong>Mar\u00eda Jos\u00e9 Guerrero<\/strong>, Soci\u00f3loga, Presidenta del Observatorio Contra el Acoso Callejero (OCAC); <strong>Paola Tapia Salas<\/strong>, Ex Ministra de Transportes y Telecomunicaciones, fundadora de Mujeres en Movimiento y Red Ciudad Futura. Consejera del Consejo de Pol\u00edticas de Infraestructura, CPI; <strong>Patricia Retamal,<\/strong> Coordinadora de la Direcci\u00f3n de G\u00e9nero de la Universidad de Chile y Fundadora de Ciudad Feminista.<\/p>\n<p>Con respecto a la adhesi\u00f3n a la huelga del <strong>8 de marzo<\/strong>, Olga Segovia hizo un llamado para todas las mujeres a marchar y manifestarse \u201cpara conmemorar un d\u00eda hist\u00f3rico, en un momento importante, l<strong>a huelga puede tener muchas formas, asambleas, conversaciones, tenemos que estar en el debate p\u00fablico y la huelga es forma leg\u00edtima de manifestarse<\/strong>\u201d.<\/p>\n<p>&nbsp;<\/p>\n<p>Puedes descargar ac\u00e1 completa la declaraci\u00f3n<em><a href=\"http:\/\/colegioarquitectos.com\/noticias\/wp-content\/uploads\/2019\/03\/Declaraci\u00f3n-Por-una-ciudad-con-derechos-e-igualdad-de-g\u00e9nero.pdf\"> \u201c<strong>Por una ciudad con derechos e igualdad de g\u00e9nero: Una ciudad libre de violencias contra las ni\u00f1as, es una ciudad que construye libertad y autonom\u00eda para las mujeres<\/strong>\u201d<\/a>.<\/em><\/p>\n<p><\/p>","protected":false},"excerpt":{"rendered":"<p>El mi\u00e9rcoles 6 de marzo en la sede nacional del Colegio de Arquitectos de Chile se hizo p\u00fablica la Red de Mujeres por la Ciudad, la cual tiene por objetivo visibilizar las desigualdades que enfrentan a diario las mujeres en &hellip; <a class=\"more-link\" href=\"https:\/\/colegioarquitectos.com\/noticias\/?p=23018\">ver m\u00e1s<\/a><\/p>","protected":false},"author":4,"featured_media":23024,"comment_status":"closed","ping_status":"closed","sticky":false,"template":"","format":"standard","meta":{"footnotes":""},"categories":[3],"tags":[],"class_list":["post-23018","post","type-post","status-publish","format-standard","has-post-thumbnail","hentry","category-noticias"],"yoast_head":"<!-- This site is optimized with the Yoast SEO plugin v24.2 - https:\/\/yoast.com\/wordpress\/plugins\/seo\/ -->\n<title>Se realiz\u00f3 el lanzamiento de la Red de Mujeres por la Ciudad - COLEGIO DE ARQUITECTOS DE CHILE<\/title>\n<meta name=\"robots\" content=\"index, follow, max-snippet:-1, max-image-preview:large, max-video-preview:-1\" \/>\n<link rel=\"canonical\" href=\"https:\/\/colegioarquitectos.com\/noticias\/?p=23018\" \/>\n<meta property=\"og:locale\" content=\"es_ES\" \/>\n<meta property=\"og:type\" content=\"article\" \/>\n<meta property=\"og:title\" content=\"Se realiz\u00f3 el lanzamiento de la Red de Mujeres por la Ciudad - COLEGIO DE ARQUITECTOS DE CHILE\" \/>\n<meta property=\"og:description\" content=\"El mi\u00e9rcoles 6 de marzo en la sede nacional del Colegio de Arquitectos de Chile se hizo p\u00fablica la Red de Mujeres por la Ciudad, la cual tiene por objetivo visibilizar las desigualdades que enfrentan a diario las mujeres en &hellip; ver m\u00e1s\" \/>\n<meta property=\"og:url\" content=\"https:\/\/colegioarquitectos.com\/noticias\/?p=23018\" \/>\n<meta property=\"og:site_name\" content=\"COLEGIO DE ARQUITECTOS DE CHILE\" \/>\n<meta property=\"article:publisher\" content=\"https:\/\/facebook.com\/Colegioarq\/\" \/>\n<meta property=\"article:published_time\" content=\"2019-03-07T17:37:37+00:00\" \/>\n<meta property=\"og:image\" content=\"https:\/\/colegioarquitectos.com\/noticias\/wp-content\/uploads\/2019\/03\/ENCABEZADO-MUJEREAS.jpg\" \/>\n\t<meta property=\"og:image:width\" content=\"690\" \/>\n\t<meta property=\"og:image:height\" content=\"350\" \/>\n\t<meta property=\"og:image:type\" content=\"image\/jpeg\" \/>\n<meta name=\"author\" content=\"Colegio de Arquitectos de Chile\" \/>\n<meta name=\"twitter:card\" content=\"summary_large_image\" \/>\n<meta name=\"twitter:creator\" content=\"@colegioarq\" \/>\n<meta name=\"twitter:site\" content=\"@colegioarq\" \/>\n<meta name=\"twitter:label1\" content=\"Escrito por\" \/>\n\t<meta name=\"twitter:data1\" content=\"Colegio de Arquitectos de Chile\" \/>\n\t<meta name=\"twitter:label2\" content=\"Tiempo de lectura\" \/>\n\t<meta name=\"twitter:data2\" content=\"4 minutos\" \/>\n<script type=\"application\/ld+json\" class=\"yoast-schema-graph\">{\"@context\":\"https:\/\/schema.org\",\"@graph\":[{\"@type\":\"Article\",\"@id\":\"https:\/\/colegioarquitectos.com\/noticias\/?p=23018#article\",\"isPartOf\":{\"@id\":\"https:\/\/colegioarquitectos.com\/noticias\/?p=23018\"},\"author\":{\"name\":\"Colegio de Arquitectos de Chile\",\"@id\":\"https:\/\/colegioarquitectos.com\/noticias\/#\/schema\/person\/685cc0aad148303c5608f049af8285ad\"},\"headline\":\"Se realiz\u00f3 el lanzamiento de la Red de Mujeres por la Ciudad\",\"datePublished\":\"2019-03-07T17:37:37+00:00\",\"dateModified\":\"2019-03-07T17:37:37+00:00\",\"mainEntityOfPage\":{\"@id\":\"https:\/\/colegioarquitectos.com\/noticias\/?p=23018\"},\"wordCount\":881,\"publisher\":{\"@id\":\"https:\/\/colegioarquitectos.com\/noticias\/#organization\"},\"image\":{\"@id\":\"https:\/\/colegioarquitectos.com\/noticias\/?p=23018#primaryimage\"},\"thumbnailUrl\":\"https:\/\/colegioarquitectos.com\/noticias\/wp-content\/uploads\/2019\/03\/ENCABEZADO-MUJEREAS.jpg\",\"articleSection\":[\"Noticias\"],\"inLanguage\":\"es\"},{\"@type\":\"WebPage\",\"@id\":\"https:\/\/colegioarquitectos.com\/noticias\/?p=23018\",\"url\":\"https:\/\/colegioarquitectos.com\/noticias\/?p=23018\",\"name\":\"Se realiz\u00f3 el lanzamiento de la Red de Mujeres por la Ciudad - COLEGIO DE ARQUITECTOS DE CHILE\",\"isPartOf\":{\"@id\":\"https:\/\/colegioarquitectos.com\/noticias\/#website\"},\"primaryImageOfPage\":{\"@id\":\"https:\/\/colegioarquitectos.com\/noticias\/?p=23018#primaryimage\"},\"image\":{\"@id\":\"https:\/\/colegioarquitectos.com\/noticias\/?p=23018#primaryimage\"},\"thumbnailUrl\":\"https:\/\/colegioarquitectos.com\/noticias\/wp-content\/uploads\/2019\/03\/ENCABEZADO-MUJEREAS.jpg\",\"datePublished\":\"2019-03-07T17:37:37+00:00\",\"dateModified\":\"2019-03-07T17:37:37+00:00\",\"breadcrumb\":{\"@id\":\"https:\/\/colegioarquitectos.com\/noticias\/?p=23018#breadcrumb\"},\"inLanguage\":\"es\",\"potentialAction\":[{\"@type\":\"ReadAction\",\"target\":[\"https:\/\/colegioarquitectos.com\/noticias\/?p=23018\"]}]},{\"@type\":\"ImageObject\",\"inLanguage\":\"es\",\"@id\":\"https:\/\/colegioarquitectos.com\/noticias\/?p=23018#primaryimage\",\"url\":\"https:\/\/colegioarquitectos.com\/noticias\/wp-content\/uploads\/2019\/03\/ENCABEZADO-MUJEREAS.jpg\",\"contentUrl\":\"https:\/\/colegioarquitectos.com\/noticias\/wp-content\/uploads\/2019\/03\/ENCABEZADO-MUJEREAS.jpg\",\"width\":690,\"height\":350},{\"@type\":\"BreadcrumbList\",\"@id\":\"https:\/\/colegioarquitectos.com\/noticias\/?p=23018#breadcrumb\",\"itemListElement\":[{\"@type\":\"ListItem\",\"position\":1,\"name\":\"Portada\",\"item\":\"https:\/\/colegioarquitectos.com\/noticias\"},{\"@type\":\"ListItem\",\"position\":2,\"name\":\"Se realiz\u00f3 el lanzamiento de la Red de Mujeres por la Ciudad\"}]},{\"@type\":\"WebSite\",\"@id\":\"https:\/\/colegioarquitectos.com\/noticias\/#website\",\"url\":\"https:\/\/colegioarquitectos.com\/noticias\/\",\"name\":\"COLEGIO DE ARQUITECTOS DE CHILE\",\"description\":\"\",\"publisher\":{\"@id\":\"https:\/\/colegioarquitectos.com\/noticias\/#organization\"},\"potentialAction\":[{\"@type\":\"SearchAction\",\"target\":{\"@type\":\"EntryPoint\",\"urlTemplate\":\"https:\/\/colegioarquitectos.com\/noticias\/?s={search_term_string}\"},\"query-input\":{\"@type\":\"PropertyValueSpecification\",\"valueRequired\":true,\"valueName\":\"search_term_string\"}}],\"inLanguage\":\"es\"},{\"@type\":\"Organization\",\"@id\":\"https:\/\/colegioarquitectos.com\/noticias\/#organization\",\"name\":\"COLEGIO DE ARQUITECTOS DE CHILE\",\"url\":\"https:\/\/colegioarquitectos.com\/noticias\/\",\"logo\":{\"@type\":\"ImageObject\",\"inLanguage\":\"es\",\"@id\":\"https:\/\/colegioarquitectos.com\/noticias\/#\/schema\/logo\/image\/\",\"url\":\"https:\/\/colegioarquitectos.com\/noticias\/wp-content\/uploads\/2021\/05\/ENCABEZADO-LOGO-CA.jpg\",\"contentUrl\":\"https:\/\/colegioarquitectos.com\/noticias\/wp-content\/uploads\/2021\/05\/ENCABEZADO-LOGO-CA.jpg\",\"width\":690,\"height\":350,\"caption\":\"COLEGIO DE ARQUITECTOS DE CHILE\"},\"image\":{\"@id\":\"https:\/\/colegioarquitectos.com\/noticias\/#\/schema\/logo\/image\/\"},\"sameAs\":[\"https:\/\/facebook.com\/Colegioarq\/\",\"https:\/\/x.com\/colegioarq\",\"https:\/\/instagram.com\/colegioarq\",\"https:\/\/youtube.com\/@ColegiodeArquitectosdeChile\"]},{\"@type\":\"Person\",\"@id\":\"https:\/\/colegioarquitectos.com\/noticias\/#\/schema\/person\/685cc0aad148303c5608f049af8285ad\",\"name\":\"Colegio de Arquitectos de Chile\",\"url\":\"https:\/\/colegioarquitectos.com\/noticias\/?author=4\"}]}<\/script>\n<!-- \/ Yoast SEO plugin. -->","yoast_head_json":{"title":"Se realiz\u00f3 el lanzamiento de la Red de Mujeres por la Ciudad - COLEGIO DE ARQUITECTOS DE CHILE","robots":{"index":"index","follow":"follow","max-snippet":"max-snippet:-1","max-image-preview":"max-image-preview:large","max-video-preview":"max-video-preview:-1"},"canonical":"https:\/\/colegioarquitectos.com\/noticias\/?p=23018","og_locale":"es_ES","og_type":"article","og_title":"Se realiz\u00f3 el lanzamiento de la Red de Mujeres por la Ciudad - COLEGIO DE ARQUITECTOS DE CHILE","og_description":"El mi\u00e9rcoles 6 de marzo en la sede nacional del Colegio de Arquitectos de Chile se hizo p\u00fablica la Red de Mujeres por la Ciudad, la cual tiene por objetivo visibilizar las desigualdades que enfrentan a diario las mujeres en &hellip; ver m\u00e1s","og_url":"https:\/\/colegioarquitectos.com\/noticias\/?p=23018","og_site_name":"COLEGIO DE ARQUITECTOS DE CHILE","article_publisher":"https:\/\/facebook.com\/Colegioarq\/","article_published_time":"2019-03-07T17:37:37+00:00","og_image":[{"width":690,"height":350,"url":"https:\/\/colegioarquitectos.com\/noticias\/wp-content\/uploads\/2019\/03\/ENCABEZADO-MUJEREAS.jpg","type":"image\/jpeg"}],"author":"Colegio de Arquitectos de Chile","twitter_card":"summary_large_image","twitter_creator":"@colegioarq","twitter_site":"@colegioarq","twitter_misc":{"Escrito por":"Colegio de Arquitectos de Chile","Tiempo de lectura":"4 minutos"},"schema":{"@context":"https:\/\/schema.org","@graph":[{"@type":"Article","@id":"https:\/\/colegioarquitectos.com\/noticias\/?p=23018#article","isPartOf":{"@id":"https:\/\/colegioarquitectos.com\/noticias\/?p=23018"},"author":{"name":"Colegio de Arquitectos de Chile","@id":"https:\/\/colegioarquitectos.com\/noticias\/#\/schema\/person\/685cc0aad148303c5608f049af8285ad"},"headline":"Se realiz\u00f3 el lanzamiento de la Red de Mujeres por la Ciudad","datePublished":"2019-03-07T17:37:37+00:00","dateModified":"2019-03-07T17:37:37+00:00","mainEntityOfPage":{"@id":"https:\/\/colegioarquitectos.com\/noticias\/?p=23018"},"wordCount":881,"publisher":{"@id":"https:\/\/colegioarquitectos.com\/noticias\/#organization"},"image":{"@id":"https:\/\/colegioarquitectos.com\/noticias\/?p=23018#primaryimage"},"thumbnailUrl":"https:\/\/colegioarquitectos.com\/noticias\/wp-content\/uploads\/2019\/03\/ENCABEZADO-MUJEREAS.jpg","articleSection":["Noticias"],"inLanguage":"es"},{"@type":"WebPage","@id":"https:\/\/colegioarquitectos.com\/noticias\/?p=23018","url":"https:\/\/colegioarquitectos.com\/noticias\/?p=23018","name":"Se realiz\u00f3 el lanzamiento de la Red de Mujeres por la Ciudad - COLEGIO DE ARQUITECTOS DE CHILE","isPartOf":{"@id":"https:\/\/colegioarquitectos.com\/noticias\/#website"},"primaryImageOfPage":{"@id":"https:\/\/colegioarquitectos.com\/noticias\/?p=23018#primaryimage"},"image":{"@id":"https:\/\/colegioarquitectos.com\/noticias\/?p=23018#primaryimage"},"thumbnailUrl":"https:\/\/colegioarquitectos.com\/noticias\/wp-content\/uploads\/2019\/03\/ENCABEZADO-MUJEREAS.jpg","datePublished":"2019-03-07T17:37:37+00:00","dateModified":"2019-03-07T17:37:37+00:00","breadcrumb":{"@id":"https:\/\/colegioarquitectos.com\/noticias\/?p=23018#breadcrumb"},"inLanguage":"es","potentialAction":[{"@type":"ReadAction","target":["https:\/\/colegioarquitectos.com\/noticias\/?p=23018"]}]},{"@type":"ImageObject","inLanguage":"es","@id":"https:\/\/colegioarquitectos.com\/noticias\/?p=23018#primaryimage","url":"https:\/\/colegioarquitectos.com\/noticias\/wp-content\/uploads\/2019\/03\/ENCABEZADO-MUJEREAS.jpg","contentUrl":"https:\/\/colegioarquitectos.com\/noticias\/wp-content\/uploads\/2019\/03\/ENCABEZADO-MUJEREAS.jpg","width":690,"height":350},{"@type":"BreadcrumbList","@id":"https:\/\/colegioarquitectos.com\/noticias\/?p=23018#breadcrumb","itemListElement":[{"@type":"ListItem","position":1,"name":"Portada","item":"https:\/\/colegioarquitectos.com\/noticias"},{"@type":"ListItem","position":2,"name":"Se realiz\u00f3 el lanzamiento de la Red de Mujeres por la Ciudad"}]},{"@type":"WebSite","@id":"https:\/\/colegioarquitectos.com\/noticias\/#website","url":"https:\/\/colegioarquitectos.com\/noticias\/","name":"COLEGIO DE ARQUITECTOS DE CHILE","description":"","publisher":{"@id":"https:\/\/colegioarquitectos.com\/noticias\/#organization"},"potentialAction":[{"@type":"SearchAction","target":{"@type":"EntryPoint","urlTemplate":"https:\/\/colegioarquitectos.com\/noticias\/?s={search_term_string}"},"query-input":{"@type":"PropertyValueSpecification","valueRequired":true,"valueName":"search_term_string"}}],"inLanguage":"es"},{"@type":"Organization","@id":"https:\/\/colegioarquitectos.com\/noticias\/#organization","name":"COLEGIO DE ARQUITECTOS DE CHILE","url":"https:\/\/colegioarquitectos.com\/noticias\/","logo":{"@type":"ImageObject","inLanguage":"es","@id":"https:\/\/colegioarquitectos.com\/noticias\/#\/schema\/logo\/image\/","url":"https:\/\/colegioarquitectos.com\/noticias\/wp-content\/uploads\/2021\/05\/ENCABEZADO-LOGO-CA.jpg","contentUrl":"https:\/\/colegioarquitectos.com\/noticias\/wp-content\/uploads\/2021\/05\/ENCABEZADO-LOGO-CA.jpg","width":690,"height":350,"caption":"COLEGIO DE ARQUITECTOS DE CHILE"},"image":{"@id":"https:\/\/colegioarquitectos.com\/noticias\/#\/schema\/logo\/image\/"},"sameAs":["https:\/\/facebook.com\/Colegioarq\/","https:\/\/x.com\/colegioarq","https:\/\/instagram.com\/colegioarq","https:\/\/youtube.com\/@ColegiodeArquitectosdeChile"]},{"@type":"Person","@id":"https:\/\/colegioarquitectos.com\/noticias\/#\/schema\/person\/685cc0aad148303c5608f049af8285ad","name":"Colegio de Arquitectos de Chile","url":"https:\/\/colegioarquitectos.com\/noticias\/?author=4"}]}},"_links":{"self":[{"href":"https:\/\/colegioarquitectos.com\/noticias\/index.php?rest_route=\/wp\/v2\/posts\/23018","targetHints":{"allow":["GET"]}}],"collection":[{"href":"https:\/\/colegioarquitectos.com\/noticias\/index.php?rest_route=\/wp\/v2\/posts"}],"about":[{"href":"https:\/\/colegioarquitectos.com\/noticias\/index.php?rest_route=\/wp\/v2\/types\/post"}],"author":[{"embeddable":true,"href":"https:\/\/colegioarquitectos.com\/noticias\/index.php?rest_route=\/wp\/v2\/users\/4"}],"replies":[{"embeddable":true,"href":"https:\/\/colegioarquitectos.com\/noticias\/index.php?rest_route=%2Fwp%2Fv2%2Fcomments&post=23018"}],"version-history":[{"count":0,"href":"https:\/\/colegioarquitectos.com\/noticias\/index.php?rest_route=\/wp\/v2\/posts\/23018\/revisions"}],"wp:featuredmedia":[{"embeddable":true,"href":"https:\/\/colegioarquitectos.com\/noticias\/index.php?rest_route=\/wp\/v2\/media\/23024"}],"wp:attachment":[{"href":"https:\/\/colegioarquitectos.com\/noticias\/index.php?rest_route=%2Fwp%2Fv2%2Fmedia&parent=23018"}],"wp:term":[{"taxonomy":"category","embeddable":true,"href":"https:\/\/colegioarquitectos.com\/noticias\/index.php?rest_route=%2Fwp%2Fv2%2Fcategories&post=23018"},{"taxonomy":"post_tag","embeddable":true,"href":"https:\/\/colegioarquitectos.com\/noticias\/index.php?rest_route=%2Fwp%2Fv2%2Ftags&post=23018"}],"curies":[{"name":"wp","href":"https:\/\/api.w.org\/{rel}","templated":true}]}}