
{"id":23037,"date":"2019-03-11T15:18:52","date_gmt":"2019-03-11T15:18:52","guid":{"rendered":"http:\/\/colegioarquitectos.com\/?p=23037"},"modified":"2019-03-11T15:18:52","modified_gmt":"2019-03-11T15:18:52","slug":"voluntarios-comienzan-su-trabajo-en-el-festival-castro-abierto","status":"publish","type":"post","link":"https:\/\/colegioarquitectos.com\/noticias\/?p=23037","title":{"rendered":"Voluntarios comienzan su trabajo en el Festival Castro Abierto"},"content":{"rendered":"<p>A trav\u00e9s de una charla informativa realizada en el <strong>Centro Cultural de Castro<\/strong>, los voluntarios de <strong>Castro Abierto<\/strong>, Primer Festival de Arquitectura, Paisaje y Patrimonio, conocieron los primeros lineamientos de las actividades que deber\u00e1n realizar como gu\u00edas de los <strong>17 puntos<\/strong> de inter\u00e9s arquitect\u00f3nico, patrimonial, medioambiental, urban\u00edstico, social y\/o cultural, que se podr\u00e1n recorrer los d\u00edas <strong>s\u00e1bado 30 y domingo 31 de marzo<\/strong> en <strong>Castro, Chilo\u00e9<\/strong>.<\/p>\n<p>Al encuentro lleg\u00f3<strong> Danitza Ruiz<\/strong>, alumna de 3\u00b0 medio de la especialidad de Construcci\u00f3n del Liceo Polit\u00e9cnico de Castro, quien manifest\u00f3 su inter\u00e9s por participar de este proyecto como voluntaria: \u201cEn nuestra carrera tenemos m\u00f3dulos de conservaci\u00f3n del patrimonio y restauraci\u00f3n, y me interes\u00f3 mucho ser voluntaria porque los lugares que se van a visitar son espacios que tienen historia, y Castro est\u00e1 lleno de espacios hermosos que no conocemos\u201d.<\/p>\n<p>\u201cTener la posibilidad de conocer el pasado y lo que hoy se est\u00e1 haciendo en la arquitectura actual, especialmente en el patrimonio, ver c\u00f3mo protegerlo, porque somos nosotros los que podemos poner la voz en alto para resguardar nuestro patrimonio\u201d, coment\u00f3 <strong>Alejandra Carvajal<\/strong>, D<strong>irectora para Castro de la Delegaci\u00f3n Zonal Chilo\u00e9<\/strong> del <strong>Colegio de Arquitectos de Chile<\/strong>, que funciona como una de las entidades colaboradoras.<\/p>\n<p>El <strong>Instituto Nacional de la Juventud<\/strong>\u00a0(Injuv) por otra parte, est\u00e1 colaborando en el proyecto a trav\u00e9s de la captaci\u00f3n de voluntarios, entregando informaci\u00f3n a los j\u00f3venes para que se motiven y formen parte de Castro Abierto. <strong>Rodrigo Aguayo<\/strong>, Director Regional del Injuv destac\u00f3 la participaci\u00f3n y el entusiasmo de los voluntarios que llegaron a la charla y sostuvo que \u201cesta es una instancia para que los habitantes de la ciudad puedan conocer espacios que generalmente visitan los turistas, en una actividad pensada para los castre\u00f1os\u201d.<\/p>\n<p>Algunos de los 17 espacios que formar\u00e1n parte del recorrido son la <strong>casa de la familia Saldivia<\/strong> en Nerc\u00f3n; el <strong>Palafito de Tongoy<\/strong>; el <strong>Mirador Patrimonial del conchal arqueol\u00f3gico Ten Ten<\/strong>; <strong>Hotel Centro de Ocio<\/strong>; <strong>Hotel de Castro (ex Hoster\u00eda)<\/strong>; <strong>Fundaci\u00f3n Meri<\/strong> en Barrio Palafitos de Pedro Montt;\u00a0 <strong>MAM, Museo de Arte Moderno de Chilo\u00e9<\/strong>; el recientemente reciclado edificio del <strong>Cecrea de Castro<\/strong> y la habilitaci\u00f3n del<strong> Internado Campesino,<\/strong> edificio dise\u00f1ado por el Premio Nacional de Arquitectura Edward Rojas, que albergar\u00e1 temporalmente al Liceo de Cultura de la comuna. La lista completa de lugares y la gu\u00eda para recorrerlos est\u00e1 disponible <a href=\"https:\/\/www.somosaldea.org\/castroabierto\"><strong>ac\u00e1<\/strong><\/a>.<\/p>\n<p><strong>Castro Abierto<\/strong> es organizado por la <strong>Fundaci\u00f3n Aldea<\/strong> en colaboraci\u00f3n con la <strong>Delegaci\u00f3n Zonal Chilo\u00e9<\/strong> del <strong>Colegio de Arquitectos<\/strong>, el<strong> Ministerio de las Culturas, las Artes y el Patrimonio<\/strong>, la <strong>Municipalidad de Castro<\/strong>, la <strong>CEUACH<\/strong>, <strong>Injuv<\/strong>, <strong>ProCultura<\/strong>, <strong>Colectivo Pi\u00f1o<\/strong>, entre otros. Adem\u00e1s, es parte del festival <strong>\u201cOh! Stgo\u201d<\/strong>, organizado tambi\u00e9n por Fundaci\u00f3n Aldea en conjunto con Fundaci\u00f3n ProCultura.<\/p>\n<p>&nbsp;<\/p>\n<p><img loading=\"lazy\" decoding=\"async\" class=\"aligncenter size-full wp-image-23040\" src=\"http:\/\/colegioarquitectos.com\/noticias\/wp-content\/uploads\/2019\/03\/WhatsApp-Image-2019-03-11-at-09.28.40-768x754.jpg\" alt=\"\" width=\"768\" height=\"754\" srcset=\"https:\/\/colegioarquitectos.com\/noticias\/wp-content\/uploads\/2019\/03\/WhatsApp-Image-2019-03-11-at-09.28.40-768x754.jpg 768w, https:\/\/colegioarquitectos.com\/noticias\/wp-content\/uploads\/2019\/03\/WhatsApp-Image-2019-03-11-at-09.28.40-768x754-300x295.jpg 300w\" sizes=\"auto, (max-width: 768px) 100vw, 768px\" \/><\/p>\n<p>Fuente: <a href=\"http:\/\/www.adondevaschiloe.cl\/voluntarios-se-comprometen-con-el-festival-castro-abierto\/\"><strong>Ad\u00f3nde vas Chilo\u00e9<\/strong><\/a><\/p>\n<p><\/p>","protected":false},"excerpt":{"rendered":"<p>A trav\u00e9s de una charla informativa realizada en el Centro Cultural de Castro, los voluntarios de Castro Abierto, Primer Festival de Arquitectura, Paisaje y Patrimonio, conocieron los primeros lineamientos de las actividades que deber\u00e1n realizar como gu\u00edas de los 17 &hellip; <a class=\"more-link\" href=\"https:\/\/colegioarquitectos.com\/noticias\/?p=23037\">ver m\u00e1s<\/a><\/p>","protected":false},"author":4,"featured_media":23039,"comment_status":"closed","ping_status":"closed","sticky":false,"template":"","format":"standard","meta":{"footnotes":""},"categories":[10],"tags":[],"class_list":["post-23037","post","type-post","status-publish","format-standard","has-post-thumbnail","hentry","category-delegaciones-zonales"],"yoast_head":"<!-- This site is optimized with the Yoast SEO plugin v24.2 - https:\/\/yoast.com\/wordpress\/plugins\/seo\/ -->\n<title>Voluntarios comienzan su trabajo en el Festival Castro Abierto - COLEGIO DE ARQUITECTOS DE CHILE<\/title>\n<meta name=\"robots\" content=\"index, follow, max-snippet:-1, max-image-preview:large, max-video-preview:-1\" \/>\n<link rel=\"canonical\" href=\"https:\/\/colegioarquitectos.com\/noticias\/?p=23037\" \/>\n<meta property=\"og:locale\" content=\"es_ES\" \/>\n<meta property=\"og:type\" content=\"article\" \/>\n<meta property=\"og:title\" content=\"Voluntarios comienzan su trabajo en el Festival Castro Abierto - COLEGIO DE ARQUITECTOS DE CHILE\" \/>\n<meta property=\"og:description\" content=\"A trav\u00e9s de una charla informativa realizada en el Centro Cultural de Castro, los voluntarios de Castro Abierto, Primer Festival de Arquitectura, Paisaje y Patrimonio, conocieron los primeros lineamientos de las actividades que deber\u00e1n realizar como gu\u00edas de los 17 &hellip; ver m\u00e1s\" \/>\n<meta property=\"og:url\" content=\"https:\/\/colegioarquitectos.com\/noticias\/?p=23037\" \/>\n<meta property=\"og:site_name\" content=\"COLEGIO DE ARQUITECTOS DE CHILE\" \/>\n<meta property=\"article:publisher\" content=\"https:\/\/facebook.com\/Colegioarq\/\" \/>\n<meta property=\"article:published_time\" content=\"2019-03-11T15:18:52+00:00\" \/>\n<meta property=\"og:image\" content=\"https:\/\/colegioarquitectos.com\/noticias\/wp-content\/uploads\/2019\/03\/ENCABEZADO-VOLUNTARIOS.jpg\" \/>\n\t<meta property=\"og:image:width\" content=\"690\" \/>\n\t<meta property=\"og:image:height\" content=\"350\" \/>\n\t<meta property=\"og:image:type\" content=\"image\/jpeg\" \/>\n<meta name=\"author\" content=\"Colegio de Arquitectos de Chile\" \/>\n<meta name=\"twitter:card\" content=\"summary_large_image\" \/>\n<meta name=\"twitter:creator\" content=\"@colegioarq\" \/>\n<meta name=\"twitter:site\" content=\"@colegioarq\" \/>\n<meta name=\"twitter:label1\" content=\"Escrito por\" \/>\n\t<meta name=\"twitter:data1\" content=\"Colegio de Arquitectos de Chile\" \/>\n\t<meta name=\"twitter:label2\" content=\"Tiempo de lectura\" \/>\n\t<meta name=\"twitter:data2\" content=\"2 minutos\" \/>\n<script type=\"application\/ld+json\" class=\"yoast-schema-graph\">{\"@context\":\"https:\/\/schema.org\",\"@graph\":[{\"@type\":\"Article\",\"@id\":\"https:\/\/colegioarquitectos.com\/noticias\/?p=23037#article\",\"isPartOf\":{\"@id\":\"https:\/\/colegioarquitectos.com\/noticias\/?p=23037\"},\"author\":{\"name\":\"Colegio de Arquitectos de Chile\",\"@id\":\"https:\/\/colegioarquitectos.com\/noticias\/#\/schema\/person\/685cc0aad148303c5608f049af8285ad\"},\"headline\":\"Voluntarios comienzan su trabajo en el Festival Castro Abierto\",\"datePublished\":\"2019-03-11T15:18:52+00:00\",\"dateModified\":\"2019-03-11T15:18:52+00:00\",\"mainEntityOfPage\":{\"@id\":\"https:\/\/colegioarquitectos.com\/noticias\/?p=23037\"},\"wordCount\":497,\"publisher\":{\"@id\":\"https:\/\/colegioarquitectos.com\/noticias\/#organization\"},\"image\":{\"@id\":\"https:\/\/colegioarquitectos.com\/noticias\/?p=23037#primaryimage\"},\"thumbnailUrl\":\"https:\/\/colegioarquitectos.com\/noticias\/wp-content\/uploads\/2019\/03\/ENCABEZADO-VOLUNTARIOS.jpg\",\"articleSection\":[\"Delegaciones\"],\"inLanguage\":\"es\"},{\"@type\":\"WebPage\",\"@id\":\"https:\/\/colegioarquitectos.com\/noticias\/?p=23037\",\"url\":\"https:\/\/colegioarquitectos.com\/noticias\/?p=23037\",\"name\":\"Voluntarios comienzan su trabajo en el Festival Castro Abierto - COLEGIO DE ARQUITECTOS DE CHILE\",\"isPartOf\":{\"@id\":\"https:\/\/colegioarquitectos.com\/noticias\/#website\"},\"primaryImageOfPage\":{\"@id\":\"https:\/\/colegioarquitectos.com\/noticias\/?p=23037#primaryimage\"},\"image\":{\"@id\":\"https:\/\/colegioarquitectos.com\/noticias\/?p=23037#primaryimage\"},\"thumbnailUrl\":\"https:\/\/colegioarquitectos.com\/noticias\/wp-content\/uploads\/2019\/03\/ENCABEZADO-VOLUNTARIOS.jpg\",\"datePublished\":\"2019-03-11T15:18:52+00:00\",\"dateModified\":\"2019-03-11T15:18:52+00:00\",\"breadcrumb\":{\"@id\":\"https:\/\/colegioarquitectos.com\/noticias\/?p=23037#breadcrumb\"},\"inLanguage\":\"es\",\"potentialAction\":[{\"@type\":\"ReadAction\",\"target\":[\"https:\/\/colegioarquitectos.com\/noticias\/?p=23037\"]}]},{\"@type\":\"ImageObject\",\"inLanguage\":\"es\",\"@id\":\"https:\/\/colegioarquitectos.com\/noticias\/?p=23037#primaryimage\",\"url\":\"https:\/\/colegioarquitectos.com\/noticias\/wp-content\/uploads\/2019\/03\/ENCABEZADO-VOLUNTARIOS.jpg\",\"contentUrl\":\"https:\/\/colegioarquitectos.com\/noticias\/wp-content\/uploads\/2019\/03\/ENCABEZADO-VOLUNTARIOS.jpg\",\"width\":690,\"height\":350},{\"@type\":\"BreadcrumbList\",\"@id\":\"https:\/\/colegioarquitectos.com\/noticias\/?p=23037#breadcrumb\",\"itemListElement\":[{\"@type\":\"ListItem\",\"position\":1,\"name\":\"Portada\",\"item\":\"https:\/\/colegioarquitectos.com\/noticias\"},{\"@type\":\"ListItem\",\"position\":2,\"name\":\"Voluntarios comienzan su trabajo en el Festival Castro Abierto\"}]},{\"@type\":\"WebSite\",\"@id\":\"https:\/\/colegioarquitectos.com\/noticias\/#website\",\"url\":\"https:\/\/colegioarquitectos.com\/noticias\/\",\"name\":\"COLEGIO DE ARQUITECTOS DE CHILE\",\"description\":\"\",\"publisher\":{\"@id\":\"https:\/\/colegioarquitectos.com\/noticias\/#organization\"},\"potentialAction\":[{\"@type\":\"SearchAction\",\"target\":{\"@type\":\"EntryPoint\",\"urlTemplate\":\"https:\/\/colegioarquitectos.com\/noticias\/?s={search_term_string}\"},\"query-input\":{\"@type\":\"PropertyValueSpecification\",\"valueRequired\":true,\"valueName\":\"search_term_string\"}}],\"inLanguage\":\"es\"},{\"@type\":\"Organization\",\"@id\":\"https:\/\/colegioarquitectos.com\/noticias\/#organization\",\"name\":\"COLEGIO DE ARQUITECTOS DE CHILE\",\"url\":\"https:\/\/colegioarquitectos.com\/noticias\/\",\"logo\":{\"@type\":\"ImageObject\",\"inLanguage\":\"es\",\"@id\":\"https:\/\/colegioarquitectos.com\/noticias\/#\/schema\/logo\/image\/\",\"url\":\"https:\/\/colegioarquitectos.com\/noticias\/wp-content\/uploads\/2021\/05\/ENCABEZADO-LOGO-CA.jpg\",\"contentUrl\":\"https:\/\/colegioarquitectos.com\/noticias\/wp-content\/uploads\/2021\/05\/ENCABEZADO-LOGO-CA.jpg\",\"width\":690,\"height\":350,\"caption\":\"COLEGIO DE ARQUITECTOS DE CHILE\"},\"image\":{\"@id\":\"https:\/\/colegioarquitectos.com\/noticias\/#\/schema\/logo\/image\/\"},\"sameAs\":[\"https:\/\/facebook.com\/Colegioarq\/\",\"https:\/\/x.com\/colegioarq\",\"https:\/\/instagram.com\/colegioarq\",\"https:\/\/youtube.com\/@ColegiodeArquitectosdeChile\"]},{\"@type\":\"Person\",\"@id\":\"https:\/\/colegioarquitectos.com\/noticias\/#\/schema\/person\/685cc0aad148303c5608f049af8285ad\",\"name\":\"Colegio de Arquitectos de Chile\",\"url\":\"https:\/\/colegioarquitectos.com\/noticias\/?author=4\"}]}<\/script>\n<!-- \/ Yoast SEO plugin. -->","yoast_head_json":{"title":"Voluntarios comienzan su trabajo en el Festival Castro Abierto - COLEGIO DE ARQUITECTOS DE CHILE","robots":{"index":"index","follow":"follow","max-snippet":"max-snippet:-1","max-image-preview":"max-image-preview:large","max-video-preview":"max-video-preview:-1"},"canonical":"https:\/\/colegioarquitectos.com\/noticias\/?p=23037","og_locale":"es_ES","og_type":"article","og_title":"Voluntarios comienzan su trabajo en el Festival Castro Abierto - COLEGIO DE ARQUITECTOS DE CHILE","og_description":"A trav\u00e9s de una charla informativa realizada en el Centro Cultural de Castro, los voluntarios de Castro Abierto, Primer Festival de Arquitectura, Paisaje y Patrimonio, conocieron los primeros lineamientos de las actividades que deber\u00e1n realizar como gu\u00edas de los 17 &hellip; ver m\u00e1s","og_url":"https:\/\/colegioarquitectos.com\/noticias\/?p=23037","og_site_name":"COLEGIO DE ARQUITECTOS DE CHILE","article_publisher":"https:\/\/facebook.com\/Colegioarq\/","article_published_time":"2019-03-11T15:18:52+00:00","og_image":[{"width":690,"height":350,"url":"https:\/\/colegioarquitectos.com\/noticias\/wp-content\/uploads\/2019\/03\/ENCABEZADO-VOLUNTARIOS.jpg","type":"image\/jpeg"}],"author":"Colegio de Arquitectos de Chile","twitter_card":"summary_large_image","twitter_creator":"@colegioarq","twitter_site":"@colegioarq","twitter_misc":{"Escrito por":"Colegio de Arquitectos de Chile","Tiempo de lectura":"2 minutos"},"schema":{"@context":"https:\/\/schema.org","@graph":[{"@type":"Article","@id":"https:\/\/colegioarquitectos.com\/noticias\/?p=23037#article","isPartOf":{"@id":"https:\/\/colegioarquitectos.com\/noticias\/?p=23037"},"author":{"name":"Colegio de Arquitectos de Chile","@id":"https:\/\/colegioarquitectos.com\/noticias\/#\/schema\/person\/685cc0aad148303c5608f049af8285ad"},"headline":"Voluntarios comienzan su trabajo en el Festival Castro Abierto","datePublished":"2019-03-11T15:18:52+00:00","dateModified":"2019-03-11T15:18:52+00:00","mainEntityOfPage":{"@id":"https:\/\/colegioarquitectos.com\/noticias\/?p=23037"},"wordCount":497,"publisher":{"@id":"https:\/\/colegioarquitectos.com\/noticias\/#organization"},"image":{"@id":"https:\/\/colegioarquitectos.com\/noticias\/?p=23037#primaryimage"},"thumbnailUrl":"https:\/\/colegioarquitectos.com\/noticias\/wp-content\/uploads\/2019\/03\/ENCABEZADO-VOLUNTARIOS.jpg","articleSection":["Delegaciones"],"inLanguage":"es"},{"@type":"WebPage","@id":"https:\/\/colegioarquitectos.com\/noticias\/?p=23037","url":"https:\/\/colegioarquitectos.com\/noticias\/?p=23037","name":"Voluntarios comienzan su trabajo en el Festival Castro Abierto - COLEGIO DE ARQUITECTOS DE CHILE","isPartOf":{"@id":"https:\/\/colegioarquitectos.com\/noticias\/#website"},"primaryImageOfPage":{"@id":"https:\/\/colegioarquitectos.com\/noticias\/?p=23037#primaryimage"},"image":{"@id":"https:\/\/colegioarquitectos.com\/noticias\/?p=23037#primaryimage"},"thumbnailUrl":"https:\/\/colegioarquitectos.com\/noticias\/wp-content\/uploads\/2019\/03\/ENCABEZADO-VOLUNTARIOS.jpg","datePublished":"2019-03-11T15:18:52+00:00","dateModified":"2019-03-11T15:18:52+00:00","breadcrumb":{"@id":"https:\/\/colegioarquitectos.com\/noticias\/?p=23037#breadcrumb"},"inLanguage":"es","potentialAction":[{"@type":"ReadAction","target":["https:\/\/colegioarquitectos.com\/noticias\/?p=23037"]}]},{"@type":"ImageObject","inLanguage":"es","@id":"https:\/\/colegioarquitectos.com\/noticias\/?p=23037#primaryimage","url":"https:\/\/colegioarquitectos.com\/noticias\/wp-content\/uploads\/2019\/03\/ENCABEZADO-VOLUNTARIOS.jpg","contentUrl":"https:\/\/colegioarquitectos.com\/noticias\/wp-content\/uploads\/2019\/03\/ENCABEZADO-VOLUNTARIOS.jpg","width":690,"height":350},{"@type":"BreadcrumbList","@id":"https:\/\/colegioarquitectos.com\/noticias\/?p=23037#breadcrumb","itemListElement":[{"@type":"ListItem","position":1,"name":"Portada","item":"https:\/\/colegioarquitectos.com\/noticias"},{"@type":"ListItem","position":2,"name":"Voluntarios comienzan su trabajo en el Festival Castro Abierto"}]},{"@type":"WebSite","@id":"https:\/\/colegioarquitectos.com\/noticias\/#website","url":"https:\/\/colegioarquitectos.com\/noticias\/","name":"COLEGIO DE ARQUITECTOS DE CHILE","description":"","publisher":{"@id":"https:\/\/colegioarquitectos.com\/noticias\/#organization"},"potentialAction":[{"@type":"SearchAction","target":{"@type":"EntryPoint","urlTemplate":"https:\/\/colegioarquitectos.com\/noticias\/?s={search_term_string}"},"query-input":{"@type":"PropertyValueSpecification","valueRequired":true,"valueName":"search_term_string"}}],"inLanguage":"es"},{"@type":"Organization","@id":"https:\/\/colegioarquitectos.com\/noticias\/#organization","name":"COLEGIO DE ARQUITECTOS DE CHILE","url":"https:\/\/colegioarquitectos.com\/noticias\/","logo":{"@type":"ImageObject","inLanguage":"es","@id":"https:\/\/colegioarquitectos.com\/noticias\/#\/schema\/logo\/image\/","url":"https:\/\/colegioarquitectos.com\/noticias\/wp-content\/uploads\/2021\/05\/ENCABEZADO-LOGO-CA.jpg","contentUrl":"https:\/\/colegioarquitectos.com\/noticias\/wp-content\/uploads\/2021\/05\/ENCABEZADO-LOGO-CA.jpg","width":690,"height":350,"caption":"COLEGIO DE ARQUITECTOS DE CHILE"},"image":{"@id":"https:\/\/colegioarquitectos.com\/noticias\/#\/schema\/logo\/image\/"},"sameAs":["https:\/\/facebook.com\/Colegioarq\/","https:\/\/x.com\/colegioarq","https:\/\/instagram.com\/colegioarq","https:\/\/youtube.com\/@ColegiodeArquitectosdeChile"]},{"@type":"Person","@id":"https:\/\/colegioarquitectos.com\/noticias\/#\/schema\/person\/685cc0aad148303c5608f049af8285ad","name":"Colegio de Arquitectos de Chile","url":"https:\/\/colegioarquitectos.com\/noticias\/?author=4"}]}},"_links":{"self":[{"href":"https:\/\/colegioarquitectos.com\/noticias\/index.php?rest_route=\/wp\/v2\/posts\/23037","targetHints":{"allow":["GET"]}}],"collection":[{"href":"https:\/\/colegioarquitectos.com\/noticias\/index.php?rest_route=\/wp\/v2\/posts"}],"about":[{"href":"https:\/\/colegioarquitectos.com\/noticias\/index.php?rest_route=\/wp\/v2\/types\/post"}],"author":[{"embeddable":true,"href":"https:\/\/colegioarquitectos.com\/noticias\/index.php?rest_route=\/wp\/v2\/users\/4"}],"replies":[{"embeddable":true,"href":"https:\/\/colegioarquitectos.com\/noticias\/index.php?rest_route=%2Fwp%2Fv2%2Fcomments&post=23037"}],"version-history":[{"count":0,"href":"https:\/\/colegioarquitectos.com\/noticias\/index.php?rest_route=\/wp\/v2\/posts\/23037\/revisions"}],"wp:featuredmedia":[{"embeddable":true,"href":"https:\/\/colegioarquitectos.com\/noticias\/index.php?rest_route=\/wp\/v2\/media\/23039"}],"wp:attachment":[{"href":"https:\/\/colegioarquitectos.com\/noticias\/index.php?rest_route=%2Fwp%2Fv2%2Fmedia&parent=23037"}],"wp:term":[{"taxonomy":"category","embeddable":true,"href":"https:\/\/colegioarquitectos.com\/noticias\/index.php?rest_route=%2Fwp%2Fv2%2Fcategories&post=23037"},{"taxonomy":"post_tag","embeddable":true,"href":"https:\/\/colegioarquitectos.com\/noticias\/index.php?rest_route=%2Fwp%2Fv2%2Ftags&post=23037"}],"curies":[{"name":"wp","href":"https:\/\/api.w.org\/{rel}","templated":true}]}}