
{"id":23058,"date":"2019-03-18T12:56:48","date_gmt":"2019-03-18T12:56:48","guid":{"rendered":"http:\/\/colegioarquitectos.com\/?p=23058"},"modified":"2019-03-18T13:03:35","modified_gmt":"2019-03-18T13:03:35","slug":"participa-de-una-nueva-version-del-panel-mujeres-y-arquitectura-en-chile","status":"publish","type":"post","link":"https:\/\/colegioarquitectos.com\/noticias\/?p=23058","title":{"rendered":"Participa de una nueva versi\u00f3n del panel Arquitectura y Mujeres en Chile"},"content":{"rendered":"<p>Este jueves <strong>21 de marzo<\/strong> la iniciativa <a href=\"http:\/\/www.mujerarquitecta.org\/\"><strong>Mujer Arquitecta<\/strong><\/a> realizar\u00e1 una nueva versi\u00f3n del panel <strong>Arquitectura y Mujeres en Chile<\/strong>, a las <strong>19:30 horas<\/strong> en el <strong>Colegio de Arquitectos de Chile<\/strong> (Avenida Libertador Bernardo O\u2019Higgins 115, Santiago).<\/p>\n<p>El panel contar\u00e1 con la presencia de grandes referentes que desarrollan su ejercicio profesional en la <strong>academia e investigaci\u00f3n sobre ciudad y g\u00e9nero<\/strong>:<\/p>\n<p>&nbsp;<\/p>\n<h3>Liliana De Simone<\/h3>\n<p>Arquitecta, Doctora en Arquitectura y Estudios Urbanos y Ma. en Desarrollo Urbano. Profesora UC y Fundadora del colectivo Ciudad &amp; G\u00e9nero. Diploma en Enfoque de Derechos e Igualdad de G\u00e9nero para Planes y Proyectos por OEA (EEUU). Visiting Professor del Institute of Urban and Regional Development IURD de la University of California-Berkeley (2015).<\/p>\n<p>&nbsp;<\/p>\n<h3>Isabel Serra<\/h3>\n<p>Arquitecta Pontificia Universidad Cat\u00f3lica con post grado en gesti\u00f3n y pol\u00edticas p\u00fablicas. Tiene vasta experiencia en el dise\u00f1o, gesti\u00f3n e implementaci\u00f3n de infraestructura p\u00fablica y en materia de evaluaci\u00f3n de pol\u00edticas p\u00fablicas sectoriales. Actualmente es Jefa de Proyectos de Investigaci\u00f3n Aplicada en el Laboratorio de Ciudad y Territorio de la Universidad Diego Portales.<\/p>\n<p>&nbsp;<\/p>\n<h3>Olga Segovia Marino<\/h3>\n<p>Arquitecta Universidad de Chile. Estudios Post\u00edtulo Escuela Arquitectura de Dinamarca. Investigadora de SUR Corporaci\u00f3n (Chile) Integrante Red Mujer y H\u00e1bitat de Am\u00e9rica Latina. Autora de proyectos de investigaci\u00f3n y consultor\u00eda sobre desarrollo urbano y local desde una perspectiva de g\u00e9nero. Consultora de CEPAL, PNUD, OEA, ONU Mujeres y Uni\u00f3n Europea.<\/p>\n<p>&nbsp;<\/p>\n<h3>Catalina Justiniano<\/h3>\n<p>Arquitecta Pontificia Universidad Cat\u00f3lica, M\u00e1ster en Pol\u00edticas y Planificaci\u00f3n Urbana y Medioambiental de la Universidad de Tufts. Fue directora ejecutiva de la Fundaci\u00f3n Junto al Barrio, per\u00edodo en el que actu\u00f3 como representante de la sociedad civil en el CNDU. Antes fue Coordinadora de Habitabilidad del Centro de Pol\u00edticas P\u00fablicas de la Pontificia Universidad Cat\u00f3lica, y Profesional PuentesUC para la Municipalidad de la Florida, en el mismo Centro. Actualmente es profesora de la Pontificia Universidad Cat\u00f3lica de Chile<\/p>\n<p>&nbsp;<\/p>\n<p>Puedes inscribirte<a href=\"https:\/\/docs.google.com\/forms\/d\/e\/1FAIpQLSf5c7qhhBoPlJaAn79lAch77Q4UxsXkg52SU5neZwoV9EID-w\/viewform\"><strong> ac\u00e1<\/strong><\/a>.<\/p>\n<p><\/p>","protected":false},"excerpt":{"rendered":"<p>Este jueves 21 de marzo la iniciativa Mujer Arquitecta realizar\u00e1 una nueva versi\u00f3n del panel Arquitectura y Mujeres en Chile, a las 19:30 horas en el Colegio de Arquitectos de Chile (Avenida Libertador Bernardo O\u2019Higgins 115, Santiago). El panel contar\u00e1 &hellip; <a class=\"more-link\" href=\"https:\/\/colegioarquitectos.com\/noticias\/?p=23058\">ver m\u00e1s<\/a><\/p>","protected":false},"author":4,"featured_media":23060,"comment_status":"closed","ping_status":"closed","sticky":false,"template":"","format":"standard","meta":{"footnotes":""},"categories":[19],"tags":[],"class_list":["post-23058","post","type-post","status-publish","format-standard","has-post-thumbnail","hentry","category-actividades"],"yoast_head":"<!-- This site is optimized with the Yoast SEO plugin v24.2 - https:\/\/yoast.com\/wordpress\/plugins\/seo\/ -->\n<title>Participa de una nueva versi\u00f3n del panel Arquitectura y Mujeres en Chile - COLEGIO DE ARQUITECTOS DE CHILE<\/title>\n<meta name=\"robots\" content=\"index, follow, max-snippet:-1, max-image-preview:large, max-video-preview:-1\" \/>\n<link rel=\"canonical\" href=\"https:\/\/colegioarquitectos.com\/noticias\/?p=23058\" \/>\n<meta property=\"og:locale\" content=\"es_ES\" \/>\n<meta property=\"og:type\" content=\"article\" \/>\n<meta property=\"og:title\" content=\"Participa de una nueva versi\u00f3n del panel Arquitectura y Mujeres en Chile - COLEGIO DE ARQUITECTOS DE CHILE\" \/>\n<meta property=\"og:description\" content=\"Este jueves 21 de marzo la iniciativa Mujer Arquitecta realizar\u00e1 una nueva versi\u00f3n del panel Arquitectura y Mujeres en Chile, a las 19:30 horas en el Colegio de Arquitectos de Chile (Avenida Libertador Bernardo O\u2019Higgins 115, Santiago). El panel contar\u00e1 &hellip; ver m\u00e1s\" \/>\n<meta property=\"og:url\" content=\"https:\/\/colegioarquitectos.com\/noticias\/?p=23058\" \/>\n<meta property=\"og:site_name\" content=\"COLEGIO DE ARQUITECTOS DE CHILE\" \/>\n<meta property=\"article:publisher\" content=\"https:\/\/facebook.com\/Colegioarq\/\" \/>\n<meta property=\"article:published_time\" content=\"2019-03-18T12:56:48+00:00\" \/>\n<meta property=\"article:modified_time\" content=\"2019-03-18T13:03:35+00:00\" \/>\n<meta property=\"og:image\" content=\"https:\/\/colegioarquitectos.com\/noticias\/wp-content\/uploads\/2019\/03\/ENCABEZADO.jpg\" \/>\n\t<meta property=\"og:image:width\" content=\"690\" \/>\n\t<meta property=\"og:image:height\" content=\"350\" \/>\n\t<meta property=\"og:image:type\" content=\"image\/jpeg\" \/>\n<meta name=\"author\" content=\"Colegio de Arquitectos de Chile\" \/>\n<meta name=\"twitter:card\" content=\"summary_large_image\" \/>\n<meta name=\"twitter:creator\" content=\"@colegioarq\" \/>\n<meta name=\"twitter:site\" content=\"@colegioarq\" \/>\n<meta name=\"twitter:label1\" content=\"Escrito por\" \/>\n\t<meta name=\"twitter:data1\" content=\"Colegio de Arquitectos de Chile\" \/>\n\t<meta name=\"twitter:label2\" content=\"Tiempo de lectura\" \/>\n\t<meta name=\"twitter:data2\" content=\"2 minutos\" \/>\n<script type=\"application\/ld+json\" class=\"yoast-schema-graph\">{\"@context\":\"https:\/\/schema.org\",\"@graph\":[{\"@type\":\"Article\",\"@id\":\"https:\/\/colegioarquitectos.com\/noticias\/?p=23058#article\",\"isPartOf\":{\"@id\":\"https:\/\/colegioarquitectos.com\/noticias\/?p=23058\"},\"author\":{\"name\":\"Colegio de Arquitectos de Chile\",\"@id\":\"https:\/\/colegioarquitectos.com\/noticias\/#\/schema\/person\/685cc0aad148303c5608f049af8285ad\"},\"headline\":\"Participa de una nueva versi\u00f3n del panel Arquitectura y Mujeres en Chile\",\"datePublished\":\"2019-03-18T12:56:48+00:00\",\"dateModified\":\"2019-03-18T13:03:35+00:00\",\"mainEntityOfPage\":{\"@id\":\"https:\/\/colegioarquitectos.com\/noticias\/?p=23058\"},\"wordCount\":357,\"publisher\":{\"@id\":\"https:\/\/colegioarquitectos.com\/noticias\/#organization\"},\"image\":{\"@id\":\"https:\/\/colegioarquitectos.com\/noticias\/?p=23058#primaryimage\"},\"thumbnailUrl\":\"https:\/\/colegioarquitectos.com\/noticias\/wp-content\/uploads\/2019\/03\/ENCABEZADO.jpg\",\"articleSection\":[\"Actividades\"],\"inLanguage\":\"es\"},{\"@type\":\"WebPage\",\"@id\":\"https:\/\/colegioarquitectos.com\/noticias\/?p=23058\",\"url\":\"https:\/\/colegioarquitectos.com\/noticias\/?p=23058\",\"name\":\"Participa de una nueva versi\u00f3n del panel Arquitectura y Mujeres en Chile - COLEGIO DE ARQUITECTOS DE CHILE\",\"isPartOf\":{\"@id\":\"https:\/\/colegioarquitectos.com\/noticias\/#website\"},\"primaryImageOfPage\":{\"@id\":\"https:\/\/colegioarquitectos.com\/noticias\/?p=23058#primaryimage\"},\"image\":{\"@id\":\"https:\/\/colegioarquitectos.com\/noticias\/?p=23058#primaryimage\"},\"thumbnailUrl\":\"https:\/\/colegioarquitectos.com\/noticias\/wp-content\/uploads\/2019\/03\/ENCABEZADO.jpg\",\"datePublished\":\"2019-03-18T12:56:48+00:00\",\"dateModified\":\"2019-03-18T13:03:35+00:00\",\"breadcrumb\":{\"@id\":\"https:\/\/colegioarquitectos.com\/noticias\/?p=23058#breadcrumb\"},\"inLanguage\":\"es\",\"potentialAction\":[{\"@type\":\"ReadAction\",\"target\":[\"https:\/\/colegioarquitectos.com\/noticias\/?p=23058\"]}]},{\"@type\":\"ImageObject\",\"inLanguage\":\"es\",\"@id\":\"https:\/\/colegioarquitectos.com\/noticias\/?p=23058#primaryimage\",\"url\":\"https:\/\/colegioarquitectos.com\/noticias\/wp-content\/uploads\/2019\/03\/ENCABEZADO.jpg\",\"contentUrl\":\"https:\/\/colegioarquitectos.com\/noticias\/wp-content\/uploads\/2019\/03\/ENCABEZADO.jpg\",\"width\":690,\"height\":350},{\"@type\":\"BreadcrumbList\",\"@id\":\"https:\/\/colegioarquitectos.com\/noticias\/?p=23058#breadcrumb\",\"itemListElement\":[{\"@type\":\"ListItem\",\"position\":1,\"name\":\"Portada\",\"item\":\"https:\/\/colegioarquitectos.com\/noticias\"},{\"@type\":\"ListItem\",\"position\":2,\"name\":\"Participa de una nueva versi\u00f3n del panel Arquitectura y Mujeres en Chile\"}]},{\"@type\":\"WebSite\",\"@id\":\"https:\/\/colegioarquitectos.com\/noticias\/#website\",\"url\":\"https:\/\/colegioarquitectos.com\/noticias\/\",\"name\":\"COLEGIO DE ARQUITECTOS DE CHILE\",\"description\":\"\",\"publisher\":{\"@id\":\"https:\/\/colegioarquitectos.com\/noticias\/#organization\"},\"potentialAction\":[{\"@type\":\"SearchAction\",\"target\":{\"@type\":\"EntryPoint\",\"urlTemplate\":\"https:\/\/colegioarquitectos.com\/noticias\/?s={search_term_string}\"},\"query-input\":{\"@type\":\"PropertyValueSpecification\",\"valueRequired\":true,\"valueName\":\"search_term_string\"}}],\"inLanguage\":\"es\"},{\"@type\":\"Organization\",\"@id\":\"https:\/\/colegioarquitectos.com\/noticias\/#organization\",\"name\":\"COLEGIO DE ARQUITECTOS DE CHILE\",\"url\":\"https:\/\/colegioarquitectos.com\/noticias\/\",\"logo\":{\"@type\":\"ImageObject\",\"inLanguage\":\"es\",\"@id\":\"https:\/\/colegioarquitectos.com\/noticias\/#\/schema\/logo\/image\/\",\"url\":\"https:\/\/colegioarquitectos.com\/noticias\/wp-content\/uploads\/2021\/05\/ENCABEZADO-LOGO-CA.jpg\",\"contentUrl\":\"https:\/\/colegioarquitectos.com\/noticias\/wp-content\/uploads\/2021\/05\/ENCABEZADO-LOGO-CA.jpg\",\"width\":690,\"height\":350,\"caption\":\"COLEGIO DE ARQUITECTOS DE CHILE\"},\"image\":{\"@id\":\"https:\/\/colegioarquitectos.com\/noticias\/#\/schema\/logo\/image\/\"},\"sameAs\":[\"https:\/\/facebook.com\/Colegioarq\/\",\"https:\/\/x.com\/colegioarq\",\"https:\/\/instagram.com\/colegioarq\",\"https:\/\/youtube.com\/@ColegiodeArquitectosdeChile\"]},{\"@type\":\"Person\",\"@id\":\"https:\/\/colegioarquitectos.com\/noticias\/#\/schema\/person\/685cc0aad148303c5608f049af8285ad\",\"name\":\"Colegio de Arquitectos de Chile\",\"url\":\"https:\/\/colegioarquitectos.com\/noticias\/?author=4\"}]}<\/script>\n<!-- \/ Yoast SEO plugin. -->","yoast_head_json":{"title":"Participa de una nueva versi\u00f3n del panel Arquitectura y Mujeres en Chile - COLEGIO DE ARQUITECTOS DE CHILE","robots":{"index":"index","follow":"follow","max-snippet":"max-snippet:-1","max-image-preview":"max-image-preview:large","max-video-preview":"max-video-preview:-1"},"canonical":"https:\/\/colegioarquitectos.com\/noticias\/?p=23058","og_locale":"es_ES","og_type":"article","og_title":"Participa de una nueva versi\u00f3n del panel Arquitectura y Mujeres en Chile - COLEGIO DE ARQUITECTOS DE CHILE","og_description":"Este jueves 21 de marzo la iniciativa Mujer Arquitecta realizar\u00e1 una nueva versi\u00f3n del panel Arquitectura y Mujeres en Chile, a las 19:30 horas en el Colegio de Arquitectos de Chile (Avenida Libertador Bernardo O\u2019Higgins 115, Santiago). El panel contar\u00e1 &hellip; ver m\u00e1s","og_url":"https:\/\/colegioarquitectos.com\/noticias\/?p=23058","og_site_name":"COLEGIO DE ARQUITECTOS DE CHILE","article_publisher":"https:\/\/facebook.com\/Colegioarq\/","article_published_time":"2019-03-18T12:56:48+00:00","article_modified_time":"2019-03-18T13:03:35+00:00","og_image":[{"width":690,"height":350,"url":"https:\/\/colegioarquitectos.com\/noticias\/wp-content\/uploads\/2019\/03\/ENCABEZADO.jpg","type":"image\/jpeg"}],"author":"Colegio de Arquitectos de Chile","twitter_card":"summary_large_image","twitter_creator":"@colegioarq","twitter_site":"@colegioarq","twitter_misc":{"Escrito por":"Colegio de Arquitectos de Chile","Tiempo de lectura":"2 minutos"},"schema":{"@context":"https:\/\/schema.org","@graph":[{"@type":"Article","@id":"https:\/\/colegioarquitectos.com\/noticias\/?p=23058#article","isPartOf":{"@id":"https:\/\/colegioarquitectos.com\/noticias\/?p=23058"},"author":{"name":"Colegio de Arquitectos de Chile","@id":"https:\/\/colegioarquitectos.com\/noticias\/#\/schema\/person\/685cc0aad148303c5608f049af8285ad"},"headline":"Participa de una nueva versi\u00f3n del panel Arquitectura y Mujeres en Chile","datePublished":"2019-03-18T12:56:48+00:00","dateModified":"2019-03-18T13:03:35+00:00","mainEntityOfPage":{"@id":"https:\/\/colegioarquitectos.com\/noticias\/?p=23058"},"wordCount":357,"publisher":{"@id":"https:\/\/colegioarquitectos.com\/noticias\/#organization"},"image":{"@id":"https:\/\/colegioarquitectos.com\/noticias\/?p=23058#primaryimage"},"thumbnailUrl":"https:\/\/colegioarquitectos.com\/noticias\/wp-content\/uploads\/2019\/03\/ENCABEZADO.jpg","articleSection":["Actividades"],"inLanguage":"es"},{"@type":"WebPage","@id":"https:\/\/colegioarquitectos.com\/noticias\/?p=23058","url":"https:\/\/colegioarquitectos.com\/noticias\/?p=23058","name":"Participa de una nueva versi\u00f3n del panel Arquitectura y Mujeres en Chile - COLEGIO DE ARQUITECTOS DE CHILE","isPartOf":{"@id":"https:\/\/colegioarquitectos.com\/noticias\/#website"},"primaryImageOfPage":{"@id":"https:\/\/colegioarquitectos.com\/noticias\/?p=23058#primaryimage"},"image":{"@id":"https:\/\/colegioarquitectos.com\/noticias\/?p=23058#primaryimage"},"thumbnailUrl":"https:\/\/colegioarquitectos.com\/noticias\/wp-content\/uploads\/2019\/03\/ENCABEZADO.jpg","datePublished":"2019-03-18T12:56:48+00:00","dateModified":"2019-03-18T13:03:35+00:00","breadcrumb":{"@id":"https:\/\/colegioarquitectos.com\/noticias\/?p=23058#breadcrumb"},"inLanguage":"es","potentialAction":[{"@type":"ReadAction","target":["https:\/\/colegioarquitectos.com\/noticias\/?p=23058"]}]},{"@type":"ImageObject","inLanguage":"es","@id":"https:\/\/colegioarquitectos.com\/noticias\/?p=23058#primaryimage","url":"https:\/\/colegioarquitectos.com\/noticias\/wp-content\/uploads\/2019\/03\/ENCABEZADO.jpg","contentUrl":"https:\/\/colegioarquitectos.com\/noticias\/wp-content\/uploads\/2019\/03\/ENCABEZADO.jpg","width":690,"height":350},{"@type":"BreadcrumbList","@id":"https:\/\/colegioarquitectos.com\/noticias\/?p=23058#breadcrumb","itemListElement":[{"@type":"ListItem","position":1,"name":"Portada","item":"https:\/\/colegioarquitectos.com\/noticias"},{"@type":"ListItem","position":2,"name":"Participa de una nueva versi\u00f3n del panel Arquitectura y Mujeres en Chile"}]},{"@type":"WebSite","@id":"https:\/\/colegioarquitectos.com\/noticias\/#website","url":"https:\/\/colegioarquitectos.com\/noticias\/","name":"COLEGIO DE ARQUITECTOS DE CHILE","description":"","publisher":{"@id":"https:\/\/colegioarquitectos.com\/noticias\/#organization"},"potentialAction":[{"@type":"SearchAction","target":{"@type":"EntryPoint","urlTemplate":"https:\/\/colegioarquitectos.com\/noticias\/?s={search_term_string}"},"query-input":{"@type":"PropertyValueSpecification","valueRequired":true,"valueName":"search_term_string"}}],"inLanguage":"es"},{"@type":"Organization","@id":"https:\/\/colegioarquitectos.com\/noticias\/#organization","name":"COLEGIO DE ARQUITECTOS DE CHILE","url":"https:\/\/colegioarquitectos.com\/noticias\/","logo":{"@type":"ImageObject","inLanguage":"es","@id":"https:\/\/colegioarquitectos.com\/noticias\/#\/schema\/logo\/image\/","url":"https:\/\/colegioarquitectos.com\/noticias\/wp-content\/uploads\/2021\/05\/ENCABEZADO-LOGO-CA.jpg","contentUrl":"https:\/\/colegioarquitectos.com\/noticias\/wp-content\/uploads\/2021\/05\/ENCABEZADO-LOGO-CA.jpg","width":690,"height":350,"caption":"COLEGIO DE ARQUITECTOS DE CHILE"},"image":{"@id":"https:\/\/colegioarquitectos.com\/noticias\/#\/schema\/logo\/image\/"},"sameAs":["https:\/\/facebook.com\/Colegioarq\/","https:\/\/x.com\/colegioarq","https:\/\/instagram.com\/colegioarq","https:\/\/youtube.com\/@ColegiodeArquitectosdeChile"]},{"@type":"Person","@id":"https:\/\/colegioarquitectos.com\/noticias\/#\/schema\/person\/685cc0aad148303c5608f049af8285ad","name":"Colegio de Arquitectos de Chile","url":"https:\/\/colegioarquitectos.com\/noticias\/?author=4"}]}},"_links":{"self":[{"href":"https:\/\/colegioarquitectos.com\/noticias\/index.php?rest_route=\/wp\/v2\/posts\/23058","targetHints":{"allow":["GET"]}}],"collection":[{"href":"https:\/\/colegioarquitectos.com\/noticias\/index.php?rest_route=\/wp\/v2\/posts"}],"about":[{"href":"https:\/\/colegioarquitectos.com\/noticias\/index.php?rest_route=\/wp\/v2\/types\/post"}],"author":[{"embeddable":true,"href":"https:\/\/colegioarquitectos.com\/noticias\/index.php?rest_route=\/wp\/v2\/users\/4"}],"replies":[{"embeddable":true,"href":"https:\/\/colegioarquitectos.com\/noticias\/index.php?rest_route=%2Fwp%2Fv2%2Fcomments&post=23058"}],"version-history":[{"count":0,"href":"https:\/\/colegioarquitectos.com\/noticias\/index.php?rest_route=\/wp\/v2\/posts\/23058\/revisions"}],"wp:featuredmedia":[{"embeddable":true,"href":"https:\/\/colegioarquitectos.com\/noticias\/index.php?rest_route=\/wp\/v2\/media\/23060"}],"wp:attachment":[{"href":"https:\/\/colegioarquitectos.com\/noticias\/index.php?rest_route=%2Fwp%2Fv2%2Fmedia&parent=23058"}],"wp:term":[{"taxonomy":"category","embeddable":true,"href":"https:\/\/colegioarquitectos.com\/noticias\/index.php?rest_route=%2Fwp%2Fv2%2Fcategories&post=23058"},{"taxonomy":"post_tag","embeddable":true,"href":"https:\/\/colegioarquitectos.com\/noticias\/index.php?rest_route=%2Fwp%2Fv2%2Ftags&post=23058"}],"curies":[{"name":"wp","href":"https:\/\/api.w.org\/{rel}","templated":true}]}}