
{"id":23071,"date":"2019-03-21T17:13:53","date_gmt":"2019-03-21T17:13:53","guid":{"rendered":"http:\/\/colegioarquitectos.com\/?p=23071"},"modified":"2019-03-21T17:21:54","modified_gmt":"2019-03-21T17:21:54","slug":"se-realizara-el-encuentro-similitudes-y-contrastes-sobre-politicas-de-vivienda-y-planificacion-territorial-entre-pais-vasco-y-chile","status":"publish","type":"post","link":"https:\/\/colegioarquitectos.com\/noticias\/?p=23071","title":{"rendered":"Se realizar\u00e1 el encuentro \u201cSimilitudes y Contrastes sobre pol\u00edticas de vivienda y planificaci\u00f3n territorial entre Pa\u00eds Vasco y Chile\u00bb"},"content":{"rendered":"<p>El pr\u00f3ximo mi\u00e9rcoles<strong> 27 de marzo<\/strong> a las <strong>19:00 horas<\/strong> se realizar\u00e1 el encuentro acad\u00e9mico y gubernamental <strong>\u201cSimilitudes y Contrastes sobre pol\u00edticas de vivienda y planificaci\u00f3n territorial entre Pa\u00eds Vasco y Chile\u00bb<\/strong>.<\/p>\n<p>La instancia, organizada por la <strong>FAU<\/strong> y el <strong>Gobierno del Pa\u00eds Vasco<\/strong>, y patrocinada por el <strong>INVI<\/strong>, la <strong>AOA<\/strong> y el <strong>Colegio de Arquitectos de Chile<\/strong>, se llevar\u00e1 a cabo en el <strong>Auditorio<\/strong> de la <strong>Facultad de Arquitectura y Urbanismo<\/strong> de la <strong>Universidad de Chile<\/strong>.<\/p>\n<p><strong>\u00bfDeseas participar?<\/strong> Inscr\u00edbete <strong><a href=\"https:\/\/docs.google.com\/forms\/d\/e\/1FAIpQLSdc2WcIbHOjei6SxBAXd54SveoW7FzaAuk39-iEpXT86MiS1Q\/viewform\">ac\u00e1<\/a><\/strong>.<\/p>\n<p>Revisa el programa completo del encuentro <strong>\u201cSimilitudes y Contrastes sobre pol\u00edticas de vivienda y planificaci\u00f3n territorial entre Pa\u00eds Vasco y Chile\u00bb<\/strong>:<\/p>\n<p>&nbsp;<\/p>\n<p>19:00 hrs.<\/p>\n<h3>Parte 1<\/h3>\n<p>Palabras bienvenida Decano, Prof. Manuel Amaya<\/p>\n<p>&nbsp;<\/p>\n<p>Primera Presentaci\u00f3n.<\/p>\n<p>\u201cVivienda Social en Chile, historia y estado actual\u201d<\/p>\n<p>Ricardo Tapia, Director INVI, Arquitecto, especialista en vivienda social. Arquitecto, Universidad de Chile. 1983\/ Diploma en Estudios Avanzados en Urban\u00edstica y Ordenaci\u00f3n del Territorio.2009\/. Doctor en Arquitectura.2016. Universidad Polit\u00e9cnica de Madrid. &#8211;<\/p>\n<p>&nbsp;<\/p>\n<h3>Parte 2<\/h3>\n<p>Segunda Presentaci\u00f3n.<\/p>\n<p>\u201cTitulo por Definir\u201d<\/p>\n<p>Sr. I\u00f1aki Arriola., Consejero de Medioambiente, Planificaci\u00f3n Territorial y Vivienda del Gobierno Vasco.<\/p>\n<p>&nbsp;<\/p>\n<h3>Parte 3<\/h3>\n<p>Comentarios y Preguntas, Prof. <strong>Juan Pablo Urrutia<\/strong>; Acad\u00e9mico de la Facultad de Arquitectura y Urbanismo de la U. de Chile y co-Fundador y Director del Grupo Arquitectura Caliente. Es Magister en Direcci\u00f3n y Administraci\u00f3n de Proyectos Inmobiliarios de la U. de Chile, Master (MPA) in Public Policy and Management de la London School of Economics y Master (MPA) in Economic and Territorial Development de Sciences Po Paris.<\/p>\n<p>&nbsp;<\/p>\n<p><strong>Componen la mesa de Preguntas:<\/strong><\/p>\n<p>Consejero de Medioambiente, Planificaci\u00f3n Territorial y Vivienda del Gobierno Vasco, <strong>I\u00f1aki Arriola;\u00a0<\/strong>Viceconsejero de Vivienda, <strong>Pedro J\u00e1uregui<\/strong>; Viceconsejera de Planificaci\u00f3n Territorial, <strong>Arantza Leturiondo;\u00a0<\/strong>Director del Instituto de la Vivienda U. de Chile, <strong>Prof. Ricardo Tapia.<\/strong><\/p>\n<p>&nbsp;<\/p>\n<p><img loading=\"lazy\" decoding=\"async\" class=\"aligncenter size-large wp-image-23074\" src=\"http:\/\/colegioarquitectos.com\/noticias\/wp-content\/uploads\/2019\/03\/Afiche-Pais-Vasco-Chile-700px-615x1024.png\" alt=\"\" width=\"615\" height=\"1024\" srcset=\"https:\/\/colegioarquitectos.com\/noticias\/wp-content\/uploads\/2019\/03\/Afiche-Pais-Vasco-Chile-700px-615x1024.png 615w, https:\/\/colegioarquitectos.com\/noticias\/wp-content\/uploads\/2019\/03\/Afiche-Pais-Vasco-Chile-700px-180x300.png 180w, https:\/\/colegioarquitectos.com\/noticias\/wp-content\/uploads\/2019\/03\/Afiche-Pais-Vasco-Chile-700px.png 700w\" sizes=\"auto, (max-width: 615px) 100vw, 615px\" \/><\/p>\n<p><\/p>","protected":false},"excerpt":{"rendered":"<p>El pr\u00f3ximo mi\u00e9rcoles 27 de marzo a las 19:00 horas se realizar\u00e1 el encuentro acad\u00e9mico y gubernamental \u201cSimilitudes y Contrastes sobre pol\u00edticas de vivienda y planificaci\u00f3n territorial entre Pa\u00eds Vasco y Chile\u00bb. La instancia, organizada por la FAU y el &hellip; <a class=\"more-link\" href=\"https:\/\/colegioarquitectos.com\/noticias\/?p=23071\">ver m\u00e1s<\/a><\/p>","protected":false},"author":4,"featured_media":23073,"comment_status":"closed","ping_status":"closed","sticky":false,"template":"","format":"standard","meta":{"footnotes":""},"categories":[19],"tags":[],"class_list":["post-23071","post","type-post","status-publish","format-standard","has-post-thumbnail","hentry","category-actividades"],"yoast_head":"<!-- This site is optimized with the Yoast SEO plugin v24.2 - https:\/\/yoast.com\/wordpress\/plugins\/seo\/ -->\n<title>Se realizar\u00e1 el encuentro \u201cSimilitudes y Contrastes sobre pol\u00edticas de vivienda y planificaci\u00f3n territorial entre Pa\u00eds Vasco y Chile&quot; - COLEGIO DE ARQUITECTOS DE CHILE<\/title>\n<meta name=\"robots\" content=\"index, follow, max-snippet:-1, max-image-preview:large, max-video-preview:-1\" \/>\n<link rel=\"canonical\" href=\"https:\/\/colegioarquitectos.com\/noticias\/?p=23071\" \/>\n<meta property=\"og:locale\" content=\"es_ES\" \/>\n<meta property=\"og:type\" content=\"article\" \/>\n<meta property=\"og:title\" content=\"Se realizar\u00e1 el encuentro \u201cSimilitudes y Contrastes sobre pol\u00edticas de vivienda y planificaci\u00f3n territorial entre Pa\u00eds Vasco y Chile&quot; - COLEGIO DE ARQUITECTOS DE CHILE\" \/>\n<meta property=\"og:description\" content=\"El pr\u00f3ximo mi\u00e9rcoles 27 de marzo a las 19:00 horas se realizar\u00e1 el encuentro acad\u00e9mico y gubernamental \u201cSimilitudes y Contrastes sobre pol\u00edticas de vivienda y planificaci\u00f3n territorial entre Pa\u00eds Vasco y Chile\u00bb. La instancia, organizada por la FAU y el &hellip; ver m\u00e1s\" \/>\n<meta property=\"og:url\" content=\"https:\/\/colegioarquitectos.com\/noticias\/?p=23071\" \/>\n<meta property=\"og:site_name\" content=\"COLEGIO DE ARQUITECTOS DE CHILE\" \/>\n<meta property=\"article:publisher\" content=\"https:\/\/facebook.com\/Colegioarq\/\" \/>\n<meta property=\"article:published_time\" content=\"2019-03-21T17:13:53+00:00\" \/>\n<meta property=\"article:modified_time\" content=\"2019-03-21T17:21:54+00:00\" \/>\n<meta property=\"og:image\" content=\"https:\/\/colegioarquitectos.com\/noticias\/wp-content\/uploads\/2019\/03\/ENCABEZADO.png\" \/>\n\t<meta property=\"og:image:width\" content=\"690\" \/>\n\t<meta property=\"og:image:height\" content=\"350\" \/>\n\t<meta property=\"og:image:type\" content=\"image\/png\" \/>\n<meta name=\"author\" content=\"Colegio de Arquitectos de Chile\" \/>\n<meta name=\"twitter:card\" content=\"summary_large_image\" \/>\n<meta name=\"twitter:creator\" content=\"@colegioarq\" \/>\n<meta name=\"twitter:site\" content=\"@colegioarq\" \/>\n<meta name=\"twitter:label1\" content=\"Escrito por\" \/>\n\t<meta name=\"twitter:data1\" content=\"Colegio de Arquitectos de Chile\" \/>\n\t<meta name=\"twitter:label2\" content=\"Tiempo de lectura\" \/>\n\t<meta name=\"twitter:data2\" content=\"2 minutos\" \/>\n<script type=\"application\/ld+json\" class=\"yoast-schema-graph\">{\"@context\":\"https:\/\/schema.org\",\"@graph\":[{\"@type\":\"Article\",\"@id\":\"https:\/\/colegioarquitectos.com\/noticias\/?p=23071#article\",\"isPartOf\":{\"@id\":\"https:\/\/colegioarquitectos.com\/noticias\/?p=23071\"},\"author\":{\"name\":\"Colegio de Arquitectos de Chile\",\"@id\":\"https:\/\/colegioarquitectos.com\/noticias\/#\/schema\/person\/685cc0aad148303c5608f049af8285ad\"},\"headline\":\"Se realizar\u00e1 el encuentro \u201cSimilitudes y Contrastes sobre pol\u00edticas de vivienda y planificaci\u00f3n territorial entre Pa\u00eds Vasco y Chile\u00bb\",\"datePublished\":\"2019-03-21T17:13:53+00:00\",\"dateModified\":\"2019-03-21T17:21:54+00:00\",\"mainEntityOfPage\":{\"@id\":\"https:\/\/colegioarquitectos.com\/noticias\/?p=23071\"},\"wordCount\":329,\"publisher\":{\"@id\":\"https:\/\/colegioarquitectos.com\/noticias\/#organization\"},\"image\":{\"@id\":\"https:\/\/colegioarquitectos.com\/noticias\/?p=23071#primaryimage\"},\"thumbnailUrl\":\"https:\/\/colegioarquitectos.com\/noticias\/wp-content\/uploads\/2019\/03\/ENCABEZADO.png\",\"articleSection\":[\"Actividades\"],\"inLanguage\":\"es\"},{\"@type\":\"WebPage\",\"@id\":\"https:\/\/colegioarquitectos.com\/noticias\/?p=23071\",\"url\":\"https:\/\/colegioarquitectos.com\/noticias\/?p=23071\",\"name\":\"Se realizar\u00e1 el encuentro \u201cSimilitudes y Contrastes sobre pol\u00edticas de vivienda y planificaci\u00f3n territorial entre Pa\u00eds Vasco y Chile\\\" - COLEGIO DE ARQUITECTOS DE CHILE\",\"isPartOf\":{\"@id\":\"https:\/\/colegioarquitectos.com\/noticias\/#website\"},\"primaryImageOfPage\":{\"@id\":\"https:\/\/colegioarquitectos.com\/noticias\/?p=23071#primaryimage\"},\"image\":{\"@id\":\"https:\/\/colegioarquitectos.com\/noticias\/?p=23071#primaryimage\"},\"thumbnailUrl\":\"https:\/\/colegioarquitectos.com\/noticias\/wp-content\/uploads\/2019\/03\/ENCABEZADO.png\",\"datePublished\":\"2019-03-21T17:13:53+00:00\",\"dateModified\":\"2019-03-21T17:21:54+00:00\",\"breadcrumb\":{\"@id\":\"https:\/\/colegioarquitectos.com\/noticias\/?p=23071#breadcrumb\"},\"inLanguage\":\"es\",\"potentialAction\":[{\"@type\":\"ReadAction\",\"target\":[\"https:\/\/colegioarquitectos.com\/noticias\/?p=23071\"]}]},{\"@type\":\"ImageObject\",\"inLanguage\":\"es\",\"@id\":\"https:\/\/colegioarquitectos.com\/noticias\/?p=23071#primaryimage\",\"url\":\"https:\/\/colegioarquitectos.com\/noticias\/wp-content\/uploads\/2019\/03\/ENCABEZADO.png\",\"contentUrl\":\"https:\/\/colegioarquitectos.com\/noticias\/wp-content\/uploads\/2019\/03\/ENCABEZADO.png\",\"width\":690,\"height\":350},{\"@type\":\"BreadcrumbList\",\"@id\":\"https:\/\/colegioarquitectos.com\/noticias\/?p=23071#breadcrumb\",\"itemListElement\":[{\"@type\":\"ListItem\",\"position\":1,\"name\":\"Portada\",\"item\":\"https:\/\/colegioarquitectos.com\/noticias\"},{\"@type\":\"ListItem\",\"position\":2,\"name\":\"Se realizar\u00e1 el encuentro \u201cSimilitudes y Contrastes sobre pol\u00edticas de vivienda y planificaci\u00f3n territorial entre Pa\u00eds Vasco y Chile\u00bb\"}]},{\"@type\":\"WebSite\",\"@id\":\"https:\/\/colegioarquitectos.com\/noticias\/#website\",\"url\":\"https:\/\/colegioarquitectos.com\/noticias\/\",\"name\":\"COLEGIO DE ARQUITECTOS DE CHILE\",\"description\":\"\",\"publisher\":{\"@id\":\"https:\/\/colegioarquitectos.com\/noticias\/#organization\"},\"potentialAction\":[{\"@type\":\"SearchAction\",\"target\":{\"@type\":\"EntryPoint\",\"urlTemplate\":\"https:\/\/colegioarquitectos.com\/noticias\/?s={search_term_string}\"},\"query-input\":{\"@type\":\"PropertyValueSpecification\",\"valueRequired\":true,\"valueName\":\"search_term_string\"}}],\"inLanguage\":\"es\"},{\"@type\":\"Organization\",\"@id\":\"https:\/\/colegioarquitectos.com\/noticias\/#organization\",\"name\":\"COLEGIO DE ARQUITECTOS DE CHILE\",\"url\":\"https:\/\/colegioarquitectos.com\/noticias\/\",\"logo\":{\"@type\":\"ImageObject\",\"inLanguage\":\"es\",\"@id\":\"https:\/\/colegioarquitectos.com\/noticias\/#\/schema\/logo\/image\/\",\"url\":\"https:\/\/colegioarquitectos.com\/noticias\/wp-content\/uploads\/2021\/05\/ENCABEZADO-LOGO-CA.jpg\",\"contentUrl\":\"https:\/\/colegioarquitectos.com\/noticias\/wp-content\/uploads\/2021\/05\/ENCABEZADO-LOGO-CA.jpg\",\"width\":690,\"height\":350,\"caption\":\"COLEGIO DE ARQUITECTOS DE CHILE\"},\"image\":{\"@id\":\"https:\/\/colegioarquitectos.com\/noticias\/#\/schema\/logo\/image\/\"},\"sameAs\":[\"https:\/\/facebook.com\/Colegioarq\/\",\"https:\/\/x.com\/colegioarq\",\"https:\/\/instagram.com\/colegioarq\",\"https:\/\/youtube.com\/@ColegiodeArquitectosdeChile\"]},{\"@type\":\"Person\",\"@id\":\"https:\/\/colegioarquitectos.com\/noticias\/#\/schema\/person\/685cc0aad148303c5608f049af8285ad\",\"name\":\"Colegio de Arquitectos de Chile\",\"url\":\"https:\/\/colegioarquitectos.com\/noticias\/?author=4\"}]}<\/script>\n<!-- \/ Yoast SEO plugin. -->","yoast_head_json":{"title":"Se realizar\u00e1 el encuentro \u201cSimilitudes y Contrastes sobre pol\u00edticas de vivienda y planificaci\u00f3n territorial entre Pa\u00eds Vasco y Chile\" - COLEGIO DE ARQUITECTOS DE CHILE","robots":{"index":"index","follow":"follow","max-snippet":"max-snippet:-1","max-image-preview":"max-image-preview:large","max-video-preview":"max-video-preview:-1"},"canonical":"https:\/\/colegioarquitectos.com\/noticias\/?p=23071","og_locale":"es_ES","og_type":"article","og_title":"Se realizar\u00e1 el encuentro \u201cSimilitudes y Contrastes sobre pol\u00edticas de vivienda y planificaci\u00f3n territorial entre Pa\u00eds Vasco y Chile\" - COLEGIO DE ARQUITECTOS DE CHILE","og_description":"El pr\u00f3ximo mi\u00e9rcoles 27 de marzo a las 19:00 horas se realizar\u00e1 el encuentro acad\u00e9mico y gubernamental \u201cSimilitudes y Contrastes sobre pol\u00edticas de vivienda y planificaci\u00f3n territorial entre Pa\u00eds Vasco y Chile\u00bb. La instancia, organizada por la FAU y el &hellip; ver m\u00e1s","og_url":"https:\/\/colegioarquitectos.com\/noticias\/?p=23071","og_site_name":"COLEGIO DE ARQUITECTOS DE CHILE","article_publisher":"https:\/\/facebook.com\/Colegioarq\/","article_published_time":"2019-03-21T17:13:53+00:00","article_modified_time":"2019-03-21T17:21:54+00:00","og_image":[{"width":690,"height":350,"url":"https:\/\/colegioarquitectos.com\/noticias\/wp-content\/uploads\/2019\/03\/ENCABEZADO.png","type":"image\/png"}],"author":"Colegio de Arquitectos de Chile","twitter_card":"summary_large_image","twitter_creator":"@colegioarq","twitter_site":"@colegioarq","twitter_misc":{"Escrito por":"Colegio de Arquitectos de Chile","Tiempo de lectura":"2 minutos"},"schema":{"@context":"https:\/\/schema.org","@graph":[{"@type":"Article","@id":"https:\/\/colegioarquitectos.com\/noticias\/?p=23071#article","isPartOf":{"@id":"https:\/\/colegioarquitectos.com\/noticias\/?p=23071"},"author":{"name":"Colegio de Arquitectos de Chile","@id":"https:\/\/colegioarquitectos.com\/noticias\/#\/schema\/person\/685cc0aad148303c5608f049af8285ad"},"headline":"Se realizar\u00e1 el encuentro \u201cSimilitudes y Contrastes sobre pol\u00edticas de vivienda y planificaci\u00f3n territorial entre Pa\u00eds Vasco y Chile\u00bb","datePublished":"2019-03-21T17:13:53+00:00","dateModified":"2019-03-21T17:21:54+00:00","mainEntityOfPage":{"@id":"https:\/\/colegioarquitectos.com\/noticias\/?p=23071"},"wordCount":329,"publisher":{"@id":"https:\/\/colegioarquitectos.com\/noticias\/#organization"},"image":{"@id":"https:\/\/colegioarquitectos.com\/noticias\/?p=23071#primaryimage"},"thumbnailUrl":"https:\/\/colegioarquitectos.com\/noticias\/wp-content\/uploads\/2019\/03\/ENCABEZADO.png","articleSection":["Actividades"],"inLanguage":"es"},{"@type":"WebPage","@id":"https:\/\/colegioarquitectos.com\/noticias\/?p=23071","url":"https:\/\/colegioarquitectos.com\/noticias\/?p=23071","name":"Se realizar\u00e1 el encuentro \u201cSimilitudes y Contrastes sobre pol\u00edticas de vivienda y planificaci\u00f3n territorial entre Pa\u00eds Vasco y Chile\" - COLEGIO DE ARQUITECTOS DE CHILE","isPartOf":{"@id":"https:\/\/colegioarquitectos.com\/noticias\/#website"},"primaryImageOfPage":{"@id":"https:\/\/colegioarquitectos.com\/noticias\/?p=23071#primaryimage"},"image":{"@id":"https:\/\/colegioarquitectos.com\/noticias\/?p=23071#primaryimage"},"thumbnailUrl":"https:\/\/colegioarquitectos.com\/noticias\/wp-content\/uploads\/2019\/03\/ENCABEZADO.png","datePublished":"2019-03-21T17:13:53+00:00","dateModified":"2019-03-21T17:21:54+00:00","breadcrumb":{"@id":"https:\/\/colegioarquitectos.com\/noticias\/?p=23071#breadcrumb"},"inLanguage":"es","potentialAction":[{"@type":"ReadAction","target":["https:\/\/colegioarquitectos.com\/noticias\/?p=23071"]}]},{"@type":"ImageObject","inLanguage":"es","@id":"https:\/\/colegioarquitectos.com\/noticias\/?p=23071#primaryimage","url":"https:\/\/colegioarquitectos.com\/noticias\/wp-content\/uploads\/2019\/03\/ENCABEZADO.png","contentUrl":"https:\/\/colegioarquitectos.com\/noticias\/wp-content\/uploads\/2019\/03\/ENCABEZADO.png","width":690,"height":350},{"@type":"BreadcrumbList","@id":"https:\/\/colegioarquitectos.com\/noticias\/?p=23071#breadcrumb","itemListElement":[{"@type":"ListItem","position":1,"name":"Portada","item":"https:\/\/colegioarquitectos.com\/noticias"},{"@type":"ListItem","position":2,"name":"Se realizar\u00e1 el encuentro \u201cSimilitudes y Contrastes sobre pol\u00edticas de vivienda y planificaci\u00f3n territorial entre Pa\u00eds Vasco y Chile\u00bb"}]},{"@type":"WebSite","@id":"https:\/\/colegioarquitectos.com\/noticias\/#website","url":"https:\/\/colegioarquitectos.com\/noticias\/","name":"COLEGIO DE ARQUITECTOS DE CHILE","description":"","publisher":{"@id":"https:\/\/colegioarquitectos.com\/noticias\/#organization"},"potentialAction":[{"@type":"SearchAction","target":{"@type":"EntryPoint","urlTemplate":"https:\/\/colegioarquitectos.com\/noticias\/?s={search_term_string}"},"query-input":{"@type":"PropertyValueSpecification","valueRequired":true,"valueName":"search_term_string"}}],"inLanguage":"es"},{"@type":"Organization","@id":"https:\/\/colegioarquitectos.com\/noticias\/#organization","name":"COLEGIO DE ARQUITECTOS DE CHILE","url":"https:\/\/colegioarquitectos.com\/noticias\/","logo":{"@type":"ImageObject","inLanguage":"es","@id":"https:\/\/colegioarquitectos.com\/noticias\/#\/schema\/logo\/image\/","url":"https:\/\/colegioarquitectos.com\/noticias\/wp-content\/uploads\/2021\/05\/ENCABEZADO-LOGO-CA.jpg","contentUrl":"https:\/\/colegioarquitectos.com\/noticias\/wp-content\/uploads\/2021\/05\/ENCABEZADO-LOGO-CA.jpg","width":690,"height":350,"caption":"COLEGIO DE ARQUITECTOS DE CHILE"},"image":{"@id":"https:\/\/colegioarquitectos.com\/noticias\/#\/schema\/logo\/image\/"},"sameAs":["https:\/\/facebook.com\/Colegioarq\/","https:\/\/x.com\/colegioarq","https:\/\/instagram.com\/colegioarq","https:\/\/youtube.com\/@ColegiodeArquitectosdeChile"]},{"@type":"Person","@id":"https:\/\/colegioarquitectos.com\/noticias\/#\/schema\/person\/685cc0aad148303c5608f049af8285ad","name":"Colegio de Arquitectos de Chile","url":"https:\/\/colegioarquitectos.com\/noticias\/?author=4"}]}},"_links":{"self":[{"href":"https:\/\/colegioarquitectos.com\/noticias\/index.php?rest_route=\/wp\/v2\/posts\/23071","targetHints":{"allow":["GET"]}}],"collection":[{"href":"https:\/\/colegioarquitectos.com\/noticias\/index.php?rest_route=\/wp\/v2\/posts"}],"about":[{"href":"https:\/\/colegioarquitectos.com\/noticias\/index.php?rest_route=\/wp\/v2\/types\/post"}],"author":[{"embeddable":true,"href":"https:\/\/colegioarquitectos.com\/noticias\/index.php?rest_route=\/wp\/v2\/users\/4"}],"replies":[{"embeddable":true,"href":"https:\/\/colegioarquitectos.com\/noticias\/index.php?rest_route=%2Fwp%2Fv2%2Fcomments&post=23071"}],"version-history":[{"count":0,"href":"https:\/\/colegioarquitectos.com\/noticias\/index.php?rest_route=\/wp\/v2\/posts\/23071\/revisions"}],"wp:featuredmedia":[{"embeddable":true,"href":"https:\/\/colegioarquitectos.com\/noticias\/index.php?rest_route=\/wp\/v2\/media\/23073"}],"wp:attachment":[{"href":"https:\/\/colegioarquitectos.com\/noticias\/index.php?rest_route=%2Fwp%2Fv2%2Fmedia&parent=23071"}],"wp:term":[{"taxonomy":"category","embeddable":true,"href":"https:\/\/colegioarquitectos.com\/noticias\/index.php?rest_route=%2Fwp%2Fv2%2Fcategories&post=23071"},{"taxonomy":"post_tag","embeddable":true,"href":"https:\/\/colegioarquitectos.com\/noticias\/index.php?rest_route=%2Fwp%2Fv2%2Ftags&post=23071"}],"curies":[{"name":"wp","href":"https:\/\/api.w.org\/{rel}","templated":true}]}}