
{"id":23285,"date":"2019-04-22T20:10:45","date_gmt":"2019-04-22T20:10:45","guid":{"rendered":"http:\/\/colegioarquitectos.com\/?p=23285"},"modified":"2019-04-24T19:40:31","modified_gmt":"2019-04-24T19:40:31","slug":"se-realizaran-nuevos-cursos-bim-en-la-sede-nacional-del-colegio-de-arquitectos","status":"publish","type":"post","link":"https:\/\/colegioarquitectos.com\/noticias\/?p=23285","title":{"rendered":"Se realizar\u00e1n nuevos cursos BIM en la sede nacional del Colegio de Arquitectos"},"content":{"rendered":"<p>La empresa de modelamiento e implementaci\u00f3n BIM <strong>Danny Lobos BIM Expert<\/strong> suma una nueva variedad de cursos que estar\u00e1 impartiendo este <strong>2019<\/strong> en la sede nacional del <strong>Colegio de Arquitectos de Chile<\/strong>:<\/p>\n<p>&nbsp;<\/p>\n<h2>Curso BIM Madera<\/h2>\n<p>En este curso te mostraremos las posibilidades del dise\u00f1o y construcci\u00f3n en Madera, junto a las m\u00e1s modernas tecnolog\u00edas BIM y sus aplicaciones especializadas. AGACAD plugin americano para madera en entorno Revit.<\/p>\n<p><strong>Temas<\/strong><\/p>\n<ul>\n<li>Nivelaci\u00f3n B\u00e1sico en Revit (incluye contenido on-line)<\/li>\n<li>Modelamiento de estructuras de madera laminada encolada (MLE) en Revit Structures.<\/li>\n<li>Modelar estructuras de madera masiva compuesta por MLE y CLT.<\/li>\n<li>Hacer entramados (tabiquer\u00eda) de madera para muros y pisos con Agacad.<\/li>\n<\/ul>\n<p><strong>Inscripciones<\/strong><\/p>\n<p><strong><a href=\"http:\/\/www.bimexpert.cl\/bim-madera\"> http:\/\/www.bimexpert.cl\/bim-madera<\/a><\/strong><\/p>\n<p><img loading=\"lazy\" decoding=\"async\" class=\"alignright size-full wp-image-23287\" src=\"http:\/\/colegioarquitectos.com\/noticias\/wp-content\/uploads\/2019\/04\/CURSOS-BIM-INTER-MADERA-FICHA.png\" alt=\"\" width=\"660\" height=\"335\" srcset=\"https:\/\/colegioarquitectos.com\/noticias\/wp-content\/uploads\/2019\/04\/CURSOS-BIM-INTER-MADERA-FICHA.png 660w, https:\/\/colegioarquitectos.com\/noticias\/wp-content\/uploads\/2019\/04\/CURSOS-BIM-INTER-MADERA-FICHA-300x152.png 300w\" sizes=\"auto, (max-width: 660px) 100vw, 660px\" \/><\/p>\n<p>&nbsp;<\/p>\n<h2><\/h2>\n<h2>Curso BIM B\u00e1sico 12hrs<\/h2>\n<p>\u00bfDe qu\u00e9 se trata este curso? Ofrecerles una visi\u00f3n panor\u00e1mica completa sobre que significa BIM, Roles y Competencias p\u00fablicas, breve sinopsis de las marcas BIM presentes en Chile. Acompa\u00f1ado de pr\u00e1ctica en modelos BIM de Arquitectura, Estructura e Instalaciones, esto le permitir\u00e1 entender cu\u00e1les son las ventajas de usar esta metodolog\u00eda por sobre los m\u00e9todos tradicionales.<\/p>\n<p><strong>Objetivos<\/strong><\/p>\n<p>Comprender qu\u00e9 es el BIM y por qu\u00e9 esta metodolog\u00eda supera los m\u00e9todos tradicionales de trabajo (CAD, papel, etc). Comprender interfaz, entregables y creaci\u00f3n de nuevas l\u00e1minas<\/p>\n<p><strong>Inscripciones<\/strong><\/p>\n<p><a href=\"http:\/\/www.bimexpert.cl\/bim-basico-12-horas\"><strong>http:\/\/www.bimexpert.cl\/bim-basico-12-horas<\/strong><\/a><\/p>\n<p><img loading=\"lazy\" decoding=\"async\" class=\"alignright size-full wp-image-23288\" src=\"http:\/\/colegioarquitectos.com\/noticias\/wp-content\/uploads\/2019\/04\/CURSOS-BIM-BASICO-Ficha.png\" alt=\"\" width=\"660\" height=\"335\" srcset=\"https:\/\/colegioarquitectos.com\/noticias\/wp-content\/uploads\/2019\/04\/CURSOS-BIM-BASICO-Ficha.png 660w, https:\/\/colegioarquitectos.com\/noticias\/wp-content\/uploads\/2019\/04\/CURSOS-BIM-BASICO-Ficha-300x152.png 300w\" sizes=\"auto, (max-width: 660px) 100vw, 660px\" \/><\/p>\n<p>&nbsp;<\/p>\n<h2><\/h2>\n<h2>Curso BIM Intermedio: Arquitectura<\/h2>\n<p>En este Curso BIM Intermedio te entregar\u00e1 las herramientas que necesitas para realizar modelos y trabajos de arquitectura BIM a un nivel mayor\u00a0 de complejidad.<\/p>\n<p>La metodolog\u00eda de trabajo se basar\u00e1 en el software Autodesk Revit y pretende sacar el m\u00e1ximo potencial de tus capacidades de modelamiento.<\/p>\n<p><strong>Inscripciones<\/strong><\/p>\n<p><strong><a href=\"http:\/\/www.bimexpert.cl\/bim-intermedio-arquitectura\">http:\/\/www.bimexpert.cl\/bim-intermedio-arquitectura<\/a><\/strong><\/p>\n<p><img loading=\"lazy\" decoding=\"async\" class=\"alignright size-full wp-image-23289\" src=\"http:\/\/colegioarquitectos.com\/noticias\/wp-content\/uploads\/2019\/04\/CURSOS-BIM-INTER-ARQ.png\" alt=\"\" width=\"660\" height=\"335\" srcset=\"https:\/\/colegioarquitectos.com\/noticias\/wp-content\/uploads\/2019\/04\/CURSOS-BIM-INTER-ARQ.png 660w, https:\/\/colegioarquitectos.com\/noticias\/wp-content\/uploads\/2019\/04\/CURSOS-BIM-INTER-ARQ-300x152.png 300w\" sizes=\"auto, (max-width: 660px) 100vw, 660px\" \/><\/p>\n<p>&nbsp;<\/p>\n<h2><\/h2>\n<h2>Otros Cursos BIM<\/h2>\n<p>Revisa nuestra parrilla de cursos donde encontrar\u00e1s la capacitaci\u00f3n que buscas, tenemos planificados ya cursos de <strong>Costos Avanzados<\/strong>, <strong>BIM Estructuras<\/strong>, <strong>MEP<\/strong> y <strong>Coordinaci\u00f3n<\/strong>, entre otros.<\/p>\n<p><strong><a href=\"http:\/\/www.bimexpert.cl\/capacitaciones\">http:\/\/www.bimexpert.cl\/capacitaciones\u00a0<\/a><\/strong><\/p>\n<p><\/p>","protected":false},"excerpt":{"rendered":"<p>La empresa de modelamiento e implementaci\u00f3n BIM Danny Lobos BIM Expert suma una nueva variedad de cursos que estar\u00e1 impartiendo este 2019 en la sede nacional del Colegio de Arquitectos de Chile: &nbsp; Curso BIM Madera En este curso te &hellip; <a class=\"more-link\" href=\"https:\/\/colegioarquitectos.com\/noticias\/?p=23285\">ver m\u00e1s<\/a><\/p>","protected":false},"author":4,"featured_media":23291,"comment_status":"closed","ping_status":"closed","sticky":false,"template":"","format":"standard","meta":{"footnotes":""},"categories":[19],"tags":[],"class_list":["post-23285","post","type-post","status-publish","format-standard","has-post-thumbnail","hentry","category-actividades"],"yoast_head":"<!-- This site is optimized with the Yoast SEO plugin v24.2 - https:\/\/yoast.com\/wordpress\/plugins\/seo\/ -->\n<title>Se realizar\u00e1n nuevos cursos BIM en la sede nacional del Colegio de Arquitectos - COLEGIO DE ARQUITECTOS DE CHILE<\/title>\n<meta name=\"robots\" content=\"index, follow, max-snippet:-1, max-image-preview:large, max-video-preview:-1\" \/>\n<link rel=\"canonical\" href=\"https:\/\/colegioarquitectos.com\/noticias\/?p=23285\" \/>\n<meta property=\"og:locale\" content=\"es_ES\" \/>\n<meta property=\"og:type\" content=\"article\" \/>\n<meta property=\"og:title\" content=\"Se realizar\u00e1n nuevos cursos BIM en la sede nacional del Colegio de Arquitectos - COLEGIO DE ARQUITECTOS DE CHILE\" \/>\n<meta property=\"og:description\" content=\"La empresa de modelamiento e implementaci\u00f3n BIM Danny Lobos BIM Expert suma una nueva variedad de cursos que estar\u00e1 impartiendo este 2019 en la sede nacional del Colegio de Arquitectos de Chile: &nbsp; Curso BIM Madera En este curso te &hellip; ver m\u00e1s\" \/>\n<meta property=\"og:url\" content=\"https:\/\/colegioarquitectos.com\/noticias\/?p=23285\" \/>\n<meta property=\"og:site_name\" content=\"COLEGIO DE ARQUITECTOS DE CHILE\" \/>\n<meta property=\"article:publisher\" content=\"https:\/\/facebook.com\/Colegioarq\/\" \/>\n<meta property=\"article:published_time\" content=\"2019-04-22T20:10:45+00:00\" \/>\n<meta property=\"article:modified_time\" content=\"2019-04-24T19:40:31+00:00\" \/>\n<meta property=\"og:image\" content=\"https:\/\/colegioarquitectos.com\/noticias\/wp-content\/uploads\/2019\/04\/AFICHE-BIM-Madera.png\" \/>\n\t<meta property=\"og:image:width\" content=\"690\" \/>\n\t<meta property=\"og:image:height\" content=\"350\" \/>\n\t<meta property=\"og:image:type\" content=\"image\/png\" \/>\n<meta name=\"author\" content=\"Colegio de Arquitectos de Chile\" \/>\n<meta name=\"twitter:card\" content=\"summary_large_image\" \/>\n<meta name=\"twitter:creator\" content=\"@colegioarq\" \/>\n<meta name=\"twitter:site\" content=\"@colegioarq\" \/>\n<meta name=\"twitter:label1\" content=\"Escrito por\" \/>\n\t<meta name=\"twitter:data1\" content=\"Colegio de Arquitectos de Chile\" \/>\n\t<meta name=\"twitter:label2\" content=\"Tiempo de lectura\" \/>\n\t<meta name=\"twitter:data2\" content=\"2 minutos\" \/>\n<script type=\"application\/ld+json\" class=\"yoast-schema-graph\">{\"@context\":\"https:\/\/schema.org\",\"@graph\":[{\"@type\":\"Article\",\"@id\":\"https:\/\/colegioarquitectos.com\/noticias\/?p=23285#article\",\"isPartOf\":{\"@id\":\"https:\/\/colegioarquitectos.com\/noticias\/?p=23285\"},\"author\":{\"name\":\"Colegio de Arquitectos de Chile\",\"@id\":\"https:\/\/colegioarquitectos.com\/noticias\/#\/schema\/person\/685cc0aad148303c5608f049af8285ad\"},\"headline\":\"Se realizar\u00e1n nuevos cursos BIM en la sede nacional del Colegio de Arquitectos\",\"datePublished\":\"2019-04-22T20:10:45+00:00\",\"dateModified\":\"2019-04-24T19:40:31+00:00\",\"mainEntityOfPage\":{\"@id\":\"https:\/\/colegioarquitectos.com\/noticias\/?p=23285\"},\"wordCount\":341,\"publisher\":{\"@id\":\"https:\/\/colegioarquitectos.com\/noticias\/#organization\"},\"image\":{\"@id\":\"https:\/\/colegioarquitectos.com\/noticias\/?p=23285#primaryimage\"},\"thumbnailUrl\":\"https:\/\/colegioarquitectos.com\/noticias\/wp-content\/uploads\/2019\/04\/AFICHE-BIM-Madera.png\",\"articleSection\":[\"Actividades\"],\"inLanguage\":\"es\"},{\"@type\":\"WebPage\",\"@id\":\"https:\/\/colegioarquitectos.com\/noticias\/?p=23285\",\"url\":\"https:\/\/colegioarquitectos.com\/noticias\/?p=23285\",\"name\":\"Se realizar\u00e1n nuevos cursos BIM en la sede nacional del Colegio de Arquitectos - COLEGIO DE ARQUITECTOS DE CHILE\",\"isPartOf\":{\"@id\":\"https:\/\/colegioarquitectos.com\/noticias\/#website\"},\"primaryImageOfPage\":{\"@id\":\"https:\/\/colegioarquitectos.com\/noticias\/?p=23285#primaryimage\"},\"image\":{\"@id\":\"https:\/\/colegioarquitectos.com\/noticias\/?p=23285#primaryimage\"},\"thumbnailUrl\":\"https:\/\/colegioarquitectos.com\/noticias\/wp-content\/uploads\/2019\/04\/AFICHE-BIM-Madera.png\",\"datePublished\":\"2019-04-22T20:10:45+00:00\",\"dateModified\":\"2019-04-24T19:40:31+00:00\",\"breadcrumb\":{\"@id\":\"https:\/\/colegioarquitectos.com\/noticias\/?p=23285#breadcrumb\"},\"inLanguage\":\"es\",\"potentialAction\":[{\"@type\":\"ReadAction\",\"target\":[\"https:\/\/colegioarquitectos.com\/noticias\/?p=23285\"]}]},{\"@type\":\"ImageObject\",\"inLanguage\":\"es\",\"@id\":\"https:\/\/colegioarquitectos.com\/noticias\/?p=23285#primaryimage\",\"url\":\"https:\/\/colegioarquitectos.com\/noticias\/wp-content\/uploads\/2019\/04\/AFICHE-BIM-Madera.png\",\"contentUrl\":\"https:\/\/colegioarquitectos.com\/noticias\/wp-content\/uploads\/2019\/04\/AFICHE-BIM-Madera.png\",\"width\":690,\"height\":350},{\"@type\":\"BreadcrumbList\",\"@id\":\"https:\/\/colegioarquitectos.com\/noticias\/?p=23285#breadcrumb\",\"itemListElement\":[{\"@type\":\"ListItem\",\"position\":1,\"name\":\"Portada\",\"item\":\"https:\/\/colegioarquitectos.com\/noticias\"},{\"@type\":\"ListItem\",\"position\":2,\"name\":\"Se realizar\u00e1n nuevos cursos BIM en la sede nacional del Colegio de Arquitectos\"}]},{\"@type\":\"WebSite\",\"@id\":\"https:\/\/colegioarquitectos.com\/noticias\/#website\",\"url\":\"https:\/\/colegioarquitectos.com\/noticias\/\",\"name\":\"COLEGIO DE ARQUITECTOS DE CHILE\",\"description\":\"\",\"publisher\":{\"@id\":\"https:\/\/colegioarquitectos.com\/noticias\/#organization\"},\"potentialAction\":[{\"@type\":\"SearchAction\",\"target\":{\"@type\":\"EntryPoint\",\"urlTemplate\":\"https:\/\/colegioarquitectos.com\/noticias\/?s={search_term_string}\"},\"query-input\":{\"@type\":\"PropertyValueSpecification\",\"valueRequired\":true,\"valueName\":\"search_term_string\"}}],\"inLanguage\":\"es\"},{\"@type\":\"Organization\",\"@id\":\"https:\/\/colegioarquitectos.com\/noticias\/#organization\",\"name\":\"COLEGIO DE ARQUITECTOS DE CHILE\",\"url\":\"https:\/\/colegioarquitectos.com\/noticias\/\",\"logo\":{\"@type\":\"ImageObject\",\"inLanguage\":\"es\",\"@id\":\"https:\/\/colegioarquitectos.com\/noticias\/#\/schema\/logo\/image\/\",\"url\":\"https:\/\/colegioarquitectos.com\/noticias\/wp-content\/uploads\/2021\/05\/ENCABEZADO-LOGO-CA.jpg\",\"contentUrl\":\"https:\/\/colegioarquitectos.com\/noticias\/wp-content\/uploads\/2021\/05\/ENCABEZADO-LOGO-CA.jpg\",\"width\":690,\"height\":350,\"caption\":\"COLEGIO DE ARQUITECTOS DE CHILE\"},\"image\":{\"@id\":\"https:\/\/colegioarquitectos.com\/noticias\/#\/schema\/logo\/image\/\"},\"sameAs\":[\"https:\/\/facebook.com\/Colegioarq\/\",\"https:\/\/x.com\/colegioarq\",\"https:\/\/instagram.com\/colegioarq\",\"https:\/\/youtube.com\/@ColegiodeArquitectosdeChile\"]},{\"@type\":\"Person\",\"@id\":\"https:\/\/colegioarquitectos.com\/noticias\/#\/schema\/person\/685cc0aad148303c5608f049af8285ad\",\"name\":\"Colegio de Arquitectos de Chile\",\"url\":\"https:\/\/colegioarquitectos.com\/noticias\/?author=4\"}]}<\/script>\n<!-- \/ Yoast SEO plugin. -->","yoast_head_json":{"title":"Se realizar\u00e1n nuevos cursos BIM en la sede nacional del Colegio de Arquitectos - COLEGIO DE ARQUITECTOS DE CHILE","robots":{"index":"index","follow":"follow","max-snippet":"max-snippet:-1","max-image-preview":"max-image-preview:large","max-video-preview":"max-video-preview:-1"},"canonical":"https:\/\/colegioarquitectos.com\/noticias\/?p=23285","og_locale":"es_ES","og_type":"article","og_title":"Se realizar\u00e1n nuevos cursos BIM en la sede nacional del Colegio de Arquitectos - COLEGIO DE ARQUITECTOS DE CHILE","og_description":"La empresa de modelamiento e implementaci\u00f3n BIM Danny Lobos BIM Expert suma una nueva variedad de cursos que estar\u00e1 impartiendo este 2019 en la sede nacional del Colegio de Arquitectos de Chile: &nbsp; Curso BIM Madera En este curso te &hellip; ver m\u00e1s","og_url":"https:\/\/colegioarquitectos.com\/noticias\/?p=23285","og_site_name":"COLEGIO DE ARQUITECTOS DE CHILE","article_publisher":"https:\/\/facebook.com\/Colegioarq\/","article_published_time":"2019-04-22T20:10:45+00:00","article_modified_time":"2019-04-24T19:40:31+00:00","og_image":[{"width":690,"height":350,"url":"https:\/\/colegioarquitectos.com\/noticias\/wp-content\/uploads\/2019\/04\/AFICHE-BIM-Madera.png","type":"image\/png"}],"author":"Colegio de Arquitectos de Chile","twitter_card":"summary_large_image","twitter_creator":"@colegioarq","twitter_site":"@colegioarq","twitter_misc":{"Escrito por":"Colegio de Arquitectos de Chile","Tiempo de lectura":"2 minutos"},"schema":{"@context":"https:\/\/schema.org","@graph":[{"@type":"Article","@id":"https:\/\/colegioarquitectos.com\/noticias\/?p=23285#article","isPartOf":{"@id":"https:\/\/colegioarquitectos.com\/noticias\/?p=23285"},"author":{"name":"Colegio de Arquitectos de Chile","@id":"https:\/\/colegioarquitectos.com\/noticias\/#\/schema\/person\/685cc0aad148303c5608f049af8285ad"},"headline":"Se realizar\u00e1n nuevos cursos BIM en la sede nacional del Colegio de Arquitectos","datePublished":"2019-04-22T20:10:45+00:00","dateModified":"2019-04-24T19:40:31+00:00","mainEntityOfPage":{"@id":"https:\/\/colegioarquitectos.com\/noticias\/?p=23285"},"wordCount":341,"publisher":{"@id":"https:\/\/colegioarquitectos.com\/noticias\/#organization"},"image":{"@id":"https:\/\/colegioarquitectos.com\/noticias\/?p=23285#primaryimage"},"thumbnailUrl":"https:\/\/colegioarquitectos.com\/noticias\/wp-content\/uploads\/2019\/04\/AFICHE-BIM-Madera.png","articleSection":["Actividades"],"inLanguage":"es"},{"@type":"WebPage","@id":"https:\/\/colegioarquitectos.com\/noticias\/?p=23285","url":"https:\/\/colegioarquitectos.com\/noticias\/?p=23285","name":"Se realizar\u00e1n nuevos cursos BIM en la sede nacional del Colegio de Arquitectos - COLEGIO DE ARQUITECTOS DE CHILE","isPartOf":{"@id":"https:\/\/colegioarquitectos.com\/noticias\/#website"},"primaryImageOfPage":{"@id":"https:\/\/colegioarquitectos.com\/noticias\/?p=23285#primaryimage"},"image":{"@id":"https:\/\/colegioarquitectos.com\/noticias\/?p=23285#primaryimage"},"thumbnailUrl":"https:\/\/colegioarquitectos.com\/noticias\/wp-content\/uploads\/2019\/04\/AFICHE-BIM-Madera.png","datePublished":"2019-04-22T20:10:45+00:00","dateModified":"2019-04-24T19:40:31+00:00","breadcrumb":{"@id":"https:\/\/colegioarquitectos.com\/noticias\/?p=23285#breadcrumb"},"inLanguage":"es","potentialAction":[{"@type":"ReadAction","target":["https:\/\/colegioarquitectos.com\/noticias\/?p=23285"]}]},{"@type":"ImageObject","inLanguage":"es","@id":"https:\/\/colegioarquitectos.com\/noticias\/?p=23285#primaryimage","url":"https:\/\/colegioarquitectos.com\/noticias\/wp-content\/uploads\/2019\/04\/AFICHE-BIM-Madera.png","contentUrl":"https:\/\/colegioarquitectos.com\/noticias\/wp-content\/uploads\/2019\/04\/AFICHE-BIM-Madera.png","width":690,"height":350},{"@type":"BreadcrumbList","@id":"https:\/\/colegioarquitectos.com\/noticias\/?p=23285#breadcrumb","itemListElement":[{"@type":"ListItem","position":1,"name":"Portada","item":"https:\/\/colegioarquitectos.com\/noticias"},{"@type":"ListItem","position":2,"name":"Se realizar\u00e1n nuevos cursos BIM en la sede nacional del Colegio de Arquitectos"}]},{"@type":"WebSite","@id":"https:\/\/colegioarquitectos.com\/noticias\/#website","url":"https:\/\/colegioarquitectos.com\/noticias\/","name":"COLEGIO DE ARQUITECTOS DE CHILE","description":"","publisher":{"@id":"https:\/\/colegioarquitectos.com\/noticias\/#organization"},"potentialAction":[{"@type":"SearchAction","target":{"@type":"EntryPoint","urlTemplate":"https:\/\/colegioarquitectos.com\/noticias\/?s={search_term_string}"},"query-input":{"@type":"PropertyValueSpecification","valueRequired":true,"valueName":"search_term_string"}}],"inLanguage":"es"},{"@type":"Organization","@id":"https:\/\/colegioarquitectos.com\/noticias\/#organization","name":"COLEGIO DE ARQUITECTOS DE CHILE","url":"https:\/\/colegioarquitectos.com\/noticias\/","logo":{"@type":"ImageObject","inLanguage":"es","@id":"https:\/\/colegioarquitectos.com\/noticias\/#\/schema\/logo\/image\/","url":"https:\/\/colegioarquitectos.com\/noticias\/wp-content\/uploads\/2021\/05\/ENCABEZADO-LOGO-CA.jpg","contentUrl":"https:\/\/colegioarquitectos.com\/noticias\/wp-content\/uploads\/2021\/05\/ENCABEZADO-LOGO-CA.jpg","width":690,"height":350,"caption":"COLEGIO DE ARQUITECTOS DE CHILE"},"image":{"@id":"https:\/\/colegioarquitectos.com\/noticias\/#\/schema\/logo\/image\/"},"sameAs":["https:\/\/facebook.com\/Colegioarq\/","https:\/\/x.com\/colegioarq","https:\/\/instagram.com\/colegioarq","https:\/\/youtube.com\/@ColegiodeArquitectosdeChile"]},{"@type":"Person","@id":"https:\/\/colegioarquitectos.com\/noticias\/#\/schema\/person\/685cc0aad148303c5608f049af8285ad","name":"Colegio de Arquitectos de Chile","url":"https:\/\/colegioarquitectos.com\/noticias\/?author=4"}]}},"_links":{"self":[{"href":"https:\/\/colegioarquitectos.com\/noticias\/index.php?rest_route=\/wp\/v2\/posts\/23285","targetHints":{"allow":["GET"]}}],"collection":[{"href":"https:\/\/colegioarquitectos.com\/noticias\/index.php?rest_route=\/wp\/v2\/posts"}],"about":[{"href":"https:\/\/colegioarquitectos.com\/noticias\/index.php?rest_route=\/wp\/v2\/types\/post"}],"author":[{"embeddable":true,"href":"https:\/\/colegioarquitectos.com\/noticias\/index.php?rest_route=\/wp\/v2\/users\/4"}],"replies":[{"embeddable":true,"href":"https:\/\/colegioarquitectos.com\/noticias\/index.php?rest_route=%2Fwp%2Fv2%2Fcomments&post=23285"}],"version-history":[{"count":0,"href":"https:\/\/colegioarquitectos.com\/noticias\/index.php?rest_route=\/wp\/v2\/posts\/23285\/revisions"}],"wp:featuredmedia":[{"embeddable":true,"href":"https:\/\/colegioarquitectos.com\/noticias\/index.php?rest_route=\/wp\/v2\/media\/23291"}],"wp:attachment":[{"href":"https:\/\/colegioarquitectos.com\/noticias\/index.php?rest_route=%2Fwp%2Fv2%2Fmedia&parent=23285"}],"wp:term":[{"taxonomy":"category","embeddable":true,"href":"https:\/\/colegioarquitectos.com\/noticias\/index.php?rest_route=%2Fwp%2Fv2%2Fcategories&post=23285"},{"taxonomy":"post_tag","embeddable":true,"href":"https:\/\/colegioarquitectos.com\/noticias\/index.php?rest_route=%2Fwp%2Fv2%2Ftags&post=23285"}],"curies":[{"name":"wp","href":"https:\/\/api.w.org\/{rel}","templated":true}]}}