
{"id":23359,"date":"2019-05-07T15:55:57","date_gmt":"2019-05-07T15:55:57","guid":{"rendered":"http:\/\/colegioarquitectos.com\/?p=23359"},"modified":"2019-05-09T19:59:09","modified_gmt":"2019-05-09T19:59:09","slug":"se-realizara-el-seminario-arquitectura-de-edificios-publicos-es-posible-darle-forma-a-lo-colectivo","status":"publish","type":"post","link":"https:\/\/colegioarquitectos.com\/noticias\/?p=23359","title":{"rendered":"Se realizar\u00e1 el seminario \u00abArquitectura de edificios p\u00fablicos: \u00bfEs posible darle forma a lo colectivo?\u00bb"},"content":{"rendered":"<p>En el contexto de la necesidad de un nuevo edificio consistorial para la comuna de Renca es que el seminario <strong>\u00abArquitectura de edificios p\u00fablicos: \u00bfEs posible darle forma a lo colectivo?\u00bb<\/strong> plantea reflexionar en cu\u00e1l es el<strong> rol de la edificaci\u00f3n p\u00fablica hoy y como deben estar pensados los proyectos<\/strong> con el objetivo de acoger tanto las necesidades de la ciudadan\u00eda seg\u00fan sus actividades y las nuevas tecnolog\u00edas.<\/p>\n<p>El seminario se realizar\u00e1 este<strong> jueves 9 de mayo<\/strong>, desde las <strong>09:00 a las 11:00 horas<\/strong>, en el <strong>Campus Lo Contador UC<\/strong>, y contar\u00e1 con la participaci\u00f3n del Presidente Nacional del Colegio de Arquitectos de Chile, <strong>Humberto Eliash<\/strong>.<\/p>\n<p>Los cupos son limitados y puedes inscribirte de forma gratuita <a href=\"https:\/\/docs.google.com\/forms\/d\/e\/1FAIpQLSfyWFh5XQJ3Y6A3rp0SP_9PgVt7Hb0oyU24hqw00pubHhXHPQ\/viewform\"><strong>ac\u00e1<\/strong><\/a>.<\/p>\n<p>&nbsp;<\/p>\n<h2>Programa<\/h2>\n<p><strong>I) Bienvenida<\/strong><\/p>\n<p>a) Palabras de Ignacio Irarr\u00e1zaval. Director Centro de Pol\u00edticas P\u00fablicas UC<\/p>\n<p>&nbsp;<\/p>\n<p><strong>II) Presentaci\u00f3n de proyectos<\/strong><\/p>\n<p>a) Proyecto edificio consistorial I. Municipalidad de Nancagua<\/p>\n<p>b) Proyecto Archivo regional de Tarapac\u00e1<\/p>\n<p>&nbsp;<\/p>\n<p><strong>III) Mesa de discusi\u00f3n<\/strong><\/p>\n<p>a) Alejandra Bosh. Socia de Lyon Bosch + Martic Arquitectos<\/p>\n<p>b) Luis Eduardo Bresciani. Director Escuela de Arquitectura UC<\/p>\n<p>c) Humberto Eliash. Presidente del Colegio de Arquitectos de Chile<\/p>\n<p>d) Claudio Castro. Alcalde Municipalidad de Renca<\/p>\n<p>&nbsp;<\/p>\n<p><img loading=\"lazy\" decoding=\"async\" class=\"size-large wp-image-23361 aligncenter\" src=\"http:\/\/colegioarquitectos.com\/noticias\/wp-content\/uploads\/2019\/05\/unnamed-663x1024.png\" alt=\"\" width=\"663\" height=\"1024\" srcset=\"https:\/\/colegioarquitectos.com\/noticias\/wp-content\/uploads\/2019\/05\/unnamed-663x1024.png 663w, https:\/\/colegioarquitectos.com\/noticias\/wp-content\/uploads\/2019\/05\/unnamed-194x300.png 194w, https:\/\/colegioarquitectos.com\/noticias\/wp-content\/uploads\/2019\/05\/unnamed-768x1186.png 768w, https:\/\/colegioarquitectos.com\/noticias\/wp-content\/uploads\/2019\/05\/unnamed.png 780w\" sizes=\"auto, (max-width: 663px) 100vw, 663px\" \/><\/p>\n<p><\/p>","protected":false},"excerpt":{"rendered":"<p>En el contexto de la necesidad de un nuevo edificio consistorial para la comuna de Renca es que el seminario \u00abArquitectura de edificios p\u00fablicos: \u00bfEs posible darle forma a lo colectivo?\u00bb plantea reflexionar en cu\u00e1l es el rol de la &hellip; <a class=\"more-link\" href=\"https:\/\/colegioarquitectos.com\/noticias\/?p=23359\">ver m\u00e1s<\/a><\/p>","protected":false},"author":4,"featured_media":23362,"comment_status":"closed","ping_status":"closed","sticky":false,"template":"","format":"standard","meta":{"footnotes":""},"categories":[19],"tags":[],"class_list":["post-23359","post","type-post","status-publish","format-standard","has-post-thumbnail","hentry","category-actividades"],"yoast_head":"<!-- This site is optimized with the Yoast SEO plugin v24.2 - https:\/\/yoast.com\/wordpress\/plugins\/seo\/ -->\n<title>Se realizar\u00e1 el seminario \u00abArquitectura de edificios p\u00fablicos: \u00bfEs posible darle forma a lo colectivo?\u00bb - COLEGIO DE ARQUITECTOS DE CHILE<\/title>\n<meta name=\"robots\" content=\"index, follow, max-snippet:-1, max-image-preview:large, max-video-preview:-1\" \/>\n<link rel=\"canonical\" href=\"https:\/\/colegioarquitectos.com\/noticias\/?p=23359\" \/>\n<meta property=\"og:locale\" content=\"es_ES\" \/>\n<meta property=\"og:type\" content=\"article\" \/>\n<meta property=\"og:title\" content=\"Se realizar\u00e1 el seminario \u00abArquitectura de edificios p\u00fablicos: \u00bfEs posible darle forma a lo colectivo?\u00bb - COLEGIO DE ARQUITECTOS DE CHILE\" \/>\n<meta property=\"og:description\" content=\"En el contexto de la necesidad de un nuevo edificio consistorial para la comuna de Renca es que el seminario \u00abArquitectura de edificios p\u00fablicos: \u00bfEs posible darle forma a lo colectivo?\u00bb plantea reflexionar en cu\u00e1l es el rol de la &hellip; ver m\u00e1s\" \/>\n<meta property=\"og:url\" content=\"https:\/\/colegioarquitectos.com\/noticias\/?p=23359\" \/>\n<meta property=\"og:site_name\" content=\"COLEGIO DE ARQUITECTOS DE CHILE\" \/>\n<meta property=\"article:publisher\" content=\"https:\/\/facebook.com\/Colegioarq\/\" \/>\n<meta property=\"article:published_time\" content=\"2019-05-07T15:55:57+00:00\" \/>\n<meta property=\"article:modified_time\" content=\"2019-05-09T19:59:09+00:00\" \/>\n<meta property=\"og:image\" content=\"https:\/\/colegioarquitectos.com\/noticias\/wp-content\/uploads\/2019\/05\/banner_Puentes_2019.png\" \/>\n\t<meta property=\"og:image:width\" content=\"690\" \/>\n\t<meta property=\"og:image:height\" content=\"350\" \/>\n\t<meta property=\"og:image:type\" content=\"image\/png\" \/>\n<meta name=\"author\" content=\"Colegio de Arquitectos de Chile\" \/>\n<meta name=\"twitter:card\" content=\"summary_large_image\" \/>\n<meta name=\"twitter:creator\" content=\"@colegioarq\" \/>\n<meta name=\"twitter:site\" content=\"@colegioarq\" \/>\n<meta name=\"twitter:label1\" content=\"Escrito por\" \/>\n\t<meta name=\"twitter:data1\" content=\"Colegio de Arquitectos de Chile\" \/>\n\t<meta name=\"twitter:label2\" content=\"Tiempo de lectura\" \/>\n\t<meta name=\"twitter:data2\" content=\"1 minuto\" \/>\n<script type=\"application\/ld+json\" class=\"yoast-schema-graph\">{\"@context\":\"https:\/\/schema.org\",\"@graph\":[{\"@type\":\"Article\",\"@id\":\"https:\/\/colegioarquitectos.com\/noticias\/?p=23359#article\",\"isPartOf\":{\"@id\":\"https:\/\/colegioarquitectos.com\/noticias\/?p=23359\"},\"author\":{\"name\":\"Colegio de Arquitectos de Chile\",\"@id\":\"https:\/\/colegioarquitectos.com\/noticias\/#\/schema\/person\/685cc0aad148303c5608f049af8285ad\"},\"headline\":\"Se realizar\u00e1 el seminario \u00abArquitectura de edificios p\u00fablicos: \u00bfEs posible darle forma a lo colectivo?\u00bb\",\"datePublished\":\"2019-05-07T15:55:57+00:00\",\"dateModified\":\"2019-05-09T19:59:09+00:00\",\"mainEntityOfPage\":{\"@id\":\"https:\/\/colegioarquitectos.com\/noticias\/?p=23359\"},\"wordCount\":218,\"publisher\":{\"@id\":\"https:\/\/colegioarquitectos.com\/noticias\/#organization\"},\"image\":{\"@id\":\"https:\/\/colegioarquitectos.com\/noticias\/?p=23359#primaryimage\"},\"thumbnailUrl\":\"https:\/\/colegioarquitectos.com\/noticias\/wp-content\/uploads\/2019\/05\/banner_Puentes_2019.png\",\"articleSection\":[\"Actividades\"],\"inLanguage\":\"es\"},{\"@type\":\"WebPage\",\"@id\":\"https:\/\/colegioarquitectos.com\/noticias\/?p=23359\",\"url\":\"https:\/\/colegioarquitectos.com\/noticias\/?p=23359\",\"name\":\"Se realizar\u00e1 el seminario \u00abArquitectura de edificios p\u00fablicos: \u00bfEs posible darle forma a lo colectivo?\u00bb - COLEGIO DE ARQUITECTOS DE CHILE\",\"isPartOf\":{\"@id\":\"https:\/\/colegioarquitectos.com\/noticias\/#website\"},\"primaryImageOfPage\":{\"@id\":\"https:\/\/colegioarquitectos.com\/noticias\/?p=23359#primaryimage\"},\"image\":{\"@id\":\"https:\/\/colegioarquitectos.com\/noticias\/?p=23359#primaryimage\"},\"thumbnailUrl\":\"https:\/\/colegioarquitectos.com\/noticias\/wp-content\/uploads\/2019\/05\/banner_Puentes_2019.png\",\"datePublished\":\"2019-05-07T15:55:57+00:00\",\"dateModified\":\"2019-05-09T19:59:09+00:00\",\"breadcrumb\":{\"@id\":\"https:\/\/colegioarquitectos.com\/noticias\/?p=23359#breadcrumb\"},\"inLanguage\":\"es\",\"potentialAction\":[{\"@type\":\"ReadAction\",\"target\":[\"https:\/\/colegioarquitectos.com\/noticias\/?p=23359\"]}]},{\"@type\":\"ImageObject\",\"inLanguage\":\"es\",\"@id\":\"https:\/\/colegioarquitectos.com\/noticias\/?p=23359#primaryimage\",\"url\":\"https:\/\/colegioarquitectos.com\/noticias\/wp-content\/uploads\/2019\/05\/banner_Puentes_2019.png\",\"contentUrl\":\"https:\/\/colegioarquitectos.com\/noticias\/wp-content\/uploads\/2019\/05\/banner_Puentes_2019.png\",\"width\":690,\"height\":350},{\"@type\":\"BreadcrumbList\",\"@id\":\"https:\/\/colegioarquitectos.com\/noticias\/?p=23359#breadcrumb\",\"itemListElement\":[{\"@type\":\"ListItem\",\"position\":1,\"name\":\"Portada\",\"item\":\"https:\/\/colegioarquitectos.com\/noticias\"},{\"@type\":\"ListItem\",\"position\":2,\"name\":\"Se realizar\u00e1 el seminario \u00abArquitectura de edificios p\u00fablicos: \u00bfEs posible darle forma a lo colectivo?\u00bb\"}]},{\"@type\":\"WebSite\",\"@id\":\"https:\/\/colegioarquitectos.com\/noticias\/#website\",\"url\":\"https:\/\/colegioarquitectos.com\/noticias\/\",\"name\":\"COLEGIO DE ARQUITECTOS DE CHILE\",\"description\":\"\",\"publisher\":{\"@id\":\"https:\/\/colegioarquitectos.com\/noticias\/#organization\"},\"potentialAction\":[{\"@type\":\"SearchAction\",\"target\":{\"@type\":\"EntryPoint\",\"urlTemplate\":\"https:\/\/colegioarquitectos.com\/noticias\/?s={search_term_string}\"},\"query-input\":{\"@type\":\"PropertyValueSpecification\",\"valueRequired\":true,\"valueName\":\"search_term_string\"}}],\"inLanguage\":\"es\"},{\"@type\":\"Organization\",\"@id\":\"https:\/\/colegioarquitectos.com\/noticias\/#organization\",\"name\":\"COLEGIO DE ARQUITECTOS DE CHILE\",\"url\":\"https:\/\/colegioarquitectos.com\/noticias\/\",\"logo\":{\"@type\":\"ImageObject\",\"inLanguage\":\"es\",\"@id\":\"https:\/\/colegioarquitectos.com\/noticias\/#\/schema\/logo\/image\/\",\"url\":\"https:\/\/colegioarquitectos.com\/noticias\/wp-content\/uploads\/2021\/05\/ENCABEZADO-LOGO-CA.jpg\",\"contentUrl\":\"https:\/\/colegioarquitectos.com\/noticias\/wp-content\/uploads\/2021\/05\/ENCABEZADO-LOGO-CA.jpg\",\"width\":690,\"height\":350,\"caption\":\"COLEGIO DE ARQUITECTOS DE CHILE\"},\"image\":{\"@id\":\"https:\/\/colegioarquitectos.com\/noticias\/#\/schema\/logo\/image\/\"},\"sameAs\":[\"https:\/\/facebook.com\/Colegioarq\/\",\"https:\/\/x.com\/colegioarq\",\"https:\/\/instagram.com\/colegioarq\",\"https:\/\/youtube.com\/@ColegiodeArquitectosdeChile\"]},{\"@type\":\"Person\",\"@id\":\"https:\/\/colegioarquitectos.com\/noticias\/#\/schema\/person\/685cc0aad148303c5608f049af8285ad\",\"name\":\"Colegio de Arquitectos de Chile\",\"url\":\"https:\/\/colegioarquitectos.com\/noticias\/?author=4\"}]}<\/script>\n<!-- \/ Yoast SEO plugin. -->","yoast_head_json":{"title":"Se realizar\u00e1 el seminario \u00abArquitectura de edificios p\u00fablicos: \u00bfEs posible darle forma a lo colectivo?\u00bb - COLEGIO DE ARQUITECTOS DE CHILE","robots":{"index":"index","follow":"follow","max-snippet":"max-snippet:-1","max-image-preview":"max-image-preview:large","max-video-preview":"max-video-preview:-1"},"canonical":"https:\/\/colegioarquitectos.com\/noticias\/?p=23359","og_locale":"es_ES","og_type":"article","og_title":"Se realizar\u00e1 el seminario \u00abArquitectura de edificios p\u00fablicos: \u00bfEs posible darle forma a lo colectivo?\u00bb - COLEGIO DE ARQUITECTOS DE CHILE","og_description":"En el contexto de la necesidad de un nuevo edificio consistorial para la comuna de Renca es que el seminario \u00abArquitectura de edificios p\u00fablicos: \u00bfEs posible darle forma a lo colectivo?\u00bb plantea reflexionar en cu\u00e1l es el rol de la &hellip; ver m\u00e1s","og_url":"https:\/\/colegioarquitectos.com\/noticias\/?p=23359","og_site_name":"COLEGIO DE ARQUITECTOS DE CHILE","article_publisher":"https:\/\/facebook.com\/Colegioarq\/","article_published_time":"2019-05-07T15:55:57+00:00","article_modified_time":"2019-05-09T19:59:09+00:00","og_image":[{"width":690,"height":350,"url":"https:\/\/colegioarquitectos.com\/noticias\/wp-content\/uploads\/2019\/05\/banner_Puentes_2019.png","type":"image\/png"}],"author":"Colegio de Arquitectos de Chile","twitter_card":"summary_large_image","twitter_creator":"@colegioarq","twitter_site":"@colegioarq","twitter_misc":{"Escrito por":"Colegio de Arquitectos de Chile","Tiempo de lectura":"1 minuto"},"schema":{"@context":"https:\/\/schema.org","@graph":[{"@type":"Article","@id":"https:\/\/colegioarquitectos.com\/noticias\/?p=23359#article","isPartOf":{"@id":"https:\/\/colegioarquitectos.com\/noticias\/?p=23359"},"author":{"name":"Colegio de Arquitectos de Chile","@id":"https:\/\/colegioarquitectos.com\/noticias\/#\/schema\/person\/685cc0aad148303c5608f049af8285ad"},"headline":"Se realizar\u00e1 el seminario \u00abArquitectura de edificios p\u00fablicos: \u00bfEs posible darle forma a lo colectivo?\u00bb","datePublished":"2019-05-07T15:55:57+00:00","dateModified":"2019-05-09T19:59:09+00:00","mainEntityOfPage":{"@id":"https:\/\/colegioarquitectos.com\/noticias\/?p=23359"},"wordCount":218,"publisher":{"@id":"https:\/\/colegioarquitectos.com\/noticias\/#organization"},"image":{"@id":"https:\/\/colegioarquitectos.com\/noticias\/?p=23359#primaryimage"},"thumbnailUrl":"https:\/\/colegioarquitectos.com\/noticias\/wp-content\/uploads\/2019\/05\/banner_Puentes_2019.png","articleSection":["Actividades"],"inLanguage":"es"},{"@type":"WebPage","@id":"https:\/\/colegioarquitectos.com\/noticias\/?p=23359","url":"https:\/\/colegioarquitectos.com\/noticias\/?p=23359","name":"Se realizar\u00e1 el seminario \u00abArquitectura de edificios p\u00fablicos: \u00bfEs posible darle forma a lo colectivo?\u00bb - COLEGIO DE ARQUITECTOS DE CHILE","isPartOf":{"@id":"https:\/\/colegioarquitectos.com\/noticias\/#website"},"primaryImageOfPage":{"@id":"https:\/\/colegioarquitectos.com\/noticias\/?p=23359#primaryimage"},"image":{"@id":"https:\/\/colegioarquitectos.com\/noticias\/?p=23359#primaryimage"},"thumbnailUrl":"https:\/\/colegioarquitectos.com\/noticias\/wp-content\/uploads\/2019\/05\/banner_Puentes_2019.png","datePublished":"2019-05-07T15:55:57+00:00","dateModified":"2019-05-09T19:59:09+00:00","breadcrumb":{"@id":"https:\/\/colegioarquitectos.com\/noticias\/?p=23359#breadcrumb"},"inLanguage":"es","potentialAction":[{"@type":"ReadAction","target":["https:\/\/colegioarquitectos.com\/noticias\/?p=23359"]}]},{"@type":"ImageObject","inLanguage":"es","@id":"https:\/\/colegioarquitectos.com\/noticias\/?p=23359#primaryimage","url":"https:\/\/colegioarquitectos.com\/noticias\/wp-content\/uploads\/2019\/05\/banner_Puentes_2019.png","contentUrl":"https:\/\/colegioarquitectos.com\/noticias\/wp-content\/uploads\/2019\/05\/banner_Puentes_2019.png","width":690,"height":350},{"@type":"BreadcrumbList","@id":"https:\/\/colegioarquitectos.com\/noticias\/?p=23359#breadcrumb","itemListElement":[{"@type":"ListItem","position":1,"name":"Portada","item":"https:\/\/colegioarquitectos.com\/noticias"},{"@type":"ListItem","position":2,"name":"Se realizar\u00e1 el seminario \u00abArquitectura de edificios p\u00fablicos: \u00bfEs posible darle forma a lo colectivo?\u00bb"}]},{"@type":"WebSite","@id":"https:\/\/colegioarquitectos.com\/noticias\/#website","url":"https:\/\/colegioarquitectos.com\/noticias\/","name":"COLEGIO DE ARQUITECTOS DE CHILE","description":"","publisher":{"@id":"https:\/\/colegioarquitectos.com\/noticias\/#organization"},"potentialAction":[{"@type":"SearchAction","target":{"@type":"EntryPoint","urlTemplate":"https:\/\/colegioarquitectos.com\/noticias\/?s={search_term_string}"},"query-input":{"@type":"PropertyValueSpecification","valueRequired":true,"valueName":"search_term_string"}}],"inLanguage":"es"},{"@type":"Organization","@id":"https:\/\/colegioarquitectos.com\/noticias\/#organization","name":"COLEGIO DE ARQUITECTOS DE CHILE","url":"https:\/\/colegioarquitectos.com\/noticias\/","logo":{"@type":"ImageObject","inLanguage":"es","@id":"https:\/\/colegioarquitectos.com\/noticias\/#\/schema\/logo\/image\/","url":"https:\/\/colegioarquitectos.com\/noticias\/wp-content\/uploads\/2021\/05\/ENCABEZADO-LOGO-CA.jpg","contentUrl":"https:\/\/colegioarquitectos.com\/noticias\/wp-content\/uploads\/2021\/05\/ENCABEZADO-LOGO-CA.jpg","width":690,"height":350,"caption":"COLEGIO DE ARQUITECTOS DE CHILE"},"image":{"@id":"https:\/\/colegioarquitectos.com\/noticias\/#\/schema\/logo\/image\/"},"sameAs":["https:\/\/facebook.com\/Colegioarq\/","https:\/\/x.com\/colegioarq","https:\/\/instagram.com\/colegioarq","https:\/\/youtube.com\/@ColegiodeArquitectosdeChile"]},{"@type":"Person","@id":"https:\/\/colegioarquitectos.com\/noticias\/#\/schema\/person\/685cc0aad148303c5608f049af8285ad","name":"Colegio de Arquitectos de Chile","url":"https:\/\/colegioarquitectos.com\/noticias\/?author=4"}]}},"_links":{"self":[{"href":"https:\/\/colegioarquitectos.com\/noticias\/index.php?rest_route=\/wp\/v2\/posts\/23359","targetHints":{"allow":["GET"]}}],"collection":[{"href":"https:\/\/colegioarquitectos.com\/noticias\/index.php?rest_route=\/wp\/v2\/posts"}],"about":[{"href":"https:\/\/colegioarquitectos.com\/noticias\/index.php?rest_route=\/wp\/v2\/types\/post"}],"author":[{"embeddable":true,"href":"https:\/\/colegioarquitectos.com\/noticias\/index.php?rest_route=\/wp\/v2\/users\/4"}],"replies":[{"embeddable":true,"href":"https:\/\/colegioarquitectos.com\/noticias\/index.php?rest_route=%2Fwp%2Fv2%2Fcomments&post=23359"}],"version-history":[{"count":0,"href":"https:\/\/colegioarquitectos.com\/noticias\/index.php?rest_route=\/wp\/v2\/posts\/23359\/revisions"}],"wp:featuredmedia":[{"embeddable":true,"href":"https:\/\/colegioarquitectos.com\/noticias\/index.php?rest_route=\/wp\/v2\/media\/23362"}],"wp:attachment":[{"href":"https:\/\/colegioarquitectos.com\/noticias\/index.php?rest_route=%2Fwp%2Fv2%2Fmedia&parent=23359"}],"wp:term":[{"taxonomy":"category","embeddable":true,"href":"https:\/\/colegioarquitectos.com\/noticias\/index.php?rest_route=%2Fwp%2Fv2%2Fcategories&post=23359"},{"taxonomy":"post_tag","embeddable":true,"href":"https:\/\/colegioarquitectos.com\/noticias\/index.php?rest_route=%2Fwp%2Fv2%2Ftags&post=23359"}],"curies":[{"name":"wp","href":"https:\/\/api.w.org\/{rel}","templated":true}]}}