
{"id":23375,"date":"2019-05-08T19:14:51","date_gmt":"2019-05-08T19:14:51","guid":{"rendered":"http:\/\/colegioarquitectos.com\/?p=23375"},"modified":"2019-05-22T20:17:17","modified_gmt":"2019-05-22T20:17:17","slug":"en-la-sede-del-colegio-de-arquitectos-se-realizara-la-exposicion_conversatorio-formacion-del-arquitecto-y-desarrollo-profesional","status":"publish","type":"post","link":"https:\/\/colegioarquitectos.com\/noticias\/?p=23375","title":{"rendered":"En la sede del Colegio de Arquitectos se realizar\u00e1 la exposici\u00f3n y conversatorio \u00abFormaci\u00f3n de Arquitectura y desarrollo profesional\u00bb"},"content":{"rendered":"<p>El viernes 31 de mayo en la sede nacional del <strong>Colegio de Arquitectos de Chile<\/strong> (Avenida Libertador Bernardo O\u2019Higgins 115), se llevar\u00e1 a la exposici\u00f3n y conversatorio <strong>\u00abFormaci\u00f3n de Arquitectura y desarrollo profesional\u00bb<\/strong>, organizada por el <strong>Comit\u00e9 de Acad\u00e9micos<\/strong> del Colegio de Arquitectos y auspiciada por la <strong>Facultad de Arquitectura, Construcci\u00f3n y Dise\u00f1o<\/strong> de la<strong> Universidad del B\u00edo-B\u00edo<\/strong>.<\/p>\n<p>La configuraci\u00f3n de un nuevo escenario para la ense\u00f1anza-aprendizaje de la arquitectura, y los cambios socioculturales -y de la profesi\u00f3n en el pa\u00eds y el mundo, han provocado cambios en las estructuras universitarias tales como la masificaci\u00f3n del acceso a la educaci\u00f3n superior y la amplia oferta de programas. Un nuevo sujeto estudiante de arquitectura, y un nuevo sujeto profesor de arquitectura con nuevas funciones acad\u00e9micas han dado lugar a nuevos entornos y modelos de ense\u00f1anza aprendizaje (Proyecto de investigaci\u00f3n en docencia 180102 2\/IDU, U. del B\u00edo-B\u00edo 2018-2019, de Jessica Fuentealba, Rodrigo Lagos, Alejandra Bancalari, Denisse Schmidt y Macarena Barrientos:\u00bbLa formaci\u00f3n del arquitecto. Reacciones ante el nuevo escenario econ\u00f3mico, disciplinar y social en Chile\u00bb).<\/p>\n<p>&nbsp;<\/p>\n<h2>Programa<\/h2>\n<p><strong>Lugar:<\/strong> \u00a0\u00a0\u00a0\u00a0\u00a0\u00a0\u00a0\u00a0\u00a0\u00a0\u00a0\u00a0\u00a0\u00a0\u00a0\u00a0\u00a0 Sala de reuniones del Colegio de Arquitectos de Chile en Santiago (2o piso).<\/p>\n<p><strong>Fecha: \u00a0\u00a0<\/strong>\u00a0\u00a0\u00a0\u00a0\u00a0\u00a0\u00a0\u00a0\u00a0\u00a0\u00a0\u00a0\u00a0\u00a0 Viernes 31 de mayo de 2019<\/p>\n<p>&nbsp;<\/p>\n<h3>12.00-12.20 horas: Presentaciones<\/h3>\n<p><strong>Humberto Eliash<\/strong>, Presidente del Colegio de Arquitectos de Chile<\/p>\n<p><strong>Rodrigo Lagos<\/strong>,\u00a0Presidente del Comit\u00e9 de Acad\u00e9micos del Colegio de Arquitectos de Chile<\/p>\n<p>&nbsp;<\/p>\n<h3>12.20-13.30 horas: Exposiciones<\/h3>\n<p><strong>Jessica Fuentealba<\/strong>, arquitecta acad\u00e9mica de la Universidad del B\u00edo-B\u00edo y Dra\u00a9 de la Universidad de Alcal\u00e1 (Espa\u00f1a).<\/p>\n<p><strong>Macarena Barrientos<\/strong>, arquitecta acad\u00e9mica de la Universidad T\u00e9cnica Federico Santa Mar\u00eda y Dra\u00a9 de las universidades del B\u00edo-B\u00edo y Alcal\u00e1 (Espa\u00f1a).<\/p>\n<p><b>Jos\u00e9 Llano<\/b>, arquitecto acad\u00e9mico de la Universidad Andr\u00e9s Bello y Magister\u00a9 en Educaci\u00f3n Superior de la misma Universidad.<\/p>\n<p>&nbsp;<\/p>\n<h3>13.45-15.00 horas: Almuerzo\/Conversatorio<\/h3>\n<p>&nbsp;<\/p>\n<p><img loading=\"lazy\" decoding=\"async\" class=\"aligncenter size-large wp-image-23388\" src=\"http:\/\/colegioarquitectos.com\/noticias\/wp-content\/uploads\/2019\/05\/expoconversatorio-colegio-arq4-01-1024x715.png\" alt=\"\" width=\"690\" height=\"482\" srcset=\"https:\/\/colegioarquitectos.com\/noticias\/wp-content\/uploads\/2019\/05\/expoconversatorio-colegio-arq4-01-1024x715.png 1024w, https:\/\/colegioarquitectos.com\/noticias\/wp-content\/uploads\/2019\/05\/expoconversatorio-colegio-arq4-01-300x209.png 300w, https:\/\/colegioarquitectos.com\/noticias\/wp-content\/uploads\/2019\/05\/expoconversatorio-colegio-arq4-01-768x536.png 768w\" sizes=\"auto, (max-width: 690px) 100vw, 690px\" \/><\/p>\n<p>&nbsp;<\/p>\n<p><\/p>","protected":false},"excerpt":{"rendered":"<p>El viernes 31 de mayo en la sede nacional del Colegio de Arquitectos de Chile (Avenida Libertador Bernardo O\u2019Higgins 115), se llevar\u00e1 a la exposici\u00f3n y conversatorio \u00abFormaci\u00f3n de Arquitectura y desarrollo profesional\u00bb, organizada por el Comit\u00e9 de Acad\u00e9micos del &hellip; <a class=\"more-link\" href=\"https:\/\/colegioarquitectos.com\/noticias\/?p=23375\">ver m\u00e1s<\/a><\/p>","protected":false},"author":4,"featured_media":23390,"comment_status":"closed","ping_status":"closed","sticky":false,"template":"","format":"standard","meta":{"footnotes":""},"categories":[9],"tags":[],"class_list":["post-23375","post","type-post","status-publish","format-standard","has-post-thumbnail","hentry","category-comites"],"yoast_head":"<!-- This site is optimized with the Yoast SEO plugin v24.2 - https:\/\/yoast.com\/wordpress\/plugins\/seo\/ -->\n<title>En la sede del Colegio de Arquitectos se realizar\u00e1 la exposici\u00f3n y conversatorio \u00abFormaci\u00f3n de Arquitectura y desarrollo profesional\u00bb - COLEGIO DE ARQUITECTOS DE CHILE<\/title>\n<meta name=\"robots\" content=\"index, follow, max-snippet:-1, max-image-preview:large, max-video-preview:-1\" \/>\n<link rel=\"canonical\" href=\"https:\/\/colegioarquitectos.com\/noticias\/?p=23375\" \/>\n<meta property=\"og:locale\" content=\"es_ES\" \/>\n<meta property=\"og:type\" content=\"article\" \/>\n<meta property=\"og:title\" content=\"En la sede del Colegio de Arquitectos se realizar\u00e1 la exposici\u00f3n y conversatorio \u00abFormaci\u00f3n de Arquitectura y desarrollo profesional\u00bb - COLEGIO DE ARQUITECTOS DE CHILE\" \/>\n<meta property=\"og:description\" content=\"El viernes 31 de mayo en la sede nacional del Colegio de Arquitectos de Chile (Avenida Libertador Bernardo O\u2019Higgins 115), se llevar\u00e1 a la exposici\u00f3n y conversatorio \u00abFormaci\u00f3n de Arquitectura y desarrollo profesional\u00bb, organizada por el Comit\u00e9 de Acad\u00e9micos del &hellip; ver m\u00e1s\" \/>\n<meta property=\"og:url\" content=\"https:\/\/colegioarquitectos.com\/noticias\/?p=23375\" \/>\n<meta property=\"og:site_name\" content=\"COLEGIO DE ARQUITECTOS DE CHILE\" \/>\n<meta property=\"article:publisher\" content=\"https:\/\/facebook.com\/Colegioarq\/\" \/>\n<meta property=\"article:published_time\" content=\"2019-05-08T19:14:51+00:00\" \/>\n<meta property=\"article:modified_time\" content=\"2019-05-22T20:17:17+00:00\" \/>\n<meta property=\"og:image\" content=\"https:\/\/colegioarquitectos.com\/noticias\/wp-content\/uploads\/2019\/05\/ENCABEZADO-1.png\" \/>\n\t<meta property=\"og:image:width\" content=\"690\" \/>\n\t<meta property=\"og:image:height\" content=\"350\" \/>\n\t<meta property=\"og:image:type\" content=\"image\/png\" \/>\n<meta name=\"author\" content=\"Colegio de Arquitectos de Chile\" \/>\n<meta name=\"twitter:card\" content=\"summary_large_image\" \/>\n<meta name=\"twitter:creator\" content=\"@colegioarq\" \/>\n<meta name=\"twitter:site\" content=\"@colegioarq\" \/>\n<meta name=\"twitter:label1\" content=\"Escrito por\" \/>\n\t<meta name=\"twitter:data1\" content=\"Colegio de Arquitectos de Chile\" \/>\n\t<meta name=\"twitter:label2\" content=\"Tiempo de lectura\" \/>\n\t<meta name=\"twitter:data2\" content=\"2 minutos\" \/>\n<script type=\"application\/ld+json\" class=\"yoast-schema-graph\">{\"@context\":\"https:\/\/schema.org\",\"@graph\":[{\"@type\":\"Article\",\"@id\":\"https:\/\/colegioarquitectos.com\/noticias\/?p=23375#article\",\"isPartOf\":{\"@id\":\"https:\/\/colegioarquitectos.com\/noticias\/?p=23375\"},\"author\":{\"name\":\"Colegio de Arquitectos de Chile\",\"@id\":\"https:\/\/colegioarquitectos.com\/noticias\/#\/schema\/person\/685cc0aad148303c5608f049af8285ad\"},\"headline\":\"En la sede del Colegio de Arquitectos se realizar\u00e1 la exposici\u00f3n y conversatorio \u00abFormaci\u00f3n de Arquitectura y desarrollo profesional\u00bb\",\"datePublished\":\"2019-05-08T19:14:51+00:00\",\"dateModified\":\"2019-05-22T20:17:17+00:00\",\"mainEntityOfPage\":{\"@id\":\"https:\/\/colegioarquitectos.com\/noticias\/?p=23375\"},\"wordCount\":340,\"publisher\":{\"@id\":\"https:\/\/colegioarquitectos.com\/noticias\/#organization\"},\"image\":{\"@id\":\"https:\/\/colegioarquitectos.com\/noticias\/?p=23375#primaryimage\"},\"thumbnailUrl\":\"https:\/\/colegioarquitectos.com\/noticias\/wp-content\/uploads\/2019\/05\/ENCABEZADO-1.png\",\"articleSection\":[\"Comit\u00e9s\"],\"inLanguage\":\"es\"},{\"@type\":\"WebPage\",\"@id\":\"https:\/\/colegioarquitectos.com\/noticias\/?p=23375\",\"url\":\"https:\/\/colegioarquitectos.com\/noticias\/?p=23375\",\"name\":\"En la sede del Colegio de Arquitectos se realizar\u00e1 la exposici\u00f3n y conversatorio \u00abFormaci\u00f3n de Arquitectura y desarrollo profesional\u00bb - COLEGIO DE ARQUITECTOS DE CHILE\",\"isPartOf\":{\"@id\":\"https:\/\/colegioarquitectos.com\/noticias\/#website\"},\"primaryImageOfPage\":{\"@id\":\"https:\/\/colegioarquitectos.com\/noticias\/?p=23375#primaryimage\"},\"image\":{\"@id\":\"https:\/\/colegioarquitectos.com\/noticias\/?p=23375#primaryimage\"},\"thumbnailUrl\":\"https:\/\/colegioarquitectos.com\/noticias\/wp-content\/uploads\/2019\/05\/ENCABEZADO-1.png\",\"datePublished\":\"2019-05-08T19:14:51+00:00\",\"dateModified\":\"2019-05-22T20:17:17+00:00\",\"breadcrumb\":{\"@id\":\"https:\/\/colegioarquitectos.com\/noticias\/?p=23375#breadcrumb\"},\"inLanguage\":\"es\",\"potentialAction\":[{\"@type\":\"ReadAction\",\"target\":[\"https:\/\/colegioarquitectos.com\/noticias\/?p=23375\"]}]},{\"@type\":\"ImageObject\",\"inLanguage\":\"es\",\"@id\":\"https:\/\/colegioarquitectos.com\/noticias\/?p=23375#primaryimage\",\"url\":\"https:\/\/colegioarquitectos.com\/noticias\/wp-content\/uploads\/2019\/05\/ENCABEZADO-1.png\",\"contentUrl\":\"https:\/\/colegioarquitectos.com\/noticias\/wp-content\/uploads\/2019\/05\/ENCABEZADO-1.png\",\"width\":690,\"height\":350},{\"@type\":\"BreadcrumbList\",\"@id\":\"https:\/\/colegioarquitectos.com\/noticias\/?p=23375#breadcrumb\",\"itemListElement\":[{\"@type\":\"ListItem\",\"position\":1,\"name\":\"Portada\",\"item\":\"https:\/\/colegioarquitectos.com\/noticias\"},{\"@type\":\"ListItem\",\"position\":2,\"name\":\"En la sede del Colegio de Arquitectos se realizar\u00e1 la exposici\u00f3n y conversatorio \u00abFormaci\u00f3n de Arquitectura y desarrollo profesional\u00bb\"}]},{\"@type\":\"WebSite\",\"@id\":\"https:\/\/colegioarquitectos.com\/noticias\/#website\",\"url\":\"https:\/\/colegioarquitectos.com\/noticias\/\",\"name\":\"COLEGIO DE ARQUITECTOS DE CHILE\",\"description\":\"\",\"publisher\":{\"@id\":\"https:\/\/colegioarquitectos.com\/noticias\/#organization\"},\"potentialAction\":[{\"@type\":\"SearchAction\",\"target\":{\"@type\":\"EntryPoint\",\"urlTemplate\":\"https:\/\/colegioarquitectos.com\/noticias\/?s={search_term_string}\"},\"query-input\":{\"@type\":\"PropertyValueSpecification\",\"valueRequired\":true,\"valueName\":\"search_term_string\"}}],\"inLanguage\":\"es\"},{\"@type\":\"Organization\",\"@id\":\"https:\/\/colegioarquitectos.com\/noticias\/#organization\",\"name\":\"COLEGIO DE ARQUITECTOS DE CHILE\",\"url\":\"https:\/\/colegioarquitectos.com\/noticias\/\",\"logo\":{\"@type\":\"ImageObject\",\"inLanguage\":\"es\",\"@id\":\"https:\/\/colegioarquitectos.com\/noticias\/#\/schema\/logo\/image\/\",\"url\":\"https:\/\/colegioarquitectos.com\/noticias\/wp-content\/uploads\/2021\/05\/ENCABEZADO-LOGO-CA.jpg\",\"contentUrl\":\"https:\/\/colegioarquitectos.com\/noticias\/wp-content\/uploads\/2021\/05\/ENCABEZADO-LOGO-CA.jpg\",\"width\":690,\"height\":350,\"caption\":\"COLEGIO DE ARQUITECTOS DE CHILE\"},\"image\":{\"@id\":\"https:\/\/colegioarquitectos.com\/noticias\/#\/schema\/logo\/image\/\"},\"sameAs\":[\"https:\/\/facebook.com\/Colegioarq\/\",\"https:\/\/x.com\/colegioarq\",\"https:\/\/instagram.com\/colegioarq\",\"https:\/\/youtube.com\/@ColegiodeArquitectosdeChile\"]},{\"@type\":\"Person\",\"@id\":\"https:\/\/colegioarquitectos.com\/noticias\/#\/schema\/person\/685cc0aad148303c5608f049af8285ad\",\"name\":\"Colegio de Arquitectos de Chile\",\"url\":\"https:\/\/colegioarquitectos.com\/noticias\/?author=4\"}]}<\/script>\n<!-- \/ Yoast SEO plugin. -->","yoast_head_json":{"title":"En la sede del Colegio de Arquitectos se realizar\u00e1 la exposici\u00f3n y conversatorio \u00abFormaci\u00f3n de Arquitectura y desarrollo profesional\u00bb - COLEGIO DE ARQUITECTOS DE CHILE","robots":{"index":"index","follow":"follow","max-snippet":"max-snippet:-1","max-image-preview":"max-image-preview:large","max-video-preview":"max-video-preview:-1"},"canonical":"https:\/\/colegioarquitectos.com\/noticias\/?p=23375","og_locale":"es_ES","og_type":"article","og_title":"En la sede del Colegio de Arquitectos se realizar\u00e1 la exposici\u00f3n y conversatorio \u00abFormaci\u00f3n de Arquitectura y desarrollo profesional\u00bb - COLEGIO DE ARQUITECTOS DE CHILE","og_description":"El viernes 31 de mayo en la sede nacional del Colegio de Arquitectos de Chile (Avenida Libertador Bernardo O\u2019Higgins 115), se llevar\u00e1 a la exposici\u00f3n y conversatorio \u00abFormaci\u00f3n de Arquitectura y desarrollo profesional\u00bb, organizada por el Comit\u00e9 de Acad\u00e9micos del &hellip; ver m\u00e1s","og_url":"https:\/\/colegioarquitectos.com\/noticias\/?p=23375","og_site_name":"COLEGIO DE ARQUITECTOS DE CHILE","article_publisher":"https:\/\/facebook.com\/Colegioarq\/","article_published_time":"2019-05-08T19:14:51+00:00","article_modified_time":"2019-05-22T20:17:17+00:00","og_image":[{"width":690,"height":350,"url":"https:\/\/colegioarquitectos.com\/noticias\/wp-content\/uploads\/2019\/05\/ENCABEZADO-1.png","type":"image\/png"}],"author":"Colegio de Arquitectos de Chile","twitter_card":"summary_large_image","twitter_creator":"@colegioarq","twitter_site":"@colegioarq","twitter_misc":{"Escrito por":"Colegio de Arquitectos de Chile","Tiempo de lectura":"2 minutos"},"schema":{"@context":"https:\/\/schema.org","@graph":[{"@type":"Article","@id":"https:\/\/colegioarquitectos.com\/noticias\/?p=23375#article","isPartOf":{"@id":"https:\/\/colegioarquitectos.com\/noticias\/?p=23375"},"author":{"name":"Colegio de Arquitectos de Chile","@id":"https:\/\/colegioarquitectos.com\/noticias\/#\/schema\/person\/685cc0aad148303c5608f049af8285ad"},"headline":"En la sede del Colegio de Arquitectos se realizar\u00e1 la exposici\u00f3n y conversatorio \u00abFormaci\u00f3n de Arquitectura y desarrollo profesional\u00bb","datePublished":"2019-05-08T19:14:51+00:00","dateModified":"2019-05-22T20:17:17+00:00","mainEntityOfPage":{"@id":"https:\/\/colegioarquitectos.com\/noticias\/?p=23375"},"wordCount":340,"publisher":{"@id":"https:\/\/colegioarquitectos.com\/noticias\/#organization"},"image":{"@id":"https:\/\/colegioarquitectos.com\/noticias\/?p=23375#primaryimage"},"thumbnailUrl":"https:\/\/colegioarquitectos.com\/noticias\/wp-content\/uploads\/2019\/05\/ENCABEZADO-1.png","articleSection":["Comit\u00e9s"],"inLanguage":"es"},{"@type":"WebPage","@id":"https:\/\/colegioarquitectos.com\/noticias\/?p=23375","url":"https:\/\/colegioarquitectos.com\/noticias\/?p=23375","name":"En la sede del Colegio de Arquitectos se realizar\u00e1 la exposici\u00f3n y conversatorio \u00abFormaci\u00f3n de Arquitectura y desarrollo profesional\u00bb - COLEGIO DE ARQUITECTOS DE CHILE","isPartOf":{"@id":"https:\/\/colegioarquitectos.com\/noticias\/#website"},"primaryImageOfPage":{"@id":"https:\/\/colegioarquitectos.com\/noticias\/?p=23375#primaryimage"},"image":{"@id":"https:\/\/colegioarquitectos.com\/noticias\/?p=23375#primaryimage"},"thumbnailUrl":"https:\/\/colegioarquitectos.com\/noticias\/wp-content\/uploads\/2019\/05\/ENCABEZADO-1.png","datePublished":"2019-05-08T19:14:51+00:00","dateModified":"2019-05-22T20:17:17+00:00","breadcrumb":{"@id":"https:\/\/colegioarquitectos.com\/noticias\/?p=23375#breadcrumb"},"inLanguage":"es","potentialAction":[{"@type":"ReadAction","target":["https:\/\/colegioarquitectos.com\/noticias\/?p=23375"]}]},{"@type":"ImageObject","inLanguage":"es","@id":"https:\/\/colegioarquitectos.com\/noticias\/?p=23375#primaryimage","url":"https:\/\/colegioarquitectos.com\/noticias\/wp-content\/uploads\/2019\/05\/ENCABEZADO-1.png","contentUrl":"https:\/\/colegioarquitectos.com\/noticias\/wp-content\/uploads\/2019\/05\/ENCABEZADO-1.png","width":690,"height":350},{"@type":"BreadcrumbList","@id":"https:\/\/colegioarquitectos.com\/noticias\/?p=23375#breadcrumb","itemListElement":[{"@type":"ListItem","position":1,"name":"Portada","item":"https:\/\/colegioarquitectos.com\/noticias"},{"@type":"ListItem","position":2,"name":"En la sede del Colegio de Arquitectos se realizar\u00e1 la exposici\u00f3n y conversatorio \u00abFormaci\u00f3n de Arquitectura y desarrollo profesional\u00bb"}]},{"@type":"WebSite","@id":"https:\/\/colegioarquitectos.com\/noticias\/#website","url":"https:\/\/colegioarquitectos.com\/noticias\/","name":"COLEGIO DE ARQUITECTOS DE CHILE","description":"","publisher":{"@id":"https:\/\/colegioarquitectos.com\/noticias\/#organization"},"potentialAction":[{"@type":"SearchAction","target":{"@type":"EntryPoint","urlTemplate":"https:\/\/colegioarquitectos.com\/noticias\/?s={search_term_string}"},"query-input":{"@type":"PropertyValueSpecification","valueRequired":true,"valueName":"search_term_string"}}],"inLanguage":"es"},{"@type":"Organization","@id":"https:\/\/colegioarquitectos.com\/noticias\/#organization","name":"COLEGIO DE ARQUITECTOS DE CHILE","url":"https:\/\/colegioarquitectos.com\/noticias\/","logo":{"@type":"ImageObject","inLanguage":"es","@id":"https:\/\/colegioarquitectos.com\/noticias\/#\/schema\/logo\/image\/","url":"https:\/\/colegioarquitectos.com\/noticias\/wp-content\/uploads\/2021\/05\/ENCABEZADO-LOGO-CA.jpg","contentUrl":"https:\/\/colegioarquitectos.com\/noticias\/wp-content\/uploads\/2021\/05\/ENCABEZADO-LOGO-CA.jpg","width":690,"height":350,"caption":"COLEGIO DE ARQUITECTOS DE CHILE"},"image":{"@id":"https:\/\/colegioarquitectos.com\/noticias\/#\/schema\/logo\/image\/"},"sameAs":["https:\/\/facebook.com\/Colegioarq\/","https:\/\/x.com\/colegioarq","https:\/\/instagram.com\/colegioarq","https:\/\/youtube.com\/@ColegiodeArquitectosdeChile"]},{"@type":"Person","@id":"https:\/\/colegioarquitectos.com\/noticias\/#\/schema\/person\/685cc0aad148303c5608f049af8285ad","name":"Colegio de Arquitectos de Chile","url":"https:\/\/colegioarquitectos.com\/noticias\/?author=4"}]}},"_links":{"self":[{"href":"https:\/\/colegioarquitectos.com\/noticias\/index.php?rest_route=\/wp\/v2\/posts\/23375","targetHints":{"allow":["GET"]}}],"collection":[{"href":"https:\/\/colegioarquitectos.com\/noticias\/index.php?rest_route=\/wp\/v2\/posts"}],"about":[{"href":"https:\/\/colegioarquitectos.com\/noticias\/index.php?rest_route=\/wp\/v2\/types\/post"}],"author":[{"embeddable":true,"href":"https:\/\/colegioarquitectos.com\/noticias\/index.php?rest_route=\/wp\/v2\/users\/4"}],"replies":[{"embeddable":true,"href":"https:\/\/colegioarquitectos.com\/noticias\/index.php?rest_route=%2Fwp%2Fv2%2Fcomments&post=23375"}],"version-history":[{"count":0,"href":"https:\/\/colegioarquitectos.com\/noticias\/index.php?rest_route=\/wp\/v2\/posts\/23375\/revisions"}],"wp:featuredmedia":[{"embeddable":true,"href":"https:\/\/colegioarquitectos.com\/noticias\/index.php?rest_route=\/wp\/v2\/media\/23390"}],"wp:attachment":[{"href":"https:\/\/colegioarquitectos.com\/noticias\/index.php?rest_route=%2Fwp%2Fv2%2Fmedia&parent=23375"}],"wp:term":[{"taxonomy":"category","embeddable":true,"href":"https:\/\/colegioarquitectos.com\/noticias\/index.php?rest_route=%2Fwp%2Fv2%2Fcategories&post=23375"},{"taxonomy":"post_tag","embeddable":true,"href":"https:\/\/colegioarquitectos.com\/noticias\/index.php?rest_route=%2Fwp%2Fv2%2Ftags&post=23375"}],"curies":[{"name":"wp","href":"https:\/\/api.w.org\/{rel}","templated":true}]}}