
{"id":23398,"date":"2019-05-17T22:53:52","date_gmt":"2019-05-17T22:53:52","guid":{"rendered":"http:\/\/colegioarquitectos.com\/?p=23398"},"modified":"2019-05-22T20:21:26","modified_gmt":"2019-05-22T20:21:26","slug":"feria-libre-de-arquitectura-logra-historica-convocatoria-de-obras","status":"publish","type":"post","link":"https:\/\/colegioarquitectos.com\/noticias\/?p=23398","title":{"rendered":"Feria Libre de Arquitectura logra hist\u00f3rica convocatoria de obras"},"content":{"rendered":"<p>El llamado a proponer soluciones \u00abcomunes y corrientes\u00bb, que respondan a las necesidades de la mayor\u00eda de las personas parece haber hecho eco entre los arquitectos y arquitectas de nuestro pa\u00eds, ya que la <strong>Convocatoria de Obras<\/strong> de la <strong>Feria Libre de Arquitectura<\/strong> recibi\u00f3<strong> 543 inscripciones<\/strong>, una cifra hist\u00f3rica para este tipo de eventos.<\/p>\n<p>Adem\u00e1s, participaron profesionales de distintos lugares de Chile: de las <strong>543<\/strong> obras presentadas, <strong>202<\/strong> son de la Regi\u00f3n Metropolitana y el resto de regiones como Valpara\u00edso (<strong>50<\/strong>), Tarapac\u00e1 (<strong>43<\/strong>) y Los Lagos (<strong>55<\/strong>), entre otras. Por otra parte, <strong>522<\/strong> fueron realizadas en Chile y <strong>21<\/strong> en el extranjero. En cuanto a las categor\u00edas, se recibieron <strong>458<\/strong> obras de arquitectura, <strong>34<\/strong> proyectos urbanos y<strong> 51<\/strong> obras de creaci\u00f3n art\u00edstica.<\/p>\n<p>Ahora corresponde a la Comisi\u00f3n de Selecci\u00f3n evaluar las propuestas para dar a conocer el Acta de Preselecci\u00f3n el pr\u00f3ximo <strong>27 de mayo<\/strong>. Esta comisi\u00f3n est\u00e1 compuesta por <strong>Tom\u00e1s Villal\u00f3n<\/strong>, co-curador XXI Bienal de Arquitectura y Urbanismo de Chile;<strong> Alfonso Crest\u00e1<\/strong>, Presidente del Colegio de Arquitectos de Antofagasta; <strong>Edward Rojas<\/strong>, Premio Nacional de Arquitectura 2016; <strong>Mario Marchant<\/strong>, Premio Arquitecto Joven 2011; <strong>Nicole Labb\u00e9<\/strong>, docente de la Universidad Diego Portales; <strong>Alejandra Celed\u00f3n<\/strong>, curadora del pabell\u00f3n de Chile en la Bienal de Venecia 2018; y <strong>Pablo Altikes<\/strong>, arquitecto y acad\u00e9mico destacado.<\/p>\n<p>&nbsp;<\/p>\n<p><strong>Publicaciones, Investigaciones, Proyectos y Actividades<\/strong><\/p>\n<p>La <strong>Convocatoria de Publicaciones<\/strong> recibi\u00f3 <strong>133 inscripciones<\/strong>\u00a0de libros, revistas, web y otros formatos m\u00e1s informales como fanzines, y tambi\u00e9n tuvo una fuerte representaci\u00f3n regional. Para la Convocatoria de Investigaciones, en tanto, se recibieron <strong>139 inscripciones<\/strong>. Cabe destacar que esta convocatoria estuvo dirigida a profesionales y estudiantes y que tuvo una participaci\u00f3n similar de ambos grupos (<strong>52,5%<\/strong> y <strong>47,5%<\/strong> respectivamente).<\/p>\n<p>El pr\u00f3ximo mi\u00e9rcoles 22 de mayo cierra la <strong>Convocatoria de Proyectos<\/strong>, dirigida a estudiantes de segundo a\u00f1o hasta t\u00edtulo. Las inscripciones son gratuitas y se puede postular con m\u00e1s de un proyecto y en m\u00e1s de una categor\u00eda. S\u00f3lo es necesario completar el formulario en <strong><a href=\"https:\/\/www.bienalarquitectura.cl\/\">bienaldearquitectura.cl<\/a><\/strong> y enviar una l\u00e1mina A4 a <a href=\"mailto:convocatorias@bienaldearquitectura.cl\">convocatorias@bienaldearquitectura.cl<\/a>. hasta el 24 de mayo a las 23.59 horas.<\/p>\n<p>Finalmente, la<strong> Convocatoria de Actividades<\/strong> \u2014una de las novedades de esta Bienal\u2014 estar\u00e1 abierta hasta el 23 de septiembre. Invita a la ciudadan\u00eda en general a proponer talleres (aula abierta, clase p\u00fablica, workshop u otros), foros (seminarios, conversatorios o similares), presentaciones de publicaciones (impresas o digitales), intervenciones (temporales o performativas en el barrio) y cualquier otra iniciativa que contemple la participaci\u00f3n de audiencias y est\u00e9 auto gestionada por los proponentes.<\/p>\n<p>La <strong>XXI Bienal de Arquitectura y Urbanismo de Chile<\/strong> es organizada por el<strong> Colegio de Arquitectos de Chile<\/strong> a trav\u00e9s de la <strong>Fundaci\u00f3n Espacio y Desarrollo<\/strong>. La apoya el Ministerio de las Culturas, las Artes y el Patrimonio, a trav\u00e9s del Fondart Nacional de Arquitectura. El equipo curatorial est\u00e1 integrado por <strong>Beatriz Coeff\u00e9<\/strong>, <strong>Vesna Obilinovic<\/strong>, <strong>Joaqu\u00edn Gonz\u00e1lez<\/strong>, <strong>Juan Pablo Urrutia<\/strong> y <strong>Tom\u00e1s Villal\u00f3n<\/strong>.<\/p>\n<p><\/p>","protected":false},"excerpt":{"rendered":"<p>El llamado a proponer soluciones \u00abcomunes y corrientes\u00bb, que respondan a las necesidades de la mayor\u00eda de las personas parece haber hecho eco entre los arquitectos y arquitectas de nuestro pa\u00eds, ya que la Convocatoria de Obras de la Feria &hellip; <a class=\"more-link\" href=\"https:\/\/colegioarquitectos.com\/noticias\/?p=23398\">ver m\u00e1s<\/a><\/p>","protected":false},"author":4,"featured_media":23399,"comment_status":"closed","ping_status":"closed","sticky":false,"template":"","format":"standard","meta":{"footnotes":""},"categories":[59],"tags":[],"class_list":["post-23398","post","type-post","status-publish","format-standard","has-post-thumbnail","hentry","category-bienal"],"yoast_head":"<!-- This site is optimized with the Yoast SEO plugin v24.2 - https:\/\/yoast.com\/wordpress\/plugins\/seo\/ -->\n<title>Feria Libre de Arquitectura logra hist\u00f3rica convocatoria de obras - COLEGIO DE ARQUITECTOS DE CHILE<\/title>\n<meta name=\"robots\" content=\"index, follow, max-snippet:-1, max-image-preview:large, max-video-preview:-1\" \/>\n<link rel=\"canonical\" href=\"https:\/\/colegioarquitectos.com\/noticias\/?p=23398\" \/>\n<meta property=\"og:locale\" content=\"es_ES\" \/>\n<meta property=\"og:type\" content=\"article\" \/>\n<meta property=\"og:title\" content=\"Feria Libre de Arquitectura logra hist\u00f3rica convocatoria de obras - COLEGIO DE ARQUITECTOS DE CHILE\" \/>\n<meta property=\"og:description\" content=\"El llamado a proponer soluciones \u00abcomunes y corrientes\u00bb, que respondan a las necesidades de la mayor\u00eda de las personas parece haber hecho eco entre los arquitectos y arquitectas de nuestro pa\u00eds, ya que la Convocatoria de Obras de la Feria &hellip; ver m\u00e1s\" \/>\n<meta property=\"og:url\" content=\"https:\/\/colegioarquitectos.com\/noticias\/?p=23398\" \/>\n<meta property=\"og:site_name\" content=\"COLEGIO DE ARQUITECTOS DE CHILE\" \/>\n<meta property=\"article:publisher\" content=\"https:\/\/facebook.com\/Colegioarq\/\" \/>\n<meta property=\"article:published_time\" content=\"2019-05-17T22:53:52+00:00\" \/>\n<meta property=\"article:modified_time\" content=\"2019-05-22T20:21:26+00:00\" \/>\n<meta property=\"og:image\" content=\"https:\/\/colegioarquitectos.com\/noticias\/wp-content\/uploads\/2019\/05\/ENCABEZADO-3.jpg\" \/>\n\t<meta property=\"og:image:width\" content=\"690\" \/>\n\t<meta property=\"og:image:height\" content=\"350\" \/>\n\t<meta property=\"og:image:type\" content=\"image\/jpeg\" \/>\n<meta name=\"author\" content=\"Colegio de Arquitectos de Chile\" \/>\n<meta name=\"twitter:card\" content=\"summary_large_image\" \/>\n<meta name=\"twitter:creator\" content=\"@colegioarq\" \/>\n<meta name=\"twitter:site\" content=\"@colegioarq\" \/>\n<meta name=\"twitter:label1\" content=\"Escrito por\" \/>\n\t<meta name=\"twitter:data1\" content=\"Colegio de Arquitectos de Chile\" \/>\n\t<meta name=\"twitter:label2\" content=\"Tiempo de lectura\" \/>\n\t<meta name=\"twitter:data2\" content=\"2 minutos\" \/>\n<script type=\"application\/ld+json\" class=\"yoast-schema-graph\">{\"@context\":\"https:\/\/schema.org\",\"@graph\":[{\"@type\":\"Article\",\"@id\":\"https:\/\/colegioarquitectos.com\/noticias\/?p=23398#article\",\"isPartOf\":{\"@id\":\"https:\/\/colegioarquitectos.com\/noticias\/?p=23398\"},\"author\":{\"name\":\"Colegio de Arquitectos de Chile\",\"@id\":\"https:\/\/colegioarquitectos.com\/noticias\/#\/schema\/person\/685cc0aad148303c5608f049af8285ad\"},\"headline\":\"Feria Libre de Arquitectura logra hist\u00f3rica convocatoria de obras\",\"datePublished\":\"2019-05-17T22:53:52+00:00\",\"dateModified\":\"2019-05-22T20:21:26+00:00\",\"mainEntityOfPage\":{\"@id\":\"https:\/\/colegioarquitectos.com\/noticias\/?p=23398\"},\"wordCount\":504,\"publisher\":{\"@id\":\"https:\/\/colegioarquitectos.com\/noticias\/#organization\"},\"image\":{\"@id\":\"https:\/\/colegioarquitectos.com\/noticias\/?p=23398#primaryimage\"},\"thumbnailUrl\":\"https:\/\/colegioarquitectos.com\/noticias\/wp-content\/uploads\/2019\/05\/ENCABEZADO-3.jpg\",\"articleSection\":[\"Bienal\"],\"inLanguage\":\"es\"},{\"@type\":\"WebPage\",\"@id\":\"https:\/\/colegioarquitectos.com\/noticias\/?p=23398\",\"url\":\"https:\/\/colegioarquitectos.com\/noticias\/?p=23398\",\"name\":\"Feria Libre de Arquitectura logra hist\u00f3rica convocatoria de obras - COLEGIO DE ARQUITECTOS DE CHILE\",\"isPartOf\":{\"@id\":\"https:\/\/colegioarquitectos.com\/noticias\/#website\"},\"primaryImageOfPage\":{\"@id\":\"https:\/\/colegioarquitectos.com\/noticias\/?p=23398#primaryimage\"},\"image\":{\"@id\":\"https:\/\/colegioarquitectos.com\/noticias\/?p=23398#primaryimage\"},\"thumbnailUrl\":\"https:\/\/colegioarquitectos.com\/noticias\/wp-content\/uploads\/2019\/05\/ENCABEZADO-3.jpg\",\"datePublished\":\"2019-05-17T22:53:52+00:00\",\"dateModified\":\"2019-05-22T20:21:26+00:00\",\"breadcrumb\":{\"@id\":\"https:\/\/colegioarquitectos.com\/noticias\/?p=23398#breadcrumb\"},\"inLanguage\":\"es\",\"potentialAction\":[{\"@type\":\"ReadAction\",\"target\":[\"https:\/\/colegioarquitectos.com\/noticias\/?p=23398\"]}]},{\"@type\":\"ImageObject\",\"inLanguage\":\"es\",\"@id\":\"https:\/\/colegioarquitectos.com\/noticias\/?p=23398#primaryimage\",\"url\":\"https:\/\/colegioarquitectos.com\/noticias\/wp-content\/uploads\/2019\/05\/ENCABEZADO-3.jpg\",\"contentUrl\":\"https:\/\/colegioarquitectos.com\/noticias\/wp-content\/uploads\/2019\/05\/ENCABEZADO-3.jpg\",\"width\":690,\"height\":350},{\"@type\":\"BreadcrumbList\",\"@id\":\"https:\/\/colegioarquitectos.com\/noticias\/?p=23398#breadcrumb\",\"itemListElement\":[{\"@type\":\"ListItem\",\"position\":1,\"name\":\"Portada\",\"item\":\"https:\/\/colegioarquitectos.com\/noticias\"},{\"@type\":\"ListItem\",\"position\":2,\"name\":\"Feria Libre de Arquitectura logra hist\u00f3rica convocatoria de obras\"}]},{\"@type\":\"WebSite\",\"@id\":\"https:\/\/colegioarquitectos.com\/noticias\/#website\",\"url\":\"https:\/\/colegioarquitectos.com\/noticias\/\",\"name\":\"COLEGIO DE ARQUITECTOS DE CHILE\",\"description\":\"\",\"publisher\":{\"@id\":\"https:\/\/colegioarquitectos.com\/noticias\/#organization\"},\"potentialAction\":[{\"@type\":\"SearchAction\",\"target\":{\"@type\":\"EntryPoint\",\"urlTemplate\":\"https:\/\/colegioarquitectos.com\/noticias\/?s={search_term_string}\"},\"query-input\":{\"@type\":\"PropertyValueSpecification\",\"valueRequired\":true,\"valueName\":\"search_term_string\"}}],\"inLanguage\":\"es\"},{\"@type\":\"Organization\",\"@id\":\"https:\/\/colegioarquitectos.com\/noticias\/#organization\",\"name\":\"COLEGIO DE ARQUITECTOS DE CHILE\",\"url\":\"https:\/\/colegioarquitectos.com\/noticias\/\",\"logo\":{\"@type\":\"ImageObject\",\"inLanguage\":\"es\",\"@id\":\"https:\/\/colegioarquitectos.com\/noticias\/#\/schema\/logo\/image\/\",\"url\":\"https:\/\/colegioarquitectos.com\/noticias\/wp-content\/uploads\/2021\/05\/ENCABEZADO-LOGO-CA.jpg\",\"contentUrl\":\"https:\/\/colegioarquitectos.com\/noticias\/wp-content\/uploads\/2021\/05\/ENCABEZADO-LOGO-CA.jpg\",\"width\":690,\"height\":350,\"caption\":\"COLEGIO DE ARQUITECTOS DE CHILE\"},\"image\":{\"@id\":\"https:\/\/colegioarquitectos.com\/noticias\/#\/schema\/logo\/image\/\"},\"sameAs\":[\"https:\/\/facebook.com\/Colegioarq\/\",\"https:\/\/x.com\/colegioarq\",\"https:\/\/instagram.com\/colegioarq\",\"https:\/\/youtube.com\/@ColegiodeArquitectosdeChile\"]},{\"@type\":\"Person\",\"@id\":\"https:\/\/colegioarquitectos.com\/noticias\/#\/schema\/person\/685cc0aad148303c5608f049af8285ad\",\"name\":\"Colegio de Arquitectos de Chile\",\"url\":\"https:\/\/colegioarquitectos.com\/noticias\/?author=4\"}]}<\/script>\n<!-- \/ Yoast SEO plugin. -->","yoast_head_json":{"title":"Feria Libre de Arquitectura logra hist\u00f3rica convocatoria de obras - COLEGIO DE ARQUITECTOS DE CHILE","robots":{"index":"index","follow":"follow","max-snippet":"max-snippet:-1","max-image-preview":"max-image-preview:large","max-video-preview":"max-video-preview:-1"},"canonical":"https:\/\/colegioarquitectos.com\/noticias\/?p=23398","og_locale":"es_ES","og_type":"article","og_title":"Feria Libre de Arquitectura logra hist\u00f3rica convocatoria de obras - COLEGIO DE ARQUITECTOS DE CHILE","og_description":"El llamado a proponer soluciones \u00abcomunes y corrientes\u00bb, que respondan a las necesidades de la mayor\u00eda de las personas parece haber hecho eco entre los arquitectos y arquitectas de nuestro pa\u00eds, ya que la Convocatoria de Obras de la Feria &hellip; ver m\u00e1s","og_url":"https:\/\/colegioarquitectos.com\/noticias\/?p=23398","og_site_name":"COLEGIO DE ARQUITECTOS DE CHILE","article_publisher":"https:\/\/facebook.com\/Colegioarq\/","article_published_time":"2019-05-17T22:53:52+00:00","article_modified_time":"2019-05-22T20:21:26+00:00","og_image":[{"width":690,"height":350,"url":"https:\/\/colegioarquitectos.com\/noticias\/wp-content\/uploads\/2019\/05\/ENCABEZADO-3.jpg","type":"image\/jpeg"}],"author":"Colegio de Arquitectos de Chile","twitter_card":"summary_large_image","twitter_creator":"@colegioarq","twitter_site":"@colegioarq","twitter_misc":{"Escrito por":"Colegio de Arquitectos de Chile","Tiempo de lectura":"2 minutos"},"schema":{"@context":"https:\/\/schema.org","@graph":[{"@type":"Article","@id":"https:\/\/colegioarquitectos.com\/noticias\/?p=23398#article","isPartOf":{"@id":"https:\/\/colegioarquitectos.com\/noticias\/?p=23398"},"author":{"name":"Colegio de Arquitectos de Chile","@id":"https:\/\/colegioarquitectos.com\/noticias\/#\/schema\/person\/685cc0aad148303c5608f049af8285ad"},"headline":"Feria Libre de Arquitectura logra hist\u00f3rica convocatoria de obras","datePublished":"2019-05-17T22:53:52+00:00","dateModified":"2019-05-22T20:21:26+00:00","mainEntityOfPage":{"@id":"https:\/\/colegioarquitectos.com\/noticias\/?p=23398"},"wordCount":504,"publisher":{"@id":"https:\/\/colegioarquitectos.com\/noticias\/#organization"},"image":{"@id":"https:\/\/colegioarquitectos.com\/noticias\/?p=23398#primaryimage"},"thumbnailUrl":"https:\/\/colegioarquitectos.com\/noticias\/wp-content\/uploads\/2019\/05\/ENCABEZADO-3.jpg","articleSection":["Bienal"],"inLanguage":"es"},{"@type":"WebPage","@id":"https:\/\/colegioarquitectos.com\/noticias\/?p=23398","url":"https:\/\/colegioarquitectos.com\/noticias\/?p=23398","name":"Feria Libre de Arquitectura logra hist\u00f3rica convocatoria de obras - COLEGIO DE ARQUITECTOS DE CHILE","isPartOf":{"@id":"https:\/\/colegioarquitectos.com\/noticias\/#website"},"primaryImageOfPage":{"@id":"https:\/\/colegioarquitectos.com\/noticias\/?p=23398#primaryimage"},"image":{"@id":"https:\/\/colegioarquitectos.com\/noticias\/?p=23398#primaryimage"},"thumbnailUrl":"https:\/\/colegioarquitectos.com\/noticias\/wp-content\/uploads\/2019\/05\/ENCABEZADO-3.jpg","datePublished":"2019-05-17T22:53:52+00:00","dateModified":"2019-05-22T20:21:26+00:00","breadcrumb":{"@id":"https:\/\/colegioarquitectos.com\/noticias\/?p=23398#breadcrumb"},"inLanguage":"es","potentialAction":[{"@type":"ReadAction","target":["https:\/\/colegioarquitectos.com\/noticias\/?p=23398"]}]},{"@type":"ImageObject","inLanguage":"es","@id":"https:\/\/colegioarquitectos.com\/noticias\/?p=23398#primaryimage","url":"https:\/\/colegioarquitectos.com\/noticias\/wp-content\/uploads\/2019\/05\/ENCABEZADO-3.jpg","contentUrl":"https:\/\/colegioarquitectos.com\/noticias\/wp-content\/uploads\/2019\/05\/ENCABEZADO-3.jpg","width":690,"height":350},{"@type":"BreadcrumbList","@id":"https:\/\/colegioarquitectos.com\/noticias\/?p=23398#breadcrumb","itemListElement":[{"@type":"ListItem","position":1,"name":"Portada","item":"https:\/\/colegioarquitectos.com\/noticias"},{"@type":"ListItem","position":2,"name":"Feria Libre de Arquitectura logra hist\u00f3rica convocatoria de obras"}]},{"@type":"WebSite","@id":"https:\/\/colegioarquitectos.com\/noticias\/#website","url":"https:\/\/colegioarquitectos.com\/noticias\/","name":"COLEGIO DE ARQUITECTOS DE CHILE","description":"","publisher":{"@id":"https:\/\/colegioarquitectos.com\/noticias\/#organization"},"potentialAction":[{"@type":"SearchAction","target":{"@type":"EntryPoint","urlTemplate":"https:\/\/colegioarquitectos.com\/noticias\/?s={search_term_string}"},"query-input":{"@type":"PropertyValueSpecification","valueRequired":true,"valueName":"search_term_string"}}],"inLanguage":"es"},{"@type":"Organization","@id":"https:\/\/colegioarquitectos.com\/noticias\/#organization","name":"COLEGIO DE ARQUITECTOS DE CHILE","url":"https:\/\/colegioarquitectos.com\/noticias\/","logo":{"@type":"ImageObject","inLanguage":"es","@id":"https:\/\/colegioarquitectos.com\/noticias\/#\/schema\/logo\/image\/","url":"https:\/\/colegioarquitectos.com\/noticias\/wp-content\/uploads\/2021\/05\/ENCABEZADO-LOGO-CA.jpg","contentUrl":"https:\/\/colegioarquitectos.com\/noticias\/wp-content\/uploads\/2021\/05\/ENCABEZADO-LOGO-CA.jpg","width":690,"height":350,"caption":"COLEGIO DE ARQUITECTOS DE CHILE"},"image":{"@id":"https:\/\/colegioarquitectos.com\/noticias\/#\/schema\/logo\/image\/"},"sameAs":["https:\/\/facebook.com\/Colegioarq\/","https:\/\/x.com\/colegioarq","https:\/\/instagram.com\/colegioarq","https:\/\/youtube.com\/@ColegiodeArquitectosdeChile"]},{"@type":"Person","@id":"https:\/\/colegioarquitectos.com\/noticias\/#\/schema\/person\/685cc0aad148303c5608f049af8285ad","name":"Colegio de Arquitectos de Chile","url":"https:\/\/colegioarquitectos.com\/noticias\/?author=4"}]}},"_links":{"self":[{"href":"https:\/\/colegioarquitectos.com\/noticias\/index.php?rest_route=\/wp\/v2\/posts\/23398","targetHints":{"allow":["GET"]}}],"collection":[{"href":"https:\/\/colegioarquitectos.com\/noticias\/index.php?rest_route=\/wp\/v2\/posts"}],"about":[{"href":"https:\/\/colegioarquitectos.com\/noticias\/index.php?rest_route=\/wp\/v2\/types\/post"}],"author":[{"embeddable":true,"href":"https:\/\/colegioarquitectos.com\/noticias\/index.php?rest_route=\/wp\/v2\/users\/4"}],"replies":[{"embeddable":true,"href":"https:\/\/colegioarquitectos.com\/noticias\/index.php?rest_route=%2Fwp%2Fv2%2Fcomments&post=23398"}],"version-history":[{"count":0,"href":"https:\/\/colegioarquitectos.com\/noticias\/index.php?rest_route=\/wp\/v2\/posts\/23398\/revisions"}],"wp:featuredmedia":[{"embeddable":true,"href":"https:\/\/colegioarquitectos.com\/noticias\/index.php?rest_route=\/wp\/v2\/media\/23399"}],"wp:attachment":[{"href":"https:\/\/colegioarquitectos.com\/noticias\/index.php?rest_route=%2Fwp%2Fv2%2Fmedia&parent=23398"}],"wp:term":[{"taxonomy":"category","embeddable":true,"href":"https:\/\/colegioarquitectos.com\/noticias\/index.php?rest_route=%2Fwp%2Fv2%2Fcategories&post=23398"},{"taxonomy":"post_tag","embeddable":true,"href":"https:\/\/colegioarquitectos.com\/noticias\/index.php?rest_route=%2Fwp%2Fv2%2Ftags&post=23398"}],"curies":[{"name":"wp","href":"https:\/\/api.w.org\/{rel}","templated":true}]}}