
{"id":23524,"date":"2019-06-12T14:32:19","date_gmt":"2019-06-12T14:32:19","guid":{"rendered":"http:\/\/colegioarquitectos.com\/?p=23524"},"modified":"2019-06-24T14:31:40","modified_gmt":"2019-06-24T14:31:40","slug":"participa-en-los-6-concursos-internacionales-de-ideas-para-la-expo-2023-de-buenos-aires","status":"publish","type":"post","link":"https:\/\/colegioarquitectos.com\/noticias\/?p=23524","title":{"rendered":"Participa en los 6\u00a0Concursos Internacionales de Ideas para la Expo 2023 de Buenos Aires"},"content":{"rendered":"<p>La\u00a0<strong>Sociedad Central de Arquitectos de Argentina<\/strong> ha informado la apertura de<strong>\u00a0\u00ab6\u00a0Concursos Internacionales de Ideas para la Expo 2023\u00bb<\/strong>, organizados por dicha asociaci\u00f3n en conjunto con el<strong> Colegio de Arquitectos de la Provincia de Buenos Aires<\/strong>, promovido por el Sistema Federal de Medios y Contenidos P\u00fablicos de la Jefatura de Gabinete de Ministros.<\/p>\n<p>La <strong>Expo 2023<\/strong> se llevar\u00e1 a cabo en <strong>Tecn\u00f3polis<\/strong>, sobre un predio de <strong>25 hect\u00e1reas<\/strong>. El Masterplan de arquitectura incluye tanto <strong>edificaciones nuevas como la optimizaci\u00f3n o renovaci\u00f3n de espacios existentes<\/strong> con su correspondiente infraestructura.<\/p>\n<p>Para este evento, el dise\u00f1o del h\u00e1bitat es no s\u00f3lo un requerimiento, sino \u2014en tanto disciplina de base creativa \u2014 una parte central del tema que anima el evento, por este motivo se realizar\u00e1n 6 Concursos Internacionales de Ideas a fin de obtener propuestas para las construcciones del predio de la Expo 2023, <strong>que posteriormente, como legado, se convertir\u00e1 en un gran parque metropolitano de la ciencia y el conocimiento, y un campus de industrias creativas<\/strong>.<\/p>\n<p>Cada concurso remite a la construcci\u00f3n de un edificio para una funcionalidad de la Expo 2023 y una funci\u00f3n para su legado posterior:<\/p>\n<p><del>1.- PABELL\u00d3N ARGENTINO &#8211; ESPACIO PARA LA CREATIVIDAD Y EL CONOCIMIENTO, 7.760 m2. <strong>(<\/strong><a href=\"http:\/\/socearq.org\/2.0\/2019\/05\/21\/concurso-internacional-de-ideas-expo-2023-concurso-n%C2%BA-1-pabellon-argentino\/\"><strong>Bases y documentos anexos<\/strong><\/a>)<\/del><\/p>\n<p>&nbsp;<\/p>\n<p><del>2.- MINI ESTADIO Y PABELLON INTERNACIONAL \u2013 EVENTOS, ESPECT\u00c1CULOS Y PREDIO FERIAL, 28.386 m2. (<a href=\"http:\/\/socearq.org\/2.0\/2019\/06\/03\/concurso-internacional-de-ideas-expo-2023-%E2%80%93-concurso-n%C2%BA-2-%E2%80%9Cpabellon-internacional-y-mini-estadio%E2%80%9D\/\"><strong>Bases y documentos anexos<\/strong><\/a>)<\/del><\/p>\n<p>&nbsp;<\/p>\n<p><del>3.- PABELLONES INTERNACIONALES \u2013 CAMPUS DE EMPRESAS CREATIVAS, 42.068 m2. (<a href=\"http:\/\/socearq.org\/2.0\/2019\/06\/03\/concurso-internacional-de-ideas-expo-2023-%E2%80%93-concurso-n%C2%BA-3-pabellones-internacionales\/\"><strong>Bases y documentos anexos<\/strong><\/a>)<\/del><\/p>\n<p>&nbsp;<\/p>\n<p>4.- ANTENA Y MIRADOR &#8211; HITO URBANO (<a href=\"http:\/\/socearq.org\/2.0\/2019\/06\/12\/concurso-internacional-de-ideas-expo-2023-%e2%80%93-concurso-n%c2%ba-4-%e2%80%9cantena-y-mirador%e2%80%9d\/\"><strong>Bases y documentos anexos<\/strong><\/a>)<\/p>\n<p>&nbsp;<\/p>\n<p>5.- PABELLONES TEM\u00c1TICOS \u2013 ESPACIO PARA LA CREATIVIDAD Y EL CONOCIMIENTO, 8.114 m2. (<a href=\"http:\/\/socearq.org\/2.0\/2019\/06\/14\/concurso-internacional-de-ideas-expo-2023-%e2%80%93-concurso-n%c2%ba-5-%e2%80%9cpabellones-tematicos%e2%80%9d\/\"><strong>Bases y documentos anexos<\/strong><\/a>)<\/p>\n<p>&nbsp;<\/p>\n<p>6.- ESPACIO P\u00daBLICO, BOULEVARD y PUENTE, 95.700 m2.<\/p>\n<p>&nbsp;<\/p>\n<p>Los diversos proyectos se adjudicar\u00e1n mediante concursos internacionales y toda la Expo respetar\u00e1 estrictas normas LEED de sustentabilidad. Cabe destacar que m\u00e1s del cincuenta por ciento corresponder\u00e1 a espacios verdes.<\/p>\n<p>&nbsp;<\/p>\n<h2>Calendario<\/h2>\n<table>\n<tbody>\n<tr>\n<td width=\"116\"><strong>Concurso<\/strong><\/td>\n<td width=\"116\"><strong>Llamado a concurso<\/strong><\/td>\n<td width=\"148\"><strong>Presentaci\u00f3n de trabajos<\/strong><\/td>\n<td width=\"96\"><strong>Fallo jurados<\/strong><\/td>\n<td width=\"108\"><strong>Apertura de sobres<\/strong><\/td>\n<\/tr>\n<tr>\n<td width=\"116\"><del>1<\/del><\/td>\n<td width=\"116\"><del>\u00a021\/05\/19<\/del><\/td>\n<td width=\"148\"><del>\u00a008\/07\/19<\/del><\/td>\n<td width=\"96\"><del>\u00a016\/07\/19<\/del><\/td>\n<td width=\"108\"><del>\u00a017\/07\/19<\/del><\/td>\n<\/tr>\n<tr>\n<td width=\"116\"><del>2<\/del><\/td>\n<td width=\"116\"><del>28\/05\/19<\/del><\/td>\n<td width=\"148\"><del>\u00a015\/07\/19<\/del><\/td>\n<td width=\"96\"><del>23\/07\/19<\/del><\/td>\n<td width=\"108\"><del>\u00a024\/07\/19<\/del><\/td>\n<\/tr>\n<tr>\n<td width=\"116\"><del>3<\/del><\/td>\n<td width=\"116\"><del>\u00a004\/06\/19<\/del><\/td>\n<td width=\"148\"><del>\u00a022\/07\/19<\/del><\/td>\n<td width=\"96\"><del>\u00a030\/07\/19<\/del><\/td>\n<td width=\"108\"><del>\u00a031\/07\/19<\/del><\/td>\n<\/tr>\n<tr>\n<td width=\"116\">4<\/td>\n<td width=\"116\">11\/06\/19<\/td>\n<td width=\"148\">\u00a029\/07\/19<\/td>\n<td width=\"96\">06\/08\/19<\/td>\n<td width=\"108\">\u00a007\/08\/19<\/td>\n<\/tr>\n<tr>\n<td width=\"116\">5<\/td>\n<td width=\"116\">\u00a018\/06\/19<\/td>\n<td width=\"148\">\u00a005\/08\/19<\/td>\n<td width=\"96\">\u00a013\/08\/19<\/td>\n<td width=\"108\">\u00a014\/08\/19<\/td>\n<\/tr>\n<tr>\n<td width=\"116\">6<\/td>\n<td width=\"116\">25\/06\/19<\/td>\n<td width=\"148\">\u00a026\/08\/19<\/td>\n<td width=\"96\">03\/09\/19<\/td>\n<td width=\"108\">\u00a04\/09\/19<\/td>\n<\/tr>\n<\/tbody>\n<\/table>\n<p>&nbsp;<\/p>\n<h2>Premios<\/h2>\n<table style=\"height: 278px;\" width=\"821\">\n<tbody>\n<tr>\n<td width=\"10%\"><strong>Premios<\/strong><\/td>\n<td width=\"14%\"><b>Concurso 1<\/b><\/td>\n<td width=\"14%\"><strong>Concurso 2<\/strong><\/td>\n<td width=\"14%\"><b>Concurso 3<\/b><\/td>\n<td width=\"14%\"><strong>\u00a0Concurso 4<\/strong><\/td>\n<td width=\"14%\"><strong>\u00a0<\/strong><strong>Concurso 5<\/strong><\/td>\n<td width=\"15%\"><strong>\u00a0<\/strong><strong>Concurso 6<\/strong><\/td>\n<\/tr>\n<tr>\n<td width=\"10%\">1\u00b0<\/td>\n<td width=\"14%\">$ 3.000.000<\/td>\n<td width=\"14%\">$ 400.000<\/td>\n<td width=\"14%\">$ 2.000.000<\/td>\n<td width=\"14%\">$ 240.000<\/td>\n<td width=\"14%\">$ 1.800.000<\/td>\n<td width=\"15%\">$ 2.200.000<\/td>\n<\/tr>\n<tr>\n<td width=\"10%\">2\u00b0<\/td>\n<td width=\"14%\">$ 1.200.000<\/td>\n<td width=\"14%\">$ 180.000<\/td>\n<td width=\"14%\">$ 800.000<\/td>\n<td width=\"14%\">$ 100.000<\/td>\n<td width=\"14%\">$ 720.000<\/td>\n<td width=\"15%\">$ 880.000<\/td>\n<\/tr>\n<tr>\n<td width=\"10%\">3\u00b0<\/td>\n<td width=\"14%\">$ 600.000<\/td>\n<td width=\"14%\">$ 90.000<\/td>\n<td width=\"14%\">$ 400.000<\/td>\n<td width=\"14%\">$ 50.000<\/td>\n<td width=\"14%\">$ 360.000<\/td>\n<td width=\"15%\">$ 440.000<\/td>\n<\/tr>\n<\/tbody>\n<\/table>\n<p>&nbsp;<\/p>\n<p><\/p>","protected":false},"excerpt":{"rendered":"<p>La\u00a0Sociedad Central de Arquitectos de Argentina ha informado la apertura de\u00a0\u00ab6\u00a0Concursos Internacionales de Ideas para la Expo 2023\u00bb, organizados por dicha asociaci\u00f3n en conjunto con el Colegio de Arquitectos de la Provincia de Buenos Aires, promovido por el Sistema Federal &hellip; <a class=\"more-link\" href=\"https:\/\/colegioarquitectos.com\/noticias\/?p=23524\">ver m\u00e1s<\/a><\/p>","protected":false},"author":4,"featured_media":23527,"comment_status":"closed","ping_status":"closed","sticky":false,"template":"","format":"standard","meta":{"footnotes":""},"categories":[11],"tags":[],"class_list":["post-23524","post","type-post","status-publish","format-standard","has-post-thumbnail","hentry","category-concursos"],"yoast_head":"<!-- This site is optimized with the Yoast SEO plugin v24.2 - https:\/\/yoast.com\/wordpress\/plugins\/seo\/ -->\n<title>Participa en los 6\u00a0Concursos Internacionales de Ideas para la Expo 2023 de Buenos Aires - COLEGIO DE ARQUITECTOS DE CHILE<\/title>\n<meta name=\"robots\" content=\"index, follow, max-snippet:-1, max-image-preview:large, max-video-preview:-1\" \/>\n<link rel=\"canonical\" href=\"https:\/\/colegioarquitectos.com\/noticias\/?p=23524\" \/>\n<meta property=\"og:locale\" content=\"es_ES\" \/>\n<meta property=\"og:type\" content=\"article\" \/>\n<meta property=\"og:title\" content=\"Participa en los 6\u00a0Concursos Internacionales de Ideas para la Expo 2023 de Buenos Aires - COLEGIO DE ARQUITECTOS DE CHILE\" \/>\n<meta property=\"og:description\" content=\"La\u00a0Sociedad Central de Arquitectos de Argentina ha informado la apertura de\u00a0\u00ab6\u00a0Concursos Internacionales de Ideas para la Expo 2023\u00bb, organizados por dicha asociaci\u00f3n en conjunto con el Colegio de Arquitectos de la Provincia de Buenos Aires, promovido por el Sistema Federal &hellip; ver m\u00e1s\" \/>\n<meta property=\"og:url\" content=\"https:\/\/colegioarquitectos.com\/noticias\/?p=23524\" \/>\n<meta property=\"og:site_name\" content=\"COLEGIO DE ARQUITECTOS DE CHILE\" \/>\n<meta property=\"article:publisher\" content=\"https:\/\/facebook.com\/Colegioarq\/\" \/>\n<meta property=\"article:published_time\" content=\"2019-06-12T14:32:19+00:00\" \/>\n<meta property=\"article:modified_time\" content=\"2019-06-24T14:31:40+00:00\" \/>\n<meta property=\"og:image\" content=\"https:\/\/colegioarquitectos.com\/noticias\/wp-content\/uploads\/2019\/06\/ENCABEZADO-1.jpg\" \/>\n\t<meta property=\"og:image:width\" content=\"690\" \/>\n\t<meta property=\"og:image:height\" content=\"350\" \/>\n\t<meta property=\"og:image:type\" content=\"image\/jpeg\" \/>\n<meta name=\"author\" content=\"Colegio de Arquitectos de Chile\" \/>\n<meta name=\"twitter:card\" content=\"summary_large_image\" \/>\n<meta name=\"twitter:creator\" content=\"@colegioarq\" \/>\n<meta name=\"twitter:site\" content=\"@colegioarq\" \/>\n<meta name=\"twitter:label1\" content=\"Escrito por\" \/>\n\t<meta name=\"twitter:data1\" content=\"Colegio de Arquitectos de Chile\" \/>\n\t<meta name=\"twitter:label2\" content=\"Tiempo de lectura\" \/>\n\t<meta name=\"twitter:data2\" content=\"2 minutos\" \/>\n<script type=\"application\/ld+json\" class=\"yoast-schema-graph\">{\"@context\":\"https:\/\/schema.org\",\"@graph\":[{\"@type\":\"Article\",\"@id\":\"https:\/\/colegioarquitectos.com\/noticias\/?p=23524#article\",\"isPartOf\":{\"@id\":\"https:\/\/colegioarquitectos.com\/noticias\/?p=23524\"},\"author\":{\"name\":\"Colegio de Arquitectos de Chile\",\"@id\":\"https:\/\/colegioarquitectos.com\/noticias\/#\/schema\/person\/685cc0aad148303c5608f049af8285ad\"},\"headline\":\"Participa en los 6\u00a0Concursos Internacionales de Ideas para la Expo 2023 de Buenos Aires\",\"datePublished\":\"2019-06-12T14:32:19+00:00\",\"dateModified\":\"2019-06-24T14:31:40+00:00\",\"mainEntityOfPage\":{\"@id\":\"https:\/\/colegioarquitectos.com\/noticias\/?p=23524\"},\"wordCount\":350,\"publisher\":{\"@id\":\"https:\/\/colegioarquitectos.com\/noticias\/#organization\"},\"image\":{\"@id\":\"https:\/\/colegioarquitectos.com\/noticias\/?p=23524#primaryimage\"},\"thumbnailUrl\":\"https:\/\/colegioarquitectos.com\/noticias\/wp-content\/uploads\/2019\/06\/ENCABEZADO-1.jpg\",\"articleSection\":[\"Concursos\"],\"inLanguage\":\"es\"},{\"@type\":\"WebPage\",\"@id\":\"https:\/\/colegioarquitectos.com\/noticias\/?p=23524\",\"url\":\"https:\/\/colegioarquitectos.com\/noticias\/?p=23524\",\"name\":\"Participa en los 6\u00a0Concursos Internacionales de Ideas para la Expo 2023 de Buenos Aires - COLEGIO DE ARQUITECTOS DE CHILE\",\"isPartOf\":{\"@id\":\"https:\/\/colegioarquitectos.com\/noticias\/#website\"},\"primaryImageOfPage\":{\"@id\":\"https:\/\/colegioarquitectos.com\/noticias\/?p=23524#primaryimage\"},\"image\":{\"@id\":\"https:\/\/colegioarquitectos.com\/noticias\/?p=23524#primaryimage\"},\"thumbnailUrl\":\"https:\/\/colegioarquitectos.com\/noticias\/wp-content\/uploads\/2019\/06\/ENCABEZADO-1.jpg\",\"datePublished\":\"2019-06-12T14:32:19+00:00\",\"dateModified\":\"2019-06-24T14:31:40+00:00\",\"breadcrumb\":{\"@id\":\"https:\/\/colegioarquitectos.com\/noticias\/?p=23524#breadcrumb\"},\"inLanguage\":\"es\",\"potentialAction\":[{\"@type\":\"ReadAction\",\"target\":[\"https:\/\/colegioarquitectos.com\/noticias\/?p=23524\"]}]},{\"@type\":\"ImageObject\",\"inLanguage\":\"es\",\"@id\":\"https:\/\/colegioarquitectos.com\/noticias\/?p=23524#primaryimage\",\"url\":\"https:\/\/colegioarquitectos.com\/noticias\/wp-content\/uploads\/2019\/06\/ENCABEZADO-1.jpg\",\"contentUrl\":\"https:\/\/colegioarquitectos.com\/noticias\/wp-content\/uploads\/2019\/06\/ENCABEZADO-1.jpg\",\"width\":690,\"height\":350},{\"@type\":\"BreadcrumbList\",\"@id\":\"https:\/\/colegioarquitectos.com\/noticias\/?p=23524#breadcrumb\",\"itemListElement\":[{\"@type\":\"ListItem\",\"position\":1,\"name\":\"Portada\",\"item\":\"https:\/\/colegioarquitectos.com\/noticias\"},{\"@type\":\"ListItem\",\"position\":2,\"name\":\"Participa en los 6\u00a0Concursos Internacionales de Ideas para la Expo 2023 de Buenos Aires\"}]},{\"@type\":\"WebSite\",\"@id\":\"https:\/\/colegioarquitectos.com\/noticias\/#website\",\"url\":\"https:\/\/colegioarquitectos.com\/noticias\/\",\"name\":\"COLEGIO DE ARQUITECTOS DE CHILE\",\"description\":\"\",\"publisher\":{\"@id\":\"https:\/\/colegioarquitectos.com\/noticias\/#organization\"},\"potentialAction\":[{\"@type\":\"SearchAction\",\"target\":{\"@type\":\"EntryPoint\",\"urlTemplate\":\"https:\/\/colegioarquitectos.com\/noticias\/?s={search_term_string}\"},\"query-input\":{\"@type\":\"PropertyValueSpecification\",\"valueRequired\":true,\"valueName\":\"search_term_string\"}}],\"inLanguage\":\"es\"},{\"@type\":\"Organization\",\"@id\":\"https:\/\/colegioarquitectos.com\/noticias\/#organization\",\"name\":\"COLEGIO DE ARQUITECTOS DE CHILE\",\"url\":\"https:\/\/colegioarquitectos.com\/noticias\/\",\"logo\":{\"@type\":\"ImageObject\",\"inLanguage\":\"es\",\"@id\":\"https:\/\/colegioarquitectos.com\/noticias\/#\/schema\/logo\/image\/\",\"url\":\"https:\/\/colegioarquitectos.com\/noticias\/wp-content\/uploads\/2021\/05\/ENCABEZADO-LOGO-CA.jpg\",\"contentUrl\":\"https:\/\/colegioarquitectos.com\/noticias\/wp-content\/uploads\/2021\/05\/ENCABEZADO-LOGO-CA.jpg\",\"width\":690,\"height\":350,\"caption\":\"COLEGIO DE ARQUITECTOS DE CHILE\"},\"image\":{\"@id\":\"https:\/\/colegioarquitectos.com\/noticias\/#\/schema\/logo\/image\/\"},\"sameAs\":[\"https:\/\/facebook.com\/Colegioarq\/\",\"https:\/\/x.com\/colegioarq\",\"https:\/\/instagram.com\/colegioarq\",\"https:\/\/youtube.com\/@ColegiodeArquitectosdeChile\"]},{\"@type\":\"Person\",\"@id\":\"https:\/\/colegioarquitectos.com\/noticias\/#\/schema\/person\/685cc0aad148303c5608f049af8285ad\",\"name\":\"Colegio de Arquitectos de Chile\",\"url\":\"https:\/\/colegioarquitectos.com\/noticias\/?author=4\"}]}<\/script>\n<!-- \/ Yoast SEO plugin. -->","yoast_head_json":{"title":"Participa en los 6\u00a0Concursos Internacionales de Ideas para la Expo 2023 de Buenos Aires - COLEGIO DE ARQUITECTOS DE CHILE","robots":{"index":"index","follow":"follow","max-snippet":"max-snippet:-1","max-image-preview":"max-image-preview:large","max-video-preview":"max-video-preview:-1"},"canonical":"https:\/\/colegioarquitectos.com\/noticias\/?p=23524","og_locale":"es_ES","og_type":"article","og_title":"Participa en los 6\u00a0Concursos Internacionales de Ideas para la Expo 2023 de Buenos Aires - COLEGIO DE ARQUITECTOS DE CHILE","og_description":"La\u00a0Sociedad Central de Arquitectos de Argentina ha informado la apertura de\u00a0\u00ab6\u00a0Concursos Internacionales de Ideas para la Expo 2023\u00bb, organizados por dicha asociaci\u00f3n en conjunto con el Colegio de Arquitectos de la Provincia de Buenos Aires, promovido por el Sistema Federal &hellip; ver m\u00e1s","og_url":"https:\/\/colegioarquitectos.com\/noticias\/?p=23524","og_site_name":"COLEGIO DE ARQUITECTOS DE CHILE","article_publisher":"https:\/\/facebook.com\/Colegioarq\/","article_published_time":"2019-06-12T14:32:19+00:00","article_modified_time":"2019-06-24T14:31:40+00:00","og_image":[{"width":690,"height":350,"url":"https:\/\/colegioarquitectos.com\/noticias\/wp-content\/uploads\/2019\/06\/ENCABEZADO-1.jpg","type":"image\/jpeg"}],"author":"Colegio de Arquitectos de Chile","twitter_card":"summary_large_image","twitter_creator":"@colegioarq","twitter_site":"@colegioarq","twitter_misc":{"Escrito por":"Colegio de Arquitectos de Chile","Tiempo de lectura":"2 minutos"},"schema":{"@context":"https:\/\/schema.org","@graph":[{"@type":"Article","@id":"https:\/\/colegioarquitectos.com\/noticias\/?p=23524#article","isPartOf":{"@id":"https:\/\/colegioarquitectos.com\/noticias\/?p=23524"},"author":{"name":"Colegio de Arquitectos de Chile","@id":"https:\/\/colegioarquitectos.com\/noticias\/#\/schema\/person\/685cc0aad148303c5608f049af8285ad"},"headline":"Participa en los 6\u00a0Concursos Internacionales de Ideas para la Expo 2023 de Buenos Aires","datePublished":"2019-06-12T14:32:19+00:00","dateModified":"2019-06-24T14:31:40+00:00","mainEntityOfPage":{"@id":"https:\/\/colegioarquitectos.com\/noticias\/?p=23524"},"wordCount":350,"publisher":{"@id":"https:\/\/colegioarquitectos.com\/noticias\/#organization"},"image":{"@id":"https:\/\/colegioarquitectos.com\/noticias\/?p=23524#primaryimage"},"thumbnailUrl":"https:\/\/colegioarquitectos.com\/noticias\/wp-content\/uploads\/2019\/06\/ENCABEZADO-1.jpg","articleSection":["Concursos"],"inLanguage":"es"},{"@type":"WebPage","@id":"https:\/\/colegioarquitectos.com\/noticias\/?p=23524","url":"https:\/\/colegioarquitectos.com\/noticias\/?p=23524","name":"Participa en los 6\u00a0Concursos Internacionales de Ideas para la Expo 2023 de Buenos Aires - COLEGIO DE ARQUITECTOS DE CHILE","isPartOf":{"@id":"https:\/\/colegioarquitectos.com\/noticias\/#website"},"primaryImageOfPage":{"@id":"https:\/\/colegioarquitectos.com\/noticias\/?p=23524#primaryimage"},"image":{"@id":"https:\/\/colegioarquitectos.com\/noticias\/?p=23524#primaryimage"},"thumbnailUrl":"https:\/\/colegioarquitectos.com\/noticias\/wp-content\/uploads\/2019\/06\/ENCABEZADO-1.jpg","datePublished":"2019-06-12T14:32:19+00:00","dateModified":"2019-06-24T14:31:40+00:00","breadcrumb":{"@id":"https:\/\/colegioarquitectos.com\/noticias\/?p=23524#breadcrumb"},"inLanguage":"es","potentialAction":[{"@type":"ReadAction","target":["https:\/\/colegioarquitectos.com\/noticias\/?p=23524"]}]},{"@type":"ImageObject","inLanguage":"es","@id":"https:\/\/colegioarquitectos.com\/noticias\/?p=23524#primaryimage","url":"https:\/\/colegioarquitectos.com\/noticias\/wp-content\/uploads\/2019\/06\/ENCABEZADO-1.jpg","contentUrl":"https:\/\/colegioarquitectos.com\/noticias\/wp-content\/uploads\/2019\/06\/ENCABEZADO-1.jpg","width":690,"height":350},{"@type":"BreadcrumbList","@id":"https:\/\/colegioarquitectos.com\/noticias\/?p=23524#breadcrumb","itemListElement":[{"@type":"ListItem","position":1,"name":"Portada","item":"https:\/\/colegioarquitectos.com\/noticias"},{"@type":"ListItem","position":2,"name":"Participa en los 6\u00a0Concursos Internacionales de Ideas para la Expo 2023 de Buenos Aires"}]},{"@type":"WebSite","@id":"https:\/\/colegioarquitectos.com\/noticias\/#website","url":"https:\/\/colegioarquitectos.com\/noticias\/","name":"COLEGIO DE ARQUITECTOS DE CHILE","description":"","publisher":{"@id":"https:\/\/colegioarquitectos.com\/noticias\/#organization"},"potentialAction":[{"@type":"SearchAction","target":{"@type":"EntryPoint","urlTemplate":"https:\/\/colegioarquitectos.com\/noticias\/?s={search_term_string}"},"query-input":{"@type":"PropertyValueSpecification","valueRequired":true,"valueName":"search_term_string"}}],"inLanguage":"es"},{"@type":"Organization","@id":"https:\/\/colegioarquitectos.com\/noticias\/#organization","name":"COLEGIO DE ARQUITECTOS DE CHILE","url":"https:\/\/colegioarquitectos.com\/noticias\/","logo":{"@type":"ImageObject","inLanguage":"es","@id":"https:\/\/colegioarquitectos.com\/noticias\/#\/schema\/logo\/image\/","url":"https:\/\/colegioarquitectos.com\/noticias\/wp-content\/uploads\/2021\/05\/ENCABEZADO-LOGO-CA.jpg","contentUrl":"https:\/\/colegioarquitectos.com\/noticias\/wp-content\/uploads\/2021\/05\/ENCABEZADO-LOGO-CA.jpg","width":690,"height":350,"caption":"COLEGIO DE ARQUITECTOS DE CHILE"},"image":{"@id":"https:\/\/colegioarquitectos.com\/noticias\/#\/schema\/logo\/image\/"},"sameAs":["https:\/\/facebook.com\/Colegioarq\/","https:\/\/x.com\/colegioarq","https:\/\/instagram.com\/colegioarq","https:\/\/youtube.com\/@ColegiodeArquitectosdeChile"]},{"@type":"Person","@id":"https:\/\/colegioarquitectos.com\/noticias\/#\/schema\/person\/685cc0aad148303c5608f049af8285ad","name":"Colegio de Arquitectos de Chile","url":"https:\/\/colegioarquitectos.com\/noticias\/?author=4"}]}},"_links":{"self":[{"href":"https:\/\/colegioarquitectos.com\/noticias\/index.php?rest_route=\/wp\/v2\/posts\/23524","targetHints":{"allow":["GET"]}}],"collection":[{"href":"https:\/\/colegioarquitectos.com\/noticias\/index.php?rest_route=\/wp\/v2\/posts"}],"about":[{"href":"https:\/\/colegioarquitectos.com\/noticias\/index.php?rest_route=\/wp\/v2\/types\/post"}],"author":[{"embeddable":true,"href":"https:\/\/colegioarquitectos.com\/noticias\/index.php?rest_route=\/wp\/v2\/users\/4"}],"replies":[{"embeddable":true,"href":"https:\/\/colegioarquitectos.com\/noticias\/index.php?rest_route=%2Fwp%2Fv2%2Fcomments&post=23524"}],"version-history":[{"count":0,"href":"https:\/\/colegioarquitectos.com\/noticias\/index.php?rest_route=\/wp\/v2\/posts\/23524\/revisions"}],"wp:featuredmedia":[{"embeddable":true,"href":"https:\/\/colegioarquitectos.com\/noticias\/index.php?rest_route=\/wp\/v2\/media\/23527"}],"wp:attachment":[{"href":"https:\/\/colegioarquitectos.com\/noticias\/index.php?rest_route=%2Fwp%2Fv2%2Fmedia&parent=23524"}],"wp:term":[{"taxonomy":"category","embeddable":true,"href":"https:\/\/colegioarquitectos.com\/noticias\/index.php?rest_route=%2Fwp%2Fv2%2Fcategories&post=23524"},{"taxonomy":"post_tag","embeddable":true,"href":"https:\/\/colegioarquitectos.com\/noticias\/index.php?rest_route=%2Fwp%2Fv2%2Ftags&post=23524"}],"curies":[{"name":"wp","href":"https:\/\/api.w.org\/{rel}","templated":true}]}}