
{"id":23531,"date":"2019-06-12T18:42:31","date_gmt":"2019-06-12T18:42:31","guid":{"rendered":"http:\/\/colegioarquitectos.com\/?p=23531"},"modified":"2019-06-12T18:42:31","modified_gmt":"2019-06-12T18:42:31","slug":"apoyo-de-los-arquitectos-de-la-delegacion-zonal-coquimbo-a-juana-varela","status":"publish","type":"post","link":"https:\/\/colegioarquitectos.com\/noticias\/?p=23531","title":{"rendered":"Apoyo de los arquitectos de la Delegaci\u00f3n Zonal Coquimbo a Juana Varela"},"content":{"rendered":"<p>La <strong>Delegaci\u00f3n Zonal Coquimbo<\/strong> public\u00f3 en el diario <strong>La Regi\u00f3n de Coquimbo<\/strong> una declaraci\u00f3n p\u00fablica en apoyo a la colegiada<strong> Juana Varela Kawasaki<\/strong> luego de que fuese desvinculada de la Seremi del ministerio de Vivienda y Urbanismo. A continuaci\u00f3n, reproducimos la declaraci\u00f3n completa:<\/p>\n<p>&nbsp;<\/p>\n<p>&nbsp;<\/p>\n<p>Impactados, fue la primera sensaci\u00f3n de esta Delegaci\u00f3n zonal del Colegio de Arquitectos de Chile, ante la desvinculaci\u00f3n de nuestra colega Juana Varela Kawasaki, ICA 3446.<\/p>\n<p>Como Delegaci\u00f3n zonal del Colegio de Arquitectos de Chile, somos m\u00e1s de 170 arquitectos colegiados en la Regi\u00f3n de Coquimbo, donde Juana Varela participa y ha participado activamente desde el a\u00f1o 1978, siendo en la actualidad, parte de la Directiva Zonal; no solo es conocida sino reconocida por sus colegas, por ello lo impactante de esta inexplicable decisi\u00f3n.<\/p>\n<p>No hemos podido llegar a comprender el \u00bfpor qu\u00e9?, ni el \u00bfc\u00f3mo? de esta solicitud de renuncia, que sea atribuible al accionar de nuestra colega; m\u00e1s bien parece estar asociada a presiones externas que ven en ella una amenaza a sus inversiones. Entonces, si analizamos los fundamentos de la solicitud de renuncia irrevocable, se\u00f1aladas por el Seremi Sr. Hern\u00e1n Pizarro, Juana Varela Kawasaki ser\u00eda culpable\u2026<\/p>\n<p>&#8211;\u00a0\u00a0\u00a0\u00a0\u00a0\u00a0\u00a0\u00a0\u00a0\u00a0\u00a0\u00a0\u00a0 De tener 27 a\u00f1os de ejercicio profesional intachable en la seremi MINVU, \u00bfpara dar pas\u00f3 al recambio del profesional?, \u00bfpor ser incompetente o por salud incompatible?<\/p>\n<p>&#8211;\u00a0\u00a0\u00a0\u00a0\u00a0\u00a0\u00a0\u00a0\u00a0\u00a0\u00a0\u00a0\u00a0 De ser imparcial y objetiva, en la aplicaci\u00f3n de la legislaci\u00f3n urbana en la regi\u00f3n, independiente el gobierno de turno, \u00bfentonces no es de \u201cconfianza\u201d? \u00bfConfianza de qui\u00e9n?<\/p>\n<p>&#8211;\u00a0\u00a0\u00a0\u00a0\u00a0\u00a0\u00a0\u00a0\u00a0\u00a0\u00a0\u00a0\u00a0 De no ser condescendiente ante las presiones de grupos de poder econ\u00f3mico, que esperan \u201ctratos especiales\u201d a sus inversiones, \u00bfno se supone somos iguales ante la Ley?, la DDU es organismo t\u00e9cnico, no pol\u00edtico.<\/p>\n<p>No vemos una sola raz\u00f3n para justificar lo injustificable, m\u00e1s aun vemos discriminaci\u00f3n, hostigamiento y ensa\u00f1amiento para con la arquitecta Sra. Juana Varela, que sin previo aviso, ve como su intachable labor en el Ministerio de Vivienda y Urbanismo, no fue suficiente para darle el derecho a tomar la decisi\u00f3n de retirarse cuando ella estimase fuera prudente cerrar dignamente tan importante una etapa de su vida profesional.<\/p>\n<p>27 a\u00f1os de trabajo intachables, no pueden darse por terminados mediante un documento que informa tienes 48 hrs. para renunciar, es inhumano, es vejatorio y un atropello violento, toda vez que se argumenta\u00a0 \u201cla necesidad de recambio\u201d, donde pareciera que la experiencia laboral es defecto, y no una virtud, m\u00e1s a\u00fan en un cargo de jefatura de la DDU como organismo que como se\u00f1alamos anteriormente es esencialmente t\u00e9cnico.<\/p>\n<p>Pero no solo estamos impactados sino tambi\u00e9n preocupados, al ver como la facultad fiscalizadora de la DDU, se ve mermada por esta situaci\u00f3n, nuestros colegas que trabajan en el servicio p\u00fablico, se sienten inseguros y desamparados al contemplar c\u00f3mo ello se asocia a\u00a0 proyectos inmobiliarios espec\u00edficos que han irrumpido en la ciudad a costa de sus habitantes, sus instrumentos de planificaci\u00f3n y, en este caso, a costa de funcionarios p\u00fablicos como Juana Varela Kawasaki, que cometi\u00f3 el error de aplicar la normativa vigente a todo proyecto en forma neutral.<\/p>\n<p>Como Delegaci\u00f3n Zonal del Colegio de Arquitectos, reprochamos absolutamente esta acci\u00f3n del Seremi Sr. Hern\u00e1n Pizarro y esperamos sea reconsiderada, sino por \u00e9l, por quienes corresponda, pues aqu\u00ed no solo se pierde a una profesional, se atenta contra una persona, su familia y red de apoyo, en este caso a la DELEGACION ZONAL DEL COLEGIO DE ARQUITECTOS DE CHILE.<\/p>\n<p><\/p>","protected":false},"excerpt":{"rendered":"<p>La Delegaci\u00f3n Zonal Coquimbo public\u00f3 en el diario La Regi\u00f3n de Coquimbo una declaraci\u00f3n p\u00fablica en apoyo a la colegiada Juana Varela Kawasaki luego de que fuese desvinculada de la Seremi del ministerio de Vivienda y Urbanismo. A continuaci\u00f3n, reproducimos &hellip; <a class=\"more-link\" href=\"https:\/\/colegioarquitectos.com\/noticias\/?p=23531\">ver m\u00e1s<\/a><\/p>","protected":false},"author":4,"featured_media":23521,"comment_status":"closed","ping_status":"closed","sticky":false,"template":"","format":"standard","meta":{"footnotes":""},"categories":[10],"tags":[],"class_list":["post-23531","post","type-post","status-publish","format-standard","has-post-thumbnail","hentry","category-delegaciones-zonales"],"yoast_head":"<!-- This site is optimized with the Yoast SEO plugin v24.2 - https:\/\/yoast.com\/wordpress\/plugins\/seo\/ -->\n<title>Apoyo de los arquitectos de la Delegaci\u00f3n Zonal Coquimbo a Juana Varela - COLEGIO DE ARQUITECTOS DE CHILE<\/title>\n<meta name=\"robots\" content=\"index, follow, max-snippet:-1, max-image-preview:large, max-video-preview:-1\" \/>\n<link rel=\"canonical\" href=\"https:\/\/colegioarquitectos.com\/noticias\/?p=23531\" \/>\n<meta property=\"og:locale\" content=\"es_ES\" \/>\n<meta property=\"og:type\" content=\"article\" \/>\n<meta property=\"og:title\" content=\"Apoyo de los arquitectos de la Delegaci\u00f3n Zonal Coquimbo a Juana Varela - COLEGIO DE ARQUITECTOS DE CHILE\" \/>\n<meta property=\"og:description\" content=\"La Delegaci\u00f3n Zonal Coquimbo public\u00f3 en el diario La Regi\u00f3n de Coquimbo una declaraci\u00f3n p\u00fablica en apoyo a la colegiada Juana Varela Kawasaki luego de que fuese desvinculada de la Seremi del ministerio de Vivienda y Urbanismo. A continuaci\u00f3n, reproducimos &hellip; ver m\u00e1s\" \/>\n<meta property=\"og:url\" content=\"https:\/\/colegioarquitectos.com\/noticias\/?p=23531\" \/>\n<meta property=\"og:site_name\" content=\"COLEGIO DE ARQUITECTOS DE CHILE\" \/>\n<meta property=\"article:publisher\" content=\"https:\/\/facebook.com\/Colegioarq\/\" \/>\n<meta property=\"article:published_time\" content=\"2019-06-12T18:42:31+00:00\" \/>\n<meta property=\"og:image\" content=\"https:\/\/colegioarquitectos.com\/noticias\/wp-content\/uploads\/2019\/06\/ENCABEZADO-LOGO-CA.jpg\" \/>\n\t<meta property=\"og:image:width\" content=\"690\" \/>\n\t<meta property=\"og:image:height\" content=\"350\" \/>\n\t<meta property=\"og:image:type\" content=\"image\/jpeg\" \/>\n<meta name=\"author\" content=\"Colegio de Arquitectos de Chile\" \/>\n<meta name=\"twitter:card\" content=\"summary_large_image\" \/>\n<meta name=\"twitter:creator\" content=\"@colegioarq\" \/>\n<meta name=\"twitter:site\" content=\"@colegioarq\" \/>\n<meta name=\"twitter:label1\" content=\"Escrito por\" \/>\n\t<meta name=\"twitter:data1\" content=\"Colegio de Arquitectos de Chile\" \/>\n\t<meta name=\"twitter:label2\" content=\"Tiempo de lectura\" \/>\n\t<meta name=\"twitter:data2\" content=\"3 minutos\" \/>\n<script type=\"application\/ld+json\" class=\"yoast-schema-graph\">{\"@context\":\"https:\/\/schema.org\",\"@graph\":[{\"@type\":\"Article\",\"@id\":\"https:\/\/colegioarquitectos.com\/noticias\/?p=23531#article\",\"isPartOf\":{\"@id\":\"https:\/\/colegioarquitectos.com\/noticias\/?p=23531\"},\"author\":{\"name\":\"Colegio de Arquitectos de Chile\",\"@id\":\"https:\/\/colegioarquitectos.com\/noticias\/#\/schema\/person\/685cc0aad148303c5608f049af8285ad\"},\"headline\":\"Apoyo de los arquitectos de la Delegaci\u00f3n Zonal Coquimbo a Juana Varela\",\"datePublished\":\"2019-06-12T18:42:31+00:00\",\"dateModified\":\"2019-06-12T18:42:31+00:00\",\"mainEntityOfPage\":{\"@id\":\"https:\/\/colegioarquitectos.com\/noticias\/?p=23531\"},\"wordCount\":622,\"publisher\":{\"@id\":\"https:\/\/colegioarquitectos.com\/noticias\/#organization\"},\"image\":{\"@id\":\"https:\/\/colegioarquitectos.com\/noticias\/?p=23531#primaryimage\"},\"thumbnailUrl\":\"https:\/\/colegioarquitectos.com\/noticias\/wp-content\/uploads\/2019\/06\/ENCABEZADO-LOGO-CA.jpg\",\"articleSection\":[\"Delegaciones\"],\"inLanguage\":\"es\"},{\"@type\":\"WebPage\",\"@id\":\"https:\/\/colegioarquitectos.com\/noticias\/?p=23531\",\"url\":\"https:\/\/colegioarquitectos.com\/noticias\/?p=23531\",\"name\":\"Apoyo de los arquitectos de la Delegaci\u00f3n Zonal Coquimbo a Juana Varela - COLEGIO DE ARQUITECTOS DE CHILE\",\"isPartOf\":{\"@id\":\"https:\/\/colegioarquitectos.com\/noticias\/#website\"},\"primaryImageOfPage\":{\"@id\":\"https:\/\/colegioarquitectos.com\/noticias\/?p=23531#primaryimage\"},\"image\":{\"@id\":\"https:\/\/colegioarquitectos.com\/noticias\/?p=23531#primaryimage\"},\"thumbnailUrl\":\"https:\/\/colegioarquitectos.com\/noticias\/wp-content\/uploads\/2019\/06\/ENCABEZADO-LOGO-CA.jpg\",\"datePublished\":\"2019-06-12T18:42:31+00:00\",\"dateModified\":\"2019-06-12T18:42:31+00:00\",\"breadcrumb\":{\"@id\":\"https:\/\/colegioarquitectos.com\/noticias\/?p=23531#breadcrumb\"},\"inLanguage\":\"es\",\"potentialAction\":[{\"@type\":\"ReadAction\",\"target\":[\"https:\/\/colegioarquitectos.com\/noticias\/?p=23531\"]}]},{\"@type\":\"ImageObject\",\"inLanguage\":\"es\",\"@id\":\"https:\/\/colegioarquitectos.com\/noticias\/?p=23531#primaryimage\",\"url\":\"https:\/\/colegioarquitectos.com\/noticias\/wp-content\/uploads\/2019\/06\/ENCABEZADO-LOGO-CA.jpg\",\"contentUrl\":\"https:\/\/colegioarquitectos.com\/noticias\/wp-content\/uploads\/2019\/06\/ENCABEZADO-LOGO-CA.jpg\",\"width\":690,\"height\":350},{\"@type\":\"BreadcrumbList\",\"@id\":\"https:\/\/colegioarquitectos.com\/noticias\/?p=23531#breadcrumb\",\"itemListElement\":[{\"@type\":\"ListItem\",\"position\":1,\"name\":\"Portada\",\"item\":\"https:\/\/colegioarquitectos.com\/noticias\"},{\"@type\":\"ListItem\",\"position\":2,\"name\":\"Apoyo de los arquitectos de la Delegaci\u00f3n Zonal Coquimbo a Juana Varela\"}]},{\"@type\":\"WebSite\",\"@id\":\"https:\/\/colegioarquitectos.com\/noticias\/#website\",\"url\":\"https:\/\/colegioarquitectos.com\/noticias\/\",\"name\":\"COLEGIO DE ARQUITECTOS DE CHILE\",\"description\":\"\",\"publisher\":{\"@id\":\"https:\/\/colegioarquitectos.com\/noticias\/#organization\"},\"potentialAction\":[{\"@type\":\"SearchAction\",\"target\":{\"@type\":\"EntryPoint\",\"urlTemplate\":\"https:\/\/colegioarquitectos.com\/noticias\/?s={search_term_string}\"},\"query-input\":{\"@type\":\"PropertyValueSpecification\",\"valueRequired\":true,\"valueName\":\"search_term_string\"}}],\"inLanguage\":\"es\"},{\"@type\":\"Organization\",\"@id\":\"https:\/\/colegioarquitectos.com\/noticias\/#organization\",\"name\":\"COLEGIO DE ARQUITECTOS DE CHILE\",\"url\":\"https:\/\/colegioarquitectos.com\/noticias\/\",\"logo\":{\"@type\":\"ImageObject\",\"inLanguage\":\"es\",\"@id\":\"https:\/\/colegioarquitectos.com\/noticias\/#\/schema\/logo\/image\/\",\"url\":\"https:\/\/colegioarquitectos.com\/noticias\/wp-content\/uploads\/2021\/05\/ENCABEZADO-LOGO-CA.jpg\",\"contentUrl\":\"https:\/\/colegioarquitectos.com\/noticias\/wp-content\/uploads\/2021\/05\/ENCABEZADO-LOGO-CA.jpg\",\"width\":690,\"height\":350,\"caption\":\"COLEGIO DE ARQUITECTOS DE CHILE\"},\"image\":{\"@id\":\"https:\/\/colegioarquitectos.com\/noticias\/#\/schema\/logo\/image\/\"},\"sameAs\":[\"https:\/\/facebook.com\/Colegioarq\/\",\"https:\/\/x.com\/colegioarq\",\"https:\/\/instagram.com\/colegioarq\",\"https:\/\/youtube.com\/@ColegiodeArquitectosdeChile\"]},{\"@type\":\"Person\",\"@id\":\"https:\/\/colegioarquitectos.com\/noticias\/#\/schema\/person\/685cc0aad148303c5608f049af8285ad\",\"name\":\"Colegio de Arquitectos de Chile\",\"url\":\"https:\/\/colegioarquitectos.com\/noticias\/?author=4\"}]}<\/script>\n<!-- \/ Yoast SEO plugin. -->","yoast_head_json":{"title":"Apoyo de los arquitectos de la Delegaci\u00f3n Zonal Coquimbo a Juana Varela - COLEGIO DE ARQUITECTOS DE CHILE","robots":{"index":"index","follow":"follow","max-snippet":"max-snippet:-1","max-image-preview":"max-image-preview:large","max-video-preview":"max-video-preview:-1"},"canonical":"https:\/\/colegioarquitectos.com\/noticias\/?p=23531","og_locale":"es_ES","og_type":"article","og_title":"Apoyo de los arquitectos de la Delegaci\u00f3n Zonal Coquimbo a Juana Varela - COLEGIO DE ARQUITECTOS DE CHILE","og_description":"La Delegaci\u00f3n Zonal Coquimbo public\u00f3 en el diario La Regi\u00f3n de Coquimbo una declaraci\u00f3n p\u00fablica en apoyo a la colegiada Juana Varela Kawasaki luego de que fuese desvinculada de la Seremi del ministerio de Vivienda y Urbanismo. A continuaci\u00f3n, reproducimos &hellip; ver m\u00e1s","og_url":"https:\/\/colegioarquitectos.com\/noticias\/?p=23531","og_site_name":"COLEGIO DE ARQUITECTOS DE CHILE","article_publisher":"https:\/\/facebook.com\/Colegioarq\/","article_published_time":"2019-06-12T18:42:31+00:00","og_image":[{"width":690,"height":350,"url":"https:\/\/colegioarquitectos.com\/noticias\/wp-content\/uploads\/2019\/06\/ENCABEZADO-LOGO-CA.jpg","type":"image\/jpeg"}],"author":"Colegio de Arquitectos de Chile","twitter_card":"summary_large_image","twitter_creator":"@colegioarq","twitter_site":"@colegioarq","twitter_misc":{"Escrito por":"Colegio de Arquitectos de Chile","Tiempo de lectura":"3 minutos"},"schema":{"@context":"https:\/\/schema.org","@graph":[{"@type":"Article","@id":"https:\/\/colegioarquitectos.com\/noticias\/?p=23531#article","isPartOf":{"@id":"https:\/\/colegioarquitectos.com\/noticias\/?p=23531"},"author":{"name":"Colegio de Arquitectos de Chile","@id":"https:\/\/colegioarquitectos.com\/noticias\/#\/schema\/person\/685cc0aad148303c5608f049af8285ad"},"headline":"Apoyo de los arquitectos de la Delegaci\u00f3n Zonal Coquimbo a Juana Varela","datePublished":"2019-06-12T18:42:31+00:00","dateModified":"2019-06-12T18:42:31+00:00","mainEntityOfPage":{"@id":"https:\/\/colegioarquitectos.com\/noticias\/?p=23531"},"wordCount":622,"publisher":{"@id":"https:\/\/colegioarquitectos.com\/noticias\/#organization"},"image":{"@id":"https:\/\/colegioarquitectos.com\/noticias\/?p=23531#primaryimage"},"thumbnailUrl":"https:\/\/colegioarquitectos.com\/noticias\/wp-content\/uploads\/2019\/06\/ENCABEZADO-LOGO-CA.jpg","articleSection":["Delegaciones"],"inLanguage":"es"},{"@type":"WebPage","@id":"https:\/\/colegioarquitectos.com\/noticias\/?p=23531","url":"https:\/\/colegioarquitectos.com\/noticias\/?p=23531","name":"Apoyo de los arquitectos de la Delegaci\u00f3n Zonal Coquimbo a Juana Varela - COLEGIO DE ARQUITECTOS DE CHILE","isPartOf":{"@id":"https:\/\/colegioarquitectos.com\/noticias\/#website"},"primaryImageOfPage":{"@id":"https:\/\/colegioarquitectos.com\/noticias\/?p=23531#primaryimage"},"image":{"@id":"https:\/\/colegioarquitectos.com\/noticias\/?p=23531#primaryimage"},"thumbnailUrl":"https:\/\/colegioarquitectos.com\/noticias\/wp-content\/uploads\/2019\/06\/ENCABEZADO-LOGO-CA.jpg","datePublished":"2019-06-12T18:42:31+00:00","dateModified":"2019-06-12T18:42:31+00:00","breadcrumb":{"@id":"https:\/\/colegioarquitectos.com\/noticias\/?p=23531#breadcrumb"},"inLanguage":"es","potentialAction":[{"@type":"ReadAction","target":["https:\/\/colegioarquitectos.com\/noticias\/?p=23531"]}]},{"@type":"ImageObject","inLanguage":"es","@id":"https:\/\/colegioarquitectos.com\/noticias\/?p=23531#primaryimage","url":"https:\/\/colegioarquitectos.com\/noticias\/wp-content\/uploads\/2019\/06\/ENCABEZADO-LOGO-CA.jpg","contentUrl":"https:\/\/colegioarquitectos.com\/noticias\/wp-content\/uploads\/2019\/06\/ENCABEZADO-LOGO-CA.jpg","width":690,"height":350},{"@type":"BreadcrumbList","@id":"https:\/\/colegioarquitectos.com\/noticias\/?p=23531#breadcrumb","itemListElement":[{"@type":"ListItem","position":1,"name":"Portada","item":"https:\/\/colegioarquitectos.com\/noticias"},{"@type":"ListItem","position":2,"name":"Apoyo de los arquitectos de la Delegaci\u00f3n Zonal Coquimbo a Juana Varela"}]},{"@type":"WebSite","@id":"https:\/\/colegioarquitectos.com\/noticias\/#website","url":"https:\/\/colegioarquitectos.com\/noticias\/","name":"COLEGIO DE ARQUITECTOS DE CHILE","description":"","publisher":{"@id":"https:\/\/colegioarquitectos.com\/noticias\/#organization"},"potentialAction":[{"@type":"SearchAction","target":{"@type":"EntryPoint","urlTemplate":"https:\/\/colegioarquitectos.com\/noticias\/?s={search_term_string}"},"query-input":{"@type":"PropertyValueSpecification","valueRequired":true,"valueName":"search_term_string"}}],"inLanguage":"es"},{"@type":"Organization","@id":"https:\/\/colegioarquitectos.com\/noticias\/#organization","name":"COLEGIO DE ARQUITECTOS DE CHILE","url":"https:\/\/colegioarquitectos.com\/noticias\/","logo":{"@type":"ImageObject","inLanguage":"es","@id":"https:\/\/colegioarquitectos.com\/noticias\/#\/schema\/logo\/image\/","url":"https:\/\/colegioarquitectos.com\/noticias\/wp-content\/uploads\/2021\/05\/ENCABEZADO-LOGO-CA.jpg","contentUrl":"https:\/\/colegioarquitectos.com\/noticias\/wp-content\/uploads\/2021\/05\/ENCABEZADO-LOGO-CA.jpg","width":690,"height":350,"caption":"COLEGIO DE ARQUITECTOS DE CHILE"},"image":{"@id":"https:\/\/colegioarquitectos.com\/noticias\/#\/schema\/logo\/image\/"},"sameAs":["https:\/\/facebook.com\/Colegioarq\/","https:\/\/x.com\/colegioarq","https:\/\/instagram.com\/colegioarq","https:\/\/youtube.com\/@ColegiodeArquitectosdeChile"]},{"@type":"Person","@id":"https:\/\/colegioarquitectos.com\/noticias\/#\/schema\/person\/685cc0aad148303c5608f049af8285ad","name":"Colegio de Arquitectos de Chile","url":"https:\/\/colegioarquitectos.com\/noticias\/?author=4"}]}},"_links":{"self":[{"href":"https:\/\/colegioarquitectos.com\/noticias\/index.php?rest_route=\/wp\/v2\/posts\/23531","targetHints":{"allow":["GET"]}}],"collection":[{"href":"https:\/\/colegioarquitectos.com\/noticias\/index.php?rest_route=\/wp\/v2\/posts"}],"about":[{"href":"https:\/\/colegioarquitectos.com\/noticias\/index.php?rest_route=\/wp\/v2\/types\/post"}],"author":[{"embeddable":true,"href":"https:\/\/colegioarquitectos.com\/noticias\/index.php?rest_route=\/wp\/v2\/users\/4"}],"replies":[{"embeddable":true,"href":"https:\/\/colegioarquitectos.com\/noticias\/index.php?rest_route=%2Fwp%2Fv2%2Fcomments&post=23531"}],"version-history":[{"count":0,"href":"https:\/\/colegioarquitectos.com\/noticias\/index.php?rest_route=\/wp\/v2\/posts\/23531\/revisions"}],"wp:featuredmedia":[{"embeddable":true,"href":"https:\/\/colegioarquitectos.com\/noticias\/index.php?rest_route=\/wp\/v2\/media\/23521"}],"wp:attachment":[{"href":"https:\/\/colegioarquitectos.com\/noticias\/index.php?rest_route=%2Fwp%2Fv2%2Fmedia&parent=23531"}],"wp:term":[{"taxonomy":"category","embeddable":true,"href":"https:\/\/colegioarquitectos.com\/noticias\/index.php?rest_route=%2Fwp%2Fv2%2Fcategories&post=23531"},{"taxonomy":"post_tag","embeddable":true,"href":"https:\/\/colegioarquitectos.com\/noticias\/index.php?rest_route=%2Fwp%2Fv2%2Ftags&post=23531"}],"curies":[{"name":"wp","href":"https:\/\/api.w.org\/{rel}","templated":true}]}}