
{"id":23594,"date":"2019-07-04T14:31:09","date_gmt":"2019-07-04T14:31:09","guid":{"rendered":"http:\/\/colegioarquitectos.com\/?p=23594"},"modified":"2019-07-04T14:31:09","modified_gmt":"2019-07-04T14:31:09","slug":"south-american-masterclass-se-realizara-por-primera-vez-en-chile-arquitectos-de-todo-el-mundo-se-daran-cita-en-chiloe","status":"publish","type":"post","link":"https:\/\/colegioarquitectos.com\/noticias\/?p=23594","title":{"rendered":"South American Masterclass se realizar\u00e1 por primera vez en Chile: Arquitectos de todo el mundo se dar\u00e1n cita en Chilo\u00e9"},"content":{"rendered":"<p><strong>Chilo\u00e9<\/strong> ser\u00e1 anfitri\u00f3n del <a href=\"http:\/\/so-ma.org\/southamerican-masterclass\/\"><strong>South American Masterclass<\/strong><\/a>, inspirado en el programa australiano que hace 20 a\u00f1os cre\u00f3 el premio <strong>Pritzker<\/strong>, <strong>Glenn Murcutt<\/strong>. Una iniciativa que hoy se imparte en <strong>Finlandia<\/strong>, <strong>Escocia<\/strong>, <strong>Estados Unidos<\/strong>, entre otros pa\u00edses.<\/p>\n<p>El encuentro acad\u00e9mico que reunir\u00e1 a arquitectos, profesionales y estudiantes vinculados a esta \u00e1rea de distintas partes del mundo, tendr\u00e1 lugar por primera vez en esta parte del continente, siendo Chilo\u00e9 el lugar escogido por su <strong>riqueza arquitect\u00f3nica e identidad cultural, paisajes \u00fanicos y su estrecho lazo con la naturaleza<\/strong>.<\/p>\n<p>South American Masterclass es organizado por la <strong>Universidad Central<\/strong>, <strong>Oz.Etecture<\/strong> y <strong>So.Ma.<\/strong>, y cuenta con el patrocinio del <strong>Colegio de Arquitectos de Chile<\/strong>.<\/p>\n<p>\u00abEste es un programa internacional de arquitectura sustentable y responsable que se hace en Australia hace 20 a\u00f1os, all\u00ed trabajan con el paisaje, la arquitectura desde el sentimiento del lugar. Lo importante es impregnar al estudiante que los lugares tienen algo que decir cuando uno toma el l\u00e1piz y empieza a generar alguna arquitectura y eso es lo que queremos replicar en Chile\u00bb, coment\u00f3 a la Estrella de Chilo\u00e9 <strong>Uwe Rohwedder<\/strong>, Director Nacional del Colegio de Arquitectos.<\/p>\n<p><strong>Felipe Carrasco<\/strong>, quien oficiar\u00e1 de tutor, por su parte, explic\u00f3 que \u00abChilo\u00e9 al ser como la puerta de entrada al Chile m\u00e1s austral, reun\u00eda una serie caracter\u00edsticas topogr\u00e1ficas, geogr\u00e1ficas y de latitud que hac\u00edan muy id\u00f3neo este paisaje para desarrollar este programa\u00bb.<\/p>\n<p>\u00abEste es un programa intensivo, donde como tutores tomamos un grupo de estudiantes por 10 d\u00edas, se parte entregando los conocimientos m\u00e1s generales del paisaje donde van a trabajar y al final de la jornada entregan un proyecto por grupo que queda a disposici\u00f3n de la localidad que nos entreg\u00f3 la sede, en este caso Chilo\u00e9, se ver\u00e1 enriquecido de <strong>8 proyectos<\/strong>\u00bb, agreg\u00f3.<\/p>\n<p>South American Masterclass se realizar\u00e1 entre el <strong>29 de octubre al 10 de noviembre<\/strong> y contar\u00e1 con <strong>Peter Stutchbury<\/strong>, <strong>Richard Leplastrier<\/strong>, <strong>Edward Rojas<\/strong> y <strong>Felipe Carrasco<\/strong> como tutores. \u00abEl graduado adquirir\u00e1 herramientas de dise\u00f1o sustentable y responsable. Adem\u00e1s de las clases, los estudiantes conocer\u00e1n las obras de los arquitectos locales\u00bb, agreg\u00f3 Uwe Rohwedder.<\/p>\n<p>Puedes encontrar el programa e informaciones de pago de la South American Masterclass <a href=\"http:\/\/so-ma.org\/southamerican-masterclass\/\"><strong>ac\u00e1<\/strong><\/a>.<\/p>\n<p>&nbsp;<\/p>\n<p>Fuente: <a href=\"http:\/\/www.laestrellachiloe.cl\/impresa\/2019\/07\/03\/full\/cuerpo-principal\/6\/texto\/?sfns=mo\"><strong>La Estrella de Chilo\u00e9<\/strong><\/a><\/p>\n<p><\/p>","protected":false},"excerpt":{"rendered":"<p>Chilo\u00e9 ser\u00e1 anfitri\u00f3n del South American Masterclass, inspirado en el programa australiano que hace 20 a\u00f1os cre\u00f3 el premio Pritzker, Glenn Murcutt. Una iniciativa que hoy se imparte en Finlandia, Escocia, Estados Unidos, entre otros pa\u00edses. El encuentro acad\u00e9mico que &hellip; <a class=\"more-link\" href=\"https:\/\/colegioarquitectos.com\/noticias\/?p=23594\">ver m\u00e1s<\/a><\/p>","protected":false},"author":4,"featured_media":23595,"comment_status":"closed","ping_status":"closed","sticky":false,"template":"","format":"standard","meta":{"footnotes":""},"categories":[10],"tags":[],"class_list":["post-23594","post","type-post","status-publish","format-standard","has-post-thumbnail","hentry","category-delegaciones-zonales"],"yoast_head":"<!-- This site is optimized with the Yoast SEO plugin v24.2 - https:\/\/yoast.com\/wordpress\/plugins\/seo\/ -->\n<title>South American Masterclass se realizar\u00e1 por primera vez en Chile: Arquitectos de todo el mundo se dar\u00e1n cita en Chilo\u00e9 - COLEGIO DE ARQUITECTOS DE CHILE<\/title>\n<meta name=\"robots\" content=\"index, follow, max-snippet:-1, max-image-preview:large, max-video-preview:-1\" \/>\n<link rel=\"canonical\" href=\"https:\/\/colegioarquitectos.com\/noticias\/?p=23594\" \/>\n<meta property=\"og:locale\" content=\"es_ES\" \/>\n<meta property=\"og:type\" content=\"article\" \/>\n<meta property=\"og:title\" content=\"South American Masterclass se realizar\u00e1 por primera vez en Chile: Arquitectos de todo el mundo se dar\u00e1n cita en Chilo\u00e9 - COLEGIO DE ARQUITECTOS DE CHILE\" \/>\n<meta property=\"og:description\" content=\"Chilo\u00e9 ser\u00e1 anfitri\u00f3n del South American Masterclass, inspirado en el programa australiano que hace 20 a\u00f1os cre\u00f3 el premio Pritzker, Glenn Murcutt. Una iniciativa que hoy se imparte en Finlandia, Escocia, Estados Unidos, entre otros pa\u00edses. El encuentro acad\u00e9mico que &hellip; ver m\u00e1s\" \/>\n<meta property=\"og:url\" content=\"https:\/\/colegioarquitectos.com\/noticias\/?p=23594\" \/>\n<meta property=\"og:site_name\" content=\"COLEGIO DE ARQUITECTOS DE CHILE\" \/>\n<meta property=\"article:publisher\" content=\"https:\/\/facebook.com\/Colegioarq\/\" \/>\n<meta property=\"article:published_time\" content=\"2019-07-04T14:31:09+00:00\" \/>\n<meta property=\"og:image\" content=\"https:\/\/colegioarquitectos.com\/noticias\/wp-content\/uploads\/2019\/07\/Encabezado-Chilo\u00e9.png\" \/>\n\t<meta property=\"og:image:width\" content=\"690\" \/>\n\t<meta property=\"og:image:height\" content=\"350\" \/>\n\t<meta property=\"og:image:type\" content=\"image\/png\" \/>\n<meta name=\"author\" content=\"Colegio de Arquitectos de Chile\" \/>\n<meta name=\"twitter:card\" content=\"summary_large_image\" \/>\n<meta name=\"twitter:creator\" content=\"@colegioarq\" \/>\n<meta name=\"twitter:site\" content=\"@colegioarq\" \/>\n<meta name=\"twitter:label1\" content=\"Escrito por\" \/>\n\t<meta name=\"twitter:data1\" content=\"Colegio de Arquitectos de Chile\" \/>\n\t<meta name=\"twitter:label2\" content=\"Tiempo de lectura\" \/>\n\t<meta name=\"twitter:data2\" content=\"2 minutos\" \/>\n<script type=\"application\/ld+json\" class=\"yoast-schema-graph\">{\"@context\":\"https:\/\/schema.org\",\"@graph\":[{\"@type\":\"Article\",\"@id\":\"https:\/\/colegioarquitectos.com\/noticias\/?p=23594#article\",\"isPartOf\":{\"@id\":\"https:\/\/colegioarquitectos.com\/noticias\/?p=23594\"},\"author\":{\"name\":\"Colegio de Arquitectos de Chile\",\"@id\":\"https:\/\/colegioarquitectos.com\/noticias\/#\/schema\/person\/685cc0aad148303c5608f049af8285ad\"},\"headline\":\"South American Masterclass se realizar\u00e1 por primera vez en Chile: Arquitectos de todo el mundo se dar\u00e1n cita en Chilo\u00e9\",\"datePublished\":\"2019-07-04T14:31:09+00:00\",\"dateModified\":\"2019-07-04T14:31:09+00:00\",\"mainEntityOfPage\":{\"@id\":\"https:\/\/colegioarquitectos.com\/noticias\/?p=23594\"},\"wordCount\":401,\"publisher\":{\"@id\":\"https:\/\/colegioarquitectos.com\/noticias\/#organization\"},\"image\":{\"@id\":\"https:\/\/colegioarquitectos.com\/noticias\/?p=23594#primaryimage\"},\"thumbnailUrl\":\"https:\/\/colegioarquitectos.com\/noticias\/wp-content\/uploads\/2019\/07\/Encabezado-Chilo\u00e9.png\",\"articleSection\":[\"Delegaciones\"],\"inLanguage\":\"es\"},{\"@type\":\"WebPage\",\"@id\":\"https:\/\/colegioarquitectos.com\/noticias\/?p=23594\",\"url\":\"https:\/\/colegioarquitectos.com\/noticias\/?p=23594\",\"name\":\"South American Masterclass se realizar\u00e1 por primera vez en Chile: Arquitectos de todo el mundo se dar\u00e1n cita en Chilo\u00e9 - COLEGIO DE ARQUITECTOS DE CHILE\",\"isPartOf\":{\"@id\":\"https:\/\/colegioarquitectos.com\/noticias\/#website\"},\"primaryImageOfPage\":{\"@id\":\"https:\/\/colegioarquitectos.com\/noticias\/?p=23594#primaryimage\"},\"image\":{\"@id\":\"https:\/\/colegioarquitectos.com\/noticias\/?p=23594#primaryimage\"},\"thumbnailUrl\":\"https:\/\/colegioarquitectos.com\/noticias\/wp-content\/uploads\/2019\/07\/Encabezado-Chilo\u00e9.png\",\"datePublished\":\"2019-07-04T14:31:09+00:00\",\"dateModified\":\"2019-07-04T14:31:09+00:00\",\"breadcrumb\":{\"@id\":\"https:\/\/colegioarquitectos.com\/noticias\/?p=23594#breadcrumb\"},\"inLanguage\":\"es\",\"potentialAction\":[{\"@type\":\"ReadAction\",\"target\":[\"https:\/\/colegioarquitectos.com\/noticias\/?p=23594\"]}]},{\"@type\":\"ImageObject\",\"inLanguage\":\"es\",\"@id\":\"https:\/\/colegioarquitectos.com\/noticias\/?p=23594#primaryimage\",\"url\":\"https:\/\/colegioarquitectos.com\/noticias\/wp-content\/uploads\/2019\/07\/Encabezado-Chilo\u00e9.png\",\"contentUrl\":\"https:\/\/colegioarquitectos.com\/noticias\/wp-content\/uploads\/2019\/07\/Encabezado-Chilo\u00e9.png\",\"width\":690,\"height\":350},{\"@type\":\"BreadcrumbList\",\"@id\":\"https:\/\/colegioarquitectos.com\/noticias\/?p=23594#breadcrumb\",\"itemListElement\":[{\"@type\":\"ListItem\",\"position\":1,\"name\":\"Portada\",\"item\":\"https:\/\/colegioarquitectos.com\/noticias\"},{\"@type\":\"ListItem\",\"position\":2,\"name\":\"South American Masterclass se realizar\u00e1 por primera vez en Chile: Arquitectos de todo el mundo se dar\u00e1n cita en Chilo\u00e9\"}]},{\"@type\":\"WebSite\",\"@id\":\"https:\/\/colegioarquitectos.com\/noticias\/#website\",\"url\":\"https:\/\/colegioarquitectos.com\/noticias\/\",\"name\":\"COLEGIO DE ARQUITECTOS DE CHILE\",\"description\":\"\",\"publisher\":{\"@id\":\"https:\/\/colegioarquitectos.com\/noticias\/#organization\"},\"potentialAction\":[{\"@type\":\"SearchAction\",\"target\":{\"@type\":\"EntryPoint\",\"urlTemplate\":\"https:\/\/colegioarquitectos.com\/noticias\/?s={search_term_string}\"},\"query-input\":{\"@type\":\"PropertyValueSpecification\",\"valueRequired\":true,\"valueName\":\"search_term_string\"}}],\"inLanguage\":\"es\"},{\"@type\":\"Organization\",\"@id\":\"https:\/\/colegioarquitectos.com\/noticias\/#organization\",\"name\":\"COLEGIO DE ARQUITECTOS DE CHILE\",\"url\":\"https:\/\/colegioarquitectos.com\/noticias\/\",\"logo\":{\"@type\":\"ImageObject\",\"inLanguage\":\"es\",\"@id\":\"https:\/\/colegioarquitectos.com\/noticias\/#\/schema\/logo\/image\/\",\"url\":\"https:\/\/colegioarquitectos.com\/noticias\/wp-content\/uploads\/2021\/05\/ENCABEZADO-LOGO-CA.jpg\",\"contentUrl\":\"https:\/\/colegioarquitectos.com\/noticias\/wp-content\/uploads\/2021\/05\/ENCABEZADO-LOGO-CA.jpg\",\"width\":690,\"height\":350,\"caption\":\"COLEGIO DE ARQUITECTOS DE CHILE\"},\"image\":{\"@id\":\"https:\/\/colegioarquitectos.com\/noticias\/#\/schema\/logo\/image\/\"},\"sameAs\":[\"https:\/\/facebook.com\/Colegioarq\/\",\"https:\/\/x.com\/colegioarq\",\"https:\/\/instagram.com\/colegioarq\",\"https:\/\/youtube.com\/@ColegiodeArquitectosdeChile\"]},{\"@type\":\"Person\",\"@id\":\"https:\/\/colegioarquitectos.com\/noticias\/#\/schema\/person\/685cc0aad148303c5608f049af8285ad\",\"name\":\"Colegio de Arquitectos de Chile\",\"url\":\"https:\/\/colegioarquitectos.com\/noticias\/?author=4\"}]}<\/script>\n<!-- \/ Yoast SEO plugin. -->","yoast_head_json":{"title":"South American Masterclass se realizar\u00e1 por primera vez en Chile: Arquitectos de todo el mundo se dar\u00e1n cita en Chilo\u00e9 - COLEGIO DE ARQUITECTOS DE CHILE","robots":{"index":"index","follow":"follow","max-snippet":"max-snippet:-1","max-image-preview":"max-image-preview:large","max-video-preview":"max-video-preview:-1"},"canonical":"https:\/\/colegioarquitectos.com\/noticias\/?p=23594","og_locale":"es_ES","og_type":"article","og_title":"South American Masterclass se realizar\u00e1 por primera vez en Chile: Arquitectos de todo el mundo se dar\u00e1n cita en Chilo\u00e9 - COLEGIO DE ARQUITECTOS DE CHILE","og_description":"Chilo\u00e9 ser\u00e1 anfitri\u00f3n del South American Masterclass, inspirado en el programa australiano que hace 20 a\u00f1os cre\u00f3 el premio Pritzker, Glenn Murcutt. Una iniciativa que hoy se imparte en Finlandia, Escocia, Estados Unidos, entre otros pa\u00edses. El encuentro acad\u00e9mico que &hellip; ver m\u00e1s","og_url":"https:\/\/colegioarquitectos.com\/noticias\/?p=23594","og_site_name":"COLEGIO DE ARQUITECTOS DE CHILE","article_publisher":"https:\/\/facebook.com\/Colegioarq\/","article_published_time":"2019-07-04T14:31:09+00:00","og_image":[{"width":690,"height":350,"url":"https:\/\/colegioarquitectos.com\/noticias\/wp-content\/uploads\/2019\/07\/Encabezado-Chilo\u00e9.png","type":"image\/png"}],"author":"Colegio de Arquitectos de Chile","twitter_card":"summary_large_image","twitter_creator":"@colegioarq","twitter_site":"@colegioarq","twitter_misc":{"Escrito por":"Colegio de Arquitectos de Chile","Tiempo de lectura":"2 minutos"},"schema":{"@context":"https:\/\/schema.org","@graph":[{"@type":"Article","@id":"https:\/\/colegioarquitectos.com\/noticias\/?p=23594#article","isPartOf":{"@id":"https:\/\/colegioarquitectos.com\/noticias\/?p=23594"},"author":{"name":"Colegio de Arquitectos de Chile","@id":"https:\/\/colegioarquitectos.com\/noticias\/#\/schema\/person\/685cc0aad148303c5608f049af8285ad"},"headline":"South American Masterclass se realizar\u00e1 por primera vez en Chile: Arquitectos de todo el mundo se dar\u00e1n cita en Chilo\u00e9","datePublished":"2019-07-04T14:31:09+00:00","dateModified":"2019-07-04T14:31:09+00:00","mainEntityOfPage":{"@id":"https:\/\/colegioarquitectos.com\/noticias\/?p=23594"},"wordCount":401,"publisher":{"@id":"https:\/\/colegioarquitectos.com\/noticias\/#organization"},"image":{"@id":"https:\/\/colegioarquitectos.com\/noticias\/?p=23594#primaryimage"},"thumbnailUrl":"https:\/\/colegioarquitectos.com\/noticias\/wp-content\/uploads\/2019\/07\/Encabezado-Chilo\u00e9.png","articleSection":["Delegaciones"],"inLanguage":"es"},{"@type":"WebPage","@id":"https:\/\/colegioarquitectos.com\/noticias\/?p=23594","url":"https:\/\/colegioarquitectos.com\/noticias\/?p=23594","name":"South American Masterclass se realizar\u00e1 por primera vez en Chile: Arquitectos de todo el mundo se dar\u00e1n cita en Chilo\u00e9 - COLEGIO DE ARQUITECTOS DE CHILE","isPartOf":{"@id":"https:\/\/colegioarquitectos.com\/noticias\/#website"},"primaryImageOfPage":{"@id":"https:\/\/colegioarquitectos.com\/noticias\/?p=23594#primaryimage"},"image":{"@id":"https:\/\/colegioarquitectos.com\/noticias\/?p=23594#primaryimage"},"thumbnailUrl":"https:\/\/colegioarquitectos.com\/noticias\/wp-content\/uploads\/2019\/07\/Encabezado-Chilo\u00e9.png","datePublished":"2019-07-04T14:31:09+00:00","dateModified":"2019-07-04T14:31:09+00:00","breadcrumb":{"@id":"https:\/\/colegioarquitectos.com\/noticias\/?p=23594#breadcrumb"},"inLanguage":"es","potentialAction":[{"@type":"ReadAction","target":["https:\/\/colegioarquitectos.com\/noticias\/?p=23594"]}]},{"@type":"ImageObject","inLanguage":"es","@id":"https:\/\/colegioarquitectos.com\/noticias\/?p=23594#primaryimage","url":"https:\/\/colegioarquitectos.com\/noticias\/wp-content\/uploads\/2019\/07\/Encabezado-Chilo\u00e9.png","contentUrl":"https:\/\/colegioarquitectos.com\/noticias\/wp-content\/uploads\/2019\/07\/Encabezado-Chilo\u00e9.png","width":690,"height":350},{"@type":"BreadcrumbList","@id":"https:\/\/colegioarquitectos.com\/noticias\/?p=23594#breadcrumb","itemListElement":[{"@type":"ListItem","position":1,"name":"Portada","item":"https:\/\/colegioarquitectos.com\/noticias"},{"@type":"ListItem","position":2,"name":"South American Masterclass se realizar\u00e1 por primera vez en Chile: Arquitectos de todo el mundo se dar\u00e1n cita en Chilo\u00e9"}]},{"@type":"WebSite","@id":"https:\/\/colegioarquitectos.com\/noticias\/#website","url":"https:\/\/colegioarquitectos.com\/noticias\/","name":"COLEGIO DE ARQUITECTOS DE CHILE","description":"","publisher":{"@id":"https:\/\/colegioarquitectos.com\/noticias\/#organization"},"potentialAction":[{"@type":"SearchAction","target":{"@type":"EntryPoint","urlTemplate":"https:\/\/colegioarquitectos.com\/noticias\/?s={search_term_string}"},"query-input":{"@type":"PropertyValueSpecification","valueRequired":true,"valueName":"search_term_string"}}],"inLanguage":"es"},{"@type":"Organization","@id":"https:\/\/colegioarquitectos.com\/noticias\/#organization","name":"COLEGIO DE ARQUITECTOS DE CHILE","url":"https:\/\/colegioarquitectos.com\/noticias\/","logo":{"@type":"ImageObject","inLanguage":"es","@id":"https:\/\/colegioarquitectos.com\/noticias\/#\/schema\/logo\/image\/","url":"https:\/\/colegioarquitectos.com\/noticias\/wp-content\/uploads\/2021\/05\/ENCABEZADO-LOGO-CA.jpg","contentUrl":"https:\/\/colegioarquitectos.com\/noticias\/wp-content\/uploads\/2021\/05\/ENCABEZADO-LOGO-CA.jpg","width":690,"height":350,"caption":"COLEGIO DE ARQUITECTOS DE CHILE"},"image":{"@id":"https:\/\/colegioarquitectos.com\/noticias\/#\/schema\/logo\/image\/"},"sameAs":["https:\/\/facebook.com\/Colegioarq\/","https:\/\/x.com\/colegioarq","https:\/\/instagram.com\/colegioarq","https:\/\/youtube.com\/@ColegiodeArquitectosdeChile"]},{"@type":"Person","@id":"https:\/\/colegioarquitectos.com\/noticias\/#\/schema\/person\/685cc0aad148303c5608f049af8285ad","name":"Colegio de Arquitectos de Chile","url":"https:\/\/colegioarquitectos.com\/noticias\/?author=4"}]}},"_links":{"self":[{"href":"https:\/\/colegioarquitectos.com\/noticias\/index.php?rest_route=\/wp\/v2\/posts\/23594","targetHints":{"allow":["GET"]}}],"collection":[{"href":"https:\/\/colegioarquitectos.com\/noticias\/index.php?rest_route=\/wp\/v2\/posts"}],"about":[{"href":"https:\/\/colegioarquitectos.com\/noticias\/index.php?rest_route=\/wp\/v2\/types\/post"}],"author":[{"embeddable":true,"href":"https:\/\/colegioarquitectos.com\/noticias\/index.php?rest_route=\/wp\/v2\/users\/4"}],"replies":[{"embeddable":true,"href":"https:\/\/colegioarquitectos.com\/noticias\/index.php?rest_route=%2Fwp%2Fv2%2Fcomments&post=23594"}],"version-history":[{"count":0,"href":"https:\/\/colegioarquitectos.com\/noticias\/index.php?rest_route=\/wp\/v2\/posts\/23594\/revisions"}],"wp:featuredmedia":[{"embeddable":true,"href":"https:\/\/colegioarquitectos.com\/noticias\/index.php?rest_route=\/wp\/v2\/media\/23595"}],"wp:attachment":[{"href":"https:\/\/colegioarquitectos.com\/noticias\/index.php?rest_route=%2Fwp%2Fv2%2Fmedia&parent=23594"}],"wp:term":[{"taxonomy":"category","embeddable":true,"href":"https:\/\/colegioarquitectos.com\/noticias\/index.php?rest_route=%2Fwp%2Fv2%2Fcategories&post=23594"},{"taxonomy":"post_tag","embeddable":true,"href":"https:\/\/colegioarquitectos.com\/noticias\/index.php?rest_route=%2Fwp%2Fv2%2Ftags&post=23594"}],"curies":[{"name":"wp","href":"https:\/\/api.w.org\/{rel}","templated":true}]}}