
{"id":23623,"date":"2019-07-11T18:08:54","date_gmt":"2019-07-11T18:08:54","guid":{"rendered":"http:\/\/colegioarquitectos.com\/?p=23623"},"modified":"2019-07-11T18:08:54","modified_gmt":"2019-07-11T18:08:54","slug":"se-realizara-el-seminario-la-urgencia-de-una-accion-climatica-en-las-edificaciones-hacia-la-cop-25","status":"publish","type":"post","link":"https:\/\/colegioarquitectos.com\/noticias\/?p=23623","title":{"rendered":"Se realizar\u00e1 el seminario \u00abLa urgencia de una acci\u00f3n clim\u00e1tica en las edificaciones: hacia la COP 25\u00bb"},"content":{"rendered":"<p>El pr\u00f3ximo <strong>mi\u00e9rcoles 24 de julio<\/strong>, entre las <strong>8:30 y las 13:00 horas<\/strong>, en el Hotel Renaissance (Avenida Presidente Kennedy 4700, Vitacura) se realizar\u00e1 el seminario <strong>\u00abLa urgencia de una acci\u00f3n clim\u00e1tica en las edificaciones: hacia la COP 25\u00bb<\/strong>.<\/p>\n<p>El seminario tiene como objetivo comunicar los <strong>desaf\u00edos que afrontan las edificaciones en sus etapas de dise\u00f1o y construcci\u00f3n para enfrentar el cambio clim\u00e1tico de cara a la realizaci\u00f3n de la COP25<\/strong> que se llevar\u00e1 a cabo en Chile.<\/p>\n<p>En la actividad, de car\u00e1cter gratuito, participar\u00e1 <strong>Comit\u00e9 de Sustentabilidad<\/strong> del Colegio de Arquitectos de Chile. Puedes inscribirte en <a href=\"mailto:capacitaciones@aiguasol.cl\"><strong>capacitaciones@aiguasol.cl<\/strong><\/a><\/p>\n<p>&nbsp;<\/p>\n<h2>Programa<\/h2>\n<p><strong>8:30 a 9:00:<\/strong> Llegada de asistentes<\/p>\n<p>&nbsp;<\/p>\n<p><strong>9:00 a 9:20:<\/strong> Bienvenida y Presentaci\u00f3n Seminario Hotel Renaissance:<\/p>\n<p>\u00abEvoluci\u00f3n y estrategias de adaptaci\u00f3n de edificaciones en la \u00faltima d\u00e9cada\u00bb<\/p>\n<p>&nbsp;<\/p>\n<p><strong>9:20 a 9:45:<\/strong> Expositor: Comit\u00e9 Sustentabilidad Colegio Arquitectos:<\/p>\n<p>\u00abDesaf\u00edos para el sector de edificaci\u00f3n frente al cambio clim\u00e1tico\u00bb<\/p>\n<p>&nbsp;<\/p>\n<p><strong>9:45 a 10:15:<\/strong> Expositor: Certificaci\u00f3n CES:<\/p>\n<p>\u00abAporte de la certificaci\u00f3n CES a las NDC de Chile\u00bb<\/p>\n<p>&nbsp;<\/p>\n<p><strong>10:15 a 10:45:<\/strong> Expositor: Secretar\u00eda Ejecutiva Construcci\u00f3n Sustentable MINVU:<\/p>\n<p>\u00abCiudades sustentables y resilientes con enfoque de adaptaci\u00f3n y mitigaci\u00f3n en el marco de una econom\u00eda circular\u00bb<\/p>\n<p>&nbsp;<\/p>\n<p><strong>10:45 a 11:00:<\/strong> Mesa Redonda<\/p>\n<p>&nbsp;<\/p>\n<p><strong>11:00 a 11:30:<\/strong> Coffee Break<\/p>\n<p>&nbsp;<\/p>\n<p><strong>11:30 a 11:50:<\/strong> Expositor: Chile GBC:<\/p>\n<p>\u00abPrograma Global Advancing Net Zero: Hoja de ruta para descarbonizar el entorno construido\u00bb<\/p>\n<p>&nbsp;<\/p>\n<p><strong>11:50 a 12:15:<\/strong> Expositor: Aiguasol:<\/p>\n<p>\u00abCasos de estudio de implementaci\u00f3n de eficiencia energ\u00e9tica y Energ\u00eda Distrital para mitigaci\u00f3n de emisiones\u00bb<\/p>\n<p>&nbsp;<\/p>\n<p><strong>12:15 a 12:40:<\/strong> Expositor: \u00c1rea Sustentabilidad CDT:<\/p>\n<p>\u00abTendencias en econom\u00eda circular y acci\u00f3n frente al clima: Oportunidades de Innovaci\u00f3n en construcci\u00f3n\u00bb<\/p>\n<p>&nbsp;<\/p>\n<p><strong>12:40 a 13:00:<\/strong> Mesa Redonda y cierre Seminario<\/p>\n<p>&nbsp;<\/p>\n<p><img loading=\"lazy\" decoding=\"async\" class=\"aligncenter size-large wp-image-23626\" src=\"http:\/\/colegioarquitectos.com\/noticias\/wp-content\/uploads\/2019\/07\/Afiche-seminario-Acci\u00f3n-clim\u00e1tica-576x1024.jpg\" alt=\"\" width=\"576\" height=\"1024\" srcset=\"https:\/\/colegioarquitectos.com\/noticias\/wp-content\/uploads\/2019\/07\/Afiche-seminario-Acci\u00f3n-clim\u00e1tica-576x1024.jpg 576w, https:\/\/colegioarquitectos.com\/noticias\/wp-content\/uploads\/2019\/07\/Afiche-seminario-Acci\u00f3n-clim\u00e1tica-169x300.jpg 169w, https:\/\/colegioarquitectos.com\/noticias\/wp-content\/uploads\/2019\/07\/Afiche-seminario-Acci\u00f3n-clim\u00e1tica-768x1365.jpg 768w\" sizes=\"auto, (max-width: 576px) 100vw, 576px\" \/><\/p>\n<p><\/p>","protected":false},"excerpt":{"rendered":"<p>El pr\u00f3ximo mi\u00e9rcoles 24 de julio, entre las 8:30 y las 13:00 horas, en el Hotel Renaissance (Avenida Presidente Kennedy 4700, Vitacura) se realizar\u00e1 el seminario \u00abLa urgencia de una acci\u00f3n clim\u00e1tica en las edificaciones: hacia la COP 25\u00bb. El &hellip; <a class=\"more-link\" href=\"https:\/\/colegioarquitectos.com\/noticias\/?p=23623\">ver m\u00e1s<\/a><\/p>","protected":false},"author":4,"featured_media":23625,"comment_status":"closed","ping_status":"closed","sticky":false,"template":"","format":"standard","meta":{"footnotes":""},"categories":[19],"tags":[],"class_list":["post-23623","post","type-post","status-publish","format-standard","has-post-thumbnail","hentry","category-actividades"],"yoast_head":"<!-- This site is optimized with the Yoast SEO plugin v24.2 - https:\/\/yoast.com\/wordpress\/plugins\/seo\/ -->\n<title>Se realizar\u00e1 el seminario \u00abLa urgencia de una acci\u00f3n clim\u00e1tica en las edificaciones: hacia la COP 25\u00bb - COLEGIO DE ARQUITECTOS DE CHILE<\/title>\n<meta name=\"robots\" content=\"index, follow, max-snippet:-1, max-image-preview:large, max-video-preview:-1\" \/>\n<link rel=\"canonical\" href=\"https:\/\/colegioarquitectos.com\/noticias\/?p=23623\" \/>\n<meta property=\"og:locale\" content=\"es_ES\" \/>\n<meta property=\"og:type\" content=\"article\" \/>\n<meta property=\"og:title\" content=\"Se realizar\u00e1 el seminario \u00abLa urgencia de una acci\u00f3n clim\u00e1tica en las edificaciones: hacia la COP 25\u00bb - COLEGIO DE ARQUITECTOS DE CHILE\" \/>\n<meta property=\"og:description\" content=\"El pr\u00f3ximo mi\u00e9rcoles 24 de julio, entre las 8:30 y las 13:00 horas, en el Hotel Renaissance (Avenida Presidente Kennedy 4700, Vitacura) se realizar\u00e1 el seminario \u00abLa urgencia de una acci\u00f3n clim\u00e1tica en las edificaciones: hacia la COP 25\u00bb. El &hellip; ver m\u00e1s\" \/>\n<meta property=\"og:url\" content=\"https:\/\/colegioarquitectos.com\/noticias\/?p=23623\" \/>\n<meta property=\"og:site_name\" content=\"COLEGIO DE ARQUITECTOS DE CHILE\" \/>\n<meta property=\"article:publisher\" content=\"https:\/\/facebook.com\/Colegioarq\/\" \/>\n<meta property=\"article:published_time\" content=\"2019-07-11T18:08:54+00:00\" \/>\n<meta property=\"og:image\" content=\"https:\/\/colegioarquitectos.com\/noticias\/wp-content\/uploads\/2019\/07\/encabezado.jpg\" \/>\n\t<meta property=\"og:image:width\" content=\"690\" \/>\n\t<meta property=\"og:image:height\" content=\"350\" \/>\n\t<meta property=\"og:image:type\" content=\"image\/jpeg\" \/>\n<meta name=\"author\" content=\"Colegio de Arquitectos de Chile\" \/>\n<meta name=\"twitter:card\" content=\"summary_large_image\" \/>\n<meta name=\"twitter:creator\" content=\"@colegioarq\" \/>\n<meta name=\"twitter:site\" content=\"@colegioarq\" \/>\n<meta name=\"twitter:label1\" content=\"Escrito por\" \/>\n\t<meta name=\"twitter:data1\" content=\"Colegio de Arquitectos de Chile\" \/>\n\t<meta name=\"twitter:label2\" content=\"Tiempo de lectura\" \/>\n\t<meta name=\"twitter:data2\" content=\"1 minuto\" \/>\n<script type=\"application\/ld+json\" class=\"yoast-schema-graph\">{\"@context\":\"https:\/\/schema.org\",\"@graph\":[{\"@type\":\"Article\",\"@id\":\"https:\/\/colegioarquitectos.com\/noticias\/?p=23623#article\",\"isPartOf\":{\"@id\":\"https:\/\/colegioarquitectos.com\/noticias\/?p=23623\"},\"author\":{\"name\":\"Colegio de Arquitectos de Chile\",\"@id\":\"https:\/\/colegioarquitectos.com\/noticias\/#\/schema\/person\/685cc0aad148303c5608f049af8285ad\"},\"headline\":\"Se realizar\u00e1 el seminario \u00abLa urgencia de una acci\u00f3n clim\u00e1tica en las edificaciones: hacia la COP 25\u00bb\",\"datePublished\":\"2019-07-11T18:08:54+00:00\",\"dateModified\":\"2019-07-11T18:08:54+00:00\",\"mainEntityOfPage\":{\"@id\":\"https:\/\/colegioarquitectos.com\/noticias\/?p=23623\"},\"wordCount\":300,\"publisher\":{\"@id\":\"https:\/\/colegioarquitectos.com\/noticias\/#organization\"},\"image\":{\"@id\":\"https:\/\/colegioarquitectos.com\/noticias\/?p=23623#primaryimage\"},\"thumbnailUrl\":\"https:\/\/colegioarquitectos.com\/noticias\/wp-content\/uploads\/2019\/07\/encabezado.jpg\",\"articleSection\":[\"Actividades\"],\"inLanguage\":\"es\"},{\"@type\":\"WebPage\",\"@id\":\"https:\/\/colegioarquitectos.com\/noticias\/?p=23623\",\"url\":\"https:\/\/colegioarquitectos.com\/noticias\/?p=23623\",\"name\":\"Se realizar\u00e1 el seminario \u00abLa urgencia de una acci\u00f3n clim\u00e1tica en las edificaciones: hacia la COP 25\u00bb - COLEGIO DE ARQUITECTOS DE CHILE\",\"isPartOf\":{\"@id\":\"https:\/\/colegioarquitectos.com\/noticias\/#website\"},\"primaryImageOfPage\":{\"@id\":\"https:\/\/colegioarquitectos.com\/noticias\/?p=23623#primaryimage\"},\"image\":{\"@id\":\"https:\/\/colegioarquitectos.com\/noticias\/?p=23623#primaryimage\"},\"thumbnailUrl\":\"https:\/\/colegioarquitectos.com\/noticias\/wp-content\/uploads\/2019\/07\/encabezado.jpg\",\"datePublished\":\"2019-07-11T18:08:54+00:00\",\"dateModified\":\"2019-07-11T18:08:54+00:00\",\"breadcrumb\":{\"@id\":\"https:\/\/colegioarquitectos.com\/noticias\/?p=23623#breadcrumb\"},\"inLanguage\":\"es\",\"potentialAction\":[{\"@type\":\"ReadAction\",\"target\":[\"https:\/\/colegioarquitectos.com\/noticias\/?p=23623\"]}]},{\"@type\":\"ImageObject\",\"inLanguage\":\"es\",\"@id\":\"https:\/\/colegioarquitectos.com\/noticias\/?p=23623#primaryimage\",\"url\":\"https:\/\/colegioarquitectos.com\/noticias\/wp-content\/uploads\/2019\/07\/encabezado.jpg\",\"contentUrl\":\"https:\/\/colegioarquitectos.com\/noticias\/wp-content\/uploads\/2019\/07\/encabezado.jpg\",\"width\":690,\"height\":350},{\"@type\":\"BreadcrumbList\",\"@id\":\"https:\/\/colegioarquitectos.com\/noticias\/?p=23623#breadcrumb\",\"itemListElement\":[{\"@type\":\"ListItem\",\"position\":1,\"name\":\"Portada\",\"item\":\"https:\/\/colegioarquitectos.com\/noticias\"},{\"@type\":\"ListItem\",\"position\":2,\"name\":\"Se realizar\u00e1 el seminario \u00abLa urgencia de una acci\u00f3n clim\u00e1tica en las edificaciones: hacia la COP 25\u00bb\"}]},{\"@type\":\"WebSite\",\"@id\":\"https:\/\/colegioarquitectos.com\/noticias\/#website\",\"url\":\"https:\/\/colegioarquitectos.com\/noticias\/\",\"name\":\"COLEGIO DE ARQUITECTOS DE CHILE\",\"description\":\"\",\"publisher\":{\"@id\":\"https:\/\/colegioarquitectos.com\/noticias\/#organization\"},\"potentialAction\":[{\"@type\":\"SearchAction\",\"target\":{\"@type\":\"EntryPoint\",\"urlTemplate\":\"https:\/\/colegioarquitectos.com\/noticias\/?s={search_term_string}\"},\"query-input\":{\"@type\":\"PropertyValueSpecification\",\"valueRequired\":true,\"valueName\":\"search_term_string\"}}],\"inLanguage\":\"es\"},{\"@type\":\"Organization\",\"@id\":\"https:\/\/colegioarquitectos.com\/noticias\/#organization\",\"name\":\"COLEGIO DE ARQUITECTOS DE CHILE\",\"url\":\"https:\/\/colegioarquitectos.com\/noticias\/\",\"logo\":{\"@type\":\"ImageObject\",\"inLanguage\":\"es\",\"@id\":\"https:\/\/colegioarquitectos.com\/noticias\/#\/schema\/logo\/image\/\",\"url\":\"https:\/\/colegioarquitectos.com\/noticias\/wp-content\/uploads\/2021\/05\/ENCABEZADO-LOGO-CA.jpg\",\"contentUrl\":\"https:\/\/colegioarquitectos.com\/noticias\/wp-content\/uploads\/2021\/05\/ENCABEZADO-LOGO-CA.jpg\",\"width\":690,\"height\":350,\"caption\":\"COLEGIO DE ARQUITECTOS DE CHILE\"},\"image\":{\"@id\":\"https:\/\/colegioarquitectos.com\/noticias\/#\/schema\/logo\/image\/\"},\"sameAs\":[\"https:\/\/facebook.com\/Colegioarq\/\",\"https:\/\/x.com\/colegioarq\",\"https:\/\/instagram.com\/colegioarq\",\"https:\/\/youtube.com\/@ColegiodeArquitectosdeChile\"]},{\"@type\":\"Person\",\"@id\":\"https:\/\/colegioarquitectos.com\/noticias\/#\/schema\/person\/685cc0aad148303c5608f049af8285ad\",\"name\":\"Colegio de Arquitectos de Chile\",\"url\":\"https:\/\/colegioarquitectos.com\/noticias\/?author=4\"}]}<\/script>\n<!-- \/ Yoast SEO plugin. -->","yoast_head_json":{"title":"Se realizar\u00e1 el seminario \u00abLa urgencia de una acci\u00f3n clim\u00e1tica en las edificaciones: hacia la COP 25\u00bb - COLEGIO DE ARQUITECTOS DE CHILE","robots":{"index":"index","follow":"follow","max-snippet":"max-snippet:-1","max-image-preview":"max-image-preview:large","max-video-preview":"max-video-preview:-1"},"canonical":"https:\/\/colegioarquitectos.com\/noticias\/?p=23623","og_locale":"es_ES","og_type":"article","og_title":"Se realizar\u00e1 el seminario \u00abLa urgencia de una acci\u00f3n clim\u00e1tica en las edificaciones: hacia la COP 25\u00bb - COLEGIO DE ARQUITECTOS DE CHILE","og_description":"El pr\u00f3ximo mi\u00e9rcoles 24 de julio, entre las 8:30 y las 13:00 horas, en el Hotel Renaissance (Avenida Presidente Kennedy 4700, Vitacura) se realizar\u00e1 el seminario \u00abLa urgencia de una acci\u00f3n clim\u00e1tica en las edificaciones: hacia la COP 25\u00bb. El &hellip; ver m\u00e1s","og_url":"https:\/\/colegioarquitectos.com\/noticias\/?p=23623","og_site_name":"COLEGIO DE ARQUITECTOS DE CHILE","article_publisher":"https:\/\/facebook.com\/Colegioarq\/","article_published_time":"2019-07-11T18:08:54+00:00","og_image":[{"width":690,"height":350,"url":"https:\/\/colegioarquitectos.com\/noticias\/wp-content\/uploads\/2019\/07\/encabezado.jpg","type":"image\/jpeg"}],"author":"Colegio de Arquitectos de Chile","twitter_card":"summary_large_image","twitter_creator":"@colegioarq","twitter_site":"@colegioarq","twitter_misc":{"Escrito por":"Colegio de Arquitectos de Chile","Tiempo de lectura":"1 minuto"},"schema":{"@context":"https:\/\/schema.org","@graph":[{"@type":"Article","@id":"https:\/\/colegioarquitectos.com\/noticias\/?p=23623#article","isPartOf":{"@id":"https:\/\/colegioarquitectos.com\/noticias\/?p=23623"},"author":{"name":"Colegio de Arquitectos de Chile","@id":"https:\/\/colegioarquitectos.com\/noticias\/#\/schema\/person\/685cc0aad148303c5608f049af8285ad"},"headline":"Se realizar\u00e1 el seminario \u00abLa urgencia de una acci\u00f3n clim\u00e1tica en las edificaciones: hacia la COP 25\u00bb","datePublished":"2019-07-11T18:08:54+00:00","dateModified":"2019-07-11T18:08:54+00:00","mainEntityOfPage":{"@id":"https:\/\/colegioarquitectos.com\/noticias\/?p=23623"},"wordCount":300,"publisher":{"@id":"https:\/\/colegioarquitectos.com\/noticias\/#organization"},"image":{"@id":"https:\/\/colegioarquitectos.com\/noticias\/?p=23623#primaryimage"},"thumbnailUrl":"https:\/\/colegioarquitectos.com\/noticias\/wp-content\/uploads\/2019\/07\/encabezado.jpg","articleSection":["Actividades"],"inLanguage":"es"},{"@type":"WebPage","@id":"https:\/\/colegioarquitectos.com\/noticias\/?p=23623","url":"https:\/\/colegioarquitectos.com\/noticias\/?p=23623","name":"Se realizar\u00e1 el seminario \u00abLa urgencia de una acci\u00f3n clim\u00e1tica en las edificaciones: hacia la COP 25\u00bb - COLEGIO DE ARQUITECTOS DE CHILE","isPartOf":{"@id":"https:\/\/colegioarquitectos.com\/noticias\/#website"},"primaryImageOfPage":{"@id":"https:\/\/colegioarquitectos.com\/noticias\/?p=23623#primaryimage"},"image":{"@id":"https:\/\/colegioarquitectos.com\/noticias\/?p=23623#primaryimage"},"thumbnailUrl":"https:\/\/colegioarquitectos.com\/noticias\/wp-content\/uploads\/2019\/07\/encabezado.jpg","datePublished":"2019-07-11T18:08:54+00:00","dateModified":"2019-07-11T18:08:54+00:00","breadcrumb":{"@id":"https:\/\/colegioarquitectos.com\/noticias\/?p=23623#breadcrumb"},"inLanguage":"es","potentialAction":[{"@type":"ReadAction","target":["https:\/\/colegioarquitectos.com\/noticias\/?p=23623"]}]},{"@type":"ImageObject","inLanguage":"es","@id":"https:\/\/colegioarquitectos.com\/noticias\/?p=23623#primaryimage","url":"https:\/\/colegioarquitectos.com\/noticias\/wp-content\/uploads\/2019\/07\/encabezado.jpg","contentUrl":"https:\/\/colegioarquitectos.com\/noticias\/wp-content\/uploads\/2019\/07\/encabezado.jpg","width":690,"height":350},{"@type":"BreadcrumbList","@id":"https:\/\/colegioarquitectos.com\/noticias\/?p=23623#breadcrumb","itemListElement":[{"@type":"ListItem","position":1,"name":"Portada","item":"https:\/\/colegioarquitectos.com\/noticias"},{"@type":"ListItem","position":2,"name":"Se realizar\u00e1 el seminario \u00abLa urgencia de una acci\u00f3n clim\u00e1tica en las edificaciones: hacia la COP 25\u00bb"}]},{"@type":"WebSite","@id":"https:\/\/colegioarquitectos.com\/noticias\/#website","url":"https:\/\/colegioarquitectos.com\/noticias\/","name":"COLEGIO DE ARQUITECTOS DE CHILE","description":"","publisher":{"@id":"https:\/\/colegioarquitectos.com\/noticias\/#organization"},"potentialAction":[{"@type":"SearchAction","target":{"@type":"EntryPoint","urlTemplate":"https:\/\/colegioarquitectos.com\/noticias\/?s={search_term_string}"},"query-input":{"@type":"PropertyValueSpecification","valueRequired":true,"valueName":"search_term_string"}}],"inLanguage":"es"},{"@type":"Organization","@id":"https:\/\/colegioarquitectos.com\/noticias\/#organization","name":"COLEGIO DE ARQUITECTOS DE CHILE","url":"https:\/\/colegioarquitectos.com\/noticias\/","logo":{"@type":"ImageObject","inLanguage":"es","@id":"https:\/\/colegioarquitectos.com\/noticias\/#\/schema\/logo\/image\/","url":"https:\/\/colegioarquitectos.com\/noticias\/wp-content\/uploads\/2021\/05\/ENCABEZADO-LOGO-CA.jpg","contentUrl":"https:\/\/colegioarquitectos.com\/noticias\/wp-content\/uploads\/2021\/05\/ENCABEZADO-LOGO-CA.jpg","width":690,"height":350,"caption":"COLEGIO DE ARQUITECTOS DE CHILE"},"image":{"@id":"https:\/\/colegioarquitectos.com\/noticias\/#\/schema\/logo\/image\/"},"sameAs":["https:\/\/facebook.com\/Colegioarq\/","https:\/\/x.com\/colegioarq","https:\/\/instagram.com\/colegioarq","https:\/\/youtube.com\/@ColegiodeArquitectosdeChile"]},{"@type":"Person","@id":"https:\/\/colegioarquitectos.com\/noticias\/#\/schema\/person\/685cc0aad148303c5608f049af8285ad","name":"Colegio de Arquitectos de Chile","url":"https:\/\/colegioarquitectos.com\/noticias\/?author=4"}]}},"_links":{"self":[{"href":"https:\/\/colegioarquitectos.com\/noticias\/index.php?rest_route=\/wp\/v2\/posts\/23623","targetHints":{"allow":["GET"]}}],"collection":[{"href":"https:\/\/colegioarquitectos.com\/noticias\/index.php?rest_route=\/wp\/v2\/posts"}],"about":[{"href":"https:\/\/colegioarquitectos.com\/noticias\/index.php?rest_route=\/wp\/v2\/types\/post"}],"author":[{"embeddable":true,"href":"https:\/\/colegioarquitectos.com\/noticias\/index.php?rest_route=\/wp\/v2\/users\/4"}],"replies":[{"embeddable":true,"href":"https:\/\/colegioarquitectos.com\/noticias\/index.php?rest_route=%2Fwp%2Fv2%2Fcomments&post=23623"}],"version-history":[{"count":0,"href":"https:\/\/colegioarquitectos.com\/noticias\/index.php?rest_route=\/wp\/v2\/posts\/23623\/revisions"}],"wp:featuredmedia":[{"embeddable":true,"href":"https:\/\/colegioarquitectos.com\/noticias\/index.php?rest_route=\/wp\/v2\/media\/23625"}],"wp:attachment":[{"href":"https:\/\/colegioarquitectos.com\/noticias\/index.php?rest_route=%2Fwp%2Fv2%2Fmedia&parent=23623"}],"wp:term":[{"taxonomy":"category","embeddable":true,"href":"https:\/\/colegioarquitectos.com\/noticias\/index.php?rest_route=%2Fwp%2Fv2%2Fcategories&post=23623"},{"taxonomy":"post_tag","embeddable":true,"href":"https:\/\/colegioarquitectos.com\/noticias\/index.php?rest_route=%2Fwp%2Fv2%2Ftags&post=23623"}],"curies":[{"name":"wp","href":"https:\/\/api.w.org\/{rel}","templated":true}]}}