
{"id":23682,"date":"2019-07-30T20:34:04","date_gmt":"2019-07-30T20:34:04","guid":{"rendered":"http:\/\/colegioarquitectos.com\/?p=23682"},"modified":"2019-07-30T20:34:04","modified_gmt":"2019-07-30T20:34:04","slug":"se-lanzo-el-concurso-para-estudiantes-proyectar-a-conciencia-3-0-en-el-marco-de-un-nuevo-dialogos-a-conciencia","status":"publish","type":"post","link":"https:\/\/colegioarquitectos.com\/noticias\/?p=23682","title":{"rendered":"Se lanz\u00f3 el Concurso para estudiantes \u00abProyectar a Conciencia\u00bb 3.0 en el marco de un nuevo \u00abDi\u00e1logos a Conciencia\u00bb"},"content":{"rendered":"<p>En el marco del lanzamiento del <strong>Concurso para estudiantes \u00abProyectar a Conciencia\u00bb 3.0<\/strong> se realiz\u00f3 en la sede nacional del <strong>Colegio de Arquitectos de Chile<\/strong> una nueva versi\u00f3n del conversatorio <strong>\u00abDi\u00e1logos a Conciencia\u00bb<\/strong>. El evento, que fue moderado por el periodista <strong>Rodrigo Guendelman<\/strong>, se desarroll\u00f3 como un encuentro entre arquitectos chilenos y los representantes ministeriales dentro del jurado de \u00abProyectar a Conciencia\u00bb.<\/p>\n<p>\u00abDi\u00e1logos a Conciencia\u00bb gir\u00f3 en torno a las acciones p\u00fablicas en la generaci\u00f3n de mecanismos legales para combatir el cambio clim\u00e1tico y la cercan\u00eda del concurso a su instancia de ejecuci\u00f3n. En resumen: <strong>\u00abRecursos hay. Faltan proyectos\u00bb.<\/strong><\/p>\n<p>La condici\u00f3n de <strong>\u00abestudiante\u00bb<\/strong> \u00a0por la cual pasa el futuro arquitecto durante sus a\u00f1os en la Universidad, <strong>presenta inimaginables posibilidades de aporte y acci\u00f3n contra el cambio clim\u00e1tico<\/strong>. La disposici\u00f3n de tiempo, recursos acad\u00e9micos y energ\u00eda, paralelo al bajo o nulo gasto fijo del joven profesional,<strong> le brinda las herramientas necesarias para generar una suerte de \u00abby-pass\u00bb \u00a0o \u00abcircunvalaci\u00f3n\u00bb al proceso de identificaci\u00f3n del caso, levantamiento o diagn\u00f3stico, generaci\u00f3n y documentaci\u00f3n del proyecto<\/strong>, que lo deja con ventaja en relaci\u00f3n a las organizaciones de profesionales adultos.<\/p>\n<p>Continuando la intenci\u00f3n del concurso organizado por <strong>STO<\/strong> de poner sobre la mesa acad\u00e9mica el subsidio socio-medioambiental y acercar al futuro arquitecto a los mecanismos de los cuales puede tomarse para crecer econ\u00f3mica y profesionalmente, <strong>se plantea para \u00e9ste 2019 trabajar sobre el \u00abPrograma de Mejoramiento de Barrios\u00bb del ministerio de Vivienda y Urbanismo<\/strong>.<\/p>\n<p>Los concursantes deber\u00e1n proponer un anteproyecto que supla el d\u00e9ficit de vivienda social integrada con vivienda de clase media \u00a0\u2014acompa\u00f1ado de un programa a libre elecci\u00f3n que fomente la integraci\u00f3n socio-cultural y autonom\u00eda econ\u00f3mica del predio\u2014 mediante la intervenci\u00f3n de cualquier tipo de preexistencia, tanto sea un complejo de vivienda social, una agrupaci\u00f3n de viviendas, una cit\u00e9, nave industrial, etc\u2014 utilizando en su intervenci\u00f3n <strong>a) soluciones pasivas como las envolventes StoTherm, cubiertas verdes y sistemas de control de asoleamiento<\/strong> y <strong>b) soluciones activas como colectores solares, paneles fotovoltaicos, etc<\/strong>.<\/p>\n<p>&nbsp;<\/p>\n<h2>Direcci\u00f3n<\/h2>\n<p>Alberto Texido, Director.<\/p>\n<p>Nicol\u00e1s Schultz, Coordinador general.<\/p>\n<p>&nbsp;<\/p>\n<h2>Jurado<\/h2>\n<p>Juan Sabbagh, Enrique Browne, Cristi\u00e1n Undurraga, Francisca Pulido, Mirene Elton, Angela Delorenzo, Mar\u00eda Ines Buzzoni, David Basulto, Soledad Larra\u00edn, Yves Besancon, Yoselin Rozas, Carlos Maillet, Priscilla Ulloa, Erwin Navarrete, m\u00e1s un representante de los concursantes electo seg\u00fan el reglamento del Colegio de Arquitectos.<\/p>\n<p>&nbsp;<\/p>\n<h2>Premios 2019<\/h2>\n<p><strong>Primer premio:<\/strong> 2.500.000 CLP para los estudiantes, 1.500.000 CLP para el arquitecto gu\u00eda.<\/p>\n<p><strong>Segundo premio:<\/strong> 1.500.000 CLP para los estudiantes y 1.000.000 CLP para el arquitecto gu\u00eda.<\/p>\n<p><strong>Tercer premio:<\/strong> 1.000.000 CLP para los estudiantes y 750.000 CLP para el arquitecto gu\u00eda.<\/p>\n<p>&nbsp;<\/p>\n<h2>Premio Especial 2019<\/h2>\n<p>Desde hace 1 d\u00e9cada y aproximadamente cada 2 a\u00f1os, Sto invita a Arquitectos a un viaje arquitect\u00f3nico a Alemania. El arquitecto gu\u00eda que traiga el primer premio, ser\u00e1 invitado en el pr\u00f3ximo tour.<\/p>\n<p>&nbsp;<\/p>\n<h2>Patrocinadores 2019<\/h2>\n<p>Ministerio de Vivienda y Urbanismo | Ministerio de Medioambiente | Ministerio de Energ\u00eda | Ministerio de las Artes, Cultura y Patrimonio | Colegio de Arquitectos de Chile | Asociaci\u00f3n de Oficinas de Arquitectura | Plataforma Arquitectura | Santiago Adicto<\/p>\n<p>&nbsp;<\/p>\n<h2>Calendario 2019<\/h2>\n<p><strong>Cierre de inscripci\u00f3n:<\/strong> 30 de agosto<\/p>\n<p><strong>Entrega:<\/strong> 2 de Diciembre<\/p>\n<p>&nbsp;<\/p>\n<h2>Bases<\/h2>\n<p>Puedes descargar las bases <a href=\"https:\/\/proyectaraconciencia.com\/\"><strong>ac\u00e1<\/strong><\/a>.<\/p>\n<p>&nbsp;<\/p>\n<h2>M\u00e1s informaci\u00f3n<\/h2>\n<p>Sigue el concurso mediante la cuenta de Instagram <a href=\"https:\/\/www.instagram.com\/proyectar.a.conciencia\/\"><strong>@proyectar.a.conciencia<\/strong><\/a> y entra desde tu computador a\u00a0<a href=\"http:\/\/www.proyectaraconciencia.com\/\" target=\"_blank\" rel=\"noopener\" data-saferedirecturl=\"https:\/\/www.google.com\/url?q=http:\/\/www.proyectaraconciencia.com&amp;source=gmail&amp;ust=1564578558498000&amp;usg=AFQjCNF0JIzwJ87pNbkk80Wnw_ada4yYeA\">www.proyectaraconciencia.com<\/a>\u00a0para inscribirte, bajar las bases y conseguir tu c\u00f3digo.<\/p>\n<p>&nbsp;<\/p>\n\n\t\t<style type=\"text\/css\">\n\t\t\t#gallery-1 {\n\t\t\t\tmargin: auto;\n\t\t\t}\n\t\t\t#gallery-1 .gallery-item {\n\t\t\t\tfloat: left;\n\t\t\t\tmargin-top: 10px;\n\t\t\t\ttext-align: center;\n\t\t\t\twidth: 33%;\n\t\t\t}\n\t\t\t#gallery-1 img {\n\t\t\t\tborder: 2px solid #cfcfcf;\n\t\t\t}\n\t\t\t#gallery-1 .gallery-caption {\n\t\t\t\tmargin-left: 0;\n\t\t\t}\n\t\t\t\/* see gallery_shortcode() in wp-includes\/media.php *\/\n\t\t<\/style>\n\t\t<div id='gallery-1' class='gallery galleryid-23682 gallery-columns-3 gallery-size-thumbnail'><dl class='gallery-item'>\n\t\t\t<dt class='gallery-icon landscape'>\n\t\t\t\t<a href='https:\/\/colegioarquitectos.com\/noticias\/?attachment_id=23687'><img loading=\"lazy\" decoding=\"async\" width=\"180\" height=\"180\" src=\"https:\/\/colegioarquitectos.com\/noticias\/wp-content\/uploads\/2019\/07\/MG_7288-180x180.jpg\" class=\"attachment-thumbnail size-thumbnail\" alt=\"\" \/><\/a>\n\t\t\t<\/dt><\/dl><dl class='gallery-item'>\n\t\t\t<dt class='gallery-icon landscape'>\n\t\t\t\t<a href='https:\/\/colegioarquitectos.com\/noticias\/?attachment_id=23688'><img loading=\"lazy\" decoding=\"async\" width=\"180\" height=\"180\" src=\"https:\/\/colegioarquitectos.com\/noticias\/wp-content\/uploads\/2019\/07\/MG_7295-180x180.jpg\" class=\"attachment-thumbnail size-thumbnail\" alt=\"\" \/><\/a>\n\t\t\t<\/dt><\/dl><dl class='gallery-item'>\n\t\t\t<dt class='gallery-icon portrait'>\n\t\t\t\t<a href='https:\/\/colegioarquitectos.com\/noticias\/?attachment_id=23689'><img loading=\"lazy\" decoding=\"async\" width=\"180\" height=\"180\" src=\"https:\/\/colegioarquitectos.com\/noticias\/wp-content\/uploads\/2019\/07\/MG_7302-180x180.jpg\" class=\"attachment-thumbnail size-thumbnail\" alt=\"\" \/><\/a>\n\t\t\t<\/dt><\/dl><br style=\"clear: both\" \/><dl class='gallery-item'>\n\t\t\t<dt class='gallery-icon landscape'>\n\t\t\t\t<a href='https:\/\/colegioarquitectos.com\/noticias\/?attachment_id=23690'><img loading=\"lazy\" decoding=\"async\" width=\"180\" height=\"180\" src=\"https:\/\/colegioarquitectos.com\/noticias\/wp-content\/uploads\/2019\/07\/MG_7304-180x180.jpg\" class=\"attachment-thumbnail size-thumbnail\" alt=\"\" \/><\/a>\n\t\t\t<\/dt><\/dl><dl class='gallery-item'>\n\t\t\t<dt class='gallery-icon landscape'>\n\t\t\t\t<a href='https:\/\/colegioarquitectos.com\/noticias\/?attachment_id=23691'><img loading=\"lazy\" decoding=\"async\" width=\"180\" height=\"180\" src=\"https:\/\/colegioarquitectos.com\/noticias\/wp-content\/uploads\/2019\/07\/MG_7320-180x180.jpg\" class=\"attachment-thumbnail size-thumbnail\" alt=\"\" \/><\/a>\n\t\t\t<\/dt><\/dl><dl class='gallery-item'>\n\t\t\t<dt class='gallery-icon landscape'>\n\t\t\t\t<a href='https:\/\/colegioarquitectos.com\/noticias\/?attachment_id=23692'><img loading=\"lazy\" decoding=\"async\" width=\"180\" height=\"180\" src=\"https:\/\/colegioarquitectos.com\/noticias\/wp-content\/uploads\/2019\/07\/MG_7331-180x180.jpg\" class=\"attachment-thumbnail size-thumbnail\" alt=\"\" \/><\/a>\n\t\t\t<\/dt><\/dl><br style=\"clear: both\" \/><dl class='gallery-item'>\n\t\t\t<dt class='gallery-icon landscape'>\n\t\t\t\t<a href='https:\/\/colegioarquitectos.com\/noticias\/?attachment_id=23693'><img loading=\"lazy\" decoding=\"async\" width=\"180\" height=\"180\" src=\"https:\/\/colegioarquitectos.com\/noticias\/wp-content\/uploads\/2019\/07\/MG_7361-180x180.jpg\" class=\"attachment-thumbnail size-thumbnail\" alt=\"\" \/><\/a>\n\t\t\t<\/dt><\/dl><dl class='gallery-item'>\n\t\t\t<dt class='gallery-icon portrait'>\n\t\t\t\t<a href='https:\/\/colegioarquitectos.com\/noticias\/?attachment_id=23694'><img loading=\"lazy\" decoding=\"async\" width=\"180\" height=\"180\" src=\"https:\/\/colegioarquitectos.com\/noticias\/wp-content\/uploads\/2019\/07\/MG_7366-180x180.jpg\" class=\"attachment-thumbnail size-thumbnail\" alt=\"\" \/><\/a>\n\t\t\t<\/dt><\/dl><dl class='gallery-item'>\n\t\t\t<dt class='gallery-icon landscape'>\n\t\t\t\t<a href='https:\/\/colegioarquitectos.com\/noticias\/?attachment_id=23695'><img loading=\"lazy\" decoding=\"async\" width=\"180\" height=\"180\" src=\"https:\/\/colegioarquitectos.com\/noticias\/wp-content\/uploads\/2019\/07\/MG_7371-180x180.jpg\" class=\"attachment-thumbnail size-thumbnail\" alt=\"\" \/><\/a>\n\t\t\t<\/dt><\/dl><br style=\"clear: both\" \/><dl class='gallery-item'>\n\t\t\t<dt class='gallery-icon landscape'>\n\t\t\t\t<a href='https:\/\/colegioarquitectos.com\/noticias\/?attachment_id=23696'><img loading=\"lazy\" decoding=\"async\" width=\"180\" height=\"180\" src=\"https:\/\/colegioarquitectos.com\/noticias\/wp-content\/uploads\/2019\/07\/MG_7397-180x180.jpg\" class=\"attachment-thumbnail size-thumbnail\" alt=\"\" \/><\/a>\n\t\t\t<\/dt><\/dl><dl class='gallery-item'>\n\t\t\t<dt class='gallery-icon portrait'>\n\t\t\t\t<a href='https:\/\/colegioarquitectos.com\/noticias\/?attachment_id=23697'><img loading=\"lazy\" decoding=\"async\" width=\"180\" height=\"180\" src=\"https:\/\/colegioarquitectos.com\/noticias\/wp-content\/uploads\/2019\/07\/DSC_0145-180x180.jpg\" class=\"attachment-thumbnail size-thumbnail\" alt=\"\" \/><\/a>\n\t\t\t<\/dt><\/dl><dl class='gallery-item'>\n\t\t\t<dt class='gallery-icon landscape'>\n\t\t\t\t<a href='https:\/\/colegioarquitectos.com\/noticias\/?attachment_id=23698'><img loading=\"lazy\" decoding=\"async\" width=\"180\" height=\"180\" src=\"https:\/\/colegioarquitectos.com\/noticias\/wp-content\/uploads\/2019\/07\/DSC_0148-180x180.jpg\" class=\"attachment-thumbnail size-thumbnail\" alt=\"\" \/><\/a>\n\t\t\t<\/dt><\/dl><br style=\"clear: both\" \/><dl class='gallery-item'>\n\t\t\t<dt class='gallery-icon landscape'>\n\t\t\t\t<a href='https:\/\/colegioarquitectos.com\/noticias\/?attachment_id=23699'><img loading=\"lazy\" decoding=\"async\" width=\"180\" height=\"180\" src=\"https:\/\/colegioarquitectos.com\/noticias\/wp-content\/uploads\/2019\/07\/DSC_0152-180x180.jpg\" class=\"attachment-thumbnail size-thumbnail\" alt=\"\" \/><\/a>\n\t\t\t<\/dt><\/dl><dl class='gallery-item'>\n\t\t\t<dt class='gallery-icon landscape'>\n\t\t\t\t<a href='https:\/\/colegioarquitectos.com\/noticias\/?attachment_id=23700'><img loading=\"lazy\" decoding=\"async\" width=\"180\" height=\"180\" src=\"https:\/\/colegioarquitectos.com\/noticias\/wp-content\/uploads\/2019\/07\/DSC_0162-180x180.jpg\" class=\"attachment-thumbnail size-thumbnail\" alt=\"\" \/><\/a>\n\t\t\t<\/dt><\/dl><dl class='gallery-item'>\n\t\t\t<dt class='gallery-icon portrait'>\n\t\t\t\t<a href='https:\/\/colegioarquitectos.com\/noticias\/?attachment_id=23701'><img loading=\"lazy\" decoding=\"async\" width=\"180\" height=\"180\" src=\"https:\/\/colegioarquitectos.com\/noticias\/wp-content\/uploads\/2019\/07\/DSC_0193-180x180.jpg\" class=\"attachment-thumbnail size-thumbnail\" alt=\"\" \/><\/a>\n\t\t\t<\/dt><\/dl><br style=\"clear: both\" \/><dl class='gallery-item'>\n\t\t\t<dt class='gallery-icon portrait'>\n\t\t\t\t<a href='https:\/\/colegioarquitectos.com\/noticias\/?attachment_id=23702'><img loading=\"lazy\" decoding=\"async\" width=\"180\" height=\"180\" src=\"https:\/\/colegioarquitectos.com\/noticias\/wp-content\/uploads\/2019\/07\/DSC_0201-180x180.jpg\" class=\"attachment-thumbnail size-thumbnail\" alt=\"\" \/><\/a>\n\t\t\t<\/dt><\/dl>\n\t\t\t<br style='clear: both' \/>\n\t\t<\/div>\n\n<p>&nbsp;<\/p>\n<p><\/p>","protected":false},"excerpt":{"rendered":"<p>En el marco del lanzamiento del Concurso para estudiantes \u00abProyectar a Conciencia\u00bb 3.0 se realiz\u00f3 en la sede nacional del Colegio de Arquitectos de Chile una nueva versi\u00f3n del conversatorio \u00abDi\u00e1logos a Conciencia\u00bb. El evento, que fue moderado por el &hellip; <a class=\"more-link\" href=\"https:\/\/colegioarquitectos.com\/noticias\/?p=23682\">ver m\u00e1s<\/a><\/p>","protected":false},"author":4,"featured_media":23685,"comment_status":"closed","ping_status":"closed","sticky":false,"template":"","format":"standard","meta":{"footnotes":""},"categories":[19],"tags":[],"class_list":["post-23682","post","type-post","status-publish","format-standard","has-post-thumbnail","hentry","category-actividades"],"yoast_head":"<!-- This site is optimized with the Yoast SEO plugin v24.2 - https:\/\/yoast.com\/wordpress\/plugins\/seo\/ -->\n<title>Se lanz\u00f3 el Concurso para estudiantes \u00abProyectar a Conciencia\u00bb 3.0 en el marco de un nuevo \u00abDi\u00e1logos a Conciencia\u00bb - COLEGIO DE ARQUITECTOS DE CHILE<\/title>\n<meta name=\"robots\" content=\"index, follow, max-snippet:-1, max-image-preview:large, max-video-preview:-1\" \/>\n<link rel=\"canonical\" href=\"https:\/\/colegioarquitectos.com\/noticias\/?p=23682\" \/>\n<meta property=\"og:locale\" content=\"es_ES\" \/>\n<meta property=\"og:type\" content=\"article\" \/>\n<meta property=\"og:title\" content=\"Se lanz\u00f3 el Concurso para estudiantes \u00abProyectar a Conciencia\u00bb 3.0 en el marco de un nuevo \u00abDi\u00e1logos a Conciencia\u00bb - COLEGIO DE ARQUITECTOS DE CHILE\" \/>\n<meta property=\"og:description\" content=\"En el marco del lanzamiento del Concurso para estudiantes \u00abProyectar a Conciencia\u00bb 3.0 se realiz\u00f3 en la sede nacional del Colegio de Arquitectos de Chile una nueva versi\u00f3n del conversatorio \u00abDi\u00e1logos a Conciencia\u00bb. El evento, que fue moderado por el &hellip; ver m\u00e1s\" \/>\n<meta property=\"og:url\" content=\"https:\/\/colegioarquitectos.com\/noticias\/?p=23682\" \/>\n<meta property=\"og:site_name\" content=\"COLEGIO DE ARQUITECTOS DE CHILE\" \/>\n<meta property=\"article:publisher\" content=\"https:\/\/facebook.com\/Colegioarq\/\" \/>\n<meta property=\"article:published_time\" content=\"2019-07-30T20:34:04+00:00\" \/>\n<meta property=\"og:image\" content=\"https:\/\/colegioarquitectos.com\/noticias\/wp-content\/uploads\/2019\/07\/proyectar-pub-3.jpg\" \/>\n\t<meta property=\"og:image:width\" content=\"690\" \/>\n\t<meta property=\"og:image:height\" content=\"350\" \/>\n\t<meta property=\"og:image:type\" content=\"image\/jpeg\" \/>\n<meta name=\"author\" content=\"Colegio de Arquitectos de Chile\" \/>\n<meta name=\"twitter:card\" content=\"summary_large_image\" \/>\n<meta name=\"twitter:creator\" content=\"@colegioarq\" \/>\n<meta name=\"twitter:site\" content=\"@colegioarq\" \/>\n<meta name=\"twitter:label1\" content=\"Escrito por\" \/>\n\t<meta name=\"twitter:data1\" content=\"Colegio de Arquitectos de Chile\" \/>\n\t<meta name=\"twitter:label2\" content=\"Tiempo de lectura\" \/>\n\t<meta name=\"twitter:data2\" content=\"3 minutos\" \/>\n<script type=\"application\/ld+json\" class=\"yoast-schema-graph\">{\"@context\":\"https:\/\/schema.org\",\"@graph\":[{\"@type\":\"Article\",\"@id\":\"https:\/\/colegioarquitectos.com\/noticias\/?p=23682#article\",\"isPartOf\":{\"@id\":\"https:\/\/colegioarquitectos.com\/noticias\/?p=23682\"},\"author\":{\"name\":\"Colegio de Arquitectos de Chile\",\"@id\":\"https:\/\/colegioarquitectos.com\/noticias\/#\/schema\/person\/685cc0aad148303c5608f049af8285ad\"},\"headline\":\"Se lanz\u00f3 el Concurso para estudiantes \u00abProyectar a Conciencia\u00bb 3.0 en el marco de un nuevo \u00abDi\u00e1logos a Conciencia\u00bb\",\"datePublished\":\"2019-07-30T20:34:04+00:00\",\"dateModified\":\"2019-07-30T20:34:04+00:00\",\"mainEntityOfPage\":{\"@id\":\"https:\/\/colegioarquitectos.com\/noticias\/?p=23682\"},\"wordCount\":612,\"publisher\":{\"@id\":\"https:\/\/colegioarquitectos.com\/noticias\/#organization\"},\"image\":{\"@id\":\"https:\/\/colegioarquitectos.com\/noticias\/?p=23682#primaryimage\"},\"thumbnailUrl\":\"https:\/\/colegioarquitectos.com\/noticias\/wp-content\/uploads\/2019\/07\/proyectar-pub-3.jpg\",\"articleSection\":[\"Actividades\"],\"inLanguage\":\"es\"},{\"@type\":\"WebPage\",\"@id\":\"https:\/\/colegioarquitectos.com\/noticias\/?p=23682\",\"url\":\"https:\/\/colegioarquitectos.com\/noticias\/?p=23682\",\"name\":\"Se lanz\u00f3 el Concurso para estudiantes \u00abProyectar a Conciencia\u00bb 3.0 en el marco de un nuevo \u00abDi\u00e1logos a Conciencia\u00bb - COLEGIO DE ARQUITECTOS DE CHILE\",\"isPartOf\":{\"@id\":\"https:\/\/colegioarquitectos.com\/noticias\/#website\"},\"primaryImageOfPage\":{\"@id\":\"https:\/\/colegioarquitectos.com\/noticias\/?p=23682#primaryimage\"},\"image\":{\"@id\":\"https:\/\/colegioarquitectos.com\/noticias\/?p=23682#primaryimage\"},\"thumbnailUrl\":\"https:\/\/colegioarquitectos.com\/noticias\/wp-content\/uploads\/2019\/07\/proyectar-pub-3.jpg\",\"datePublished\":\"2019-07-30T20:34:04+00:00\",\"dateModified\":\"2019-07-30T20:34:04+00:00\",\"breadcrumb\":{\"@id\":\"https:\/\/colegioarquitectos.com\/noticias\/?p=23682#breadcrumb\"},\"inLanguage\":\"es\",\"potentialAction\":[{\"@type\":\"ReadAction\",\"target\":[\"https:\/\/colegioarquitectos.com\/noticias\/?p=23682\"]}]},{\"@type\":\"ImageObject\",\"inLanguage\":\"es\",\"@id\":\"https:\/\/colegioarquitectos.com\/noticias\/?p=23682#primaryimage\",\"url\":\"https:\/\/colegioarquitectos.com\/noticias\/wp-content\/uploads\/2019\/07\/proyectar-pub-3.jpg\",\"contentUrl\":\"https:\/\/colegioarquitectos.com\/noticias\/wp-content\/uploads\/2019\/07\/proyectar-pub-3.jpg\",\"width\":690,\"height\":350},{\"@type\":\"BreadcrumbList\",\"@id\":\"https:\/\/colegioarquitectos.com\/noticias\/?p=23682#breadcrumb\",\"itemListElement\":[{\"@type\":\"ListItem\",\"position\":1,\"name\":\"Portada\",\"item\":\"https:\/\/colegioarquitectos.com\/noticias\"},{\"@type\":\"ListItem\",\"position\":2,\"name\":\"Se lanz\u00f3 el Concurso para estudiantes \u00abProyectar a Conciencia\u00bb 3.0 en el marco de un nuevo \u00abDi\u00e1logos a Conciencia\u00bb\"}]},{\"@type\":\"WebSite\",\"@id\":\"https:\/\/colegioarquitectos.com\/noticias\/#website\",\"url\":\"https:\/\/colegioarquitectos.com\/noticias\/\",\"name\":\"COLEGIO DE ARQUITECTOS DE CHILE\",\"description\":\"\",\"publisher\":{\"@id\":\"https:\/\/colegioarquitectos.com\/noticias\/#organization\"},\"potentialAction\":[{\"@type\":\"SearchAction\",\"target\":{\"@type\":\"EntryPoint\",\"urlTemplate\":\"https:\/\/colegioarquitectos.com\/noticias\/?s={search_term_string}\"},\"query-input\":{\"@type\":\"PropertyValueSpecification\",\"valueRequired\":true,\"valueName\":\"search_term_string\"}}],\"inLanguage\":\"es\"},{\"@type\":\"Organization\",\"@id\":\"https:\/\/colegioarquitectos.com\/noticias\/#organization\",\"name\":\"COLEGIO DE ARQUITECTOS DE CHILE\",\"url\":\"https:\/\/colegioarquitectos.com\/noticias\/\",\"logo\":{\"@type\":\"ImageObject\",\"inLanguage\":\"es\",\"@id\":\"https:\/\/colegioarquitectos.com\/noticias\/#\/schema\/logo\/image\/\",\"url\":\"https:\/\/colegioarquitectos.com\/noticias\/wp-content\/uploads\/2021\/05\/ENCABEZADO-LOGO-CA.jpg\",\"contentUrl\":\"https:\/\/colegioarquitectos.com\/noticias\/wp-content\/uploads\/2021\/05\/ENCABEZADO-LOGO-CA.jpg\",\"width\":690,\"height\":350,\"caption\":\"COLEGIO DE ARQUITECTOS DE CHILE\"},\"image\":{\"@id\":\"https:\/\/colegioarquitectos.com\/noticias\/#\/schema\/logo\/image\/\"},\"sameAs\":[\"https:\/\/facebook.com\/Colegioarq\/\",\"https:\/\/x.com\/colegioarq\",\"https:\/\/instagram.com\/colegioarq\",\"https:\/\/youtube.com\/@ColegiodeArquitectosdeChile\"]},{\"@type\":\"Person\",\"@id\":\"https:\/\/colegioarquitectos.com\/noticias\/#\/schema\/person\/685cc0aad148303c5608f049af8285ad\",\"name\":\"Colegio de Arquitectos de Chile\",\"url\":\"https:\/\/colegioarquitectos.com\/noticias\/?author=4\"}]}<\/script>\n<!-- \/ Yoast SEO plugin. -->","yoast_head_json":{"title":"Se lanz\u00f3 el Concurso para estudiantes \u00abProyectar a Conciencia\u00bb 3.0 en el marco de un nuevo \u00abDi\u00e1logos a Conciencia\u00bb - COLEGIO DE ARQUITECTOS DE CHILE","robots":{"index":"index","follow":"follow","max-snippet":"max-snippet:-1","max-image-preview":"max-image-preview:large","max-video-preview":"max-video-preview:-1"},"canonical":"https:\/\/colegioarquitectos.com\/noticias\/?p=23682","og_locale":"es_ES","og_type":"article","og_title":"Se lanz\u00f3 el Concurso para estudiantes \u00abProyectar a Conciencia\u00bb 3.0 en el marco de un nuevo \u00abDi\u00e1logos a Conciencia\u00bb - COLEGIO DE ARQUITECTOS DE CHILE","og_description":"En el marco del lanzamiento del Concurso para estudiantes \u00abProyectar a Conciencia\u00bb 3.0 se realiz\u00f3 en la sede nacional del Colegio de Arquitectos de Chile una nueva versi\u00f3n del conversatorio \u00abDi\u00e1logos a Conciencia\u00bb. El evento, que fue moderado por el &hellip; ver m\u00e1s","og_url":"https:\/\/colegioarquitectos.com\/noticias\/?p=23682","og_site_name":"COLEGIO DE ARQUITECTOS DE CHILE","article_publisher":"https:\/\/facebook.com\/Colegioarq\/","article_published_time":"2019-07-30T20:34:04+00:00","og_image":[{"width":690,"height":350,"url":"https:\/\/colegioarquitectos.com\/noticias\/wp-content\/uploads\/2019\/07\/proyectar-pub-3.jpg","type":"image\/jpeg"}],"author":"Colegio de Arquitectos de Chile","twitter_card":"summary_large_image","twitter_creator":"@colegioarq","twitter_site":"@colegioarq","twitter_misc":{"Escrito por":"Colegio de Arquitectos de Chile","Tiempo de lectura":"3 minutos"},"schema":{"@context":"https:\/\/schema.org","@graph":[{"@type":"Article","@id":"https:\/\/colegioarquitectos.com\/noticias\/?p=23682#article","isPartOf":{"@id":"https:\/\/colegioarquitectos.com\/noticias\/?p=23682"},"author":{"name":"Colegio de Arquitectos de Chile","@id":"https:\/\/colegioarquitectos.com\/noticias\/#\/schema\/person\/685cc0aad148303c5608f049af8285ad"},"headline":"Se lanz\u00f3 el Concurso para estudiantes \u00abProyectar a Conciencia\u00bb 3.0 en el marco de un nuevo \u00abDi\u00e1logos a Conciencia\u00bb","datePublished":"2019-07-30T20:34:04+00:00","dateModified":"2019-07-30T20:34:04+00:00","mainEntityOfPage":{"@id":"https:\/\/colegioarquitectos.com\/noticias\/?p=23682"},"wordCount":612,"publisher":{"@id":"https:\/\/colegioarquitectos.com\/noticias\/#organization"},"image":{"@id":"https:\/\/colegioarquitectos.com\/noticias\/?p=23682#primaryimage"},"thumbnailUrl":"https:\/\/colegioarquitectos.com\/noticias\/wp-content\/uploads\/2019\/07\/proyectar-pub-3.jpg","articleSection":["Actividades"],"inLanguage":"es"},{"@type":"WebPage","@id":"https:\/\/colegioarquitectos.com\/noticias\/?p=23682","url":"https:\/\/colegioarquitectos.com\/noticias\/?p=23682","name":"Se lanz\u00f3 el Concurso para estudiantes \u00abProyectar a Conciencia\u00bb 3.0 en el marco de un nuevo \u00abDi\u00e1logos a Conciencia\u00bb - COLEGIO DE ARQUITECTOS DE CHILE","isPartOf":{"@id":"https:\/\/colegioarquitectos.com\/noticias\/#website"},"primaryImageOfPage":{"@id":"https:\/\/colegioarquitectos.com\/noticias\/?p=23682#primaryimage"},"image":{"@id":"https:\/\/colegioarquitectos.com\/noticias\/?p=23682#primaryimage"},"thumbnailUrl":"https:\/\/colegioarquitectos.com\/noticias\/wp-content\/uploads\/2019\/07\/proyectar-pub-3.jpg","datePublished":"2019-07-30T20:34:04+00:00","dateModified":"2019-07-30T20:34:04+00:00","breadcrumb":{"@id":"https:\/\/colegioarquitectos.com\/noticias\/?p=23682#breadcrumb"},"inLanguage":"es","potentialAction":[{"@type":"ReadAction","target":["https:\/\/colegioarquitectos.com\/noticias\/?p=23682"]}]},{"@type":"ImageObject","inLanguage":"es","@id":"https:\/\/colegioarquitectos.com\/noticias\/?p=23682#primaryimage","url":"https:\/\/colegioarquitectos.com\/noticias\/wp-content\/uploads\/2019\/07\/proyectar-pub-3.jpg","contentUrl":"https:\/\/colegioarquitectos.com\/noticias\/wp-content\/uploads\/2019\/07\/proyectar-pub-3.jpg","width":690,"height":350},{"@type":"BreadcrumbList","@id":"https:\/\/colegioarquitectos.com\/noticias\/?p=23682#breadcrumb","itemListElement":[{"@type":"ListItem","position":1,"name":"Portada","item":"https:\/\/colegioarquitectos.com\/noticias"},{"@type":"ListItem","position":2,"name":"Se lanz\u00f3 el Concurso para estudiantes \u00abProyectar a Conciencia\u00bb 3.0 en el marco de un nuevo \u00abDi\u00e1logos a Conciencia\u00bb"}]},{"@type":"WebSite","@id":"https:\/\/colegioarquitectos.com\/noticias\/#website","url":"https:\/\/colegioarquitectos.com\/noticias\/","name":"COLEGIO DE ARQUITECTOS DE CHILE","description":"","publisher":{"@id":"https:\/\/colegioarquitectos.com\/noticias\/#organization"},"potentialAction":[{"@type":"SearchAction","target":{"@type":"EntryPoint","urlTemplate":"https:\/\/colegioarquitectos.com\/noticias\/?s={search_term_string}"},"query-input":{"@type":"PropertyValueSpecification","valueRequired":true,"valueName":"search_term_string"}}],"inLanguage":"es"},{"@type":"Organization","@id":"https:\/\/colegioarquitectos.com\/noticias\/#organization","name":"COLEGIO DE ARQUITECTOS DE CHILE","url":"https:\/\/colegioarquitectos.com\/noticias\/","logo":{"@type":"ImageObject","inLanguage":"es","@id":"https:\/\/colegioarquitectos.com\/noticias\/#\/schema\/logo\/image\/","url":"https:\/\/colegioarquitectos.com\/noticias\/wp-content\/uploads\/2021\/05\/ENCABEZADO-LOGO-CA.jpg","contentUrl":"https:\/\/colegioarquitectos.com\/noticias\/wp-content\/uploads\/2021\/05\/ENCABEZADO-LOGO-CA.jpg","width":690,"height":350,"caption":"COLEGIO DE ARQUITECTOS DE CHILE"},"image":{"@id":"https:\/\/colegioarquitectos.com\/noticias\/#\/schema\/logo\/image\/"},"sameAs":["https:\/\/facebook.com\/Colegioarq\/","https:\/\/x.com\/colegioarq","https:\/\/instagram.com\/colegioarq","https:\/\/youtube.com\/@ColegiodeArquitectosdeChile"]},{"@type":"Person","@id":"https:\/\/colegioarquitectos.com\/noticias\/#\/schema\/person\/685cc0aad148303c5608f049af8285ad","name":"Colegio de Arquitectos de Chile","url":"https:\/\/colegioarquitectos.com\/noticias\/?author=4"}]}},"_links":{"self":[{"href":"https:\/\/colegioarquitectos.com\/noticias\/index.php?rest_route=\/wp\/v2\/posts\/23682","targetHints":{"allow":["GET"]}}],"collection":[{"href":"https:\/\/colegioarquitectos.com\/noticias\/index.php?rest_route=\/wp\/v2\/posts"}],"about":[{"href":"https:\/\/colegioarquitectos.com\/noticias\/index.php?rest_route=\/wp\/v2\/types\/post"}],"author":[{"embeddable":true,"href":"https:\/\/colegioarquitectos.com\/noticias\/index.php?rest_route=\/wp\/v2\/users\/4"}],"replies":[{"embeddable":true,"href":"https:\/\/colegioarquitectos.com\/noticias\/index.php?rest_route=%2Fwp%2Fv2%2Fcomments&post=23682"}],"version-history":[{"count":0,"href":"https:\/\/colegioarquitectos.com\/noticias\/index.php?rest_route=\/wp\/v2\/posts\/23682\/revisions"}],"wp:featuredmedia":[{"embeddable":true,"href":"https:\/\/colegioarquitectos.com\/noticias\/index.php?rest_route=\/wp\/v2\/media\/23685"}],"wp:attachment":[{"href":"https:\/\/colegioarquitectos.com\/noticias\/index.php?rest_route=%2Fwp%2Fv2%2Fmedia&parent=23682"}],"wp:term":[{"taxonomy":"category","embeddable":true,"href":"https:\/\/colegioarquitectos.com\/noticias\/index.php?rest_route=%2Fwp%2Fv2%2Fcategories&post=23682"},{"taxonomy":"post_tag","embeddable":true,"href":"https:\/\/colegioarquitectos.com\/noticias\/index.php?rest_route=%2Fwp%2Fv2%2Ftags&post=23682"}],"curies":[{"name":"wp","href":"https:\/\/api.w.org\/{rel}","templated":true}]}}