
{"id":23784,"date":"2019-08-08T19:12:59","date_gmt":"2019-08-08T19:12:59","guid":{"rendered":"http:\/\/colegioarquitectos.com\/?p=23784"},"modified":"2019-08-08T19:12:59","modified_gmt":"2019-08-08T19:12:59","slug":"dom-en-linea-ya-esta-trabajando-activamente-con-101-comunas-del-pais-para-implementar-la-plataforma","status":"publish","type":"post","link":"https:\/\/colegioarquitectos.com\/noticias\/?p=23784","title":{"rendered":"DOM en L\u00ednea ya est\u00e1 trabajando activamente con 101 comunas del pa\u00eds para implementar la plataforma"},"content":{"rendered":"<p>La integraci\u00f3n de innovaciones y tecnolog\u00edas al sector construcci\u00f3n es una deuda pendiente. Hace aproximadamente tres a\u00f1os se est\u00e1 avanzando en la digitalizaci\u00f3n de los procesos, a trav\u00e9s de la iniciativa <strong>DOM en L\u00ednea<\/strong>, plataforma que una vez que est\u00e9 100% operativa, <strong>permitir\u00e1 efectuar los tr\u00e1mites que se realizan en las<\/strong> <strong>Direcciones de Obras Municipales (DOM)<\/strong> <strong>a trav\u00e9s de internet<\/strong>, ya sea solicitar, gestionar y otorgar permisos, autorizaciones, recepciones y certificados en l\u00ednea.<\/p>\n<p>Hoy este trabajo est\u00e1 en manos del <strong>Ministerio de Vivienda y Urbanismo<\/strong> (Minvu), cartera que espera concretar la totalidad de este trabajo a nivel nacional para el a\u00f1o<strong> 2023<\/strong>.<\/p>\n<p>Durante el Consejo Directivo de Construye2025 realizado a fines de julio, <strong>Liliane Etcheberrigaray<\/strong>, coordinadora nacional de DOM en L\u00ednea, de la <strong>Divisi\u00f3n de Desarrollo Urbano<\/strong> (DDU) del Minvu, se\u00f1al\u00f3 que este es \u201cun proyecto de futuro que ya lo estamos viviendo\u201d, mientras presentaba a los asistentes los avances que ha tenido la iniciativa y las metas para el 2023.<\/p>\n<p>\u201cEsta iniciativa consiste en repensar la forma en que las DOM prestan servicios a la ciudadan\u00eda y contribuye a fortalecer la transparencia en el sector del urbanismo y la construcci\u00f3n, adem\u00e1s de aumentar la productividad, disminuir brechas entre municipios y favorecer la modernizaci\u00f3n del Estado\u201d, afirm\u00f3 la arquitecta.<\/p>\n<p>Asimismo, DOM en L\u00ednea permite <strong>fortalecer la descentralizaci\u00f3n, otorgar certeza en la aplicaci\u00f3n de la normativa vigente, reducir la discrecionalidad en la aprobaci\u00f3n de los permisos, y facilitar el acceso a la informaci\u00f3n para la toma de decisiones<\/strong>.<\/p>\n<p>A la fecha, los avances en la implementaci\u00f3n nacional son considerables: <strong>la plataforma ya est\u00e1 presente en 101 comunas del pa\u00eds<\/strong>, con las que se est\u00e1 llevando a cabo un trabajo de construcci\u00f3n de maestros de direcciones antes del lanzamiento de los tr\u00e1mites, llegando a 14 regiones. <strong>Para el 2023 se espera alcanzar las 345 comunas<\/strong>, abarcando las 16 regiones de Chile. Dentro de las 345, hay 31 que ya cuentan con un sistema propio o contratado.<\/p>\n<p>Para este 2019, la meta es tener operativa la plataforma en 18 comunas, dentro de las cuales se incluye <strong>Casablanca<\/strong>, comuna pionera en la implementaci\u00f3n, <strong>San Fernando<\/strong> y <strong>Los \u00c1ngeles<\/strong>, las cuales ya se encuentran en producci\u00f3n, mientras que en 2020 se espera alcanzar los 50 municipios, en 2021, 98 y en 2022, 178 comunas.<\/p>\n<p>Para el desarrollo tecnol\u00f3gico de la plataforma, en 2018 se comenz\u00f3 con tres tr\u00e1mites del M\u00f3dulo de Certificados; en agosto de este 2019 est\u00e1 contemplado lanzar 9 tr\u00e1mites al M\u00f3dulo de Obra Menor; en octubre se espera sumar otros 17 tr\u00e1mites al M\u00f3dulo Subdivisi\u00f3n y Urbanizaci\u00f3n y tambi\u00e9n durante este a\u00f1o deber\u00eda quedar habilitado el Repositorio de la Gesti\u00f3n Documental. En tanto, para el primer semestre de 2020, deber\u00edan finalizarse el M\u00f3dulo Permiso de Edificaci\u00f3n (19), el M\u00f3dulo SEREMI y complemento a certificados.<\/p>\n<p>&nbsp;<\/p>\n<p>La implementaci\u00f3n de la plataforma est\u00e1 a cargo del <strong>Ministerio de Vivienda y Urbanismo<\/strong>, a trav\u00e9s de la <strong>Divisi\u00f3n de Desarrollo Urbano<\/strong> y la <strong>Divisi\u00f3n Inform\u00e1tica<\/strong>, en tanto, como parte de la gobernanza de esta iniciativa, velando por la continuidad de ella, existe una Mesa P\u00fablico Privada, en la que participan, adem\u00e1s del Minvu, los ministerios de <strong>Econom\u00eda<\/strong>, <strong>Secretar\u00eda General de la Presidencia<\/strong> (SEGPRES), de <strong>Transporte y Telecomunicaciones<\/strong>; <strong>SUBDERE<\/strong>, <strong>Corfo<\/strong>, <strong>Construye2025<\/strong>, <strong>Fondo de Inversi\u00f3n Estrat\u00e9gico<\/strong> (FIE), <strong>Servicio de Impuestos Internos<\/strong> (SII), <strong>Instituto Nacional de Estad\u00edsticas<\/strong> (INE), <strong>Colegio de Arquitectos de Chile<\/strong>, <strong>Asociaci\u00f3n de Oficinas de Arquitectura<\/strong> (AOA), <strong>Asociaci\u00f3n de Directores de Obras de Chile<\/strong> (ADOM), <strong>Instituto de la Construcci\u00f3n<\/strong> (IC) y <strong>C\u00e1mara Chilena de la Construcci\u00f3n<\/strong> (CChC).<\/p>\n<p><\/p>","protected":false},"excerpt":{"rendered":"<p>La integraci\u00f3n de innovaciones y tecnolog\u00edas al sector construcci\u00f3n es una deuda pendiente. Hace aproximadamente tres a\u00f1os se est\u00e1 avanzando en la digitalizaci\u00f3n de los procesos, a trav\u00e9s de la iniciativa DOM en L\u00ednea, plataforma que una vez que est\u00e9 &hellip; <a class=\"more-link\" href=\"https:\/\/colegioarquitectos.com\/noticias\/?p=23784\">ver m\u00e1s<\/a><\/p>","protected":false},"author":4,"featured_media":23786,"comment_status":"closed","ping_status":"closed","sticky":false,"template":"","format":"standard","meta":{"footnotes":""},"categories":[3],"tags":[],"class_list":["post-23784","post","type-post","status-publish","format-standard","has-post-thumbnail","hentry","category-noticias"],"yoast_head":"<!-- This site is optimized with the Yoast SEO plugin v24.2 - https:\/\/yoast.com\/wordpress\/plugins\/seo\/ -->\n<title>DOM en L\u00ednea ya est\u00e1 trabajando activamente con 101 comunas del pa\u00eds para implementar la plataforma - COLEGIO DE ARQUITECTOS DE CHILE<\/title>\n<meta name=\"robots\" content=\"index, follow, max-snippet:-1, max-image-preview:large, max-video-preview:-1\" \/>\n<link rel=\"canonical\" href=\"https:\/\/colegioarquitectos.com\/noticias\/?p=23784\" \/>\n<meta property=\"og:locale\" content=\"es_ES\" \/>\n<meta property=\"og:type\" content=\"article\" \/>\n<meta property=\"og:title\" content=\"DOM en L\u00ednea ya est\u00e1 trabajando activamente con 101 comunas del pa\u00eds para implementar la plataforma - COLEGIO DE ARQUITECTOS DE CHILE\" \/>\n<meta property=\"og:description\" content=\"La integraci\u00f3n de innovaciones y tecnolog\u00edas al sector construcci\u00f3n es una deuda pendiente. Hace aproximadamente tres a\u00f1os se est\u00e1 avanzando en la digitalizaci\u00f3n de los procesos, a trav\u00e9s de la iniciativa DOM en L\u00ednea, plataforma que una vez que est\u00e9 &hellip; ver m\u00e1s\" \/>\n<meta property=\"og:url\" content=\"https:\/\/colegioarquitectos.com\/noticias\/?p=23784\" \/>\n<meta property=\"og:site_name\" content=\"COLEGIO DE ARQUITECTOS DE CHILE\" \/>\n<meta property=\"article:publisher\" content=\"https:\/\/facebook.com\/Colegioarq\/\" \/>\n<meta property=\"article:published_time\" content=\"2019-08-08T19:12:59+00:00\" \/>\n<meta property=\"og:image\" content=\"https:\/\/colegioarquitectos.com\/noticias\/wp-content\/uploads\/2019\/08\/ENCABEZADO-DOM.jpg\" \/>\n\t<meta property=\"og:image:width\" content=\"690\" \/>\n\t<meta property=\"og:image:height\" content=\"350\" \/>\n\t<meta property=\"og:image:type\" content=\"image\/jpeg\" \/>\n<meta name=\"author\" content=\"Colegio de Arquitectos de Chile\" \/>\n<meta name=\"twitter:card\" content=\"summary_large_image\" \/>\n<meta name=\"twitter:creator\" content=\"@colegioarq\" \/>\n<meta name=\"twitter:site\" content=\"@colegioarq\" \/>\n<meta name=\"twitter:label1\" content=\"Escrito por\" \/>\n\t<meta name=\"twitter:data1\" content=\"Colegio de Arquitectos de Chile\" \/>\n\t<meta name=\"twitter:label2\" content=\"Tiempo de lectura\" \/>\n\t<meta name=\"twitter:data2\" content=\"3 minutos\" \/>\n<script type=\"application\/ld+json\" class=\"yoast-schema-graph\">{\"@context\":\"https:\/\/schema.org\",\"@graph\":[{\"@type\":\"Article\",\"@id\":\"https:\/\/colegioarquitectos.com\/noticias\/?p=23784#article\",\"isPartOf\":{\"@id\":\"https:\/\/colegioarquitectos.com\/noticias\/?p=23784\"},\"author\":{\"name\":\"Colegio de Arquitectos de Chile\",\"@id\":\"https:\/\/colegioarquitectos.com\/noticias\/#\/schema\/person\/685cc0aad148303c5608f049af8285ad\"},\"headline\":\"DOM en L\u00ednea ya est\u00e1 trabajando activamente con 101 comunas del pa\u00eds para implementar la plataforma\",\"datePublished\":\"2019-08-08T19:12:59+00:00\",\"dateModified\":\"2019-08-08T19:12:59+00:00\",\"mainEntityOfPage\":{\"@id\":\"https:\/\/colegioarquitectos.com\/noticias\/?p=23784\"},\"wordCount\":636,\"publisher\":{\"@id\":\"https:\/\/colegioarquitectos.com\/noticias\/#organization\"},\"image\":{\"@id\":\"https:\/\/colegioarquitectos.com\/noticias\/?p=23784#primaryimage\"},\"thumbnailUrl\":\"https:\/\/colegioarquitectos.com\/noticias\/wp-content\/uploads\/2019\/08\/ENCABEZADO-DOM.jpg\",\"articleSection\":[\"Noticias\"],\"inLanguage\":\"es\"},{\"@type\":\"WebPage\",\"@id\":\"https:\/\/colegioarquitectos.com\/noticias\/?p=23784\",\"url\":\"https:\/\/colegioarquitectos.com\/noticias\/?p=23784\",\"name\":\"DOM en L\u00ednea ya est\u00e1 trabajando activamente con 101 comunas del pa\u00eds para implementar la plataforma - COLEGIO DE ARQUITECTOS DE CHILE\",\"isPartOf\":{\"@id\":\"https:\/\/colegioarquitectos.com\/noticias\/#website\"},\"primaryImageOfPage\":{\"@id\":\"https:\/\/colegioarquitectos.com\/noticias\/?p=23784#primaryimage\"},\"image\":{\"@id\":\"https:\/\/colegioarquitectos.com\/noticias\/?p=23784#primaryimage\"},\"thumbnailUrl\":\"https:\/\/colegioarquitectos.com\/noticias\/wp-content\/uploads\/2019\/08\/ENCABEZADO-DOM.jpg\",\"datePublished\":\"2019-08-08T19:12:59+00:00\",\"dateModified\":\"2019-08-08T19:12:59+00:00\",\"breadcrumb\":{\"@id\":\"https:\/\/colegioarquitectos.com\/noticias\/?p=23784#breadcrumb\"},\"inLanguage\":\"es\",\"potentialAction\":[{\"@type\":\"ReadAction\",\"target\":[\"https:\/\/colegioarquitectos.com\/noticias\/?p=23784\"]}]},{\"@type\":\"ImageObject\",\"inLanguage\":\"es\",\"@id\":\"https:\/\/colegioarquitectos.com\/noticias\/?p=23784#primaryimage\",\"url\":\"https:\/\/colegioarquitectos.com\/noticias\/wp-content\/uploads\/2019\/08\/ENCABEZADO-DOM.jpg\",\"contentUrl\":\"https:\/\/colegioarquitectos.com\/noticias\/wp-content\/uploads\/2019\/08\/ENCABEZADO-DOM.jpg\",\"width\":690,\"height\":350},{\"@type\":\"BreadcrumbList\",\"@id\":\"https:\/\/colegioarquitectos.com\/noticias\/?p=23784#breadcrumb\",\"itemListElement\":[{\"@type\":\"ListItem\",\"position\":1,\"name\":\"Portada\",\"item\":\"https:\/\/colegioarquitectos.com\/noticias\"},{\"@type\":\"ListItem\",\"position\":2,\"name\":\"DOM en L\u00ednea ya est\u00e1 trabajando activamente con 101 comunas del pa\u00eds para implementar la plataforma\"}]},{\"@type\":\"WebSite\",\"@id\":\"https:\/\/colegioarquitectos.com\/noticias\/#website\",\"url\":\"https:\/\/colegioarquitectos.com\/noticias\/\",\"name\":\"COLEGIO DE ARQUITECTOS DE CHILE\",\"description\":\"\",\"publisher\":{\"@id\":\"https:\/\/colegioarquitectos.com\/noticias\/#organization\"},\"potentialAction\":[{\"@type\":\"SearchAction\",\"target\":{\"@type\":\"EntryPoint\",\"urlTemplate\":\"https:\/\/colegioarquitectos.com\/noticias\/?s={search_term_string}\"},\"query-input\":{\"@type\":\"PropertyValueSpecification\",\"valueRequired\":true,\"valueName\":\"search_term_string\"}}],\"inLanguage\":\"es\"},{\"@type\":\"Organization\",\"@id\":\"https:\/\/colegioarquitectos.com\/noticias\/#organization\",\"name\":\"COLEGIO DE ARQUITECTOS DE CHILE\",\"url\":\"https:\/\/colegioarquitectos.com\/noticias\/\",\"logo\":{\"@type\":\"ImageObject\",\"inLanguage\":\"es\",\"@id\":\"https:\/\/colegioarquitectos.com\/noticias\/#\/schema\/logo\/image\/\",\"url\":\"https:\/\/colegioarquitectos.com\/noticias\/wp-content\/uploads\/2021\/05\/ENCABEZADO-LOGO-CA.jpg\",\"contentUrl\":\"https:\/\/colegioarquitectos.com\/noticias\/wp-content\/uploads\/2021\/05\/ENCABEZADO-LOGO-CA.jpg\",\"width\":690,\"height\":350,\"caption\":\"COLEGIO DE ARQUITECTOS DE CHILE\"},\"image\":{\"@id\":\"https:\/\/colegioarquitectos.com\/noticias\/#\/schema\/logo\/image\/\"},\"sameAs\":[\"https:\/\/facebook.com\/Colegioarq\/\",\"https:\/\/x.com\/colegioarq\",\"https:\/\/instagram.com\/colegioarq\",\"https:\/\/youtube.com\/@ColegiodeArquitectosdeChile\"]},{\"@type\":\"Person\",\"@id\":\"https:\/\/colegioarquitectos.com\/noticias\/#\/schema\/person\/685cc0aad148303c5608f049af8285ad\",\"name\":\"Colegio de Arquitectos de Chile\",\"url\":\"https:\/\/colegioarquitectos.com\/noticias\/?author=4\"}]}<\/script>\n<!-- \/ Yoast SEO plugin. -->","yoast_head_json":{"title":"DOM en L\u00ednea ya est\u00e1 trabajando activamente con 101 comunas del pa\u00eds para implementar la plataforma - COLEGIO DE ARQUITECTOS DE CHILE","robots":{"index":"index","follow":"follow","max-snippet":"max-snippet:-1","max-image-preview":"max-image-preview:large","max-video-preview":"max-video-preview:-1"},"canonical":"https:\/\/colegioarquitectos.com\/noticias\/?p=23784","og_locale":"es_ES","og_type":"article","og_title":"DOM en L\u00ednea ya est\u00e1 trabajando activamente con 101 comunas del pa\u00eds para implementar la plataforma - COLEGIO DE ARQUITECTOS DE CHILE","og_description":"La integraci\u00f3n de innovaciones y tecnolog\u00edas al sector construcci\u00f3n es una deuda pendiente. Hace aproximadamente tres a\u00f1os se est\u00e1 avanzando en la digitalizaci\u00f3n de los procesos, a trav\u00e9s de la iniciativa DOM en L\u00ednea, plataforma que una vez que est\u00e9 &hellip; ver m\u00e1s","og_url":"https:\/\/colegioarquitectos.com\/noticias\/?p=23784","og_site_name":"COLEGIO DE ARQUITECTOS DE CHILE","article_publisher":"https:\/\/facebook.com\/Colegioarq\/","article_published_time":"2019-08-08T19:12:59+00:00","og_image":[{"width":690,"height":350,"url":"https:\/\/colegioarquitectos.com\/noticias\/wp-content\/uploads\/2019\/08\/ENCABEZADO-DOM.jpg","type":"image\/jpeg"}],"author":"Colegio de Arquitectos de Chile","twitter_card":"summary_large_image","twitter_creator":"@colegioarq","twitter_site":"@colegioarq","twitter_misc":{"Escrito por":"Colegio de Arquitectos de Chile","Tiempo de lectura":"3 minutos"},"schema":{"@context":"https:\/\/schema.org","@graph":[{"@type":"Article","@id":"https:\/\/colegioarquitectos.com\/noticias\/?p=23784#article","isPartOf":{"@id":"https:\/\/colegioarquitectos.com\/noticias\/?p=23784"},"author":{"name":"Colegio de Arquitectos de Chile","@id":"https:\/\/colegioarquitectos.com\/noticias\/#\/schema\/person\/685cc0aad148303c5608f049af8285ad"},"headline":"DOM en L\u00ednea ya est\u00e1 trabajando activamente con 101 comunas del pa\u00eds para implementar la plataforma","datePublished":"2019-08-08T19:12:59+00:00","dateModified":"2019-08-08T19:12:59+00:00","mainEntityOfPage":{"@id":"https:\/\/colegioarquitectos.com\/noticias\/?p=23784"},"wordCount":636,"publisher":{"@id":"https:\/\/colegioarquitectos.com\/noticias\/#organization"},"image":{"@id":"https:\/\/colegioarquitectos.com\/noticias\/?p=23784#primaryimage"},"thumbnailUrl":"https:\/\/colegioarquitectos.com\/noticias\/wp-content\/uploads\/2019\/08\/ENCABEZADO-DOM.jpg","articleSection":["Noticias"],"inLanguage":"es"},{"@type":"WebPage","@id":"https:\/\/colegioarquitectos.com\/noticias\/?p=23784","url":"https:\/\/colegioarquitectos.com\/noticias\/?p=23784","name":"DOM en L\u00ednea ya est\u00e1 trabajando activamente con 101 comunas del pa\u00eds para implementar la plataforma - COLEGIO DE ARQUITECTOS DE CHILE","isPartOf":{"@id":"https:\/\/colegioarquitectos.com\/noticias\/#website"},"primaryImageOfPage":{"@id":"https:\/\/colegioarquitectos.com\/noticias\/?p=23784#primaryimage"},"image":{"@id":"https:\/\/colegioarquitectos.com\/noticias\/?p=23784#primaryimage"},"thumbnailUrl":"https:\/\/colegioarquitectos.com\/noticias\/wp-content\/uploads\/2019\/08\/ENCABEZADO-DOM.jpg","datePublished":"2019-08-08T19:12:59+00:00","dateModified":"2019-08-08T19:12:59+00:00","breadcrumb":{"@id":"https:\/\/colegioarquitectos.com\/noticias\/?p=23784#breadcrumb"},"inLanguage":"es","potentialAction":[{"@type":"ReadAction","target":["https:\/\/colegioarquitectos.com\/noticias\/?p=23784"]}]},{"@type":"ImageObject","inLanguage":"es","@id":"https:\/\/colegioarquitectos.com\/noticias\/?p=23784#primaryimage","url":"https:\/\/colegioarquitectos.com\/noticias\/wp-content\/uploads\/2019\/08\/ENCABEZADO-DOM.jpg","contentUrl":"https:\/\/colegioarquitectos.com\/noticias\/wp-content\/uploads\/2019\/08\/ENCABEZADO-DOM.jpg","width":690,"height":350},{"@type":"BreadcrumbList","@id":"https:\/\/colegioarquitectos.com\/noticias\/?p=23784#breadcrumb","itemListElement":[{"@type":"ListItem","position":1,"name":"Portada","item":"https:\/\/colegioarquitectos.com\/noticias"},{"@type":"ListItem","position":2,"name":"DOM en L\u00ednea ya est\u00e1 trabajando activamente con 101 comunas del pa\u00eds para implementar la plataforma"}]},{"@type":"WebSite","@id":"https:\/\/colegioarquitectos.com\/noticias\/#website","url":"https:\/\/colegioarquitectos.com\/noticias\/","name":"COLEGIO DE ARQUITECTOS DE CHILE","description":"","publisher":{"@id":"https:\/\/colegioarquitectos.com\/noticias\/#organization"},"potentialAction":[{"@type":"SearchAction","target":{"@type":"EntryPoint","urlTemplate":"https:\/\/colegioarquitectos.com\/noticias\/?s={search_term_string}"},"query-input":{"@type":"PropertyValueSpecification","valueRequired":true,"valueName":"search_term_string"}}],"inLanguage":"es"},{"@type":"Organization","@id":"https:\/\/colegioarquitectos.com\/noticias\/#organization","name":"COLEGIO DE ARQUITECTOS DE CHILE","url":"https:\/\/colegioarquitectos.com\/noticias\/","logo":{"@type":"ImageObject","inLanguage":"es","@id":"https:\/\/colegioarquitectos.com\/noticias\/#\/schema\/logo\/image\/","url":"https:\/\/colegioarquitectos.com\/noticias\/wp-content\/uploads\/2021\/05\/ENCABEZADO-LOGO-CA.jpg","contentUrl":"https:\/\/colegioarquitectos.com\/noticias\/wp-content\/uploads\/2021\/05\/ENCABEZADO-LOGO-CA.jpg","width":690,"height":350,"caption":"COLEGIO DE ARQUITECTOS DE CHILE"},"image":{"@id":"https:\/\/colegioarquitectos.com\/noticias\/#\/schema\/logo\/image\/"},"sameAs":["https:\/\/facebook.com\/Colegioarq\/","https:\/\/x.com\/colegioarq","https:\/\/instagram.com\/colegioarq","https:\/\/youtube.com\/@ColegiodeArquitectosdeChile"]},{"@type":"Person","@id":"https:\/\/colegioarquitectos.com\/noticias\/#\/schema\/person\/685cc0aad148303c5608f049af8285ad","name":"Colegio de Arquitectos de Chile","url":"https:\/\/colegioarquitectos.com\/noticias\/?author=4"}]}},"_links":{"self":[{"href":"https:\/\/colegioarquitectos.com\/noticias\/index.php?rest_route=\/wp\/v2\/posts\/23784","targetHints":{"allow":["GET"]}}],"collection":[{"href":"https:\/\/colegioarquitectos.com\/noticias\/index.php?rest_route=\/wp\/v2\/posts"}],"about":[{"href":"https:\/\/colegioarquitectos.com\/noticias\/index.php?rest_route=\/wp\/v2\/types\/post"}],"author":[{"embeddable":true,"href":"https:\/\/colegioarquitectos.com\/noticias\/index.php?rest_route=\/wp\/v2\/users\/4"}],"replies":[{"embeddable":true,"href":"https:\/\/colegioarquitectos.com\/noticias\/index.php?rest_route=%2Fwp%2Fv2%2Fcomments&post=23784"}],"version-history":[{"count":0,"href":"https:\/\/colegioarquitectos.com\/noticias\/index.php?rest_route=\/wp\/v2\/posts\/23784\/revisions"}],"wp:featuredmedia":[{"embeddable":true,"href":"https:\/\/colegioarquitectos.com\/noticias\/index.php?rest_route=\/wp\/v2\/media\/23786"}],"wp:attachment":[{"href":"https:\/\/colegioarquitectos.com\/noticias\/index.php?rest_route=%2Fwp%2Fv2%2Fmedia&parent=23784"}],"wp:term":[{"taxonomy":"category","embeddable":true,"href":"https:\/\/colegioarquitectos.com\/noticias\/index.php?rest_route=%2Fwp%2Fv2%2Fcategories&post=23784"},{"taxonomy":"post_tag","embeddable":true,"href":"https:\/\/colegioarquitectos.com\/noticias\/index.php?rest_route=%2Fwp%2Fv2%2Ftags&post=23784"}],"curies":[{"name":"wp","href":"https:\/\/api.w.org\/{rel}","templated":true}]}}