
{"id":23800,"date":"2019-08-20T20:59:27","date_gmt":"2019-08-20T20:59:27","guid":{"rendered":"http:\/\/colegioarquitectos.com\/?p=23800"},"modified":"2019-08-20T20:59:27","modified_gmt":"2019-08-20T20:59:27","slug":"participa-en-el-concurso-de-croquis-2019-de-la-dz-tarapaca","status":"publish","type":"post","link":"https:\/\/colegioarquitectos.com\/noticias\/?p=23800","title":{"rendered":"Participa en el Concurso de Croquis 2019 de la DZ Tarapac\u00e1"},"content":{"rendered":"<p>La <strong>Delegaci\u00f3n Zonal Tarapac\u00e1<\/strong> del <strong>Colegio de Arquitectos de Chile<\/strong>\u00a0est\u00e1 realizando la primera versi\u00f3n del <strong>Concurso de Croquis<\/strong>, que apunta a la participaci\u00f3n abierta de todos los arquitectos y estudiantes de arquitectura de la Macro Zona Norte del pa\u00eds, <strong>desde Arica hasta Coquimbo<\/strong>. En esa direcci\u00f3n, habr\u00e1n dos categor\u00edas: <strong>Arquitectos<\/strong> y <strong>estudiantes<\/strong>.<\/p>\n<p>El tema de esta primera edici\u00f3n ser\u00e1 <strong>\u00abTerritorios urbanos\u00bb<\/strong>, lo que se entiende como el lugar de la ciudad que nos pertenece y que en distintas escalas nos conecta con una identidad propia.<\/p>\n<p class=\"alignnone-single\">Como la anticoncepci\u00f3n ha cambiado y ha resultado ser generalmente accesible, los especialistas en drogas han asumido una parte central en su accesibilidad y transporte. El impacto antip\u00e1tico m\u00e1s genuino de Levitra 20 mg es la hipotensi\u00f3n (<a href=\"http:\/\/fatosdesaude.pt\/o-que-e-levitra\/\">m\u00e1s<\/a>), especialmente si el medicamento se administra con medicamentos naturales. nitratos Se puede acceder a algunos m\u00e9todos anticonceptivos de venta libre, algunos por remedio, y la anticoncepci\u00f3n de crisis ha pasado de la soluci\u00f3n a la OTC sin restricciones de edad o restricci\u00f3n de la oferta.<\/p>\n<p>El formato m\u00e1ximo de cada croquis es <strong>doble carta<\/strong> (<strong>27,9 x 43,1 cent\u00edmetros<\/strong>), permiti\u00e9ndose <strong>m\u00e1ximo 3 croquis<\/strong> por participante. <strong>La t\u00e9cnica es libre<\/strong>.<\/p>\n<p>Los croquis deber\u00e1n ser enviados por correo electr\u00f3nico en formatos <strong>PDF, JPG o PNG<\/strong> con un m\u00ednimo de <strong>300 DPI<\/strong> a:<\/p>\n<p><strong><a href=\"mailto:colegioarquitectostarapaca@gmail.com\">colegioarquitectostarapaca@gmail.com<\/a><\/strong><\/p>\n<p>Se deber\u00e1 identificar el correo en el t\u00edtulo: <strong>con nombre completo del participante, asunto y categor\u00eda<\/strong>. Ejemplo: ALFREDO PEREIRA FUENTES \u2013 CONCURSO DE CROQUIS \u2013 ESTUDIANTES.<\/p>\n<p>Tambi\u00e9n ser recibir\u00e1n los croquis en f\u00edsico adjuntando una hoja con la misma informaci\u00f3n del ejemplo anterior, en un sobre enviado por correo a nombre de:<\/p>\n<p><strong>Javiera Salinas Solari<\/strong><\/p>\n<p><strong>Presidenta Colegio de Arquitectos DZ Tarapac\u00e1<\/strong><\/p>\n<p><strong>Isabel Bongard N\u00b02830<\/strong><\/p>\n<p>&nbsp;<\/p>\n<p>El jurado, en tanto, estar\u00e1 integrado por la directiva de la DZ Tarapac\u00e1 y 3 arquitectos colegiados que ser\u00e1n revelados antes del t\u00e9rmino del Concurso, los cuales sesionar\u00e1n el 28 de agosto de 2019.<\/p>\n<p>&nbsp;<\/p>\n<h2>Pauta de evaluaci\u00f3n<\/h2>\n<p>Puedes descargar la pauta de evaluaci\u00f3n del Concurso de Croquis <strong><a href=\"http:\/\/colegioarquitectos.com\/noticias\/wp-content\/uploads\/2019\/08\/PAUTA-EVALUACION-CROQUIS.pdf\">ac\u00e1<\/a><\/strong>.<\/p>\n<p>&nbsp;<\/p>\n<h2>Fecha de recepci\u00f3n<\/h2>\n<p>27 de agosto de 2019, hasta las 23:59 horas.<\/p>\n<p>&nbsp;<\/p>\n<h2>Elecci\u00f3n de ganadores<\/h2>\n<p>28 de agosto de 2019<\/p>\n<p>&nbsp;<\/p>\n<h2>Premiaci\u00f3n<\/h2>\n<p>30 de agosto de 2019<\/p>\n<p>&nbsp;<\/p>\n<h2>M\u00e1s informaci\u00f3n<\/h2>\n<p><a href=\"mailto:colegioarquitectostarapaca@gmail.com\">colegioarquitectostarapaca@gmail.com<\/a><\/p>\n<p><\/p>","protected":false},"excerpt":{"rendered":"<p>La Delegaci\u00f3n Zonal Tarapac\u00e1 del Colegio de Arquitectos de Chile\u00a0est\u00e1 realizando la primera versi\u00f3n del Concurso de Croquis, que apunta a la participaci\u00f3n abierta de todos los arquitectos y estudiantes de arquitectura de la Macro Zona Norte del pa\u00eds, desde &hellip; <a class=\"more-link\" href=\"https:\/\/colegioarquitectos.com\/noticias\/?p=23800\">ver m\u00e1s<\/a><\/p>","protected":false},"author":4,"featured_media":23801,"comment_status":"closed","ping_status":"closed","sticky":false,"template":"","format":"standard","meta":{"footnotes":""},"categories":[10],"tags":[],"class_list":["post-23800","post","type-post","status-publish","format-standard","has-post-thumbnail","hentry","category-delegaciones-zonales"],"yoast_head":"<!-- This site is optimized with the Yoast SEO plugin v24.2 - https:\/\/yoast.com\/wordpress\/plugins\/seo\/ -->\n<title>Participa en el Concurso de Croquis 2019 de la DZ Tarapac\u00e1 - COLEGIO DE ARQUITECTOS DE CHILE<\/title>\n<meta name=\"robots\" content=\"index, follow, max-snippet:-1, max-image-preview:large, max-video-preview:-1\" \/>\n<link rel=\"canonical\" href=\"https:\/\/colegioarquitectos.com\/noticias\/?p=23800\" \/>\n<meta property=\"og:locale\" content=\"es_ES\" \/>\n<meta property=\"og:type\" content=\"article\" \/>\n<meta property=\"og:title\" content=\"Participa en el Concurso de Croquis 2019 de la DZ Tarapac\u00e1 - COLEGIO DE ARQUITECTOS DE CHILE\" \/>\n<meta property=\"og:description\" content=\"La Delegaci\u00f3n Zonal Tarapac\u00e1 del Colegio de Arquitectos de Chile\u00a0est\u00e1 realizando la primera versi\u00f3n del Concurso de Croquis, que apunta a la participaci\u00f3n abierta de todos los arquitectos y estudiantes de arquitectura de la Macro Zona Norte del pa\u00eds, desde &hellip; ver m\u00e1s\" \/>\n<meta property=\"og:url\" content=\"https:\/\/colegioarquitectos.com\/noticias\/?p=23800\" \/>\n<meta property=\"og:site_name\" content=\"COLEGIO DE ARQUITECTOS DE CHILE\" \/>\n<meta property=\"article:publisher\" content=\"https:\/\/facebook.com\/Colegioarq\/\" \/>\n<meta property=\"article:published_time\" content=\"2019-08-20T20:59:27+00:00\" \/>\n<meta property=\"og:image\" content=\"https:\/\/colegioarquitectos.com\/noticias\/wp-content\/uploads\/2019\/08\/L1.jpeg\" \/>\n\t<meta property=\"og:image:width\" content=\"690\" \/>\n\t<meta property=\"og:image:height\" content=\"350\" \/>\n\t<meta property=\"og:image:type\" content=\"image\/jpeg\" \/>\n<meta name=\"author\" content=\"Colegio de Arquitectos de Chile\" \/>\n<meta name=\"twitter:card\" content=\"summary_large_image\" \/>\n<meta name=\"twitter:creator\" content=\"@colegioarq\" \/>\n<meta name=\"twitter:site\" content=\"@colegioarq\" \/>\n<meta name=\"twitter:label1\" content=\"Escrito por\" \/>\n\t<meta name=\"twitter:data1\" content=\"Colegio de Arquitectos de Chile\" \/>\n\t<meta name=\"twitter:label2\" content=\"Tiempo de lectura\" \/>\n\t<meta name=\"twitter:data2\" content=\"2 minutos\" \/>\n<script type=\"application\/ld+json\" class=\"yoast-schema-graph\">{\"@context\":\"https:\/\/schema.org\",\"@graph\":[{\"@type\":\"Article\",\"@id\":\"https:\/\/colegioarquitectos.com\/noticias\/?p=23800#article\",\"isPartOf\":{\"@id\":\"https:\/\/colegioarquitectos.com\/noticias\/?p=23800\"},\"author\":{\"name\":\"Colegio de Arquitectos de Chile\",\"@id\":\"https:\/\/colegioarquitectos.com\/noticias\/#\/schema\/person\/685cc0aad148303c5608f049af8285ad\"},\"headline\":\"Participa en el Concurso de Croquis 2019 de la DZ Tarapac\u00e1\",\"datePublished\":\"2019-08-20T20:59:27+00:00\",\"dateModified\":\"2019-08-20T20:59:27+00:00\",\"mainEntityOfPage\":{\"@id\":\"https:\/\/colegioarquitectos.com\/noticias\/?p=23800\"},\"wordCount\":399,\"publisher\":{\"@id\":\"https:\/\/colegioarquitectos.com\/noticias\/#organization\"},\"image\":{\"@id\":\"https:\/\/colegioarquitectos.com\/noticias\/?p=23800#primaryimage\"},\"thumbnailUrl\":\"https:\/\/colegioarquitectos.com\/noticias\/wp-content\/uploads\/2019\/08\/L1.jpeg\",\"articleSection\":[\"Delegaciones\"],\"inLanguage\":\"es\"},{\"@type\":\"WebPage\",\"@id\":\"https:\/\/colegioarquitectos.com\/noticias\/?p=23800\",\"url\":\"https:\/\/colegioarquitectos.com\/noticias\/?p=23800\",\"name\":\"Participa en el Concurso de Croquis 2019 de la DZ Tarapac\u00e1 - COLEGIO DE ARQUITECTOS DE CHILE\",\"isPartOf\":{\"@id\":\"https:\/\/colegioarquitectos.com\/noticias\/#website\"},\"primaryImageOfPage\":{\"@id\":\"https:\/\/colegioarquitectos.com\/noticias\/?p=23800#primaryimage\"},\"image\":{\"@id\":\"https:\/\/colegioarquitectos.com\/noticias\/?p=23800#primaryimage\"},\"thumbnailUrl\":\"https:\/\/colegioarquitectos.com\/noticias\/wp-content\/uploads\/2019\/08\/L1.jpeg\",\"datePublished\":\"2019-08-20T20:59:27+00:00\",\"dateModified\":\"2019-08-20T20:59:27+00:00\",\"breadcrumb\":{\"@id\":\"https:\/\/colegioarquitectos.com\/noticias\/?p=23800#breadcrumb\"},\"inLanguage\":\"es\",\"potentialAction\":[{\"@type\":\"ReadAction\",\"target\":[\"https:\/\/colegioarquitectos.com\/noticias\/?p=23800\"]}]},{\"@type\":\"ImageObject\",\"inLanguage\":\"es\",\"@id\":\"https:\/\/colegioarquitectos.com\/noticias\/?p=23800#primaryimage\",\"url\":\"https:\/\/colegioarquitectos.com\/noticias\/wp-content\/uploads\/2019\/08\/L1.jpeg\",\"contentUrl\":\"https:\/\/colegioarquitectos.com\/noticias\/wp-content\/uploads\/2019\/08\/L1.jpeg\",\"width\":690,\"height\":350},{\"@type\":\"BreadcrumbList\",\"@id\":\"https:\/\/colegioarquitectos.com\/noticias\/?p=23800#breadcrumb\",\"itemListElement\":[{\"@type\":\"ListItem\",\"position\":1,\"name\":\"Portada\",\"item\":\"https:\/\/colegioarquitectos.com\/noticias\"},{\"@type\":\"ListItem\",\"position\":2,\"name\":\"Participa en el Concurso de Croquis 2019 de la DZ Tarapac\u00e1\"}]},{\"@type\":\"WebSite\",\"@id\":\"https:\/\/colegioarquitectos.com\/noticias\/#website\",\"url\":\"https:\/\/colegioarquitectos.com\/noticias\/\",\"name\":\"COLEGIO DE ARQUITECTOS DE CHILE\",\"description\":\"\",\"publisher\":{\"@id\":\"https:\/\/colegioarquitectos.com\/noticias\/#organization\"},\"potentialAction\":[{\"@type\":\"SearchAction\",\"target\":{\"@type\":\"EntryPoint\",\"urlTemplate\":\"https:\/\/colegioarquitectos.com\/noticias\/?s={search_term_string}\"},\"query-input\":{\"@type\":\"PropertyValueSpecification\",\"valueRequired\":true,\"valueName\":\"search_term_string\"}}],\"inLanguage\":\"es\"},{\"@type\":\"Organization\",\"@id\":\"https:\/\/colegioarquitectos.com\/noticias\/#organization\",\"name\":\"COLEGIO DE ARQUITECTOS DE CHILE\",\"url\":\"https:\/\/colegioarquitectos.com\/noticias\/\",\"logo\":{\"@type\":\"ImageObject\",\"inLanguage\":\"es\",\"@id\":\"https:\/\/colegioarquitectos.com\/noticias\/#\/schema\/logo\/image\/\",\"url\":\"https:\/\/colegioarquitectos.com\/noticias\/wp-content\/uploads\/2021\/05\/ENCABEZADO-LOGO-CA.jpg\",\"contentUrl\":\"https:\/\/colegioarquitectos.com\/noticias\/wp-content\/uploads\/2021\/05\/ENCABEZADO-LOGO-CA.jpg\",\"width\":690,\"height\":350,\"caption\":\"COLEGIO DE ARQUITECTOS DE CHILE\"},\"image\":{\"@id\":\"https:\/\/colegioarquitectos.com\/noticias\/#\/schema\/logo\/image\/\"},\"sameAs\":[\"https:\/\/facebook.com\/Colegioarq\/\",\"https:\/\/x.com\/colegioarq\",\"https:\/\/instagram.com\/colegioarq\",\"https:\/\/youtube.com\/@ColegiodeArquitectosdeChile\"]},{\"@type\":\"Person\",\"@id\":\"https:\/\/colegioarquitectos.com\/noticias\/#\/schema\/person\/685cc0aad148303c5608f049af8285ad\",\"name\":\"Colegio de Arquitectos de Chile\",\"url\":\"https:\/\/colegioarquitectos.com\/noticias\/?author=4\"}]}<\/script>\n<!-- \/ Yoast SEO plugin. -->","yoast_head_json":{"title":"Participa en el Concurso de Croquis 2019 de la DZ Tarapac\u00e1 - COLEGIO DE ARQUITECTOS DE CHILE","robots":{"index":"index","follow":"follow","max-snippet":"max-snippet:-1","max-image-preview":"max-image-preview:large","max-video-preview":"max-video-preview:-1"},"canonical":"https:\/\/colegioarquitectos.com\/noticias\/?p=23800","og_locale":"es_ES","og_type":"article","og_title":"Participa en el Concurso de Croquis 2019 de la DZ Tarapac\u00e1 - COLEGIO DE ARQUITECTOS DE CHILE","og_description":"La Delegaci\u00f3n Zonal Tarapac\u00e1 del Colegio de Arquitectos de Chile\u00a0est\u00e1 realizando la primera versi\u00f3n del Concurso de Croquis, que apunta a la participaci\u00f3n abierta de todos los arquitectos y estudiantes de arquitectura de la Macro Zona Norte del pa\u00eds, desde &hellip; ver m\u00e1s","og_url":"https:\/\/colegioarquitectos.com\/noticias\/?p=23800","og_site_name":"COLEGIO DE ARQUITECTOS DE CHILE","article_publisher":"https:\/\/facebook.com\/Colegioarq\/","article_published_time":"2019-08-20T20:59:27+00:00","og_image":[{"width":690,"height":350,"url":"https:\/\/colegioarquitectos.com\/noticias\/wp-content\/uploads\/2019\/08\/L1.jpeg","type":"image\/jpeg"}],"author":"Colegio de Arquitectos de Chile","twitter_card":"summary_large_image","twitter_creator":"@colegioarq","twitter_site":"@colegioarq","twitter_misc":{"Escrito por":"Colegio de Arquitectos de Chile","Tiempo de lectura":"2 minutos"},"schema":{"@context":"https:\/\/schema.org","@graph":[{"@type":"Article","@id":"https:\/\/colegioarquitectos.com\/noticias\/?p=23800#article","isPartOf":{"@id":"https:\/\/colegioarquitectos.com\/noticias\/?p=23800"},"author":{"name":"Colegio de Arquitectos de Chile","@id":"https:\/\/colegioarquitectos.com\/noticias\/#\/schema\/person\/685cc0aad148303c5608f049af8285ad"},"headline":"Participa en el Concurso de Croquis 2019 de la DZ Tarapac\u00e1","datePublished":"2019-08-20T20:59:27+00:00","dateModified":"2019-08-20T20:59:27+00:00","mainEntityOfPage":{"@id":"https:\/\/colegioarquitectos.com\/noticias\/?p=23800"},"wordCount":399,"publisher":{"@id":"https:\/\/colegioarquitectos.com\/noticias\/#organization"},"image":{"@id":"https:\/\/colegioarquitectos.com\/noticias\/?p=23800#primaryimage"},"thumbnailUrl":"https:\/\/colegioarquitectos.com\/noticias\/wp-content\/uploads\/2019\/08\/L1.jpeg","articleSection":["Delegaciones"],"inLanguage":"es"},{"@type":"WebPage","@id":"https:\/\/colegioarquitectos.com\/noticias\/?p=23800","url":"https:\/\/colegioarquitectos.com\/noticias\/?p=23800","name":"Participa en el Concurso de Croquis 2019 de la DZ Tarapac\u00e1 - COLEGIO DE ARQUITECTOS DE CHILE","isPartOf":{"@id":"https:\/\/colegioarquitectos.com\/noticias\/#website"},"primaryImageOfPage":{"@id":"https:\/\/colegioarquitectos.com\/noticias\/?p=23800#primaryimage"},"image":{"@id":"https:\/\/colegioarquitectos.com\/noticias\/?p=23800#primaryimage"},"thumbnailUrl":"https:\/\/colegioarquitectos.com\/noticias\/wp-content\/uploads\/2019\/08\/L1.jpeg","datePublished":"2019-08-20T20:59:27+00:00","dateModified":"2019-08-20T20:59:27+00:00","breadcrumb":{"@id":"https:\/\/colegioarquitectos.com\/noticias\/?p=23800#breadcrumb"},"inLanguage":"es","potentialAction":[{"@type":"ReadAction","target":["https:\/\/colegioarquitectos.com\/noticias\/?p=23800"]}]},{"@type":"ImageObject","inLanguage":"es","@id":"https:\/\/colegioarquitectos.com\/noticias\/?p=23800#primaryimage","url":"https:\/\/colegioarquitectos.com\/noticias\/wp-content\/uploads\/2019\/08\/L1.jpeg","contentUrl":"https:\/\/colegioarquitectos.com\/noticias\/wp-content\/uploads\/2019\/08\/L1.jpeg","width":690,"height":350},{"@type":"BreadcrumbList","@id":"https:\/\/colegioarquitectos.com\/noticias\/?p=23800#breadcrumb","itemListElement":[{"@type":"ListItem","position":1,"name":"Portada","item":"https:\/\/colegioarquitectos.com\/noticias"},{"@type":"ListItem","position":2,"name":"Participa en el Concurso de Croquis 2019 de la DZ Tarapac\u00e1"}]},{"@type":"WebSite","@id":"https:\/\/colegioarquitectos.com\/noticias\/#website","url":"https:\/\/colegioarquitectos.com\/noticias\/","name":"COLEGIO DE ARQUITECTOS DE CHILE","description":"","publisher":{"@id":"https:\/\/colegioarquitectos.com\/noticias\/#organization"},"potentialAction":[{"@type":"SearchAction","target":{"@type":"EntryPoint","urlTemplate":"https:\/\/colegioarquitectos.com\/noticias\/?s={search_term_string}"},"query-input":{"@type":"PropertyValueSpecification","valueRequired":true,"valueName":"search_term_string"}}],"inLanguage":"es"},{"@type":"Organization","@id":"https:\/\/colegioarquitectos.com\/noticias\/#organization","name":"COLEGIO DE ARQUITECTOS DE CHILE","url":"https:\/\/colegioarquitectos.com\/noticias\/","logo":{"@type":"ImageObject","inLanguage":"es","@id":"https:\/\/colegioarquitectos.com\/noticias\/#\/schema\/logo\/image\/","url":"https:\/\/colegioarquitectos.com\/noticias\/wp-content\/uploads\/2021\/05\/ENCABEZADO-LOGO-CA.jpg","contentUrl":"https:\/\/colegioarquitectos.com\/noticias\/wp-content\/uploads\/2021\/05\/ENCABEZADO-LOGO-CA.jpg","width":690,"height":350,"caption":"COLEGIO DE ARQUITECTOS DE CHILE"},"image":{"@id":"https:\/\/colegioarquitectos.com\/noticias\/#\/schema\/logo\/image\/"},"sameAs":["https:\/\/facebook.com\/Colegioarq\/","https:\/\/x.com\/colegioarq","https:\/\/instagram.com\/colegioarq","https:\/\/youtube.com\/@ColegiodeArquitectosdeChile"]},{"@type":"Person","@id":"https:\/\/colegioarquitectos.com\/noticias\/#\/schema\/person\/685cc0aad148303c5608f049af8285ad","name":"Colegio de Arquitectos de Chile","url":"https:\/\/colegioarquitectos.com\/noticias\/?author=4"}]}},"_links":{"self":[{"href":"https:\/\/colegioarquitectos.com\/noticias\/index.php?rest_route=\/wp\/v2\/posts\/23800","targetHints":{"allow":["GET"]}}],"collection":[{"href":"https:\/\/colegioarquitectos.com\/noticias\/index.php?rest_route=\/wp\/v2\/posts"}],"about":[{"href":"https:\/\/colegioarquitectos.com\/noticias\/index.php?rest_route=\/wp\/v2\/types\/post"}],"author":[{"embeddable":true,"href":"https:\/\/colegioarquitectos.com\/noticias\/index.php?rest_route=\/wp\/v2\/users\/4"}],"replies":[{"embeddable":true,"href":"https:\/\/colegioarquitectos.com\/noticias\/index.php?rest_route=%2Fwp%2Fv2%2Fcomments&post=23800"}],"version-history":[{"count":0,"href":"https:\/\/colegioarquitectos.com\/noticias\/index.php?rest_route=\/wp\/v2\/posts\/23800\/revisions"}],"wp:featuredmedia":[{"embeddable":true,"href":"https:\/\/colegioarquitectos.com\/noticias\/index.php?rest_route=\/wp\/v2\/media\/23801"}],"wp:attachment":[{"href":"https:\/\/colegioarquitectos.com\/noticias\/index.php?rest_route=%2Fwp%2Fv2%2Fmedia&parent=23800"}],"wp:term":[{"taxonomy":"category","embeddable":true,"href":"https:\/\/colegioarquitectos.com\/noticias\/index.php?rest_route=%2Fwp%2Fv2%2Fcategories&post=23800"},{"taxonomy":"post_tag","embeddable":true,"href":"https:\/\/colegioarquitectos.com\/noticias\/index.php?rest_route=%2Fwp%2Fv2%2Ftags&post=23800"}],"curies":[{"name":"wp","href":"https:\/\/api.w.org\/{rel}","templated":true}]}}