
{"id":2389,"date":"2012-09-03T10:00:17","date_gmt":"2012-09-03T10:00:17","guid":{"rendered":"http:\/\/colegioarquitectos.com\/noticias\/?p=2389"},"modified":"2012-09-03T21:19:17","modified_gmt":"2012-09-03T21:19:17","slug":"colegio-de-arquitectos-celebra-70-anos-con-cena-aniversario-en-club-de-la-union","status":"publish","type":"post","link":"https:\/\/colegioarquitectos.com\/noticias\/?p=2389","title":{"rendered":"COLEGIO DE ARQUITECTOS CELEBRA 70 A\u00d1OS CON CENA ANIVERSARIO EN CLUB DE LA UNI\u00d3N"},"content":{"rendered":"<p>&nbsp;<\/p>\n<p style=\"text-align: justify;\">Conmemorando los 70 a\u00f1os que cumple el Colegio de Arquitectos de Chile desde su fundaci\u00f3n en 1942, el viernes 31 de agosto se realiz\u00f3 la Cena Anual de Aniversario de la Orden en el Club de la Uni\u00f3n de Santiago, donde se reunieron cerca de 500 arquitectos colegiados de todo el pa\u00eds para celebrar y recibir en conjunto a los nuevos asociados que se integraron a la instituci\u00f3n en el \u00faltimo a\u00f1o y celebrar junto a las empresas auspiciadoras que han estado siempre presentes apoyando las actividades de la Orden.<\/p>\n<p style=\"text-align: justify;\">En la oportunidad, el Presidente Nacional de la entidad, Luis Eduardo Bresciani P., se dirigi\u00f3 a los arquitectos resaltando la labor que ha desarrollado el Colegio por el gremio en estos a\u00f1os y emplazando a los socios, en especial a los m\u00e1s j\u00f3venes, a seguir trabajando fuertemente por la Orden y por dignificar la profesi\u00f3n. En este sentido hizo especial \u00e9nfasis en la preocupaci\u00f3n sobre la calidad de la formaci\u00f3n universitaria entregada a los estudiantes, y sobre todo respecto a su formaci\u00f3n \u00e9tica, en la l\u00ednea vital de formar profesionales \u00edntegros que tengan siempre presente el compromiso adquirido con la sociedad y la comunidad que debe guiar su actividad profesional.<\/p>\n<p style=\"text-align: justify;\">En forma especial este a\u00f1o, el Directorio del Colegio decidi\u00f3 entregar el \u201cPremio 70 a\u00f1os\u201d a la Se\u00f1ora Mariana Ballacey Frontaura, Secretaria Ejecutiva de la Orden, por su destacada trayectoria en la instituci\u00f3n y m\u00e1s de 20 a\u00f1os de trabajo dedicados al Colegio.<\/p>\n<p style=\"text-align: justify;\"><img loading=\"lazy\" decoding=\"async\" class=\"alignnone wp-image-2404\" src=\"http:\/\/www.colegioarquitectos.com\/marcas.jpg\" alt=\"\" width=\"600\" height=\"643\" \/><\/p>\n<p style=\"text-align: justify;\"><a href=\"http:\/\/colegioarquitectos.com\/noticias\/wp-content\/uploads\/2012\/09\/DSC07642.jpg\"><img loading=\"lazy\" decoding=\"async\" class=\"alignnone size-full wp-image-2390\" title=\"DSC07642\" src=\"http:\/\/colegioarquitectos.com\/noticias\/wp-content\/uploads\/2012\/09\/DSC07642.jpg\" alt=\"\" width=\"551\" height=\"310\" srcset=\"https:\/\/colegioarquitectos.com\/noticias\/wp-content\/uploads\/2012\/09\/DSC07642.jpg 551w, https:\/\/colegioarquitectos.com\/noticias\/wp-content\/uploads\/2012\/09\/DSC07642-300x168.jpg 300w\" sizes=\"auto, (max-width: 551px) 100vw, 551px\" \/><\/a><\/p>\n<p style=\"text-align: justify;\"><a href=\"http:\/\/colegioarquitectos.com\/noticias\/wp-content\/uploads\/2012\/09\/DSC07643.jpg\"><img loading=\"lazy\" decoding=\"async\" class=\"alignnone size-full wp-image-2391\" title=\"DSC07643\" src=\"http:\/\/colegioarquitectos.com\/noticias\/wp-content\/uploads\/2012\/09\/DSC07643.jpg\" alt=\"\" width=\"551\" height=\"310\" srcset=\"https:\/\/colegioarquitectos.com\/noticias\/wp-content\/uploads\/2012\/09\/DSC07643.jpg 551w, https:\/\/colegioarquitectos.com\/noticias\/wp-content\/uploads\/2012\/09\/DSC07643-300x168.jpg 300w\" sizes=\"auto, (max-width: 551px) 100vw, 551px\" \/><\/a><\/p>\n<p style=\"text-align: justify;\"><a href=\"http:\/\/colegioarquitectos.com\/noticias\/wp-content\/uploads\/2012\/09\/DSC07658.jpg\"><img loading=\"lazy\" decoding=\"async\" class=\"alignnone size-full wp-image-2392\" title=\"DSC07658\" src=\"http:\/\/colegioarquitectos.com\/noticias\/wp-content\/uploads\/2012\/09\/DSC07658.jpg\" alt=\"\" width=\"551\" height=\"310\" srcset=\"https:\/\/colegioarquitectos.com\/noticias\/wp-content\/uploads\/2012\/09\/DSC07658.jpg 551w, https:\/\/colegioarquitectos.com\/noticias\/wp-content\/uploads\/2012\/09\/DSC07658-300x168.jpg 300w\" sizes=\"auto, (max-width: 551px) 100vw, 551px\" \/><\/a><\/p>\n<p style=\"text-align: justify;\"><a href=\"http:\/\/colegioarquitectos.com\/noticias\/wp-content\/uploads\/2012\/09\/DSC07672.jpg\"><img loading=\"lazy\" decoding=\"async\" class=\"alignnone size-full wp-image-2393\" title=\"DSC07672\" src=\"http:\/\/colegioarquitectos.com\/noticias\/wp-content\/uploads\/2012\/09\/DSC07672.jpg\" alt=\"\" width=\"551\" height=\"310\" srcset=\"https:\/\/colegioarquitectos.com\/noticias\/wp-content\/uploads\/2012\/09\/DSC07672.jpg 551w, https:\/\/colegioarquitectos.com\/noticias\/wp-content\/uploads\/2012\/09\/DSC07672-300x168.jpg 300w\" sizes=\"auto, (max-width: 551px) 100vw, 551px\" \/><\/a><\/p>\n<p style=\"text-align: justify;\"><a href=\"http:\/\/colegioarquitectos.com\/noticias\/wp-content\/uploads\/2012\/09\/DSC07674.jpg\"><img loading=\"lazy\" decoding=\"async\" class=\"alignnone size-full wp-image-2394\" title=\"DSC07674\" src=\"http:\/\/colegioarquitectos.com\/noticias\/wp-content\/uploads\/2012\/09\/DSC07674.jpg\" alt=\"\" width=\"551\" height=\"310\" srcset=\"https:\/\/colegioarquitectos.com\/noticias\/wp-content\/uploads\/2012\/09\/DSC07674.jpg 551w, https:\/\/colegioarquitectos.com\/noticias\/wp-content\/uploads\/2012\/09\/DSC07674-300x168.jpg 300w\" sizes=\"auto, (max-width: 551px) 100vw, 551px\" \/><\/a><\/p>\n<p style=\"text-align: justify;\"><a href=\"http:\/\/colegioarquitectos.com\/noticias\/wp-content\/uploads\/2012\/09\/DSC07689.jpg\"><img loading=\"lazy\" decoding=\"async\" class=\"alignnone size-full wp-image-2395\" title=\"DSC07689\" src=\"http:\/\/colegioarquitectos.com\/noticias\/wp-content\/uploads\/2012\/09\/DSC07689.jpg\" alt=\"\" width=\"551\" height=\"310\" srcset=\"https:\/\/colegioarquitectos.com\/noticias\/wp-content\/uploads\/2012\/09\/DSC07689.jpg 551w, https:\/\/colegioarquitectos.com\/noticias\/wp-content\/uploads\/2012\/09\/DSC07689-300x168.jpg 300w\" sizes=\"auto, (max-width: 551px) 100vw, 551px\" \/><\/a><\/p>\n<p style=\"text-align: justify;\"><a href=\"http:\/\/colegioarquitectos.com\/noticias\/wp-content\/uploads\/2012\/09\/DSC07687.jpg\"><img loading=\"lazy\" decoding=\"async\" class=\"alignnone size-full wp-image-2396\" title=\"DSC07687\" src=\"http:\/\/colegioarquitectos.com\/noticias\/wp-content\/uploads\/2012\/09\/DSC07687.jpg\" alt=\"\" width=\"551\" height=\"310\" srcset=\"https:\/\/colegioarquitectos.com\/noticias\/wp-content\/uploads\/2012\/09\/DSC07687.jpg 551w, https:\/\/colegioarquitectos.com\/noticias\/wp-content\/uploads\/2012\/09\/DSC07687-300x168.jpg 300w\" sizes=\"auto, (max-width: 551px) 100vw, 551px\" \/><\/a><\/p>\n<p style=\"text-align: justify;\"><a href=\"http:\/\/colegioarquitectos.com\/noticias\/wp-content\/uploads\/2012\/09\/DSC07694.jpg\"><img loading=\"lazy\" decoding=\"async\" class=\"alignnone size-full wp-image-2397\" title=\"DSC07694\" src=\"http:\/\/colegioarquitectos.com\/noticias\/wp-content\/uploads\/2012\/09\/DSC07694.jpg\" alt=\"\" width=\"551\" height=\"310\" srcset=\"https:\/\/colegioarquitectos.com\/noticias\/wp-content\/uploads\/2012\/09\/DSC07694.jpg 551w, https:\/\/colegioarquitectos.com\/noticias\/wp-content\/uploads\/2012\/09\/DSC07694-300x168.jpg 300w\" sizes=\"auto, (max-width: 551px) 100vw, 551px\" \/><\/a><\/p>\n<p><\/p>","protected":false},"excerpt":{"rendered":"<p>&nbsp; Conmemorando los 70 a\u00f1os que cumple el Colegio de Arquitectos de Chile desde su fundaci\u00f3n en 1942, el viernes 31 de agosto se realiz\u00f3 la Cena Anual de Aniversario de la Orden en el Club de la Uni\u00f3n de &hellip; <a class=\"more-link\" href=\"https:\/\/colegioarquitectos.com\/noticias\/?p=2389\">ver m\u00e1s<\/a><\/p>","protected":false},"author":1,"featured_media":0,"comment_status":"open","ping_status":"open","sticky":false,"template":"","format":"standard","meta":{"footnotes":""},"categories":[8,3],"tags":[],"class_list":["post-2389","post","type-post","status-publish","format-standard","hentry","category-colegio-de-arquitectos","category-noticias"],"yoast_head":"<!-- This site is optimized with the Yoast SEO plugin v24.2 - https:\/\/yoast.com\/wordpress\/plugins\/seo\/ -->\n<title>COLEGIO DE ARQUITECTOS CELEBRA 70 A\u00d1OS CON CENA ANIVERSARIO EN CLUB DE LA UNI\u00d3N - COLEGIO DE ARQUITECTOS DE CHILE<\/title>\n<meta name=\"robots\" content=\"index, follow, max-snippet:-1, max-image-preview:large, max-video-preview:-1\" \/>\n<link rel=\"canonical\" href=\"https:\/\/colegioarquitectos.com\/noticias\/?p=2389\" \/>\n<meta property=\"og:locale\" content=\"es_ES\" \/>\n<meta property=\"og:type\" content=\"article\" \/>\n<meta property=\"og:title\" content=\"COLEGIO DE ARQUITECTOS CELEBRA 70 A\u00d1OS CON CENA ANIVERSARIO EN CLUB DE LA UNI\u00d3N - COLEGIO DE ARQUITECTOS DE CHILE\" \/>\n<meta property=\"og:description\" content=\"&nbsp; Conmemorando los 70 a\u00f1os que cumple el Colegio de Arquitectos de Chile desde su fundaci\u00f3n en 1942, el viernes 31 de agosto se realiz\u00f3 la Cena Anual de Aniversario de la Orden en el Club de la Uni\u00f3n de &hellip; ver m\u00e1s\" \/>\n<meta property=\"og:url\" content=\"https:\/\/colegioarquitectos.com\/noticias\/?p=2389\" \/>\n<meta property=\"og:site_name\" content=\"COLEGIO DE ARQUITECTOS DE CHILE\" \/>\n<meta property=\"article:publisher\" content=\"https:\/\/facebook.com\/Colegioarq\/\" \/>\n<meta property=\"article:published_time\" content=\"2012-09-03T10:00:17+00:00\" \/>\n<meta property=\"article:modified_time\" content=\"2012-09-03T21:19:17+00:00\" \/>\n<meta property=\"og:image\" content=\"https:\/\/colegioarquitectos.com\/noticias\/wp-content\/uploads\/2012\/09\/marcas.jpg\" \/>\n\t<meta property=\"og:image:width\" content=\"600\" \/>\n\t<meta property=\"og:image:height\" content=\"643\" \/>\n\t<meta property=\"og:image:type\" content=\"image\/jpeg\" \/>\n<meta name=\"author\" content=\"Gabriel Salgado S.\" \/>\n<meta name=\"twitter:card\" content=\"summary_large_image\" \/>\n<meta name=\"twitter:creator\" content=\"@colegioarq\" \/>\n<meta name=\"twitter:site\" content=\"@colegioarq\" \/>\n<meta name=\"twitter:label1\" content=\"Escrito por\" \/>\n\t<meta name=\"twitter:data1\" content=\"Gabriel Salgado S.\" \/>\n\t<meta name=\"twitter:label2\" content=\"Tiempo de lectura\" \/>\n\t<meta name=\"twitter:data2\" content=\"1 minuto\" \/>\n<script type=\"application\/ld+json\" class=\"yoast-schema-graph\">{\"@context\":\"https:\/\/schema.org\",\"@graph\":[{\"@type\":\"Article\",\"@id\":\"https:\/\/colegioarquitectos.com\/noticias\/?p=2389#article\",\"isPartOf\":{\"@id\":\"https:\/\/colegioarquitectos.com\/noticias\/?p=2389\"},\"author\":{\"name\":\"Gabriel Salgado S.\",\"@id\":\"https:\/\/colegioarquitectos.com\/noticias\/#\/schema\/person\/b6c7e912cd1283c089114093ed09741f\"},\"headline\":\"COLEGIO DE ARQUITECTOS CELEBRA 70 A\u00d1OS CON CENA ANIVERSARIO EN CLUB DE LA UNI\u00d3N\",\"datePublished\":\"2012-09-03T10:00:17+00:00\",\"dateModified\":\"2012-09-03T21:19:17+00:00\",\"mainEntityOfPage\":{\"@id\":\"https:\/\/colegioarquitectos.com\/noticias\/?p=2389\"},\"wordCount\":273,\"commentCount\":0,\"publisher\":{\"@id\":\"https:\/\/colegioarquitectos.com\/noticias\/#organization\"},\"image\":{\"@id\":\"https:\/\/colegioarquitectos.com\/noticias\/?p=2389#primaryimage\"},\"thumbnailUrl\":\"http:\/\/www.colegioarquitectos.com\/marcas.jpg\",\"articleSection\":[\"Colegio\",\"Noticias\"],\"inLanguage\":\"es\",\"potentialAction\":[{\"@type\":\"CommentAction\",\"name\":\"Comment\",\"target\":[\"https:\/\/colegioarquitectos.com\/noticias\/?p=2389#respond\"]}]},{\"@type\":\"WebPage\",\"@id\":\"https:\/\/colegioarquitectos.com\/noticias\/?p=2389\",\"url\":\"https:\/\/colegioarquitectos.com\/noticias\/?p=2389\",\"name\":\"COLEGIO DE ARQUITECTOS CELEBRA 70 A\u00d1OS CON CENA ANIVERSARIO EN CLUB DE LA UNI\u00d3N - COLEGIO DE ARQUITECTOS DE CHILE\",\"isPartOf\":{\"@id\":\"https:\/\/colegioarquitectos.com\/noticias\/#website\"},\"primaryImageOfPage\":{\"@id\":\"https:\/\/colegioarquitectos.com\/noticias\/?p=2389#primaryimage\"},\"image\":{\"@id\":\"https:\/\/colegioarquitectos.com\/noticias\/?p=2389#primaryimage\"},\"thumbnailUrl\":\"http:\/\/www.colegioarquitectos.com\/marcas.jpg\",\"datePublished\":\"2012-09-03T10:00:17+00:00\",\"dateModified\":\"2012-09-03T21:19:17+00:00\",\"breadcrumb\":{\"@id\":\"https:\/\/colegioarquitectos.com\/noticias\/?p=2389#breadcrumb\"},\"inLanguage\":\"es\",\"potentialAction\":[{\"@type\":\"ReadAction\",\"target\":[\"https:\/\/colegioarquitectos.com\/noticias\/?p=2389\"]}]},{\"@type\":\"ImageObject\",\"inLanguage\":\"es\",\"@id\":\"https:\/\/colegioarquitectos.com\/noticias\/?p=2389#primaryimage\",\"url\":\"http:\/\/www.colegioarquitectos.com\/marcas.jpg\",\"contentUrl\":\"http:\/\/www.colegioarquitectos.com\/marcas.jpg\"},{\"@type\":\"BreadcrumbList\",\"@id\":\"https:\/\/colegioarquitectos.com\/noticias\/?p=2389#breadcrumb\",\"itemListElement\":[{\"@type\":\"ListItem\",\"position\":1,\"name\":\"Portada\",\"item\":\"https:\/\/colegioarquitectos.com\/noticias\"},{\"@type\":\"ListItem\",\"position\":2,\"name\":\"COLEGIO DE ARQUITECTOS CELEBRA 70 A\u00d1OS CON CENA ANIVERSARIO EN CLUB DE LA UNI\u00d3N\"}]},{\"@type\":\"WebSite\",\"@id\":\"https:\/\/colegioarquitectos.com\/noticias\/#website\",\"url\":\"https:\/\/colegioarquitectos.com\/noticias\/\",\"name\":\"COLEGIO DE ARQUITECTOS DE CHILE\",\"description\":\"\",\"publisher\":{\"@id\":\"https:\/\/colegioarquitectos.com\/noticias\/#organization\"},\"potentialAction\":[{\"@type\":\"SearchAction\",\"target\":{\"@type\":\"EntryPoint\",\"urlTemplate\":\"https:\/\/colegioarquitectos.com\/noticias\/?s={search_term_string}\"},\"query-input\":{\"@type\":\"PropertyValueSpecification\",\"valueRequired\":true,\"valueName\":\"search_term_string\"}}],\"inLanguage\":\"es\"},{\"@type\":\"Organization\",\"@id\":\"https:\/\/colegioarquitectos.com\/noticias\/#organization\",\"name\":\"COLEGIO DE ARQUITECTOS DE CHILE\",\"url\":\"https:\/\/colegioarquitectos.com\/noticias\/\",\"logo\":{\"@type\":\"ImageObject\",\"inLanguage\":\"es\",\"@id\":\"https:\/\/colegioarquitectos.com\/noticias\/#\/schema\/logo\/image\/\",\"url\":\"https:\/\/colegioarquitectos.com\/noticias\/wp-content\/uploads\/2021\/05\/ENCABEZADO-LOGO-CA.jpg\",\"contentUrl\":\"https:\/\/colegioarquitectos.com\/noticias\/wp-content\/uploads\/2021\/05\/ENCABEZADO-LOGO-CA.jpg\",\"width\":690,\"height\":350,\"caption\":\"COLEGIO DE ARQUITECTOS DE CHILE\"},\"image\":{\"@id\":\"https:\/\/colegioarquitectos.com\/noticias\/#\/schema\/logo\/image\/\"},\"sameAs\":[\"https:\/\/facebook.com\/Colegioarq\/\",\"https:\/\/x.com\/colegioarq\",\"https:\/\/instagram.com\/colegioarq\",\"https:\/\/youtube.com\/@ColegiodeArquitectosdeChile\"]},{\"@type\":\"Person\",\"@id\":\"https:\/\/colegioarquitectos.com\/noticias\/#\/schema\/person\/b6c7e912cd1283c089114093ed09741f\",\"name\":\"Gabriel Salgado S.\",\"url\":\"https:\/\/colegioarquitectos.com\/noticias\/?author=1\"}]}<\/script>\n<!-- \/ Yoast SEO plugin. -->","yoast_head_json":{"title":"COLEGIO DE ARQUITECTOS CELEBRA 70 A\u00d1OS CON CENA ANIVERSARIO EN CLUB DE LA UNI\u00d3N - COLEGIO DE ARQUITECTOS DE CHILE","robots":{"index":"index","follow":"follow","max-snippet":"max-snippet:-1","max-image-preview":"max-image-preview:large","max-video-preview":"max-video-preview:-1"},"canonical":"https:\/\/colegioarquitectos.com\/noticias\/?p=2389","og_locale":"es_ES","og_type":"article","og_title":"COLEGIO DE ARQUITECTOS CELEBRA 70 A\u00d1OS CON CENA ANIVERSARIO EN CLUB DE LA UNI\u00d3N - COLEGIO DE ARQUITECTOS DE CHILE","og_description":"&nbsp; Conmemorando los 70 a\u00f1os que cumple el Colegio de Arquitectos de Chile desde su fundaci\u00f3n en 1942, el viernes 31 de agosto se realiz\u00f3 la Cena Anual de Aniversario de la Orden en el Club de la Uni\u00f3n de &hellip; ver m\u00e1s","og_url":"https:\/\/colegioarquitectos.com\/noticias\/?p=2389","og_site_name":"COLEGIO DE ARQUITECTOS DE CHILE","article_publisher":"https:\/\/facebook.com\/Colegioarq\/","article_published_time":"2012-09-03T10:00:17+00:00","article_modified_time":"2012-09-03T21:19:17+00:00","og_image":[{"width":600,"height":643,"url":"https:\/\/colegioarquitectos.com\/noticias\/wp-content\/uploads\/2012\/09\/marcas.jpg","type":"image\/jpeg"}],"author":"Gabriel Salgado S.","twitter_card":"summary_large_image","twitter_creator":"@colegioarq","twitter_site":"@colegioarq","twitter_misc":{"Escrito por":"Gabriel Salgado S.","Tiempo de lectura":"1 minuto"},"schema":{"@context":"https:\/\/schema.org","@graph":[{"@type":"Article","@id":"https:\/\/colegioarquitectos.com\/noticias\/?p=2389#article","isPartOf":{"@id":"https:\/\/colegioarquitectos.com\/noticias\/?p=2389"},"author":{"name":"Gabriel Salgado S.","@id":"https:\/\/colegioarquitectos.com\/noticias\/#\/schema\/person\/b6c7e912cd1283c089114093ed09741f"},"headline":"COLEGIO DE ARQUITECTOS CELEBRA 70 A\u00d1OS CON CENA ANIVERSARIO EN CLUB DE LA UNI\u00d3N","datePublished":"2012-09-03T10:00:17+00:00","dateModified":"2012-09-03T21:19:17+00:00","mainEntityOfPage":{"@id":"https:\/\/colegioarquitectos.com\/noticias\/?p=2389"},"wordCount":273,"commentCount":0,"publisher":{"@id":"https:\/\/colegioarquitectos.com\/noticias\/#organization"},"image":{"@id":"https:\/\/colegioarquitectos.com\/noticias\/?p=2389#primaryimage"},"thumbnailUrl":"http:\/\/www.colegioarquitectos.com\/marcas.jpg","articleSection":["Colegio","Noticias"],"inLanguage":"es","potentialAction":[{"@type":"CommentAction","name":"Comment","target":["https:\/\/colegioarquitectos.com\/noticias\/?p=2389#respond"]}]},{"@type":"WebPage","@id":"https:\/\/colegioarquitectos.com\/noticias\/?p=2389","url":"https:\/\/colegioarquitectos.com\/noticias\/?p=2389","name":"COLEGIO DE ARQUITECTOS CELEBRA 70 A\u00d1OS CON CENA ANIVERSARIO EN CLUB DE LA UNI\u00d3N - COLEGIO DE ARQUITECTOS DE CHILE","isPartOf":{"@id":"https:\/\/colegioarquitectos.com\/noticias\/#website"},"primaryImageOfPage":{"@id":"https:\/\/colegioarquitectos.com\/noticias\/?p=2389#primaryimage"},"image":{"@id":"https:\/\/colegioarquitectos.com\/noticias\/?p=2389#primaryimage"},"thumbnailUrl":"http:\/\/www.colegioarquitectos.com\/marcas.jpg","datePublished":"2012-09-03T10:00:17+00:00","dateModified":"2012-09-03T21:19:17+00:00","breadcrumb":{"@id":"https:\/\/colegioarquitectos.com\/noticias\/?p=2389#breadcrumb"},"inLanguage":"es","potentialAction":[{"@type":"ReadAction","target":["https:\/\/colegioarquitectos.com\/noticias\/?p=2389"]}]},{"@type":"ImageObject","inLanguage":"es","@id":"https:\/\/colegioarquitectos.com\/noticias\/?p=2389#primaryimage","url":"http:\/\/www.colegioarquitectos.com\/marcas.jpg","contentUrl":"http:\/\/www.colegioarquitectos.com\/marcas.jpg"},{"@type":"BreadcrumbList","@id":"https:\/\/colegioarquitectos.com\/noticias\/?p=2389#breadcrumb","itemListElement":[{"@type":"ListItem","position":1,"name":"Portada","item":"https:\/\/colegioarquitectos.com\/noticias"},{"@type":"ListItem","position":2,"name":"COLEGIO DE ARQUITECTOS CELEBRA 70 A\u00d1OS CON CENA ANIVERSARIO EN CLUB DE LA UNI\u00d3N"}]},{"@type":"WebSite","@id":"https:\/\/colegioarquitectos.com\/noticias\/#website","url":"https:\/\/colegioarquitectos.com\/noticias\/","name":"COLEGIO DE ARQUITECTOS DE CHILE","description":"","publisher":{"@id":"https:\/\/colegioarquitectos.com\/noticias\/#organization"},"potentialAction":[{"@type":"SearchAction","target":{"@type":"EntryPoint","urlTemplate":"https:\/\/colegioarquitectos.com\/noticias\/?s={search_term_string}"},"query-input":{"@type":"PropertyValueSpecification","valueRequired":true,"valueName":"search_term_string"}}],"inLanguage":"es"},{"@type":"Organization","@id":"https:\/\/colegioarquitectos.com\/noticias\/#organization","name":"COLEGIO DE ARQUITECTOS DE CHILE","url":"https:\/\/colegioarquitectos.com\/noticias\/","logo":{"@type":"ImageObject","inLanguage":"es","@id":"https:\/\/colegioarquitectos.com\/noticias\/#\/schema\/logo\/image\/","url":"https:\/\/colegioarquitectos.com\/noticias\/wp-content\/uploads\/2021\/05\/ENCABEZADO-LOGO-CA.jpg","contentUrl":"https:\/\/colegioarquitectos.com\/noticias\/wp-content\/uploads\/2021\/05\/ENCABEZADO-LOGO-CA.jpg","width":690,"height":350,"caption":"COLEGIO DE ARQUITECTOS DE CHILE"},"image":{"@id":"https:\/\/colegioarquitectos.com\/noticias\/#\/schema\/logo\/image\/"},"sameAs":["https:\/\/facebook.com\/Colegioarq\/","https:\/\/x.com\/colegioarq","https:\/\/instagram.com\/colegioarq","https:\/\/youtube.com\/@ColegiodeArquitectosdeChile"]},{"@type":"Person","@id":"https:\/\/colegioarquitectos.com\/noticias\/#\/schema\/person\/b6c7e912cd1283c089114093ed09741f","name":"Gabriel Salgado S.","url":"https:\/\/colegioarquitectos.com\/noticias\/?author=1"}]}},"_links":{"self":[{"href":"https:\/\/colegioarquitectos.com\/noticias\/index.php?rest_route=\/wp\/v2\/posts\/2389","targetHints":{"allow":["GET"]}}],"collection":[{"href":"https:\/\/colegioarquitectos.com\/noticias\/index.php?rest_route=\/wp\/v2\/posts"}],"about":[{"href":"https:\/\/colegioarquitectos.com\/noticias\/index.php?rest_route=\/wp\/v2\/types\/post"}],"author":[{"embeddable":true,"href":"https:\/\/colegioarquitectos.com\/noticias\/index.php?rest_route=\/wp\/v2\/users\/1"}],"replies":[{"embeddable":true,"href":"https:\/\/colegioarquitectos.com\/noticias\/index.php?rest_route=%2Fwp%2Fv2%2Fcomments&post=2389"}],"version-history":[{"count":0,"href":"https:\/\/colegioarquitectos.com\/noticias\/index.php?rest_route=\/wp\/v2\/posts\/2389\/revisions"}],"wp:attachment":[{"href":"https:\/\/colegioarquitectos.com\/noticias\/index.php?rest_route=%2Fwp%2Fv2%2Fmedia&parent=2389"}],"wp:term":[{"taxonomy":"category","embeddable":true,"href":"https:\/\/colegioarquitectos.com\/noticias\/index.php?rest_route=%2Fwp%2Fv2%2Fcategories&post=2389"},{"taxonomy":"post_tag","embeddable":true,"href":"https:\/\/colegioarquitectos.com\/noticias\/index.php?rest_route=%2Fwp%2Fv2%2Ftags&post=2389"}],"curies":[{"name":"wp","href":"https:\/\/api.w.org\/{rel}","templated":true}]}}