
{"id":23945,"date":"2019-11-13T13:31:53","date_gmt":"2019-11-13T13:31:53","guid":{"rendered":"http:\/\/colegioarquitectos.com\/?p=23945"},"modified":"2019-12-03T14:58:37","modified_gmt":"2019-12-03T14:58:37","slug":"inscribete-en-el-seminario-internacional-accesibilidad-para-la-recreacion-el-ocio-y-el-deporte","status":"publish","type":"post","link":"https:\/\/colegioarquitectos.com\/noticias\/?p=23945","title":{"rendered":"Inscr\u00edbete en el Seminario Internacional \u00abAccesibilidad para la recreaci\u00f3n, el ocio y el deporte\u00bb"},"content":{"rendered":"<p>El <strong>Seminario Internacional \u00abAccesibilidad para la recreaci\u00f3n, el ocio y el deporte\u00bb<\/strong>, organizado por el <strong>Comit\u00e9 de Accesibilidad Universal<\/strong> en conjunto con el <strong>Comit\u00e9 de Arquitectura Deportiva<\/strong> del <strong>Colegio de Arquitectos de Chile, <\/strong>ha sido reagendado para el pr\u00f3ximo<strong> 28 y 29 noviembre<\/strong>.<\/p>\n<p>La actividad, que qued\u00f3 pendiente luego de la suspensi\u00f3n de la\u00a0<strong>Feria Libre de Arquitectura<\/strong>, <strong>XXI Bienal de Arquitectura y Urbanismo de Chile<\/strong>, se realizar\u00e1 en <strong>Las Condes Design<\/strong> (Avenida Las Condes 9765, Las Condes), desde las <strong>09.00 a las 13.00 horas<\/strong>, mientras que en las tardes el horario ser\u00e1 desde las <strong>15.00 a las 18.00 horas<\/strong>.<\/p>\n<p>La inauguraci\u00f3n contar\u00e1 con la presencia del Presidente del Colegio de Arquitectos, <strong>Humberto Eliash<\/strong>.<\/p>\n<p>El valor de inscripci\u00f3n general es de <strong>$20.000.<\/strong><\/p>\n<p>&nbsp;<\/p>\n<p><img loading=\"lazy\" decoding=\"async\" class=\"aligncenter size-large wp-image-24206\" src=\"http:\/\/colegioarquitectos.com\/noticias\/wp-content\/uploads\/2019\/11\/folleto-seminario-14-11_pages-to-jpg-0001-930x1024.jpg\" alt=\"\" width=\"690\" height=\"760\" srcset=\"https:\/\/colegioarquitectos.com\/noticias\/wp-content\/uploads\/2019\/11\/folleto-seminario-14-11_pages-to-jpg-0001-930x1024.jpg 930w, https:\/\/colegioarquitectos.com\/noticias\/wp-content\/uploads\/2019\/11\/folleto-seminario-14-11_pages-to-jpg-0001-272x300.jpg 272w, https:\/\/colegioarquitectos.com\/noticias\/wp-content\/uploads\/2019\/11\/folleto-seminario-14-11_pages-to-jpg-0001-768x846.jpg 768w, https:\/\/colegioarquitectos.com\/noticias\/wp-content\/uploads\/2019\/11\/folleto-seminario-14-11_pages-to-jpg-0001.jpg 1281w\" sizes=\"auto, (max-width: 690px) 100vw, 690px\" \/><\/p>\n<p><img loading=\"lazy\" decoding=\"async\" class=\"aligncenter size-large wp-image-24207\" src=\"http:\/\/colegioarquitectos.com\/noticias\/wp-content\/uploads\/2019\/11\/folleto-seminario-14-11_pages-to-jpg-0002-756x1024.jpg\" alt=\"\" width=\"690\" height=\"935\" srcset=\"https:\/\/colegioarquitectos.com\/noticias\/wp-content\/uploads\/2019\/11\/folleto-seminario-14-11_pages-to-jpg-0002-756x1024.jpg 756w, https:\/\/colegioarquitectos.com\/noticias\/wp-content\/uploads\/2019\/11\/folleto-seminario-14-11_pages-to-jpg-0002-221x300.jpg 221w, https:\/\/colegioarquitectos.com\/noticias\/wp-content\/uploads\/2019\/11\/folleto-seminario-14-11_pages-to-jpg-0002-768x1041.jpg 768w, https:\/\/colegioarquitectos.com\/noticias\/wp-content\/uploads\/2019\/11\/folleto-seminario-14-11_pages-to-jpg-0002.jpg 1281w\" sizes=\"auto, (max-width: 690px) 100vw, 690px\" \/><\/p>\n<p><img loading=\"lazy\" decoding=\"async\" class=\"aligncenter size-large wp-image-24208\" src=\"http:\/\/colegioarquitectos.com\/noticias\/wp-content\/uploads\/2019\/11\/folleto-seminario-14-11_pages-to-jpg-0003-756x1024.jpg\" alt=\"\" width=\"690\" height=\"935\" srcset=\"https:\/\/colegioarquitectos.com\/noticias\/wp-content\/uploads\/2019\/11\/folleto-seminario-14-11_pages-to-jpg-0003-756x1024.jpg 756w, https:\/\/colegioarquitectos.com\/noticias\/wp-content\/uploads\/2019\/11\/folleto-seminario-14-11_pages-to-jpg-0003-221x300.jpg 221w, https:\/\/colegioarquitectos.com\/noticias\/wp-content\/uploads\/2019\/11\/folleto-seminario-14-11_pages-to-jpg-0003-768x1041.jpg 768w, https:\/\/colegioarquitectos.com\/noticias\/wp-content\/uploads\/2019\/11\/folleto-seminario-14-11_pages-to-jpg-0003.jpg 1281w\" sizes=\"auto, (max-width: 690px) 100vw, 690px\" \/><\/p>\n<p>&nbsp;<\/p>\n<p>&nbsp;<\/p>\n<p>&nbsp;<\/p>\n<p>&nbsp;<\/p>\n<p>&nbsp;<\/p>\n<p>Puedes descargar el programa completo <strong><a href=\"http:\/\/colegioarquitectos.com\/noticias\/wp-content\/uploads\/2019\/11\/1.A.-Programa-SEMINARIO-Accesibilidad-al-13.11.19.pdf\">ac\u00e1<\/a>\u00a0<\/strong>e inscribirte en el siguiente formulario de inscripci\u00f3n:<\/p>\n<p><iframe loading=\"lazy\" src=\"https:\/\/docs.google.com\/forms\/d\/e\/1FAIpQLSdiPm2CXZHp8-MvMuhg2cpfWOFdHjRJC1gbOmMkp0KHRt0EYA\/viewform?embedded=true\" width=\"640\" height=\"1244\" frameborder=\"0\" marginwidth=\"0\" marginheight=\"0\">Cargando\u2026<\/iframe><\/p>\n<p>Luego de haber completado tu inscripci\u00f3n, seg\u00fan los valores antes descritos, puedes pagar a trav\u00e9s de transferencia bancaria a la siguiente cuenta:<\/p>\n<p>Raz\u00f3n social : FUNDACION ESPACIO Y DESARROLLO<\/p>\n<p>Rut: 65.154.280-4<\/p>\n<p>Banco: SCOTIABANK<\/p>\n<p>Cta. Cte.: 97.04990-32<\/p>\n<p>Mail: colegiados@colegioarquitectos.com<\/p>\n<p>**Indicando en el mail el nombre y rut de la persona que asistir\u00e1 a todo el Seminario.<\/p>\n<p>Para pagos con tarjeta de cr\u00e9dito o efectivo, puedes hacerlo directamente en la sede nacional del Colegio de Arquitectos de Chile (Avenida Libertador Bernardo O\u2019Higgins 115) de lunes a viernes desde de las 10:00 a las 13:00 horas.<\/p>\n<p><\/p>","protected":false},"excerpt":{"rendered":"<p>El Seminario Internacional \u00abAccesibilidad para la recreaci\u00f3n, el ocio y el deporte\u00bb, organizado por el Comit\u00e9 de Accesibilidad Universal en conjunto con el Comit\u00e9 de Arquitectura Deportiva del Colegio de Arquitectos de Chile, ha sido reagendado para el pr\u00f3ximo 28 &hellip; <a class=\"more-link\" href=\"https:\/\/colegioarquitectos.com\/noticias\/?p=23945\">ver m\u00e1s<\/a><\/p>","protected":false},"author":4,"featured_media":24188,"comment_status":"closed","ping_status":"closed","sticky":false,"template":"","format":"standard","meta":{"footnotes":""},"categories":[59],"tags":[],"class_list":["post-23945","post","type-post","status-publish","format-standard","has-post-thumbnail","hentry","category-bienal"],"yoast_head":"<!-- This site is optimized with the Yoast SEO plugin v24.2 - https:\/\/yoast.com\/wordpress\/plugins\/seo\/ -->\n<title>Inscr\u00edbete en el Seminario Internacional \u00abAccesibilidad para la recreaci\u00f3n, el ocio y el deporte\u00bb - COLEGIO DE ARQUITECTOS DE CHILE<\/title>\n<meta name=\"robots\" content=\"index, follow, max-snippet:-1, max-image-preview:large, max-video-preview:-1\" \/>\n<link rel=\"canonical\" href=\"https:\/\/colegioarquitectos.com\/noticias\/?p=23945\" \/>\n<meta property=\"og:locale\" content=\"es_ES\" \/>\n<meta property=\"og:type\" content=\"article\" \/>\n<meta property=\"og:title\" content=\"Inscr\u00edbete en el Seminario Internacional \u00abAccesibilidad para la recreaci\u00f3n, el ocio y el deporte\u00bb - COLEGIO DE ARQUITECTOS DE CHILE\" \/>\n<meta property=\"og:description\" content=\"El Seminario Internacional \u00abAccesibilidad para la recreaci\u00f3n, el ocio y el deporte\u00bb, organizado por el Comit\u00e9 de Accesibilidad Universal en conjunto con el Comit\u00e9 de Arquitectura Deportiva del Colegio de Arquitectos de Chile, ha sido reagendado para el pr\u00f3ximo 28 &hellip; ver m\u00e1s\" \/>\n<meta property=\"og:url\" content=\"https:\/\/colegioarquitectos.com\/noticias\/?p=23945\" \/>\n<meta property=\"og:site_name\" content=\"COLEGIO DE ARQUITECTOS DE CHILE\" \/>\n<meta property=\"article:publisher\" content=\"https:\/\/facebook.com\/Colegioarq\/\" \/>\n<meta property=\"article:published_time\" content=\"2019-11-13T13:31:53+00:00\" \/>\n<meta property=\"article:modified_time\" content=\"2019-12-03T14:58:37+00:00\" \/>\n<meta property=\"og:image\" content=\"https:\/\/colegioarquitectos.com\/noticias\/wp-content\/uploads\/2019\/09\/ENCABEZADO-2.jpg\" \/>\n\t<meta property=\"og:image:width\" content=\"690\" \/>\n\t<meta property=\"og:image:height\" content=\"350\" \/>\n\t<meta property=\"og:image:type\" content=\"image\/jpeg\" \/>\n<meta name=\"author\" content=\"Colegio de Arquitectos de Chile\" \/>\n<meta name=\"twitter:card\" content=\"summary_large_image\" \/>\n<meta name=\"twitter:creator\" content=\"@colegioarq\" \/>\n<meta name=\"twitter:site\" content=\"@colegioarq\" \/>\n<meta name=\"twitter:label1\" content=\"Escrito por\" \/>\n\t<meta name=\"twitter:data1\" content=\"Colegio de Arquitectos de Chile\" \/>\n\t<meta name=\"twitter:label2\" content=\"Tiempo de lectura\" \/>\n\t<meta name=\"twitter:data2\" content=\"1 minuto\" \/>\n<script type=\"application\/ld+json\" class=\"yoast-schema-graph\">{\"@context\":\"https:\/\/schema.org\",\"@graph\":[{\"@type\":\"Article\",\"@id\":\"https:\/\/colegioarquitectos.com\/noticias\/?p=23945#article\",\"isPartOf\":{\"@id\":\"https:\/\/colegioarquitectos.com\/noticias\/?p=23945\"},\"author\":{\"name\":\"Colegio de Arquitectos de Chile\",\"@id\":\"https:\/\/colegioarquitectos.com\/noticias\/#\/schema\/person\/685cc0aad148303c5608f049af8285ad\"},\"headline\":\"Inscr\u00edbete en el Seminario Internacional \u00abAccesibilidad para la recreaci\u00f3n, el ocio y el deporte\u00bb\",\"datePublished\":\"2019-11-13T13:31:53+00:00\",\"dateModified\":\"2019-12-03T14:58:37+00:00\",\"mainEntityOfPage\":{\"@id\":\"https:\/\/colegioarquitectos.com\/noticias\/?p=23945\"},\"wordCount\":254,\"publisher\":{\"@id\":\"https:\/\/colegioarquitectos.com\/noticias\/#organization\"},\"image\":{\"@id\":\"https:\/\/colegioarquitectos.com\/noticias\/?p=23945#primaryimage\"},\"thumbnailUrl\":\"https:\/\/colegioarquitectos.com\/noticias\/wp-content\/uploads\/2019\/09\/ENCABEZADO-2.jpg\",\"articleSection\":[\"Bienal\"],\"inLanguage\":\"es\"},{\"@type\":\"WebPage\",\"@id\":\"https:\/\/colegioarquitectos.com\/noticias\/?p=23945\",\"url\":\"https:\/\/colegioarquitectos.com\/noticias\/?p=23945\",\"name\":\"Inscr\u00edbete en el Seminario Internacional \u00abAccesibilidad para la recreaci\u00f3n, el ocio y el deporte\u00bb - COLEGIO DE ARQUITECTOS DE CHILE\",\"isPartOf\":{\"@id\":\"https:\/\/colegioarquitectos.com\/noticias\/#website\"},\"primaryImageOfPage\":{\"@id\":\"https:\/\/colegioarquitectos.com\/noticias\/?p=23945#primaryimage\"},\"image\":{\"@id\":\"https:\/\/colegioarquitectos.com\/noticias\/?p=23945#primaryimage\"},\"thumbnailUrl\":\"https:\/\/colegioarquitectos.com\/noticias\/wp-content\/uploads\/2019\/09\/ENCABEZADO-2.jpg\",\"datePublished\":\"2019-11-13T13:31:53+00:00\",\"dateModified\":\"2019-12-03T14:58:37+00:00\",\"breadcrumb\":{\"@id\":\"https:\/\/colegioarquitectos.com\/noticias\/?p=23945#breadcrumb\"},\"inLanguage\":\"es\",\"potentialAction\":[{\"@type\":\"ReadAction\",\"target\":[\"https:\/\/colegioarquitectos.com\/noticias\/?p=23945\"]}]},{\"@type\":\"ImageObject\",\"inLanguage\":\"es\",\"@id\":\"https:\/\/colegioarquitectos.com\/noticias\/?p=23945#primaryimage\",\"url\":\"https:\/\/colegioarquitectos.com\/noticias\/wp-content\/uploads\/2019\/09\/ENCABEZADO-2.jpg\",\"contentUrl\":\"https:\/\/colegioarquitectos.com\/noticias\/wp-content\/uploads\/2019\/09\/ENCABEZADO-2.jpg\",\"width\":690,\"height\":350},{\"@type\":\"BreadcrumbList\",\"@id\":\"https:\/\/colegioarquitectos.com\/noticias\/?p=23945#breadcrumb\",\"itemListElement\":[{\"@type\":\"ListItem\",\"position\":1,\"name\":\"Portada\",\"item\":\"https:\/\/colegioarquitectos.com\/noticias\"},{\"@type\":\"ListItem\",\"position\":2,\"name\":\"Inscr\u00edbete en el Seminario Internacional \u00abAccesibilidad para la recreaci\u00f3n, el ocio y el deporte\u00bb\"}]},{\"@type\":\"WebSite\",\"@id\":\"https:\/\/colegioarquitectos.com\/noticias\/#website\",\"url\":\"https:\/\/colegioarquitectos.com\/noticias\/\",\"name\":\"COLEGIO DE ARQUITECTOS DE CHILE\",\"description\":\"\",\"publisher\":{\"@id\":\"https:\/\/colegioarquitectos.com\/noticias\/#organization\"},\"potentialAction\":[{\"@type\":\"SearchAction\",\"target\":{\"@type\":\"EntryPoint\",\"urlTemplate\":\"https:\/\/colegioarquitectos.com\/noticias\/?s={search_term_string}\"},\"query-input\":{\"@type\":\"PropertyValueSpecification\",\"valueRequired\":true,\"valueName\":\"search_term_string\"}}],\"inLanguage\":\"es\"},{\"@type\":\"Organization\",\"@id\":\"https:\/\/colegioarquitectos.com\/noticias\/#organization\",\"name\":\"COLEGIO DE ARQUITECTOS DE CHILE\",\"url\":\"https:\/\/colegioarquitectos.com\/noticias\/\",\"logo\":{\"@type\":\"ImageObject\",\"inLanguage\":\"es\",\"@id\":\"https:\/\/colegioarquitectos.com\/noticias\/#\/schema\/logo\/image\/\",\"url\":\"https:\/\/colegioarquitectos.com\/noticias\/wp-content\/uploads\/2021\/05\/ENCABEZADO-LOGO-CA.jpg\",\"contentUrl\":\"https:\/\/colegioarquitectos.com\/noticias\/wp-content\/uploads\/2021\/05\/ENCABEZADO-LOGO-CA.jpg\",\"width\":690,\"height\":350,\"caption\":\"COLEGIO DE ARQUITECTOS DE CHILE\"},\"image\":{\"@id\":\"https:\/\/colegioarquitectos.com\/noticias\/#\/schema\/logo\/image\/\"},\"sameAs\":[\"https:\/\/facebook.com\/Colegioarq\/\",\"https:\/\/x.com\/colegioarq\",\"https:\/\/instagram.com\/colegioarq\",\"https:\/\/youtube.com\/@ColegiodeArquitectosdeChile\"]},{\"@type\":\"Person\",\"@id\":\"https:\/\/colegioarquitectos.com\/noticias\/#\/schema\/person\/685cc0aad148303c5608f049af8285ad\",\"name\":\"Colegio de Arquitectos de Chile\",\"url\":\"https:\/\/colegioarquitectos.com\/noticias\/?author=4\"}]}<\/script>\n<!-- \/ Yoast SEO plugin. -->","yoast_head_json":{"title":"Inscr\u00edbete en el Seminario Internacional \u00abAccesibilidad para la recreaci\u00f3n, el ocio y el deporte\u00bb - COLEGIO DE ARQUITECTOS DE CHILE","robots":{"index":"index","follow":"follow","max-snippet":"max-snippet:-1","max-image-preview":"max-image-preview:large","max-video-preview":"max-video-preview:-1"},"canonical":"https:\/\/colegioarquitectos.com\/noticias\/?p=23945","og_locale":"es_ES","og_type":"article","og_title":"Inscr\u00edbete en el Seminario Internacional \u00abAccesibilidad para la recreaci\u00f3n, el ocio y el deporte\u00bb - COLEGIO DE ARQUITECTOS DE CHILE","og_description":"El Seminario Internacional \u00abAccesibilidad para la recreaci\u00f3n, el ocio y el deporte\u00bb, organizado por el Comit\u00e9 de Accesibilidad Universal en conjunto con el Comit\u00e9 de Arquitectura Deportiva del Colegio de Arquitectos de Chile, ha sido reagendado para el pr\u00f3ximo 28 &hellip; ver m\u00e1s","og_url":"https:\/\/colegioarquitectos.com\/noticias\/?p=23945","og_site_name":"COLEGIO DE ARQUITECTOS DE CHILE","article_publisher":"https:\/\/facebook.com\/Colegioarq\/","article_published_time":"2019-11-13T13:31:53+00:00","article_modified_time":"2019-12-03T14:58:37+00:00","og_image":[{"width":690,"height":350,"url":"https:\/\/colegioarquitectos.com\/noticias\/wp-content\/uploads\/2019\/09\/ENCABEZADO-2.jpg","type":"image\/jpeg"}],"author":"Colegio de Arquitectos de Chile","twitter_card":"summary_large_image","twitter_creator":"@colegioarq","twitter_site":"@colegioarq","twitter_misc":{"Escrito por":"Colegio de Arquitectos de Chile","Tiempo de lectura":"1 minuto"},"schema":{"@context":"https:\/\/schema.org","@graph":[{"@type":"Article","@id":"https:\/\/colegioarquitectos.com\/noticias\/?p=23945#article","isPartOf":{"@id":"https:\/\/colegioarquitectos.com\/noticias\/?p=23945"},"author":{"name":"Colegio de Arquitectos de Chile","@id":"https:\/\/colegioarquitectos.com\/noticias\/#\/schema\/person\/685cc0aad148303c5608f049af8285ad"},"headline":"Inscr\u00edbete en el Seminario Internacional \u00abAccesibilidad para la recreaci\u00f3n, el ocio y el deporte\u00bb","datePublished":"2019-11-13T13:31:53+00:00","dateModified":"2019-12-03T14:58:37+00:00","mainEntityOfPage":{"@id":"https:\/\/colegioarquitectos.com\/noticias\/?p=23945"},"wordCount":254,"publisher":{"@id":"https:\/\/colegioarquitectos.com\/noticias\/#organization"},"image":{"@id":"https:\/\/colegioarquitectos.com\/noticias\/?p=23945#primaryimage"},"thumbnailUrl":"https:\/\/colegioarquitectos.com\/noticias\/wp-content\/uploads\/2019\/09\/ENCABEZADO-2.jpg","articleSection":["Bienal"],"inLanguage":"es"},{"@type":"WebPage","@id":"https:\/\/colegioarquitectos.com\/noticias\/?p=23945","url":"https:\/\/colegioarquitectos.com\/noticias\/?p=23945","name":"Inscr\u00edbete en el Seminario Internacional \u00abAccesibilidad para la recreaci\u00f3n, el ocio y el deporte\u00bb - COLEGIO DE ARQUITECTOS DE CHILE","isPartOf":{"@id":"https:\/\/colegioarquitectos.com\/noticias\/#website"},"primaryImageOfPage":{"@id":"https:\/\/colegioarquitectos.com\/noticias\/?p=23945#primaryimage"},"image":{"@id":"https:\/\/colegioarquitectos.com\/noticias\/?p=23945#primaryimage"},"thumbnailUrl":"https:\/\/colegioarquitectos.com\/noticias\/wp-content\/uploads\/2019\/09\/ENCABEZADO-2.jpg","datePublished":"2019-11-13T13:31:53+00:00","dateModified":"2019-12-03T14:58:37+00:00","breadcrumb":{"@id":"https:\/\/colegioarquitectos.com\/noticias\/?p=23945#breadcrumb"},"inLanguage":"es","potentialAction":[{"@type":"ReadAction","target":["https:\/\/colegioarquitectos.com\/noticias\/?p=23945"]}]},{"@type":"ImageObject","inLanguage":"es","@id":"https:\/\/colegioarquitectos.com\/noticias\/?p=23945#primaryimage","url":"https:\/\/colegioarquitectos.com\/noticias\/wp-content\/uploads\/2019\/09\/ENCABEZADO-2.jpg","contentUrl":"https:\/\/colegioarquitectos.com\/noticias\/wp-content\/uploads\/2019\/09\/ENCABEZADO-2.jpg","width":690,"height":350},{"@type":"BreadcrumbList","@id":"https:\/\/colegioarquitectos.com\/noticias\/?p=23945#breadcrumb","itemListElement":[{"@type":"ListItem","position":1,"name":"Portada","item":"https:\/\/colegioarquitectos.com\/noticias"},{"@type":"ListItem","position":2,"name":"Inscr\u00edbete en el Seminario Internacional \u00abAccesibilidad para la recreaci\u00f3n, el ocio y el deporte\u00bb"}]},{"@type":"WebSite","@id":"https:\/\/colegioarquitectos.com\/noticias\/#website","url":"https:\/\/colegioarquitectos.com\/noticias\/","name":"COLEGIO DE ARQUITECTOS DE CHILE","description":"","publisher":{"@id":"https:\/\/colegioarquitectos.com\/noticias\/#organization"},"potentialAction":[{"@type":"SearchAction","target":{"@type":"EntryPoint","urlTemplate":"https:\/\/colegioarquitectos.com\/noticias\/?s={search_term_string}"},"query-input":{"@type":"PropertyValueSpecification","valueRequired":true,"valueName":"search_term_string"}}],"inLanguage":"es"},{"@type":"Organization","@id":"https:\/\/colegioarquitectos.com\/noticias\/#organization","name":"COLEGIO DE ARQUITECTOS DE CHILE","url":"https:\/\/colegioarquitectos.com\/noticias\/","logo":{"@type":"ImageObject","inLanguage":"es","@id":"https:\/\/colegioarquitectos.com\/noticias\/#\/schema\/logo\/image\/","url":"https:\/\/colegioarquitectos.com\/noticias\/wp-content\/uploads\/2021\/05\/ENCABEZADO-LOGO-CA.jpg","contentUrl":"https:\/\/colegioarquitectos.com\/noticias\/wp-content\/uploads\/2021\/05\/ENCABEZADO-LOGO-CA.jpg","width":690,"height":350,"caption":"COLEGIO DE ARQUITECTOS DE CHILE"},"image":{"@id":"https:\/\/colegioarquitectos.com\/noticias\/#\/schema\/logo\/image\/"},"sameAs":["https:\/\/facebook.com\/Colegioarq\/","https:\/\/x.com\/colegioarq","https:\/\/instagram.com\/colegioarq","https:\/\/youtube.com\/@ColegiodeArquitectosdeChile"]},{"@type":"Person","@id":"https:\/\/colegioarquitectos.com\/noticias\/#\/schema\/person\/685cc0aad148303c5608f049af8285ad","name":"Colegio de Arquitectos de Chile","url":"https:\/\/colegioarquitectos.com\/noticias\/?author=4"}]}},"_links":{"self":[{"href":"https:\/\/colegioarquitectos.com\/noticias\/index.php?rest_route=\/wp\/v2\/posts\/23945","targetHints":{"allow":["GET"]}}],"collection":[{"href":"https:\/\/colegioarquitectos.com\/noticias\/index.php?rest_route=\/wp\/v2\/posts"}],"about":[{"href":"https:\/\/colegioarquitectos.com\/noticias\/index.php?rest_route=\/wp\/v2\/types\/post"}],"author":[{"embeddable":true,"href":"https:\/\/colegioarquitectos.com\/noticias\/index.php?rest_route=\/wp\/v2\/users\/4"}],"replies":[{"embeddable":true,"href":"https:\/\/colegioarquitectos.com\/noticias\/index.php?rest_route=%2Fwp%2Fv2%2Fcomments&post=23945"}],"version-history":[{"count":0,"href":"https:\/\/colegioarquitectos.com\/noticias\/index.php?rest_route=\/wp\/v2\/posts\/23945\/revisions"}],"wp:featuredmedia":[{"embeddable":true,"href":"https:\/\/colegioarquitectos.com\/noticias\/index.php?rest_route=\/wp\/v2\/media\/24188"}],"wp:attachment":[{"href":"https:\/\/colegioarquitectos.com\/noticias\/index.php?rest_route=%2Fwp%2Fv2%2Fmedia&parent=23945"}],"wp:term":[{"taxonomy":"category","embeddable":true,"href":"https:\/\/colegioarquitectos.com\/noticias\/index.php?rest_route=%2Fwp%2Fv2%2Fcategories&post=23945"},{"taxonomy":"post_tag","embeddable":true,"href":"https:\/\/colegioarquitectos.com\/noticias\/index.php?rest_route=%2Fwp%2Fv2%2Ftags&post=23945"}],"curies":[{"name":"wp","href":"https:\/\/api.w.org\/{rel}","templated":true}]}}