
{"id":23988,"date":"2019-10-08T18:46:28","date_gmt":"2019-10-08T18:46:28","guid":{"rendered":"http:\/\/colegioarquitectos.com\/?p=23988"},"modified":"2019-10-08T18:57:22","modified_gmt":"2019-10-08T18:57:22","slug":"la-feria-libre-de-arquitectura-se-tomara-llanquihue-y-sus-alrededores-hasta-el-31-de-octubre","status":"publish","type":"post","link":"https:\/\/colegioarquitectos.com\/noticias\/?p=23988","title":{"rendered":"La Feria Libre de Arquitectura se tomar\u00e1 Llanquihue y sus alrededores hasta el 31 de octubre"},"content":{"rendered":"<p>Durante las \u00faltimas d\u00e9cadas se ha puesto en valor aquella arquitectura de grandes obras y holgados presupuestos, provocando una creciente reacci\u00f3n disciplinar enfocada en aquella arquitectura para la pobreza. Esta reacci\u00f3n se manifest\u00f3 expl\u00edcitamente en publicaciones, bienales y ciclos acad\u00e9micos. Probablemente sin pretenderlo, dichas acciones dejaron una idea sobre precariedad y marginalidad como realidades est\u00e9ticamente atractivas contribuyendo a la banalizaci\u00f3n de su trasfondo.<\/p>\n<p>El constante desarrollo econ\u00f3mico y democr\u00e1tico en Chile, ha reducido la pobreza de aproximadamente 40% a fines de la dictadura a un 11% en la actualidad. Situaci\u00f3n que masifica la presencia de grupos sociales comunes y corrientes con un contexto sociocultural que no es lo suficientemente llamativo para los medios ni intelectuales, pero s\u00ed para el poder pol\u00edtico y el mercado dada su amplia masa traducida en votos y capacidad de compra.<\/p>\n<p>Dicho segmento social no ha sido de inter\u00e9s para la discusi\u00f3n disciplinar, no cuenta con los recursos para grandes obras ni tampoco con la brutal est\u00e9tica de la pobreza. Grupo que tradicionalmente ha estado despojado de la arquitectura reconocida y premiada, ya que b\u00e1sicamente ven satisfechas sus necesidades de habitaci\u00f3n por la mano invisible del mercado, de acuerdo a la comparsa definida por el Estado a trav\u00e9s de subsidios complementarios al esfuerzo y endeudamiento individual.<\/p>\n<p>\u00bfQu\u00e9 pasa con la arquitectura com\u00fan y corriente? \u00bfQui\u00e9n produce arquitectura para los ni tan ricos ni tan pobres? \u00bfQu\u00e9 nivel de participaci\u00f3n tienen los arquitectos en las necesidades de la gente com\u00fan y corriente? Son preguntas que esta Bienal intenta responder y utilizar de sustento para indagar en aquella arquitectura que necesitamos para cubrir las demandas de una nueva geograf\u00eda social, la de un pa\u00eds al borde del desarrollo con necesidades maduras en torno a la calidad de vida.<\/p>\n<p>A\u00f1o tras a\u00f1o el 80% de lo que se construye es vivienda, configur\u00e1ndose la ciudad desde la necesidad m\u00e1s b\u00e1sica, el habitar cotidiano. De ah\u00ed es donde lo com\u00fan, corriente y colectivo resulta tan relevante y trascendental en el crecimiento y regeneraci\u00f3n de nuestras ciudades.<\/p>\n<p>Lo com\u00fan no s\u00f3lo se entiende como lo habitual, sino que tambi\u00e9n sobre la noci\u00f3n de colectividad, espacio compartido, hace referencia precisamente a la idea de un espacio de todos. Estos espacios, o momentos, suelen, a su vez, ser justamente corrientes. La carne del problema est\u00e1 en el espacio p\u00fablico y la vivienda, como una magn\u00edfica oportunidad para mostrar un cat\u00e1logo de soluciones que atienden necesidades comunes a trav\u00e9s de una Feria Libre de Arquitectura llevando la arquitectura a la ciudadan\u00eda y trayendo lo com\u00fan a la arquitectura.<\/p>\n<p><strong>\u00a0<\/strong><\/p>\n<h2><strong>Acciones Territoriales<\/strong><\/h2>\n<p>La propuesta de la Bienal a realizarse en octubre de 2019 contempla acciones en conjunto con las 19 delegaciones zonales, m\u00e1s Santiago donde se realizar\u00e1 la muestra principal en el Barrio Franklin. El contenido se congregar\u00e1 mediante la apertura de convocatorias orientadas a trabajos profesionales y acad\u00e9micos desde una perspectiva pr\u00e1ctica y te\u00f3rica que expresen dicha voluntad de lo com\u00fan, lo dom\u00e9stico y lo colectivo a trav\u00e9s de obras, proyectos, publicaciones e investigaciones.<\/p>\n<p>Las acciones regionales de gran impacto se realizar\u00e1n en 4 ciudades a la largo del Pa\u00eds y se alojar\u00e1n en uno o varios espacios que tengan las caracter\u00edsticas de los espacios ocupados en la muestra principal de Santiago, como los son: una Feria-Mercado-Caleta y un Teatro, de manera de poder realizar las Conferencias, Charlas y Actividades que se llevar\u00e1n a cabo durante un mes en las ciudades activadas. \u00c9ste o estos recintos ser\u00e1n articulados a trav\u00e9s de la activaci\u00f3n del espacio p\u00fablico que los une con la instalaci\u00f3n de un carro a gran escala, entendiendo la noci\u00f3n de temporalidad y equipamiento ef\u00edmero del sitio, condiciones que otorgan de una dimensi\u00f3n coreogr\u00e1fica al Barrio y la Bienal. Los carros de las acciones regionales, ser\u00e1n dos, uno con la Muestra Nacional de Proyectos Profesionales y de Estudiantes y otro que presente un programa mixto que sirva como soporte para actividades a desarrollar las cuales deben estar en directa relaci\u00f3n con los visitantes o residentes que est\u00e9n vinculados y\/o circulando por el barrio. Adem\u00e1s, esperamos contar con APP que nos permitan tener, por ejemplo, las maquetas de los proyectos en realidad aumentada. Las otras ciudades con Delegaciones Zonales activas, podr\u00e1n realizar actividades satelitales seg\u00fan la capacidad de gesti\u00f3n que tenga cada delegaci\u00f3n en su regi\u00f3n y\/o ciudad. Pero a todas se les solicitar\u00e1 colaboraci\u00f3n para convocar la mayor cantidad de proyectos del pa\u00eds &#8211;\u00a0<strong>Equipo Curatorial <\/strong><\/p>\n<p>&nbsp;<\/p>\n<h2><strong>Desarrollo de la Acci\u00f3n Territorial<\/strong><\/h2>\n<p><strong>Actividades de la Delegaci\u00f3n Zonal Llanquihue en colaboraci\u00f3n con la Municipalidad de Puerto Montt + Quiero Mi Barrio + JJVV<\/strong><\/p>\n<p>&nbsp;<\/p>\n<p><strong>Objetivo general<\/strong><\/p>\n<p>Promover el sentido de apropiaci\u00f3n de los ni\u00f1os, j\u00f3venes, adultos y adultos mayores con su entorno a partir de la pr\u00e1ctica de habilidades blandas tales como: la creatividad, la comunicaci\u00f3n y la colaboraci\u00f3n, como principio de toda transformaci\u00f3n ciudadana.<\/p>\n<p>Desarrollar el reconocimiento, comprensi\u00f3n y valoraci\u00f3n del medio ambiente construido y natural con el fin de formar ciudadanos capaces de utilizar lo aprendido como instrumento de transformaci\u00f3n, no solo de su existencia, sino tambi\u00e9n del mundo que los rodea bajo los principios del desarrollo sostenible.<\/p>\n<p>&nbsp;<\/p>\n<p><strong>Algunos de los Objetivos espec\u00edficos de las actividades en Ciudades y Barrios<\/strong><\/p>\n<ul>\n<li>Desarrollar en el Habitante (desde ni\u00f1os a adultos mayores), un criterio propio de la Ciudad que vive, con el fin de identificar aquellos elementos que se vinculan a sus recorridos, h\u00e1bitos y sue\u00f1os.<\/li>\n<li>Hacer uso de las herramientas gr\u00e1ficas, visuales y manuales como lenguaje de comunicaci\u00f3n a trav\u00e9s de la creaci\u00f3n de mapas de ciudad e intervenci\u00f3n de espacios f\u00edsicos.<\/li>\n<li>Desarrollar habilidades sociales como respeto a los dem\u00e1s, cooperaci\u00f3n, di\u00e1logo y trabajo en equipo<\/li>\n<li>Fomentar acciones encaminadas a la convivencia, al respeto y cuidado por el entorno que conlleven a propuestas de transformaci\u00f3n espacial.<\/li>\n<li>Generar ideas de transformaci\u00f3n urbana para el Espacio P\u00fablico y su Barrio<\/li>\n<li>Desarrollar la identidad de Ciudadanos a trav\u00e9s del reconocimiento de su barrio y sus necesidades.<\/li>\n<li>Promover el encuentro entre vecinos y actores que influyen en la convivencia de un espacio determinado.<\/li>\n<li>Estimular iniciativas que tiendan a contribuir en la renovaci\u00f3n de Ciudades como mejoramiento de la calidad de vida de los habitantes, involucrando a toda la comunidad del barrio con sus organizaciones e instituciones.<\/li>\n<\/ul>\n<p>&nbsp;<\/p>\n<p><strong>Din\u00e1mica participativa<\/strong><\/p>\n<ul>\n<li>Concurso de dibujo en t\u00e9cnica libre, con tem\u00e1ticas vinculadas al Patrimonio y el Medio Ambiente en el Barrio Puerto.<\/li>\n<li>Exposici\u00f3n de los dibujos realizados por las ni\u00f1as y los ni\u00f1os de la escuela en el carro de proyectos.<\/li>\n<li>Din\u00e1mica del Cubo, en donde los ni\u00f1os y las ni\u00f1as de la escuela plasman sus ideas, ya sea mediante la escritura y\/o dibujo sobre como conciben su entorno educativo; identificando lugares de apropiaci\u00f3n, espacios significativos de encuentro, espacios conflictivos, etc.<\/li>\n<li>Din\u00e1mica del cubo con la comunidad en su conjunto, en donde deben plasmar mediante escritura y\/o dibujo c\u00f3mo ven su barrio, en cuanto a lo simb\u00f3lico, a lo f\u00edsico material (arquitectura, dise\u00f1o, edificaci\u00f3n), al uso y funcionalidad (comercial, residencial, econ\u00f3mico. As\u00ed tambi\u00e9n, identificar qu\u00e9 elementos patrimoniales y medioambientales desean conservar, eliminar e incorporar.<\/li>\n<li>Premiaci\u00f3n del concurso de dibujo de los ni\u00f1as y ni\u00f1as de la escuela, para su posterior exposici\u00f3n en Santiago.<\/li>\n<li>Finalmente, el Colegio de Arquitectos a partir de las din\u00e1micas participativas con la comunidad, realizar\u00e1 compromisos para realizar a futuro proyectos o iniciativas en el Barrio Puerto.<\/li>\n<\/ul>\n<p>&nbsp;<\/p>\n<p><strong>Duraci\u00f3n: Lunes 30 de Septiembre al Jueves 31 de octubre, 2019.<\/strong><\/p>\n<p>&nbsp;<\/p>\n<p><strong>Locaciones y ciudades de desarrollo:<\/strong><\/p>\n<p>&nbsp;<\/p>\n<ol>\n<li><strong>PUERTO MONTT<\/strong><\/li>\n<\/ol>\n<p>UNIVERSIDAD SAN SEBASTI\u00c1N\u00a0 &gt; 31Sep \u2013 1 Oct.<\/p>\n<ul>\n<li>Llegada de Carro muestra itinerante<\/li>\n<li>Presentaci\u00f3n de la Bienal a los estudiantes<\/li>\n<li>Actividad participativa<\/li>\n<\/ul>\n<p>&nbsp;<\/p>\n<p>PLAZA DE ARMAS\u00a0 &gt;\u00a0 2 Oct \u2013 3 Oct<\/p>\n<ul>\n<li>Inauguraci\u00f3n Oficial<\/li>\n<li>Presentaci\u00f3n de la Bienal a la comunidad y autoridades.<\/li>\n<li>Actividades en colaboraci\u00f3n con la Municipalidad de Puerto Montt<\/li>\n<\/ul>\n<p>&nbsp;<\/p>\n<p>BARRIO PICHI PELLUCO\u00a0 &gt;4 Oct \u2013 6 Oct<\/p>\n<ul>\n<li>Ceremonia de bienvenida<\/li>\n<li>Presentaci\u00f3n de la Bienal a la comunidad del barrio.<\/li>\n<li>Actividades en colaboraci\u00f3n con la Municipalidad de Puerto Montt + Quiero Mi Barrio + JJVV<\/li>\n<\/ul>\n<p>&nbsp;<\/p>\n<p>BARRIO TECHO PARA TODOS &gt;7 Oct \u2013 9 Oct<\/p>\n<ul>\n<li>Ceremonia de bienvenida<\/li>\n<li>Presentaci\u00f3n de la Bienal a la comunidad del barrio.<\/li>\n<li>Actividades en colaboraci\u00f3n con la Municipalidad de Puerto Montt + Quiero Mi Barrio + JJVV<\/li>\n<\/ul>\n<p>&nbsp;<\/p>\n<p>BARRIO PUERTO\u00a0 &gt;10 Oct \u2013 12 Oct<\/p>\n<ul>\n<li>Ceremonia de bienvenida<\/li>\n<li>Presentaci\u00f3n de la Bienal a la comunidad del barrio.<\/li>\n<li>Actividades en colaboraci\u00f3n con la Municipalidad de Puerto Montt + Agrupaci\u00f3n Amigos Jos\u00e9 Fern\u00e1ndez P\u00e9rez + JJVV<\/li>\n<\/ul>\n<p>&nbsp;<\/p>\n<ol start=\"2\">\n<li><strong> FRUTILLAR<\/strong><\/li>\n<\/ol>\n<p>COSTANERA\u00a0 &gt; 14Oct \u2013 16 Oct.<\/p>\n<ul>\n<li>Ceremonia de bienvenida<\/li>\n<li>Presentaci\u00f3n de la Bienal a la Comunidad y a las Autoridades<\/li>\n<li>Actividades en colaboraci\u00f3n con la Municipalidad de Frutillar + JJVV<\/li>\n<\/ul>\n<p>&nbsp;<\/p>\n<ol start=\"3\">\n<li><strong> LLANQUIHUE<\/strong><\/li>\n<\/ol>\n<p>COSTANERA\u00a0 &gt; 18Oct \u2013 20 Oct.<\/p>\n<ul>\n<li>Ceremonia de bienvenida<\/li>\n<li>Presentaci\u00f3n de la Bienal a la Comunidad y a las Autoridades<\/li>\n<li>Actividades en colaboraci\u00f3n con la Municipalidad de Frutillar + JJVV<\/li>\n<\/ul>\n<p>&nbsp;<\/p>\n<ol start=\"4\">\n<li><strong> PUERTO VARAS<\/strong><\/li>\n<\/ol>\n<p>PASAJE SAN PEDRO\u00a0 &gt; 21Oct \u2013 31 Oct.<\/p>\n<ul>\n<li>Ceremonia de bienvenida<\/li>\n<li>Presentaci\u00f3n de la Bienal a la Comunidad y a las Autoridades<\/li>\n<li>Actividades en colaboraci\u00f3n con la Municipalidad de Frutillar + JJVV<\/li>\n<\/ul>\n<p>&nbsp;<\/p>\n<h2><strong>Actividades Locales &#8211; Delegaci\u00f3n Llanquihue<\/strong><\/h2>\n<p><strong>Muestra Local \/ CAMM Puerto Varas<\/strong><\/p>\n<p>Duraci\u00f3n: Jueves 24 al \u00a0Jueves 31 de octubre, 2019.<\/p>\n<ul>\n<li>Exposici\u00f3n proyectos de Ministerios, Municipalidades, Academia (USS), Delegaci\u00f3n Llanquihue, Organizaciones y Fundaciones particulares.<\/li>\n<li>Seminario y Convenio: 21 Oct. &gt; Colegio de Arquitectos y Corporaci\u00f3n con MINVU para trabajo en conjunto.<\/li>\n<li>Inauguraci\u00f3n: 24 Oct &gt; Charla 18:00 hrs<\/li>\n<\/ul>\n<p>&gt; C\u00f3ctel con Autoridades\u00a0 20:00 hrs<\/p>\n<ul>\n<li>Charla internacional &gt; Pendiente<\/li>\n<li>Charla Premio Nacional &gt;Mar 29 Oct. 18:30 hrs<\/li>\n<li>Charlas Locales &gt; Lun 28, Mar 29, Jue 30<\/li>\n<\/ul>\n<p>&nbsp;<\/p>\n<h2><strong>Charlas y conversatorios<\/strong><\/h2>\n<p><strong>Objetivos generales<\/strong><\/p>\n<p>Con la intenci\u00f3n de generar un espacio de dialogo entre el estado, \u00e1mbito privado, pol\u00edtica, mundo profesional y ciudadan\u00eda; La Delegaci\u00f3n Zonal Llanquihue del Colegio de Arquitectos ha organizado el Encuentro:\u00a0<strong>Planificaci\u00f3n territorial y crecimiento urbano: Hacia un desarrollo sostenible de las ciudades intermedias en Chile<\/strong>, para generar un an\u00e1lisis propositivo y debate cr\u00edtico con los diversos actores del territorio, con la finalidad de proponer posibles lineamientos a seguir frente a estas problem\u00e1ticas.<\/p>\n<p>Se abordar\u00e1 el tema desde la institucionalidad y gobernanza \/ identidad y patrimonio \/ urbanismo y arquitectura sustentable.<\/p>\n<p><strong>Invitaci\u00f3n tem\u00e1tica<\/strong><\/p>\n<p>El cambio clim\u00e1tico ha generado un escenario para las naciones que exige de cambios en la forma de abordar la planificaci\u00f3n, dise\u00f1o y gesti\u00f3n del territorio. Dentro de ese contexto, en Chile se est\u00e1 debatiendo la propuesta de ser el primer pa\u00eds en v\u00edas de desarrollo en ser carb\u00f3n neutral para el a\u00f1o 2050, \u00a0panorama complejo a nivel local dado el fuerte crecimiento demogr\u00e1fico y expansivo de las ciudades de la regi\u00f3n en donde se ha incentivando una vida suburbana, con todas las problem\u00e1ticas medio ambientales y sociales que conlleva.<\/p>\n<p>La conservaci\u00f3n de grandes extensiones de tierra, el fuerte desarrollo urbano\/demogr\u00e1fico y el consecuente inter\u00e9s inmobiliario por abordar este mercado, est\u00e1n generando una fuerte presi\u00f3n sobre el territorio de la zona sur de Chile.<\/p>\n<p>En este contexto, territorio y paisaje aparecen como un espacio en donde el habitar del hombre traspasa los l\u00edmites urbano-rurales, y abarca todo el espacio social y ambiental que la sociedad est\u00e1 organizando para su desarrollo.<\/p>\n<p>Es por esto que, si logramos comprender este espacio desde su organizaci\u00f3n estructural, funcionalidad e identidad cultural, asumiendo una multidisciplinariedad miradas, lo podremos abordar en toda su complejidad.<\/p>\n<p>Esta convocatoria, de vocaci\u00f3n territorial, busca levantar una agenda social-ambiental diversa al proceso de desarrollo territorial que se est\u00e1 llevando en la zona de sur de Chile, poniendo en relevancia la urgencia de lo publico en este proceso.<\/p>\n<p>Se invita a reflexionar el sentido de lo comunitario y colectivo, que en equilibrio con lo privado, permitir\u00e1 darle sostenibilidad al desarrollo de esta zona.<\/p>\n<p>&nbsp;<\/p>\n<p><strong>Estructura<\/strong><\/p>\n<p>Exposiciones de proyectos y metodolog\u00edas que rematan en un conversatorio moderado por un representante de la Academia.<\/p>\n<p>Se armar\u00e1n en grupos de 3 a 4 expositores, combinandoMinisterios, Municipios, Organizaciones Privadas Colegio de Arquitectos, en presentaciones de 10 a 15 min + conversatorio.<\/p>\n<p>En cada jornada:2 Grupos + caf\u00e9 entretiempo (total 6 grupos con sus conversatorios).<\/p>\n<p>&nbsp;<\/p>\n<p><strong>Programa<\/strong><\/p>\n<p>&nbsp;<\/p>\n<p><img loading=\"lazy\" decoding=\"async\" class=\"aligncenter size-full wp-image-23989\" src=\"http:\/\/colegioarquitectos.com\/noticias\/wp-content\/uploads\/2019\/10\/01.jpg\" alt=\"\" width=\"257\" height=\"169\" \/><\/p>\n<p>&nbsp;<\/p>\n<p><img loading=\"lazy\" decoding=\"async\" class=\"aligncenter size-full wp-image-23990\" src=\"http:\/\/colegioarquitectos.com\/noticias\/wp-content\/uploads\/2019\/10\/002.jpg\" alt=\"\" width=\"258\" height=\"207\" \/><\/p>\n<p>&nbsp;<\/p>\n<p><img loading=\"lazy\" decoding=\"async\" class=\"aligncenter size-full wp-image-23991\" src=\"http:\/\/colegioarquitectos.com\/noticias\/wp-content\/uploads\/2019\/10\/003.jpg\" alt=\"\" width=\"258\" height=\"172\" \/><\/p>\n<p>&nbsp;<\/p>\n<p><strong>Actividades en Centro de Arte Molino Machmar, 24 al 30 de octubre<\/strong><\/p>\n<p><img loading=\"lazy\" decoding=\"async\" class=\"aligncenter size-large wp-image-24004\" src=\"http:\/\/colegioarquitectos.com\/noticias\/wp-content\/uploads\/2019\/10\/Afiche-inv-local-general-2-753x1024.jpg\" alt=\"\" width=\"690\" height=\"938\" srcset=\"https:\/\/colegioarquitectos.com\/noticias\/wp-content\/uploads\/2019\/10\/Afiche-inv-local-general-2-753x1024.jpg 753w, https:\/\/colegioarquitectos.com\/noticias\/wp-content\/uploads\/2019\/10\/Afiche-inv-local-general-2-221x300.jpg 221w, https:\/\/colegioarquitectos.com\/noticias\/wp-content\/uploads\/2019\/10\/Afiche-inv-local-general-2-768x1044.jpg 768w, https:\/\/colegioarquitectos.com\/noticias\/wp-content\/uploads\/2019\/10\/Afiche-inv-local-general-2.jpg 1476w\" sizes=\"auto, (max-width: 690px) 100vw, 690px\" \/><\/p>\n<p>&nbsp;<\/p>\n<p><strong>Revisa fotos de la primera actividad territorial en el Colegio Arturo Prat Chac\u00f3n, poblaci\u00f3n Pichi Pelluco en Puerto Montt:<\/strong><\/p>\n\n\t\t<style type=\"text\/css\">\n\t\t\t#gallery-1 {\n\t\t\t\tmargin: auto;\n\t\t\t}\n\t\t\t#gallery-1 .gallery-item {\n\t\t\t\tfloat: left;\n\t\t\t\tmargin-top: 10px;\n\t\t\t\ttext-align: center;\n\t\t\t\twidth: 33%;\n\t\t\t}\n\t\t\t#gallery-1 img {\n\t\t\t\tborder: 2px solid #cfcfcf;\n\t\t\t}\n\t\t\t#gallery-1 .gallery-caption {\n\t\t\t\tmargin-left: 0;\n\t\t\t}\n\t\t\t\/* see gallery_shortcode() in wp-includes\/media.php *\/\n\t\t<\/style>\n\t\t<div id='gallery-1' class='gallery galleryid-23988 gallery-columns-3 gallery-size-thumbnail'><dl class='gallery-item'>\n\t\t\t<dt class='gallery-icon portrait'>\n\t\t\t\t<a href='https:\/\/colegioarquitectos.com\/noticias\/?attachment_id=23992'><img loading=\"lazy\" decoding=\"async\" width=\"180\" height=\"180\" src=\"https:\/\/colegioarquitectos.com\/noticias\/wp-content\/uploads\/2019\/10\/FullSizeRender-2-copia-180x180.jpg\" class=\"attachment-thumbnail size-thumbnail\" alt=\"\" \/><\/a>\n\t\t\t<\/dt><\/dl><dl class='gallery-item'>\n\t\t\t<dt class='gallery-icon landscape'>\n\t\t\t\t<a href='https:\/\/colegioarquitectos.com\/noticias\/?attachment_id=23993'><img loading=\"lazy\" decoding=\"async\" width=\"180\" height=\"180\" src=\"https:\/\/colegioarquitectos.com\/noticias\/wp-content\/uploads\/2019\/10\/FullSizeRender-3-copia-180x180.jpg\" class=\"attachment-thumbnail size-thumbnail\" alt=\"\" \/><\/a>\n\t\t\t<\/dt><\/dl><dl class='gallery-item'>\n\t\t\t<dt class='gallery-icon portrait'>\n\t\t\t\t<a href='https:\/\/colegioarquitectos.com\/noticias\/?attachment_id=23994'><img loading=\"lazy\" decoding=\"async\" width=\"180\" height=\"180\" src=\"https:\/\/colegioarquitectos.com\/noticias\/wp-content\/uploads\/2019\/10\/FullSizeRender-copia-180x180.jpg\" class=\"attachment-thumbnail size-thumbnail\" alt=\"\" \/><\/a>\n\t\t\t<\/dt><\/dl><br style=\"clear: both\" \/><dl class='gallery-item'>\n\t\t\t<dt class='gallery-icon landscape'>\n\t\t\t\t<a href='https:\/\/colegioarquitectos.com\/noticias\/?attachment_id=23995'><img loading=\"lazy\" decoding=\"async\" width=\"180\" height=\"180\" src=\"https:\/\/colegioarquitectos.com\/noticias\/wp-content\/uploads\/2019\/10\/IMG_1781-copia-180x180.jpg\" class=\"attachment-thumbnail size-thumbnail\" alt=\"\" \/><\/a>\n\t\t\t<\/dt><\/dl><dl class='gallery-item'>\n\t\t\t<dt class='gallery-icon portrait'>\n\t\t\t\t<a href='https:\/\/colegioarquitectos.com\/noticias\/?attachment_id=23996'><img loading=\"lazy\" decoding=\"async\" width=\"180\" height=\"180\" src=\"https:\/\/colegioarquitectos.com\/noticias\/wp-content\/uploads\/2019\/10\/IMG_1794-copia-180x180.jpg\" class=\"attachment-thumbnail size-thumbnail\" alt=\"\" \/><\/a>\n\t\t\t<\/dt><\/dl><dl class='gallery-item'>\n\t\t\t<dt class='gallery-icon landscape'>\n\t\t\t\t<a href='https:\/\/colegioarquitectos.com\/noticias\/?attachment_id=23997'><img loading=\"lazy\" decoding=\"async\" width=\"180\" height=\"180\" src=\"https:\/\/colegioarquitectos.com\/noticias\/wp-content\/uploads\/2019\/10\/IMG_1795-copia-180x180.jpg\" class=\"attachment-thumbnail size-thumbnail\" alt=\"\" \/><\/a>\n\t\t\t<\/dt><\/dl><br style=\"clear: both\" \/><dl class='gallery-item'>\n\t\t\t<dt class='gallery-icon portrait'>\n\t\t\t\t<a href='https:\/\/colegioarquitectos.com\/noticias\/?attachment_id=23998'><img loading=\"lazy\" decoding=\"async\" width=\"180\" height=\"180\" src=\"https:\/\/colegioarquitectos.com\/noticias\/wp-content\/uploads\/2019\/10\/IMG_1815-copia-180x180.jpg\" class=\"attachment-thumbnail size-thumbnail\" alt=\"\" \/><\/a>\n\t\t\t<\/dt><\/dl><dl class='gallery-item'>\n\t\t\t<dt class='gallery-icon landscape'>\n\t\t\t\t<a href='https:\/\/colegioarquitectos.com\/noticias\/?attachment_id=23999'><img loading=\"lazy\" decoding=\"async\" width=\"180\" height=\"180\" src=\"https:\/\/colegioarquitectos.com\/noticias\/wp-content\/uploads\/2019\/10\/IMG_1818-copia-180x180.jpg\" class=\"attachment-thumbnail size-thumbnail\" alt=\"\" srcset=\"https:\/\/colegioarquitectos.com\/noticias\/wp-content\/uploads\/2019\/10\/IMG_1818-copia-180x180.jpg 180w, https:\/\/colegioarquitectos.com\/noticias\/wp-content\/uploads\/2019\/10\/IMG_1818-copia-300x300.jpg 300w, https:\/\/colegioarquitectos.com\/noticias\/wp-content\/uploads\/2019\/10\/IMG_1818-copia-768x768.jpg 768w, https:\/\/colegioarquitectos.com\/noticias\/wp-content\/uploads\/2019\/10\/IMG_1818-copia-1024x1024.jpg 1024w, https:\/\/colegioarquitectos.com\/noticias\/wp-content\/uploads\/2019\/10\/IMG_1818-copia.jpg 1440w\" sizes=\"auto, (max-width: 180px) 100vw, 180px\" \/><\/a>\n\t\t\t<\/dt><\/dl>\n\t\t\t<br style='clear: both' \/>\n\t\t<\/div>\n\n<p><\/p>","protected":false},"excerpt":{"rendered":"<p>Durante las \u00faltimas d\u00e9cadas se ha puesto en valor aquella arquitectura de grandes obras y holgados presupuestos, provocando una creciente reacci\u00f3n disciplinar enfocada en aquella arquitectura para la pobreza. Esta reacci\u00f3n se manifest\u00f3 expl\u00edcitamente en publicaciones, bienales y ciclos acad\u00e9micos. &hellip; <a class=\"more-link\" href=\"https:\/\/colegioarquitectos.com\/noticias\/?p=23988\">ver m\u00e1s<\/a><\/p>","protected":false},"author":4,"featured_media":24000,"comment_status":"closed","ping_status":"closed","sticky":false,"template":"","format":"standard","meta":{"footnotes":""},"categories":[59],"tags":[],"class_list":["post-23988","post","type-post","status-publish","format-standard","has-post-thumbnail","hentry","category-bienal"],"yoast_head":"<!-- This site is optimized with the Yoast SEO plugin v24.2 - https:\/\/yoast.com\/wordpress\/plugins\/seo\/ -->\n<title>La Feria Libre de Arquitectura se tomar\u00e1 Llanquihue y sus alrededores hasta el 31 de octubre - COLEGIO DE ARQUITECTOS DE CHILE<\/title>\n<meta name=\"robots\" content=\"index, follow, max-snippet:-1, max-image-preview:large, max-video-preview:-1\" \/>\n<link rel=\"canonical\" href=\"https:\/\/colegioarquitectos.com\/noticias\/?p=23988\" \/>\n<meta property=\"og:locale\" content=\"es_ES\" \/>\n<meta property=\"og:type\" content=\"article\" \/>\n<meta property=\"og:title\" content=\"La Feria Libre de Arquitectura se tomar\u00e1 Llanquihue y sus alrededores hasta el 31 de octubre - COLEGIO DE ARQUITECTOS DE CHILE\" \/>\n<meta property=\"og:description\" content=\"Durante las \u00faltimas d\u00e9cadas se ha puesto en valor aquella arquitectura de grandes obras y holgados presupuestos, provocando una creciente reacci\u00f3n disciplinar enfocada en aquella arquitectura para la pobreza. Esta reacci\u00f3n se manifest\u00f3 expl\u00edcitamente en publicaciones, bienales y ciclos acad\u00e9micos. &hellip; ver m\u00e1s\" \/>\n<meta property=\"og:url\" content=\"https:\/\/colegioarquitectos.com\/noticias\/?p=23988\" \/>\n<meta property=\"og:site_name\" content=\"COLEGIO DE ARQUITECTOS DE CHILE\" \/>\n<meta property=\"article:publisher\" content=\"https:\/\/facebook.com\/Colegioarq\/\" \/>\n<meta property=\"article:published_time\" content=\"2019-10-08T18:46:28+00:00\" \/>\n<meta property=\"article:modified_time\" content=\"2019-10-08T18:57:22+00:00\" \/>\n<meta property=\"og:image\" content=\"https:\/\/colegioarquitectos.com\/noticias\/wp-content\/uploads\/2019\/10\/ENCABEZADO-PUERTO-MONTT.jpg\" \/>\n\t<meta property=\"og:image:width\" content=\"690\" \/>\n\t<meta property=\"og:image:height\" content=\"350\" \/>\n\t<meta property=\"og:image:type\" content=\"image\/jpeg\" \/>\n<meta name=\"author\" content=\"Colegio de Arquitectos de Chile\" \/>\n<meta name=\"twitter:card\" content=\"summary_large_image\" \/>\n<meta name=\"twitter:creator\" content=\"@colegioarq\" \/>\n<meta name=\"twitter:site\" content=\"@colegioarq\" \/>\n<meta name=\"twitter:label1\" content=\"Escrito por\" \/>\n\t<meta name=\"twitter:data1\" content=\"Colegio de Arquitectos de Chile\" \/>\n\t<meta name=\"twitter:label2\" content=\"Tiempo de lectura\" \/>\n\t<meta name=\"twitter:data2\" content=\"11 minutos\" \/>\n<script type=\"application\/ld+json\" class=\"yoast-schema-graph\">{\"@context\":\"https:\/\/schema.org\",\"@graph\":[{\"@type\":\"Article\",\"@id\":\"https:\/\/colegioarquitectos.com\/noticias\/?p=23988#article\",\"isPartOf\":{\"@id\":\"https:\/\/colegioarquitectos.com\/noticias\/?p=23988\"},\"author\":{\"name\":\"Colegio de Arquitectos de Chile\",\"@id\":\"https:\/\/colegioarquitectos.com\/noticias\/#\/schema\/person\/685cc0aad148303c5608f049af8285ad\"},\"headline\":\"La Feria Libre de Arquitectura se tomar\u00e1 Llanquihue y sus alrededores hasta el 31 de octubre\",\"datePublished\":\"2019-10-08T18:46:28+00:00\",\"dateModified\":\"2019-10-08T18:57:22+00:00\",\"mainEntityOfPage\":{\"@id\":\"https:\/\/colegioarquitectos.com\/noticias\/?p=23988\"},\"wordCount\":2168,\"publisher\":{\"@id\":\"https:\/\/colegioarquitectos.com\/noticias\/#organization\"},\"image\":{\"@id\":\"https:\/\/colegioarquitectos.com\/noticias\/?p=23988#primaryimage\"},\"thumbnailUrl\":\"https:\/\/colegioarquitectos.com\/noticias\/wp-content\/uploads\/2019\/10\/ENCABEZADO-PUERTO-MONTT.jpg\",\"articleSection\":[\"Bienal\"],\"inLanguage\":\"es\"},{\"@type\":\"WebPage\",\"@id\":\"https:\/\/colegioarquitectos.com\/noticias\/?p=23988\",\"url\":\"https:\/\/colegioarquitectos.com\/noticias\/?p=23988\",\"name\":\"La Feria Libre de Arquitectura se tomar\u00e1 Llanquihue y sus alrededores hasta el 31 de octubre - COLEGIO DE ARQUITECTOS DE CHILE\",\"isPartOf\":{\"@id\":\"https:\/\/colegioarquitectos.com\/noticias\/#website\"},\"primaryImageOfPage\":{\"@id\":\"https:\/\/colegioarquitectos.com\/noticias\/?p=23988#primaryimage\"},\"image\":{\"@id\":\"https:\/\/colegioarquitectos.com\/noticias\/?p=23988#primaryimage\"},\"thumbnailUrl\":\"https:\/\/colegioarquitectos.com\/noticias\/wp-content\/uploads\/2019\/10\/ENCABEZADO-PUERTO-MONTT.jpg\",\"datePublished\":\"2019-10-08T18:46:28+00:00\",\"dateModified\":\"2019-10-08T18:57:22+00:00\",\"breadcrumb\":{\"@id\":\"https:\/\/colegioarquitectos.com\/noticias\/?p=23988#breadcrumb\"},\"inLanguage\":\"es\",\"potentialAction\":[{\"@type\":\"ReadAction\",\"target\":[\"https:\/\/colegioarquitectos.com\/noticias\/?p=23988\"]}]},{\"@type\":\"ImageObject\",\"inLanguage\":\"es\",\"@id\":\"https:\/\/colegioarquitectos.com\/noticias\/?p=23988#primaryimage\",\"url\":\"https:\/\/colegioarquitectos.com\/noticias\/wp-content\/uploads\/2019\/10\/ENCABEZADO-PUERTO-MONTT.jpg\",\"contentUrl\":\"https:\/\/colegioarquitectos.com\/noticias\/wp-content\/uploads\/2019\/10\/ENCABEZADO-PUERTO-MONTT.jpg\",\"width\":690,\"height\":350},{\"@type\":\"BreadcrumbList\",\"@id\":\"https:\/\/colegioarquitectos.com\/noticias\/?p=23988#breadcrumb\",\"itemListElement\":[{\"@type\":\"ListItem\",\"position\":1,\"name\":\"Portada\",\"item\":\"https:\/\/colegioarquitectos.com\/noticias\"},{\"@type\":\"ListItem\",\"position\":2,\"name\":\"La Feria Libre de Arquitectura se tomar\u00e1 Llanquihue y sus alrededores hasta el 31 de octubre\"}]},{\"@type\":\"WebSite\",\"@id\":\"https:\/\/colegioarquitectos.com\/noticias\/#website\",\"url\":\"https:\/\/colegioarquitectos.com\/noticias\/\",\"name\":\"COLEGIO DE ARQUITECTOS DE CHILE\",\"description\":\"\",\"publisher\":{\"@id\":\"https:\/\/colegioarquitectos.com\/noticias\/#organization\"},\"potentialAction\":[{\"@type\":\"SearchAction\",\"target\":{\"@type\":\"EntryPoint\",\"urlTemplate\":\"https:\/\/colegioarquitectos.com\/noticias\/?s={search_term_string}\"},\"query-input\":{\"@type\":\"PropertyValueSpecification\",\"valueRequired\":true,\"valueName\":\"search_term_string\"}}],\"inLanguage\":\"es\"},{\"@type\":\"Organization\",\"@id\":\"https:\/\/colegioarquitectos.com\/noticias\/#organization\",\"name\":\"COLEGIO DE ARQUITECTOS DE CHILE\",\"url\":\"https:\/\/colegioarquitectos.com\/noticias\/\",\"logo\":{\"@type\":\"ImageObject\",\"inLanguage\":\"es\",\"@id\":\"https:\/\/colegioarquitectos.com\/noticias\/#\/schema\/logo\/image\/\",\"url\":\"https:\/\/colegioarquitectos.com\/noticias\/wp-content\/uploads\/2021\/05\/ENCABEZADO-LOGO-CA.jpg\",\"contentUrl\":\"https:\/\/colegioarquitectos.com\/noticias\/wp-content\/uploads\/2021\/05\/ENCABEZADO-LOGO-CA.jpg\",\"width\":690,\"height\":350,\"caption\":\"COLEGIO DE ARQUITECTOS DE CHILE\"},\"image\":{\"@id\":\"https:\/\/colegioarquitectos.com\/noticias\/#\/schema\/logo\/image\/\"},\"sameAs\":[\"https:\/\/facebook.com\/Colegioarq\/\",\"https:\/\/x.com\/colegioarq\",\"https:\/\/instagram.com\/colegioarq\",\"https:\/\/youtube.com\/@ColegiodeArquitectosdeChile\"]},{\"@type\":\"Person\",\"@id\":\"https:\/\/colegioarquitectos.com\/noticias\/#\/schema\/person\/685cc0aad148303c5608f049af8285ad\",\"name\":\"Colegio de Arquitectos de Chile\",\"url\":\"https:\/\/colegioarquitectos.com\/noticias\/?author=4\"}]}<\/script>\n<!-- \/ Yoast SEO plugin. -->","yoast_head_json":{"title":"La Feria Libre de Arquitectura se tomar\u00e1 Llanquihue y sus alrededores hasta el 31 de octubre - COLEGIO DE ARQUITECTOS DE CHILE","robots":{"index":"index","follow":"follow","max-snippet":"max-snippet:-1","max-image-preview":"max-image-preview:large","max-video-preview":"max-video-preview:-1"},"canonical":"https:\/\/colegioarquitectos.com\/noticias\/?p=23988","og_locale":"es_ES","og_type":"article","og_title":"La Feria Libre de Arquitectura se tomar\u00e1 Llanquihue y sus alrededores hasta el 31 de octubre - COLEGIO DE ARQUITECTOS DE CHILE","og_description":"Durante las \u00faltimas d\u00e9cadas se ha puesto en valor aquella arquitectura de grandes obras y holgados presupuestos, provocando una creciente reacci\u00f3n disciplinar enfocada en aquella arquitectura para la pobreza. Esta reacci\u00f3n se manifest\u00f3 expl\u00edcitamente en publicaciones, bienales y ciclos acad\u00e9micos. &hellip; ver m\u00e1s","og_url":"https:\/\/colegioarquitectos.com\/noticias\/?p=23988","og_site_name":"COLEGIO DE ARQUITECTOS DE CHILE","article_publisher":"https:\/\/facebook.com\/Colegioarq\/","article_published_time":"2019-10-08T18:46:28+00:00","article_modified_time":"2019-10-08T18:57:22+00:00","og_image":[{"width":690,"height":350,"url":"https:\/\/colegioarquitectos.com\/noticias\/wp-content\/uploads\/2019\/10\/ENCABEZADO-PUERTO-MONTT.jpg","type":"image\/jpeg"}],"author":"Colegio de Arquitectos de Chile","twitter_card":"summary_large_image","twitter_creator":"@colegioarq","twitter_site":"@colegioarq","twitter_misc":{"Escrito por":"Colegio de Arquitectos de Chile","Tiempo de lectura":"11 minutos"},"schema":{"@context":"https:\/\/schema.org","@graph":[{"@type":"Article","@id":"https:\/\/colegioarquitectos.com\/noticias\/?p=23988#article","isPartOf":{"@id":"https:\/\/colegioarquitectos.com\/noticias\/?p=23988"},"author":{"name":"Colegio de Arquitectos de Chile","@id":"https:\/\/colegioarquitectos.com\/noticias\/#\/schema\/person\/685cc0aad148303c5608f049af8285ad"},"headline":"La Feria Libre de Arquitectura se tomar\u00e1 Llanquihue y sus alrededores hasta el 31 de octubre","datePublished":"2019-10-08T18:46:28+00:00","dateModified":"2019-10-08T18:57:22+00:00","mainEntityOfPage":{"@id":"https:\/\/colegioarquitectos.com\/noticias\/?p=23988"},"wordCount":2168,"publisher":{"@id":"https:\/\/colegioarquitectos.com\/noticias\/#organization"},"image":{"@id":"https:\/\/colegioarquitectos.com\/noticias\/?p=23988#primaryimage"},"thumbnailUrl":"https:\/\/colegioarquitectos.com\/noticias\/wp-content\/uploads\/2019\/10\/ENCABEZADO-PUERTO-MONTT.jpg","articleSection":["Bienal"],"inLanguage":"es"},{"@type":"WebPage","@id":"https:\/\/colegioarquitectos.com\/noticias\/?p=23988","url":"https:\/\/colegioarquitectos.com\/noticias\/?p=23988","name":"La Feria Libre de Arquitectura se tomar\u00e1 Llanquihue y sus alrededores hasta el 31 de octubre - COLEGIO DE ARQUITECTOS DE CHILE","isPartOf":{"@id":"https:\/\/colegioarquitectos.com\/noticias\/#website"},"primaryImageOfPage":{"@id":"https:\/\/colegioarquitectos.com\/noticias\/?p=23988#primaryimage"},"image":{"@id":"https:\/\/colegioarquitectos.com\/noticias\/?p=23988#primaryimage"},"thumbnailUrl":"https:\/\/colegioarquitectos.com\/noticias\/wp-content\/uploads\/2019\/10\/ENCABEZADO-PUERTO-MONTT.jpg","datePublished":"2019-10-08T18:46:28+00:00","dateModified":"2019-10-08T18:57:22+00:00","breadcrumb":{"@id":"https:\/\/colegioarquitectos.com\/noticias\/?p=23988#breadcrumb"},"inLanguage":"es","potentialAction":[{"@type":"ReadAction","target":["https:\/\/colegioarquitectos.com\/noticias\/?p=23988"]}]},{"@type":"ImageObject","inLanguage":"es","@id":"https:\/\/colegioarquitectos.com\/noticias\/?p=23988#primaryimage","url":"https:\/\/colegioarquitectos.com\/noticias\/wp-content\/uploads\/2019\/10\/ENCABEZADO-PUERTO-MONTT.jpg","contentUrl":"https:\/\/colegioarquitectos.com\/noticias\/wp-content\/uploads\/2019\/10\/ENCABEZADO-PUERTO-MONTT.jpg","width":690,"height":350},{"@type":"BreadcrumbList","@id":"https:\/\/colegioarquitectos.com\/noticias\/?p=23988#breadcrumb","itemListElement":[{"@type":"ListItem","position":1,"name":"Portada","item":"https:\/\/colegioarquitectos.com\/noticias"},{"@type":"ListItem","position":2,"name":"La Feria Libre de Arquitectura se tomar\u00e1 Llanquihue y sus alrededores hasta el 31 de octubre"}]},{"@type":"WebSite","@id":"https:\/\/colegioarquitectos.com\/noticias\/#website","url":"https:\/\/colegioarquitectos.com\/noticias\/","name":"COLEGIO DE ARQUITECTOS DE CHILE","description":"","publisher":{"@id":"https:\/\/colegioarquitectos.com\/noticias\/#organization"},"potentialAction":[{"@type":"SearchAction","target":{"@type":"EntryPoint","urlTemplate":"https:\/\/colegioarquitectos.com\/noticias\/?s={search_term_string}"},"query-input":{"@type":"PropertyValueSpecification","valueRequired":true,"valueName":"search_term_string"}}],"inLanguage":"es"},{"@type":"Organization","@id":"https:\/\/colegioarquitectos.com\/noticias\/#organization","name":"COLEGIO DE ARQUITECTOS DE CHILE","url":"https:\/\/colegioarquitectos.com\/noticias\/","logo":{"@type":"ImageObject","inLanguage":"es","@id":"https:\/\/colegioarquitectos.com\/noticias\/#\/schema\/logo\/image\/","url":"https:\/\/colegioarquitectos.com\/noticias\/wp-content\/uploads\/2021\/05\/ENCABEZADO-LOGO-CA.jpg","contentUrl":"https:\/\/colegioarquitectos.com\/noticias\/wp-content\/uploads\/2021\/05\/ENCABEZADO-LOGO-CA.jpg","width":690,"height":350,"caption":"COLEGIO DE ARQUITECTOS DE CHILE"},"image":{"@id":"https:\/\/colegioarquitectos.com\/noticias\/#\/schema\/logo\/image\/"},"sameAs":["https:\/\/facebook.com\/Colegioarq\/","https:\/\/x.com\/colegioarq","https:\/\/instagram.com\/colegioarq","https:\/\/youtube.com\/@ColegiodeArquitectosdeChile"]},{"@type":"Person","@id":"https:\/\/colegioarquitectos.com\/noticias\/#\/schema\/person\/685cc0aad148303c5608f049af8285ad","name":"Colegio de Arquitectos de Chile","url":"https:\/\/colegioarquitectos.com\/noticias\/?author=4"}]}},"_links":{"self":[{"href":"https:\/\/colegioarquitectos.com\/noticias\/index.php?rest_route=\/wp\/v2\/posts\/23988","targetHints":{"allow":["GET"]}}],"collection":[{"href":"https:\/\/colegioarquitectos.com\/noticias\/index.php?rest_route=\/wp\/v2\/posts"}],"about":[{"href":"https:\/\/colegioarquitectos.com\/noticias\/index.php?rest_route=\/wp\/v2\/types\/post"}],"author":[{"embeddable":true,"href":"https:\/\/colegioarquitectos.com\/noticias\/index.php?rest_route=\/wp\/v2\/users\/4"}],"replies":[{"embeddable":true,"href":"https:\/\/colegioarquitectos.com\/noticias\/index.php?rest_route=%2Fwp%2Fv2%2Fcomments&post=23988"}],"version-history":[{"count":0,"href":"https:\/\/colegioarquitectos.com\/noticias\/index.php?rest_route=\/wp\/v2\/posts\/23988\/revisions"}],"wp:featuredmedia":[{"embeddable":true,"href":"https:\/\/colegioarquitectos.com\/noticias\/index.php?rest_route=\/wp\/v2\/media\/24000"}],"wp:attachment":[{"href":"https:\/\/colegioarquitectos.com\/noticias\/index.php?rest_route=%2Fwp%2Fv2%2Fmedia&parent=23988"}],"wp:term":[{"taxonomy":"category","embeddable":true,"href":"https:\/\/colegioarquitectos.com\/noticias\/index.php?rest_route=%2Fwp%2Fv2%2Fcategories&post=23988"},{"taxonomy":"post_tag","embeddable":true,"href":"https:\/\/colegioarquitectos.com\/noticias\/index.php?rest_route=%2Fwp%2Fv2%2Ftags&post=23988"}],"curies":[{"name":"wp","href":"https:\/\/api.w.org\/{rel}","templated":true}]}}