
{"id":24011,"date":"2019-10-08T20:54:40","date_gmt":"2019-10-08T20:54:40","guid":{"rendered":"http:\/\/colegioarquitectos.com\/?p=24011"},"modified":"2019-10-28T13:01:40","modified_gmt":"2019-10-28T13:01:40","slug":"ministerio-de-las-culturas-las-artes-y-el-patrimonio-abre-el-concurso-de-ideas-para-el-pabellon-de-chile-en-la-17a-bienal-de-arquitectura-de-venecia-2020","status":"publish","type":"post","link":"https:\/\/colegioarquitectos.com\/noticias\/?p=24011","title":{"rendered":"Ministerio de las Culturas, las Artes y el Patrimonio abre el concurso de ideas para el Pabell\u00f3n de Chile en la 17\u00aa Bienal de Arquitectura de Venecia 2020"},"content":{"rendered":"<p>La <strong>Subsecretar\u00eda de las Culturas y las Artes<\/strong> del <strong>Ministerio de las Culturas<\/strong>, a trav\u00e9s de su <strong>\u00c1rea de Arquitectura<\/strong>, anuncia la apertura del concurso de ideas para el pabell\u00f3n de Chile en la <strong>17\u00aa Bienal de Arquitectura de Venecia 2020<\/strong>, dirigido a arquitectos de nacionalidad chilena o extranjeros con c\u00e9dula de identidad otorgada por el Servicio de Registro Civil e Identificaci\u00f3n de Chile, que sean mayores de 18 a\u00f1os con experiencia en proyectos curatoriales, editoriales, de investigaci\u00f3n o expositivos.<\/p>\n<p>El presente concurso de ideas dar\u00e1 origen a un convenio con la persona ganadora para el desarrollo del concepto curatorial y el proyecto avanzado de la propuesta arquitect\u00f3nica, as\u00ed como para el desarrollo de todos los aspectos expositivos, editoriales, gr\u00e1ficos o visuales contenidos en la propuesta seleccionada.<\/p>\n<p>Los premios ser\u00e1n los siguientes:<\/p>\n<ol>\n<li><strong>Primer Premio<\/strong>: $2.500.000.- (dos millones quinientos mil pesos chilenos).<\/li>\n<li><strong>Segundo Premio<\/strong>: $1.500.000.- (un mill\u00f3n quinientos mil pesos chilenos).<\/li>\n<li><strong>Tercer Premio<\/strong>: $1.000.000.- (un mill\u00f3n de pesos chilenos).<\/li>\n<li><strong>Primera menci\u00f3n honrosa<\/strong>: $500.000.- (quinientos mil pesos chilenos).<\/li>\n<li><strong>Segunda menci\u00f3n honrosa<\/strong>: $500.000.- (quinientos mil pesos chilenos).<\/li>\n<\/ol>\n<p>En raz\u00f3n de la presente convocatoria se suscribir\u00e1 con el\/la ganador\/a del primer premio un convenio de transferencia de recursos para la ejecuci\u00f3n del respectivo proyecto curatorial y proyecto avanzado de propuesta arquitect\u00f3nica, as\u00ed como para el desarrollo de todos los aspectos expositivos, editoriales, gr\u00e1ficos o visuales contenidos en la propuesta seleccionada. El monto a transferir para el desarrollo de este proyecto es de <strong>$35.000.000<\/strong> (treinta y cinco millones de pesos chilenos).<\/p>\n<p>Por otra parte, el presupuesto m\u00e1ximo con que cuenta la Subsecretar\u00eda para financiar todos los gastos de producci\u00f3n de obra, traslados de carga, ejecuci\u00f3n, montajes y desmontajes de la muestra en Venecia, as\u00ed como para la impresi\u00f3n del cat\u00e1logo y\/o piezas gr\u00e1ficas y su traslado a Venecia ser\u00e1 de <strong>$90.000.000<\/strong>.- (noventa millones de pesos chilenos). Se deja constancia que este monto est\u00e1 sujeto a la disponibilidad presupuestaria de la Subsecretar\u00eda para el a\u00f1o 2020.<\/p>\n<p>El jurado del concurso ser\u00e1 informado una vez est\u00e9 tramitada la resoluci\u00f3n que aprueba esos nombramientos.<\/p>\n<p>La postulaci\u00f3n estar\u00e1 abierta hasta las <strong>17:00 horas<\/strong> del martes<strong>\u00a05 de noviembre de 2019<\/strong>\u00a0y los interesados podr\u00e1n enviar sus postulaciones en formato f\u00edsico o digital seg\u00fan consta en las bases disponibles en\u00a0<a href=\"https:\/\/www.cultura.gob.cl\/arquitectura\">https:\/\/www.cultura.gob.cl\/arquitectura<\/a><\/p>\n<p>M\u00e1s informaci\u00f3n en\u00a0<a href=\"mailto:areadearquitectura@cultura.gob.cl\">areadearquitectura@cultura.gob.cl<\/a><\/p>\n<p>&nbsp;<\/p>\n<h2><strong>Postulaci\u00f3n<\/strong><\/h2>\n<p><a href=\"http:\/\/clave.fondosdecultura.cl\/\" target=\"_blank\" rel=\"noopener\">Ir a plataforma de postulaci\u00f3n<\/a><\/p>\n<p>Para postulaci\u00f3n en soporte material, descargar:<\/p>\n<ul>\n<li><a href=\"https:\/\/www.cultura.gob.cl\/wp-content\/uploads\/2019\/10\/fup-bienal-venecia-arquitectura-2019.pdf\">Formulario de postulaci\u00f3n soporte material<\/a><\/li>\n<li><a href=\"https:\/\/www.cultura.gob.cl\/wp-content\/uploads\/2019\/10\/fup_perfil_natural.pdf\">Formulario Perfil Cultura \u2013 Persona natural<\/a><\/li>\n<\/ul>\n<h2><strong>Anexos<\/strong><\/h2>\n<ul>\n<li><a href=\"https:\/\/www.cultura.gob.cl\/wp-content\/uploads\/2019\/10\/00.-bases-concurso-de-ideas-para-el-pabellon-de-chile-en-la-17-bienal-de-arquitectura-de-venecia-2020.pdf\" target=\"_blank\" rel=\"noopener\">00. Bases concurso de ideas para el Pabell\u00f3n de Chile en la 17\u00aa Bienal de Arquitectura de Venecia 2020<\/a><\/li>\n<li><a href=\"https:\/\/www.cultura.gob.cl\/wp-content\/uploads\/2019\/10\/01.-antecedentes-17-bienal-de-arquitectura-de-venecia-2020.pdf\">01. Antecedentes \u2013 17\u00aa Bienal de Arquitectura de Venecia 2020<\/a><\/li>\n<li><a href=\"https:\/\/www.cultura.gob.cl\/wp-content\/uploads\/2019\/10\/02.-reglamento-17-bienal-de-arquitectura-de-venecia-2020.pdf\">02. Reglamento 17\u00aa Bienal de Arquitectura de Venecia 2020<\/a><\/li>\n<li><a href=\"https:\/\/www.cultura.gob.cl\/wp-content\/uploads\/2019\/10\/03.-texto-curatorial-17-bienal-de-arquitectura-de-venecia-2020.pdf\">03. Texto curatorial \u2013 17\u00aa Bienal de Arquitectura de Venecia 2020<\/a><\/li>\n<li><a href=\"https:\/\/www.cultura.gob.cl\/wp-content\/uploads\/2019\/10\/04.-antecedentes-espacio-para-el-pabellon-de-chile.pdf\">04. Antecedentes espacio para el Pabell\u00f3n de Chile<\/a><\/li>\n<li><a href=\"https:\/\/www.fondosdecultura.cl\/wp-content\/uploads\/2019\/10\/05.-Planimetria-espacio-para-Pabellon-de-Chile.zip\">05. Planimetr\u00eda espacio para Pabell\u00f3n de Chile<\/a><\/li>\n<\/ul>\n<p>&nbsp;<\/p>\n<p><iframe loading=\"lazy\" title=\"vimeo-player\" src=\"https:\/\/player.vimeo.com\/video\/364855842\" width=\"640\" height=\"360\" frameborder=\"0\" allowfullscreen=\"allowfullscreen\"><\/iframe><\/p>\n<p><iframe loading=\"lazy\" title=\"vimeo-player\" src=\"https:\/\/player.vimeo.com\/video\/237808915\" width=\"640\" height=\"360\" frameborder=\"0\" allowfullscreen=\"allowfullscreen\"><\/iframe><\/p>\n<p><iframe loading=\"lazy\" title=\"vimeo-player\" src=\"https:\/\/player.vimeo.com\/video\/237808693\" width=\"640\" height=\"360\" frameborder=\"0\" allowfullscreen=\"allowfullscreen\"><\/iframe><\/p>\n<p><iframe loading=\"lazy\" title=\"vimeo-player\" src=\"https:\/\/player.vimeo.com\/video\/237808642\" width=\"640\" height=\"360\" frameborder=\"0\" allowfullscreen=\"allowfullscreen\"><\/iframe><\/p>\n<p><\/p>","protected":false},"excerpt":{"rendered":"<p>La Subsecretar\u00eda de las Culturas y las Artes del Ministerio de las Culturas, a trav\u00e9s de su \u00c1rea de Arquitectura, anuncia la apertura del concurso de ideas para el pabell\u00f3n de Chile en la 17\u00aa Bienal de Arquitectura de Venecia &hellip; <a class=\"more-link\" href=\"https:\/\/colegioarquitectos.com\/noticias\/?p=24011\">ver m\u00e1s<\/a><\/p>","protected":false},"author":4,"featured_media":24012,"comment_status":"closed","ping_status":"closed","sticky":false,"template":"","format":"standard","meta":{"footnotes":""},"categories":[3],"tags":[],"class_list":["post-24011","post","type-post","status-publish","format-standard","has-post-thumbnail","hentry","category-noticias"],"yoast_head":"<!-- This site is optimized with the Yoast SEO plugin v24.2 - https:\/\/yoast.com\/wordpress\/plugins\/seo\/ -->\n<title>Ministerio de las Culturas, las Artes y el Patrimonio abre el concurso de ideas para el Pabell\u00f3n de Chile en la 17\u00aa Bienal de Arquitectura de Venecia 2020 - COLEGIO DE ARQUITECTOS DE CHILE<\/title>\n<meta name=\"robots\" content=\"index, follow, max-snippet:-1, max-image-preview:large, max-video-preview:-1\" \/>\n<link rel=\"canonical\" href=\"https:\/\/colegioarquitectos.com\/noticias\/?p=24011\" \/>\n<meta property=\"og:locale\" content=\"es_ES\" \/>\n<meta property=\"og:type\" content=\"article\" \/>\n<meta property=\"og:title\" content=\"Ministerio de las Culturas, las Artes y el Patrimonio abre el concurso de ideas para el Pabell\u00f3n de Chile en la 17\u00aa Bienal de Arquitectura de Venecia 2020 - COLEGIO DE ARQUITECTOS DE CHILE\" \/>\n<meta property=\"og:description\" content=\"La Subsecretar\u00eda de las Culturas y las Artes del Ministerio de las Culturas, a trav\u00e9s de su \u00c1rea de Arquitectura, anuncia la apertura del concurso de ideas para el pabell\u00f3n de Chile en la 17\u00aa Bienal de Arquitectura de Venecia &hellip; ver m\u00e1s\" \/>\n<meta property=\"og:url\" content=\"https:\/\/colegioarquitectos.com\/noticias\/?p=24011\" \/>\n<meta property=\"og:site_name\" content=\"COLEGIO DE ARQUITECTOS DE CHILE\" \/>\n<meta property=\"article:publisher\" content=\"https:\/\/facebook.com\/Colegioarq\/\" \/>\n<meta property=\"article:published_time\" content=\"2019-10-08T20:54:40+00:00\" \/>\n<meta property=\"article:modified_time\" content=\"2019-10-28T13:01:40+00:00\" \/>\n<meta property=\"og:image\" content=\"https:\/\/colegioarquitectos.com\/noticias\/wp-content\/uploads\/2019\/10\/ENCABEZADO-BIENAL-VENECIA.jpg\" \/>\n\t<meta property=\"og:image:width\" content=\"690\" \/>\n\t<meta property=\"og:image:height\" content=\"350\" \/>\n\t<meta property=\"og:image:type\" content=\"image\/jpeg\" \/>\n<meta name=\"author\" content=\"Colegio de Arquitectos de Chile\" \/>\n<meta name=\"twitter:card\" content=\"summary_large_image\" \/>\n<meta name=\"twitter:creator\" content=\"@colegioarq\" \/>\n<meta name=\"twitter:site\" content=\"@colegioarq\" \/>\n<meta name=\"twitter:label1\" content=\"Escrito por\" \/>\n\t<meta name=\"twitter:data1\" content=\"Colegio de Arquitectos de Chile\" \/>\n\t<meta name=\"twitter:label2\" content=\"Tiempo de lectura\" \/>\n\t<meta name=\"twitter:data2\" content=\"2 minutos\" \/>\n<script type=\"application\/ld+json\" class=\"yoast-schema-graph\">{\"@context\":\"https:\/\/schema.org\",\"@graph\":[{\"@type\":\"Article\",\"@id\":\"https:\/\/colegioarquitectos.com\/noticias\/?p=24011#article\",\"isPartOf\":{\"@id\":\"https:\/\/colegioarquitectos.com\/noticias\/?p=24011\"},\"author\":{\"name\":\"Colegio de Arquitectos de Chile\",\"@id\":\"https:\/\/colegioarquitectos.com\/noticias\/#\/schema\/person\/685cc0aad148303c5608f049af8285ad\"},\"headline\":\"Ministerio de las Culturas, las Artes y el Patrimonio abre el concurso de ideas para el Pabell\u00f3n de Chile en la 17\u00aa Bienal de Arquitectura de Venecia 2020\",\"datePublished\":\"2019-10-08T20:54:40+00:00\",\"dateModified\":\"2019-10-28T13:01:40+00:00\",\"mainEntityOfPage\":{\"@id\":\"https:\/\/colegioarquitectos.com\/noticias\/?p=24011\"},\"wordCount\":520,\"publisher\":{\"@id\":\"https:\/\/colegioarquitectos.com\/noticias\/#organization\"},\"image\":{\"@id\":\"https:\/\/colegioarquitectos.com\/noticias\/?p=24011#primaryimage\"},\"thumbnailUrl\":\"https:\/\/colegioarquitectos.com\/noticias\/wp-content\/uploads\/2019\/10\/ENCABEZADO-BIENAL-VENECIA.jpg\",\"articleSection\":[\"Noticias\"],\"inLanguage\":\"es\"},{\"@type\":\"WebPage\",\"@id\":\"https:\/\/colegioarquitectos.com\/noticias\/?p=24011\",\"url\":\"https:\/\/colegioarquitectos.com\/noticias\/?p=24011\",\"name\":\"Ministerio de las Culturas, las Artes y el Patrimonio abre el concurso de ideas para el Pabell\u00f3n de Chile en la 17\u00aa Bienal de Arquitectura de Venecia 2020 - COLEGIO DE ARQUITECTOS DE CHILE\",\"isPartOf\":{\"@id\":\"https:\/\/colegioarquitectos.com\/noticias\/#website\"},\"primaryImageOfPage\":{\"@id\":\"https:\/\/colegioarquitectos.com\/noticias\/?p=24011#primaryimage\"},\"image\":{\"@id\":\"https:\/\/colegioarquitectos.com\/noticias\/?p=24011#primaryimage\"},\"thumbnailUrl\":\"https:\/\/colegioarquitectos.com\/noticias\/wp-content\/uploads\/2019\/10\/ENCABEZADO-BIENAL-VENECIA.jpg\",\"datePublished\":\"2019-10-08T20:54:40+00:00\",\"dateModified\":\"2019-10-28T13:01:40+00:00\",\"breadcrumb\":{\"@id\":\"https:\/\/colegioarquitectos.com\/noticias\/?p=24011#breadcrumb\"},\"inLanguage\":\"es\",\"potentialAction\":[{\"@type\":\"ReadAction\",\"target\":[\"https:\/\/colegioarquitectos.com\/noticias\/?p=24011\"]}]},{\"@type\":\"ImageObject\",\"inLanguage\":\"es\",\"@id\":\"https:\/\/colegioarquitectos.com\/noticias\/?p=24011#primaryimage\",\"url\":\"https:\/\/colegioarquitectos.com\/noticias\/wp-content\/uploads\/2019\/10\/ENCABEZADO-BIENAL-VENECIA.jpg\",\"contentUrl\":\"https:\/\/colegioarquitectos.com\/noticias\/wp-content\/uploads\/2019\/10\/ENCABEZADO-BIENAL-VENECIA.jpg\",\"width\":690,\"height\":350},{\"@type\":\"BreadcrumbList\",\"@id\":\"https:\/\/colegioarquitectos.com\/noticias\/?p=24011#breadcrumb\",\"itemListElement\":[{\"@type\":\"ListItem\",\"position\":1,\"name\":\"Portada\",\"item\":\"https:\/\/colegioarquitectos.com\/noticias\"},{\"@type\":\"ListItem\",\"position\":2,\"name\":\"Ministerio de las Culturas, las Artes y el Patrimonio abre el concurso de ideas para el Pabell\u00f3n de Chile en la 17\u00aa Bienal de Arquitectura de Venecia 2020\"}]},{\"@type\":\"WebSite\",\"@id\":\"https:\/\/colegioarquitectos.com\/noticias\/#website\",\"url\":\"https:\/\/colegioarquitectos.com\/noticias\/\",\"name\":\"COLEGIO DE ARQUITECTOS DE CHILE\",\"description\":\"\",\"publisher\":{\"@id\":\"https:\/\/colegioarquitectos.com\/noticias\/#organization\"},\"potentialAction\":[{\"@type\":\"SearchAction\",\"target\":{\"@type\":\"EntryPoint\",\"urlTemplate\":\"https:\/\/colegioarquitectos.com\/noticias\/?s={search_term_string}\"},\"query-input\":{\"@type\":\"PropertyValueSpecification\",\"valueRequired\":true,\"valueName\":\"search_term_string\"}}],\"inLanguage\":\"es\"},{\"@type\":\"Organization\",\"@id\":\"https:\/\/colegioarquitectos.com\/noticias\/#organization\",\"name\":\"COLEGIO DE ARQUITECTOS DE CHILE\",\"url\":\"https:\/\/colegioarquitectos.com\/noticias\/\",\"logo\":{\"@type\":\"ImageObject\",\"inLanguage\":\"es\",\"@id\":\"https:\/\/colegioarquitectos.com\/noticias\/#\/schema\/logo\/image\/\",\"url\":\"https:\/\/colegioarquitectos.com\/noticias\/wp-content\/uploads\/2021\/05\/ENCABEZADO-LOGO-CA.jpg\",\"contentUrl\":\"https:\/\/colegioarquitectos.com\/noticias\/wp-content\/uploads\/2021\/05\/ENCABEZADO-LOGO-CA.jpg\",\"width\":690,\"height\":350,\"caption\":\"COLEGIO DE ARQUITECTOS DE CHILE\"},\"image\":{\"@id\":\"https:\/\/colegioarquitectos.com\/noticias\/#\/schema\/logo\/image\/\"},\"sameAs\":[\"https:\/\/facebook.com\/Colegioarq\/\",\"https:\/\/x.com\/colegioarq\",\"https:\/\/instagram.com\/colegioarq\",\"https:\/\/youtube.com\/@ColegiodeArquitectosdeChile\"]},{\"@type\":\"Person\",\"@id\":\"https:\/\/colegioarquitectos.com\/noticias\/#\/schema\/person\/685cc0aad148303c5608f049af8285ad\",\"name\":\"Colegio de Arquitectos de Chile\",\"url\":\"https:\/\/colegioarquitectos.com\/noticias\/?author=4\"}]}<\/script>\n<!-- \/ Yoast SEO plugin. -->","yoast_head_json":{"title":"Ministerio de las Culturas, las Artes y el Patrimonio abre el concurso de ideas para el Pabell\u00f3n de Chile en la 17\u00aa Bienal de Arquitectura de Venecia 2020 - COLEGIO DE ARQUITECTOS DE CHILE","robots":{"index":"index","follow":"follow","max-snippet":"max-snippet:-1","max-image-preview":"max-image-preview:large","max-video-preview":"max-video-preview:-1"},"canonical":"https:\/\/colegioarquitectos.com\/noticias\/?p=24011","og_locale":"es_ES","og_type":"article","og_title":"Ministerio de las Culturas, las Artes y el Patrimonio abre el concurso de ideas para el Pabell\u00f3n de Chile en la 17\u00aa Bienal de Arquitectura de Venecia 2020 - COLEGIO DE ARQUITECTOS DE CHILE","og_description":"La Subsecretar\u00eda de las Culturas y las Artes del Ministerio de las Culturas, a trav\u00e9s de su \u00c1rea de Arquitectura, anuncia la apertura del concurso de ideas para el pabell\u00f3n de Chile en la 17\u00aa Bienal de Arquitectura de Venecia &hellip; ver m\u00e1s","og_url":"https:\/\/colegioarquitectos.com\/noticias\/?p=24011","og_site_name":"COLEGIO DE ARQUITECTOS DE CHILE","article_publisher":"https:\/\/facebook.com\/Colegioarq\/","article_published_time":"2019-10-08T20:54:40+00:00","article_modified_time":"2019-10-28T13:01:40+00:00","og_image":[{"width":690,"height":350,"url":"https:\/\/colegioarquitectos.com\/noticias\/wp-content\/uploads\/2019\/10\/ENCABEZADO-BIENAL-VENECIA.jpg","type":"image\/jpeg"}],"author":"Colegio de Arquitectos de Chile","twitter_card":"summary_large_image","twitter_creator":"@colegioarq","twitter_site":"@colegioarq","twitter_misc":{"Escrito por":"Colegio de Arquitectos de Chile","Tiempo de lectura":"2 minutos"},"schema":{"@context":"https:\/\/schema.org","@graph":[{"@type":"Article","@id":"https:\/\/colegioarquitectos.com\/noticias\/?p=24011#article","isPartOf":{"@id":"https:\/\/colegioarquitectos.com\/noticias\/?p=24011"},"author":{"name":"Colegio de Arquitectos de Chile","@id":"https:\/\/colegioarquitectos.com\/noticias\/#\/schema\/person\/685cc0aad148303c5608f049af8285ad"},"headline":"Ministerio de las Culturas, las Artes y el Patrimonio abre el concurso de ideas para el Pabell\u00f3n de Chile en la 17\u00aa Bienal de Arquitectura de Venecia 2020","datePublished":"2019-10-08T20:54:40+00:00","dateModified":"2019-10-28T13:01:40+00:00","mainEntityOfPage":{"@id":"https:\/\/colegioarquitectos.com\/noticias\/?p=24011"},"wordCount":520,"publisher":{"@id":"https:\/\/colegioarquitectos.com\/noticias\/#organization"},"image":{"@id":"https:\/\/colegioarquitectos.com\/noticias\/?p=24011#primaryimage"},"thumbnailUrl":"https:\/\/colegioarquitectos.com\/noticias\/wp-content\/uploads\/2019\/10\/ENCABEZADO-BIENAL-VENECIA.jpg","articleSection":["Noticias"],"inLanguage":"es"},{"@type":"WebPage","@id":"https:\/\/colegioarquitectos.com\/noticias\/?p=24011","url":"https:\/\/colegioarquitectos.com\/noticias\/?p=24011","name":"Ministerio de las Culturas, las Artes y el Patrimonio abre el concurso de ideas para el Pabell\u00f3n de Chile en la 17\u00aa Bienal de Arquitectura de Venecia 2020 - COLEGIO DE ARQUITECTOS DE CHILE","isPartOf":{"@id":"https:\/\/colegioarquitectos.com\/noticias\/#website"},"primaryImageOfPage":{"@id":"https:\/\/colegioarquitectos.com\/noticias\/?p=24011#primaryimage"},"image":{"@id":"https:\/\/colegioarquitectos.com\/noticias\/?p=24011#primaryimage"},"thumbnailUrl":"https:\/\/colegioarquitectos.com\/noticias\/wp-content\/uploads\/2019\/10\/ENCABEZADO-BIENAL-VENECIA.jpg","datePublished":"2019-10-08T20:54:40+00:00","dateModified":"2019-10-28T13:01:40+00:00","breadcrumb":{"@id":"https:\/\/colegioarquitectos.com\/noticias\/?p=24011#breadcrumb"},"inLanguage":"es","potentialAction":[{"@type":"ReadAction","target":["https:\/\/colegioarquitectos.com\/noticias\/?p=24011"]}]},{"@type":"ImageObject","inLanguage":"es","@id":"https:\/\/colegioarquitectos.com\/noticias\/?p=24011#primaryimage","url":"https:\/\/colegioarquitectos.com\/noticias\/wp-content\/uploads\/2019\/10\/ENCABEZADO-BIENAL-VENECIA.jpg","contentUrl":"https:\/\/colegioarquitectos.com\/noticias\/wp-content\/uploads\/2019\/10\/ENCABEZADO-BIENAL-VENECIA.jpg","width":690,"height":350},{"@type":"BreadcrumbList","@id":"https:\/\/colegioarquitectos.com\/noticias\/?p=24011#breadcrumb","itemListElement":[{"@type":"ListItem","position":1,"name":"Portada","item":"https:\/\/colegioarquitectos.com\/noticias"},{"@type":"ListItem","position":2,"name":"Ministerio de las Culturas, las Artes y el Patrimonio abre el concurso de ideas para el Pabell\u00f3n de Chile en la 17\u00aa Bienal de Arquitectura de Venecia 2020"}]},{"@type":"WebSite","@id":"https:\/\/colegioarquitectos.com\/noticias\/#website","url":"https:\/\/colegioarquitectos.com\/noticias\/","name":"COLEGIO DE ARQUITECTOS DE CHILE","description":"","publisher":{"@id":"https:\/\/colegioarquitectos.com\/noticias\/#organization"},"potentialAction":[{"@type":"SearchAction","target":{"@type":"EntryPoint","urlTemplate":"https:\/\/colegioarquitectos.com\/noticias\/?s={search_term_string}"},"query-input":{"@type":"PropertyValueSpecification","valueRequired":true,"valueName":"search_term_string"}}],"inLanguage":"es"},{"@type":"Organization","@id":"https:\/\/colegioarquitectos.com\/noticias\/#organization","name":"COLEGIO DE ARQUITECTOS DE CHILE","url":"https:\/\/colegioarquitectos.com\/noticias\/","logo":{"@type":"ImageObject","inLanguage":"es","@id":"https:\/\/colegioarquitectos.com\/noticias\/#\/schema\/logo\/image\/","url":"https:\/\/colegioarquitectos.com\/noticias\/wp-content\/uploads\/2021\/05\/ENCABEZADO-LOGO-CA.jpg","contentUrl":"https:\/\/colegioarquitectos.com\/noticias\/wp-content\/uploads\/2021\/05\/ENCABEZADO-LOGO-CA.jpg","width":690,"height":350,"caption":"COLEGIO DE ARQUITECTOS DE CHILE"},"image":{"@id":"https:\/\/colegioarquitectos.com\/noticias\/#\/schema\/logo\/image\/"},"sameAs":["https:\/\/facebook.com\/Colegioarq\/","https:\/\/x.com\/colegioarq","https:\/\/instagram.com\/colegioarq","https:\/\/youtube.com\/@ColegiodeArquitectosdeChile"]},{"@type":"Person","@id":"https:\/\/colegioarquitectos.com\/noticias\/#\/schema\/person\/685cc0aad148303c5608f049af8285ad","name":"Colegio de Arquitectos de Chile","url":"https:\/\/colegioarquitectos.com\/noticias\/?author=4"}]}},"_links":{"self":[{"href":"https:\/\/colegioarquitectos.com\/noticias\/index.php?rest_route=\/wp\/v2\/posts\/24011","targetHints":{"allow":["GET"]}}],"collection":[{"href":"https:\/\/colegioarquitectos.com\/noticias\/index.php?rest_route=\/wp\/v2\/posts"}],"about":[{"href":"https:\/\/colegioarquitectos.com\/noticias\/index.php?rest_route=\/wp\/v2\/types\/post"}],"author":[{"embeddable":true,"href":"https:\/\/colegioarquitectos.com\/noticias\/index.php?rest_route=\/wp\/v2\/users\/4"}],"replies":[{"embeddable":true,"href":"https:\/\/colegioarquitectos.com\/noticias\/index.php?rest_route=%2Fwp%2Fv2%2Fcomments&post=24011"}],"version-history":[{"count":0,"href":"https:\/\/colegioarquitectos.com\/noticias\/index.php?rest_route=\/wp\/v2\/posts\/24011\/revisions"}],"wp:featuredmedia":[{"embeddable":true,"href":"https:\/\/colegioarquitectos.com\/noticias\/index.php?rest_route=\/wp\/v2\/media\/24012"}],"wp:attachment":[{"href":"https:\/\/colegioarquitectos.com\/noticias\/index.php?rest_route=%2Fwp%2Fv2%2Fmedia&parent=24011"}],"wp:term":[{"taxonomy":"category","embeddable":true,"href":"https:\/\/colegioarquitectos.com\/noticias\/index.php?rest_route=%2Fwp%2Fv2%2Fcategories&post=24011"},{"taxonomy":"post_tag","embeddable":true,"href":"https:\/\/colegioarquitectos.com\/noticias\/index.php?rest_route=%2Fwp%2Fv2%2Ftags&post=24011"}],"curies":[{"name":"wp","href":"https:\/\/api.w.org\/{rel}","templated":true}]}}