
{"id":24024,"date":"2019-10-11T17:35:15","date_gmt":"2019-10-11T17:35:15","guid":{"rendered":"http:\/\/colegioarquitectos.com\/?p=24024"},"modified":"2019-10-11T17:35:15","modified_gmt":"2019-10-11T17:35:15","slug":"los-carros-de-la-feria-libre-de-arquitectura-se-tomaran-la-calle-este-fin-de-semana","status":"publish","type":"post","link":"https:\/\/colegioarquitectos.com\/noticias\/?p=24024","title":{"rendered":"Los carros de la Feria Libre de Arquitectura se tomar\u00e1n la calle este fin de semana"},"content":{"rendered":"<p>El s\u00e1bado 12 de octubre, desde las 11 de la ma\u00f1ana, se instalar\u00e1 en las calles V\u00edctor Manuel y Placer la Feria Libre de Arquitectura en Barrio Persa. Ese d\u00eda la Bienal sacar\u00e1 a la calle sus\u00a0<strong>carros con maquetas<\/strong>\u00a0de obras, proyectos, investigaciones y publicaciones. Adem\u00e1s, habr\u00e1 carros para actividades donde se realizar\u00e1n talleres, conferencias, juegos para ni\u00f1os, m\u00fasica y una selecci\u00f3n de emprendedores ligados al mundo del arte y la gastronom\u00eda del Barrio Franklin.<\/p>\n<p>En paralelo, continuar\u00e1n las visitas guiadas por el barrio, tal como\u00a0\u00ab<strong>A la deriva\u00bb,<\/strong>\u00a0que partir\u00e1 en el Teatro Huemul a las diez de la ma\u00f1ana y que permitir\u00e1 comparar la experiencia individual de un recorrido por el barrio con la que aparece en los fanzines tur\u00edsticos.\u00a0 A la misma hora se iniciar\u00e1 \u00abWalking Tour\u00bb, desde la estaci\u00f3n de Metro Bio Bio, recorrido por el sector que incluye conversaciones con vecinos y locatarios, en el que podr\u00e1n participar todas las personas que se hayan inscrito en\u00a0<a href=\"mailto:rutaspuelmapu@gmail.com\">rutaspuelmapu@gmail.com<\/a><\/p>\n<p>En la calle V\u00edctor Manuel se desarrollar\u00e1 durante todo el d\u00eda\u00a0\u00ab<strong>Dona tu pasto\u00bb,<\/strong>\u00a0campa\u00f1a para reunir 600 metros cuadrados de pasto para construir un \u00e1rea verde para la recreaci\u00f3n y el deporte, organizada por la Junta de Vecinos \u00abAdelanto y Progreso\u00bb, la escuela p\u00fablica comunitaria, la Radio Franklin y la Feria Libre de Arquitectura.<\/p>\n<p>Durante la ma\u00f1ana los visitantes podr\u00e1n participar en\u00a0<strong>\u00a1Preg\u00fantale a un arquitecto!\u00a0<\/strong>Iniciativa organizada por el Servicio de Asistencia T\u00e9cnica (SAT) del Colegio de Arquitectos de Chile. En un stand localizado en calle V\u00edctor Manuel, un grupo de profesionales dar\u00e1 respuestas a todo p\u00fablico sobre permisos, ampliaciones, regularizaciones y otros temas en los que un arquitecto o arquitecta puede ayudar. Tambi\u00e9n en la ma\u00f1ana se realizar\u00e1 un Taller de Postulaci\u00f3n al subsidio de Peque\u00f1os Condominios, donde se revisar\u00e1n requisitos de postulaci\u00f3n, proceso, tiempos y costos asociados a este tr\u00e1mite.<\/p>\n<p>Por otra parte, habr\u00e1 un \u00ab<strong>Taller de Arquitectura para ni\u00f1os\u00bb\u00a0<\/strong>y \u00ab<strong>El ABC de la ciudad\u00bb,\u00a0<\/strong>donde los peque\u00f1os podr\u00e1n identificar sus lugares favoritos y realizar intervenciones ef\u00edmeras en el espacio p\u00fablico. Adem\u00e1s, se realizar\u00e1n talleres de carpinter\u00eda, de auto construcci\u00f3n, de sustentabilidad cotidiana y mucho m\u00e1s. En tanto, en la\u00a0<strong>feria gastron\u00f3mica<\/strong>\u00a0local los visitantes podr\u00e1n degustar las delicias de los restaurantes del sector \u00abEl Tata<strong>\u00bb<\/strong>, \u00abCaf\u00e9 Dulcer\u00eda Di Luca<strong>\u00bb<\/strong>, \u00abThe Sherraton<strong>\u00bb<\/strong> y \u00abLo nuestro restaurante<strong>\u00bb<\/strong>.<\/p>\n<p>&nbsp;<\/p>\n<p><strong>Pr\u00f3ximas conferencias<\/strong><\/p>\n<p>La Feria Libre de Arquitectura cuenta con una serie de invitados nacionales e internacionales que exponen diariamente proyectos y propuestas vinculadas a lo com\u00fan y corriente de la arquitectura. El viernes 11 Juan Ignacio Cerda, de la oficina Elemental presentar\u00e1 los trabajos de esta oficina chilena reconocida mundialmente; y el mismo d\u00eda habr\u00e1 una conversaci\u00f3n con Peter Barber de\u00a0<strong>Peter Barber Architects,<\/strong>\u00a0oficina que destaca por sus premios en obras radicales de arquitectura residencial y planificaci\u00f3n urbana.<\/p>\n<p>El s\u00e1bado 12, Marcos Coronel, co-fundador de\u00a0<strong>Pico Colectivo\u00a0<\/strong>(Venezuela) presentar\u00e1 los trabajos de este grupo de arquitectos que se enfoca en el desarrollo de proyectos situados en entornos con conflictos territoriales y cuya obra ha sido reconocida mundialmente. El mismo d\u00eda,\u00a0<strong>Frederic Druot<\/strong>\u00a0(Francia) presentar\u00e1 algunas de las obras m\u00e1s relevantes del estudio Lacaton &amp; Vassal, como la transformaci\u00f3n de 530 viviendas en Burdeos (Premio Mies Van der Rohe, 2019) y del bloque de viviendas Tour Bois-le-pr\u00eatre en Paris (Mejor Dise\u00f1o del A\u00f1o, 2013), una oportunidad para conocer propuestas relacionadas con regeneraci\u00f3n de vivienda colectiva bajo la premisa de transformar y reutilizar en vez de reemplazar y demoler.<\/p>\n<p>A la una de la tarde del s\u00e1bado se presentar\u00e1n adem\u00e1s las propuestas de recuperaci\u00f3n y activaci\u00f3n de nuevos espacios p\u00fablicos en el barrio Matadero Franklin, desarrolladas durante diez d\u00edas de trabajo en el workshop\u00a0\u00ab<strong>Espacio Com\u00fan\u00bb,\u00a0<\/strong>que re\u00fane a estudiantes de arquitectura de universidades de todo el pa\u00eds, a cargo de Sebasti\u00e1n Cuevas, director de \u00abOtra ciudad<strong>\u00bb<\/strong>, y Mar\u00eda Valentina Gonz\u00e1lez fundadora del estudio venezolano \u00abIncursiones<strong>\u00bb<\/strong>, junto a Alejandro Arias, colaborador de Incursiones.<\/p>\n<p>Cabe destacar que el domingo 13 de octubre estar\u00e1 dedicado a la\u00a0<strong>ciudad invitada, Sao Paulo<\/strong>. Habr\u00e1 muestra de obras destacadas, una intervenci\u00f3n de Marcela Arruda \u2014que reflexiona sobre la clase media paulistana\u2014, y una conversaci\u00f3n con Giselle Beiguelman y Guilherme Wisnik sobre memoria colectiva, tecnolog\u00eda y pol\u00edtica contempor\u00e1nea en di\u00e1logo con la arquitectura y la ciudad.<\/p>\n<p>El detalle de todas las actividades est\u00e1 disponible en\u00a0<a href=\"https:\/\/www.bienalarquitectura.cl\/programacion\/\">https:\/\/www.bienalarquitectura.cl\/programacion\/<\/a><\/p>\n<p><\/p>","protected":false},"excerpt":{"rendered":"<p>El s\u00e1bado 12 de octubre, desde las 11 de la ma\u00f1ana, se instalar\u00e1 en las calles V\u00edctor Manuel y Placer la Feria Libre de Arquitectura en Barrio Persa. Ese d\u00eda la Bienal sacar\u00e1 a la calle sus\u00a0carros con maquetas\u00a0de obras, &hellip; <a class=\"more-link\" href=\"https:\/\/colegioarquitectos.com\/noticias\/?p=24024\">ver m\u00e1s<\/a><\/p>","protected":false},"author":4,"featured_media":24025,"comment_status":"closed","ping_status":"closed","sticky":false,"template":"","format":"standard","meta":{"footnotes":""},"categories":[59],"tags":[],"class_list":["post-24024","post","type-post","status-publish","format-standard","has-post-thumbnail","hentry","category-bienal"],"yoast_head":"<!-- This site is optimized with the Yoast SEO plugin v24.2 - https:\/\/yoast.com\/wordpress\/plugins\/seo\/ -->\n<title>Los carros de la Feria Libre de Arquitectura se tomar\u00e1n la calle este fin de semana - COLEGIO DE ARQUITECTOS DE CHILE<\/title>\n<meta name=\"robots\" content=\"index, follow, max-snippet:-1, max-image-preview:large, max-video-preview:-1\" \/>\n<link rel=\"canonical\" href=\"https:\/\/colegioarquitectos.com\/noticias\/?p=24024\" \/>\n<meta property=\"og:locale\" content=\"es_ES\" \/>\n<meta property=\"og:type\" content=\"article\" \/>\n<meta property=\"og:title\" content=\"Los carros de la Feria Libre de Arquitectura se tomar\u00e1n la calle este fin de semana - COLEGIO DE ARQUITECTOS DE CHILE\" \/>\n<meta property=\"og:description\" content=\"El s\u00e1bado 12 de octubre, desde las 11 de la ma\u00f1ana, se instalar\u00e1 en las calles V\u00edctor Manuel y Placer la Feria Libre de Arquitectura en Barrio Persa. Ese d\u00eda la Bienal sacar\u00e1 a la calle sus\u00a0carros con maquetas\u00a0de obras, &hellip; ver m\u00e1s\" \/>\n<meta property=\"og:url\" content=\"https:\/\/colegioarquitectos.com\/noticias\/?p=24024\" \/>\n<meta property=\"og:site_name\" content=\"COLEGIO DE ARQUITECTOS DE CHILE\" \/>\n<meta property=\"article:publisher\" content=\"https:\/\/facebook.com\/Colegioarq\/\" \/>\n<meta property=\"article:published_time\" content=\"2019-10-11T17:35:15+00:00\" \/>\n<meta property=\"og:image\" content=\"https:\/\/colegioarquitectos.com\/noticias\/wp-content\/uploads\/2019\/10\/ENCABEZADO.jpg\" \/>\n\t<meta property=\"og:image:width\" content=\"690\" \/>\n\t<meta property=\"og:image:height\" content=\"350\" \/>\n\t<meta property=\"og:image:type\" content=\"image\/jpeg\" \/>\n<meta name=\"author\" content=\"Colegio de Arquitectos de Chile\" \/>\n<meta name=\"twitter:card\" content=\"summary_large_image\" \/>\n<meta name=\"twitter:creator\" content=\"@colegioarq\" \/>\n<meta name=\"twitter:site\" content=\"@colegioarq\" \/>\n<meta name=\"twitter:label1\" content=\"Escrito por\" \/>\n\t<meta name=\"twitter:data1\" content=\"Colegio de Arquitectos de Chile\" \/>\n\t<meta name=\"twitter:label2\" content=\"Tiempo de lectura\" \/>\n\t<meta name=\"twitter:data2\" content=\"4 minutos\" \/>\n<script type=\"application\/ld+json\" class=\"yoast-schema-graph\">{\"@context\":\"https:\/\/schema.org\",\"@graph\":[{\"@type\":\"Article\",\"@id\":\"https:\/\/colegioarquitectos.com\/noticias\/?p=24024#article\",\"isPartOf\":{\"@id\":\"https:\/\/colegioarquitectos.com\/noticias\/?p=24024\"},\"author\":{\"name\":\"Colegio de Arquitectos de Chile\",\"@id\":\"https:\/\/colegioarquitectos.com\/noticias\/#\/schema\/person\/685cc0aad148303c5608f049af8285ad\"},\"headline\":\"Los carros de la Feria Libre de Arquitectura se tomar\u00e1n la calle este fin de semana\",\"datePublished\":\"2019-10-11T17:35:15+00:00\",\"dateModified\":\"2019-10-11T17:35:15+00:00\",\"mainEntityOfPage\":{\"@id\":\"https:\/\/colegioarquitectos.com\/noticias\/?p=24024\"},\"wordCount\":806,\"publisher\":{\"@id\":\"https:\/\/colegioarquitectos.com\/noticias\/#organization\"},\"image\":{\"@id\":\"https:\/\/colegioarquitectos.com\/noticias\/?p=24024#primaryimage\"},\"thumbnailUrl\":\"https:\/\/colegioarquitectos.com\/noticias\/wp-content\/uploads\/2019\/10\/ENCABEZADO.jpg\",\"articleSection\":[\"Bienal\"],\"inLanguage\":\"es\"},{\"@type\":\"WebPage\",\"@id\":\"https:\/\/colegioarquitectos.com\/noticias\/?p=24024\",\"url\":\"https:\/\/colegioarquitectos.com\/noticias\/?p=24024\",\"name\":\"Los carros de la Feria Libre de Arquitectura se tomar\u00e1n la calle este fin de semana - COLEGIO DE ARQUITECTOS DE CHILE\",\"isPartOf\":{\"@id\":\"https:\/\/colegioarquitectos.com\/noticias\/#website\"},\"primaryImageOfPage\":{\"@id\":\"https:\/\/colegioarquitectos.com\/noticias\/?p=24024#primaryimage\"},\"image\":{\"@id\":\"https:\/\/colegioarquitectos.com\/noticias\/?p=24024#primaryimage\"},\"thumbnailUrl\":\"https:\/\/colegioarquitectos.com\/noticias\/wp-content\/uploads\/2019\/10\/ENCABEZADO.jpg\",\"datePublished\":\"2019-10-11T17:35:15+00:00\",\"dateModified\":\"2019-10-11T17:35:15+00:00\",\"breadcrumb\":{\"@id\":\"https:\/\/colegioarquitectos.com\/noticias\/?p=24024#breadcrumb\"},\"inLanguage\":\"es\",\"potentialAction\":[{\"@type\":\"ReadAction\",\"target\":[\"https:\/\/colegioarquitectos.com\/noticias\/?p=24024\"]}]},{\"@type\":\"ImageObject\",\"inLanguage\":\"es\",\"@id\":\"https:\/\/colegioarquitectos.com\/noticias\/?p=24024#primaryimage\",\"url\":\"https:\/\/colegioarquitectos.com\/noticias\/wp-content\/uploads\/2019\/10\/ENCABEZADO.jpg\",\"contentUrl\":\"https:\/\/colegioarquitectos.com\/noticias\/wp-content\/uploads\/2019\/10\/ENCABEZADO.jpg\",\"width\":690,\"height\":350},{\"@type\":\"BreadcrumbList\",\"@id\":\"https:\/\/colegioarquitectos.com\/noticias\/?p=24024#breadcrumb\",\"itemListElement\":[{\"@type\":\"ListItem\",\"position\":1,\"name\":\"Portada\",\"item\":\"https:\/\/colegioarquitectos.com\/noticias\"},{\"@type\":\"ListItem\",\"position\":2,\"name\":\"Los carros de la Feria Libre de Arquitectura se tomar\u00e1n la calle este fin de semana\"}]},{\"@type\":\"WebSite\",\"@id\":\"https:\/\/colegioarquitectos.com\/noticias\/#website\",\"url\":\"https:\/\/colegioarquitectos.com\/noticias\/\",\"name\":\"COLEGIO DE ARQUITECTOS DE CHILE\",\"description\":\"\",\"publisher\":{\"@id\":\"https:\/\/colegioarquitectos.com\/noticias\/#organization\"},\"potentialAction\":[{\"@type\":\"SearchAction\",\"target\":{\"@type\":\"EntryPoint\",\"urlTemplate\":\"https:\/\/colegioarquitectos.com\/noticias\/?s={search_term_string}\"},\"query-input\":{\"@type\":\"PropertyValueSpecification\",\"valueRequired\":true,\"valueName\":\"search_term_string\"}}],\"inLanguage\":\"es\"},{\"@type\":\"Organization\",\"@id\":\"https:\/\/colegioarquitectos.com\/noticias\/#organization\",\"name\":\"COLEGIO DE ARQUITECTOS DE CHILE\",\"url\":\"https:\/\/colegioarquitectos.com\/noticias\/\",\"logo\":{\"@type\":\"ImageObject\",\"inLanguage\":\"es\",\"@id\":\"https:\/\/colegioarquitectos.com\/noticias\/#\/schema\/logo\/image\/\",\"url\":\"https:\/\/colegioarquitectos.com\/noticias\/wp-content\/uploads\/2021\/05\/ENCABEZADO-LOGO-CA.jpg\",\"contentUrl\":\"https:\/\/colegioarquitectos.com\/noticias\/wp-content\/uploads\/2021\/05\/ENCABEZADO-LOGO-CA.jpg\",\"width\":690,\"height\":350,\"caption\":\"COLEGIO DE ARQUITECTOS DE CHILE\"},\"image\":{\"@id\":\"https:\/\/colegioarquitectos.com\/noticias\/#\/schema\/logo\/image\/\"},\"sameAs\":[\"https:\/\/facebook.com\/Colegioarq\/\",\"https:\/\/x.com\/colegioarq\",\"https:\/\/instagram.com\/colegioarq\",\"https:\/\/youtube.com\/@ColegiodeArquitectosdeChile\"]},{\"@type\":\"Person\",\"@id\":\"https:\/\/colegioarquitectos.com\/noticias\/#\/schema\/person\/685cc0aad148303c5608f049af8285ad\",\"name\":\"Colegio de Arquitectos de Chile\",\"url\":\"https:\/\/colegioarquitectos.com\/noticias\/?author=4\"}]}<\/script>\n<!-- \/ Yoast SEO plugin. -->","yoast_head_json":{"title":"Los carros de la Feria Libre de Arquitectura se tomar\u00e1n la calle este fin de semana - COLEGIO DE ARQUITECTOS DE CHILE","robots":{"index":"index","follow":"follow","max-snippet":"max-snippet:-1","max-image-preview":"max-image-preview:large","max-video-preview":"max-video-preview:-1"},"canonical":"https:\/\/colegioarquitectos.com\/noticias\/?p=24024","og_locale":"es_ES","og_type":"article","og_title":"Los carros de la Feria Libre de Arquitectura se tomar\u00e1n la calle este fin de semana - COLEGIO DE ARQUITECTOS DE CHILE","og_description":"El s\u00e1bado 12 de octubre, desde las 11 de la ma\u00f1ana, se instalar\u00e1 en las calles V\u00edctor Manuel y Placer la Feria Libre de Arquitectura en Barrio Persa. Ese d\u00eda la Bienal sacar\u00e1 a la calle sus\u00a0carros con maquetas\u00a0de obras, &hellip; ver m\u00e1s","og_url":"https:\/\/colegioarquitectos.com\/noticias\/?p=24024","og_site_name":"COLEGIO DE ARQUITECTOS DE CHILE","article_publisher":"https:\/\/facebook.com\/Colegioarq\/","article_published_time":"2019-10-11T17:35:15+00:00","og_image":[{"width":690,"height":350,"url":"https:\/\/colegioarquitectos.com\/noticias\/wp-content\/uploads\/2019\/10\/ENCABEZADO.jpg","type":"image\/jpeg"}],"author":"Colegio de Arquitectos de Chile","twitter_card":"summary_large_image","twitter_creator":"@colegioarq","twitter_site":"@colegioarq","twitter_misc":{"Escrito por":"Colegio de Arquitectos de Chile","Tiempo de lectura":"4 minutos"},"schema":{"@context":"https:\/\/schema.org","@graph":[{"@type":"Article","@id":"https:\/\/colegioarquitectos.com\/noticias\/?p=24024#article","isPartOf":{"@id":"https:\/\/colegioarquitectos.com\/noticias\/?p=24024"},"author":{"name":"Colegio de Arquitectos de Chile","@id":"https:\/\/colegioarquitectos.com\/noticias\/#\/schema\/person\/685cc0aad148303c5608f049af8285ad"},"headline":"Los carros de la Feria Libre de Arquitectura se tomar\u00e1n la calle este fin de semana","datePublished":"2019-10-11T17:35:15+00:00","dateModified":"2019-10-11T17:35:15+00:00","mainEntityOfPage":{"@id":"https:\/\/colegioarquitectos.com\/noticias\/?p=24024"},"wordCount":806,"publisher":{"@id":"https:\/\/colegioarquitectos.com\/noticias\/#organization"},"image":{"@id":"https:\/\/colegioarquitectos.com\/noticias\/?p=24024#primaryimage"},"thumbnailUrl":"https:\/\/colegioarquitectos.com\/noticias\/wp-content\/uploads\/2019\/10\/ENCABEZADO.jpg","articleSection":["Bienal"],"inLanguage":"es"},{"@type":"WebPage","@id":"https:\/\/colegioarquitectos.com\/noticias\/?p=24024","url":"https:\/\/colegioarquitectos.com\/noticias\/?p=24024","name":"Los carros de la Feria Libre de Arquitectura se tomar\u00e1n la calle este fin de semana - COLEGIO DE ARQUITECTOS DE CHILE","isPartOf":{"@id":"https:\/\/colegioarquitectos.com\/noticias\/#website"},"primaryImageOfPage":{"@id":"https:\/\/colegioarquitectos.com\/noticias\/?p=24024#primaryimage"},"image":{"@id":"https:\/\/colegioarquitectos.com\/noticias\/?p=24024#primaryimage"},"thumbnailUrl":"https:\/\/colegioarquitectos.com\/noticias\/wp-content\/uploads\/2019\/10\/ENCABEZADO.jpg","datePublished":"2019-10-11T17:35:15+00:00","dateModified":"2019-10-11T17:35:15+00:00","breadcrumb":{"@id":"https:\/\/colegioarquitectos.com\/noticias\/?p=24024#breadcrumb"},"inLanguage":"es","potentialAction":[{"@type":"ReadAction","target":["https:\/\/colegioarquitectos.com\/noticias\/?p=24024"]}]},{"@type":"ImageObject","inLanguage":"es","@id":"https:\/\/colegioarquitectos.com\/noticias\/?p=24024#primaryimage","url":"https:\/\/colegioarquitectos.com\/noticias\/wp-content\/uploads\/2019\/10\/ENCABEZADO.jpg","contentUrl":"https:\/\/colegioarquitectos.com\/noticias\/wp-content\/uploads\/2019\/10\/ENCABEZADO.jpg","width":690,"height":350},{"@type":"BreadcrumbList","@id":"https:\/\/colegioarquitectos.com\/noticias\/?p=24024#breadcrumb","itemListElement":[{"@type":"ListItem","position":1,"name":"Portada","item":"https:\/\/colegioarquitectos.com\/noticias"},{"@type":"ListItem","position":2,"name":"Los carros de la Feria Libre de Arquitectura se tomar\u00e1n la calle este fin de semana"}]},{"@type":"WebSite","@id":"https:\/\/colegioarquitectos.com\/noticias\/#website","url":"https:\/\/colegioarquitectos.com\/noticias\/","name":"COLEGIO DE ARQUITECTOS DE CHILE","description":"","publisher":{"@id":"https:\/\/colegioarquitectos.com\/noticias\/#organization"},"potentialAction":[{"@type":"SearchAction","target":{"@type":"EntryPoint","urlTemplate":"https:\/\/colegioarquitectos.com\/noticias\/?s={search_term_string}"},"query-input":{"@type":"PropertyValueSpecification","valueRequired":true,"valueName":"search_term_string"}}],"inLanguage":"es"},{"@type":"Organization","@id":"https:\/\/colegioarquitectos.com\/noticias\/#organization","name":"COLEGIO DE ARQUITECTOS DE CHILE","url":"https:\/\/colegioarquitectos.com\/noticias\/","logo":{"@type":"ImageObject","inLanguage":"es","@id":"https:\/\/colegioarquitectos.com\/noticias\/#\/schema\/logo\/image\/","url":"https:\/\/colegioarquitectos.com\/noticias\/wp-content\/uploads\/2021\/05\/ENCABEZADO-LOGO-CA.jpg","contentUrl":"https:\/\/colegioarquitectos.com\/noticias\/wp-content\/uploads\/2021\/05\/ENCABEZADO-LOGO-CA.jpg","width":690,"height":350,"caption":"COLEGIO DE ARQUITECTOS DE CHILE"},"image":{"@id":"https:\/\/colegioarquitectos.com\/noticias\/#\/schema\/logo\/image\/"},"sameAs":["https:\/\/facebook.com\/Colegioarq\/","https:\/\/x.com\/colegioarq","https:\/\/instagram.com\/colegioarq","https:\/\/youtube.com\/@ColegiodeArquitectosdeChile"]},{"@type":"Person","@id":"https:\/\/colegioarquitectos.com\/noticias\/#\/schema\/person\/685cc0aad148303c5608f049af8285ad","name":"Colegio de Arquitectos de Chile","url":"https:\/\/colegioarquitectos.com\/noticias\/?author=4"}]}},"_links":{"self":[{"href":"https:\/\/colegioarquitectos.com\/noticias\/index.php?rest_route=\/wp\/v2\/posts\/24024","targetHints":{"allow":["GET"]}}],"collection":[{"href":"https:\/\/colegioarquitectos.com\/noticias\/index.php?rest_route=\/wp\/v2\/posts"}],"about":[{"href":"https:\/\/colegioarquitectos.com\/noticias\/index.php?rest_route=\/wp\/v2\/types\/post"}],"author":[{"embeddable":true,"href":"https:\/\/colegioarquitectos.com\/noticias\/index.php?rest_route=\/wp\/v2\/users\/4"}],"replies":[{"embeddable":true,"href":"https:\/\/colegioarquitectos.com\/noticias\/index.php?rest_route=%2Fwp%2Fv2%2Fcomments&post=24024"}],"version-history":[{"count":0,"href":"https:\/\/colegioarquitectos.com\/noticias\/index.php?rest_route=\/wp\/v2\/posts\/24024\/revisions"}],"wp:featuredmedia":[{"embeddable":true,"href":"https:\/\/colegioarquitectos.com\/noticias\/index.php?rest_route=\/wp\/v2\/media\/24025"}],"wp:attachment":[{"href":"https:\/\/colegioarquitectos.com\/noticias\/index.php?rest_route=%2Fwp%2Fv2%2Fmedia&parent=24024"}],"wp:term":[{"taxonomy":"category","embeddable":true,"href":"https:\/\/colegioarquitectos.com\/noticias\/index.php?rest_route=%2Fwp%2Fv2%2Fcategories&post=24024"},{"taxonomy":"post_tag","embeddable":true,"href":"https:\/\/colegioarquitectos.com\/noticias\/index.php?rest_route=%2Fwp%2Fv2%2Ftags&post=24024"}],"curies":[{"name":"wp","href":"https:\/\/api.w.org\/{rel}","templated":true}]}}