
{"id":24027,"date":"2019-10-14T12:58:54","date_gmt":"2019-10-14T12:58:54","guid":{"rendered":"http:\/\/colegioarquitectos.com\/?p=24027"},"modified":"2019-10-14T18:11:05","modified_gmt":"2019-10-14T18:11:05","slug":"estudiantes-de-arquitectura-intervinieron-las-calles-de-barrio-franklin-con-sus-obras","status":"publish","type":"post","link":"https:\/\/colegioarquitectos.com\/noticias\/?p=24027","title":{"rendered":"Estudiantes de arquitectura intervinieron las calles de Barrio Franklin con sus obras"},"content":{"rendered":"<p>Tras ocho d\u00edas de intenso trabajo estudiantes de arquitectura de 12 universidades de distintas ciudades del pa\u00eds desarrollaron prototipos de activaci\u00f3n urbana para facilitar el recorrido o la estancia en diversos sectores del Barrio Franklin. El taller fue parte de las actividades de la XXI Bienal de Arquitectura y Urbanismo de Chile que este a\u00f1o se presenta como una <strong>Feria Libre de Arquitectura<\/strong>, enfocada en lo <strong>com\u00fan y corriente<\/strong> y que se despliega en distintos espacios de este sector santiaguino durante todo octubre.<\/p>\n<p>A cargo de los arquitectos<strong> Mar\u00eda Valentina Gonz\u00e1lez<\/strong>, fundadora del colectivo venelozano \u00abIncursiones\u00bb; <strong>Alejandro Arias<\/strong>, colaborador de \u00abIncursiones\u00bb; y Sebasti\u00e1n Cuevas, director del colectivo \u00abOtra Ciudad\u00bb; con la coordinaci\u00f3n de <strong>Madeleine Fagalde<\/strong>, los estudiantes trabajaron en equipo diez propuestas que tuvieran como resultado variadas instalaciones ef\u00edmeras para el lugar.<\/p>\n<p>Las universidades participantes fueron la la <strong>Universidad San Sebasti\u00e1n<\/strong> (USS), la <strong>Universidad de Valpara\u00edso<\/strong> (UV), la <strong>Universidad de Las Am\u00e9ricas<\/strong> (UDLA), la <strong>Universidad Mayor<\/strong>, la <strong>Universidad Central<\/strong>, la <strong>Universidad Tecnol\u00f3gica Metropolitana<\/strong> (UTEM), la <strong>Universidad Arturo Prat<\/strong> (UNAP), la <strong>Universidad Aut\u00f3noma<\/strong>, la <strong>Universidad T\u00e9cnica Federico Santa Mar\u00eda<\/strong> (USM), la<strong> Universidad Andr\u00e9s Bello<\/strong> (UNAB) y la\u00a0<strong>Pontificia Universidad Cat\u00f3lica de Chile<\/strong> (PUC)<\/p>\n<p>Tras un recorrido durante la tarde del s\u00e1bado por los distintos proyectos situados en las calles y espacios del barrio, el jurado compuesto por Rodrigo Tisi \u2014arquitecto y artista visual\u2014, Rodrigo Sep\u00falveda \u2014arquitecto y representante ciudadano\u2014, Pablo Altikes \u2014representante del Colegio de Arquitectos de Chile\u2014, Cecilia Guti\u00e9rrez \u2014representante municipal\u2014, y Joaqu\u00edn Gonz\u00e1lez \u2014representante del equipo curatorial de la Bienal\u2014, eligi\u00f3 las propuestas ganadoras.<\/p>\n<p>El primer lugar se lo llev\u00f3 \u00ab<strong>De lo dom\u00e9stico a lo p\u00fablico\u00bb<\/strong>\u00a0de los alumnos de la Universidad T\u00e9cnica Federico Santa Mar\u00eda. Esta intervenci\u00f3n consisti\u00f3 en demarcar \u00abcasas\u00bb o espacios en la vereda, al exterior del centro comercial \u00abLas Gangas\u00bb, en calle Placer. As\u00ed, se dio un orden a la ubicaci\u00f3n de los muebles que se exhiben en la calle, creando una puesta en escena similar a la del interior de una vivienda. El trabajo fue altamente apreciado por los comerciantes, quienes se involucraron activamente en la obra, lo que incluso reforz\u00f3 lazos entre locatarios y vecinos.<\/p>\n<p>El segundo lugar fue para \u00ab<strong>La memoria del agua\u00bb<\/strong>\u00a0de la Universidad T\u00e9cnica Metropolitana. Esta obra busc\u00f3 rescatar y resignificar la huella del agua en el sector,elemento relevante en el Barrio Franklin antiguo, cuando era transportada a mano, en baldes, a trav\u00e9s del zanj\u00f3n que hoy se encuentra cubierto. Actualmente, una pileta en medio del estacionamiento frente al Galp\u00f3n Matadero es el \u00fanico lugar donde se mantiene la huella del agua y, por lo mismo, se consider\u00f3 que merec\u00eda ser destacado. Se rellen\u00f3 con agua la pileta vac\u00eda y se instalaron cuatro largos trozos de tela amarilla que formaron una especie de pir\u00e1mide para volver a poner foco en un espacio y rememorar as\u00ed su importancia pret\u00e9rita.<\/p>\n<p>El tercer lugar lo obtuvo el equipo conformado por los estudiantes de las universidades de San Sebasti\u00e1n y Valpara\u00edso, quienes llevaron a cabo \u00ab<strong>Navega el persa\u00bb<\/strong>, una intervenci\u00f3n que consisti\u00f3 en pintar con diferentes colores el piso de las distintas entradas del Persa V\u00edctor Manuel para ayudar a los visitantes a recorrer el sector y encontrar m\u00e1s f\u00e1cilmente lo que buscan. As\u00ed, el color morado, por ejemplo, se utiliz\u00f3 para identificar la zona de antig\u00fcedades.<\/p>\n<p>Finalmente, hubo dos menciones honrosas. La primera de ellas a la Universidad Andr\u00e9s Bello por su proyecto \u00ab<strong>Franklin instant\u00e1neo\u00bb,\u00a0<\/strong>reconocido por realizar el mejor an\u00e1lisis del espacio. La segunda, al grupo de las universidades Mayor y Central por la mejor comunicaci\u00f3n gr\u00e1fica de \u00ab<strong>Barricadas Urbanas\u00bb<\/strong>.<\/p>\n<p>Durante el workshop tambi\u00e9n se desarrollaron las obras\u00a0\u00ab<strong>Intersecciones Persa Copan\u00bb<\/strong>\u00a0de la brasile\u00f1a <strong>Escola da Cidade<\/strong>, la \u00ab<strong>Multicancha\u00bb<\/strong>\u00a0de los alumnos de la UDLA, \u00ab<strong>Estaci\u00f3n itinerante\u00bb<\/strong>\u00a0de los estudiantes de la Universidad Aut\u00f3noma, \u00ab<strong>B\u00edo B\u00edo en V\u00edo\u00bb<\/strong>\u00a0de la UNAP y \u00ab<strong>Espacio Gratis\u00bb<\/strong>\u00a0de la PUC.<\/p>\n<p>&nbsp;<\/p>\n\n\t\t<style type=\"text\/css\">\n\t\t\t#gallery-1 {\n\t\t\t\tmargin: auto;\n\t\t\t}\n\t\t\t#gallery-1 .gallery-item {\n\t\t\t\tfloat: left;\n\t\t\t\tmargin-top: 10px;\n\t\t\t\ttext-align: center;\n\t\t\t\twidth: 33%;\n\t\t\t}\n\t\t\t#gallery-1 img {\n\t\t\t\tborder: 2px solid #cfcfcf;\n\t\t\t}\n\t\t\t#gallery-1 .gallery-caption {\n\t\t\t\tmargin-left: 0;\n\t\t\t}\n\t\t\t\/* see gallery_shortcode() in wp-includes\/media.php *\/\n\t\t<\/style>\n\t\t<div id='gallery-1' class='gallery galleryid-24027 gallery-columns-3 gallery-size-thumbnail'><dl class='gallery-item'>\n\t\t\t<dt class='gallery-icon landscape'>\n\t\t\t\t<a href='https:\/\/colegioarquitectos.com\/noticias\/?attachment_id=24028'><img loading=\"lazy\" decoding=\"async\" width=\"180\" height=\"180\" src=\"https:\/\/colegioarquitectos.com\/noticias\/wp-content\/uploads\/2019\/10\/Barricadas_Urbanas-180x180.jpg\" class=\"attachment-thumbnail size-thumbnail\" alt=\"\" \/><\/a>\n\t\t\t<\/dt><\/dl><dl class='gallery-item'>\n\t\t\t<dt class='gallery-icon landscape'>\n\t\t\t\t<a href='https:\/\/colegioarquitectos.com\/noticias\/?attachment_id=24029'><img loading=\"lazy\" decoding=\"async\" width=\"180\" height=\"180\" src=\"https:\/\/colegioarquitectos.com\/noticias\/wp-content\/uploads\/2019\/10\/Bio_Bio_en_Vivo-180x180.jpg\" class=\"attachment-thumbnail size-thumbnail\" alt=\"\" \/><\/a>\n\t\t\t<\/dt><\/dl><dl class='gallery-item'>\n\t\t\t<dt class='gallery-icon landscape'>\n\t\t\t\t<a href='https:\/\/colegioarquitectos.com\/noticias\/?attachment_id=24030'><img loading=\"lazy\" decoding=\"async\" width=\"180\" height=\"180\" src=\"https:\/\/colegioarquitectos.com\/noticias\/wp-content\/uploads\/2019\/10\/De_lo_domestico_a_lo_publico-180x180.jpg\" class=\"attachment-thumbnail size-thumbnail\" alt=\"\" \/><\/a>\n\t\t\t<\/dt><\/dl><br style=\"clear: both\" \/><dl class='gallery-item'>\n\t\t\t<dt class='gallery-icon landscape'>\n\t\t\t\t<a href='https:\/\/colegioarquitectos.com\/noticias\/?attachment_id=24031'><img loading=\"lazy\" decoding=\"async\" width=\"180\" height=\"180\" src=\"https:\/\/colegioarquitectos.com\/noticias\/wp-content\/uploads\/2019\/10\/Estacion_Itinerante-180x180.jpg\" class=\"attachment-thumbnail size-thumbnail\" alt=\"\" \/><\/a>\n\t\t\t<\/dt><\/dl><dl class='gallery-item'>\n\t\t\t<dt class='gallery-icon landscape'>\n\t\t\t\t<a href='https:\/\/colegioarquitectos.com\/noticias\/?attachment_id=24032'><img loading=\"lazy\" decoding=\"async\" width=\"180\" height=\"180\" src=\"https:\/\/colegioarquitectos.com\/noticias\/wp-content\/uploads\/2019\/10\/Franklin_Instantaneo-2-180x180.jpg\" class=\"attachment-thumbnail size-thumbnail\" alt=\"\" \/><\/a>\n\t\t\t<\/dt><\/dl><dl class='gallery-item'>\n\t\t\t<dt class='gallery-icon landscape'>\n\t\t\t\t<a href='https:\/\/colegioarquitectos.com\/noticias\/?attachment_id=24033'><img loading=\"lazy\" decoding=\"async\" width=\"180\" height=\"180\" src=\"https:\/\/colegioarquitectos.com\/noticias\/wp-content\/uploads\/2019\/10\/La_memoria_del_agua-180x180.jpg\" class=\"attachment-thumbnail size-thumbnail\" alt=\"\" \/><\/a>\n\t\t\t<\/dt><\/dl><br style=\"clear: both\" \/><dl class='gallery-item'>\n\t\t\t<dt class='gallery-icon landscape'>\n\t\t\t\t<a href='https:\/\/colegioarquitectos.com\/noticias\/?attachment_id=24034'><img loading=\"lazy\" decoding=\"async\" width=\"180\" height=\"180\" src=\"https:\/\/colegioarquitectos.com\/noticias\/wp-content\/uploads\/2019\/10\/Multicancha-180x180.jpg\" class=\"attachment-thumbnail size-thumbnail\" alt=\"\" \/><\/a>\n\t\t\t<\/dt><\/dl><dl class='gallery-item'>\n\t\t\t<dt class='gallery-icon landscape'>\n\t\t\t\t<a href='https:\/\/colegioarquitectos.com\/noticias\/?attachment_id=24035'><img loading=\"lazy\" decoding=\"async\" width=\"180\" height=\"180\" src=\"https:\/\/colegioarquitectos.com\/noticias\/wp-content\/uploads\/2019\/10\/Navega_el_persa-1-180x180.jpg\" class=\"attachment-thumbnail size-thumbnail\" alt=\"\" \/><\/a>\n\t\t\t<\/dt><\/dl><dl class='gallery-item'>\n\t\t\t<dt class='gallery-icon portrait'>\n\t\t\t\t<a href='https:\/\/colegioarquitectos.com\/noticias\/?attachment_id=24036'><img loading=\"lazy\" decoding=\"async\" width=\"180\" height=\"180\" src=\"https:\/\/colegioarquitectos.com\/noticias\/wp-content\/uploads\/2019\/10\/Workshop-180x180.jpg\" class=\"attachment-thumbnail size-thumbnail\" alt=\"\" \/><\/a>\n\t\t\t<\/dt><\/dl><br style=\"clear: both\" \/><dl class='gallery-item'>\n\t\t\t<dt class='gallery-icon landscape'>\n\t\t\t\t<a href='https:\/\/colegioarquitectos.com\/noticias\/?attachment_id=24037'><img loading=\"lazy\" decoding=\"async\" width=\"180\" height=\"180\" src=\"https:\/\/colegioarquitectos.com\/noticias\/wp-content\/uploads\/2019\/10\/Workshop_premiacion-180x180.jpg\" class=\"attachment-thumbnail size-thumbnail\" alt=\"\" \/><\/a>\n\t\t\t<\/dt><\/dl>\n\t\t\t<br style='clear: both' \/>\n\t\t<\/div>\n\n<p><\/p>","protected":false},"excerpt":{"rendered":"<p>Tras ocho d\u00edas de intenso trabajo estudiantes de arquitectura de 12 universidades de distintas ciudades del pa\u00eds desarrollaron prototipos de activaci\u00f3n urbana para facilitar el recorrido o la estancia en diversos sectores del Barrio Franklin. El taller fue parte de &hellip; <a class=\"more-link\" href=\"https:\/\/colegioarquitectos.com\/noticias\/?p=24027\">ver m\u00e1s<\/a><\/p>","protected":false},"author":4,"featured_media":24038,"comment_status":"closed","ping_status":"closed","sticky":false,"template":"","format":"standard","meta":{"footnotes":""},"categories":[59],"tags":[],"class_list":["post-24027","post","type-post","status-publish","format-standard","has-post-thumbnail","hentry","category-bienal"],"yoast_head":"<!-- This site is optimized with the Yoast SEO plugin v24.2 - https:\/\/yoast.com\/wordpress\/plugins\/seo\/ -->\n<title>Estudiantes de arquitectura intervinieron las calles de Barrio Franklin con sus obras - COLEGIO DE ARQUITECTOS DE CHILE<\/title>\n<meta name=\"robots\" content=\"index, follow, max-snippet:-1, max-image-preview:large, max-video-preview:-1\" \/>\n<link rel=\"canonical\" href=\"https:\/\/colegioarquitectos.com\/noticias\/?p=24027\" \/>\n<meta property=\"og:locale\" content=\"es_ES\" \/>\n<meta property=\"og:type\" content=\"article\" \/>\n<meta property=\"og:title\" content=\"Estudiantes de arquitectura intervinieron las calles de Barrio Franklin con sus obras - COLEGIO DE ARQUITECTOS DE CHILE\" \/>\n<meta property=\"og:description\" content=\"Tras ocho d\u00edas de intenso trabajo estudiantes de arquitectura de 12 universidades de distintas ciudades del pa\u00eds desarrollaron prototipos de activaci\u00f3n urbana para facilitar el recorrido o la estancia en diversos sectores del Barrio Franklin. El taller fue parte de &hellip; ver m\u00e1s\" \/>\n<meta property=\"og:url\" content=\"https:\/\/colegioarquitectos.com\/noticias\/?p=24027\" \/>\n<meta property=\"og:site_name\" content=\"COLEGIO DE ARQUITECTOS DE CHILE\" \/>\n<meta property=\"article:publisher\" content=\"https:\/\/facebook.com\/Colegioarq\/\" \/>\n<meta property=\"article:published_time\" content=\"2019-10-14T12:58:54+00:00\" \/>\n<meta property=\"article:modified_time\" content=\"2019-10-14T18:11:05+00:00\" \/>\n<meta property=\"og:image\" content=\"https:\/\/colegioarquitectos.com\/noticias\/wp-content\/uploads\/2019\/10\/Workshop_premiacion-1.jpg\" \/>\n\t<meta property=\"og:image:width\" content=\"690\" \/>\n\t<meta property=\"og:image:height\" content=\"350\" \/>\n\t<meta property=\"og:image:type\" content=\"image\/jpeg\" \/>\n<meta name=\"author\" content=\"Colegio de Arquitectos de Chile\" \/>\n<meta name=\"twitter:card\" content=\"summary_large_image\" \/>\n<meta name=\"twitter:creator\" content=\"@colegioarq\" \/>\n<meta name=\"twitter:site\" content=\"@colegioarq\" \/>\n<meta name=\"twitter:label1\" content=\"Escrito por\" \/>\n\t<meta name=\"twitter:data1\" content=\"Colegio de Arquitectos de Chile\" \/>\n\t<meta name=\"twitter:label2\" content=\"Tiempo de lectura\" \/>\n\t<meta name=\"twitter:data2\" content=\"3 minutos\" \/>\n<script type=\"application\/ld+json\" class=\"yoast-schema-graph\">{\"@context\":\"https:\/\/schema.org\",\"@graph\":[{\"@type\":\"Article\",\"@id\":\"https:\/\/colegioarquitectos.com\/noticias\/?p=24027#article\",\"isPartOf\":{\"@id\":\"https:\/\/colegioarquitectos.com\/noticias\/?p=24027\"},\"author\":{\"name\":\"Colegio de Arquitectos de Chile\",\"@id\":\"https:\/\/colegioarquitectos.com\/noticias\/#\/schema\/person\/685cc0aad148303c5608f049af8285ad\"},\"headline\":\"Estudiantes de arquitectura intervinieron las calles de Barrio Franklin con sus obras\",\"datePublished\":\"2019-10-14T12:58:54+00:00\",\"dateModified\":\"2019-10-14T18:11:05+00:00\",\"mainEntityOfPage\":{\"@id\":\"https:\/\/colegioarquitectos.com\/noticias\/?p=24027\"},\"wordCount\":708,\"publisher\":{\"@id\":\"https:\/\/colegioarquitectos.com\/noticias\/#organization\"},\"image\":{\"@id\":\"https:\/\/colegioarquitectos.com\/noticias\/?p=24027#primaryimage\"},\"thumbnailUrl\":\"https:\/\/colegioarquitectos.com\/noticias\/wp-content\/uploads\/2019\/10\/Workshop_premiacion-1.jpg\",\"articleSection\":[\"Bienal\"],\"inLanguage\":\"es\"},{\"@type\":\"WebPage\",\"@id\":\"https:\/\/colegioarquitectos.com\/noticias\/?p=24027\",\"url\":\"https:\/\/colegioarquitectos.com\/noticias\/?p=24027\",\"name\":\"Estudiantes de arquitectura intervinieron las calles de Barrio Franklin con sus obras - COLEGIO DE ARQUITECTOS DE CHILE\",\"isPartOf\":{\"@id\":\"https:\/\/colegioarquitectos.com\/noticias\/#website\"},\"primaryImageOfPage\":{\"@id\":\"https:\/\/colegioarquitectos.com\/noticias\/?p=24027#primaryimage\"},\"image\":{\"@id\":\"https:\/\/colegioarquitectos.com\/noticias\/?p=24027#primaryimage\"},\"thumbnailUrl\":\"https:\/\/colegioarquitectos.com\/noticias\/wp-content\/uploads\/2019\/10\/Workshop_premiacion-1.jpg\",\"datePublished\":\"2019-10-14T12:58:54+00:00\",\"dateModified\":\"2019-10-14T18:11:05+00:00\",\"breadcrumb\":{\"@id\":\"https:\/\/colegioarquitectos.com\/noticias\/?p=24027#breadcrumb\"},\"inLanguage\":\"es\",\"potentialAction\":[{\"@type\":\"ReadAction\",\"target\":[\"https:\/\/colegioarquitectos.com\/noticias\/?p=24027\"]}]},{\"@type\":\"ImageObject\",\"inLanguage\":\"es\",\"@id\":\"https:\/\/colegioarquitectos.com\/noticias\/?p=24027#primaryimage\",\"url\":\"https:\/\/colegioarquitectos.com\/noticias\/wp-content\/uploads\/2019\/10\/Workshop_premiacion-1.jpg\",\"contentUrl\":\"https:\/\/colegioarquitectos.com\/noticias\/wp-content\/uploads\/2019\/10\/Workshop_premiacion-1.jpg\",\"width\":690,\"height\":350},{\"@type\":\"BreadcrumbList\",\"@id\":\"https:\/\/colegioarquitectos.com\/noticias\/?p=24027#breadcrumb\",\"itemListElement\":[{\"@type\":\"ListItem\",\"position\":1,\"name\":\"Portada\",\"item\":\"https:\/\/colegioarquitectos.com\/noticias\"},{\"@type\":\"ListItem\",\"position\":2,\"name\":\"Estudiantes de arquitectura intervinieron las calles de Barrio Franklin con sus obras\"}]},{\"@type\":\"WebSite\",\"@id\":\"https:\/\/colegioarquitectos.com\/noticias\/#website\",\"url\":\"https:\/\/colegioarquitectos.com\/noticias\/\",\"name\":\"COLEGIO DE ARQUITECTOS DE CHILE\",\"description\":\"\",\"publisher\":{\"@id\":\"https:\/\/colegioarquitectos.com\/noticias\/#organization\"},\"potentialAction\":[{\"@type\":\"SearchAction\",\"target\":{\"@type\":\"EntryPoint\",\"urlTemplate\":\"https:\/\/colegioarquitectos.com\/noticias\/?s={search_term_string}\"},\"query-input\":{\"@type\":\"PropertyValueSpecification\",\"valueRequired\":true,\"valueName\":\"search_term_string\"}}],\"inLanguage\":\"es\"},{\"@type\":\"Organization\",\"@id\":\"https:\/\/colegioarquitectos.com\/noticias\/#organization\",\"name\":\"COLEGIO DE ARQUITECTOS DE CHILE\",\"url\":\"https:\/\/colegioarquitectos.com\/noticias\/\",\"logo\":{\"@type\":\"ImageObject\",\"inLanguage\":\"es\",\"@id\":\"https:\/\/colegioarquitectos.com\/noticias\/#\/schema\/logo\/image\/\",\"url\":\"https:\/\/colegioarquitectos.com\/noticias\/wp-content\/uploads\/2021\/05\/ENCABEZADO-LOGO-CA.jpg\",\"contentUrl\":\"https:\/\/colegioarquitectos.com\/noticias\/wp-content\/uploads\/2021\/05\/ENCABEZADO-LOGO-CA.jpg\",\"width\":690,\"height\":350,\"caption\":\"COLEGIO DE ARQUITECTOS DE CHILE\"},\"image\":{\"@id\":\"https:\/\/colegioarquitectos.com\/noticias\/#\/schema\/logo\/image\/\"},\"sameAs\":[\"https:\/\/facebook.com\/Colegioarq\/\",\"https:\/\/x.com\/colegioarq\",\"https:\/\/instagram.com\/colegioarq\",\"https:\/\/youtube.com\/@ColegiodeArquitectosdeChile\"]},{\"@type\":\"Person\",\"@id\":\"https:\/\/colegioarquitectos.com\/noticias\/#\/schema\/person\/685cc0aad148303c5608f049af8285ad\",\"name\":\"Colegio de Arquitectos de Chile\",\"url\":\"https:\/\/colegioarquitectos.com\/noticias\/?author=4\"}]}<\/script>\n<!-- \/ Yoast SEO plugin. -->","yoast_head_json":{"title":"Estudiantes de arquitectura intervinieron las calles de Barrio Franklin con sus obras - COLEGIO DE ARQUITECTOS DE CHILE","robots":{"index":"index","follow":"follow","max-snippet":"max-snippet:-1","max-image-preview":"max-image-preview:large","max-video-preview":"max-video-preview:-1"},"canonical":"https:\/\/colegioarquitectos.com\/noticias\/?p=24027","og_locale":"es_ES","og_type":"article","og_title":"Estudiantes de arquitectura intervinieron las calles de Barrio Franklin con sus obras - COLEGIO DE ARQUITECTOS DE CHILE","og_description":"Tras ocho d\u00edas de intenso trabajo estudiantes de arquitectura de 12 universidades de distintas ciudades del pa\u00eds desarrollaron prototipos de activaci\u00f3n urbana para facilitar el recorrido o la estancia en diversos sectores del Barrio Franklin. El taller fue parte de &hellip; ver m\u00e1s","og_url":"https:\/\/colegioarquitectos.com\/noticias\/?p=24027","og_site_name":"COLEGIO DE ARQUITECTOS DE CHILE","article_publisher":"https:\/\/facebook.com\/Colegioarq\/","article_published_time":"2019-10-14T12:58:54+00:00","article_modified_time":"2019-10-14T18:11:05+00:00","og_image":[{"width":690,"height":350,"url":"https:\/\/colegioarquitectos.com\/noticias\/wp-content\/uploads\/2019\/10\/Workshop_premiacion-1.jpg","type":"image\/jpeg"}],"author":"Colegio de Arquitectos de Chile","twitter_card":"summary_large_image","twitter_creator":"@colegioarq","twitter_site":"@colegioarq","twitter_misc":{"Escrito por":"Colegio de Arquitectos de Chile","Tiempo de lectura":"3 minutos"},"schema":{"@context":"https:\/\/schema.org","@graph":[{"@type":"Article","@id":"https:\/\/colegioarquitectos.com\/noticias\/?p=24027#article","isPartOf":{"@id":"https:\/\/colegioarquitectos.com\/noticias\/?p=24027"},"author":{"name":"Colegio de Arquitectos de Chile","@id":"https:\/\/colegioarquitectos.com\/noticias\/#\/schema\/person\/685cc0aad148303c5608f049af8285ad"},"headline":"Estudiantes de arquitectura intervinieron las calles de Barrio Franklin con sus obras","datePublished":"2019-10-14T12:58:54+00:00","dateModified":"2019-10-14T18:11:05+00:00","mainEntityOfPage":{"@id":"https:\/\/colegioarquitectos.com\/noticias\/?p=24027"},"wordCount":708,"publisher":{"@id":"https:\/\/colegioarquitectos.com\/noticias\/#organization"},"image":{"@id":"https:\/\/colegioarquitectos.com\/noticias\/?p=24027#primaryimage"},"thumbnailUrl":"https:\/\/colegioarquitectos.com\/noticias\/wp-content\/uploads\/2019\/10\/Workshop_premiacion-1.jpg","articleSection":["Bienal"],"inLanguage":"es"},{"@type":"WebPage","@id":"https:\/\/colegioarquitectos.com\/noticias\/?p=24027","url":"https:\/\/colegioarquitectos.com\/noticias\/?p=24027","name":"Estudiantes de arquitectura intervinieron las calles de Barrio Franklin con sus obras - COLEGIO DE ARQUITECTOS DE CHILE","isPartOf":{"@id":"https:\/\/colegioarquitectos.com\/noticias\/#website"},"primaryImageOfPage":{"@id":"https:\/\/colegioarquitectos.com\/noticias\/?p=24027#primaryimage"},"image":{"@id":"https:\/\/colegioarquitectos.com\/noticias\/?p=24027#primaryimage"},"thumbnailUrl":"https:\/\/colegioarquitectos.com\/noticias\/wp-content\/uploads\/2019\/10\/Workshop_premiacion-1.jpg","datePublished":"2019-10-14T12:58:54+00:00","dateModified":"2019-10-14T18:11:05+00:00","breadcrumb":{"@id":"https:\/\/colegioarquitectos.com\/noticias\/?p=24027#breadcrumb"},"inLanguage":"es","potentialAction":[{"@type":"ReadAction","target":["https:\/\/colegioarquitectos.com\/noticias\/?p=24027"]}]},{"@type":"ImageObject","inLanguage":"es","@id":"https:\/\/colegioarquitectos.com\/noticias\/?p=24027#primaryimage","url":"https:\/\/colegioarquitectos.com\/noticias\/wp-content\/uploads\/2019\/10\/Workshop_premiacion-1.jpg","contentUrl":"https:\/\/colegioarquitectos.com\/noticias\/wp-content\/uploads\/2019\/10\/Workshop_premiacion-1.jpg","width":690,"height":350},{"@type":"BreadcrumbList","@id":"https:\/\/colegioarquitectos.com\/noticias\/?p=24027#breadcrumb","itemListElement":[{"@type":"ListItem","position":1,"name":"Portada","item":"https:\/\/colegioarquitectos.com\/noticias"},{"@type":"ListItem","position":2,"name":"Estudiantes de arquitectura intervinieron las calles de Barrio Franklin con sus obras"}]},{"@type":"WebSite","@id":"https:\/\/colegioarquitectos.com\/noticias\/#website","url":"https:\/\/colegioarquitectos.com\/noticias\/","name":"COLEGIO DE ARQUITECTOS DE CHILE","description":"","publisher":{"@id":"https:\/\/colegioarquitectos.com\/noticias\/#organization"},"potentialAction":[{"@type":"SearchAction","target":{"@type":"EntryPoint","urlTemplate":"https:\/\/colegioarquitectos.com\/noticias\/?s={search_term_string}"},"query-input":{"@type":"PropertyValueSpecification","valueRequired":true,"valueName":"search_term_string"}}],"inLanguage":"es"},{"@type":"Organization","@id":"https:\/\/colegioarquitectos.com\/noticias\/#organization","name":"COLEGIO DE ARQUITECTOS DE CHILE","url":"https:\/\/colegioarquitectos.com\/noticias\/","logo":{"@type":"ImageObject","inLanguage":"es","@id":"https:\/\/colegioarquitectos.com\/noticias\/#\/schema\/logo\/image\/","url":"https:\/\/colegioarquitectos.com\/noticias\/wp-content\/uploads\/2021\/05\/ENCABEZADO-LOGO-CA.jpg","contentUrl":"https:\/\/colegioarquitectos.com\/noticias\/wp-content\/uploads\/2021\/05\/ENCABEZADO-LOGO-CA.jpg","width":690,"height":350,"caption":"COLEGIO DE ARQUITECTOS DE CHILE"},"image":{"@id":"https:\/\/colegioarquitectos.com\/noticias\/#\/schema\/logo\/image\/"},"sameAs":["https:\/\/facebook.com\/Colegioarq\/","https:\/\/x.com\/colegioarq","https:\/\/instagram.com\/colegioarq","https:\/\/youtube.com\/@ColegiodeArquitectosdeChile"]},{"@type":"Person","@id":"https:\/\/colegioarquitectos.com\/noticias\/#\/schema\/person\/685cc0aad148303c5608f049af8285ad","name":"Colegio de Arquitectos de Chile","url":"https:\/\/colegioarquitectos.com\/noticias\/?author=4"}]}},"_links":{"self":[{"href":"https:\/\/colegioarquitectos.com\/noticias\/index.php?rest_route=\/wp\/v2\/posts\/24027","targetHints":{"allow":["GET"]}}],"collection":[{"href":"https:\/\/colegioarquitectos.com\/noticias\/index.php?rest_route=\/wp\/v2\/posts"}],"about":[{"href":"https:\/\/colegioarquitectos.com\/noticias\/index.php?rest_route=\/wp\/v2\/types\/post"}],"author":[{"embeddable":true,"href":"https:\/\/colegioarquitectos.com\/noticias\/index.php?rest_route=\/wp\/v2\/users\/4"}],"replies":[{"embeddable":true,"href":"https:\/\/colegioarquitectos.com\/noticias\/index.php?rest_route=%2Fwp%2Fv2%2Fcomments&post=24027"}],"version-history":[{"count":0,"href":"https:\/\/colegioarquitectos.com\/noticias\/index.php?rest_route=\/wp\/v2\/posts\/24027\/revisions"}],"wp:featuredmedia":[{"embeddable":true,"href":"https:\/\/colegioarquitectos.com\/noticias\/index.php?rest_route=\/wp\/v2\/media\/24038"}],"wp:attachment":[{"href":"https:\/\/colegioarquitectos.com\/noticias\/index.php?rest_route=%2Fwp%2Fv2%2Fmedia&parent=24027"}],"wp:term":[{"taxonomy":"category","embeddable":true,"href":"https:\/\/colegioarquitectos.com\/noticias\/index.php?rest_route=%2Fwp%2Fv2%2Fcategories&post=24027"},{"taxonomy":"post_tag","embeddable":true,"href":"https:\/\/colegioarquitectos.com\/noticias\/index.php?rest_route=%2Fwp%2Fv2%2Ftags&post=24027"}],"curies":[{"name":"wp","href":"https:\/\/api.w.org\/{rel}","templated":true}]}}