
{"id":24054,"date":"2019-10-16T13:27:31","date_gmt":"2019-10-16T13:27:31","guid":{"rendered":"http:\/\/colegioarquitectos.com\/?p=24054"},"modified":"2019-10-16T13:27:31","modified_gmt":"2019-10-16T13:27:31","slug":"la-feria-libre-de-arquitectura-se-despliega-este-fin-de-semana-en-barrio-huemul","status":"publish","type":"post","link":"https:\/\/colegioarquitectos.com\/noticias\/?p=24054","title":{"rendered":"La Feria Libre de Arquitectura se despliega este fin de semana en Barrio Huemul"},"content":{"rendered":"<p>Cientos de visitantes, vecinos y locatarios participaron el fin de semana reci\u00e9n pasado en las actividades que se realizaron en pleno Barrio Franklin de Santiago. Decenas de carros con muestras y actividades se instalaron en la calle V\u00edctor Manuel para invitar al p\u00fablico a familiarizarse con la arquitectura de una manera l\u00fadica, cercana y \u00fatil.<\/p>\n<p>Una de las actividades que llam\u00f3 la atenci\u00f3n fue la presentaci\u00f3n de los proyectos que realizaron los participantes del workshop \u00abEspacio Com\u00fan\u00bb de la Bienal, quienes intervinieron el espacio de distintos sectores, asombrando al p\u00fablico. El domingo, en tanto, se desplegaron experiencias sensoriales, reflexiones en torno a la \u00abclase media paulistana\u00bb, discusiones sobre tecnolog\u00eda, pol\u00edtica y el futuro de las ciudades, en el Persa V\u00edctor Manuel en el marco del d\u00eda de Sao Paulo, ciudad invitada de esta Bienal.<\/p>\n<p>&nbsp;<\/p>\n<p><strong>Feria Libre de Arquitectura al Barrio Huemul<\/strong><\/p>\n<p>Desde las once de la ma\u00f1ana de este s\u00e1bado la Feria Libre de Arquitectura se instalar\u00e1 en Barrio Huemul. Se cerrar\u00e1n las calles circundantes al Teatro Huemul para trasladar los carros con la muestra del Premio Nacional de Arquitectura, los que presentan los proyectos de intervenci\u00f3n urbana en Barrio Franklin que realizaron los participantes del workshop \u00abEspacio Com\u00fan\u00bb, los carros con la muestra de arquitectura com\u00fan y corriente para todo Chile y los carros con las novedosas propuestas de las 17 escuelas de arquitectura participantes.<\/p>\n<p>Tambi\u00e9n se instalar\u00e1n en Barrio Huemul los carros dise\u00f1ados para realizar en ellos actividades para todo p\u00fablico. Est\u00e1 el cine-foro donde se presentan distintas producciones audiovisuales y se desarrollan talleres participativos como el de postulaci\u00f3n a subsidios. Habr\u00e1 carros portaplanos, de reciclaje y una biblioteca m\u00f3vil que regala libros a quienes etiqueten a la <strong>@bienalarq<\/strong> en sus fotos en redes sociales. Tambi\u00e9n habr\u00e1 carros que entregar\u00e1n energ\u00eda a las actividades, carros de reciclaje y mucho m\u00e1s.<\/p>\n<p>El Colegio de Arquitectos de Chile otorgar\u00e1 asistencia t\u00e9cnica a los transe\u00fantes en el carro \u00abPreg\u00fantale a un arquitecto\u00bb, donde especialistas resolver\u00e1n dudas respecto a ampliaciones, regularizaciones y otras tem\u00e1ticas vinculadas a la profesi\u00f3n. Habr\u00e1 tambi\u00e9n todo un sector con gastronom\u00eda local de restaurantes del barrio, un entretenid\u00edsimo taller de arquitectura para ni\u00f1os, el taller \u00abCaminar, inventariar, cartografiar\u00bb que explorar\u00e1 la vida cotidiana del barrio, una nueva jornada de \u00abSantiago Walking Tour\u00bb (<a href=\"mailto:rutaspuelmapu@gmail.com\">rutaspuelmapu@gmail.com<\/a>) y la ceremonia \u00abR\u00e9quiem por el Patrimonio\u00bb que incluir\u00e1 una procesi\u00f3n f\u00fanebre desde Barrio Huemul hasta Matadero.<\/p>\n<p>Por otra parte, se podr\u00e1 visitar la estructura temporal \u00abExperiencia Detonante II\u00bb (UDD, Fundaci\u00f3n la Fuente y Servicio Nacional del Patrimonio Cultural) construida para activar el espacio y facilitar la lectura. Se presentar\u00e1 la publicaci\u00f3n \u00abRescate de Sewell\u00bb, la revista \u00abBangbang\u00bb \u2014que abarca las picadas en Santiago a trav\u00e9s del tiempo\u2014, y la revista Origen. Mientras tanto, en el Galp\u00f3n del Matadero Franklin se exhibir\u00e1 el documental \u00abalma de barrio\u00bb.<\/p>\n<p>El domingo se realizar\u00e1 los talleres de sensibilizaci\u00f3n \u00abMujeres caminantes\u00bb y de \u00abUrbanismo y perspectiva de g\u00e9nero\u00bb, el foro \u00ab\u00bfQu\u00e9 sabemos de la historia de las mujeres en la ciudad?\u201d y el taller \u00abWoodenkind\u00bb para que los ni\u00f1os puedan explorar las posibilidades de la madera, entre muchos otros.<\/p>\n<p>&nbsp;<\/p>\n<p><strong>Conferencias de la semana<\/strong><\/p>\n<p>Una de las conferencias destacadas de la semana es la que dar\u00e1\u00a0<strong>Kate Harvey<\/strong>, productora general de Artichoke, organizaci\u00f3n brit\u00e1nica que gestiona actividades culturales p\u00fablicas y de car\u00e1cter masivo como la Mu\u00f1eca Gigante y Lumiere. Con una vasta experiencia en activaciones en el espacio p\u00fablico, la gesti\u00f3n cultural, la participaci\u00f3n ciudadana y consumo cultural democr\u00e1tico, la charla abordar\u00e1 su experiencia en Reino Unido y otros pa\u00edses. La charla se realizar\u00e1 el s\u00e1bado 19 de octubre a las 19.00 en Teatro Huemul.<\/p>\n<p>Tambi\u00e9n destaca la conversaci\u00f3n con\u00a0<strong>Marta Moreira,<\/strong>\u00a0quien presentar\u00e1 el trabajo del estudio MMBB Arquitectos (Brasil), en particular, de la obra SESC 24 de Maio realizada junto a Paulo Mendes da Rocha. Esta obra se ha convertido en un icono de la arquitectura p\u00fablica paulista, localizada en el centro de S\u00e3o Paulo, albergando diversas actividades recreativas y deportivas; canchas, una biblioteca, un teatro e incluso una piscina con vista panor\u00e1mica a la ciudad. El domingo 20 de octubre a las 18:30 horas en Teatro Huemul<\/p>\n<p>Tambi\u00e9n se llevar\u00e1 a cabo una conversaciones con \u00abX Formas: Molina-Ipinza-Ballbont\u00edn-Quezada\u00bb, sobre este espacio itinerante de conversaci\u00f3n con arquitectas y arquitectos latinoamericanos que han construido su carrera sin edificar en Galp\u00f3n Matadero, el mi\u00e9rcoles 16 de octubre a las 19.00 horas. El jueves 17 de octubre a las 19.00 horas en Teatro Huemul Oscar Gonz\u00e1lez Moix presentar\u00e1 las obras del estudio Gonz\u00e1lez Moix Arquitectura de Per\u00fa, cuya obra a\u00fana a\u00fana la tradici\u00f3n milenaria, moderna y la innovaci\u00f3n contempor\u00e1nea.\u00a0El viernes 18 de octubre en el mismo lugar y horario se desarrollar\u00e1 el foro con los alcaldes Jadue, Sharp y Pizarro.<\/p>\n<p>Toda la programaci\u00f3n disponible en\u00a0<a href=\"https:\/\/www.bienalarquitectura.cl\/programacion\/\">https:\/\/www.bienalarquitectura.cl\/programacion\/<\/a><\/p>\n<p>&nbsp;<\/p>\n\n\t\t<style type=\"text\/css\">\n\t\t\t#gallery-1 {\n\t\t\t\tmargin: auto;\n\t\t\t}\n\t\t\t#gallery-1 .gallery-item {\n\t\t\t\tfloat: left;\n\t\t\t\tmargin-top: 10px;\n\t\t\t\ttext-align: center;\n\t\t\t\twidth: 33%;\n\t\t\t}\n\t\t\t#gallery-1 img {\n\t\t\t\tborder: 2px solid #cfcfcf;\n\t\t\t}\n\t\t\t#gallery-1 .gallery-caption {\n\t\t\t\tmargin-left: 0;\n\t\t\t}\n\t\t\t\/* see gallery_shortcode() in wp-includes\/media.php *\/\n\t\t<\/style>\n\t\t<div id='gallery-1' class='gallery galleryid-24054 gallery-columns-3 gallery-size-thumbnail'><dl class='gallery-item'>\n\t\t\t<dt class='gallery-icon landscape'>\n\t\t\t\t<a href='https:\/\/colegioarquitectos.com\/noticias\/?attachment_id=24055'><img loading=\"lazy\" decoding=\"async\" width=\"180\" height=\"180\" src=\"https:\/\/colegioarquitectos.com\/noticias\/wp-content\/uploads\/2019\/10\/Kate_Harvey-180x180.jpg\" class=\"attachment-thumbnail size-thumbnail\" alt=\"\" \/><\/a>\n\t\t\t<\/dt><\/dl><dl class='gallery-item'>\n\t\t\t<dt class='gallery-icon landscape'>\n\t\t\t\t<a href='https:\/\/colegioarquitectos.com\/noticias\/?attachment_id=24056'><img loading=\"lazy\" decoding=\"async\" width=\"180\" height=\"180\" src=\"https:\/\/colegioarquitectos.com\/noticias\/wp-content\/uploads\/2019\/10\/Muestra-180x180.jpg\" class=\"attachment-thumbnail size-thumbnail\" alt=\"\" \/><\/a>\n\t\t\t<\/dt><\/dl><dl class='gallery-item'>\n\t\t\t<dt class='gallery-icon portrait'>\n\t\t\t\t<a href='https:\/\/colegioarquitectos.com\/noticias\/?attachment_id=24057'><img loading=\"lazy\" decoding=\"async\" width=\"180\" height=\"180\" src=\"https:\/\/colegioarquitectos.com\/noticias\/wp-content\/uploads\/2019\/10\/Muestra_Galpon-180x180.jpg\" class=\"attachment-thumbnail size-thumbnail\" alt=\"\" \/><\/a>\n\t\t\t<\/dt><\/dl><br style=\"clear: both\" \/><dl class='gallery-item'>\n\t\t\t<dt class='gallery-icon landscape'>\n\t\t\t\t<a href='https:\/\/colegioarquitectos.com\/noticias\/?attachment_id=24058'><img loading=\"lazy\" decoding=\"async\" width=\"180\" height=\"180\" src=\"https:\/\/colegioarquitectos.com\/noticias\/wp-content\/uploads\/2019\/10\/Preg\u00fantale-a-un-arquitecto-180x180.jpg\" class=\"attachment-thumbnail size-thumbnail\" alt=\"\" \/><\/a>\n\t\t\t<\/dt><\/dl><dl class='gallery-item'>\n\t\t\t<dt class='gallery-icon landscape'>\n\t\t\t\t<a href='https:\/\/colegioarquitectos.com\/noticias\/?attachment_id=24059'><img loading=\"lazy\" decoding=\"async\" width=\"180\" height=\"180\" src=\"https:\/\/colegioarquitectos.com\/noticias\/wp-content\/uploads\/2019\/10\/Taller_Alba\u00f1ileria-1-180x180.jpg\" class=\"attachment-thumbnail size-thumbnail\" alt=\"\" \/><\/a>\n\t\t\t<\/dt><\/dl><dl class='gallery-item'>\n\t\t\t<dt class='gallery-icon landscape'>\n\t\t\t\t<a href='https:\/\/colegioarquitectos.com\/noticias\/?attachment_id=24060'><img loading=\"lazy\" decoding=\"async\" width=\"180\" height=\"180\" src=\"https:\/\/colegioarquitectos.com\/noticias\/wp-content\/uploads\/2019\/10\/Taller_Alba\u00f1ileria-2-180x180.jpg\" class=\"attachment-thumbnail size-thumbnail\" alt=\"\" \/><\/a>\n\t\t\t<\/dt><\/dl><br style=\"clear: both\" \/><dl class='gallery-item'>\n\t\t\t<dt class='gallery-icon landscape'>\n\t\t\t\t<a href='https:\/\/colegioarquitectos.com\/noticias\/?attachment_id=24061'><img loading=\"lazy\" decoding=\"async\" width=\"180\" height=\"180\" src=\"https:\/\/colegioarquitectos.com\/noticias\/wp-content\/uploads\/2019\/10\/Taller_Arq_Ni\u00f1os-1-180x180.jpg\" class=\"attachment-thumbnail size-thumbnail\" alt=\"\" \/><\/a>\n\t\t\t<\/dt><\/dl><dl class='gallery-item'>\n\t\t\t<dt class='gallery-icon portrait'>\n\t\t\t\t<a href='https:\/\/colegioarquitectos.com\/noticias\/?attachment_id=24062'><img loading=\"lazy\" decoding=\"async\" width=\"180\" height=\"180\" src=\"https:\/\/colegioarquitectos.com\/noticias\/wp-content\/uploads\/2019\/10\/WORKSHOP-1-180x180.jpg\" class=\"attachment-thumbnail size-thumbnail\" alt=\"\" \/><\/a>\n\t\t\t<\/dt><\/dl>\n\t\t\t<br style='clear: both' \/>\n\t\t<\/div>\n\n<p><\/p>","protected":false},"excerpt":{"rendered":"<p>Cientos de visitantes, vecinos y locatarios participaron el fin de semana reci\u00e9n pasado en las actividades que se realizaron en pleno Barrio Franklin de Santiago. Decenas de carros con muestras y actividades se instalaron en la calle V\u00edctor Manuel para &hellip; <a class=\"more-link\" href=\"https:\/\/colegioarquitectos.com\/noticias\/?p=24054\">ver m\u00e1s<\/a><\/p>","protected":false},"author":4,"featured_media":24063,"comment_status":"closed","ping_status":"closed","sticky":false,"template":"","format":"standard","meta":{"footnotes":""},"categories":[59],"tags":[],"class_list":["post-24054","post","type-post","status-publish","format-standard","has-post-thumbnail","hentry","category-bienal"],"yoast_head":"<!-- This site is optimized with the Yoast SEO plugin v24.2 - https:\/\/yoast.com\/wordpress\/plugins\/seo\/ -->\n<title>La Feria Libre de Arquitectura se despliega este fin de semana en Barrio Huemul - COLEGIO DE ARQUITECTOS DE CHILE<\/title>\n<meta name=\"robots\" content=\"index, follow, max-snippet:-1, max-image-preview:large, max-video-preview:-1\" \/>\n<link rel=\"canonical\" href=\"https:\/\/colegioarquitectos.com\/noticias\/?p=24054\" \/>\n<meta property=\"og:locale\" content=\"es_ES\" \/>\n<meta property=\"og:type\" content=\"article\" \/>\n<meta property=\"og:title\" content=\"La Feria Libre de Arquitectura se despliega este fin de semana en Barrio Huemul - COLEGIO DE ARQUITECTOS DE CHILE\" \/>\n<meta property=\"og:description\" content=\"Cientos de visitantes, vecinos y locatarios participaron el fin de semana reci\u00e9n pasado en las actividades que se realizaron en pleno Barrio Franklin de Santiago. Decenas de carros con muestras y actividades se instalaron en la calle V\u00edctor Manuel para &hellip; ver m\u00e1s\" \/>\n<meta property=\"og:url\" content=\"https:\/\/colegioarquitectos.com\/noticias\/?p=24054\" \/>\n<meta property=\"og:site_name\" content=\"COLEGIO DE ARQUITECTOS DE CHILE\" \/>\n<meta property=\"article:publisher\" content=\"https:\/\/facebook.com\/Colegioarq\/\" \/>\n<meta property=\"article:published_time\" content=\"2019-10-16T13:27:31+00:00\" \/>\n<meta property=\"og:image\" content=\"https:\/\/colegioarquitectos.com\/noticias\/wp-content\/uploads\/2019\/10\/ENCABEZADO-1.jpg\" \/>\n\t<meta property=\"og:image:width\" content=\"690\" \/>\n\t<meta property=\"og:image:height\" content=\"350\" \/>\n\t<meta property=\"og:image:type\" content=\"image\/jpeg\" \/>\n<meta name=\"author\" content=\"Colegio de Arquitectos de Chile\" \/>\n<meta name=\"twitter:card\" content=\"summary_large_image\" \/>\n<meta name=\"twitter:creator\" content=\"@colegioarq\" \/>\n<meta name=\"twitter:site\" content=\"@colegioarq\" \/>\n<meta name=\"twitter:label1\" content=\"Escrito por\" \/>\n\t<meta name=\"twitter:data1\" content=\"Colegio de Arquitectos de Chile\" \/>\n\t<meta name=\"twitter:label2\" content=\"Tiempo de lectura\" \/>\n\t<meta name=\"twitter:data2\" content=\"4 minutos\" \/>\n<script type=\"application\/ld+json\" class=\"yoast-schema-graph\">{\"@context\":\"https:\/\/schema.org\",\"@graph\":[{\"@type\":\"Article\",\"@id\":\"https:\/\/colegioarquitectos.com\/noticias\/?p=24054#article\",\"isPartOf\":{\"@id\":\"https:\/\/colegioarquitectos.com\/noticias\/?p=24054\"},\"author\":{\"name\":\"Colegio de Arquitectos de Chile\",\"@id\":\"https:\/\/colegioarquitectos.com\/noticias\/#\/schema\/person\/685cc0aad148303c5608f049af8285ad\"},\"headline\":\"La Feria Libre de Arquitectura se despliega este fin de semana en Barrio Huemul\",\"datePublished\":\"2019-10-16T13:27:31+00:00\",\"dateModified\":\"2019-10-16T13:27:31+00:00\",\"mainEntityOfPage\":{\"@id\":\"https:\/\/colegioarquitectos.com\/noticias\/?p=24054\"},\"wordCount\":877,\"publisher\":{\"@id\":\"https:\/\/colegioarquitectos.com\/noticias\/#organization\"},\"image\":{\"@id\":\"https:\/\/colegioarquitectos.com\/noticias\/?p=24054#primaryimage\"},\"thumbnailUrl\":\"https:\/\/colegioarquitectos.com\/noticias\/wp-content\/uploads\/2019\/10\/ENCABEZADO-1.jpg\",\"articleSection\":[\"Bienal\"],\"inLanguage\":\"es\"},{\"@type\":\"WebPage\",\"@id\":\"https:\/\/colegioarquitectos.com\/noticias\/?p=24054\",\"url\":\"https:\/\/colegioarquitectos.com\/noticias\/?p=24054\",\"name\":\"La Feria Libre de Arquitectura se despliega este fin de semana en Barrio Huemul - COLEGIO DE ARQUITECTOS DE CHILE\",\"isPartOf\":{\"@id\":\"https:\/\/colegioarquitectos.com\/noticias\/#website\"},\"primaryImageOfPage\":{\"@id\":\"https:\/\/colegioarquitectos.com\/noticias\/?p=24054#primaryimage\"},\"image\":{\"@id\":\"https:\/\/colegioarquitectos.com\/noticias\/?p=24054#primaryimage\"},\"thumbnailUrl\":\"https:\/\/colegioarquitectos.com\/noticias\/wp-content\/uploads\/2019\/10\/ENCABEZADO-1.jpg\",\"datePublished\":\"2019-10-16T13:27:31+00:00\",\"dateModified\":\"2019-10-16T13:27:31+00:00\",\"breadcrumb\":{\"@id\":\"https:\/\/colegioarquitectos.com\/noticias\/?p=24054#breadcrumb\"},\"inLanguage\":\"es\",\"potentialAction\":[{\"@type\":\"ReadAction\",\"target\":[\"https:\/\/colegioarquitectos.com\/noticias\/?p=24054\"]}]},{\"@type\":\"ImageObject\",\"inLanguage\":\"es\",\"@id\":\"https:\/\/colegioarquitectos.com\/noticias\/?p=24054#primaryimage\",\"url\":\"https:\/\/colegioarquitectos.com\/noticias\/wp-content\/uploads\/2019\/10\/ENCABEZADO-1.jpg\",\"contentUrl\":\"https:\/\/colegioarquitectos.com\/noticias\/wp-content\/uploads\/2019\/10\/ENCABEZADO-1.jpg\",\"width\":690,\"height\":350},{\"@type\":\"BreadcrumbList\",\"@id\":\"https:\/\/colegioarquitectos.com\/noticias\/?p=24054#breadcrumb\",\"itemListElement\":[{\"@type\":\"ListItem\",\"position\":1,\"name\":\"Portada\",\"item\":\"https:\/\/colegioarquitectos.com\/noticias\"},{\"@type\":\"ListItem\",\"position\":2,\"name\":\"La Feria Libre de Arquitectura se despliega este fin de semana en Barrio Huemul\"}]},{\"@type\":\"WebSite\",\"@id\":\"https:\/\/colegioarquitectos.com\/noticias\/#website\",\"url\":\"https:\/\/colegioarquitectos.com\/noticias\/\",\"name\":\"COLEGIO DE ARQUITECTOS DE CHILE\",\"description\":\"\",\"publisher\":{\"@id\":\"https:\/\/colegioarquitectos.com\/noticias\/#organization\"},\"potentialAction\":[{\"@type\":\"SearchAction\",\"target\":{\"@type\":\"EntryPoint\",\"urlTemplate\":\"https:\/\/colegioarquitectos.com\/noticias\/?s={search_term_string}\"},\"query-input\":{\"@type\":\"PropertyValueSpecification\",\"valueRequired\":true,\"valueName\":\"search_term_string\"}}],\"inLanguage\":\"es\"},{\"@type\":\"Organization\",\"@id\":\"https:\/\/colegioarquitectos.com\/noticias\/#organization\",\"name\":\"COLEGIO DE ARQUITECTOS DE CHILE\",\"url\":\"https:\/\/colegioarquitectos.com\/noticias\/\",\"logo\":{\"@type\":\"ImageObject\",\"inLanguage\":\"es\",\"@id\":\"https:\/\/colegioarquitectos.com\/noticias\/#\/schema\/logo\/image\/\",\"url\":\"https:\/\/colegioarquitectos.com\/noticias\/wp-content\/uploads\/2021\/05\/ENCABEZADO-LOGO-CA.jpg\",\"contentUrl\":\"https:\/\/colegioarquitectos.com\/noticias\/wp-content\/uploads\/2021\/05\/ENCABEZADO-LOGO-CA.jpg\",\"width\":690,\"height\":350,\"caption\":\"COLEGIO DE ARQUITECTOS DE CHILE\"},\"image\":{\"@id\":\"https:\/\/colegioarquitectos.com\/noticias\/#\/schema\/logo\/image\/\"},\"sameAs\":[\"https:\/\/facebook.com\/Colegioarq\/\",\"https:\/\/x.com\/colegioarq\",\"https:\/\/instagram.com\/colegioarq\",\"https:\/\/youtube.com\/@ColegiodeArquitectosdeChile\"]},{\"@type\":\"Person\",\"@id\":\"https:\/\/colegioarquitectos.com\/noticias\/#\/schema\/person\/685cc0aad148303c5608f049af8285ad\",\"name\":\"Colegio de Arquitectos de Chile\",\"url\":\"https:\/\/colegioarquitectos.com\/noticias\/?author=4\"}]}<\/script>\n<!-- \/ Yoast SEO plugin. -->","yoast_head_json":{"title":"La Feria Libre de Arquitectura se despliega este fin de semana en Barrio Huemul - COLEGIO DE ARQUITECTOS DE CHILE","robots":{"index":"index","follow":"follow","max-snippet":"max-snippet:-1","max-image-preview":"max-image-preview:large","max-video-preview":"max-video-preview:-1"},"canonical":"https:\/\/colegioarquitectos.com\/noticias\/?p=24054","og_locale":"es_ES","og_type":"article","og_title":"La Feria Libre de Arquitectura se despliega este fin de semana en Barrio Huemul - COLEGIO DE ARQUITECTOS DE CHILE","og_description":"Cientos de visitantes, vecinos y locatarios participaron el fin de semana reci\u00e9n pasado en las actividades que se realizaron en pleno Barrio Franklin de Santiago. Decenas de carros con muestras y actividades se instalaron en la calle V\u00edctor Manuel para &hellip; ver m\u00e1s","og_url":"https:\/\/colegioarquitectos.com\/noticias\/?p=24054","og_site_name":"COLEGIO DE ARQUITECTOS DE CHILE","article_publisher":"https:\/\/facebook.com\/Colegioarq\/","article_published_time":"2019-10-16T13:27:31+00:00","og_image":[{"width":690,"height":350,"url":"https:\/\/colegioarquitectos.com\/noticias\/wp-content\/uploads\/2019\/10\/ENCABEZADO-1.jpg","type":"image\/jpeg"}],"author":"Colegio de Arquitectos de Chile","twitter_card":"summary_large_image","twitter_creator":"@colegioarq","twitter_site":"@colegioarq","twitter_misc":{"Escrito por":"Colegio de Arquitectos de Chile","Tiempo de lectura":"4 minutos"},"schema":{"@context":"https:\/\/schema.org","@graph":[{"@type":"Article","@id":"https:\/\/colegioarquitectos.com\/noticias\/?p=24054#article","isPartOf":{"@id":"https:\/\/colegioarquitectos.com\/noticias\/?p=24054"},"author":{"name":"Colegio de Arquitectos de Chile","@id":"https:\/\/colegioarquitectos.com\/noticias\/#\/schema\/person\/685cc0aad148303c5608f049af8285ad"},"headline":"La Feria Libre de Arquitectura se despliega este fin de semana en Barrio Huemul","datePublished":"2019-10-16T13:27:31+00:00","dateModified":"2019-10-16T13:27:31+00:00","mainEntityOfPage":{"@id":"https:\/\/colegioarquitectos.com\/noticias\/?p=24054"},"wordCount":877,"publisher":{"@id":"https:\/\/colegioarquitectos.com\/noticias\/#organization"},"image":{"@id":"https:\/\/colegioarquitectos.com\/noticias\/?p=24054#primaryimage"},"thumbnailUrl":"https:\/\/colegioarquitectos.com\/noticias\/wp-content\/uploads\/2019\/10\/ENCABEZADO-1.jpg","articleSection":["Bienal"],"inLanguage":"es"},{"@type":"WebPage","@id":"https:\/\/colegioarquitectos.com\/noticias\/?p=24054","url":"https:\/\/colegioarquitectos.com\/noticias\/?p=24054","name":"La Feria Libre de Arquitectura se despliega este fin de semana en Barrio Huemul - COLEGIO DE ARQUITECTOS DE CHILE","isPartOf":{"@id":"https:\/\/colegioarquitectos.com\/noticias\/#website"},"primaryImageOfPage":{"@id":"https:\/\/colegioarquitectos.com\/noticias\/?p=24054#primaryimage"},"image":{"@id":"https:\/\/colegioarquitectos.com\/noticias\/?p=24054#primaryimage"},"thumbnailUrl":"https:\/\/colegioarquitectos.com\/noticias\/wp-content\/uploads\/2019\/10\/ENCABEZADO-1.jpg","datePublished":"2019-10-16T13:27:31+00:00","dateModified":"2019-10-16T13:27:31+00:00","breadcrumb":{"@id":"https:\/\/colegioarquitectos.com\/noticias\/?p=24054#breadcrumb"},"inLanguage":"es","potentialAction":[{"@type":"ReadAction","target":["https:\/\/colegioarquitectos.com\/noticias\/?p=24054"]}]},{"@type":"ImageObject","inLanguage":"es","@id":"https:\/\/colegioarquitectos.com\/noticias\/?p=24054#primaryimage","url":"https:\/\/colegioarquitectos.com\/noticias\/wp-content\/uploads\/2019\/10\/ENCABEZADO-1.jpg","contentUrl":"https:\/\/colegioarquitectos.com\/noticias\/wp-content\/uploads\/2019\/10\/ENCABEZADO-1.jpg","width":690,"height":350},{"@type":"BreadcrumbList","@id":"https:\/\/colegioarquitectos.com\/noticias\/?p=24054#breadcrumb","itemListElement":[{"@type":"ListItem","position":1,"name":"Portada","item":"https:\/\/colegioarquitectos.com\/noticias"},{"@type":"ListItem","position":2,"name":"La Feria Libre de Arquitectura se despliega este fin de semana en Barrio Huemul"}]},{"@type":"WebSite","@id":"https:\/\/colegioarquitectos.com\/noticias\/#website","url":"https:\/\/colegioarquitectos.com\/noticias\/","name":"COLEGIO DE ARQUITECTOS DE CHILE","description":"","publisher":{"@id":"https:\/\/colegioarquitectos.com\/noticias\/#organization"},"potentialAction":[{"@type":"SearchAction","target":{"@type":"EntryPoint","urlTemplate":"https:\/\/colegioarquitectos.com\/noticias\/?s={search_term_string}"},"query-input":{"@type":"PropertyValueSpecification","valueRequired":true,"valueName":"search_term_string"}}],"inLanguage":"es"},{"@type":"Organization","@id":"https:\/\/colegioarquitectos.com\/noticias\/#organization","name":"COLEGIO DE ARQUITECTOS DE CHILE","url":"https:\/\/colegioarquitectos.com\/noticias\/","logo":{"@type":"ImageObject","inLanguage":"es","@id":"https:\/\/colegioarquitectos.com\/noticias\/#\/schema\/logo\/image\/","url":"https:\/\/colegioarquitectos.com\/noticias\/wp-content\/uploads\/2021\/05\/ENCABEZADO-LOGO-CA.jpg","contentUrl":"https:\/\/colegioarquitectos.com\/noticias\/wp-content\/uploads\/2021\/05\/ENCABEZADO-LOGO-CA.jpg","width":690,"height":350,"caption":"COLEGIO DE ARQUITECTOS DE CHILE"},"image":{"@id":"https:\/\/colegioarquitectos.com\/noticias\/#\/schema\/logo\/image\/"},"sameAs":["https:\/\/facebook.com\/Colegioarq\/","https:\/\/x.com\/colegioarq","https:\/\/instagram.com\/colegioarq","https:\/\/youtube.com\/@ColegiodeArquitectosdeChile"]},{"@type":"Person","@id":"https:\/\/colegioarquitectos.com\/noticias\/#\/schema\/person\/685cc0aad148303c5608f049af8285ad","name":"Colegio de Arquitectos de Chile","url":"https:\/\/colegioarquitectos.com\/noticias\/?author=4"}]}},"_links":{"self":[{"href":"https:\/\/colegioarquitectos.com\/noticias\/index.php?rest_route=\/wp\/v2\/posts\/24054","targetHints":{"allow":["GET"]}}],"collection":[{"href":"https:\/\/colegioarquitectos.com\/noticias\/index.php?rest_route=\/wp\/v2\/posts"}],"about":[{"href":"https:\/\/colegioarquitectos.com\/noticias\/index.php?rest_route=\/wp\/v2\/types\/post"}],"author":[{"embeddable":true,"href":"https:\/\/colegioarquitectos.com\/noticias\/index.php?rest_route=\/wp\/v2\/users\/4"}],"replies":[{"embeddable":true,"href":"https:\/\/colegioarquitectos.com\/noticias\/index.php?rest_route=%2Fwp%2Fv2%2Fcomments&post=24054"}],"version-history":[{"count":0,"href":"https:\/\/colegioarquitectos.com\/noticias\/index.php?rest_route=\/wp\/v2\/posts\/24054\/revisions"}],"wp:featuredmedia":[{"embeddable":true,"href":"https:\/\/colegioarquitectos.com\/noticias\/index.php?rest_route=\/wp\/v2\/media\/24063"}],"wp:attachment":[{"href":"https:\/\/colegioarquitectos.com\/noticias\/index.php?rest_route=%2Fwp%2Fv2%2Fmedia&parent=24054"}],"wp:term":[{"taxonomy":"category","embeddable":true,"href":"https:\/\/colegioarquitectos.com\/noticias\/index.php?rest_route=%2Fwp%2Fv2%2Fcategories&post=24054"},{"taxonomy":"post_tag","embeddable":true,"href":"https:\/\/colegioarquitectos.com\/noticias\/index.php?rest_route=%2Fwp%2Fv2%2Ftags&post=24054"}],"curies":[{"name":"wp","href":"https:\/\/api.w.org\/{rel}","templated":true}]}}