
{"id":24192,"date":"2019-11-27T13:41:54","date_gmt":"2019-11-27T13:41:54","guid":{"rendered":"http:\/\/colegioarquitectos.com\/?p=24192"},"modified":"2019-12-03T14:59:57","modified_gmt":"2019-12-03T14:59:57","slug":"ya-esta-a-la-venta-el-catalogo-de-la-feria-libre-de-arquitectura","status":"publish","type":"post","link":"https:\/\/colegioarquitectos.com\/noticias\/?p=24192","title":{"rendered":"\u00a1Ya est\u00e1 a la venta el cat\u00e1logo de la Feria Libre de Arquitectura!"},"content":{"rendered":"<p>El Cat\u00e1logo de la <strong>XXI Bienal de Arquitectura y Urbanismo de Chile<\/strong>, no s\u00f3lo recopila en 4 tomos las obras, proyectos, investigaciones y publicaciones destacadas y seleccionadas, sino que tambi\u00e9n incluye una carpeta con desplegables de las obras destacadas y distinguidas, y conversaciones con <strong>Andr\u00e9s Jaque<\/strong>, <strong>Enrique Walker<\/strong>, <strong>Miguel Lawner<\/strong>, <strong>Belinda Tato<\/strong> y <strong>Jos\u00e9 Luis Vallejo<\/strong>, entre otros.<\/p>\n<p>&nbsp;<\/p>\n<p>Revisa el contenido de cada tomo aqu\u00ed:<\/p>\n<p><strong>Tomo 1:<\/strong> <em>Lo com\u00fan y lo corriente<\/em> [Conversaci\u00f3n con Andr\u00e9s Jaque, Relato curatorial, Barrio Franklin, Despliegue territorial, S\u00e3o Paulo: Ciudad invitada, Conversaci\u00f3n con Enrique Walker]<\/p>\n<p><strong>Tomo 2:<\/strong> <em>Discursos; Palabras e im\u00e1genes<\/em> [Publicaciones destacadas y seleccionadas, Investigaciones destacadas y seleccionadas, Conversaciones con Guilherme Wisnik, Mar\u00eda Valentina Gonz\u00e1lez (Incursiones), Belinda Tato y Jos\u00e9 Luis Vallejo (Ecosistema Urbano].<\/p>\n<p><strong>Tomo 3:<\/strong> <em>Proyectos; Pr\u00e1ctica e ideas<\/em> [Proyectos destacados y seleccionados, Workshop Espacio P\u00fablico, Universidades]<\/p>\n<p><strong>Tomo 4:<\/strong> <em>Obras; Construyendo para las personas<\/em> [Conversaci\u00f3n con Miguel Lawner, Obras distinguidas, destacadas y seleccionadas, Ministerio de Obras P\u00fablicas, Ministerio de Vivienda y Urbanismo]<\/p>\n<p><img loading=\"lazy\" decoding=\"async\" class=\"aligncenter size-full wp-image-24193\" src=\"http:\/\/colegioarquitectos.com\/noticias\/wp-content\/uploads\/2019\/11\/3g9d0d-1.gif\" alt=\"\" width=\"500\" height=\"311\" \/><\/p>\n<h2><\/h2>\n<h2>Precios<\/h2>\n<p>Estudiantes $7.000<\/p>\n<p>Colegiados activos $10.000<\/p>\n<p>No colegiados o inactivos $15.000<\/p>\n<p>&nbsp;<\/p>\n<p>* A regiones se hace el env\u00edo por pagar.<\/p>\n<p>* En Santiago se retira en el Colegio de Arquitectos de Chile, Alameda #115, Santiago Centro (Horario temporal: 09.00 \u2013 15.00 horas)<\/p>\n<p>* Pago a trav\u00e9s de transferencia\u00a0 a:<\/p>\n<p>Raz\u00f3n Social: Fundaci\u00f3n Espacio y Desarrollo<\/p>\n<p>Rut.: 65.154.280-4<\/p>\n<p>Banco: Scotiabank<\/p>\n<p>Cta. Cte.: 97.04990-32<\/p>\n<p>Mail: <a href=\"mailto:ventas@bienaldearquitectura.cl\">ventas@bienaldearquitectura.cl<\/a><\/p>\n<p>&nbsp;<\/p>\n<p><strong>&gt; M\u00e1s informaci\u00f3n a <a href=\"mailto:ventas@bienaldearquitectura.cl\">ventas@bienaldearquitectura.cl<\/a><\/strong><\/p>\n<p>&nbsp;<\/p>\n<p><\/p>","protected":false},"excerpt":{"rendered":"<p>El Cat\u00e1logo de la XXI Bienal de Arquitectura y Urbanismo de Chile, no s\u00f3lo recopila en 4 tomos las obras, proyectos, investigaciones y publicaciones destacadas y seleccionadas, sino que tambi\u00e9n incluye una carpeta con desplegables de las obras destacadas y &hellip; <a class=\"more-link\" href=\"https:\/\/colegioarquitectos.com\/noticias\/?p=24192\">ver m\u00e1s<\/a><\/p>","protected":false},"author":4,"featured_media":24194,"comment_status":"closed","ping_status":"closed","sticky":false,"template":"","format":"standard","meta":{"footnotes":""},"categories":[59],"tags":[],"class_list":["post-24192","post","type-post","status-publish","format-standard","has-post-thumbnail","hentry","category-bienal"],"yoast_head":"<!-- This site is optimized with the Yoast SEO plugin v24.2 - https:\/\/yoast.com\/wordpress\/plugins\/seo\/ -->\n<title>\u00a1Ya est\u00e1 a la venta el cat\u00e1logo de la Feria Libre de Arquitectura! - COLEGIO DE ARQUITECTOS DE CHILE<\/title>\n<meta name=\"robots\" content=\"index, follow, max-snippet:-1, max-image-preview:large, max-video-preview:-1\" \/>\n<link rel=\"canonical\" href=\"https:\/\/colegioarquitectos.com\/noticias\/?p=24192\" \/>\n<meta property=\"og:locale\" content=\"es_ES\" \/>\n<meta property=\"og:type\" content=\"article\" \/>\n<meta property=\"og:title\" content=\"\u00a1Ya est\u00e1 a la venta el cat\u00e1logo de la Feria Libre de Arquitectura! - COLEGIO DE ARQUITECTOS DE CHILE\" \/>\n<meta property=\"og:description\" content=\"El Cat\u00e1logo de la XXI Bienal de Arquitectura y Urbanismo de Chile, no s\u00f3lo recopila en 4 tomos las obras, proyectos, investigaciones y publicaciones destacadas y seleccionadas, sino que tambi\u00e9n incluye una carpeta con desplegables de las obras destacadas y &hellip; ver m\u00e1s\" \/>\n<meta property=\"og:url\" content=\"https:\/\/colegioarquitectos.com\/noticias\/?p=24192\" \/>\n<meta property=\"og:site_name\" content=\"COLEGIO DE ARQUITECTOS DE CHILE\" \/>\n<meta property=\"article:publisher\" content=\"https:\/\/facebook.com\/Colegioarq\/\" \/>\n<meta property=\"article:published_time\" content=\"2019-11-27T13:41:54+00:00\" \/>\n<meta property=\"article:modified_time\" content=\"2019-12-03T14:59:57+00:00\" \/>\n<meta property=\"og:image\" content=\"https:\/\/colegioarquitectos.com\/noticias\/wp-content\/uploads\/2019\/11\/00_venta-4-copia.jpg\" \/>\n\t<meta property=\"og:image:width\" content=\"2832\" \/>\n\t<meta property=\"og:image:height\" content=\"1760\" \/>\n\t<meta property=\"og:image:type\" content=\"image\/jpeg\" \/>\n<meta name=\"author\" content=\"Colegio de Arquitectos de Chile\" \/>\n<meta name=\"twitter:card\" content=\"summary_large_image\" \/>\n<meta name=\"twitter:creator\" content=\"@colegioarq\" \/>\n<meta name=\"twitter:site\" content=\"@colegioarq\" \/>\n<meta name=\"twitter:label1\" content=\"Escrito por\" \/>\n\t<meta name=\"twitter:data1\" content=\"Colegio de Arquitectos de Chile\" \/>\n\t<meta name=\"twitter:label2\" content=\"Tiempo de lectura\" \/>\n\t<meta name=\"twitter:data2\" content=\"1 minuto\" \/>\n<script type=\"application\/ld+json\" class=\"yoast-schema-graph\">{\"@context\":\"https:\/\/schema.org\",\"@graph\":[{\"@type\":\"Article\",\"@id\":\"https:\/\/colegioarquitectos.com\/noticias\/?p=24192#article\",\"isPartOf\":{\"@id\":\"https:\/\/colegioarquitectos.com\/noticias\/?p=24192\"},\"author\":{\"name\":\"Colegio de Arquitectos de Chile\",\"@id\":\"https:\/\/colegioarquitectos.com\/noticias\/#\/schema\/person\/685cc0aad148303c5608f049af8285ad\"},\"headline\":\"\u00a1Ya est\u00e1 a la venta el cat\u00e1logo de la Feria Libre de Arquitectura!\",\"datePublished\":\"2019-11-27T13:41:54+00:00\",\"dateModified\":\"2019-12-03T14:59:57+00:00\",\"mainEntityOfPage\":{\"@id\":\"https:\/\/colegioarquitectos.com\/noticias\/?p=24192\"},\"wordCount\":257,\"publisher\":{\"@id\":\"https:\/\/colegioarquitectos.com\/noticias\/#organization\"},\"image\":{\"@id\":\"https:\/\/colegioarquitectos.com\/noticias\/?p=24192#primaryimage\"},\"thumbnailUrl\":\"https:\/\/colegioarquitectos.com\/noticias\/wp-content\/uploads\/2019\/11\/00_venta-4-copia.jpg\",\"articleSection\":[\"Bienal\"],\"inLanguage\":\"es\"},{\"@type\":\"WebPage\",\"@id\":\"https:\/\/colegioarquitectos.com\/noticias\/?p=24192\",\"url\":\"https:\/\/colegioarquitectos.com\/noticias\/?p=24192\",\"name\":\"\u00a1Ya est\u00e1 a la venta el cat\u00e1logo de la Feria Libre de Arquitectura! - COLEGIO DE ARQUITECTOS DE CHILE\",\"isPartOf\":{\"@id\":\"https:\/\/colegioarquitectos.com\/noticias\/#website\"},\"primaryImageOfPage\":{\"@id\":\"https:\/\/colegioarquitectos.com\/noticias\/?p=24192#primaryimage\"},\"image\":{\"@id\":\"https:\/\/colegioarquitectos.com\/noticias\/?p=24192#primaryimage\"},\"thumbnailUrl\":\"https:\/\/colegioarquitectos.com\/noticias\/wp-content\/uploads\/2019\/11\/00_venta-4-copia.jpg\",\"datePublished\":\"2019-11-27T13:41:54+00:00\",\"dateModified\":\"2019-12-03T14:59:57+00:00\",\"breadcrumb\":{\"@id\":\"https:\/\/colegioarquitectos.com\/noticias\/?p=24192#breadcrumb\"},\"inLanguage\":\"es\",\"potentialAction\":[{\"@type\":\"ReadAction\",\"target\":[\"https:\/\/colegioarquitectos.com\/noticias\/?p=24192\"]}]},{\"@type\":\"ImageObject\",\"inLanguage\":\"es\",\"@id\":\"https:\/\/colegioarquitectos.com\/noticias\/?p=24192#primaryimage\",\"url\":\"https:\/\/colegioarquitectos.com\/noticias\/wp-content\/uploads\/2019\/11\/00_venta-4-copia.jpg\",\"contentUrl\":\"https:\/\/colegioarquitectos.com\/noticias\/wp-content\/uploads\/2019\/11\/00_venta-4-copia.jpg\",\"width\":2832,\"height\":1760},{\"@type\":\"BreadcrumbList\",\"@id\":\"https:\/\/colegioarquitectos.com\/noticias\/?p=24192#breadcrumb\",\"itemListElement\":[{\"@type\":\"ListItem\",\"position\":1,\"name\":\"Portada\",\"item\":\"https:\/\/colegioarquitectos.com\/noticias\"},{\"@type\":\"ListItem\",\"position\":2,\"name\":\"\u00a1Ya est\u00e1 a la venta el cat\u00e1logo de la Feria Libre de Arquitectura!\"}]},{\"@type\":\"WebSite\",\"@id\":\"https:\/\/colegioarquitectos.com\/noticias\/#website\",\"url\":\"https:\/\/colegioarquitectos.com\/noticias\/\",\"name\":\"COLEGIO DE ARQUITECTOS DE CHILE\",\"description\":\"\",\"publisher\":{\"@id\":\"https:\/\/colegioarquitectos.com\/noticias\/#organization\"},\"potentialAction\":[{\"@type\":\"SearchAction\",\"target\":{\"@type\":\"EntryPoint\",\"urlTemplate\":\"https:\/\/colegioarquitectos.com\/noticias\/?s={search_term_string}\"},\"query-input\":{\"@type\":\"PropertyValueSpecification\",\"valueRequired\":true,\"valueName\":\"search_term_string\"}}],\"inLanguage\":\"es\"},{\"@type\":\"Organization\",\"@id\":\"https:\/\/colegioarquitectos.com\/noticias\/#organization\",\"name\":\"COLEGIO DE ARQUITECTOS DE CHILE\",\"url\":\"https:\/\/colegioarquitectos.com\/noticias\/\",\"logo\":{\"@type\":\"ImageObject\",\"inLanguage\":\"es\",\"@id\":\"https:\/\/colegioarquitectos.com\/noticias\/#\/schema\/logo\/image\/\",\"url\":\"https:\/\/colegioarquitectos.com\/noticias\/wp-content\/uploads\/2021\/05\/ENCABEZADO-LOGO-CA.jpg\",\"contentUrl\":\"https:\/\/colegioarquitectos.com\/noticias\/wp-content\/uploads\/2021\/05\/ENCABEZADO-LOGO-CA.jpg\",\"width\":690,\"height\":350,\"caption\":\"COLEGIO DE ARQUITECTOS DE CHILE\"},\"image\":{\"@id\":\"https:\/\/colegioarquitectos.com\/noticias\/#\/schema\/logo\/image\/\"},\"sameAs\":[\"https:\/\/facebook.com\/Colegioarq\/\",\"https:\/\/x.com\/colegioarq\",\"https:\/\/instagram.com\/colegioarq\",\"https:\/\/youtube.com\/@ColegiodeArquitectosdeChile\"]},{\"@type\":\"Person\",\"@id\":\"https:\/\/colegioarquitectos.com\/noticias\/#\/schema\/person\/685cc0aad148303c5608f049af8285ad\",\"name\":\"Colegio de Arquitectos de Chile\",\"url\":\"https:\/\/colegioarquitectos.com\/noticias\/?author=4\"}]}<\/script>\n<!-- \/ Yoast SEO plugin. -->","yoast_head_json":{"title":"\u00a1Ya est\u00e1 a la venta el cat\u00e1logo de la Feria Libre de Arquitectura! - COLEGIO DE ARQUITECTOS DE CHILE","robots":{"index":"index","follow":"follow","max-snippet":"max-snippet:-1","max-image-preview":"max-image-preview:large","max-video-preview":"max-video-preview:-1"},"canonical":"https:\/\/colegioarquitectos.com\/noticias\/?p=24192","og_locale":"es_ES","og_type":"article","og_title":"\u00a1Ya est\u00e1 a la venta el cat\u00e1logo de la Feria Libre de Arquitectura! - COLEGIO DE ARQUITECTOS DE CHILE","og_description":"El Cat\u00e1logo de la XXI Bienal de Arquitectura y Urbanismo de Chile, no s\u00f3lo recopila en 4 tomos las obras, proyectos, investigaciones y publicaciones destacadas y seleccionadas, sino que tambi\u00e9n incluye una carpeta con desplegables de las obras destacadas y &hellip; ver m\u00e1s","og_url":"https:\/\/colegioarquitectos.com\/noticias\/?p=24192","og_site_name":"COLEGIO DE ARQUITECTOS DE CHILE","article_publisher":"https:\/\/facebook.com\/Colegioarq\/","article_published_time":"2019-11-27T13:41:54+00:00","article_modified_time":"2019-12-03T14:59:57+00:00","og_image":[{"width":2832,"height":1760,"url":"https:\/\/colegioarquitectos.com\/noticias\/wp-content\/uploads\/2019\/11\/00_venta-4-copia.jpg","type":"image\/jpeg"}],"author":"Colegio de Arquitectos de Chile","twitter_card":"summary_large_image","twitter_creator":"@colegioarq","twitter_site":"@colegioarq","twitter_misc":{"Escrito por":"Colegio de Arquitectos de Chile","Tiempo de lectura":"1 minuto"},"schema":{"@context":"https:\/\/schema.org","@graph":[{"@type":"Article","@id":"https:\/\/colegioarquitectos.com\/noticias\/?p=24192#article","isPartOf":{"@id":"https:\/\/colegioarquitectos.com\/noticias\/?p=24192"},"author":{"name":"Colegio de Arquitectos de Chile","@id":"https:\/\/colegioarquitectos.com\/noticias\/#\/schema\/person\/685cc0aad148303c5608f049af8285ad"},"headline":"\u00a1Ya est\u00e1 a la venta el cat\u00e1logo de la Feria Libre de Arquitectura!","datePublished":"2019-11-27T13:41:54+00:00","dateModified":"2019-12-03T14:59:57+00:00","mainEntityOfPage":{"@id":"https:\/\/colegioarquitectos.com\/noticias\/?p=24192"},"wordCount":257,"publisher":{"@id":"https:\/\/colegioarquitectos.com\/noticias\/#organization"},"image":{"@id":"https:\/\/colegioarquitectos.com\/noticias\/?p=24192#primaryimage"},"thumbnailUrl":"https:\/\/colegioarquitectos.com\/noticias\/wp-content\/uploads\/2019\/11\/00_venta-4-copia.jpg","articleSection":["Bienal"],"inLanguage":"es"},{"@type":"WebPage","@id":"https:\/\/colegioarquitectos.com\/noticias\/?p=24192","url":"https:\/\/colegioarquitectos.com\/noticias\/?p=24192","name":"\u00a1Ya est\u00e1 a la venta el cat\u00e1logo de la Feria Libre de Arquitectura! - COLEGIO DE ARQUITECTOS DE CHILE","isPartOf":{"@id":"https:\/\/colegioarquitectos.com\/noticias\/#website"},"primaryImageOfPage":{"@id":"https:\/\/colegioarquitectos.com\/noticias\/?p=24192#primaryimage"},"image":{"@id":"https:\/\/colegioarquitectos.com\/noticias\/?p=24192#primaryimage"},"thumbnailUrl":"https:\/\/colegioarquitectos.com\/noticias\/wp-content\/uploads\/2019\/11\/00_venta-4-copia.jpg","datePublished":"2019-11-27T13:41:54+00:00","dateModified":"2019-12-03T14:59:57+00:00","breadcrumb":{"@id":"https:\/\/colegioarquitectos.com\/noticias\/?p=24192#breadcrumb"},"inLanguage":"es","potentialAction":[{"@type":"ReadAction","target":["https:\/\/colegioarquitectos.com\/noticias\/?p=24192"]}]},{"@type":"ImageObject","inLanguage":"es","@id":"https:\/\/colegioarquitectos.com\/noticias\/?p=24192#primaryimage","url":"https:\/\/colegioarquitectos.com\/noticias\/wp-content\/uploads\/2019\/11\/00_venta-4-copia.jpg","contentUrl":"https:\/\/colegioarquitectos.com\/noticias\/wp-content\/uploads\/2019\/11\/00_venta-4-copia.jpg","width":2832,"height":1760},{"@type":"BreadcrumbList","@id":"https:\/\/colegioarquitectos.com\/noticias\/?p=24192#breadcrumb","itemListElement":[{"@type":"ListItem","position":1,"name":"Portada","item":"https:\/\/colegioarquitectos.com\/noticias"},{"@type":"ListItem","position":2,"name":"\u00a1Ya est\u00e1 a la venta el cat\u00e1logo de la Feria Libre de Arquitectura!"}]},{"@type":"WebSite","@id":"https:\/\/colegioarquitectos.com\/noticias\/#website","url":"https:\/\/colegioarquitectos.com\/noticias\/","name":"COLEGIO DE ARQUITECTOS DE CHILE","description":"","publisher":{"@id":"https:\/\/colegioarquitectos.com\/noticias\/#organization"},"potentialAction":[{"@type":"SearchAction","target":{"@type":"EntryPoint","urlTemplate":"https:\/\/colegioarquitectos.com\/noticias\/?s={search_term_string}"},"query-input":{"@type":"PropertyValueSpecification","valueRequired":true,"valueName":"search_term_string"}}],"inLanguage":"es"},{"@type":"Organization","@id":"https:\/\/colegioarquitectos.com\/noticias\/#organization","name":"COLEGIO DE ARQUITECTOS DE CHILE","url":"https:\/\/colegioarquitectos.com\/noticias\/","logo":{"@type":"ImageObject","inLanguage":"es","@id":"https:\/\/colegioarquitectos.com\/noticias\/#\/schema\/logo\/image\/","url":"https:\/\/colegioarquitectos.com\/noticias\/wp-content\/uploads\/2021\/05\/ENCABEZADO-LOGO-CA.jpg","contentUrl":"https:\/\/colegioarquitectos.com\/noticias\/wp-content\/uploads\/2021\/05\/ENCABEZADO-LOGO-CA.jpg","width":690,"height":350,"caption":"COLEGIO DE ARQUITECTOS DE CHILE"},"image":{"@id":"https:\/\/colegioarquitectos.com\/noticias\/#\/schema\/logo\/image\/"},"sameAs":["https:\/\/facebook.com\/Colegioarq\/","https:\/\/x.com\/colegioarq","https:\/\/instagram.com\/colegioarq","https:\/\/youtube.com\/@ColegiodeArquitectosdeChile"]},{"@type":"Person","@id":"https:\/\/colegioarquitectos.com\/noticias\/#\/schema\/person\/685cc0aad148303c5608f049af8285ad","name":"Colegio de Arquitectos de Chile","url":"https:\/\/colegioarquitectos.com\/noticias\/?author=4"}]}},"_links":{"self":[{"href":"https:\/\/colegioarquitectos.com\/noticias\/index.php?rest_route=\/wp\/v2\/posts\/24192","targetHints":{"allow":["GET"]}}],"collection":[{"href":"https:\/\/colegioarquitectos.com\/noticias\/index.php?rest_route=\/wp\/v2\/posts"}],"about":[{"href":"https:\/\/colegioarquitectos.com\/noticias\/index.php?rest_route=\/wp\/v2\/types\/post"}],"author":[{"embeddable":true,"href":"https:\/\/colegioarquitectos.com\/noticias\/index.php?rest_route=\/wp\/v2\/users\/4"}],"replies":[{"embeddable":true,"href":"https:\/\/colegioarquitectos.com\/noticias\/index.php?rest_route=%2Fwp%2Fv2%2Fcomments&post=24192"}],"version-history":[{"count":0,"href":"https:\/\/colegioarquitectos.com\/noticias\/index.php?rest_route=\/wp\/v2\/posts\/24192\/revisions"}],"wp:featuredmedia":[{"embeddable":true,"href":"https:\/\/colegioarquitectos.com\/noticias\/index.php?rest_route=\/wp\/v2\/media\/24194"}],"wp:attachment":[{"href":"https:\/\/colegioarquitectos.com\/noticias\/index.php?rest_route=%2Fwp%2Fv2%2Fmedia&parent=24192"}],"wp:term":[{"taxonomy":"category","embeddable":true,"href":"https:\/\/colegioarquitectos.com\/noticias\/index.php?rest_route=%2Fwp%2Fv2%2Fcategories&post=24192"},{"taxonomy":"post_tag","embeddable":true,"href":"https:\/\/colegioarquitectos.com\/noticias\/index.php?rest_route=%2Fwp%2Fv2%2Ftags&post=24192"}],"curies":[{"name":"wp","href":"https:\/\/api.w.org\/{rel}","templated":true}]}}