
{"id":24329,"date":"2019-12-09T17:14:24","date_gmt":"2019-12-09T17:14:24","guid":{"rendered":"http:\/\/colegioarquitectos.com\/?p=24329"},"modified":"2019-12-09T17:24:53","modified_gmt":"2019-12-09T17:24:53","slug":"se-realizo-el-seminario-internacional-accesibilidad-para-la-recreacion-el-ocio-y-el-deporte","status":"publish","type":"post","link":"https:\/\/colegioarquitectos.com\/noticias\/?p=24329","title":{"rendered":"Se realiz\u00f3 el Seminario Internacional \u00abAccesibilidad para la recreaci\u00f3n, el ocio y el deporte\u00bb"},"content":{"rendered":"<p>El pasado jueves 28 y viernes 29 de noviembre en Las Condes Design se realiz\u00f3 el <strong>Seminario Internacional \u00abAccesibilidad para la recreaci\u00f3n, el ocio y el deporte\u00bb<\/strong>, organizado por el\u00a0<strong>Comit\u00e9 de Accesibilidad Universal<\/strong>\u00a0en conjunto con el\u00a0<strong>Comit\u00e9 de Arquitectura Deportiva, actividad que fue reagendada en el marco de la suspensi\u00f3n de la<\/strong> XXI Bienal de Arquitectura y Urbanismo en Las Condes Design.<\/p>\n<p>El encuentro reuni\u00f3 a destacados profesionales espa\u00f1oles, como el arquitecto <strong>Eduardo Elkouss PhD<\/strong>, Director del grupo de Trabajo de la Tercera Regi\u00f3n: Arquitectura para todos UIA;\u00a0 por videoconferencia a la arquitecta <strong>Berta Brusilovsky<\/strong>, experta en Accesibilidad Cognitiva; y<strong> Juan Novillo<\/strong>, Gerente de la certificadora AENOR de Madrid. Tambi\u00e9n, particip\u00f3 el arquitecto argentino <strong>Agust\u00edn Garc\u00eda Puga<\/strong>, Vicepresidente IKAS-LAC y de la Sociedad Central de Arquitectos de Argentina, y miembro del grupo de Deportes y Recreaci\u00f3n de la UIA.<\/p>\n<p>En el <strong>Seminario Internacional \u00abAccesibilidad para la recreaci\u00f3n, el ocio y el deporte\u00bb<\/strong> se gener\u00f3 un interesante espacio de debate multidisciplinar en los workshop de las tardes con profesionales de diversas especialidades, como dise\u00f1adores, psic\u00f3logos, ingenieros, soci\u00f3logos, arquitectos, vecinos del Barrio Franklin y usuarios.<\/p>\n<p>La inauguraci\u00f3n comenz\u00f3 con unas palabras del Presidente del Colegio de Arquitectos de Chile, <strong>Humberto Eliash<\/strong>, quien hizo menci\u00f3n a la importancia de la inclusi\u00f3n y la accesibilidad en la arquitectura de <strong>\u00ablo com\u00fan y corriente\u00bb<\/strong>. Tambi\u00e9n, efectuaron saludos la Directora del Servicio Nacional de la Discapacidad, <strong>Ximena Rivas<\/strong>; el Presidente del International Association for Sports and Leisure Facilities para Am\u00e9rica Latina y el Caribe\u00a0 IKAS.LAC, <strong>Jorge Ehlers<\/strong>; la Directora del COCH, <strong>Leslie Cooper<\/strong> y el Director Regional Metropolitano del IND,<strong> Luis Oliva<\/strong>.<\/p>\n<p>Adem\u00e1s, se firm\u00f3 el <strong>pacto mundial sobre Ciudades Inclusivas y Accesibles<\/strong> con la representante del Decano de la Facultad de Arquitectura de la Pontificia Universidad Cat\u00f3lica,<strong> Macarena Cort\u00e9s<\/strong>.<\/p>\n<p>&nbsp;<\/p>\n<div id=\"attachment_24330\" style=\"width: 1290px\" class=\"wp-caption aligncenter\"><img loading=\"lazy\" decoding=\"async\" aria-describedby=\"caption-attachment-24330\" class=\"wp-image-24330 size-full\" src=\"http:\/\/colegioarquitectos.com\/noticias\/wp-content\/uploads\/2019\/12\/unnamed-1.jpg\" alt=\"\" width=\"1280\" height=\"720\" \/><p id=\"caption-attachment-24330\" class=\"wp-caption-text\">Directora del Servicio Nacional de la Discapacidad, Ximena Rivas.<\/p><\/div>\n<p>&nbsp;<\/p>\n<div id=\"attachment_24331\" style=\"width: 1290px\" class=\"wp-caption aligncenter\"><img loading=\"lazy\" decoding=\"async\" aria-describedby=\"caption-attachment-24331\" class=\"wp-image-24331 size-full\" src=\"http:\/\/colegioarquitectos.com\/noticias\/wp-content\/uploads\/2019\/12\/unnamed-3.jpg\" alt=\"\" width=\"1280\" height=\"818\" \/><p id=\"caption-attachment-24331\" class=\"wp-caption-text\">Presidente del Colegio de Arquitectos de Chile, Humberto Eliash.<\/p><\/div>\n<p>&nbsp;<\/p>\n<div id=\"attachment_24332\" style=\"width: 1290px\" class=\"wp-caption aligncenter\"><img loading=\"lazy\" decoding=\"async\" aria-describedby=\"caption-attachment-24332\" class=\"wp-image-24332 size-full\" src=\"http:\/\/colegioarquitectos.com\/noticias\/wp-content\/uploads\/2019\/12\/unnamed-4.jpg\" alt=\"\" width=\"1280\" height=\"960\" srcset=\"https:\/\/colegioarquitectos.com\/noticias\/wp-content\/uploads\/2019\/12\/unnamed-4.jpg 1280w, https:\/\/colegioarquitectos.com\/noticias\/wp-content\/uploads\/2019\/12\/unnamed-4-300x225.jpg 300w, https:\/\/colegioarquitectos.com\/noticias\/wp-content\/uploads\/2019\/12\/unnamed-4-768x576.jpg 768w\" sizes=\"auto, (max-width: 1280px) 100vw, 1280px\" \/><p id=\"caption-attachment-24332\" class=\"wp-caption-text\">Equipo organizador con expositores extranjeros y Carlos Kaiser, Director de la ONG Inclusiva.<\/p><\/div>\n<p>&nbsp;<\/p>\n<div id=\"attachment_24334\" style=\"width: 650px\" class=\"wp-caption aligncenter\"><img loading=\"lazy\" decoding=\"async\" aria-describedby=\"caption-attachment-24334\" class=\"wp-image-24334 size-full\" src=\"http:\/\/colegioarquitectos.com\/noticias\/wp-content\/uploads\/2019\/12\/unnamed-1-1.jpg\" alt=\"\" width=\"640\" height=\"480\" srcset=\"https:\/\/colegioarquitectos.com\/noticias\/wp-content\/uploads\/2019\/12\/unnamed-1-1.jpg 640w, https:\/\/colegioarquitectos.com\/noticias\/wp-content\/uploads\/2019\/12\/unnamed-1-1-300x225.jpg 300w\" sizes=\"auto, (max-width: 640px) 100vw, 640px\" \/><p id=\"caption-attachment-24334\" class=\"wp-caption-text\">Agust\u00edn Garc\u00eda Puga, Vicepresidente IKAS-LAC y de la Sociedad Central de Arquitectos de Argentina, y miembro del grupo de Deportes y Recreaci\u00f3n de la UIA.<\/p><\/div>\n<p>&nbsp;<\/p>\n<div id=\"attachment_24335\" style=\"width: 1290px\" class=\"wp-caption aligncenter\"><img loading=\"lazy\" decoding=\"async\" aria-describedby=\"caption-attachment-24335\" class=\"wp-image-24335 size-full\" src=\"http:\/\/colegioarquitectos.com\/noticias\/wp-content\/uploads\/2019\/12\/unnamed-2.jpg\" alt=\"\" width=\"1280\" height=\"960\" srcset=\"https:\/\/colegioarquitectos.com\/noticias\/wp-content\/uploads\/2019\/12\/unnamed-2.jpg 1280w, https:\/\/colegioarquitectos.com\/noticias\/wp-content\/uploads\/2019\/12\/unnamed-2-300x225.jpg 300w, https:\/\/colegioarquitectos.com\/noticias\/wp-content\/uploads\/2019\/12\/unnamed-2-768x576.jpg 768w, https:\/\/colegioarquitectos.com\/noticias\/wp-content\/uploads\/2019\/12\/unnamed-2-1024x768.jpg 1024w\" sizes=\"auto, (max-width: 1280px) 100vw, 1280px\" \/><p id=\"caption-attachment-24335\" class=\"wp-caption-text\">Trabajo de mesas del workshop.<\/p><\/div>\n<p>&nbsp;<\/p>\n<div id=\"attachment_24336\" style=\"width: 650px\" class=\"wp-caption aligncenter\"><img loading=\"lazy\" decoding=\"async\" aria-describedby=\"caption-attachment-24336\" class=\"wp-image-24336 size-full\" src=\"http:\/\/colegioarquitectos.com\/noticias\/wp-content\/uploads\/2019\/12\/unnamed-3-1.jpg\" alt=\"\" width=\"640\" height=\"480\" srcset=\"https:\/\/colegioarquitectos.com\/noticias\/wp-content\/uploads\/2019\/12\/unnamed-3-1.jpg 640w, https:\/\/colegioarquitectos.com\/noticias\/wp-content\/uploads\/2019\/12\/unnamed-3-1-300x225.jpg 300w\" sizes=\"auto, (max-width: 640px) 100vw, 640px\" \/><p id=\"caption-attachment-24336\" class=\"wp-caption-text\">Arquitecto Eduardo Elkouss PhD, Director del grupo de Trabajo de la Tercera Regi\u00f3n: Arquitectura para todos UIA.<\/p><\/div>\n<p><\/p>","protected":false},"excerpt":{"rendered":"<p>El pasado jueves 28 y viernes 29 de noviembre en Las Condes Design se realiz\u00f3 el Seminario Internacional \u00abAccesibilidad para la recreaci\u00f3n, el ocio y el deporte\u00bb, organizado por el\u00a0Comit\u00e9 de Accesibilidad Universal\u00a0en conjunto con el\u00a0Comit\u00e9 de Arquitectura Deportiva, actividad &hellip; <a class=\"more-link\" href=\"https:\/\/colegioarquitectos.com\/noticias\/?p=24329\">ver m\u00e1s<\/a><\/p>","protected":false},"author":4,"featured_media":24338,"comment_status":"closed","ping_status":"closed","sticky":false,"template":"","format":"standard","meta":{"footnotes":""},"categories":[59],"tags":[],"class_list":["post-24329","post","type-post","status-publish","format-standard","has-post-thumbnail","hentry","category-bienal"],"yoast_head":"<!-- This site is optimized with the Yoast SEO plugin v24.2 - https:\/\/yoast.com\/wordpress\/plugins\/seo\/ -->\n<title>Se realiz\u00f3 el Seminario Internacional \u00abAccesibilidad para la recreaci\u00f3n, el ocio y el deporte\u00bb - COLEGIO DE ARQUITECTOS DE CHILE<\/title>\n<meta name=\"robots\" content=\"index, follow, max-snippet:-1, max-image-preview:large, max-video-preview:-1\" \/>\n<link rel=\"canonical\" href=\"https:\/\/colegioarquitectos.com\/noticias\/?p=24329\" \/>\n<meta property=\"og:locale\" content=\"es_ES\" \/>\n<meta property=\"og:type\" content=\"article\" \/>\n<meta property=\"og:title\" content=\"Se realiz\u00f3 el Seminario Internacional \u00abAccesibilidad para la recreaci\u00f3n, el ocio y el deporte\u00bb - COLEGIO DE ARQUITECTOS DE CHILE\" \/>\n<meta property=\"og:description\" content=\"El pasado jueves 28 y viernes 29 de noviembre en Las Condes Design se realiz\u00f3 el Seminario Internacional \u00abAccesibilidad para la recreaci\u00f3n, el ocio y el deporte\u00bb, organizado por el\u00a0Comit\u00e9 de Accesibilidad Universal\u00a0en conjunto con el\u00a0Comit\u00e9 de Arquitectura Deportiva, actividad &hellip; ver m\u00e1s\" \/>\n<meta property=\"og:url\" content=\"https:\/\/colegioarquitectos.com\/noticias\/?p=24329\" \/>\n<meta property=\"og:site_name\" content=\"COLEGIO DE ARQUITECTOS DE CHILE\" \/>\n<meta property=\"article:publisher\" content=\"https:\/\/facebook.com\/Colegioarq\/\" \/>\n<meta property=\"article:published_time\" content=\"2019-12-09T17:14:24+00:00\" \/>\n<meta property=\"article:modified_time\" content=\"2019-12-09T17:24:53+00:00\" \/>\n<meta property=\"og:image\" content=\"https:\/\/colegioarquitectos.com\/noticias\/wp-content\/uploads\/2019\/12\/Encabezado-87.jpg\" \/>\n\t<meta property=\"og:image:width\" content=\"690\" \/>\n\t<meta property=\"og:image:height\" content=\"350\" \/>\n\t<meta property=\"og:image:type\" content=\"image\/jpeg\" \/>\n<meta name=\"author\" content=\"Colegio de Arquitectos de Chile\" \/>\n<meta name=\"twitter:card\" content=\"summary_large_image\" \/>\n<meta name=\"twitter:creator\" content=\"@colegioarq\" \/>\n<meta name=\"twitter:site\" content=\"@colegioarq\" \/>\n<meta name=\"twitter:label1\" content=\"Escrito por\" \/>\n\t<meta name=\"twitter:data1\" content=\"Colegio de Arquitectos de Chile\" \/>\n\t<meta name=\"twitter:label2\" content=\"Tiempo de lectura\" \/>\n\t<meta name=\"twitter:data2\" content=\"2 minutos\" \/>\n<script type=\"application\/ld+json\" class=\"yoast-schema-graph\">{\"@context\":\"https:\/\/schema.org\",\"@graph\":[{\"@type\":\"Article\",\"@id\":\"https:\/\/colegioarquitectos.com\/noticias\/?p=24329#article\",\"isPartOf\":{\"@id\":\"https:\/\/colegioarquitectos.com\/noticias\/?p=24329\"},\"author\":{\"name\":\"Colegio de Arquitectos de Chile\",\"@id\":\"https:\/\/colegioarquitectos.com\/noticias\/#\/schema\/person\/685cc0aad148303c5608f049af8285ad\"},\"headline\":\"Se realiz\u00f3 el Seminario Internacional \u00abAccesibilidad para la recreaci\u00f3n, el ocio y el deporte\u00bb\",\"datePublished\":\"2019-12-09T17:14:24+00:00\",\"dateModified\":\"2019-12-09T17:24:53+00:00\",\"mainEntityOfPage\":{\"@id\":\"https:\/\/colegioarquitectos.com\/noticias\/?p=24329\"},\"wordCount\":461,\"publisher\":{\"@id\":\"https:\/\/colegioarquitectos.com\/noticias\/#organization\"},\"image\":{\"@id\":\"https:\/\/colegioarquitectos.com\/noticias\/?p=24329#primaryimage\"},\"thumbnailUrl\":\"https:\/\/colegioarquitectos.com\/noticias\/wp-content\/uploads\/2019\/12\/Encabezado-87.jpg\",\"articleSection\":[\"Bienal\"],\"inLanguage\":\"es\"},{\"@type\":\"WebPage\",\"@id\":\"https:\/\/colegioarquitectos.com\/noticias\/?p=24329\",\"url\":\"https:\/\/colegioarquitectos.com\/noticias\/?p=24329\",\"name\":\"Se realiz\u00f3 el Seminario Internacional \u00abAccesibilidad para la recreaci\u00f3n, el ocio y el deporte\u00bb - COLEGIO DE ARQUITECTOS DE CHILE\",\"isPartOf\":{\"@id\":\"https:\/\/colegioarquitectos.com\/noticias\/#website\"},\"primaryImageOfPage\":{\"@id\":\"https:\/\/colegioarquitectos.com\/noticias\/?p=24329#primaryimage\"},\"image\":{\"@id\":\"https:\/\/colegioarquitectos.com\/noticias\/?p=24329#primaryimage\"},\"thumbnailUrl\":\"https:\/\/colegioarquitectos.com\/noticias\/wp-content\/uploads\/2019\/12\/Encabezado-87.jpg\",\"datePublished\":\"2019-12-09T17:14:24+00:00\",\"dateModified\":\"2019-12-09T17:24:53+00:00\",\"breadcrumb\":{\"@id\":\"https:\/\/colegioarquitectos.com\/noticias\/?p=24329#breadcrumb\"},\"inLanguage\":\"es\",\"potentialAction\":[{\"@type\":\"ReadAction\",\"target\":[\"https:\/\/colegioarquitectos.com\/noticias\/?p=24329\"]}]},{\"@type\":\"ImageObject\",\"inLanguage\":\"es\",\"@id\":\"https:\/\/colegioarquitectos.com\/noticias\/?p=24329#primaryimage\",\"url\":\"https:\/\/colegioarquitectos.com\/noticias\/wp-content\/uploads\/2019\/12\/Encabezado-87.jpg\",\"contentUrl\":\"https:\/\/colegioarquitectos.com\/noticias\/wp-content\/uploads\/2019\/12\/Encabezado-87.jpg\",\"width\":690,\"height\":350},{\"@type\":\"BreadcrumbList\",\"@id\":\"https:\/\/colegioarquitectos.com\/noticias\/?p=24329#breadcrumb\",\"itemListElement\":[{\"@type\":\"ListItem\",\"position\":1,\"name\":\"Portada\",\"item\":\"https:\/\/colegioarquitectos.com\/noticias\"},{\"@type\":\"ListItem\",\"position\":2,\"name\":\"Se realiz\u00f3 el Seminario Internacional \u00abAccesibilidad para la recreaci\u00f3n, el ocio y el deporte\u00bb\"}]},{\"@type\":\"WebSite\",\"@id\":\"https:\/\/colegioarquitectos.com\/noticias\/#website\",\"url\":\"https:\/\/colegioarquitectos.com\/noticias\/\",\"name\":\"COLEGIO DE ARQUITECTOS DE CHILE\",\"description\":\"\",\"publisher\":{\"@id\":\"https:\/\/colegioarquitectos.com\/noticias\/#organization\"},\"potentialAction\":[{\"@type\":\"SearchAction\",\"target\":{\"@type\":\"EntryPoint\",\"urlTemplate\":\"https:\/\/colegioarquitectos.com\/noticias\/?s={search_term_string}\"},\"query-input\":{\"@type\":\"PropertyValueSpecification\",\"valueRequired\":true,\"valueName\":\"search_term_string\"}}],\"inLanguage\":\"es\"},{\"@type\":\"Organization\",\"@id\":\"https:\/\/colegioarquitectos.com\/noticias\/#organization\",\"name\":\"COLEGIO DE ARQUITECTOS DE CHILE\",\"url\":\"https:\/\/colegioarquitectos.com\/noticias\/\",\"logo\":{\"@type\":\"ImageObject\",\"inLanguage\":\"es\",\"@id\":\"https:\/\/colegioarquitectos.com\/noticias\/#\/schema\/logo\/image\/\",\"url\":\"https:\/\/colegioarquitectos.com\/noticias\/wp-content\/uploads\/2021\/05\/ENCABEZADO-LOGO-CA.jpg\",\"contentUrl\":\"https:\/\/colegioarquitectos.com\/noticias\/wp-content\/uploads\/2021\/05\/ENCABEZADO-LOGO-CA.jpg\",\"width\":690,\"height\":350,\"caption\":\"COLEGIO DE ARQUITECTOS DE CHILE\"},\"image\":{\"@id\":\"https:\/\/colegioarquitectos.com\/noticias\/#\/schema\/logo\/image\/\"},\"sameAs\":[\"https:\/\/facebook.com\/Colegioarq\/\",\"https:\/\/x.com\/colegioarq\",\"https:\/\/instagram.com\/colegioarq\",\"https:\/\/youtube.com\/@ColegiodeArquitectosdeChile\"]},{\"@type\":\"Person\",\"@id\":\"https:\/\/colegioarquitectos.com\/noticias\/#\/schema\/person\/685cc0aad148303c5608f049af8285ad\",\"name\":\"Colegio de Arquitectos de Chile\",\"url\":\"https:\/\/colegioarquitectos.com\/noticias\/?author=4\"}]}<\/script>\n<!-- \/ Yoast SEO plugin. -->","yoast_head_json":{"title":"Se realiz\u00f3 el Seminario Internacional \u00abAccesibilidad para la recreaci\u00f3n, el ocio y el deporte\u00bb - COLEGIO DE ARQUITECTOS DE CHILE","robots":{"index":"index","follow":"follow","max-snippet":"max-snippet:-1","max-image-preview":"max-image-preview:large","max-video-preview":"max-video-preview:-1"},"canonical":"https:\/\/colegioarquitectos.com\/noticias\/?p=24329","og_locale":"es_ES","og_type":"article","og_title":"Se realiz\u00f3 el Seminario Internacional \u00abAccesibilidad para la recreaci\u00f3n, el ocio y el deporte\u00bb - COLEGIO DE ARQUITECTOS DE CHILE","og_description":"El pasado jueves 28 y viernes 29 de noviembre en Las Condes Design se realiz\u00f3 el Seminario Internacional \u00abAccesibilidad para la recreaci\u00f3n, el ocio y el deporte\u00bb, organizado por el\u00a0Comit\u00e9 de Accesibilidad Universal\u00a0en conjunto con el\u00a0Comit\u00e9 de Arquitectura Deportiva, actividad &hellip; ver m\u00e1s","og_url":"https:\/\/colegioarquitectos.com\/noticias\/?p=24329","og_site_name":"COLEGIO DE ARQUITECTOS DE CHILE","article_publisher":"https:\/\/facebook.com\/Colegioarq\/","article_published_time":"2019-12-09T17:14:24+00:00","article_modified_time":"2019-12-09T17:24:53+00:00","og_image":[{"width":690,"height":350,"url":"https:\/\/colegioarquitectos.com\/noticias\/wp-content\/uploads\/2019\/12\/Encabezado-87.jpg","type":"image\/jpeg"}],"author":"Colegio de Arquitectos de Chile","twitter_card":"summary_large_image","twitter_creator":"@colegioarq","twitter_site":"@colegioarq","twitter_misc":{"Escrito por":"Colegio de Arquitectos de Chile","Tiempo de lectura":"2 minutos"},"schema":{"@context":"https:\/\/schema.org","@graph":[{"@type":"Article","@id":"https:\/\/colegioarquitectos.com\/noticias\/?p=24329#article","isPartOf":{"@id":"https:\/\/colegioarquitectos.com\/noticias\/?p=24329"},"author":{"name":"Colegio de Arquitectos de Chile","@id":"https:\/\/colegioarquitectos.com\/noticias\/#\/schema\/person\/685cc0aad148303c5608f049af8285ad"},"headline":"Se realiz\u00f3 el Seminario Internacional \u00abAccesibilidad para la recreaci\u00f3n, el ocio y el deporte\u00bb","datePublished":"2019-12-09T17:14:24+00:00","dateModified":"2019-12-09T17:24:53+00:00","mainEntityOfPage":{"@id":"https:\/\/colegioarquitectos.com\/noticias\/?p=24329"},"wordCount":461,"publisher":{"@id":"https:\/\/colegioarquitectos.com\/noticias\/#organization"},"image":{"@id":"https:\/\/colegioarquitectos.com\/noticias\/?p=24329#primaryimage"},"thumbnailUrl":"https:\/\/colegioarquitectos.com\/noticias\/wp-content\/uploads\/2019\/12\/Encabezado-87.jpg","articleSection":["Bienal"],"inLanguage":"es"},{"@type":"WebPage","@id":"https:\/\/colegioarquitectos.com\/noticias\/?p=24329","url":"https:\/\/colegioarquitectos.com\/noticias\/?p=24329","name":"Se realiz\u00f3 el Seminario Internacional \u00abAccesibilidad para la recreaci\u00f3n, el ocio y el deporte\u00bb - COLEGIO DE ARQUITECTOS DE CHILE","isPartOf":{"@id":"https:\/\/colegioarquitectos.com\/noticias\/#website"},"primaryImageOfPage":{"@id":"https:\/\/colegioarquitectos.com\/noticias\/?p=24329#primaryimage"},"image":{"@id":"https:\/\/colegioarquitectos.com\/noticias\/?p=24329#primaryimage"},"thumbnailUrl":"https:\/\/colegioarquitectos.com\/noticias\/wp-content\/uploads\/2019\/12\/Encabezado-87.jpg","datePublished":"2019-12-09T17:14:24+00:00","dateModified":"2019-12-09T17:24:53+00:00","breadcrumb":{"@id":"https:\/\/colegioarquitectos.com\/noticias\/?p=24329#breadcrumb"},"inLanguage":"es","potentialAction":[{"@type":"ReadAction","target":["https:\/\/colegioarquitectos.com\/noticias\/?p=24329"]}]},{"@type":"ImageObject","inLanguage":"es","@id":"https:\/\/colegioarquitectos.com\/noticias\/?p=24329#primaryimage","url":"https:\/\/colegioarquitectos.com\/noticias\/wp-content\/uploads\/2019\/12\/Encabezado-87.jpg","contentUrl":"https:\/\/colegioarquitectos.com\/noticias\/wp-content\/uploads\/2019\/12\/Encabezado-87.jpg","width":690,"height":350},{"@type":"BreadcrumbList","@id":"https:\/\/colegioarquitectos.com\/noticias\/?p=24329#breadcrumb","itemListElement":[{"@type":"ListItem","position":1,"name":"Portada","item":"https:\/\/colegioarquitectos.com\/noticias"},{"@type":"ListItem","position":2,"name":"Se realiz\u00f3 el Seminario Internacional \u00abAccesibilidad para la recreaci\u00f3n, el ocio y el deporte\u00bb"}]},{"@type":"WebSite","@id":"https:\/\/colegioarquitectos.com\/noticias\/#website","url":"https:\/\/colegioarquitectos.com\/noticias\/","name":"COLEGIO DE ARQUITECTOS DE CHILE","description":"","publisher":{"@id":"https:\/\/colegioarquitectos.com\/noticias\/#organization"},"potentialAction":[{"@type":"SearchAction","target":{"@type":"EntryPoint","urlTemplate":"https:\/\/colegioarquitectos.com\/noticias\/?s={search_term_string}"},"query-input":{"@type":"PropertyValueSpecification","valueRequired":true,"valueName":"search_term_string"}}],"inLanguage":"es"},{"@type":"Organization","@id":"https:\/\/colegioarquitectos.com\/noticias\/#organization","name":"COLEGIO DE ARQUITECTOS DE CHILE","url":"https:\/\/colegioarquitectos.com\/noticias\/","logo":{"@type":"ImageObject","inLanguage":"es","@id":"https:\/\/colegioarquitectos.com\/noticias\/#\/schema\/logo\/image\/","url":"https:\/\/colegioarquitectos.com\/noticias\/wp-content\/uploads\/2021\/05\/ENCABEZADO-LOGO-CA.jpg","contentUrl":"https:\/\/colegioarquitectos.com\/noticias\/wp-content\/uploads\/2021\/05\/ENCABEZADO-LOGO-CA.jpg","width":690,"height":350,"caption":"COLEGIO DE ARQUITECTOS DE CHILE"},"image":{"@id":"https:\/\/colegioarquitectos.com\/noticias\/#\/schema\/logo\/image\/"},"sameAs":["https:\/\/facebook.com\/Colegioarq\/","https:\/\/x.com\/colegioarq","https:\/\/instagram.com\/colegioarq","https:\/\/youtube.com\/@ColegiodeArquitectosdeChile"]},{"@type":"Person","@id":"https:\/\/colegioarquitectos.com\/noticias\/#\/schema\/person\/685cc0aad148303c5608f049af8285ad","name":"Colegio de Arquitectos de Chile","url":"https:\/\/colegioarquitectos.com\/noticias\/?author=4"}]}},"_links":{"self":[{"href":"https:\/\/colegioarquitectos.com\/noticias\/index.php?rest_route=\/wp\/v2\/posts\/24329","targetHints":{"allow":["GET"]}}],"collection":[{"href":"https:\/\/colegioarquitectos.com\/noticias\/index.php?rest_route=\/wp\/v2\/posts"}],"about":[{"href":"https:\/\/colegioarquitectos.com\/noticias\/index.php?rest_route=\/wp\/v2\/types\/post"}],"author":[{"embeddable":true,"href":"https:\/\/colegioarquitectos.com\/noticias\/index.php?rest_route=\/wp\/v2\/users\/4"}],"replies":[{"embeddable":true,"href":"https:\/\/colegioarquitectos.com\/noticias\/index.php?rest_route=%2Fwp%2Fv2%2Fcomments&post=24329"}],"version-history":[{"count":0,"href":"https:\/\/colegioarquitectos.com\/noticias\/index.php?rest_route=\/wp\/v2\/posts\/24329\/revisions"}],"wp:featuredmedia":[{"embeddable":true,"href":"https:\/\/colegioarquitectos.com\/noticias\/index.php?rest_route=\/wp\/v2\/media\/24338"}],"wp:attachment":[{"href":"https:\/\/colegioarquitectos.com\/noticias\/index.php?rest_route=%2Fwp%2Fv2%2Fmedia&parent=24329"}],"wp:term":[{"taxonomy":"category","embeddable":true,"href":"https:\/\/colegioarquitectos.com\/noticias\/index.php?rest_route=%2Fwp%2Fv2%2Fcategories&post=24329"},{"taxonomy":"post_tag","embeddable":true,"href":"https:\/\/colegioarquitectos.com\/noticias\/index.php?rest_route=%2Fwp%2Fv2%2Ftags&post=24329"}],"curies":[{"name":"wp","href":"https:\/\/api.w.org\/{rel}","templated":true}]}}