
{"id":2435,"date":"2012-09-03T10:09:13","date_gmt":"2012-09-03T10:09:13","guid":{"rendered":"http:\/\/colegioarquitectos.com\/noticias\/?p=2435"},"modified":"2012-09-14T13:01:50","modified_gmt":"2012-09-14T13:01:50","slug":"1a-reunion-jurado-concurso-grupo-chc-xviii-bienal-de-arquitectura-y-territorio-2012-gran-exito-de-concurso-para-estudiantes-de-arquitectura","status":"publish","type":"post","link":"https:\/\/colegioarquitectos.com\/noticias\/?p=2435","title":{"rendered":"1\u00aa Reuni\u00f3n Jurado Concurso Grupo CHC &#8211; XVIII Bienal de Arquitectura y Territorio 2012: Gran \u00e9xito de concurso para estudiantes de arquitectura"},"content":{"rendered":"<p style=\"text-align: center;\" align=\"center\"><strong>2\u00b0 Concurso Grupo CHC para Estudiantes de Arquitectura: \u201cPropuestas para una nueva infraestructura educacional\u201d<\/strong><\/p>\n<p style=\"text-align: center;\" align=\"center\"><strong>\u00a0<\/strong><\/p>\n<p style=\"text-align: center;\" align=\"center\"><strong>Patrocinado por Colegio de Arquitectos de Chile<\/strong><\/p>\n<p style=\"text-align: center;\" align=\"center\"><strong>XVIII Bienal de Arquitectura y Territorio 2012<\/strong><\/p>\n<p><strong>\u00a0<\/strong><\/p>\n<p style=\"text-align: justify;\"><strong><span style=\"color: #000080;\">Constituci\u00f3n del Jurado: Gran \u00e9xito de concurso para estudiantes de arquitectura<\/span> <\/strong><\/p>\n<p style=\"text-align: justify;\">Escuelas sobre plataformas flotantes, edificios educacionales que promueven el uso eficiente de la energ\u00eda o con fachadas que contienen colmenas, son algunas de las ideas propuestas por los estudiantes que participan en el Segundo Concurso de Anteproyectos de Arquitectura\u00a0 \u201cPropuestas para una nueva infraestructura educacional\u201d, \u00a0que organiza Grupo CHC\/Roca Wasser con el patrocinio del Colegio de Arquitectos. La premiaci\u00f3n se realizar\u00e1 en la XVIII Bienal de Arquitectura y Territorio, que se efectuar\u00e1 en Santiago, entre el 30 de noviembre y el 09 de diciembre pr\u00f3ximo.<\/p>\n<p style=\"text-align: justify;\">La segunda versi\u00f3n del Concurso tiene como objetivo principal contribuir al debate sobre la educaci\u00f3n en el pa\u00eds, impulsando mediante la creatividad, la reflexi\u00f3n y la investigaci\u00f3n, propuestas de infraestructuras educacionales innovadoras en respuesta a los cambios y desaf\u00edos de los nuevos tiempos. \u00a0Los proyectos presentados tambi\u00e9n deber\u00e1n promover la optimizaci\u00f3n del uso de las energ\u00edas renovables, con un particular enfoque en el cuidado del recurso agua.<\/p>\n<p style=\"text-align: justify;\">A la invitaci\u00f3n del Grupo CHC, Comercial Hispano Chilena Ltda., se sumaron 47 grupos de estudiantes de arquitectura de todo el pa\u00eds, quienes presentaron proyectos insertos en localidades nacionales tan diversas como La Pintana, Duao, Huasco, Pichilemu, Alhu\u00e9, Isla Coldita o Paillaco. Las propuestas no s\u00f3lo destacan por su calidad arquitect\u00f3nica y su eficiente uso de los recursos energ\u00e9ticos, sino que plantean constituirse en un aporte a la comunidad en que est\u00e1 inserta. Tambi\u00e9n recuperan de las localidades en que se emplazan el uso de recursos locales y las caracter\u00edsticas sociales y culturales de sus habitantes.<\/p>\n<p style=\"text-align: justify;\">El jurado del concurso se constituy\u00f3 por primera vez el pasado 04 de septiembre en el Colegio de Arquitectos de Chile para definir el cronograma de trabajo. Este jurado est\u00e1 integrado por los arquitectos Pablo Saric, director del Concurso; Sebasti\u00e1n Gray, curador de la XVIII Bienal de Arquitectura y Territorio; Sebasti\u00e1n Irarr\u00e1zaval; Alex Brahm; Mario Marchant; Marco Polidura, Manuel Amaya y por Francisco Balart, gerente general de Grupo CHC.<\/p>\n<p style=\"text-align: justify;\">Por decisi\u00f3n de sus organizadores, y debido a la calidad de los trabajos participantes, todos los proyectos ser\u00e1n expuestos en la pr\u00f3xima XVIII Bienal de Arquitectura y Territorio, y el grupo ganador ser\u00e1 dado a conocer durante el desarrollo del evento.<\/p>\n<p style=\"text-align: justify;\">El grupo distinguido con el primer premio se har\u00e1 acreedor a cinco millones de pesos; el segundo premio a tres millones y el tercer lugar a 1.5 millones de pesos. Finalmente, el equipo que obtenga la menci\u00f3n de honor\u00a0 recibir\u00e1 una recompensa de 500 mil pesos.<\/p>\n<p style=\"text-align: justify;\"><a href=\"http:\/\/colegioarquitectos.com\/noticias\/wp-content\/uploads\/2012\/09\/1.jpg\"><img loading=\"lazy\" decoding=\"async\" class=\"alignnone size-full wp-image-2439\" title=\"1\" src=\"http:\/\/colegioarquitectos.com\/noticias\/wp-content\/uploads\/2012\/09\/1.jpg\" alt=\"\" width=\"550\" height=\"376\" srcset=\"https:\/\/colegioarquitectos.com\/noticias\/wp-content\/uploads\/2012\/09\/1.jpg 550w, https:\/\/colegioarquitectos.com\/noticias\/wp-content\/uploads\/2012\/09\/1-300x205.jpg 300w\" sizes=\"auto, (max-width: 550px) 100vw, 550px\" \/><\/a><\/p>\n<p><strong>De izquierda a derecha Francisco Balart, gerente general Grupo CHC; Aurora Balart, gerente de Marketing; Sebasti\u00e1n Irarr\u00e1zaval; Mario Marchant; Alex Brahm; Manuel Amaya, Pablo Saric, director del Concurso; Sebasti\u00e1n Gray, curador de la XVIII Bienal de Arquitectura y Territorio; Marco Polidura y Francisco Balart, vicepresidente Grupo CHC<\/strong><\/p>\n<p>&nbsp;<\/p>\n<p><a href=\"http:\/\/colegioarquitectos.com\/noticias\/wp-content\/uploads\/2012\/09\/2.jpg\"><img loading=\"lazy\" decoding=\"async\" class=\"alignnone size-full wp-image-2440\" title=\"2\" src=\"http:\/\/colegioarquitectos.com\/noticias\/wp-content\/uploads\/2012\/09\/2.jpg\" alt=\"\" width=\"550\" height=\"397\" srcset=\"https:\/\/colegioarquitectos.com\/noticias\/wp-content\/uploads\/2012\/09\/2.jpg 550w, https:\/\/colegioarquitectos.com\/noticias\/wp-content\/uploads\/2012\/09\/2-300x216.jpg 300w\" sizes=\"auto, (max-width: 550px) 100vw, 550px\" \/><\/a><\/p>\n<p><strong>Sebasti\u00e1n Gray, curador de la XVIII Bienal de Arquitectura y Territorio &#8211; Alex Brahm<\/strong><\/p>\n<p>&nbsp;<\/p>\n<p><a href=\"http:\/\/colegioarquitectos.com\/noticias\/wp-content\/uploads\/2012\/09\/3.jpg\"><img loading=\"lazy\" decoding=\"async\" class=\"alignnone size-full wp-image-2441\" title=\"3\" src=\"http:\/\/colegioarquitectos.com\/noticias\/wp-content\/uploads\/2012\/09\/3.jpg\" alt=\"\" width=\"550\" height=\"397\" srcset=\"https:\/\/colegioarquitectos.com\/noticias\/wp-content\/uploads\/2012\/09\/3.jpg 550w, https:\/\/colegioarquitectos.com\/noticias\/wp-content\/uploads\/2012\/09\/3-300x216.jpg 300w\" sizes=\"auto, (max-width: 550px) 100vw, 550px\" \/><\/a><\/p>\n<p><strong>Marco Polidura &#8211; Manuel Amaya <\/strong><\/p>\n<p><\/p>","protected":false},"excerpt":{"rendered":"<p>2\u00b0 Concurso Grupo CHC para Estudiantes de Arquitectura: \u201cPropuestas para una nueva infraestructura educacional\u201d \u00a0 Patrocinado por Colegio de Arquitectos de Chile XVIII Bienal de Arquitectura y Territorio 2012 \u00a0 Constituci\u00f3n del Jurado: Gran \u00e9xito de concurso para estudiantes de &hellip; <a class=\"more-link\" href=\"https:\/\/colegioarquitectos.com\/noticias\/?p=2435\">ver m\u00e1s<\/a><\/p>","protected":false},"author":1,"featured_media":0,"comment_status":"open","ping_status":"open","sticky":false,"template":"","format":"standard","meta":{"footnotes":""},"categories":[19,8,12],"tags":[],"class_list":["post-2435","post","type-post","status-publish","format-standard","hentry","category-actividades","category-colegio-de-arquitectos","category-xviii-bienal-de-arquitectura-2012"],"yoast_head":"<!-- This site is optimized with the Yoast SEO plugin v24.2 - https:\/\/yoast.com\/wordpress\/plugins\/seo\/ -->\n<title>1\u00aa Reuni\u00f3n Jurado Concurso Grupo CHC - XVIII Bienal de Arquitectura y Territorio 2012: Gran \u00e9xito de concurso para estudiantes de arquitectura  - COLEGIO DE ARQUITECTOS DE CHILE<\/title>\n<meta name=\"robots\" content=\"index, follow, max-snippet:-1, max-image-preview:large, max-video-preview:-1\" \/>\n<link rel=\"canonical\" href=\"https:\/\/colegioarquitectos.com\/noticias\/?p=2435\" \/>\n<meta property=\"og:locale\" content=\"es_ES\" \/>\n<meta property=\"og:type\" content=\"article\" \/>\n<meta property=\"og:title\" content=\"1\u00aa Reuni\u00f3n Jurado Concurso Grupo CHC - XVIII Bienal de Arquitectura y Territorio 2012: Gran \u00e9xito de concurso para estudiantes de arquitectura  - COLEGIO DE ARQUITECTOS DE CHILE\" \/>\n<meta property=\"og:description\" content=\"2\u00b0 Concurso Grupo CHC para Estudiantes de Arquitectura: \u201cPropuestas para una nueva infraestructura educacional\u201d \u00a0 Patrocinado por Colegio de Arquitectos de Chile XVIII Bienal de Arquitectura y Territorio 2012 \u00a0 Constituci\u00f3n del Jurado: Gran \u00e9xito de concurso para estudiantes de &hellip; ver m\u00e1s\" \/>\n<meta property=\"og:url\" content=\"https:\/\/colegioarquitectos.com\/noticias\/?p=2435\" \/>\n<meta property=\"og:site_name\" content=\"COLEGIO DE ARQUITECTOS DE CHILE\" \/>\n<meta property=\"article:publisher\" content=\"https:\/\/facebook.com\/Colegioarq\/\" \/>\n<meta property=\"article:published_time\" content=\"2012-09-03T10:09:13+00:00\" \/>\n<meta property=\"article:modified_time\" content=\"2012-09-14T13:01:50+00:00\" \/>\n<meta property=\"og:image\" content=\"https:\/\/colegioarquitectos.com\/noticias\/wp-content\/uploads\/2012\/09\/1.jpg\" \/>\n\t<meta property=\"og:image:width\" content=\"550\" \/>\n\t<meta property=\"og:image:height\" content=\"376\" \/>\n\t<meta property=\"og:image:type\" content=\"image\/jpeg\" \/>\n<meta name=\"author\" content=\"Gabriel Salgado S.\" \/>\n<meta name=\"twitter:card\" content=\"summary_large_image\" \/>\n<meta name=\"twitter:creator\" content=\"@colegioarq\" \/>\n<meta name=\"twitter:site\" content=\"@colegioarq\" \/>\n<meta name=\"twitter:label1\" content=\"Escrito por\" \/>\n\t<meta name=\"twitter:data1\" content=\"Gabriel Salgado S.\" \/>\n\t<meta name=\"twitter:label2\" content=\"Tiempo de lectura\" \/>\n\t<meta name=\"twitter:data2\" content=\"3 minutos\" \/>\n<script type=\"application\/ld+json\" class=\"yoast-schema-graph\">{\"@context\":\"https:\/\/schema.org\",\"@graph\":[{\"@type\":\"Article\",\"@id\":\"https:\/\/colegioarquitectos.com\/noticias\/?p=2435#article\",\"isPartOf\":{\"@id\":\"https:\/\/colegioarquitectos.com\/noticias\/?p=2435\"},\"author\":{\"name\":\"Gabriel Salgado S.\",\"@id\":\"https:\/\/colegioarquitectos.com\/noticias\/#\/schema\/person\/b6c7e912cd1283c089114093ed09741f\"},\"headline\":\"1\u00aa Reuni\u00f3n Jurado Concurso Grupo CHC &#8211; XVIII Bienal de Arquitectura y Territorio 2012: Gran \u00e9xito de concurso para estudiantes de arquitectura\",\"datePublished\":\"2012-09-03T10:09:13+00:00\",\"dateModified\":\"2012-09-14T13:01:50+00:00\",\"mainEntityOfPage\":{\"@id\":\"https:\/\/colegioarquitectos.com\/noticias\/?p=2435\"},\"wordCount\":557,\"commentCount\":0,\"publisher\":{\"@id\":\"https:\/\/colegioarquitectos.com\/noticias\/#organization\"},\"image\":{\"@id\":\"https:\/\/colegioarquitectos.com\/noticias\/?p=2435#primaryimage\"},\"thumbnailUrl\":\"http:\/\/colegioarquitectos.com\/noticias\/wp-content\/uploads\/2012\/09\/1.jpg\",\"articleSection\":[\"Actividades\",\"Colegio\",\"XVIII Bienal de Arquitectura 2012\"],\"inLanguage\":\"es\",\"potentialAction\":[{\"@type\":\"CommentAction\",\"name\":\"Comment\",\"target\":[\"https:\/\/colegioarquitectos.com\/noticias\/?p=2435#respond\"]}]},{\"@type\":\"WebPage\",\"@id\":\"https:\/\/colegioarquitectos.com\/noticias\/?p=2435\",\"url\":\"https:\/\/colegioarquitectos.com\/noticias\/?p=2435\",\"name\":\"1\u00aa Reuni\u00f3n Jurado Concurso Grupo CHC - XVIII Bienal de Arquitectura y Territorio 2012: Gran \u00e9xito de concurso para estudiantes de arquitectura - COLEGIO DE ARQUITECTOS DE CHILE\",\"isPartOf\":{\"@id\":\"https:\/\/colegioarquitectos.com\/noticias\/#website\"},\"primaryImageOfPage\":{\"@id\":\"https:\/\/colegioarquitectos.com\/noticias\/?p=2435#primaryimage\"},\"image\":{\"@id\":\"https:\/\/colegioarquitectos.com\/noticias\/?p=2435#primaryimage\"},\"thumbnailUrl\":\"http:\/\/colegioarquitectos.com\/noticias\/wp-content\/uploads\/2012\/09\/1.jpg\",\"datePublished\":\"2012-09-03T10:09:13+00:00\",\"dateModified\":\"2012-09-14T13:01:50+00:00\",\"breadcrumb\":{\"@id\":\"https:\/\/colegioarquitectos.com\/noticias\/?p=2435#breadcrumb\"},\"inLanguage\":\"es\",\"potentialAction\":[{\"@type\":\"ReadAction\",\"target\":[\"https:\/\/colegioarquitectos.com\/noticias\/?p=2435\"]}]},{\"@type\":\"ImageObject\",\"inLanguage\":\"es\",\"@id\":\"https:\/\/colegioarquitectos.com\/noticias\/?p=2435#primaryimage\",\"url\":\"http:\/\/colegioarquitectos.com\/noticias\/wp-content\/uploads\/2012\/09\/1.jpg\",\"contentUrl\":\"http:\/\/colegioarquitectos.com\/noticias\/wp-content\/uploads\/2012\/09\/1.jpg\"},{\"@type\":\"BreadcrumbList\",\"@id\":\"https:\/\/colegioarquitectos.com\/noticias\/?p=2435#breadcrumb\",\"itemListElement\":[{\"@type\":\"ListItem\",\"position\":1,\"name\":\"Portada\",\"item\":\"https:\/\/colegioarquitectos.com\/noticias\"},{\"@type\":\"ListItem\",\"position\":2,\"name\":\"1\u00aa Reuni\u00f3n Jurado Concurso Grupo CHC &#8211; XVIII Bienal de Arquitectura y Territorio 2012: Gran \u00e9xito de concurso para estudiantes de arquitectura\"}]},{\"@type\":\"WebSite\",\"@id\":\"https:\/\/colegioarquitectos.com\/noticias\/#website\",\"url\":\"https:\/\/colegioarquitectos.com\/noticias\/\",\"name\":\"COLEGIO DE ARQUITECTOS DE CHILE\",\"description\":\"\",\"publisher\":{\"@id\":\"https:\/\/colegioarquitectos.com\/noticias\/#organization\"},\"potentialAction\":[{\"@type\":\"SearchAction\",\"target\":{\"@type\":\"EntryPoint\",\"urlTemplate\":\"https:\/\/colegioarquitectos.com\/noticias\/?s={search_term_string}\"},\"query-input\":{\"@type\":\"PropertyValueSpecification\",\"valueRequired\":true,\"valueName\":\"search_term_string\"}}],\"inLanguage\":\"es\"},{\"@type\":\"Organization\",\"@id\":\"https:\/\/colegioarquitectos.com\/noticias\/#organization\",\"name\":\"COLEGIO DE ARQUITECTOS DE CHILE\",\"url\":\"https:\/\/colegioarquitectos.com\/noticias\/\",\"logo\":{\"@type\":\"ImageObject\",\"inLanguage\":\"es\",\"@id\":\"https:\/\/colegioarquitectos.com\/noticias\/#\/schema\/logo\/image\/\",\"url\":\"https:\/\/colegioarquitectos.com\/noticias\/wp-content\/uploads\/2021\/05\/ENCABEZADO-LOGO-CA.jpg\",\"contentUrl\":\"https:\/\/colegioarquitectos.com\/noticias\/wp-content\/uploads\/2021\/05\/ENCABEZADO-LOGO-CA.jpg\",\"width\":690,\"height\":350,\"caption\":\"COLEGIO DE ARQUITECTOS DE CHILE\"},\"image\":{\"@id\":\"https:\/\/colegioarquitectos.com\/noticias\/#\/schema\/logo\/image\/\"},\"sameAs\":[\"https:\/\/facebook.com\/Colegioarq\/\",\"https:\/\/x.com\/colegioarq\",\"https:\/\/instagram.com\/colegioarq\",\"https:\/\/youtube.com\/@ColegiodeArquitectosdeChile\"]},{\"@type\":\"Person\",\"@id\":\"https:\/\/colegioarquitectos.com\/noticias\/#\/schema\/person\/b6c7e912cd1283c089114093ed09741f\",\"name\":\"Gabriel Salgado S.\",\"url\":\"https:\/\/colegioarquitectos.com\/noticias\/?author=1\"}]}<\/script>\n<!-- \/ Yoast SEO plugin. -->","yoast_head_json":{"title":"1\u00aa Reuni\u00f3n Jurado Concurso Grupo CHC - XVIII Bienal de Arquitectura y Territorio 2012: Gran \u00e9xito de concurso para estudiantes de arquitectura  - COLEGIO DE ARQUITECTOS DE CHILE","robots":{"index":"index","follow":"follow","max-snippet":"max-snippet:-1","max-image-preview":"max-image-preview:large","max-video-preview":"max-video-preview:-1"},"canonical":"https:\/\/colegioarquitectos.com\/noticias\/?p=2435","og_locale":"es_ES","og_type":"article","og_title":"1\u00aa Reuni\u00f3n Jurado Concurso Grupo CHC - XVIII Bienal de Arquitectura y Territorio 2012: Gran \u00e9xito de concurso para estudiantes de arquitectura  - COLEGIO DE ARQUITECTOS DE CHILE","og_description":"2\u00b0 Concurso Grupo CHC para Estudiantes de Arquitectura: \u201cPropuestas para una nueva infraestructura educacional\u201d \u00a0 Patrocinado por Colegio de Arquitectos de Chile XVIII Bienal de Arquitectura y Territorio 2012 \u00a0 Constituci\u00f3n del Jurado: Gran \u00e9xito de concurso para estudiantes de &hellip; ver m\u00e1s","og_url":"https:\/\/colegioarquitectos.com\/noticias\/?p=2435","og_site_name":"COLEGIO DE ARQUITECTOS DE CHILE","article_publisher":"https:\/\/facebook.com\/Colegioarq\/","article_published_time":"2012-09-03T10:09:13+00:00","article_modified_time":"2012-09-14T13:01:50+00:00","og_image":[{"width":550,"height":376,"url":"https:\/\/colegioarquitectos.com\/noticias\/wp-content\/uploads\/2012\/09\/1.jpg","type":"image\/jpeg"}],"author":"Gabriel Salgado S.","twitter_card":"summary_large_image","twitter_creator":"@colegioarq","twitter_site":"@colegioarq","twitter_misc":{"Escrito por":"Gabriel Salgado S.","Tiempo de lectura":"3 minutos"},"schema":{"@context":"https:\/\/schema.org","@graph":[{"@type":"Article","@id":"https:\/\/colegioarquitectos.com\/noticias\/?p=2435#article","isPartOf":{"@id":"https:\/\/colegioarquitectos.com\/noticias\/?p=2435"},"author":{"name":"Gabriel Salgado S.","@id":"https:\/\/colegioarquitectos.com\/noticias\/#\/schema\/person\/b6c7e912cd1283c089114093ed09741f"},"headline":"1\u00aa Reuni\u00f3n Jurado Concurso Grupo CHC &#8211; XVIII Bienal de Arquitectura y Territorio 2012: Gran \u00e9xito de concurso para estudiantes de arquitectura","datePublished":"2012-09-03T10:09:13+00:00","dateModified":"2012-09-14T13:01:50+00:00","mainEntityOfPage":{"@id":"https:\/\/colegioarquitectos.com\/noticias\/?p=2435"},"wordCount":557,"commentCount":0,"publisher":{"@id":"https:\/\/colegioarquitectos.com\/noticias\/#organization"},"image":{"@id":"https:\/\/colegioarquitectos.com\/noticias\/?p=2435#primaryimage"},"thumbnailUrl":"http:\/\/colegioarquitectos.com\/noticias\/wp-content\/uploads\/2012\/09\/1.jpg","articleSection":["Actividades","Colegio","XVIII Bienal de Arquitectura 2012"],"inLanguage":"es","potentialAction":[{"@type":"CommentAction","name":"Comment","target":["https:\/\/colegioarquitectos.com\/noticias\/?p=2435#respond"]}]},{"@type":"WebPage","@id":"https:\/\/colegioarquitectos.com\/noticias\/?p=2435","url":"https:\/\/colegioarquitectos.com\/noticias\/?p=2435","name":"1\u00aa Reuni\u00f3n Jurado Concurso Grupo CHC - XVIII Bienal de Arquitectura y Territorio 2012: Gran \u00e9xito de concurso para estudiantes de arquitectura - COLEGIO DE ARQUITECTOS DE CHILE","isPartOf":{"@id":"https:\/\/colegioarquitectos.com\/noticias\/#website"},"primaryImageOfPage":{"@id":"https:\/\/colegioarquitectos.com\/noticias\/?p=2435#primaryimage"},"image":{"@id":"https:\/\/colegioarquitectos.com\/noticias\/?p=2435#primaryimage"},"thumbnailUrl":"http:\/\/colegioarquitectos.com\/noticias\/wp-content\/uploads\/2012\/09\/1.jpg","datePublished":"2012-09-03T10:09:13+00:00","dateModified":"2012-09-14T13:01:50+00:00","breadcrumb":{"@id":"https:\/\/colegioarquitectos.com\/noticias\/?p=2435#breadcrumb"},"inLanguage":"es","potentialAction":[{"@type":"ReadAction","target":["https:\/\/colegioarquitectos.com\/noticias\/?p=2435"]}]},{"@type":"ImageObject","inLanguage":"es","@id":"https:\/\/colegioarquitectos.com\/noticias\/?p=2435#primaryimage","url":"http:\/\/colegioarquitectos.com\/noticias\/wp-content\/uploads\/2012\/09\/1.jpg","contentUrl":"http:\/\/colegioarquitectos.com\/noticias\/wp-content\/uploads\/2012\/09\/1.jpg"},{"@type":"BreadcrumbList","@id":"https:\/\/colegioarquitectos.com\/noticias\/?p=2435#breadcrumb","itemListElement":[{"@type":"ListItem","position":1,"name":"Portada","item":"https:\/\/colegioarquitectos.com\/noticias"},{"@type":"ListItem","position":2,"name":"1\u00aa Reuni\u00f3n Jurado Concurso Grupo CHC &#8211; XVIII Bienal de Arquitectura y Territorio 2012: Gran \u00e9xito de concurso para estudiantes de arquitectura"}]},{"@type":"WebSite","@id":"https:\/\/colegioarquitectos.com\/noticias\/#website","url":"https:\/\/colegioarquitectos.com\/noticias\/","name":"COLEGIO DE ARQUITECTOS DE CHILE","description":"","publisher":{"@id":"https:\/\/colegioarquitectos.com\/noticias\/#organization"},"potentialAction":[{"@type":"SearchAction","target":{"@type":"EntryPoint","urlTemplate":"https:\/\/colegioarquitectos.com\/noticias\/?s={search_term_string}"},"query-input":{"@type":"PropertyValueSpecification","valueRequired":true,"valueName":"search_term_string"}}],"inLanguage":"es"},{"@type":"Organization","@id":"https:\/\/colegioarquitectos.com\/noticias\/#organization","name":"COLEGIO DE ARQUITECTOS DE CHILE","url":"https:\/\/colegioarquitectos.com\/noticias\/","logo":{"@type":"ImageObject","inLanguage":"es","@id":"https:\/\/colegioarquitectos.com\/noticias\/#\/schema\/logo\/image\/","url":"https:\/\/colegioarquitectos.com\/noticias\/wp-content\/uploads\/2021\/05\/ENCABEZADO-LOGO-CA.jpg","contentUrl":"https:\/\/colegioarquitectos.com\/noticias\/wp-content\/uploads\/2021\/05\/ENCABEZADO-LOGO-CA.jpg","width":690,"height":350,"caption":"COLEGIO DE ARQUITECTOS DE CHILE"},"image":{"@id":"https:\/\/colegioarquitectos.com\/noticias\/#\/schema\/logo\/image\/"},"sameAs":["https:\/\/facebook.com\/Colegioarq\/","https:\/\/x.com\/colegioarq","https:\/\/instagram.com\/colegioarq","https:\/\/youtube.com\/@ColegiodeArquitectosdeChile"]},{"@type":"Person","@id":"https:\/\/colegioarquitectos.com\/noticias\/#\/schema\/person\/b6c7e912cd1283c089114093ed09741f","name":"Gabriel Salgado S.","url":"https:\/\/colegioarquitectos.com\/noticias\/?author=1"}]}},"_links":{"self":[{"href":"https:\/\/colegioarquitectos.com\/noticias\/index.php?rest_route=\/wp\/v2\/posts\/2435","targetHints":{"allow":["GET"]}}],"collection":[{"href":"https:\/\/colegioarquitectos.com\/noticias\/index.php?rest_route=\/wp\/v2\/posts"}],"about":[{"href":"https:\/\/colegioarquitectos.com\/noticias\/index.php?rest_route=\/wp\/v2\/types\/post"}],"author":[{"embeddable":true,"href":"https:\/\/colegioarquitectos.com\/noticias\/index.php?rest_route=\/wp\/v2\/users\/1"}],"replies":[{"embeddable":true,"href":"https:\/\/colegioarquitectos.com\/noticias\/index.php?rest_route=%2Fwp%2Fv2%2Fcomments&post=2435"}],"version-history":[{"count":0,"href":"https:\/\/colegioarquitectos.com\/noticias\/index.php?rest_route=\/wp\/v2\/posts\/2435\/revisions"}],"wp:attachment":[{"href":"https:\/\/colegioarquitectos.com\/noticias\/index.php?rest_route=%2Fwp%2Fv2%2Fmedia&parent=2435"}],"wp:term":[{"taxonomy":"category","embeddable":true,"href":"https:\/\/colegioarquitectos.com\/noticias\/index.php?rest_route=%2Fwp%2Fv2%2Fcategories&post=2435"},{"taxonomy":"post_tag","embeddable":true,"href":"https:\/\/colegioarquitectos.com\/noticias\/index.php?rest_route=%2Fwp%2Fv2%2Ftags&post=2435"}],"curies":[{"name":"wp","href":"https:\/\/api.w.org\/{rel}","templated":true}]}}