
{"id":24509,"date":"2020-01-07T19:20:42","date_gmt":"2020-01-07T19:20:42","guid":{"rendered":"http:\/\/colegioarquitectos.com\/?p=24509"},"modified":"2020-01-10T18:48:11","modified_gmt":"2020-01-10T18:48:11","slug":"premio-aporte-urbano-eligio-seis-ganadores-con-proyectos-de-obras-de-todo-el-pais","status":"publish","type":"post","link":"https:\/\/colegioarquitectos.com\/noticias\/?p=24509","title":{"rendered":"Premio Aporte Urbano eligi\u00f3 seis ganadores con proyectos de obras de todo el pa\u00eds"},"content":{"rendered":"<p>Obras p\u00fablicas y privadas de todo el pa\u00eds que destacaron en seis categor\u00edas fueron reconocidas por el <strong><a href=\"https:\/\/www.premioaporteurbano.cl\/\">Premio Aporte Urbano (PAU) 2019<\/a><\/strong>, iniciativa que por quinto a\u00f1o consecutivo impulsa y promueve la <strong>C\u00e1mara Chilena de la Construcci\u00f3n<\/strong>, el <strong>ministerio de Vivienda y Urbanismo<\/strong>, el <strong>Colegio de Arquitectos de Chile<\/strong>, la <strong>Asociaci\u00f3n de Oficinas de Arquitectos (AOA)<\/strong>, la <strong>Asociaci\u00f3n de Desarrolladores Inmobiliarios (ADI)<\/strong> y, por primera vez, el <strong>Consejo Nacional de Desarrollo Urbano (CNDU)<\/strong>.<\/p>\n<p>El galard\u00f3n, que en esta edici\u00f3n tuvo<strong> 61 proyectos postulantes<\/strong> y <strong>18 seleccionados<\/strong>, tiene como objetivo reconocer, destacar e incentivar iniciativas que constituyen un aporte a las ciudades chilenas y a la calidad de vida de sus habitantes. Los ganadores reciben el reconocimiento en su calidad de titular del proyecto, pero a su vez representan al resto del equipo de profesionales y las compa\u00f1\u00edas involucradas, tales como arquitectos, constructoras, calculistas, paisajista, entre otros.<\/p>\n<p>En esta quinta edici\u00f3n del Premio Aporte Urbano resultaron ganadores proyectos de todo el pa\u00eds: <strong>Valpara\u00edso<\/strong>, <strong>Constituci\u00f3n<\/strong>,<strong> Puerto Varas<\/strong> y <strong>Antofagasta<\/strong>, lo que denota que a lo largo de Chile existen iniciativas que buscan hacer una propuesta de valor al entorno, al desarrollo urbano y a la construcci\u00f3n de ciudades que brinden mejor calidad de vida a las personas.<\/p>\n<p>&nbsp;<\/p>\n<h2>Ganadores Premio Aporte Urbano 2019<\/h2>\n<p>&nbsp;<\/p>\n<p><strong>Mejor Proyecto Inmobiliario de Densificaci\u00f3n Equilibrada<\/strong><\/p>\n<h3>Mirador Bar\u00f3n \u2013 Valpara\u00edso<\/h3>\n<p><img loading=\"lazy\" decoding=\"async\" class=\"aligncenter size-full wp-image-24511\" src=\"http:\/\/colegioarquitectos.com\/noticias\/wp-content\/uploads\/2020\/01\/MiradorBaron3_1.jpg\" alt=\"\" width=\"700\" height=\"430\" srcset=\"https:\/\/colegioarquitectos.com\/noticias\/wp-content\/uploads\/2020\/01\/MiradorBaron3_1.jpg 700w, https:\/\/colegioarquitectos.com\/noticias\/wp-content\/uploads\/2020\/01\/MiradorBaron3_1-300x184.jpg 300w\" sizes=\"auto, (max-width: 700px) 100vw, 700px\" \/><\/p>\n<p>Mandante:<strong> Inmobiliaria Mirador Baron S.A<\/strong>. | Constructora: <strong>SIGRO<\/strong> | Arquitecto: <strong>Mathias Klotz<\/strong> + <strong>Pablo Gimeno<\/strong>, <strong>Nicol\u00e1s Reitze<\/strong>, <strong>Eduardo Ruiz<\/strong> | Superficie interior: <strong>21.378 m2<\/strong> | Superficie exterior: <strong>2.981 m2<\/strong><\/p>\n<p>&nbsp;<\/p>\n<p><strong>Mejor Proyecto de Integraci\u00f3n Social<\/strong><\/p>\n<h3>Mejoramiento Integral Condominio El Bosque 1 \u2013 Huechuraba<\/h3>\n<p><img loading=\"lazy\" decoding=\"async\" class=\"aligncenter size-large wp-image-24512\" src=\"http:\/\/colegioarquitectos.com\/noticias\/wp-content\/uploads\/2020\/01\/cabecera-ElBosque-1024x844.jpg\" alt=\"\" width=\"690\" height=\"569\" srcset=\"https:\/\/colegioarquitectos.com\/noticias\/wp-content\/uploads\/2020\/01\/cabecera-ElBosque-1024x844.jpg 1024w, https:\/\/colegioarquitectos.com\/noticias\/wp-content\/uploads\/2020\/01\/cabecera-ElBosque-300x247.jpg 300w, https:\/\/colegioarquitectos.com\/noticias\/wp-content\/uploads\/2020\/01\/cabecera-ElBosque-768x633.jpg 768w, https:\/\/colegioarquitectos.com\/noticias\/wp-content\/uploads\/2020\/01\/cabecera-ElBosque.jpg 1345w\" sizes=\"auto, (max-width: 690px) 100vw, 690px\" \/><\/p>\n<p>Mandante: <strong>Copropiedad El Bosque 1<\/strong> | Constructora: <strong>San Sebastia\u0301n E.I.R.L<\/strong> | Arquitecto: <strong>Sebastia\u0301n Mery Cifuentes<\/strong> y <strong>Arq. Asociado Rodrigo Garci\u0301a Gonza\u0301lez<\/strong> | Superficie interior: <strong>142 m2<\/strong> | Superficie exterior: <strong>108 m2<\/strong><\/p>\n<p>&nbsp;<\/p>\n<p><strong>Mejor Proyecto de Equipamiento<\/strong><\/p>\n<h3>Complejo Educacional Santa Olga \u2013 Constituci\u00f3n<\/h3>\n<p><img loading=\"lazy\" decoding=\"async\" class=\"aligncenter size-full wp-image-24513\" src=\"http:\/\/colegioarquitectos.com\/noticias\/wp-content\/uploads\/2020\/01\/SantaOlga2.jpg\" alt=\"\" width=\"700\" height=\"430\" srcset=\"https:\/\/colegioarquitectos.com\/noticias\/wp-content\/uploads\/2020\/01\/SantaOlga2.jpg 700w, https:\/\/colegioarquitectos.com\/noticias\/wp-content\/uploads\/2020\/01\/SantaOlga2-300x184.jpg 300w\" sizes=\"auto, (max-width: 700px) 100vw, 700px\" \/><\/p>\n<p>Mandante: <strong>Fundaci\u00f3n Desaf\u00edo Levantemos Chile<\/strong> | Constructora: <strong>CMG<\/strong> | Arquitecto: <strong>Correa3 Arquitectos<\/strong> | Superficie interior: <strong>3.798 m2<\/strong> | Superficie exterior: <strong>12.500 m2<\/strong><\/p>\n<p>&nbsp;<\/p>\n<p><strong>Mejor Proyecto de Uso Mixto<\/strong><\/p>\n<h3>N\u00facleo Tecnol\u00f3gico Bellavista \u2013 Recoleta<\/h3>\n<p><img loading=\"lazy\" decoding=\"async\" class=\"aligncenter size-full wp-image-24514\" src=\"http:\/\/colegioarquitectos.com\/noticias\/wp-content\/uploads\/2020\/01\/NucleoBellavista1.jpg\" alt=\"\" width=\"700\" height=\"430\" srcset=\"https:\/\/colegioarquitectos.com\/noticias\/wp-content\/uploads\/2020\/01\/NucleoBellavista1.jpg 700w, https:\/\/colegioarquitectos.com\/noticias\/wp-content\/uploads\/2020\/01\/NucleoBellavista1-300x184.jpg 300w\" sizes=\"auto, (max-width: 700px) 100vw, 700px\" \/><\/p>\n<p>Mandante: Red Megacentro | Constructora: <strong>EBCO<\/strong> | Arquitecto: <strong>Sabbagh Arquitectos<\/strong> | Superficie interior: <strong>18.193 m2<\/strong> | Superficie exterior: <strong>3.283 m2<\/strong><\/p>\n<p>&nbsp;<\/p>\n<p><strong>Mejor Proyecto de Intervenci\u00f3n Patrimonial<\/strong><\/p>\n<h3>Reconstrucci\u00f3n 3 Casonas Patrimoniales &#8211; Puerto Varas<\/h3>\n<p><img loading=\"lazy\" decoding=\"async\" class=\"aligncenter size-full wp-image-24515\" src=\"http:\/\/colegioarquitectos.com\/noticias\/wp-content\/uploads\/2020\/01\/CasonasPatrimoniales1.jpg\" alt=\"\" width=\"700\" height=\"430\" srcset=\"https:\/\/colegioarquitectos.com\/noticias\/wp-content\/uploads\/2020\/01\/CasonasPatrimoniales1.jpg 700w, https:\/\/colegioarquitectos.com\/noticias\/wp-content\/uploads\/2020\/01\/CasonasPatrimoniales1-300x184.jpg 300w\" sizes=\"auto, (max-width: 700px) 100vw, 700px\" \/><\/p>\n<p>Mandante: <strong>Patagonland Inmobiliaria<\/strong> | Constructora:<strong> Eleuterio Ram\u00edrez<\/strong> | Arquitecto: <strong>Heike Hopfner<\/strong> \/ <strong>Pablo Moraga<\/strong> | Superficie interior: <strong>1.076,5 m2<\/strong> | Superficie exterior: <strong>1.092 m2<\/strong><\/p>\n<p>&nbsp;<\/p>\n<p><strong>Mejor Proyecto de Espacio de Uso P\u00fablico<\/strong><\/p>\n<h3>Plazas Antofagasta Limpia y Conectada \u2013 Antofagasta<\/h3>\n<p><img loading=\"lazy\" decoding=\"async\" class=\"aligncenter size-full wp-image-24516\" src=\"http:\/\/colegioarquitectos.com\/noticias\/wp-content\/uploads\/2020\/01\/PlazaRendic4.jpg\" alt=\"\" width=\"700\" height=\"430\" srcset=\"https:\/\/colegioarquitectos.com\/noticias\/wp-content\/uploads\/2020\/01\/PlazaRendic4.jpg 700w, https:\/\/colegioarquitectos.com\/noticias\/wp-content\/uploads\/2020\/01\/PlazaRendic4-300x184.jpg 300w\" sizes=\"auto, (max-width: 700px) 100vw, 700px\" \/><\/p>\n<p>Mandante: <strong>Fundaci\u00f3n Mi Parque<\/strong> y<strong> Creo Antofagasta<\/strong> | Constructora: <strong>Conifer Ltda.<\/strong> y <strong>Concort Ltda.<\/strong> | Arquitecto: <strong>Rodrigo Tagle S.<\/strong> y <strong>Nicol\u00e1s Larra\u00edn L.<\/strong> | Superficie interioe:<strong> 0 m<\/strong> | Superficie exterior: <strong>2722 m2 (Plaza La Cantera)<\/strong> + <strong>2.685 m2 (Plaza Dr. Antonio Rendic)<\/strong> = <strong>3.407 m2<\/strong><\/p>\n<p>&nbsp;<\/p>\n<p>Toda la informaci\u00f3n de los proyectos ganadores de <strong>Premio Aporte Urbano 2019<\/strong> y tambi\u00e9n de las ediciones anteriores las puedes encontrar en <strong><a href=\"http:\/\/www.premioaporteurbano.cl\">www.premioaporteurbano.cl<\/a><\/strong><\/p>\n<p>&nbsp;<\/p>\n<p>Revisa las mejores im\u00e1genes de la ceremonia del\u00a0<strong>Premio Aporte Urbano 2019<\/strong> realizada el martes de 7 de enero en el Auditorio de la C\u00e1mara Chilena de la Construcci\u00f3n, en que particip\u00f3 nuestro Presidente Nacional, <strong>Humberto Eliash<\/strong>, entregando el premio al\u00a0<strong>Mejor Proyecto de Intervenci\u00f3n Patrimonial<\/strong>:<strong>\u00a0<\/strong><\/p>\n\n\t\t<style type=\"text\/css\">\n\t\t\t#gallery-1 {\n\t\t\t\tmargin: auto;\n\t\t\t}\n\t\t\t#gallery-1 .gallery-item {\n\t\t\t\tfloat: left;\n\t\t\t\tmargin-top: 10px;\n\t\t\t\ttext-align: center;\n\t\t\t\twidth: 33%;\n\t\t\t}\n\t\t\t#gallery-1 img {\n\t\t\t\tborder: 2px solid #cfcfcf;\n\t\t\t}\n\t\t\t#gallery-1 .gallery-caption {\n\t\t\t\tmargin-left: 0;\n\t\t\t}\n\t\t\t\/* see gallery_shortcode() in wp-includes\/media.php *\/\n\t\t<\/style>\n\t\t<div id='gallery-1' class='gallery galleryid-24509 gallery-columns-3 gallery-size-thumbnail'><dl class='gallery-item'>\n\t\t\t<dt class='gallery-icon landscape'>\n\t\t\t\t<a href='https:\/\/colegioarquitectos.com\/noticias\/?attachment_id=24519'><img loading=\"lazy\" decoding=\"async\" width=\"180\" height=\"180\" src=\"https:\/\/colegioarquitectos.com\/noticias\/wp-content\/uploads\/2020\/01\/1.Mejor-Proyecto-Inmobiliario-de-Densificaci\u00f3n-Equilibrada.-Mirador-Bar\u00f3n-Valpo.-180x180.jpg\" class=\"attachment-thumbnail size-thumbnail\" alt=\"\" aria-describedby=\"gallery-1-24519\" \/><\/a>\n\t\t\t<\/dt>\n\t\t\t\t<dd class='wp-caption-text gallery-caption' id='gallery-1-24519'>\n\t\t\t\tMejor Proyecto Inmobiliario de Densificaci\u00f3n Equilibrada. Mirador Bar\u00f3n, Valpo.\n\t\t\t\t<\/dd><\/dl><dl class='gallery-item'>\n\t\t\t<dt class='gallery-icon landscape'>\n\t\t\t\t<a href='https:\/\/colegioarquitectos.com\/noticias\/?attachment_id=24520'><img loading=\"lazy\" decoding=\"async\" width=\"180\" height=\"180\" src=\"https:\/\/colegioarquitectos.com\/noticias\/wp-content\/uploads\/2020\/01\/2.Mejor-proyecto-de-integraci\u00f3n-social.-Condominio-el-Bosque-1-Huechuraba.-180x180.jpg\" class=\"attachment-thumbnail size-thumbnail\" alt=\"\" aria-describedby=\"gallery-1-24520\" \/><\/a>\n\t\t\t<\/dt>\n\t\t\t\t<dd class='wp-caption-text gallery-caption' id='gallery-1-24520'>\n\t\t\t\tMejor proyecto de integraci\u00f3n social. Condominio el Bosque 1, Huechuraba.\n\t\t\t\t<\/dd><\/dl><dl class='gallery-item'>\n\t\t\t<dt class='gallery-icon landscape'>\n\t\t\t\t<a href='https:\/\/colegioarquitectos.com\/noticias\/?attachment_id=24521'><img loading=\"lazy\" decoding=\"async\" width=\"180\" height=\"180\" src=\"https:\/\/colegioarquitectos.com\/noticias\/wp-content\/uploads\/2020\/01\/3.-Mejor-proyecto-de-equipamiento.-Complejo-educacional-Santa-Olga-Constituci\u00f3n.-180x180.jpg\" class=\"attachment-thumbnail size-thumbnail\" alt=\"\" aria-describedby=\"gallery-1-24521\" \/><\/a>\n\t\t\t<\/dt>\n\t\t\t\t<dd class='wp-caption-text gallery-caption' id='gallery-1-24521'>\n\t\t\t\tMejor proyecto de equipamiento. Complejo educacional Santa Olga, Constituci\u00f3n.\n\t\t\t\t<\/dd><\/dl><br style=\"clear: both\" \/><dl class='gallery-item'>\n\t\t\t<dt class='gallery-icon landscape'>\n\t\t\t\t<a href='https:\/\/colegioarquitectos.com\/noticias\/?attachment_id=24522'><img loading=\"lazy\" decoding=\"async\" width=\"180\" height=\"180\" src=\"https:\/\/colegioarquitectos.com\/noticias\/wp-content\/uploads\/2020\/01\/4.-Mejor-proyecto-de-Uso-Mixto.-N\u00facelo-Tecnol\u00f3gico-Bellavista-Recoleta.-180x180.jpg\" class=\"attachment-thumbnail size-thumbnail\" alt=\"\" aria-describedby=\"gallery-1-24522\" \/><\/a>\n\t\t\t<\/dt>\n\t\t\t\t<dd class='wp-caption-text gallery-caption' id='gallery-1-24522'>\n\t\t\t\tMejor proyecto de Uso Mixto. N\u00facelo Tecnol\u00f3gico Bellavista, Recoleta.\n\t\t\t\t<\/dd><\/dl><dl class='gallery-item'>\n\t\t\t<dt class='gallery-icon landscape'>\n\t\t\t\t<a href='https:\/\/colegioarquitectos.com\/noticias\/?attachment_id=24523'><img loading=\"lazy\" decoding=\"async\" width=\"180\" height=\"180\" src=\"https:\/\/colegioarquitectos.com\/noticias\/wp-content\/uploads\/2020\/01\/5.-Mejor-proyecto-de-Intervenci\u00f3n-Patrimonial.-Reconstrucci\u00f3n-3-casonas-patrimoniales-Puerto-Varas.-180x180.jpg\" class=\"attachment-thumbnail size-thumbnail\" alt=\"\" aria-describedby=\"gallery-1-24523\" \/><\/a>\n\t\t\t<\/dt>\n\t\t\t\t<dd class='wp-caption-text gallery-caption' id='gallery-1-24523'>\n\t\t\t\tMejor proyecto de Intervenci\u00f3n Patrimonial. Reconstrucci\u00f3n 3 casonas patrimoniales, Puerto Varas.\n\t\t\t\t<\/dd><\/dl><dl class='gallery-item'>\n\t\t\t<dt class='gallery-icon landscape'>\n\t\t\t\t<a href='https:\/\/colegioarquitectos.com\/noticias\/?attachment_id=24524'><img loading=\"lazy\" decoding=\"async\" width=\"180\" height=\"180\" src=\"https:\/\/colegioarquitectos.com\/noticias\/wp-content\/uploads\/2020\/01\/6.Mejor-proyecto-de-Espacio-de-Uso-P\u00fablico.-Plazas-Antofagasta-Limpia-y-Conectada-Antofagasta.-180x180.jpg\" class=\"attachment-thumbnail size-thumbnail\" alt=\"\" aria-describedby=\"gallery-1-24524\" \/><\/a>\n\t\t\t<\/dt>\n\t\t\t\t<dd class='wp-caption-text gallery-caption' id='gallery-1-24524'>\n\t\t\t\tMejor proyecto de Espacio de Uso P\u00fablico. Plazas Antofagasta Limpia y Conectada, Antofagasta.\n\t\t\t\t<\/dd><\/dl><br style=\"clear: both\" \/>\n\t\t<\/div>\n\n<p><\/p>","protected":false},"excerpt":{"rendered":"<p>Obras p\u00fablicas y privadas de todo el pa\u00eds que destacaron en seis categor\u00edas fueron reconocidas por el Premio Aporte Urbano (PAU) 2019, iniciativa que por quinto a\u00f1o consecutivo impulsa y promueve la C\u00e1mara Chilena de la Construcci\u00f3n, el ministerio de &hellip; <a class=\"more-link\" href=\"https:\/\/colegioarquitectos.com\/noticias\/?p=24509\">ver m\u00e1s<\/a><\/p>","protected":false},"author":4,"featured_media":24526,"comment_status":"closed","ping_status":"closed","sticky":false,"template":"","format":"standard","meta":{"footnotes":""},"categories":[3],"tags":[],"class_list":["post-24509","post","type-post","status-publish","format-standard","has-post-thumbnail","hentry","category-noticias"],"yoast_head":"<!-- This site is optimized with the Yoast SEO plugin v24.2 - https:\/\/yoast.com\/wordpress\/plugins\/seo\/ -->\n<title>Premio Aporte Urbano eligi\u00f3 seis ganadores con proyectos de obras de todo el pa\u00eds - COLEGIO DE ARQUITECTOS DE CHILE<\/title>\n<meta name=\"robots\" content=\"index, follow, max-snippet:-1, max-image-preview:large, max-video-preview:-1\" \/>\n<link rel=\"canonical\" href=\"https:\/\/colegioarquitectos.com\/noticias\/?p=24509\" \/>\n<meta property=\"og:locale\" content=\"es_ES\" \/>\n<meta property=\"og:type\" content=\"article\" \/>\n<meta property=\"og:title\" content=\"Premio Aporte Urbano eligi\u00f3 seis ganadores con proyectos de obras de todo el pa\u00eds - COLEGIO DE ARQUITECTOS DE CHILE\" \/>\n<meta property=\"og:description\" content=\"Obras p\u00fablicas y privadas de todo el pa\u00eds que destacaron en seis categor\u00edas fueron reconocidas por el Premio Aporte Urbano (PAU) 2019, iniciativa que por quinto a\u00f1o consecutivo impulsa y promueve la C\u00e1mara Chilena de la Construcci\u00f3n, el ministerio de &hellip; ver m\u00e1s\" \/>\n<meta property=\"og:url\" content=\"https:\/\/colegioarquitectos.com\/noticias\/?p=24509\" \/>\n<meta property=\"og:site_name\" content=\"COLEGIO DE ARQUITECTOS DE CHILE\" \/>\n<meta property=\"article:publisher\" content=\"https:\/\/facebook.com\/Colegioarq\/\" \/>\n<meta property=\"article:published_time\" content=\"2020-01-07T19:20:42+00:00\" \/>\n<meta property=\"article:modified_time\" content=\"2020-01-10T18:48:11+00:00\" \/>\n<meta property=\"og:image\" content=\"https:\/\/colegioarquitectos.com\/noticias\/wp-content\/uploads\/2020\/01\/ENCABEZADO-PAU.jpg\" \/>\n\t<meta property=\"og:image:width\" content=\"690\" \/>\n\t<meta property=\"og:image:height\" content=\"350\" \/>\n\t<meta property=\"og:image:type\" content=\"image\/jpeg\" \/>\n<meta name=\"author\" content=\"Colegio de Arquitectos de Chile\" \/>\n<meta name=\"twitter:card\" content=\"summary_large_image\" \/>\n<meta name=\"twitter:creator\" content=\"@colegioarq\" \/>\n<meta name=\"twitter:site\" content=\"@colegioarq\" \/>\n<meta name=\"twitter:label1\" content=\"Escrito por\" \/>\n\t<meta name=\"twitter:data1\" content=\"Colegio de Arquitectos de Chile\" \/>\n\t<meta name=\"twitter:label2\" content=\"Tiempo de lectura\" \/>\n\t<meta name=\"twitter:data2\" content=\"3 minutos\" \/>\n<script type=\"application\/ld+json\" class=\"yoast-schema-graph\">{\"@context\":\"https:\/\/schema.org\",\"@graph\":[{\"@type\":\"Article\",\"@id\":\"https:\/\/colegioarquitectos.com\/noticias\/?p=24509#article\",\"isPartOf\":{\"@id\":\"https:\/\/colegioarquitectos.com\/noticias\/?p=24509\"},\"author\":{\"name\":\"Colegio de Arquitectos de Chile\",\"@id\":\"https:\/\/colegioarquitectos.com\/noticias\/#\/schema\/person\/685cc0aad148303c5608f049af8285ad\"},\"headline\":\"Premio Aporte Urbano eligi\u00f3 seis ganadores con proyectos de obras de todo el pa\u00eds\",\"datePublished\":\"2020-01-07T19:20:42+00:00\",\"dateModified\":\"2020-01-10T18:48:11+00:00\",\"mainEntityOfPage\":{\"@id\":\"https:\/\/colegioarquitectos.com\/noticias\/?p=24509\"},\"wordCount\":538,\"publisher\":{\"@id\":\"https:\/\/colegioarquitectos.com\/noticias\/#organization\"},\"image\":{\"@id\":\"https:\/\/colegioarquitectos.com\/noticias\/?p=24509#primaryimage\"},\"thumbnailUrl\":\"https:\/\/colegioarquitectos.com\/noticias\/wp-content\/uploads\/2020\/01\/ENCABEZADO-PAU.jpg\",\"articleSection\":[\"Noticias\"],\"inLanguage\":\"es\"},{\"@type\":\"WebPage\",\"@id\":\"https:\/\/colegioarquitectos.com\/noticias\/?p=24509\",\"url\":\"https:\/\/colegioarquitectos.com\/noticias\/?p=24509\",\"name\":\"Premio Aporte Urbano eligi\u00f3 seis ganadores con proyectos de obras de todo el pa\u00eds - COLEGIO DE ARQUITECTOS DE CHILE\",\"isPartOf\":{\"@id\":\"https:\/\/colegioarquitectos.com\/noticias\/#website\"},\"primaryImageOfPage\":{\"@id\":\"https:\/\/colegioarquitectos.com\/noticias\/?p=24509#primaryimage\"},\"image\":{\"@id\":\"https:\/\/colegioarquitectos.com\/noticias\/?p=24509#primaryimage\"},\"thumbnailUrl\":\"https:\/\/colegioarquitectos.com\/noticias\/wp-content\/uploads\/2020\/01\/ENCABEZADO-PAU.jpg\",\"datePublished\":\"2020-01-07T19:20:42+00:00\",\"dateModified\":\"2020-01-10T18:48:11+00:00\",\"breadcrumb\":{\"@id\":\"https:\/\/colegioarquitectos.com\/noticias\/?p=24509#breadcrumb\"},\"inLanguage\":\"es\",\"potentialAction\":[{\"@type\":\"ReadAction\",\"target\":[\"https:\/\/colegioarquitectos.com\/noticias\/?p=24509\"]}]},{\"@type\":\"ImageObject\",\"inLanguage\":\"es\",\"@id\":\"https:\/\/colegioarquitectos.com\/noticias\/?p=24509#primaryimage\",\"url\":\"https:\/\/colegioarquitectos.com\/noticias\/wp-content\/uploads\/2020\/01\/ENCABEZADO-PAU.jpg\",\"contentUrl\":\"https:\/\/colegioarquitectos.com\/noticias\/wp-content\/uploads\/2020\/01\/ENCABEZADO-PAU.jpg\",\"width\":690,\"height\":350},{\"@type\":\"BreadcrumbList\",\"@id\":\"https:\/\/colegioarquitectos.com\/noticias\/?p=24509#breadcrumb\",\"itemListElement\":[{\"@type\":\"ListItem\",\"position\":1,\"name\":\"Portada\",\"item\":\"https:\/\/colegioarquitectos.com\/noticias\"},{\"@type\":\"ListItem\",\"position\":2,\"name\":\"Premio Aporte Urbano eligi\u00f3 seis ganadores con proyectos de obras de todo el pa\u00eds\"}]},{\"@type\":\"WebSite\",\"@id\":\"https:\/\/colegioarquitectos.com\/noticias\/#website\",\"url\":\"https:\/\/colegioarquitectos.com\/noticias\/\",\"name\":\"COLEGIO DE ARQUITECTOS DE CHILE\",\"description\":\"\",\"publisher\":{\"@id\":\"https:\/\/colegioarquitectos.com\/noticias\/#organization\"},\"potentialAction\":[{\"@type\":\"SearchAction\",\"target\":{\"@type\":\"EntryPoint\",\"urlTemplate\":\"https:\/\/colegioarquitectos.com\/noticias\/?s={search_term_string}\"},\"query-input\":{\"@type\":\"PropertyValueSpecification\",\"valueRequired\":true,\"valueName\":\"search_term_string\"}}],\"inLanguage\":\"es\"},{\"@type\":\"Organization\",\"@id\":\"https:\/\/colegioarquitectos.com\/noticias\/#organization\",\"name\":\"COLEGIO DE ARQUITECTOS DE CHILE\",\"url\":\"https:\/\/colegioarquitectos.com\/noticias\/\",\"logo\":{\"@type\":\"ImageObject\",\"inLanguage\":\"es\",\"@id\":\"https:\/\/colegioarquitectos.com\/noticias\/#\/schema\/logo\/image\/\",\"url\":\"https:\/\/colegioarquitectos.com\/noticias\/wp-content\/uploads\/2021\/05\/ENCABEZADO-LOGO-CA.jpg\",\"contentUrl\":\"https:\/\/colegioarquitectos.com\/noticias\/wp-content\/uploads\/2021\/05\/ENCABEZADO-LOGO-CA.jpg\",\"width\":690,\"height\":350,\"caption\":\"COLEGIO DE ARQUITECTOS DE CHILE\"},\"image\":{\"@id\":\"https:\/\/colegioarquitectos.com\/noticias\/#\/schema\/logo\/image\/\"},\"sameAs\":[\"https:\/\/facebook.com\/Colegioarq\/\",\"https:\/\/x.com\/colegioarq\",\"https:\/\/instagram.com\/colegioarq\",\"https:\/\/youtube.com\/@ColegiodeArquitectosdeChile\"]},{\"@type\":\"Person\",\"@id\":\"https:\/\/colegioarquitectos.com\/noticias\/#\/schema\/person\/685cc0aad148303c5608f049af8285ad\",\"name\":\"Colegio de Arquitectos de Chile\",\"url\":\"https:\/\/colegioarquitectos.com\/noticias\/?author=4\"}]}<\/script>\n<!-- \/ Yoast SEO plugin. -->","yoast_head_json":{"title":"Premio Aporte Urbano eligi\u00f3 seis ganadores con proyectos de obras de todo el pa\u00eds - COLEGIO DE ARQUITECTOS DE CHILE","robots":{"index":"index","follow":"follow","max-snippet":"max-snippet:-1","max-image-preview":"max-image-preview:large","max-video-preview":"max-video-preview:-1"},"canonical":"https:\/\/colegioarquitectos.com\/noticias\/?p=24509","og_locale":"es_ES","og_type":"article","og_title":"Premio Aporte Urbano eligi\u00f3 seis ganadores con proyectos de obras de todo el pa\u00eds - COLEGIO DE ARQUITECTOS DE CHILE","og_description":"Obras p\u00fablicas y privadas de todo el pa\u00eds que destacaron en seis categor\u00edas fueron reconocidas por el Premio Aporte Urbano (PAU) 2019, iniciativa que por quinto a\u00f1o consecutivo impulsa y promueve la C\u00e1mara Chilena de la Construcci\u00f3n, el ministerio de &hellip; ver m\u00e1s","og_url":"https:\/\/colegioarquitectos.com\/noticias\/?p=24509","og_site_name":"COLEGIO DE ARQUITECTOS DE CHILE","article_publisher":"https:\/\/facebook.com\/Colegioarq\/","article_published_time":"2020-01-07T19:20:42+00:00","article_modified_time":"2020-01-10T18:48:11+00:00","og_image":[{"width":690,"height":350,"url":"https:\/\/colegioarquitectos.com\/noticias\/wp-content\/uploads\/2020\/01\/ENCABEZADO-PAU.jpg","type":"image\/jpeg"}],"author":"Colegio de Arquitectos de Chile","twitter_card":"summary_large_image","twitter_creator":"@colegioarq","twitter_site":"@colegioarq","twitter_misc":{"Escrito por":"Colegio de Arquitectos de Chile","Tiempo de lectura":"3 minutos"},"schema":{"@context":"https:\/\/schema.org","@graph":[{"@type":"Article","@id":"https:\/\/colegioarquitectos.com\/noticias\/?p=24509#article","isPartOf":{"@id":"https:\/\/colegioarquitectos.com\/noticias\/?p=24509"},"author":{"name":"Colegio de Arquitectos de Chile","@id":"https:\/\/colegioarquitectos.com\/noticias\/#\/schema\/person\/685cc0aad148303c5608f049af8285ad"},"headline":"Premio Aporte Urbano eligi\u00f3 seis ganadores con proyectos de obras de todo el pa\u00eds","datePublished":"2020-01-07T19:20:42+00:00","dateModified":"2020-01-10T18:48:11+00:00","mainEntityOfPage":{"@id":"https:\/\/colegioarquitectos.com\/noticias\/?p=24509"},"wordCount":538,"publisher":{"@id":"https:\/\/colegioarquitectos.com\/noticias\/#organization"},"image":{"@id":"https:\/\/colegioarquitectos.com\/noticias\/?p=24509#primaryimage"},"thumbnailUrl":"https:\/\/colegioarquitectos.com\/noticias\/wp-content\/uploads\/2020\/01\/ENCABEZADO-PAU.jpg","articleSection":["Noticias"],"inLanguage":"es"},{"@type":"WebPage","@id":"https:\/\/colegioarquitectos.com\/noticias\/?p=24509","url":"https:\/\/colegioarquitectos.com\/noticias\/?p=24509","name":"Premio Aporte Urbano eligi\u00f3 seis ganadores con proyectos de obras de todo el pa\u00eds - COLEGIO DE ARQUITECTOS DE CHILE","isPartOf":{"@id":"https:\/\/colegioarquitectos.com\/noticias\/#website"},"primaryImageOfPage":{"@id":"https:\/\/colegioarquitectos.com\/noticias\/?p=24509#primaryimage"},"image":{"@id":"https:\/\/colegioarquitectos.com\/noticias\/?p=24509#primaryimage"},"thumbnailUrl":"https:\/\/colegioarquitectos.com\/noticias\/wp-content\/uploads\/2020\/01\/ENCABEZADO-PAU.jpg","datePublished":"2020-01-07T19:20:42+00:00","dateModified":"2020-01-10T18:48:11+00:00","breadcrumb":{"@id":"https:\/\/colegioarquitectos.com\/noticias\/?p=24509#breadcrumb"},"inLanguage":"es","potentialAction":[{"@type":"ReadAction","target":["https:\/\/colegioarquitectos.com\/noticias\/?p=24509"]}]},{"@type":"ImageObject","inLanguage":"es","@id":"https:\/\/colegioarquitectos.com\/noticias\/?p=24509#primaryimage","url":"https:\/\/colegioarquitectos.com\/noticias\/wp-content\/uploads\/2020\/01\/ENCABEZADO-PAU.jpg","contentUrl":"https:\/\/colegioarquitectos.com\/noticias\/wp-content\/uploads\/2020\/01\/ENCABEZADO-PAU.jpg","width":690,"height":350},{"@type":"BreadcrumbList","@id":"https:\/\/colegioarquitectos.com\/noticias\/?p=24509#breadcrumb","itemListElement":[{"@type":"ListItem","position":1,"name":"Portada","item":"https:\/\/colegioarquitectos.com\/noticias"},{"@type":"ListItem","position":2,"name":"Premio Aporte Urbano eligi\u00f3 seis ganadores con proyectos de obras de todo el pa\u00eds"}]},{"@type":"WebSite","@id":"https:\/\/colegioarquitectos.com\/noticias\/#website","url":"https:\/\/colegioarquitectos.com\/noticias\/","name":"COLEGIO DE ARQUITECTOS DE CHILE","description":"","publisher":{"@id":"https:\/\/colegioarquitectos.com\/noticias\/#organization"},"potentialAction":[{"@type":"SearchAction","target":{"@type":"EntryPoint","urlTemplate":"https:\/\/colegioarquitectos.com\/noticias\/?s={search_term_string}"},"query-input":{"@type":"PropertyValueSpecification","valueRequired":true,"valueName":"search_term_string"}}],"inLanguage":"es"},{"@type":"Organization","@id":"https:\/\/colegioarquitectos.com\/noticias\/#organization","name":"COLEGIO DE ARQUITECTOS DE CHILE","url":"https:\/\/colegioarquitectos.com\/noticias\/","logo":{"@type":"ImageObject","inLanguage":"es","@id":"https:\/\/colegioarquitectos.com\/noticias\/#\/schema\/logo\/image\/","url":"https:\/\/colegioarquitectos.com\/noticias\/wp-content\/uploads\/2021\/05\/ENCABEZADO-LOGO-CA.jpg","contentUrl":"https:\/\/colegioarquitectos.com\/noticias\/wp-content\/uploads\/2021\/05\/ENCABEZADO-LOGO-CA.jpg","width":690,"height":350,"caption":"COLEGIO DE ARQUITECTOS DE CHILE"},"image":{"@id":"https:\/\/colegioarquitectos.com\/noticias\/#\/schema\/logo\/image\/"},"sameAs":["https:\/\/facebook.com\/Colegioarq\/","https:\/\/x.com\/colegioarq","https:\/\/instagram.com\/colegioarq","https:\/\/youtube.com\/@ColegiodeArquitectosdeChile"]},{"@type":"Person","@id":"https:\/\/colegioarquitectos.com\/noticias\/#\/schema\/person\/685cc0aad148303c5608f049af8285ad","name":"Colegio de Arquitectos de Chile","url":"https:\/\/colegioarquitectos.com\/noticias\/?author=4"}]}},"_links":{"self":[{"href":"https:\/\/colegioarquitectos.com\/noticias\/index.php?rest_route=\/wp\/v2\/posts\/24509","targetHints":{"allow":["GET"]}}],"collection":[{"href":"https:\/\/colegioarquitectos.com\/noticias\/index.php?rest_route=\/wp\/v2\/posts"}],"about":[{"href":"https:\/\/colegioarquitectos.com\/noticias\/index.php?rest_route=\/wp\/v2\/types\/post"}],"author":[{"embeddable":true,"href":"https:\/\/colegioarquitectos.com\/noticias\/index.php?rest_route=\/wp\/v2\/users\/4"}],"replies":[{"embeddable":true,"href":"https:\/\/colegioarquitectos.com\/noticias\/index.php?rest_route=%2Fwp%2Fv2%2Fcomments&post=24509"}],"version-history":[{"count":0,"href":"https:\/\/colegioarquitectos.com\/noticias\/index.php?rest_route=\/wp\/v2\/posts\/24509\/revisions"}],"wp:featuredmedia":[{"embeddable":true,"href":"https:\/\/colegioarquitectos.com\/noticias\/index.php?rest_route=\/wp\/v2\/media\/24526"}],"wp:attachment":[{"href":"https:\/\/colegioarquitectos.com\/noticias\/index.php?rest_route=%2Fwp%2Fv2%2Fmedia&parent=24509"}],"wp:term":[{"taxonomy":"category","embeddable":true,"href":"https:\/\/colegioarquitectos.com\/noticias\/index.php?rest_route=%2Fwp%2Fv2%2Fcategories&post=24509"},{"taxonomy":"post_tag","embeddable":true,"href":"https:\/\/colegioarquitectos.com\/noticias\/index.php?rest_route=%2Fwp%2Fv2%2Ftags&post=24509"}],"curies":[{"name":"wp","href":"https:\/\/api.w.org\/{rel}","templated":true}]}}