
{"id":24534,"date":"2020-01-16T15:45:28","date_gmt":"2020-01-16T15:45:28","guid":{"rendered":"http:\/\/colegioarquitectos.com\/?p=24534"},"modified":"2020-01-21T19:46:21","modified_gmt":"2020-01-21T19:46:21","slug":"asi-es-el-proyecto-ganador-que-renovara-el-mercado-providencia","status":"publish","type":"post","link":"https:\/\/colegioarquitectos.com\/noticias\/?p=24534","title":{"rendered":"As\u00ed es el proyecto ganador que renovar\u00e1 el Mercado Providencia"},"content":{"rendered":"<p>El proyecto de <strong>Inversiones Las Arenas Ltda.<\/strong> fue elegido de manera un\u00e1nime como la propuesta ganadora del concurso <strong>\u00abConcesi\u00f3n Mercado Providencia, Recuperaci\u00f3n Arquitect\u00f3nica, Gesti\u00f3n y Administraci\u00f3n\u00bb<\/strong>, convocado por la <strong>Municipalidad de Providencia<\/strong>, que busca <strong>recuperar y transformar<\/strong> el tradicional recinto comunal en un <strong>mercado de abasto<\/strong>.<\/p>\n<p>El equipo del proyecto ganador, que contar\u00e1 con la gesti\u00f3n y administraci\u00f3n del grupo que lidera el <strong>Patio Bellavista<\/strong>, est\u00e1 integrado por <b>Lira Larroulet Tirado y Grass<\/b>. Paisaje y espacio p\u00fablico: <strong>Pablo Allard<\/strong> y<strong> Francisco Allards<\/strong>. Colaboradores:\u00a0<strong>A. Corbera,<\/strong>\u00a0<strong>J. Samaniego<\/strong>, <strong>J. Acosta<\/strong>, <strong>M. Delfau<\/strong>, <strong>E. Straub<\/strong>, <strong>T. Batzenschlager<\/strong>,\u00a0<strong>P. Toro<\/strong>, <strong>D. Rivera<\/strong>. Curator\u00eda gastron\u00f3mica: <strong>Daniel Greve<\/strong>.<\/p>\n<p>En tanto, el jurado del concurso estuvo compuesto por <strong>Evelyn Matthei<\/strong>, Alcaldesa de Providencia; <strong>Iv\u00e1n Noguera<\/strong>, Concejal de Providencia; <strong>Jaime Parada<\/strong>, Concejal de Providencia; <strong>Canio Corbo<\/strong>, Ingeniero Civil Industrial; <strong>Felipe Braun<\/strong>, Actor y Gestor Cultural; <strong>Yves Besan\u00e7on<\/strong>, Arquitecto, representante de la Asociaci\u00f3n de Oficinas de Arquitectos; <strong>Loreto Lyon<\/strong>, Arquitecta, representante del Colegio de Arquitectos; <strong>Marcelo Cicali<\/strong>, Empresario Gastron\u00f3mico; <strong>Rodrigo Guendelman<\/strong>, Periodista y fundador de Santiago Adicto.<\/p>\n<p>El proyecto contempla la recuperaci\u00f3n de <strong>14.000 metros cuadrados<\/strong>, con una inversi\u00f3n aproximada de <strong>$11.000 millones (UF 400.000)<\/strong>, y busca equilibrar de mejor manera los aspectos patrimoniales del mercado con elementos contempor\u00e1neos, destacando su estructura original y su entorno.<\/p>\n<p>En superficie el proyecto contempla tres niveles donde se concentrar\u00e1n el <strong>mercado de abastos, cociner\u00edas, restaurantes, pasteler\u00eda, panader\u00eda, cafeter\u00eda, helader\u00eda, puestos de flores y servicios complementarios<\/strong>. Bajo tierra se consideran 4 subniveles para <strong>estacionamientos de autos y bicicletas, \u00e1reas de carga y descarga de proveedores y bodegas<\/strong>, entre otros servicios.<\/p>\n<p><img loading=\"lazy\" decoding=\"async\" class=\"aligncenter size-full wp-image-24535\" src=\"http:\/\/colegioarquitectos.com\/noticias\/wp-content\/uploads\/2020\/01\/mercado5.png\" alt=\"\" width=\"823\" height=\"460\" srcset=\"https:\/\/colegioarquitectos.com\/noticias\/wp-content\/uploads\/2020\/01\/mercado5.png 823w, https:\/\/colegioarquitectos.com\/noticias\/wp-content\/uploads\/2020\/01\/mercado5-300x168.png 300w, https:\/\/colegioarquitectos.com\/noticias\/wp-content\/uploads\/2020\/01\/mercado5-768x429.png 768w\" sizes=\"auto, (max-width: 823px) 100vw, 823px\" \/><\/p>\n<p>Por otra parte, la estructura considera una gran <strong>cubierta bioclim\u00e1tica<\/strong> que permite bajar o subir la temperatura naturalmente, con un sistema de c\u00e1maras de ventilaci\u00f3n, y adem\u00e1s contribuir\u00e1 a la iluminaci\u00f3n natural del interior del recinto. <strong>La iluminaci\u00f3n el\u00e9ctrica ser\u00e1 con tecnolog\u00eda LED (de bajo consumo) y los cubiertos y copas ser\u00e1n reutilizables<\/strong>.<\/p>\n<p><img loading=\"lazy\" decoding=\"async\" class=\"aligncenter size-full wp-image-24536\" src=\"http:\/\/colegioarquitectos.com\/noticias\/wp-content\/uploads\/2020\/01\/mercado1.png\" alt=\"\" width=\"823\" height=\"460\" srcset=\"https:\/\/colegioarquitectos.com\/noticias\/wp-content\/uploads\/2020\/01\/mercado1.png 823w, https:\/\/colegioarquitectos.com\/noticias\/wp-content\/uploads\/2020\/01\/mercado1-300x168.png 300w, https:\/\/colegioarquitectos.com\/noticias\/wp-content\/uploads\/2020\/01\/mercado1-768x429.png 768w\" sizes=\"auto, (max-width: 823px) 100vw, 823px\" \/><\/p>\n<p><img loading=\"lazy\" decoding=\"async\" class=\"aligncenter size-full wp-image-24537\" src=\"http:\/\/colegioarquitectos.com\/noticias\/wp-content\/uploads\/2020\/01\/mercado2.png\" alt=\"\" width=\"823\" height=\"460\" srcset=\"https:\/\/colegioarquitectos.com\/noticias\/wp-content\/uploads\/2020\/01\/mercado2.png 823w, https:\/\/colegioarquitectos.com\/noticias\/wp-content\/uploads\/2020\/01\/mercado2-300x168.png 300w, https:\/\/colegioarquitectos.com\/noticias\/wp-content\/uploads\/2020\/01\/mercado2-768x429.png 768w\" sizes=\"auto, (max-width: 823px) 100vw, 823px\" \/><\/p>\n<p>\u00abRecibimos tres proyectos maravillosos, pero optamos por uno que de verdad creemos que va a revivir todo el barrio, <strong>va a ser un \u00edcono en Santiago y en Chile<\/strong> que entregar\u00e1 muchos servicios tanto a los vecinos como a los visitantes que vienen a Providencia a divertirse o a trabajar\u00bb, coment\u00f3 la alcaldesa Evelyn Matthei.<\/p>\n<p><img loading=\"lazy\" decoding=\"async\" class=\"aligncenter size-full wp-image-24538\" src=\"http:\/\/colegioarquitectos.com\/noticias\/wp-content\/uploads\/2020\/01\/mercado3.png\" alt=\"\" width=\"823\" height=\"460\" srcset=\"https:\/\/colegioarquitectos.com\/noticias\/wp-content\/uploads\/2020\/01\/mercado3.png 823w, https:\/\/colegioarquitectos.com\/noticias\/wp-content\/uploads\/2020\/01\/mercado3-300x168.png 300w, https:\/\/colegioarquitectos.com\/noticias\/wp-content\/uploads\/2020\/01\/mercado3-768x429.png 768w\" sizes=\"auto, (max-width: 823px) 100vw, 823px\" \/><\/p>\n<p>En cuanto a los plazos, se espera que el desarrollo en detalle del proyecto tome entre seis a ocho meses, para luego hacer entrega del recinto para que comience la construcci\u00f3n,<strong> la cual durar\u00eda entre un a\u00f1o y medio y dos a\u00f1os<\/strong>. <strong>El proyecto, que tendr\u00e1 una concesi\u00f3n de 25 a\u00f1os, podr\u00e1 ejecutarse gracias al acuerdo logrado por la Municipalidad de Providencia con el actual usuario del recinto, el Servicio Nacional de Turismo.<\/strong><\/p>\n<p><\/p>","protected":false},"excerpt":{"rendered":"<p>El proyecto de Inversiones Las Arenas Ltda. fue elegido de manera un\u00e1nime como la propuesta ganadora del concurso \u00abConcesi\u00f3n Mercado Providencia, Recuperaci\u00f3n Arquitect\u00f3nica, Gesti\u00f3n y Administraci\u00f3n\u00bb, convocado por la Municipalidad de Providencia, que busca recuperar y transformar el tradicional recinto &hellip; <a class=\"more-link\" href=\"https:\/\/colegioarquitectos.com\/noticias\/?p=24534\">ver m\u00e1s<\/a><\/p>","protected":false},"author":4,"featured_media":24540,"comment_status":"closed","ping_status":"closed","sticky":false,"template":"","format":"standard","meta":{"footnotes":""},"categories":[3],"tags":[],"class_list":["post-24534","post","type-post","status-publish","format-standard","has-post-thumbnail","hentry","category-noticias"],"yoast_head":"<!-- This site is optimized with the Yoast SEO plugin v24.2 - https:\/\/yoast.com\/wordpress\/plugins\/seo\/ -->\n<title>As\u00ed es el proyecto ganador que renovar\u00e1 el Mercado Providencia - COLEGIO DE ARQUITECTOS DE CHILE<\/title>\n<meta name=\"robots\" content=\"index, follow, max-snippet:-1, max-image-preview:large, max-video-preview:-1\" \/>\n<link rel=\"canonical\" href=\"https:\/\/colegioarquitectos.com\/noticias\/?p=24534\" \/>\n<meta property=\"og:locale\" content=\"es_ES\" \/>\n<meta property=\"og:type\" content=\"article\" \/>\n<meta property=\"og:title\" content=\"As\u00ed es el proyecto ganador que renovar\u00e1 el Mercado Providencia - COLEGIO DE ARQUITECTOS DE CHILE\" \/>\n<meta property=\"og:description\" content=\"El proyecto de Inversiones Las Arenas Ltda. fue elegido de manera un\u00e1nime como la propuesta ganadora del concurso \u00abConcesi\u00f3n Mercado Providencia, Recuperaci\u00f3n Arquitect\u00f3nica, Gesti\u00f3n y Administraci\u00f3n\u00bb, convocado por la Municipalidad de Providencia, que busca recuperar y transformar el tradicional recinto &hellip; ver m\u00e1s\" \/>\n<meta property=\"og:url\" content=\"https:\/\/colegioarquitectos.com\/noticias\/?p=24534\" \/>\n<meta property=\"og:site_name\" content=\"COLEGIO DE ARQUITECTOS DE CHILE\" \/>\n<meta property=\"article:publisher\" content=\"https:\/\/facebook.com\/Colegioarq\/\" \/>\n<meta property=\"article:published_time\" content=\"2020-01-16T15:45:28+00:00\" \/>\n<meta property=\"article:modified_time\" content=\"2020-01-21T19:46:21+00:00\" \/>\n<meta property=\"og:image\" content=\"https:\/\/colegioarquitectos.com\/noticias\/wp-content\/uploads\/2020\/01\/ENCABEZADO.png\" \/>\n\t<meta property=\"og:image:width\" content=\"690\" \/>\n\t<meta property=\"og:image:height\" content=\"350\" \/>\n\t<meta property=\"og:image:type\" content=\"image\/png\" \/>\n<meta name=\"author\" content=\"Colegio de Arquitectos de Chile\" \/>\n<meta name=\"twitter:card\" content=\"summary_large_image\" \/>\n<meta name=\"twitter:creator\" content=\"@colegioarq\" \/>\n<meta name=\"twitter:site\" content=\"@colegioarq\" \/>\n<meta name=\"twitter:label1\" content=\"Escrito por\" \/>\n\t<meta name=\"twitter:data1\" content=\"Colegio de Arquitectos de Chile\" \/>\n\t<meta name=\"twitter:label2\" content=\"Tiempo de lectura\" \/>\n\t<meta name=\"twitter:data2\" content=\"2 minutos\" \/>\n<script type=\"application\/ld+json\" class=\"yoast-schema-graph\">{\"@context\":\"https:\/\/schema.org\",\"@graph\":[{\"@type\":\"Article\",\"@id\":\"https:\/\/colegioarquitectos.com\/noticias\/?p=24534#article\",\"isPartOf\":{\"@id\":\"https:\/\/colegioarquitectos.com\/noticias\/?p=24534\"},\"author\":{\"name\":\"Colegio de Arquitectos de Chile\",\"@id\":\"https:\/\/colegioarquitectos.com\/noticias\/#\/schema\/person\/685cc0aad148303c5608f049af8285ad\"},\"headline\":\"As\u00ed es el proyecto ganador que renovar\u00e1 el Mercado Providencia\",\"datePublished\":\"2020-01-16T15:45:28+00:00\",\"dateModified\":\"2020-01-21T19:46:21+00:00\",\"mainEntityOfPage\":{\"@id\":\"https:\/\/colegioarquitectos.com\/noticias\/?p=24534\"},\"wordCount\":483,\"publisher\":{\"@id\":\"https:\/\/colegioarquitectos.com\/noticias\/#organization\"},\"image\":{\"@id\":\"https:\/\/colegioarquitectos.com\/noticias\/?p=24534#primaryimage\"},\"thumbnailUrl\":\"https:\/\/colegioarquitectos.com\/noticias\/wp-content\/uploads\/2020\/01\/ENCABEZADO.png\",\"articleSection\":[\"Noticias\"],\"inLanguage\":\"es\"},{\"@type\":\"WebPage\",\"@id\":\"https:\/\/colegioarquitectos.com\/noticias\/?p=24534\",\"url\":\"https:\/\/colegioarquitectos.com\/noticias\/?p=24534\",\"name\":\"As\u00ed es el proyecto ganador que renovar\u00e1 el Mercado Providencia - COLEGIO DE ARQUITECTOS DE CHILE\",\"isPartOf\":{\"@id\":\"https:\/\/colegioarquitectos.com\/noticias\/#website\"},\"primaryImageOfPage\":{\"@id\":\"https:\/\/colegioarquitectos.com\/noticias\/?p=24534#primaryimage\"},\"image\":{\"@id\":\"https:\/\/colegioarquitectos.com\/noticias\/?p=24534#primaryimage\"},\"thumbnailUrl\":\"https:\/\/colegioarquitectos.com\/noticias\/wp-content\/uploads\/2020\/01\/ENCABEZADO.png\",\"datePublished\":\"2020-01-16T15:45:28+00:00\",\"dateModified\":\"2020-01-21T19:46:21+00:00\",\"breadcrumb\":{\"@id\":\"https:\/\/colegioarquitectos.com\/noticias\/?p=24534#breadcrumb\"},\"inLanguage\":\"es\",\"potentialAction\":[{\"@type\":\"ReadAction\",\"target\":[\"https:\/\/colegioarquitectos.com\/noticias\/?p=24534\"]}]},{\"@type\":\"ImageObject\",\"inLanguage\":\"es\",\"@id\":\"https:\/\/colegioarquitectos.com\/noticias\/?p=24534#primaryimage\",\"url\":\"https:\/\/colegioarquitectos.com\/noticias\/wp-content\/uploads\/2020\/01\/ENCABEZADO.png\",\"contentUrl\":\"https:\/\/colegioarquitectos.com\/noticias\/wp-content\/uploads\/2020\/01\/ENCABEZADO.png\",\"width\":690,\"height\":350},{\"@type\":\"BreadcrumbList\",\"@id\":\"https:\/\/colegioarquitectos.com\/noticias\/?p=24534#breadcrumb\",\"itemListElement\":[{\"@type\":\"ListItem\",\"position\":1,\"name\":\"Portada\",\"item\":\"https:\/\/colegioarquitectos.com\/noticias\"},{\"@type\":\"ListItem\",\"position\":2,\"name\":\"As\u00ed es el proyecto ganador que renovar\u00e1 el Mercado Providencia\"}]},{\"@type\":\"WebSite\",\"@id\":\"https:\/\/colegioarquitectos.com\/noticias\/#website\",\"url\":\"https:\/\/colegioarquitectos.com\/noticias\/\",\"name\":\"COLEGIO DE ARQUITECTOS DE CHILE\",\"description\":\"\",\"publisher\":{\"@id\":\"https:\/\/colegioarquitectos.com\/noticias\/#organization\"},\"potentialAction\":[{\"@type\":\"SearchAction\",\"target\":{\"@type\":\"EntryPoint\",\"urlTemplate\":\"https:\/\/colegioarquitectos.com\/noticias\/?s={search_term_string}\"},\"query-input\":{\"@type\":\"PropertyValueSpecification\",\"valueRequired\":true,\"valueName\":\"search_term_string\"}}],\"inLanguage\":\"es\"},{\"@type\":\"Organization\",\"@id\":\"https:\/\/colegioarquitectos.com\/noticias\/#organization\",\"name\":\"COLEGIO DE ARQUITECTOS DE CHILE\",\"url\":\"https:\/\/colegioarquitectos.com\/noticias\/\",\"logo\":{\"@type\":\"ImageObject\",\"inLanguage\":\"es\",\"@id\":\"https:\/\/colegioarquitectos.com\/noticias\/#\/schema\/logo\/image\/\",\"url\":\"https:\/\/colegioarquitectos.com\/noticias\/wp-content\/uploads\/2021\/05\/ENCABEZADO-LOGO-CA.jpg\",\"contentUrl\":\"https:\/\/colegioarquitectos.com\/noticias\/wp-content\/uploads\/2021\/05\/ENCABEZADO-LOGO-CA.jpg\",\"width\":690,\"height\":350,\"caption\":\"COLEGIO DE ARQUITECTOS DE CHILE\"},\"image\":{\"@id\":\"https:\/\/colegioarquitectos.com\/noticias\/#\/schema\/logo\/image\/\"},\"sameAs\":[\"https:\/\/facebook.com\/Colegioarq\/\",\"https:\/\/x.com\/colegioarq\",\"https:\/\/instagram.com\/colegioarq\",\"https:\/\/youtube.com\/@ColegiodeArquitectosdeChile\"]},{\"@type\":\"Person\",\"@id\":\"https:\/\/colegioarquitectos.com\/noticias\/#\/schema\/person\/685cc0aad148303c5608f049af8285ad\",\"name\":\"Colegio de Arquitectos de Chile\",\"url\":\"https:\/\/colegioarquitectos.com\/noticias\/?author=4\"}]}<\/script>\n<!-- \/ Yoast SEO plugin. -->","yoast_head_json":{"title":"As\u00ed es el proyecto ganador que renovar\u00e1 el Mercado Providencia - COLEGIO DE ARQUITECTOS DE CHILE","robots":{"index":"index","follow":"follow","max-snippet":"max-snippet:-1","max-image-preview":"max-image-preview:large","max-video-preview":"max-video-preview:-1"},"canonical":"https:\/\/colegioarquitectos.com\/noticias\/?p=24534","og_locale":"es_ES","og_type":"article","og_title":"As\u00ed es el proyecto ganador que renovar\u00e1 el Mercado Providencia - COLEGIO DE ARQUITECTOS DE CHILE","og_description":"El proyecto de Inversiones Las Arenas Ltda. fue elegido de manera un\u00e1nime como la propuesta ganadora del concurso \u00abConcesi\u00f3n Mercado Providencia, Recuperaci\u00f3n Arquitect\u00f3nica, Gesti\u00f3n y Administraci\u00f3n\u00bb, convocado por la Municipalidad de Providencia, que busca recuperar y transformar el tradicional recinto &hellip; ver m\u00e1s","og_url":"https:\/\/colegioarquitectos.com\/noticias\/?p=24534","og_site_name":"COLEGIO DE ARQUITECTOS DE CHILE","article_publisher":"https:\/\/facebook.com\/Colegioarq\/","article_published_time":"2020-01-16T15:45:28+00:00","article_modified_time":"2020-01-21T19:46:21+00:00","og_image":[{"width":690,"height":350,"url":"https:\/\/colegioarquitectos.com\/noticias\/wp-content\/uploads\/2020\/01\/ENCABEZADO.png","type":"image\/png"}],"author":"Colegio de Arquitectos de Chile","twitter_card":"summary_large_image","twitter_creator":"@colegioarq","twitter_site":"@colegioarq","twitter_misc":{"Escrito por":"Colegio de Arquitectos de Chile","Tiempo de lectura":"2 minutos"},"schema":{"@context":"https:\/\/schema.org","@graph":[{"@type":"Article","@id":"https:\/\/colegioarquitectos.com\/noticias\/?p=24534#article","isPartOf":{"@id":"https:\/\/colegioarquitectos.com\/noticias\/?p=24534"},"author":{"name":"Colegio de Arquitectos de Chile","@id":"https:\/\/colegioarquitectos.com\/noticias\/#\/schema\/person\/685cc0aad148303c5608f049af8285ad"},"headline":"As\u00ed es el proyecto ganador que renovar\u00e1 el Mercado Providencia","datePublished":"2020-01-16T15:45:28+00:00","dateModified":"2020-01-21T19:46:21+00:00","mainEntityOfPage":{"@id":"https:\/\/colegioarquitectos.com\/noticias\/?p=24534"},"wordCount":483,"publisher":{"@id":"https:\/\/colegioarquitectos.com\/noticias\/#organization"},"image":{"@id":"https:\/\/colegioarquitectos.com\/noticias\/?p=24534#primaryimage"},"thumbnailUrl":"https:\/\/colegioarquitectos.com\/noticias\/wp-content\/uploads\/2020\/01\/ENCABEZADO.png","articleSection":["Noticias"],"inLanguage":"es"},{"@type":"WebPage","@id":"https:\/\/colegioarquitectos.com\/noticias\/?p=24534","url":"https:\/\/colegioarquitectos.com\/noticias\/?p=24534","name":"As\u00ed es el proyecto ganador que renovar\u00e1 el Mercado Providencia - COLEGIO DE ARQUITECTOS DE CHILE","isPartOf":{"@id":"https:\/\/colegioarquitectos.com\/noticias\/#website"},"primaryImageOfPage":{"@id":"https:\/\/colegioarquitectos.com\/noticias\/?p=24534#primaryimage"},"image":{"@id":"https:\/\/colegioarquitectos.com\/noticias\/?p=24534#primaryimage"},"thumbnailUrl":"https:\/\/colegioarquitectos.com\/noticias\/wp-content\/uploads\/2020\/01\/ENCABEZADO.png","datePublished":"2020-01-16T15:45:28+00:00","dateModified":"2020-01-21T19:46:21+00:00","breadcrumb":{"@id":"https:\/\/colegioarquitectos.com\/noticias\/?p=24534#breadcrumb"},"inLanguage":"es","potentialAction":[{"@type":"ReadAction","target":["https:\/\/colegioarquitectos.com\/noticias\/?p=24534"]}]},{"@type":"ImageObject","inLanguage":"es","@id":"https:\/\/colegioarquitectos.com\/noticias\/?p=24534#primaryimage","url":"https:\/\/colegioarquitectos.com\/noticias\/wp-content\/uploads\/2020\/01\/ENCABEZADO.png","contentUrl":"https:\/\/colegioarquitectos.com\/noticias\/wp-content\/uploads\/2020\/01\/ENCABEZADO.png","width":690,"height":350},{"@type":"BreadcrumbList","@id":"https:\/\/colegioarquitectos.com\/noticias\/?p=24534#breadcrumb","itemListElement":[{"@type":"ListItem","position":1,"name":"Portada","item":"https:\/\/colegioarquitectos.com\/noticias"},{"@type":"ListItem","position":2,"name":"As\u00ed es el proyecto ganador que renovar\u00e1 el Mercado Providencia"}]},{"@type":"WebSite","@id":"https:\/\/colegioarquitectos.com\/noticias\/#website","url":"https:\/\/colegioarquitectos.com\/noticias\/","name":"COLEGIO DE ARQUITECTOS DE CHILE","description":"","publisher":{"@id":"https:\/\/colegioarquitectos.com\/noticias\/#organization"},"potentialAction":[{"@type":"SearchAction","target":{"@type":"EntryPoint","urlTemplate":"https:\/\/colegioarquitectos.com\/noticias\/?s={search_term_string}"},"query-input":{"@type":"PropertyValueSpecification","valueRequired":true,"valueName":"search_term_string"}}],"inLanguage":"es"},{"@type":"Organization","@id":"https:\/\/colegioarquitectos.com\/noticias\/#organization","name":"COLEGIO DE ARQUITECTOS DE CHILE","url":"https:\/\/colegioarquitectos.com\/noticias\/","logo":{"@type":"ImageObject","inLanguage":"es","@id":"https:\/\/colegioarquitectos.com\/noticias\/#\/schema\/logo\/image\/","url":"https:\/\/colegioarquitectos.com\/noticias\/wp-content\/uploads\/2021\/05\/ENCABEZADO-LOGO-CA.jpg","contentUrl":"https:\/\/colegioarquitectos.com\/noticias\/wp-content\/uploads\/2021\/05\/ENCABEZADO-LOGO-CA.jpg","width":690,"height":350,"caption":"COLEGIO DE ARQUITECTOS DE CHILE"},"image":{"@id":"https:\/\/colegioarquitectos.com\/noticias\/#\/schema\/logo\/image\/"},"sameAs":["https:\/\/facebook.com\/Colegioarq\/","https:\/\/x.com\/colegioarq","https:\/\/instagram.com\/colegioarq","https:\/\/youtube.com\/@ColegiodeArquitectosdeChile"]},{"@type":"Person","@id":"https:\/\/colegioarquitectos.com\/noticias\/#\/schema\/person\/685cc0aad148303c5608f049af8285ad","name":"Colegio de Arquitectos de Chile","url":"https:\/\/colegioarquitectos.com\/noticias\/?author=4"}]}},"_links":{"self":[{"href":"https:\/\/colegioarquitectos.com\/noticias\/index.php?rest_route=\/wp\/v2\/posts\/24534","targetHints":{"allow":["GET"]}}],"collection":[{"href":"https:\/\/colegioarquitectos.com\/noticias\/index.php?rest_route=\/wp\/v2\/posts"}],"about":[{"href":"https:\/\/colegioarquitectos.com\/noticias\/index.php?rest_route=\/wp\/v2\/types\/post"}],"author":[{"embeddable":true,"href":"https:\/\/colegioarquitectos.com\/noticias\/index.php?rest_route=\/wp\/v2\/users\/4"}],"replies":[{"embeddable":true,"href":"https:\/\/colegioarquitectos.com\/noticias\/index.php?rest_route=%2Fwp%2Fv2%2Fcomments&post=24534"}],"version-history":[{"count":0,"href":"https:\/\/colegioarquitectos.com\/noticias\/index.php?rest_route=\/wp\/v2\/posts\/24534\/revisions"}],"wp:featuredmedia":[{"embeddable":true,"href":"https:\/\/colegioarquitectos.com\/noticias\/index.php?rest_route=\/wp\/v2\/media\/24540"}],"wp:attachment":[{"href":"https:\/\/colegioarquitectos.com\/noticias\/index.php?rest_route=%2Fwp%2Fv2%2Fmedia&parent=24534"}],"wp:term":[{"taxonomy":"category","embeddable":true,"href":"https:\/\/colegioarquitectos.com\/noticias\/index.php?rest_route=%2Fwp%2Fv2%2Fcategories&post=24534"},{"taxonomy":"post_tag","embeddable":true,"href":"https:\/\/colegioarquitectos.com\/noticias\/index.php?rest_route=%2Fwp%2Fv2%2Ftags&post=24534"}],"curies":[{"name":"wp","href":"https:\/\/api.w.org\/{rel}","templated":true}]}}