
{"id":24715,"date":"2020-03-06T18:18:24","date_gmt":"2020-03-06T18:18:24","guid":{"rendered":"http:\/\/colegioarquitectos.com\/?p=24715"},"modified":"2020-03-06T18:18:24","modified_gmt":"2020-03-06T18:18:24","slug":"festival-castro-abierto-anuncia-su-segunda-version-para-el-28-y-29-de-marzo","status":"publish","type":"post","link":"https:\/\/colegioarquitectos.com\/noticias\/?p=24715","title":{"rendered":"Festival Castro Abierto anuncia su segunda versi\u00f3n para el 28 y 29 de marzo"},"content":{"rendered":"<p><strong>Castro Abierto<\/strong> es un festival de arquitectura, paisaje y patrimonio, que invita a redescubrir el territorio, visitando de manera gratuita diversos espacios de valor arquitect\u00f3nico, medioambiental, urban\u00edstico, social y\/o cultural. Est\u00e1 dirigido a todo p\u00fablico y en su segunda versi\u00f3n abrir\u00e1 cerca de <strong>20 espacios<\/strong> del \u00e1rea rural y urbana, seleccionados bajo una curator\u00eda que busca dar cuenta de diferentes casos y problem\u00e1ticas del habitar contempor\u00e1neo.<\/p>\n<p>Este a\u00f1o la reflexi\u00f3n se centrar\u00e1 en aspectos como la importancia del <strong>rol de las mujeres en la sostenibilidad ambiental y alimentaria del archipi\u00e9lago<\/strong>; los <strong>procesos creativos vinculados a sus entornos<\/strong>, y la <strong>relevancia de los paisajes del agua<\/strong>, como humedales, pomponales y el mar interior.<\/p>\n<p>Entre los espacios participantes se cuentan la <strong>Escuela Patrimonial y de Oficios de Lingue<\/strong>; el <strong>taller del pintor Guillermo Grez<\/strong>; el <strong>taller del Premio Nacional de Arquitectura, Edward Rojas<\/strong>; el <strong>Hotel-refugio Pullao<\/strong>, ubicado en las orillas de un humedal costero; <strong>la casa de la hortalicera y guardadora de semillas, Norma Aguilar<\/strong>; el <strong>astillero Pacheco<\/strong>, la <strong>casa barco y casa muelle en la localidad de Huenuco<\/strong>; la <strong>comunidad Williche de alto fundo de Gamboa<\/strong> y la <strong>bibliolancha \u00abFelipe el Navegante\u00bb<\/strong>.<\/p>\n<p>Por otro lado, la nueva sede de la <strong>Universidad de Los Lagos<\/strong> abrir\u00e1 por primera vez sus puertas a la comunidad, y se sumar\u00e1n otros proyectos de arquitectura p\u00fablica, como el <strong>Cecrea<\/strong>, la <strong>feria Yumbel<\/strong> y el <strong>conjunto residencial 1022 de la Poblaci\u00f3n Clara Barton<\/strong>, recientemente mejorado.<\/p>\n<p>Otros lugares imprescindibles de la arquitectura del sur, como la antigua <strong>Hoster\u00eda de Castro<\/strong> y el <strong>Museo de Arte Moderno, MAM<\/strong>, ser\u00e1n nuevamente parte de este festival. Tambi\u00e9n habr\u00e1 recorridos cr\u00edticos por el centro hist\u00f3rico y el barrio palafito <strong>Pedro Montt 1<\/strong>. Se suman, asimismo, novedades como la <strong>casa de cobre del reconocido arquitecto Smiljan Radic<\/strong>.<\/p>\n<p>Este evento es organizado por la<strong> Fundaci\u00f3n Aldea<\/strong> y tiene entre sus objetivos, el de fomentar la participaci\u00f3n de las personas en la construcci\u00f3n de sus entornos. \u00abEstamos viviendo un momento muy especial como pa\u00eds, y estamos convencidos de que la participaci\u00f3n y el desarrollo de mejores ciudades y territorios, tiene una relaci\u00f3n evidente con las transformaciones que se est\u00e1n discutiendo hoy\u00bb, se\u00f1ala <strong>Soledad D\u00edaz de la Fuente<\/strong>, directora ejecutiva de la fundaci\u00f3n. Adem\u00e1s, hace un llamado a sumarse en familia a este festival, \u00aba encontrarse con los otros, dialogar y valorar esta oportunidad de generar aprendizajes y experiencias significativas\u00bb.<\/p>\n<p>Cada apertura de espacio es a la vez una especie de <strong>conversatorio liderado por arquitectos, arquitectas, dirigentes, gestores, due\u00f1os de casa, carpinteros o artistas<\/strong>. Un di\u00e1logo que finalmente se hace colectivo con la interacci\u00f3n de los visitantes, pues cada lugar por s\u00ed mismo plantea una tem\u00e1tica.<\/p>\n<p>Este Festival se realiza gracias al financiamiento de Fondart Nacional, del <strong>ministerio de las Culturas, las Artes y el Patrimonio<\/strong>; es presentado por la <strong>Ilustre Municipalidad de Castro<\/strong> y cuenta con una vasta red de colaboradores, como la <strong>Delegaci\u00f3n Zonal Chilo\u00e9<\/strong> del <strong>Colegio de Arquitectos de Chile<\/strong>, <strong>Injuv los Lagos<\/strong>, la <strong>Universidad de los Lagos<\/strong>, la <strong>Universidad San Sebasti\u00e1n<\/strong>, la <strong>Facultad de Arquitectura de la Universidad de Chile<\/strong>, y la<strong> Asociaci\u00f3n de Ilustradores de Chilo\u00e9<\/strong>, entre otros.<\/p>\n<p>El evento de lanzamiento del Festival ser\u00e1 tambi\u00e9n abierto a todo p\u00fablico y tendr\u00e1 lugar el jueves<strong> 26 de marzo a las 19:00 horas<\/strong> en el <strong>Centro Cultural de Castro<\/strong>. El viernes 27 se llevar\u00e1 a cabo una tarde de ilustraci\u00f3n junto a la asociaci\u00f3n de Ilustradores de Chilo\u00e9 en el caf\u00e9 Patio Palafito, a las 18:00 horas. Por \u00faltimo, el s\u00e1bado 28 a las 20:00 horas se realizar\u00e1 un conversatorio.<\/p>\n<p>Para conocer toda la programaci\u00f3n del festival visita <strong><a href=\"http:\/\/www.castroabierto.cl\">www.castroabierto.cl<\/a><\/strong>; <strong><a href=\"http:\/\/www.somosaldea.org\">www.somosaldea.org<\/a><\/strong>; as\u00ed como las redes sociales del evento:<\/p>\n<p>&nbsp;<\/p>\n<p>Instagram: <a href=\"https:\/\/www.instagram.com\/castroabierto\/\"><strong>@castroabierto<\/strong><\/a><\/p>\n<p>Facebook: <a href=\"https:\/\/www.facebook.com\/castroabierto\/\"><strong>@castroabierto<\/strong><\/a><\/p>\n<p>Twitter: <a href=\"https:\/\/twitter.com\/somos_aldea\"><strong>@somosaldea<\/strong><\/a><\/p>\n<p>&nbsp;<\/p>\n<p>Puedes descargar la gu\u00eda completa de Castro Abierto <a href=\"http:\/\/colegioarquitectos.com\/noticias\/wp-content\/uploads\/2020\/03\/Gu\u00eda-Castro-Abierto-2020.pdf\"><strong>ac\u00e1<\/strong><\/a>.<\/p>\n<p><iframe loading=\"lazy\" src=\"https:\/\/www.youtube.com\/embed\/DYx-mN6uBsw\" width=\"560\" height=\"315\" frameborder=\"0\" allowfullscreen=\"allowfullscreen\"><\/iframe><\/p>\n<p><\/p>","protected":false},"excerpt":{"rendered":"<p>Castro Abierto es un festival de arquitectura, paisaje y patrimonio, que invita a redescubrir el territorio, visitando de manera gratuita diversos espacios de valor arquitect\u00f3nico, medioambiental, urban\u00edstico, social y\/o cultural. Est\u00e1 dirigido a todo p\u00fablico y en su segunda versi\u00f3n &hellip; <a class=\"more-link\" href=\"https:\/\/colegioarquitectos.com\/noticias\/?p=24715\">ver m\u00e1s<\/a><\/p>","protected":false},"author":4,"featured_media":24718,"comment_status":"closed","ping_status":"closed","sticky":false,"template":"","format":"standard","meta":{"footnotes":""},"categories":[3],"tags":[],"class_list":["post-24715","post","type-post","status-publish","format-standard","has-post-thumbnail","hentry","category-noticias"],"yoast_head":"<!-- This site is optimized with the Yoast SEO plugin v24.2 - https:\/\/yoast.com\/wordpress\/plugins\/seo\/ -->\n<title>Festival Castro Abierto anuncia su segunda versi\u00f3n para el 28 y 29 de marzo - COLEGIO DE ARQUITECTOS DE CHILE<\/title>\n<meta name=\"robots\" content=\"index, follow, max-snippet:-1, max-image-preview:large, max-video-preview:-1\" \/>\n<link rel=\"canonical\" href=\"https:\/\/colegioarquitectos.com\/noticias\/?p=24715\" \/>\n<meta property=\"og:locale\" content=\"es_ES\" \/>\n<meta property=\"og:type\" content=\"article\" \/>\n<meta property=\"og:title\" content=\"Festival Castro Abierto anuncia su segunda versi\u00f3n para el 28 y 29 de marzo - COLEGIO DE ARQUITECTOS DE CHILE\" \/>\n<meta property=\"og:description\" content=\"Castro Abierto es un festival de arquitectura, paisaje y patrimonio, que invita a redescubrir el territorio, visitando de manera gratuita diversos espacios de valor arquitect\u00f3nico, medioambiental, urban\u00edstico, social y\/o cultural. Est\u00e1 dirigido a todo p\u00fablico y en su segunda versi\u00f3n &hellip; ver m\u00e1s\" \/>\n<meta property=\"og:url\" content=\"https:\/\/colegioarquitectos.com\/noticias\/?p=24715\" \/>\n<meta property=\"og:site_name\" content=\"COLEGIO DE ARQUITECTOS DE CHILE\" \/>\n<meta property=\"article:publisher\" content=\"https:\/\/facebook.com\/Colegioarq\/\" \/>\n<meta property=\"article:published_time\" content=\"2020-03-06T18:18:24+00:00\" \/>\n<meta property=\"og:image\" content=\"https:\/\/colegioarquitectos.com\/noticias\/wp-content\/uploads\/2020\/03\/ENCABEZADO-FINAL-CASTRO-ABIERTO.png\" \/>\n\t<meta property=\"og:image:width\" content=\"690\" \/>\n\t<meta property=\"og:image:height\" content=\"350\" \/>\n\t<meta property=\"og:image:type\" content=\"image\/png\" \/>\n<meta name=\"author\" content=\"Colegio de Arquitectos de Chile\" \/>\n<meta name=\"twitter:card\" content=\"summary_large_image\" \/>\n<meta name=\"twitter:creator\" content=\"@colegioarq\" \/>\n<meta name=\"twitter:site\" content=\"@colegioarq\" \/>\n<meta name=\"twitter:label1\" content=\"Escrito por\" \/>\n\t<meta name=\"twitter:data1\" content=\"Colegio de Arquitectos de Chile\" \/>\n\t<meta name=\"twitter:label2\" content=\"Tiempo de lectura\" \/>\n\t<meta name=\"twitter:data2\" content=\"3 minutos\" \/>\n<script type=\"application\/ld+json\" class=\"yoast-schema-graph\">{\"@context\":\"https:\/\/schema.org\",\"@graph\":[{\"@type\":\"Article\",\"@id\":\"https:\/\/colegioarquitectos.com\/noticias\/?p=24715#article\",\"isPartOf\":{\"@id\":\"https:\/\/colegioarquitectos.com\/noticias\/?p=24715\"},\"author\":{\"name\":\"Colegio de Arquitectos de Chile\",\"@id\":\"https:\/\/colegioarquitectos.com\/noticias\/#\/schema\/person\/685cc0aad148303c5608f049af8285ad\"},\"headline\":\"Festival Castro Abierto anuncia su segunda versi\u00f3n para el 28 y 29 de marzo\",\"datePublished\":\"2020-03-06T18:18:24+00:00\",\"dateModified\":\"2020-03-06T18:18:24+00:00\",\"mainEntityOfPage\":{\"@id\":\"https:\/\/colegioarquitectos.com\/noticias\/?p=24715\"},\"wordCount\":674,\"publisher\":{\"@id\":\"https:\/\/colegioarquitectos.com\/noticias\/#organization\"},\"image\":{\"@id\":\"https:\/\/colegioarquitectos.com\/noticias\/?p=24715#primaryimage\"},\"thumbnailUrl\":\"https:\/\/colegioarquitectos.com\/noticias\/wp-content\/uploads\/2020\/03\/ENCABEZADO-FINAL-CASTRO-ABIERTO.png\",\"articleSection\":[\"Noticias\"],\"inLanguage\":\"es\"},{\"@type\":\"WebPage\",\"@id\":\"https:\/\/colegioarquitectos.com\/noticias\/?p=24715\",\"url\":\"https:\/\/colegioarquitectos.com\/noticias\/?p=24715\",\"name\":\"Festival Castro Abierto anuncia su segunda versi\u00f3n para el 28 y 29 de marzo - COLEGIO DE ARQUITECTOS DE CHILE\",\"isPartOf\":{\"@id\":\"https:\/\/colegioarquitectos.com\/noticias\/#website\"},\"primaryImageOfPage\":{\"@id\":\"https:\/\/colegioarquitectos.com\/noticias\/?p=24715#primaryimage\"},\"image\":{\"@id\":\"https:\/\/colegioarquitectos.com\/noticias\/?p=24715#primaryimage\"},\"thumbnailUrl\":\"https:\/\/colegioarquitectos.com\/noticias\/wp-content\/uploads\/2020\/03\/ENCABEZADO-FINAL-CASTRO-ABIERTO.png\",\"datePublished\":\"2020-03-06T18:18:24+00:00\",\"dateModified\":\"2020-03-06T18:18:24+00:00\",\"breadcrumb\":{\"@id\":\"https:\/\/colegioarquitectos.com\/noticias\/?p=24715#breadcrumb\"},\"inLanguage\":\"es\",\"potentialAction\":[{\"@type\":\"ReadAction\",\"target\":[\"https:\/\/colegioarquitectos.com\/noticias\/?p=24715\"]}]},{\"@type\":\"ImageObject\",\"inLanguage\":\"es\",\"@id\":\"https:\/\/colegioarquitectos.com\/noticias\/?p=24715#primaryimage\",\"url\":\"https:\/\/colegioarquitectos.com\/noticias\/wp-content\/uploads\/2020\/03\/ENCABEZADO-FINAL-CASTRO-ABIERTO.png\",\"contentUrl\":\"https:\/\/colegioarquitectos.com\/noticias\/wp-content\/uploads\/2020\/03\/ENCABEZADO-FINAL-CASTRO-ABIERTO.png\",\"width\":690,\"height\":350},{\"@type\":\"BreadcrumbList\",\"@id\":\"https:\/\/colegioarquitectos.com\/noticias\/?p=24715#breadcrumb\",\"itemListElement\":[{\"@type\":\"ListItem\",\"position\":1,\"name\":\"Portada\",\"item\":\"https:\/\/colegioarquitectos.com\/noticias\"},{\"@type\":\"ListItem\",\"position\":2,\"name\":\"Festival Castro Abierto anuncia su segunda versi\u00f3n para el 28 y 29 de marzo\"}]},{\"@type\":\"WebSite\",\"@id\":\"https:\/\/colegioarquitectos.com\/noticias\/#website\",\"url\":\"https:\/\/colegioarquitectos.com\/noticias\/\",\"name\":\"COLEGIO DE ARQUITECTOS DE CHILE\",\"description\":\"\",\"publisher\":{\"@id\":\"https:\/\/colegioarquitectos.com\/noticias\/#organization\"},\"potentialAction\":[{\"@type\":\"SearchAction\",\"target\":{\"@type\":\"EntryPoint\",\"urlTemplate\":\"https:\/\/colegioarquitectos.com\/noticias\/?s={search_term_string}\"},\"query-input\":{\"@type\":\"PropertyValueSpecification\",\"valueRequired\":true,\"valueName\":\"search_term_string\"}}],\"inLanguage\":\"es\"},{\"@type\":\"Organization\",\"@id\":\"https:\/\/colegioarquitectos.com\/noticias\/#organization\",\"name\":\"COLEGIO DE ARQUITECTOS DE CHILE\",\"url\":\"https:\/\/colegioarquitectos.com\/noticias\/\",\"logo\":{\"@type\":\"ImageObject\",\"inLanguage\":\"es\",\"@id\":\"https:\/\/colegioarquitectos.com\/noticias\/#\/schema\/logo\/image\/\",\"url\":\"https:\/\/colegioarquitectos.com\/noticias\/wp-content\/uploads\/2021\/05\/ENCABEZADO-LOGO-CA.jpg\",\"contentUrl\":\"https:\/\/colegioarquitectos.com\/noticias\/wp-content\/uploads\/2021\/05\/ENCABEZADO-LOGO-CA.jpg\",\"width\":690,\"height\":350,\"caption\":\"COLEGIO DE ARQUITECTOS DE CHILE\"},\"image\":{\"@id\":\"https:\/\/colegioarquitectos.com\/noticias\/#\/schema\/logo\/image\/\"},\"sameAs\":[\"https:\/\/facebook.com\/Colegioarq\/\",\"https:\/\/x.com\/colegioarq\",\"https:\/\/instagram.com\/colegioarq\",\"https:\/\/youtube.com\/@ColegiodeArquitectosdeChile\"]},{\"@type\":\"Person\",\"@id\":\"https:\/\/colegioarquitectos.com\/noticias\/#\/schema\/person\/685cc0aad148303c5608f049af8285ad\",\"name\":\"Colegio de Arquitectos de Chile\",\"url\":\"https:\/\/colegioarquitectos.com\/noticias\/?author=4\"}]}<\/script>\n<!-- \/ Yoast SEO plugin. -->","yoast_head_json":{"title":"Festival Castro Abierto anuncia su segunda versi\u00f3n para el 28 y 29 de marzo - COLEGIO DE ARQUITECTOS DE CHILE","robots":{"index":"index","follow":"follow","max-snippet":"max-snippet:-1","max-image-preview":"max-image-preview:large","max-video-preview":"max-video-preview:-1"},"canonical":"https:\/\/colegioarquitectos.com\/noticias\/?p=24715","og_locale":"es_ES","og_type":"article","og_title":"Festival Castro Abierto anuncia su segunda versi\u00f3n para el 28 y 29 de marzo - COLEGIO DE ARQUITECTOS DE CHILE","og_description":"Castro Abierto es un festival de arquitectura, paisaje y patrimonio, que invita a redescubrir el territorio, visitando de manera gratuita diversos espacios de valor arquitect\u00f3nico, medioambiental, urban\u00edstico, social y\/o cultural. Est\u00e1 dirigido a todo p\u00fablico y en su segunda versi\u00f3n &hellip; ver m\u00e1s","og_url":"https:\/\/colegioarquitectos.com\/noticias\/?p=24715","og_site_name":"COLEGIO DE ARQUITECTOS DE CHILE","article_publisher":"https:\/\/facebook.com\/Colegioarq\/","article_published_time":"2020-03-06T18:18:24+00:00","og_image":[{"width":690,"height":350,"url":"https:\/\/colegioarquitectos.com\/noticias\/wp-content\/uploads\/2020\/03\/ENCABEZADO-FINAL-CASTRO-ABIERTO.png","type":"image\/png"}],"author":"Colegio de Arquitectos de Chile","twitter_card":"summary_large_image","twitter_creator":"@colegioarq","twitter_site":"@colegioarq","twitter_misc":{"Escrito por":"Colegio de Arquitectos de Chile","Tiempo de lectura":"3 minutos"},"schema":{"@context":"https:\/\/schema.org","@graph":[{"@type":"Article","@id":"https:\/\/colegioarquitectos.com\/noticias\/?p=24715#article","isPartOf":{"@id":"https:\/\/colegioarquitectos.com\/noticias\/?p=24715"},"author":{"name":"Colegio de Arquitectos de Chile","@id":"https:\/\/colegioarquitectos.com\/noticias\/#\/schema\/person\/685cc0aad148303c5608f049af8285ad"},"headline":"Festival Castro Abierto anuncia su segunda versi\u00f3n para el 28 y 29 de marzo","datePublished":"2020-03-06T18:18:24+00:00","dateModified":"2020-03-06T18:18:24+00:00","mainEntityOfPage":{"@id":"https:\/\/colegioarquitectos.com\/noticias\/?p=24715"},"wordCount":674,"publisher":{"@id":"https:\/\/colegioarquitectos.com\/noticias\/#organization"},"image":{"@id":"https:\/\/colegioarquitectos.com\/noticias\/?p=24715#primaryimage"},"thumbnailUrl":"https:\/\/colegioarquitectos.com\/noticias\/wp-content\/uploads\/2020\/03\/ENCABEZADO-FINAL-CASTRO-ABIERTO.png","articleSection":["Noticias"],"inLanguage":"es"},{"@type":"WebPage","@id":"https:\/\/colegioarquitectos.com\/noticias\/?p=24715","url":"https:\/\/colegioarquitectos.com\/noticias\/?p=24715","name":"Festival Castro Abierto anuncia su segunda versi\u00f3n para el 28 y 29 de marzo - COLEGIO DE ARQUITECTOS DE CHILE","isPartOf":{"@id":"https:\/\/colegioarquitectos.com\/noticias\/#website"},"primaryImageOfPage":{"@id":"https:\/\/colegioarquitectos.com\/noticias\/?p=24715#primaryimage"},"image":{"@id":"https:\/\/colegioarquitectos.com\/noticias\/?p=24715#primaryimage"},"thumbnailUrl":"https:\/\/colegioarquitectos.com\/noticias\/wp-content\/uploads\/2020\/03\/ENCABEZADO-FINAL-CASTRO-ABIERTO.png","datePublished":"2020-03-06T18:18:24+00:00","dateModified":"2020-03-06T18:18:24+00:00","breadcrumb":{"@id":"https:\/\/colegioarquitectos.com\/noticias\/?p=24715#breadcrumb"},"inLanguage":"es","potentialAction":[{"@type":"ReadAction","target":["https:\/\/colegioarquitectos.com\/noticias\/?p=24715"]}]},{"@type":"ImageObject","inLanguage":"es","@id":"https:\/\/colegioarquitectos.com\/noticias\/?p=24715#primaryimage","url":"https:\/\/colegioarquitectos.com\/noticias\/wp-content\/uploads\/2020\/03\/ENCABEZADO-FINAL-CASTRO-ABIERTO.png","contentUrl":"https:\/\/colegioarquitectos.com\/noticias\/wp-content\/uploads\/2020\/03\/ENCABEZADO-FINAL-CASTRO-ABIERTO.png","width":690,"height":350},{"@type":"BreadcrumbList","@id":"https:\/\/colegioarquitectos.com\/noticias\/?p=24715#breadcrumb","itemListElement":[{"@type":"ListItem","position":1,"name":"Portada","item":"https:\/\/colegioarquitectos.com\/noticias"},{"@type":"ListItem","position":2,"name":"Festival Castro Abierto anuncia su segunda versi\u00f3n para el 28 y 29 de marzo"}]},{"@type":"WebSite","@id":"https:\/\/colegioarquitectos.com\/noticias\/#website","url":"https:\/\/colegioarquitectos.com\/noticias\/","name":"COLEGIO DE ARQUITECTOS DE CHILE","description":"","publisher":{"@id":"https:\/\/colegioarquitectos.com\/noticias\/#organization"},"potentialAction":[{"@type":"SearchAction","target":{"@type":"EntryPoint","urlTemplate":"https:\/\/colegioarquitectos.com\/noticias\/?s={search_term_string}"},"query-input":{"@type":"PropertyValueSpecification","valueRequired":true,"valueName":"search_term_string"}}],"inLanguage":"es"},{"@type":"Organization","@id":"https:\/\/colegioarquitectos.com\/noticias\/#organization","name":"COLEGIO DE ARQUITECTOS DE CHILE","url":"https:\/\/colegioarquitectos.com\/noticias\/","logo":{"@type":"ImageObject","inLanguage":"es","@id":"https:\/\/colegioarquitectos.com\/noticias\/#\/schema\/logo\/image\/","url":"https:\/\/colegioarquitectos.com\/noticias\/wp-content\/uploads\/2021\/05\/ENCABEZADO-LOGO-CA.jpg","contentUrl":"https:\/\/colegioarquitectos.com\/noticias\/wp-content\/uploads\/2021\/05\/ENCABEZADO-LOGO-CA.jpg","width":690,"height":350,"caption":"COLEGIO DE ARQUITECTOS DE CHILE"},"image":{"@id":"https:\/\/colegioarquitectos.com\/noticias\/#\/schema\/logo\/image\/"},"sameAs":["https:\/\/facebook.com\/Colegioarq\/","https:\/\/x.com\/colegioarq","https:\/\/instagram.com\/colegioarq","https:\/\/youtube.com\/@ColegiodeArquitectosdeChile"]},{"@type":"Person","@id":"https:\/\/colegioarquitectos.com\/noticias\/#\/schema\/person\/685cc0aad148303c5608f049af8285ad","name":"Colegio de Arquitectos de Chile","url":"https:\/\/colegioarquitectos.com\/noticias\/?author=4"}]}},"_links":{"self":[{"href":"https:\/\/colegioarquitectos.com\/noticias\/index.php?rest_route=\/wp\/v2\/posts\/24715","targetHints":{"allow":["GET"]}}],"collection":[{"href":"https:\/\/colegioarquitectos.com\/noticias\/index.php?rest_route=\/wp\/v2\/posts"}],"about":[{"href":"https:\/\/colegioarquitectos.com\/noticias\/index.php?rest_route=\/wp\/v2\/types\/post"}],"author":[{"embeddable":true,"href":"https:\/\/colegioarquitectos.com\/noticias\/index.php?rest_route=\/wp\/v2\/users\/4"}],"replies":[{"embeddable":true,"href":"https:\/\/colegioarquitectos.com\/noticias\/index.php?rest_route=%2Fwp%2Fv2%2Fcomments&post=24715"}],"version-history":[{"count":0,"href":"https:\/\/colegioarquitectos.com\/noticias\/index.php?rest_route=\/wp\/v2\/posts\/24715\/revisions"}],"wp:featuredmedia":[{"embeddable":true,"href":"https:\/\/colegioarquitectos.com\/noticias\/index.php?rest_route=\/wp\/v2\/media\/24718"}],"wp:attachment":[{"href":"https:\/\/colegioarquitectos.com\/noticias\/index.php?rest_route=%2Fwp%2Fv2%2Fmedia&parent=24715"}],"wp:term":[{"taxonomy":"category","embeddable":true,"href":"https:\/\/colegioarquitectos.com\/noticias\/index.php?rest_route=%2Fwp%2Fv2%2Fcategories&post=24715"},{"taxonomy":"post_tag","embeddable":true,"href":"https:\/\/colegioarquitectos.com\/noticias\/index.php?rest_route=%2Fwp%2Fv2%2Ftags&post=24715"}],"curies":[{"name":"wp","href":"https:\/\/api.w.org\/{rel}","templated":true}]}}