
{"id":24721,"date":"2020-03-10T14:57:41","date_gmt":"2020-03-10T14:57:41","guid":{"rendered":"http:\/\/colegioarquitectos.com\/?p=24721"},"modified":"2020-07-21T19:39:28","modified_gmt":"2020-07-21T19:39:28","slug":"ya-puedes-presentar-candidatos-en-los-premios-fpaa-2020","status":"publish","type":"post","link":"https:\/\/colegioarquitectos.com\/noticias\/?p=24721","title":{"rendered":"Se extiende el plazo para presentar candidatos en los Premios FPAA 2020"},"content":{"rendered":"<p>La <strong>Federaci\u00f3n Panamericana de Asociaciones de Arquitectos (FPAA)<\/strong>, ha iniciado la convocatoria a presentar candidaturas de los <strong>Premios FPAA 2020<\/strong>, en las siguientes categor\u00edas:<\/p>\n<p>&nbsp;<\/p>\n<h3>Medalla de oro<\/h3>\n<p>Es el m\u00e1s alto honor que otorga la FPAA a cualquier persona de manera individual, no necesariamente arquitecto, en reconocimiento a un servicio distinguido a la profesi\u00f3n de arquitectura o a la Federaci\u00f3n, por el conjunto de su obra, en la labor gremial, la docencia, la investigaci\u00f3n especializada, a escritores, periodistas especializados o personalidad de la sociedad. La Medalla de Oro se otorgar\u00e1 por \u00fanica vez a una persona.<\/p>\n<p>&nbsp;<\/p>\n<h3>Premio Arquitecto de las Am\u00e9ricas<\/h3>\n<p>Se otorga entre los arquitectos contempor\u00e1neos en actividad, del continente americano, cuyas obras sean ejemplo de excelente arquitectura y fiel exponente de la \u00e9poca en que se adjudica el premio. Ser\u00e1 \u00fanico cada vez que se entrega y se destinar\u00e1 a premiar la calidad del dise\u00f1o efectuado puesto de manifiesto en su obra realizada, en un lapso no mayor de 10 a\u00f1os inmediatamente anterior a la fecha de adjudicaci\u00f3n del premio. El premio podr\u00e1 ser otorgado de manera individual o colectiva a arquitectos que trabajen de manera asociada o en una firma mancomunada. El premio no podr\u00e1 ser otorgado de manera compartida a arquitectos que no colaboren conjuntamente.<\/p>\n<p>&nbsp;<\/p>\n<h3>Premio Arquitecto en la Actividad Privada (PROMOTOR &#8211; EMPRESARIO &#8211; DESARROLLADOR \u2013 CONSTRUCTOR)<\/h3>\n<p>Se otorga entre los arquitectos contempor\u00e1neos en actividad del continente americano, cuyas actividades est\u00e9n orientadas a la promoci\u00f3n, desarrollo o construcci\u00f3n de obras de arquitectura y urbanismo, habiendo logrado resultados de excelencia en beneficio de la profesi\u00f3n, de la sociedad y del bienestar de los usuarios de las obras. El premio se otorga de manera \u00fanica e individual a una persona.<\/p>\n<p>&nbsp;<\/p>\n<h3>Premio Arquitecto en la Funci\u00f3n P\u00fablica<\/h3>\n<p>Se otorga aquel arquitecto que individualmente se haya destacado en la funci\u00f3n profesional como parte de la administraci\u00f3n p\u00fablica, sea por su acci\u00f3n como funcionario p\u00fablico, en la producci\u00f3n o gesti\u00f3n de la arquitectura o del urbanismo, en beneficio de la profesi\u00f3n o de la sociedad en general, de los derechos humanos, todo bajo un v\u00ednculo de empleo con los poderes p\u00fablicos en cualquier nivel. La funci\u00f3n del candidato debe haber sido prestada durante un lapso no mayor de 10 a\u00f1os inmediatamente anterior a la fecha de adjudicaci\u00f3n del premio.<\/p>\n<p>&nbsp;<\/p>\n<h3>Premio en la Docencia<\/h3>\n<p>Ser\u00e1 otorgado en forma individual o colectivamente a personas no necesariamente arquitectos o instituciones que se hayan destacado en la docencia, ya sea por su acci\u00f3n de dictar c\u00e1tedra, a favor de ella, por su acci\u00f3n pedag\u00f3gica, en la edici\u00f3n de documentos vinculados con la educaci\u00f3n ya sea de manera directa o en la gesti\u00f3n de la formaci\u00f3n del arquitecto.<\/p>\n<p>&nbsp;<\/p>\n<h3>Premio en la Investigaci\u00f3n y Teor\u00eda<\/h3>\n<p>Ser\u00e1 otorgado forma individual o colectivamente a personas no necesariamente arquitectos o instituciones que se hayan destacado en estas actividades del \u00e1rea profesional contribuyendo en el avance y mejor comprensi\u00f3n de la arquitectura y del urbanismo.<\/p>\n<p>&nbsp;<\/p>\n<h3>Premio en la Difusi\u00f3n de la Arquitectura y Urbanismo<\/h3>\n<p>Ser\u00e1 otorgado en forma individual o colectivamente a personas no necesariamente arquitectos o instituciones que se hayan destacado en la divulgaci\u00f3n, difusi\u00f3n o edici\u00f3n de documentos, libros, revistas, filmes, videos, multimedia, o cualquiera similar, que de manera significativa contribuya al conocimiento de la arquitectura y del urbanismo<\/p>\n<h3><\/h3>\n<h3>Premio \u00abRafael Norma\u00bb, en la Actividad Gremial<\/h3>\n<p>Se otorga a aquel arquitecto que individualmente se haya destacado por su labor gremial internacional en beneficio de la profesi\u00f3n, de las secciones nacionales, colegios, sociedades, o de cualquier grupo profesional gremial relacionado con la arquitectura y el urbanismo, destacando en aquellas acciones como la promoci\u00f3n, la divulgaci\u00f3n, la defensa, el intercambio profesional entre los pa\u00edses del continente americano o m\u00e1s all\u00e1 de estas fronteras.<\/p>\n<p>&nbsp;<\/p>\n<h3>Premio \u00abH\u00e1bitat Popular\u00bb<\/h3>\n<p>Sera otorgado en forma individual o colectivamente a personas, no necesariamente arquitectos o instituciones, que se hayan destacado en la actividad del desarrollo y promoci\u00f3n del h\u00e1bitat popular y que de manera significativa haya contribuido a mejorar la calidad de vida de los habitantes de los conjuntos y viviendas populares.<\/p>\n<h3>Premio \u00abFin de carrera\u00bb, Gabriel Serrano Camargo (reservado a estudiantes)<\/h3>\n<p>&nbsp;<\/p>\n<p>Los premios que otorga la Federaci\u00f3n Panamericana de Asociaciones de Arquitectos son las distinciones en cada una de las categor\u00edas indicadas, y se entregan a personalidades del continente americano.<\/p>\n<p>La primera edici\u00f3n de los premios FPAA se realiz\u00f3 al finalizar el per\u00edodo <strong>1984-1988<\/strong> durante la Presidencia del Arq. Juan Torres Higueras (PERU), habiendo sido aprobado el reglamento general por unanimidad de la Asamblea General y del Comit\u00e9 Ejecutivo, y en el cual \u00fanicamente comprend\u00eda la<strong> Medalla de Oro<\/strong> y el <strong>Arquitecto de las Am\u00e9ricas<\/strong>.<\/p>\n<p>Para la edici\u00f3n 2020 de los Premios FPAA, el Presidente propondr\u00e1 la designaci\u00f3n de un Presidente Ejecutivo del Jurado, el que ser\u00e1 considerado por el Comit\u00e9 Ejecutivo en marzo 2020 en Montevideo Uruguay.<\/p>\n<p><strong>La fecha de cierre de la presente convocatoria para la presentaci\u00f3n de candidaturas ser\u00e1 el viernes 7 de agosto de 2020, hasta las 23:59 horas.<\/strong><\/p>\n<p>Los Jurados de los Premios FPAA 2020 se reunir\u00e1n de manera presencial y virtual, para resolver temas pertinentes las adjudicaciones, <strong>entre el 28 de agosto y el 28 de octubre<\/strong> del 2020. El resultado de la calificaci\u00f3n ser\u00e1 notificado por el Secretario General y Secretario Ejecutivo a todas las secciones nacionales entre <strong>el 29 de octubre\u00a0y el 1 de noviembre de 2020<\/strong>.<\/p>\n<p>La documentaci\u00f3n digital deber\u00e1 ser enviada a las direcciones del Coordinador de los Premios FPAA 2020: Secretario Ejecutivo, <strong>Edwin Gonz\u00e1lez Hern\u00e1ndez<\/strong>: <a href=\"mailto:sec.ejecutivafpaa@cfia.or.cr\">sec.ejecutivafpaa@cfia.or.cr<\/a>; con copia a la Secretar\u00eda General de FPAA <strong>Juan Articardi<\/strong>: <a href=\"mailto:juan.articardi@gmail.com\">juan.articardi@gmail.com<\/a>.<\/p>\n<p>La eventual documentaci\u00f3n material, deber\u00e1 ser enviada a la <strong>Sede de la Sociedad de Arquitectos del Uruguay (SAU)<\/strong> en calle Gonzalo Ram\u00edrez 2030, Montevideo, CP 11200, para su consideraci\u00f3n por el Jurado.<\/p>\n<p>Puedes descargar el Reglamento de los\u00a0<strong>Premios FPAA 2020 <a href=\"http:\/\/colegioarquitectos.com\/noticias\/wp-content\/uploads\/2020\/07\/CONVOCATORIA-PREMIOS-FPAA-2020-JUL2020.pdf\">ac\u00e1<\/a>.<\/strong><\/p>\n<p><\/p>","protected":false},"excerpt":{"rendered":"<p>La Federaci\u00f3n Panamericana de Asociaciones de Arquitectos (FPAA), ha iniciado la convocatoria a presentar candidaturas de los Premios FPAA 2020, en las siguientes categor\u00edas: &nbsp; Medalla de oro Es el m\u00e1s alto honor que otorga la FPAA a cualquier persona &hellip; <a class=\"more-link\" href=\"https:\/\/colegioarquitectos.com\/noticias\/?p=24721\">ver m\u00e1s<\/a><\/p>","protected":false},"author":4,"featured_media":24722,"comment_status":"closed","ping_status":"closed","sticky":false,"template":"","format":"standard","meta":{"footnotes":""},"categories":[11],"tags":[],"class_list":["post-24721","post","type-post","status-publish","format-standard","has-post-thumbnail","hentry","category-concursos"],"yoast_head":"<!-- This site is optimized with the Yoast SEO plugin v24.2 - https:\/\/yoast.com\/wordpress\/plugins\/seo\/ -->\n<title>Se extiende el plazo para presentar candidatos en los Premios FPAA 2020 - COLEGIO DE ARQUITECTOS DE CHILE<\/title>\n<meta name=\"robots\" content=\"index, follow, max-snippet:-1, max-image-preview:large, max-video-preview:-1\" \/>\n<link rel=\"canonical\" href=\"https:\/\/colegioarquitectos.com\/noticias\/?p=24721\" \/>\n<meta property=\"og:locale\" content=\"es_ES\" \/>\n<meta property=\"og:type\" content=\"article\" \/>\n<meta property=\"og:title\" content=\"Se extiende el plazo para presentar candidatos en los Premios FPAA 2020 - COLEGIO DE ARQUITECTOS DE CHILE\" \/>\n<meta property=\"og:description\" content=\"La Federaci\u00f3n Panamericana de Asociaciones de Arquitectos (FPAA), ha iniciado la convocatoria a presentar candidaturas de los Premios FPAA 2020, en las siguientes categor\u00edas: &nbsp; Medalla de oro Es el m\u00e1s alto honor que otorga la FPAA a cualquier persona &hellip; ver m\u00e1s\" \/>\n<meta property=\"og:url\" content=\"https:\/\/colegioarquitectos.com\/noticias\/?p=24721\" \/>\n<meta property=\"og:site_name\" content=\"COLEGIO DE ARQUITECTOS DE CHILE\" \/>\n<meta property=\"article:publisher\" content=\"https:\/\/facebook.com\/Colegioarq\/\" \/>\n<meta property=\"article:published_time\" content=\"2020-03-10T14:57:41+00:00\" \/>\n<meta property=\"article:modified_time\" content=\"2020-07-21T19:39:28+00:00\" \/>\n<meta property=\"og:image\" content=\"https:\/\/colegioarquitectos.com\/noticias\/wp-content\/uploads\/2020\/03\/WhatsApp-Image-2020-02-03-at-08.20.15.jpeg\" \/>\n\t<meta property=\"og:image:width\" content=\"690\" \/>\n\t<meta property=\"og:image:height\" content=\"350\" \/>\n\t<meta property=\"og:image:type\" content=\"image\/jpeg\" \/>\n<meta name=\"author\" content=\"Colegio de Arquitectos de Chile\" \/>\n<meta name=\"twitter:card\" content=\"summary_large_image\" \/>\n<meta name=\"twitter:creator\" content=\"@colegioarq\" \/>\n<meta name=\"twitter:site\" content=\"@colegioarq\" \/>\n<meta name=\"twitter:label1\" content=\"Escrito por\" \/>\n\t<meta name=\"twitter:data1\" content=\"Colegio de Arquitectos de Chile\" \/>\n\t<meta name=\"twitter:label2\" content=\"Tiempo de lectura\" \/>\n\t<meta name=\"twitter:data2\" content=\"5 minutos\" \/>\n<script type=\"application\/ld+json\" class=\"yoast-schema-graph\">{\"@context\":\"https:\/\/schema.org\",\"@graph\":[{\"@type\":\"Article\",\"@id\":\"https:\/\/colegioarquitectos.com\/noticias\/?p=24721#article\",\"isPartOf\":{\"@id\":\"https:\/\/colegioarquitectos.com\/noticias\/?p=24721\"},\"author\":{\"name\":\"Colegio de Arquitectos de Chile\",\"@id\":\"https:\/\/colegioarquitectos.com\/noticias\/#\/schema\/person\/685cc0aad148303c5608f049af8285ad\"},\"headline\":\"Se extiende el plazo para presentar candidatos en los Premios FPAA 2020\",\"datePublished\":\"2020-03-10T14:57:41+00:00\",\"dateModified\":\"2020-07-21T19:39:28+00:00\",\"mainEntityOfPage\":{\"@id\":\"https:\/\/colegioarquitectos.com\/noticias\/?p=24721\"},\"wordCount\":1035,\"publisher\":{\"@id\":\"https:\/\/colegioarquitectos.com\/noticias\/#organization\"},\"image\":{\"@id\":\"https:\/\/colegioarquitectos.com\/noticias\/?p=24721#primaryimage\"},\"thumbnailUrl\":\"https:\/\/colegioarquitectos.com\/noticias\/wp-content\/uploads\/2020\/03\/WhatsApp-Image-2020-02-03-at-08.20.15.jpeg\",\"articleSection\":[\"Concursos\"],\"inLanguage\":\"es\"},{\"@type\":\"WebPage\",\"@id\":\"https:\/\/colegioarquitectos.com\/noticias\/?p=24721\",\"url\":\"https:\/\/colegioarquitectos.com\/noticias\/?p=24721\",\"name\":\"Se extiende el plazo para presentar candidatos en los Premios FPAA 2020 - COLEGIO DE ARQUITECTOS DE CHILE\",\"isPartOf\":{\"@id\":\"https:\/\/colegioarquitectos.com\/noticias\/#website\"},\"primaryImageOfPage\":{\"@id\":\"https:\/\/colegioarquitectos.com\/noticias\/?p=24721#primaryimage\"},\"image\":{\"@id\":\"https:\/\/colegioarquitectos.com\/noticias\/?p=24721#primaryimage\"},\"thumbnailUrl\":\"https:\/\/colegioarquitectos.com\/noticias\/wp-content\/uploads\/2020\/03\/WhatsApp-Image-2020-02-03-at-08.20.15.jpeg\",\"datePublished\":\"2020-03-10T14:57:41+00:00\",\"dateModified\":\"2020-07-21T19:39:28+00:00\",\"breadcrumb\":{\"@id\":\"https:\/\/colegioarquitectos.com\/noticias\/?p=24721#breadcrumb\"},\"inLanguage\":\"es\",\"potentialAction\":[{\"@type\":\"ReadAction\",\"target\":[\"https:\/\/colegioarquitectos.com\/noticias\/?p=24721\"]}]},{\"@type\":\"ImageObject\",\"inLanguage\":\"es\",\"@id\":\"https:\/\/colegioarquitectos.com\/noticias\/?p=24721#primaryimage\",\"url\":\"https:\/\/colegioarquitectos.com\/noticias\/wp-content\/uploads\/2020\/03\/WhatsApp-Image-2020-02-03-at-08.20.15.jpeg\",\"contentUrl\":\"https:\/\/colegioarquitectos.com\/noticias\/wp-content\/uploads\/2020\/03\/WhatsApp-Image-2020-02-03-at-08.20.15.jpeg\",\"width\":690,\"height\":350},{\"@type\":\"BreadcrumbList\",\"@id\":\"https:\/\/colegioarquitectos.com\/noticias\/?p=24721#breadcrumb\",\"itemListElement\":[{\"@type\":\"ListItem\",\"position\":1,\"name\":\"Portada\",\"item\":\"https:\/\/colegioarquitectos.com\/noticias\"},{\"@type\":\"ListItem\",\"position\":2,\"name\":\"Se extiende el plazo para presentar candidatos en los Premios FPAA 2020\"}]},{\"@type\":\"WebSite\",\"@id\":\"https:\/\/colegioarquitectos.com\/noticias\/#website\",\"url\":\"https:\/\/colegioarquitectos.com\/noticias\/\",\"name\":\"COLEGIO DE ARQUITECTOS DE CHILE\",\"description\":\"\",\"publisher\":{\"@id\":\"https:\/\/colegioarquitectos.com\/noticias\/#organization\"},\"potentialAction\":[{\"@type\":\"SearchAction\",\"target\":{\"@type\":\"EntryPoint\",\"urlTemplate\":\"https:\/\/colegioarquitectos.com\/noticias\/?s={search_term_string}\"},\"query-input\":{\"@type\":\"PropertyValueSpecification\",\"valueRequired\":true,\"valueName\":\"search_term_string\"}}],\"inLanguage\":\"es\"},{\"@type\":\"Organization\",\"@id\":\"https:\/\/colegioarquitectos.com\/noticias\/#organization\",\"name\":\"COLEGIO DE ARQUITECTOS DE CHILE\",\"url\":\"https:\/\/colegioarquitectos.com\/noticias\/\",\"logo\":{\"@type\":\"ImageObject\",\"inLanguage\":\"es\",\"@id\":\"https:\/\/colegioarquitectos.com\/noticias\/#\/schema\/logo\/image\/\",\"url\":\"https:\/\/colegioarquitectos.com\/noticias\/wp-content\/uploads\/2021\/05\/ENCABEZADO-LOGO-CA.jpg\",\"contentUrl\":\"https:\/\/colegioarquitectos.com\/noticias\/wp-content\/uploads\/2021\/05\/ENCABEZADO-LOGO-CA.jpg\",\"width\":690,\"height\":350,\"caption\":\"COLEGIO DE ARQUITECTOS DE CHILE\"},\"image\":{\"@id\":\"https:\/\/colegioarquitectos.com\/noticias\/#\/schema\/logo\/image\/\"},\"sameAs\":[\"https:\/\/facebook.com\/Colegioarq\/\",\"https:\/\/x.com\/colegioarq\",\"https:\/\/instagram.com\/colegioarq\",\"https:\/\/youtube.com\/@ColegiodeArquitectosdeChile\"]},{\"@type\":\"Person\",\"@id\":\"https:\/\/colegioarquitectos.com\/noticias\/#\/schema\/person\/685cc0aad148303c5608f049af8285ad\",\"name\":\"Colegio de Arquitectos de Chile\",\"url\":\"https:\/\/colegioarquitectos.com\/noticias\/?author=4\"}]}<\/script>\n<!-- \/ Yoast SEO plugin. -->","yoast_head_json":{"title":"Se extiende el plazo para presentar candidatos en los Premios FPAA 2020 - COLEGIO DE ARQUITECTOS DE CHILE","robots":{"index":"index","follow":"follow","max-snippet":"max-snippet:-1","max-image-preview":"max-image-preview:large","max-video-preview":"max-video-preview:-1"},"canonical":"https:\/\/colegioarquitectos.com\/noticias\/?p=24721","og_locale":"es_ES","og_type":"article","og_title":"Se extiende el plazo para presentar candidatos en los Premios FPAA 2020 - COLEGIO DE ARQUITECTOS DE CHILE","og_description":"La Federaci\u00f3n Panamericana de Asociaciones de Arquitectos (FPAA), ha iniciado la convocatoria a presentar candidaturas de los Premios FPAA 2020, en las siguientes categor\u00edas: &nbsp; Medalla de oro Es el m\u00e1s alto honor que otorga la FPAA a cualquier persona &hellip; ver m\u00e1s","og_url":"https:\/\/colegioarquitectos.com\/noticias\/?p=24721","og_site_name":"COLEGIO DE ARQUITECTOS DE CHILE","article_publisher":"https:\/\/facebook.com\/Colegioarq\/","article_published_time":"2020-03-10T14:57:41+00:00","article_modified_time":"2020-07-21T19:39:28+00:00","og_image":[{"width":690,"height":350,"url":"https:\/\/colegioarquitectos.com\/noticias\/wp-content\/uploads\/2020\/03\/WhatsApp-Image-2020-02-03-at-08.20.15.jpeg","type":"image\/jpeg"}],"author":"Colegio de Arquitectos de Chile","twitter_card":"summary_large_image","twitter_creator":"@colegioarq","twitter_site":"@colegioarq","twitter_misc":{"Escrito por":"Colegio de Arquitectos de Chile","Tiempo de lectura":"5 minutos"},"schema":{"@context":"https:\/\/schema.org","@graph":[{"@type":"Article","@id":"https:\/\/colegioarquitectos.com\/noticias\/?p=24721#article","isPartOf":{"@id":"https:\/\/colegioarquitectos.com\/noticias\/?p=24721"},"author":{"name":"Colegio de Arquitectos de Chile","@id":"https:\/\/colegioarquitectos.com\/noticias\/#\/schema\/person\/685cc0aad148303c5608f049af8285ad"},"headline":"Se extiende el plazo para presentar candidatos en los Premios FPAA 2020","datePublished":"2020-03-10T14:57:41+00:00","dateModified":"2020-07-21T19:39:28+00:00","mainEntityOfPage":{"@id":"https:\/\/colegioarquitectos.com\/noticias\/?p=24721"},"wordCount":1035,"publisher":{"@id":"https:\/\/colegioarquitectos.com\/noticias\/#organization"},"image":{"@id":"https:\/\/colegioarquitectos.com\/noticias\/?p=24721#primaryimage"},"thumbnailUrl":"https:\/\/colegioarquitectos.com\/noticias\/wp-content\/uploads\/2020\/03\/WhatsApp-Image-2020-02-03-at-08.20.15.jpeg","articleSection":["Concursos"],"inLanguage":"es"},{"@type":"WebPage","@id":"https:\/\/colegioarquitectos.com\/noticias\/?p=24721","url":"https:\/\/colegioarquitectos.com\/noticias\/?p=24721","name":"Se extiende el plazo para presentar candidatos en los Premios FPAA 2020 - COLEGIO DE ARQUITECTOS DE CHILE","isPartOf":{"@id":"https:\/\/colegioarquitectos.com\/noticias\/#website"},"primaryImageOfPage":{"@id":"https:\/\/colegioarquitectos.com\/noticias\/?p=24721#primaryimage"},"image":{"@id":"https:\/\/colegioarquitectos.com\/noticias\/?p=24721#primaryimage"},"thumbnailUrl":"https:\/\/colegioarquitectos.com\/noticias\/wp-content\/uploads\/2020\/03\/WhatsApp-Image-2020-02-03-at-08.20.15.jpeg","datePublished":"2020-03-10T14:57:41+00:00","dateModified":"2020-07-21T19:39:28+00:00","breadcrumb":{"@id":"https:\/\/colegioarquitectos.com\/noticias\/?p=24721#breadcrumb"},"inLanguage":"es","potentialAction":[{"@type":"ReadAction","target":["https:\/\/colegioarquitectos.com\/noticias\/?p=24721"]}]},{"@type":"ImageObject","inLanguage":"es","@id":"https:\/\/colegioarquitectos.com\/noticias\/?p=24721#primaryimage","url":"https:\/\/colegioarquitectos.com\/noticias\/wp-content\/uploads\/2020\/03\/WhatsApp-Image-2020-02-03-at-08.20.15.jpeg","contentUrl":"https:\/\/colegioarquitectos.com\/noticias\/wp-content\/uploads\/2020\/03\/WhatsApp-Image-2020-02-03-at-08.20.15.jpeg","width":690,"height":350},{"@type":"BreadcrumbList","@id":"https:\/\/colegioarquitectos.com\/noticias\/?p=24721#breadcrumb","itemListElement":[{"@type":"ListItem","position":1,"name":"Portada","item":"https:\/\/colegioarquitectos.com\/noticias"},{"@type":"ListItem","position":2,"name":"Se extiende el plazo para presentar candidatos en los Premios FPAA 2020"}]},{"@type":"WebSite","@id":"https:\/\/colegioarquitectos.com\/noticias\/#website","url":"https:\/\/colegioarquitectos.com\/noticias\/","name":"COLEGIO DE ARQUITECTOS DE CHILE","description":"","publisher":{"@id":"https:\/\/colegioarquitectos.com\/noticias\/#organization"},"potentialAction":[{"@type":"SearchAction","target":{"@type":"EntryPoint","urlTemplate":"https:\/\/colegioarquitectos.com\/noticias\/?s={search_term_string}"},"query-input":{"@type":"PropertyValueSpecification","valueRequired":true,"valueName":"search_term_string"}}],"inLanguage":"es"},{"@type":"Organization","@id":"https:\/\/colegioarquitectos.com\/noticias\/#organization","name":"COLEGIO DE ARQUITECTOS DE CHILE","url":"https:\/\/colegioarquitectos.com\/noticias\/","logo":{"@type":"ImageObject","inLanguage":"es","@id":"https:\/\/colegioarquitectos.com\/noticias\/#\/schema\/logo\/image\/","url":"https:\/\/colegioarquitectos.com\/noticias\/wp-content\/uploads\/2021\/05\/ENCABEZADO-LOGO-CA.jpg","contentUrl":"https:\/\/colegioarquitectos.com\/noticias\/wp-content\/uploads\/2021\/05\/ENCABEZADO-LOGO-CA.jpg","width":690,"height":350,"caption":"COLEGIO DE ARQUITECTOS DE CHILE"},"image":{"@id":"https:\/\/colegioarquitectos.com\/noticias\/#\/schema\/logo\/image\/"},"sameAs":["https:\/\/facebook.com\/Colegioarq\/","https:\/\/x.com\/colegioarq","https:\/\/instagram.com\/colegioarq","https:\/\/youtube.com\/@ColegiodeArquitectosdeChile"]},{"@type":"Person","@id":"https:\/\/colegioarquitectos.com\/noticias\/#\/schema\/person\/685cc0aad148303c5608f049af8285ad","name":"Colegio de Arquitectos de Chile","url":"https:\/\/colegioarquitectos.com\/noticias\/?author=4"}]}},"_links":{"self":[{"href":"https:\/\/colegioarquitectos.com\/noticias\/index.php?rest_route=\/wp\/v2\/posts\/24721","targetHints":{"allow":["GET"]}}],"collection":[{"href":"https:\/\/colegioarquitectos.com\/noticias\/index.php?rest_route=\/wp\/v2\/posts"}],"about":[{"href":"https:\/\/colegioarquitectos.com\/noticias\/index.php?rest_route=\/wp\/v2\/types\/post"}],"author":[{"embeddable":true,"href":"https:\/\/colegioarquitectos.com\/noticias\/index.php?rest_route=\/wp\/v2\/users\/4"}],"replies":[{"embeddable":true,"href":"https:\/\/colegioarquitectos.com\/noticias\/index.php?rest_route=%2Fwp%2Fv2%2Fcomments&post=24721"}],"version-history":[{"count":0,"href":"https:\/\/colegioarquitectos.com\/noticias\/index.php?rest_route=\/wp\/v2\/posts\/24721\/revisions"}],"wp:featuredmedia":[{"embeddable":true,"href":"https:\/\/colegioarquitectos.com\/noticias\/index.php?rest_route=\/wp\/v2\/media\/24722"}],"wp:attachment":[{"href":"https:\/\/colegioarquitectos.com\/noticias\/index.php?rest_route=%2Fwp%2Fv2%2Fmedia&parent=24721"}],"wp:term":[{"taxonomy":"category","embeddable":true,"href":"https:\/\/colegioarquitectos.com\/noticias\/index.php?rest_route=%2Fwp%2Fv2%2Fcategories&post=24721"},{"taxonomy":"post_tag","embeddable":true,"href":"https:\/\/colegioarquitectos.com\/noticias\/index.php?rest_route=%2Fwp%2Fv2%2Ftags&post=24721"}],"curies":[{"name":"wp","href":"https:\/\/api.w.org\/{rel}","templated":true}]}}