
{"id":24772,"date":"2020-03-25T13:11:35","date_gmt":"2020-03-25T13:11:35","guid":{"rendered":"http:\/\/colegioarquitectos.com\/?p=24772"},"modified":"2020-03-25T13:11:35","modified_gmt":"2020-03-25T13:11:35","slug":"carta-del-presidente-humberto-eliash-a-los-colegiados-y-colegiadas","status":"publish","type":"post","link":"https:\/\/colegioarquitectos.com\/noticias\/?p=24772","title":{"rendered":"Carta del Presidente Humberto Eliash a los Colegiados y Colegiadas"},"content":{"rendered":"<p>Estimadas Colegiadas y Colegiados,<\/p>\n<p>Junto con saludarlos y esperando que ustedes y sus familias se encuentren bien en este periodo de crisis sanitaria mundial, me permito dirigirme a todas y todos para darles a conocer algunas acciones previstas para este per\u00edodo de incertidumbre:<\/p>\n<p>&nbsp;<\/p>\n<ul>\n<li>El Directorio Nacional ha debido suspender sus 2 \u00faltimas sesiones por falta de qu\u00f3rum, la primera de ellas presencial y la segunda virtual. Esperamos retomar a la brevedad las reuniones en modalidad virtual y as\u00ed avanzar en los \u00faltimos detalles de nuestra gesti\u00f3n, previo a las elecciones que se avecinan.<\/li>\n<\/ul>\n<p>&nbsp;<\/p>\n<ul>\n<li>Como sabr\u00e1n ya fueron aprobados los nuevos Estatutos 2019 en el Ministerio de Econom\u00eda, Fomento y Turismo. Esto nos permite llamar a Elecciones con este nuevo marco gremial que fue aprobado por unanimidad en nuestra \u00faltima Asamblea Extraordinaria.<\/li>\n<\/ul>\n<p>&nbsp;<\/p>\n<ul>\n<li>Sin perjuicio de lo anterior, como recordar\u00e1n, la \u00faltima Asamblea Extraordinaria aprob\u00f3 extender el mandato de este Directorio hasta el 15 de abril, con el objeto de dar tiempo para la aprobaci\u00f3n de estos Estatutos y las consecuentes elecciones. Se esperaba que esa aprobaci\u00f3n fuera con mayor celeridad, sin embargo, dado la coyuntura del pa\u00eds, los plazos del Ministerio de Econom\u00eda, Fomento y Turismo se extendieron m\u00e1s all\u00e1 de lo estimado. Lo anterior hace imposible llamar a Elecciones antes del plazo citado y as\u00ed mismo, la contingencia hace imposible tambi\u00e9n citar a una Asamblea Extraordinaria que ampl\u00ede esos plazos.<\/li>\n<\/ul>\n<p>&nbsp;<\/p>\n<ul>\n<li>En virtud de lo anterior, es que asumiremos la continuidad del Directorio Nacional hasta que sea posible llamar a Elecciones. En atenci\u00f3n a que esta extensi\u00f3n de mandato no estar\u00eda formalmente aprobada por Asamblea y se trata solamente de una soluci\u00f3n a la contingencia, estimo que nuestra labor temporal debiera ser estrictamente administrativa para dar continuidad al d\u00eda a d\u00eda del Colegio y no resolutiva para otros aspectos m\u00e1s estructurales del CA, situaci\u00f3n que propondr\u00e9 al Directorio Nacional, de manera de no sobrepasar los plazos de nuestras atribuciones por una contingencia mundial.<\/li>\n<\/ul>\n<p>&nbsp;<\/p>\n<p>Agradecemos la confianza puesta hace 2 a\u00f1os en esta directiva, agradecemos tambi\u00e9n mantener su compromiso con la instituci\u00f3n, y esperamos entregar a la brevedad posible a un nuevo Directorio Nacional un Colegio de Arquitectos de Chile saneado y equilibrado econ\u00f3micamente, desplegado en el territorio con 20 Delegaciones Zonales y con una participaci\u00f3n nacional e internacional que nos hace volver al lugar de referentes en nuestro \u00e1mbito.<\/p>\n<p>En el bolet\u00edn que contiene esta carta, informamos de las medidas que estamos tomando para el apoyo a nuestros Colegiados y Colegiadas en estos dif\u00edciles momentos, abordamos la dif\u00edcil situaci\u00f3n del Sistema de Asistencia T\u00e9cnica (SAT) producto de la baja importante de regularizaciones desde octubre en adelante y que se ha acrecentado estos d\u00edas y, por supuesto, las medidas de cuidado de la salud del Equipo Administrativo del CA, quienes desde ya se encuentran trabajando en sus domicilios.<\/p>\n<p>&nbsp;<\/p>\n<p>Atentamente,<\/p>\n<p>&nbsp;<\/p>\n<p><strong>Humberto Eliash<\/strong><\/p>\n<p><strong>ICA 3178<\/strong><\/p>\n<p><strong>Presidente del Colegio de Arquitectos de Chile<\/strong><\/p>\n<p><\/p>","protected":false},"excerpt":{"rendered":"<p>Estimadas Colegiadas y Colegiados, Junto con saludarlos y esperando que ustedes y sus familias se encuentren bien en este periodo de crisis sanitaria mundial, me permito dirigirme a todas y todos para darles a conocer algunas acciones previstas para este &hellip; <a class=\"more-link\" href=\"https:\/\/colegioarquitectos.com\/noticias\/?p=24772\">ver m\u00e1s<\/a><\/p>","protected":false},"author":4,"featured_media":22359,"comment_status":"closed","ping_status":"closed","sticky":false,"template":"","format":"standard","meta":{"footnotes":""},"categories":[8,76],"tags":[],"class_list":["post-24772","post","type-post","status-publish","format-standard","has-post-thumbnail","hentry","category-colegio-de-arquitectos","category-covid-19"],"yoast_head":"<!-- This site is optimized with the Yoast SEO plugin v24.2 - https:\/\/yoast.com\/wordpress\/plugins\/seo\/ -->\n<title>Carta del Presidente Humberto Eliash a los Colegiados y Colegiadas - COLEGIO DE ARQUITECTOS DE CHILE<\/title>\n<meta name=\"robots\" content=\"index, follow, max-snippet:-1, max-image-preview:large, max-video-preview:-1\" \/>\n<link rel=\"canonical\" href=\"https:\/\/colegioarquitectos.com\/noticias\/?p=24772\" \/>\n<meta property=\"og:locale\" content=\"es_ES\" \/>\n<meta property=\"og:type\" content=\"article\" \/>\n<meta property=\"og:title\" content=\"Carta del Presidente Humberto Eliash a los Colegiados y Colegiadas - COLEGIO DE ARQUITECTOS DE CHILE\" \/>\n<meta property=\"og:description\" content=\"Estimadas Colegiadas y Colegiados, Junto con saludarlos y esperando que ustedes y sus familias se encuentren bien en este periodo de crisis sanitaria mundial, me permito dirigirme a todas y todos para darles a conocer algunas acciones previstas para este &hellip; ver m\u00e1s\" \/>\n<meta property=\"og:url\" content=\"https:\/\/colegioarquitectos.com\/noticias\/?p=24772\" \/>\n<meta property=\"og:site_name\" content=\"COLEGIO DE ARQUITECTOS DE CHILE\" \/>\n<meta property=\"article:publisher\" content=\"https:\/\/facebook.com\/Colegioarq\/\" \/>\n<meta property=\"article:published_time\" content=\"2020-03-25T13:11:35+00:00\" \/>\n<meta property=\"og:image\" content=\"https:\/\/colegioarquitectos.com\/noticias\/wp-content\/uploads\/2018\/11\/encabezado-Eliash.jpg\" \/>\n\t<meta property=\"og:image:width\" content=\"690\" \/>\n\t<meta property=\"og:image:height\" content=\"350\" \/>\n\t<meta property=\"og:image:type\" content=\"image\/jpeg\" \/>\n<meta name=\"author\" content=\"Colegio de Arquitectos de Chile\" \/>\n<meta name=\"twitter:card\" content=\"summary_large_image\" \/>\n<meta name=\"twitter:creator\" content=\"@colegioarq\" \/>\n<meta name=\"twitter:site\" content=\"@colegioarq\" \/>\n<meta name=\"twitter:label1\" content=\"Escrito por\" \/>\n\t<meta name=\"twitter:data1\" content=\"Colegio de Arquitectos de Chile\" \/>\n\t<meta name=\"twitter:label2\" content=\"Tiempo de lectura\" \/>\n\t<meta name=\"twitter:data2\" content=\"3 minutos\" \/>\n<script type=\"application\/ld+json\" class=\"yoast-schema-graph\">{\"@context\":\"https:\/\/schema.org\",\"@graph\":[{\"@type\":\"Article\",\"@id\":\"https:\/\/colegioarquitectos.com\/noticias\/?p=24772#article\",\"isPartOf\":{\"@id\":\"https:\/\/colegioarquitectos.com\/noticias\/?p=24772\"},\"author\":{\"name\":\"Colegio de Arquitectos de Chile\",\"@id\":\"https:\/\/colegioarquitectos.com\/noticias\/#\/schema\/person\/685cc0aad148303c5608f049af8285ad\"},\"headline\":\"Carta del Presidente Humberto Eliash a los Colegiados y Colegiadas\",\"datePublished\":\"2020-03-25T13:11:35+00:00\",\"dateModified\":\"2020-03-25T13:11:35+00:00\",\"mainEntityOfPage\":{\"@id\":\"https:\/\/colegioarquitectos.com\/noticias\/?p=24772\"},\"wordCount\":521,\"publisher\":{\"@id\":\"https:\/\/colegioarquitectos.com\/noticias\/#organization\"},\"image\":{\"@id\":\"https:\/\/colegioarquitectos.com\/noticias\/?p=24772#primaryimage\"},\"thumbnailUrl\":\"https:\/\/colegioarquitectos.com\/noticias\/wp-content\/uploads\/2018\/11\/encabezado-Eliash.jpg\",\"articleSection\":[\"Colegio\",\"COVID-19\"],\"inLanguage\":\"es\"},{\"@type\":\"WebPage\",\"@id\":\"https:\/\/colegioarquitectos.com\/noticias\/?p=24772\",\"url\":\"https:\/\/colegioarquitectos.com\/noticias\/?p=24772\",\"name\":\"Carta del Presidente Humberto Eliash a los Colegiados y Colegiadas - COLEGIO DE ARQUITECTOS DE CHILE\",\"isPartOf\":{\"@id\":\"https:\/\/colegioarquitectos.com\/noticias\/#website\"},\"primaryImageOfPage\":{\"@id\":\"https:\/\/colegioarquitectos.com\/noticias\/?p=24772#primaryimage\"},\"image\":{\"@id\":\"https:\/\/colegioarquitectos.com\/noticias\/?p=24772#primaryimage\"},\"thumbnailUrl\":\"https:\/\/colegioarquitectos.com\/noticias\/wp-content\/uploads\/2018\/11\/encabezado-Eliash.jpg\",\"datePublished\":\"2020-03-25T13:11:35+00:00\",\"dateModified\":\"2020-03-25T13:11:35+00:00\",\"breadcrumb\":{\"@id\":\"https:\/\/colegioarquitectos.com\/noticias\/?p=24772#breadcrumb\"},\"inLanguage\":\"es\",\"potentialAction\":[{\"@type\":\"ReadAction\",\"target\":[\"https:\/\/colegioarquitectos.com\/noticias\/?p=24772\"]}]},{\"@type\":\"ImageObject\",\"inLanguage\":\"es\",\"@id\":\"https:\/\/colegioarquitectos.com\/noticias\/?p=24772#primaryimage\",\"url\":\"https:\/\/colegioarquitectos.com\/noticias\/wp-content\/uploads\/2018\/11\/encabezado-Eliash.jpg\",\"contentUrl\":\"https:\/\/colegioarquitectos.com\/noticias\/wp-content\/uploads\/2018\/11\/encabezado-Eliash.jpg\",\"width\":690,\"height\":350},{\"@type\":\"BreadcrumbList\",\"@id\":\"https:\/\/colegioarquitectos.com\/noticias\/?p=24772#breadcrumb\",\"itemListElement\":[{\"@type\":\"ListItem\",\"position\":1,\"name\":\"Portada\",\"item\":\"https:\/\/colegioarquitectos.com\/noticias\"},{\"@type\":\"ListItem\",\"position\":2,\"name\":\"Carta del Presidente Humberto Eliash a los Colegiados y Colegiadas\"}]},{\"@type\":\"WebSite\",\"@id\":\"https:\/\/colegioarquitectos.com\/noticias\/#website\",\"url\":\"https:\/\/colegioarquitectos.com\/noticias\/\",\"name\":\"COLEGIO DE ARQUITECTOS DE CHILE\",\"description\":\"\",\"publisher\":{\"@id\":\"https:\/\/colegioarquitectos.com\/noticias\/#organization\"},\"potentialAction\":[{\"@type\":\"SearchAction\",\"target\":{\"@type\":\"EntryPoint\",\"urlTemplate\":\"https:\/\/colegioarquitectos.com\/noticias\/?s={search_term_string}\"},\"query-input\":{\"@type\":\"PropertyValueSpecification\",\"valueRequired\":true,\"valueName\":\"search_term_string\"}}],\"inLanguage\":\"es\"},{\"@type\":\"Organization\",\"@id\":\"https:\/\/colegioarquitectos.com\/noticias\/#organization\",\"name\":\"COLEGIO DE ARQUITECTOS DE CHILE\",\"url\":\"https:\/\/colegioarquitectos.com\/noticias\/\",\"logo\":{\"@type\":\"ImageObject\",\"inLanguage\":\"es\",\"@id\":\"https:\/\/colegioarquitectos.com\/noticias\/#\/schema\/logo\/image\/\",\"url\":\"https:\/\/colegioarquitectos.com\/noticias\/wp-content\/uploads\/2021\/05\/ENCABEZADO-LOGO-CA.jpg\",\"contentUrl\":\"https:\/\/colegioarquitectos.com\/noticias\/wp-content\/uploads\/2021\/05\/ENCABEZADO-LOGO-CA.jpg\",\"width\":690,\"height\":350,\"caption\":\"COLEGIO DE ARQUITECTOS DE CHILE\"},\"image\":{\"@id\":\"https:\/\/colegioarquitectos.com\/noticias\/#\/schema\/logo\/image\/\"},\"sameAs\":[\"https:\/\/facebook.com\/Colegioarq\/\",\"https:\/\/x.com\/colegioarq\",\"https:\/\/instagram.com\/colegioarq\",\"https:\/\/youtube.com\/@ColegiodeArquitectosdeChile\"]},{\"@type\":\"Person\",\"@id\":\"https:\/\/colegioarquitectos.com\/noticias\/#\/schema\/person\/685cc0aad148303c5608f049af8285ad\",\"name\":\"Colegio de Arquitectos de Chile\",\"url\":\"https:\/\/colegioarquitectos.com\/noticias\/?author=4\"}]}<\/script>\n<!-- \/ Yoast SEO plugin. -->","yoast_head_json":{"title":"Carta del Presidente Humberto Eliash a los Colegiados y Colegiadas - COLEGIO DE ARQUITECTOS DE CHILE","robots":{"index":"index","follow":"follow","max-snippet":"max-snippet:-1","max-image-preview":"max-image-preview:large","max-video-preview":"max-video-preview:-1"},"canonical":"https:\/\/colegioarquitectos.com\/noticias\/?p=24772","og_locale":"es_ES","og_type":"article","og_title":"Carta del Presidente Humberto Eliash a los Colegiados y Colegiadas - COLEGIO DE ARQUITECTOS DE CHILE","og_description":"Estimadas Colegiadas y Colegiados, Junto con saludarlos y esperando que ustedes y sus familias se encuentren bien en este periodo de crisis sanitaria mundial, me permito dirigirme a todas y todos para darles a conocer algunas acciones previstas para este &hellip; ver m\u00e1s","og_url":"https:\/\/colegioarquitectos.com\/noticias\/?p=24772","og_site_name":"COLEGIO DE ARQUITECTOS DE CHILE","article_publisher":"https:\/\/facebook.com\/Colegioarq\/","article_published_time":"2020-03-25T13:11:35+00:00","og_image":[{"width":690,"height":350,"url":"https:\/\/colegioarquitectos.com\/noticias\/wp-content\/uploads\/2018\/11\/encabezado-Eliash.jpg","type":"image\/jpeg"}],"author":"Colegio de Arquitectos de Chile","twitter_card":"summary_large_image","twitter_creator":"@colegioarq","twitter_site":"@colegioarq","twitter_misc":{"Escrito por":"Colegio de Arquitectos de Chile","Tiempo de lectura":"3 minutos"},"schema":{"@context":"https:\/\/schema.org","@graph":[{"@type":"Article","@id":"https:\/\/colegioarquitectos.com\/noticias\/?p=24772#article","isPartOf":{"@id":"https:\/\/colegioarquitectos.com\/noticias\/?p=24772"},"author":{"name":"Colegio de Arquitectos de Chile","@id":"https:\/\/colegioarquitectos.com\/noticias\/#\/schema\/person\/685cc0aad148303c5608f049af8285ad"},"headline":"Carta del Presidente Humberto Eliash a los Colegiados y Colegiadas","datePublished":"2020-03-25T13:11:35+00:00","dateModified":"2020-03-25T13:11:35+00:00","mainEntityOfPage":{"@id":"https:\/\/colegioarquitectos.com\/noticias\/?p=24772"},"wordCount":521,"publisher":{"@id":"https:\/\/colegioarquitectos.com\/noticias\/#organization"},"image":{"@id":"https:\/\/colegioarquitectos.com\/noticias\/?p=24772#primaryimage"},"thumbnailUrl":"https:\/\/colegioarquitectos.com\/noticias\/wp-content\/uploads\/2018\/11\/encabezado-Eliash.jpg","articleSection":["Colegio","COVID-19"],"inLanguage":"es"},{"@type":"WebPage","@id":"https:\/\/colegioarquitectos.com\/noticias\/?p=24772","url":"https:\/\/colegioarquitectos.com\/noticias\/?p=24772","name":"Carta del Presidente Humberto Eliash a los Colegiados y Colegiadas - COLEGIO DE ARQUITECTOS DE CHILE","isPartOf":{"@id":"https:\/\/colegioarquitectos.com\/noticias\/#website"},"primaryImageOfPage":{"@id":"https:\/\/colegioarquitectos.com\/noticias\/?p=24772#primaryimage"},"image":{"@id":"https:\/\/colegioarquitectos.com\/noticias\/?p=24772#primaryimage"},"thumbnailUrl":"https:\/\/colegioarquitectos.com\/noticias\/wp-content\/uploads\/2018\/11\/encabezado-Eliash.jpg","datePublished":"2020-03-25T13:11:35+00:00","dateModified":"2020-03-25T13:11:35+00:00","breadcrumb":{"@id":"https:\/\/colegioarquitectos.com\/noticias\/?p=24772#breadcrumb"},"inLanguage":"es","potentialAction":[{"@type":"ReadAction","target":["https:\/\/colegioarquitectos.com\/noticias\/?p=24772"]}]},{"@type":"ImageObject","inLanguage":"es","@id":"https:\/\/colegioarquitectos.com\/noticias\/?p=24772#primaryimage","url":"https:\/\/colegioarquitectos.com\/noticias\/wp-content\/uploads\/2018\/11\/encabezado-Eliash.jpg","contentUrl":"https:\/\/colegioarquitectos.com\/noticias\/wp-content\/uploads\/2018\/11\/encabezado-Eliash.jpg","width":690,"height":350},{"@type":"BreadcrumbList","@id":"https:\/\/colegioarquitectos.com\/noticias\/?p=24772#breadcrumb","itemListElement":[{"@type":"ListItem","position":1,"name":"Portada","item":"https:\/\/colegioarquitectos.com\/noticias"},{"@type":"ListItem","position":2,"name":"Carta del Presidente Humberto Eliash a los Colegiados y Colegiadas"}]},{"@type":"WebSite","@id":"https:\/\/colegioarquitectos.com\/noticias\/#website","url":"https:\/\/colegioarquitectos.com\/noticias\/","name":"COLEGIO DE ARQUITECTOS DE CHILE","description":"","publisher":{"@id":"https:\/\/colegioarquitectos.com\/noticias\/#organization"},"potentialAction":[{"@type":"SearchAction","target":{"@type":"EntryPoint","urlTemplate":"https:\/\/colegioarquitectos.com\/noticias\/?s={search_term_string}"},"query-input":{"@type":"PropertyValueSpecification","valueRequired":true,"valueName":"search_term_string"}}],"inLanguage":"es"},{"@type":"Organization","@id":"https:\/\/colegioarquitectos.com\/noticias\/#organization","name":"COLEGIO DE ARQUITECTOS DE CHILE","url":"https:\/\/colegioarquitectos.com\/noticias\/","logo":{"@type":"ImageObject","inLanguage":"es","@id":"https:\/\/colegioarquitectos.com\/noticias\/#\/schema\/logo\/image\/","url":"https:\/\/colegioarquitectos.com\/noticias\/wp-content\/uploads\/2021\/05\/ENCABEZADO-LOGO-CA.jpg","contentUrl":"https:\/\/colegioarquitectos.com\/noticias\/wp-content\/uploads\/2021\/05\/ENCABEZADO-LOGO-CA.jpg","width":690,"height":350,"caption":"COLEGIO DE ARQUITECTOS DE CHILE"},"image":{"@id":"https:\/\/colegioarquitectos.com\/noticias\/#\/schema\/logo\/image\/"},"sameAs":["https:\/\/facebook.com\/Colegioarq\/","https:\/\/x.com\/colegioarq","https:\/\/instagram.com\/colegioarq","https:\/\/youtube.com\/@ColegiodeArquitectosdeChile"]},{"@type":"Person","@id":"https:\/\/colegioarquitectos.com\/noticias\/#\/schema\/person\/685cc0aad148303c5608f049af8285ad","name":"Colegio de Arquitectos de Chile","url":"https:\/\/colegioarquitectos.com\/noticias\/?author=4"}]}},"_links":{"self":[{"href":"https:\/\/colegioarquitectos.com\/noticias\/index.php?rest_route=\/wp\/v2\/posts\/24772","targetHints":{"allow":["GET"]}}],"collection":[{"href":"https:\/\/colegioarquitectos.com\/noticias\/index.php?rest_route=\/wp\/v2\/posts"}],"about":[{"href":"https:\/\/colegioarquitectos.com\/noticias\/index.php?rest_route=\/wp\/v2\/types\/post"}],"author":[{"embeddable":true,"href":"https:\/\/colegioarquitectos.com\/noticias\/index.php?rest_route=\/wp\/v2\/users\/4"}],"replies":[{"embeddable":true,"href":"https:\/\/colegioarquitectos.com\/noticias\/index.php?rest_route=%2Fwp%2Fv2%2Fcomments&post=24772"}],"version-history":[{"count":0,"href":"https:\/\/colegioarquitectos.com\/noticias\/index.php?rest_route=\/wp\/v2\/posts\/24772\/revisions"}],"wp:featuredmedia":[{"embeddable":true,"href":"https:\/\/colegioarquitectos.com\/noticias\/index.php?rest_route=\/wp\/v2\/media\/22359"}],"wp:attachment":[{"href":"https:\/\/colegioarquitectos.com\/noticias\/index.php?rest_route=%2Fwp%2Fv2%2Fmedia&parent=24772"}],"wp:term":[{"taxonomy":"category","embeddable":true,"href":"https:\/\/colegioarquitectos.com\/noticias\/index.php?rest_route=%2Fwp%2Fv2%2Fcategories&post=24772"},{"taxonomy":"post_tag","embeddable":true,"href":"https:\/\/colegioarquitectos.com\/noticias\/index.php?rest_route=%2Fwp%2Fv2%2Ftags&post=24772"}],"curies":[{"name":"wp","href":"https:\/\/api.w.org\/{rel}","templated":true}]}}