
{"id":24875,"date":"2020-04-06T18:28:52","date_gmt":"2020-04-06T18:28:52","guid":{"rendered":"http:\/\/colegioarquitectos.com\/?p=24875"},"modified":"2020-04-06T18:34:45","modified_gmt":"2020-04-06T18:34:45","slug":"edward-rojas-y-el-taller-de-arquitectura-puertazul-despide-a-fernando-labra","status":"publish","type":"post","link":"https:\/\/colegioarquitectos.com\/noticias\/?p=24875","title":{"rendered":"Edward Rojas y el Taller de Arquitectura Puertazul despiden a Fernando Labra"},"content":{"rendered":"<p>A prop\u00f3sito del reciente fallecimiento a causa del <strong>COVID-19<\/strong> en la ciudad de Rosario, Argentina, del soci\u00f3logo, diplom\u00e1tico y ex miembro del <strong>Taller de Arquitectura Puertazul<\/strong>, <strong>Fernando Labra<\/strong>, sus integrantes nos han hecho llegar el siguiente texto homenaje:<\/p>\n<p>&nbsp;<\/p>\n<h2 style=\"text-align: left;\"><strong>Y los Palafitos de Castro fueron culpables&#8230;<\/strong><\/h2>\n<p>Con Edward nos hab\u00edamos metido en un problema que claramente superaba nuestras fuerzas. Nos faltaban instrumentos para poder afrontar un tema que nunca hubi\u00e9semos imaginado, pero que ciertamente habitaba en nuestras cuerdas sensibles: los palafitos de Castro iban a ser demolidos por un alcalde designado en Santiago durante la dictadura de Pinochet. Hab\u00eda que defenderlos y evitar su demolici\u00f3n.<\/p>\n<p>Dos j\u00f3venes arquitectos reci\u00e9n recibidos, trasladados a vivir en Chilo\u00e9 no cont\u00e1bamos con las fuerzas necesarias para afrontar la potencia del aparato p\u00fablico y de la dictadura m\u00e1s encima.<\/p>\n<p>Sin embargo, durante los a\u00f1os \u201960 y \u201970 en la Universidad hab\u00edamos aprendido de la potencia del di\u00e1logo con diversas disciplinas para afrontar cuestiones arquitect\u00f3nicas, urbanas, sociales, culturales. A nuestro Taller de a poco se fueron acercando escritores, historiadores, antrop\u00f3logos, m\u00fasicos, m\u00e9dicos&#8230; y un soci\u00f3logo: Fernando.<\/p>\n<p>Con Fernando Labra nos conocimos en Ancud, durante un encuentro con el Obispo Juan Luis Ysern. Quer\u00eda informarse de la cuesti\u00f3n de los palafitos de Castro. Intu\u00eda que podr\u00eda colaborar, cosa que efectivamente hizo: la \u201ccarta\u201d p\u00fablica del Obispo al Alcalde de Castro hizo detonar el problema y al ponerlo en la prensa, desde los habitantes afectados a toda la comunidad tom\u00f3 conciencia de lo que estaba sucediendo. Alguno quer\u00eda demolerlos y otros, salvarlos.<\/p>\n<p>El Obispo hab\u00eda invitado a Fernando a colaborar con \u00e9l en una investigaci\u00f3n sobre la familia chilota en el sur, desde Chilo\u00e9 hasta Punta Arenas: su composici\u00f3n, su disoluci\u00f3n, la doble familia chilota: en Chilo\u00e9 y su doble en otras partes de la Patagonia, la importancia de la mujer en la sobrevivencia de la familia chilota&#8230;<\/p>\n<p>Paralelamente Fernando se interes\u00f3 inmediatamente en el tema que nos ocupaba y comenz\u00f3 a viajar a Castro a menudo. Conversaciones y escritos enriquec\u00edan nuestra mirada.<\/p>\n<p>Con el apoyo del Obispo, de algunos intelectuales chilenos y extranjeros hab\u00edamos perdido el temor, aunque las represalias nunca faltaron. Desde un \u201cpunto fijo\u201d frente a la entrada de nuestro Taller Puertazul, a la convocaci\u00f3n semestral a la Comisar\u00eda de Carabineros para declarar quienes participaban en \u00e9l&#8230; hasta una acusaci\u00f3n al Ministro del Interior como activista.<\/p>\n<p>Fernando entr\u00f3 a formar parte de nuestro equipo. En nuestras sucesivas publicaciones y correspondencia, su mirada como soci\u00f3logo y cristiano dejaron una se\u00f1al importante.<\/p>\n<p>Sin disponer todav\u00eda de un cuerpo te\u00f3rico potente, con Fernando, Mauricio y Gustavo comenzamos a elaborar lo que llamamos la \u201cTeor\u00eda del Bacil\u00f3n\u201d, con la B, no con la V como algunos quisieran. Una Teor\u00eda que realmente no es una Teor\u00eda. En nuestros archivos tenemos incluso una colaboraci\u00f3n de un soci\u00f3logo suizo sobre el tema, entre otros.<\/p>\n<p>La importancia de Fernando se fue haciendo con el tiempo m\u00e1s significativa. Nuestra amistad se fue consolidando y dur\u00f3 mucho m\u00e1s que lo que fue la experiencia chilota.<\/p>\n<p>Entr\u00f3 a la Academia Diplom\u00e1tica, se cas\u00f3 con Ang\u00e9lica, escribi\u00f3 un libro y viaj\u00f3. El constante all\u00e1 \u2013 ac\u00e1 lo sobrellev\u00f3 con sabidur\u00eda e iron\u00eda.<\/p>\n<p>Quisiera recordarlo con la imagen de una escultura que Ang\u00e9lica realiz\u00f3 en la Patagonia: un hombre en la playa, al borde del mar, mirando muy lejos hacia all\u00e1: hacia el Sur.<\/p>\n<p>El Taller Puertazul de Castro lo recuerda como uno de sus m\u00e1s activos participantes.<\/p>\n<p>&nbsp;<\/p>\n<p><strong>Renato Vivaldi<\/strong>, <strong>Edward Rojas<\/strong>, arquitectos\u00a0 \u00a0 \u00a0 \u00a0 \u00a0 \u00a0 \u00a0 \u00a0 \u00a0 \u00a0 \u00a0 \u00a0 \u00a0 \u00a0 \u00a0 \u00a0 \u00a0 \u00a0 \u00a0 \u00a0 \u00a0 \u00a0 \u00a0 \u00a0 \u00a0 \u00a0 \u00a0 \u00a0 \u00a0 \u00a0 \u00a0 \u00a0 \u00a0 \u00a0 \u00a0 \u00a0 \u00a0 \u00a0 \u00a0 <strong>Gustavo Boldrini<\/strong>, escritor e historiador\u00a0 \u00a0 \u00a0 \u00a0 \u00a0 \u00a0 \u00a0 \u00a0 \u00a0 \u00a0 \u00a0 \u00a0 \u00a0 \u00a0 \u00a0 \u00a0 \u00a0 \u00a0 \u00a0 \u00a0 \u00a0 \u00a0 \u00a0 \u00a0 \u00a0 \u00a0 \u00a0 \u00a0 \u00a0 \u00a0 \u00a0 \u00a0 \u00a0 \u00a0 \u00a0 \u00a0 \u00a0 \u00a0 \u00a0 \u00a0 \u00a0 \u00a0 \u00a0 \u00a0 \u00a0 \u00a0 \u00a0 \u00a0 \u00a0 \u00a0 <strong>Mauricio Marino<\/strong>, antrop\u00f3logo<\/p>\n<p>&nbsp;<\/p>\n<p><img loading=\"lazy\" decoding=\"async\" class=\"aligncenter size-large wp-image-24877\" src=\"http:\/\/colegioarquitectos.com\/noticias\/wp-content\/uploads\/2020\/04\/palafitos-1024x683.jpg\" alt=\"\" width=\"690\" height=\"460\" srcset=\"https:\/\/colegioarquitectos.com\/noticias\/wp-content\/uploads\/2020\/04\/palafitos.jpg 1024w, https:\/\/colegioarquitectos.com\/noticias\/wp-content\/uploads\/2020\/04\/palafitos-300x200.jpg 300w, https:\/\/colegioarquitectos.com\/noticias\/wp-content\/uploads\/2020\/04\/palafitos-768x512.jpg 768w\" sizes=\"auto, (max-width: 690px) 100vw, 690px\" \/><\/p>\n<p><\/p>","protected":false},"excerpt":{"rendered":"<p>A prop\u00f3sito del reciente fallecimiento a causa del COVID-19 en la ciudad de Rosario, Argentina, del soci\u00f3logo, diplom\u00e1tico y ex miembro del Taller de Arquitectura Puertazul, Fernando Labra, sus integrantes nos han hecho llegar el siguiente texto homenaje: &nbsp; Y &hellip; <a class=\"more-link\" href=\"https:\/\/colegioarquitectos.com\/noticias\/?p=24875\">ver m\u00e1s<\/a><\/p>","protected":false},"author":4,"featured_media":24876,"comment_status":"closed","ping_status":"closed","sticky":false,"template":"","format":"standard","meta":{"footnotes":""},"categories":[8,76],"tags":[],"class_list":["post-24875","post","type-post","status-publish","format-standard","has-post-thumbnail","hentry","category-colegio-de-arquitectos","category-covid-19"],"yoast_head":"<!-- This site is optimized with the Yoast SEO plugin v24.2 - https:\/\/yoast.com\/wordpress\/plugins\/seo\/ -->\n<title>Edward Rojas y el Taller de Arquitectura Puertazul despiden a Fernando Labra - COLEGIO DE ARQUITECTOS DE CHILE<\/title>\n<meta name=\"robots\" content=\"index, follow, max-snippet:-1, max-image-preview:large, max-video-preview:-1\" \/>\n<link rel=\"canonical\" href=\"https:\/\/colegioarquitectos.com\/noticias\/?p=24875\" \/>\n<meta property=\"og:locale\" content=\"es_ES\" \/>\n<meta property=\"og:type\" content=\"article\" \/>\n<meta property=\"og:title\" content=\"Edward Rojas y el Taller de Arquitectura Puertazul despiden a Fernando Labra - COLEGIO DE ARQUITECTOS DE CHILE\" \/>\n<meta property=\"og:description\" content=\"A prop\u00f3sito del reciente fallecimiento a causa del COVID-19 en la ciudad de Rosario, Argentina, del soci\u00f3logo, diplom\u00e1tico y ex miembro del Taller de Arquitectura Puertazul, Fernando Labra, sus integrantes nos han hecho llegar el siguiente texto homenaje: &nbsp; Y &hellip; ver m\u00e1s\" \/>\n<meta property=\"og:url\" content=\"https:\/\/colegioarquitectos.com\/noticias\/?p=24875\" \/>\n<meta property=\"og:site_name\" content=\"COLEGIO DE ARQUITECTOS DE CHILE\" \/>\n<meta property=\"article:publisher\" content=\"https:\/\/facebook.com\/Colegioarq\/\" \/>\n<meta property=\"article:published_time\" content=\"2020-04-06T18:28:52+00:00\" \/>\n<meta property=\"article:modified_time\" content=\"2020-04-06T18:34:45+00:00\" \/>\n<meta property=\"og:image\" content=\"https:\/\/colegioarquitectos.com\/noticias\/wp-content\/uploads\/2020\/04\/ENBCABEZADO.jpg\" \/>\n\t<meta property=\"og:image:width\" content=\"690\" \/>\n\t<meta property=\"og:image:height\" content=\"350\" \/>\n\t<meta property=\"og:image:type\" content=\"image\/jpeg\" \/>\n<meta name=\"author\" content=\"Colegio de Arquitectos de Chile\" \/>\n<meta name=\"twitter:card\" content=\"summary_large_image\" \/>\n<meta name=\"twitter:creator\" content=\"@colegioarq\" \/>\n<meta name=\"twitter:site\" content=\"@colegioarq\" \/>\n<meta name=\"twitter:label1\" content=\"Escrito por\" \/>\n\t<meta name=\"twitter:data1\" content=\"Colegio de Arquitectos de Chile\" \/>\n\t<meta name=\"twitter:label2\" content=\"Tiempo de lectura\" \/>\n\t<meta name=\"twitter:data2\" content=\"3 minutos\" \/>\n<script type=\"application\/ld+json\" class=\"yoast-schema-graph\">{\"@context\":\"https:\/\/schema.org\",\"@graph\":[{\"@type\":\"Article\",\"@id\":\"https:\/\/colegioarquitectos.com\/noticias\/?p=24875#article\",\"isPartOf\":{\"@id\":\"https:\/\/colegioarquitectos.com\/noticias\/?p=24875\"},\"author\":{\"name\":\"Colegio de Arquitectos de Chile\",\"@id\":\"https:\/\/colegioarquitectos.com\/noticias\/#\/schema\/person\/685cc0aad148303c5608f049af8285ad\"},\"headline\":\"Edward Rojas y el Taller de Arquitectura Puertazul despiden a Fernando Labra\",\"datePublished\":\"2020-04-06T18:28:52+00:00\",\"dateModified\":\"2020-04-06T18:34:45+00:00\",\"mainEntityOfPage\":{\"@id\":\"https:\/\/colegioarquitectos.com\/noticias\/?p=24875\"},\"wordCount\":648,\"publisher\":{\"@id\":\"https:\/\/colegioarquitectos.com\/noticias\/#organization\"},\"image\":{\"@id\":\"https:\/\/colegioarquitectos.com\/noticias\/?p=24875#primaryimage\"},\"thumbnailUrl\":\"https:\/\/colegioarquitectos.com\/noticias\/wp-content\/uploads\/2020\/04\/ENBCABEZADO.jpg\",\"articleSection\":[\"Colegio\",\"COVID-19\"],\"inLanguage\":\"es\"},{\"@type\":\"WebPage\",\"@id\":\"https:\/\/colegioarquitectos.com\/noticias\/?p=24875\",\"url\":\"https:\/\/colegioarquitectos.com\/noticias\/?p=24875\",\"name\":\"Edward Rojas y el Taller de Arquitectura Puertazul despiden a Fernando Labra - COLEGIO DE ARQUITECTOS DE CHILE\",\"isPartOf\":{\"@id\":\"https:\/\/colegioarquitectos.com\/noticias\/#website\"},\"primaryImageOfPage\":{\"@id\":\"https:\/\/colegioarquitectos.com\/noticias\/?p=24875#primaryimage\"},\"image\":{\"@id\":\"https:\/\/colegioarquitectos.com\/noticias\/?p=24875#primaryimage\"},\"thumbnailUrl\":\"https:\/\/colegioarquitectos.com\/noticias\/wp-content\/uploads\/2020\/04\/ENBCABEZADO.jpg\",\"datePublished\":\"2020-04-06T18:28:52+00:00\",\"dateModified\":\"2020-04-06T18:34:45+00:00\",\"breadcrumb\":{\"@id\":\"https:\/\/colegioarquitectos.com\/noticias\/?p=24875#breadcrumb\"},\"inLanguage\":\"es\",\"potentialAction\":[{\"@type\":\"ReadAction\",\"target\":[\"https:\/\/colegioarquitectos.com\/noticias\/?p=24875\"]}]},{\"@type\":\"ImageObject\",\"inLanguage\":\"es\",\"@id\":\"https:\/\/colegioarquitectos.com\/noticias\/?p=24875#primaryimage\",\"url\":\"https:\/\/colegioarquitectos.com\/noticias\/wp-content\/uploads\/2020\/04\/ENBCABEZADO.jpg\",\"contentUrl\":\"https:\/\/colegioarquitectos.com\/noticias\/wp-content\/uploads\/2020\/04\/ENBCABEZADO.jpg\",\"width\":690,\"height\":350},{\"@type\":\"BreadcrumbList\",\"@id\":\"https:\/\/colegioarquitectos.com\/noticias\/?p=24875#breadcrumb\",\"itemListElement\":[{\"@type\":\"ListItem\",\"position\":1,\"name\":\"Portada\",\"item\":\"https:\/\/colegioarquitectos.com\/noticias\"},{\"@type\":\"ListItem\",\"position\":2,\"name\":\"Edward Rojas y el Taller de Arquitectura Puertazul despiden a Fernando Labra\"}]},{\"@type\":\"WebSite\",\"@id\":\"https:\/\/colegioarquitectos.com\/noticias\/#website\",\"url\":\"https:\/\/colegioarquitectos.com\/noticias\/\",\"name\":\"COLEGIO DE ARQUITECTOS DE CHILE\",\"description\":\"\",\"publisher\":{\"@id\":\"https:\/\/colegioarquitectos.com\/noticias\/#organization\"},\"potentialAction\":[{\"@type\":\"SearchAction\",\"target\":{\"@type\":\"EntryPoint\",\"urlTemplate\":\"https:\/\/colegioarquitectos.com\/noticias\/?s={search_term_string}\"},\"query-input\":{\"@type\":\"PropertyValueSpecification\",\"valueRequired\":true,\"valueName\":\"search_term_string\"}}],\"inLanguage\":\"es\"},{\"@type\":\"Organization\",\"@id\":\"https:\/\/colegioarquitectos.com\/noticias\/#organization\",\"name\":\"COLEGIO DE ARQUITECTOS DE CHILE\",\"url\":\"https:\/\/colegioarquitectos.com\/noticias\/\",\"logo\":{\"@type\":\"ImageObject\",\"inLanguage\":\"es\",\"@id\":\"https:\/\/colegioarquitectos.com\/noticias\/#\/schema\/logo\/image\/\",\"url\":\"https:\/\/colegioarquitectos.com\/noticias\/wp-content\/uploads\/2021\/05\/ENCABEZADO-LOGO-CA.jpg\",\"contentUrl\":\"https:\/\/colegioarquitectos.com\/noticias\/wp-content\/uploads\/2021\/05\/ENCABEZADO-LOGO-CA.jpg\",\"width\":690,\"height\":350,\"caption\":\"COLEGIO DE ARQUITECTOS DE CHILE\"},\"image\":{\"@id\":\"https:\/\/colegioarquitectos.com\/noticias\/#\/schema\/logo\/image\/\"},\"sameAs\":[\"https:\/\/facebook.com\/Colegioarq\/\",\"https:\/\/x.com\/colegioarq\",\"https:\/\/instagram.com\/colegioarq\",\"https:\/\/youtube.com\/@ColegiodeArquitectosdeChile\"]},{\"@type\":\"Person\",\"@id\":\"https:\/\/colegioarquitectos.com\/noticias\/#\/schema\/person\/685cc0aad148303c5608f049af8285ad\",\"name\":\"Colegio de Arquitectos de Chile\",\"url\":\"https:\/\/colegioarquitectos.com\/noticias\/?author=4\"}]}<\/script>\n<!-- \/ Yoast SEO plugin. -->","yoast_head_json":{"title":"Edward Rojas y el Taller de Arquitectura Puertazul despiden a Fernando Labra - COLEGIO DE ARQUITECTOS DE CHILE","robots":{"index":"index","follow":"follow","max-snippet":"max-snippet:-1","max-image-preview":"max-image-preview:large","max-video-preview":"max-video-preview:-1"},"canonical":"https:\/\/colegioarquitectos.com\/noticias\/?p=24875","og_locale":"es_ES","og_type":"article","og_title":"Edward Rojas y el Taller de Arquitectura Puertazul despiden a Fernando Labra - COLEGIO DE ARQUITECTOS DE CHILE","og_description":"A prop\u00f3sito del reciente fallecimiento a causa del COVID-19 en la ciudad de Rosario, Argentina, del soci\u00f3logo, diplom\u00e1tico y ex miembro del Taller de Arquitectura Puertazul, Fernando Labra, sus integrantes nos han hecho llegar el siguiente texto homenaje: &nbsp; Y &hellip; ver m\u00e1s","og_url":"https:\/\/colegioarquitectos.com\/noticias\/?p=24875","og_site_name":"COLEGIO DE ARQUITECTOS DE CHILE","article_publisher":"https:\/\/facebook.com\/Colegioarq\/","article_published_time":"2020-04-06T18:28:52+00:00","article_modified_time":"2020-04-06T18:34:45+00:00","og_image":[{"width":690,"height":350,"url":"https:\/\/colegioarquitectos.com\/noticias\/wp-content\/uploads\/2020\/04\/ENBCABEZADO.jpg","type":"image\/jpeg"}],"author":"Colegio de Arquitectos de Chile","twitter_card":"summary_large_image","twitter_creator":"@colegioarq","twitter_site":"@colegioarq","twitter_misc":{"Escrito por":"Colegio de Arquitectos de Chile","Tiempo de lectura":"3 minutos"},"schema":{"@context":"https:\/\/schema.org","@graph":[{"@type":"Article","@id":"https:\/\/colegioarquitectos.com\/noticias\/?p=24875#article","isPartOf":{"@id":"https:\/\/colegioarquitectos.com\/noticias\/?p=24875"},"author":{"name":"Colegio de Arquitectos de Chile","@id":"https:\/\/colegioarquitectos.com\/noticias\/#\/schema\/person\/685cc0aad148303c5608f049af8285ad"},"headline":"Edward Rojas y el Taller de Arquitectura Puertazul despiden a Fernando Labra","datePublished":"2020-04-06T18:28:52+00:00","dateModified":"2020-04-06T18:34:45+00:00","mainEntityOfPage":{"@id":"https:\/\/colegioarquitectos.com\/noticias\/?p=24875"},"wordCount":648,"publisher":{"@id":"https:\/\/colegioarquitectos.com\/noticias\/#organization"},"image":{"@id":"https:\/\/colegioarquitectos.com\/noticias\/?p=24875#primaryimage"},"thumbnailUrl":"https:\/\/colegioarquitectos.com\/noticias\/wp-content\/uploads\/2020\/04\/ENBCABEZADO.jpg","articleSection":["Colegio","COVID-19"],"inLanguage":"es"},{"@type":"WebPage","@id":"https:\/\/colegioarquitectos.com\/noticias\/?p=24875","url":"https:\/\/colegioarquitectos.com\/noticias\/?p=24875","name":"Edward Rojas y el Taller de Arquitectura Puertazul despiden a Fernando Labra - COLEGIO DE ARQUITECTOS DE CHILE","isPartOf":{"@id":"https:\/\/colegioarquitectos.com\/noticias\/#website"},"primaryImageOfPage":{"@id":"https:\/\/colegioarquitectos.com\/noticias\/?p=24875#primaryimage"},"image":{"@id":"https:\/\/colegioarquitectos.com\/noticias\/?p=24875#primaryimage"},"thumbnailUrl":"https:\/\/colegioarquitectos.com\/noticias\/wp-content\/uploads\/2020\/04\/ENBCABEZADO.jpg","datePublished":"2020-04-06T18:28:52+00:00","dateModified":"2020-04-06T18:34:45+00:00","breadcrumb":{"@id":"https:\/\/colegioarquitectos.com\/noticias\/?p=24875#breadcrumb"},"inLanguage":"es","potentialAction":[{"@type":"ReadAction","target":["https:\/\/colegioarquitectos.com\/noticias\/?p=24875"]}]},{"@type":"ImageObject","inLanguage":"es","@id":"https:\/\/colegioarquitectos.com\/noticias\/?p=24875#primaryimage","url":"https:\/\/colegioarquitectos.com\/noticias\/wp-content\/uploads\/2020\/04\/ENBCABEZADO.jpg","contentUrl":"https:\/\/colegioarquitectos.com\/noticias\/wp-content\/uploads\/2020\/04\/ENBCABEZADO.jpg","width":690,"height":350},{"@type":"BreadcrumbList","@id":"https:\/\/colegioarquitectos.com\/noticias\/?p=24875#breadcrumb","itemListElement":[{"@type":"ListItem","position":1,"name":"Portada","item":"https:\/\/colegioarquitectos.com\/noticias"},{"@type":"ListItem","position":2,"name":"Edward Rojas y el Taller de Arquitectura Puertazul despiden a Fernando Labra"}]},{"@type":"WebSite","@id":"https:\/\/colegioarquitectos.com\/noticias\/#website","url":"https:\/\/colegioarquitectos.com\/noticias\/","name":"COLEGIO DE ARQUITECTOS DE CHILE","description":"","publisher":{"@id":"https:\/\/colegioarquitectos.com\/noticias\/#organization"},"potentialAction":[{"@type":"SearchAction","target":{"@type":"EntryPoint","urlTemplate":"https:\/\/colegioarquitectos.com\/noticias\/?s={search_term_string}"},"query-input":{"@type":"PropertyValueSpecification","valueRequired":true,"valueName":"search_term_string"}}],"inLanguage":"es"},{"@type":"Organization","@id":"https:\/\/colegioarquitectos.com\/noticias\/#organization","name":"COLEGIO DE ARQUITECTOS DE CHILE","url":"https:\/\/colegioarquitectos.com\/noticias\/","logo":{"@type":"ImageObject","inLanguage":"es","@id":"https:\/\/colegioarquitectos.com\/noticias\/#\/schema\/logo\/image\/","url":"https:\/\/colegioarquitectos.com\/noticias\/wp-content\/uploads\/2021\/05\/ENCABEZADO-LOGO-CA.jpg","contentUrl":"https:\/\/colegioarquitectos.com\/noticias\/wp-content\/uploads\/2021\/05\/ENCABEZADO-LOGO-CA.jpg","width":690,"height":350,"caption":"COLEGIO DE ARQUITECTOS DE CHILE"},"image":{"@id":"https:\/\/colegioarquitectos.com\/noticias\/#\/schema\/logo\/image\/"},"sameAs":["https:\/\/facebook.com\/Colegioarq\/","https:\/\/x.com\/colegioarq","https:\/\/instagram.com\/colegioarq","https:\/\/youtube.com\/@ColegiodeArquitectosdeChile"]},{"@type":"Person","@id":"https:\/\/colegioarquitectos.com\/noticias\/#\/schema\/person\/685cc0aad148303c5608f049af8285ad","name":"Colegio de Arquitectos de Chile","url":"https:\/\/colegioarquitectos.com\/noticias\/?author=4"}]}},"_links":{"self":[{"href":"https:\/\/colegioarquitectos.com\/noticias\/index.php?rest_route=\/wp\/v2\/posts\/24875","targetHints":{"allow":["GET"]}}],"collection":[{"href":"https:\/\/colegioarquitectos.com\/noticias\/index.php?rest_route=\/wp\/v2\/posts"}],"about":[{"href":"https:\/\/colegioarquitectos.com\/noticias\/index.php?rest_route=\/wp\/v2\/types\/post"}],"author":[{"embeddable":true,"href":"https:\/\/colegioarquitectos.com\/noticias\/index.php?rest_route=\/wp\/v2\/users\/4"}],"replies":[{"embeddable":true,"href":"https:\/\/colegioarquitectos.com\/noticias\/index.php?rest_route=%2Fwp%2Fv2%2Fcomments&post=24875"}],"version-history":[{"count":0,"href":"https:\/\/colegioarquitectos.com\/noticias\/index.php?rest_route=\/wp\/v2\/posts\/24875\/revisions"}],"wp:featuredmedia":[{"embeddable":true,"href":"https:\/\/colegioarquitectos.com\/noticias\/index.php?rest_route=\/wp\/v2\/media\/24876"}],"wp:attachment":[{"href":"https:\/\/colegioarquitectos.com\/noticias\/index.php?rest_route=%2Fwp%2Fv2%2Fmedia&parent=24875"}],"wp:term":[{"taxonomy":"category","embeddable":true,"href":"https:\/\/colegioarquitectos.com\/noticias\/index.php?rest_route=%2Fwp%2Fv2%2Fcategories&post=24875"},{"taxonomy":"post_tag","embeddable":true,"href":"https:\/\/colegioarquitectos.com\/noticias\/index.php?rest_route=%2Fwp%2Fv2%2Ftags&post=24875"}],"curies":[{"name":"wp","href":"https:\/\/api.w.org\/{rel}","templated":true}]}}