
{"id":24910,"date":"2020-04-22T18:19:12","date_gmt":"2020-04-22T18:19:12","guid":{"rendered":"http:\/\/colegioarquitectos.com\/?p=24910"},"modified":"2020-04-22T18:19:12","modified_gmt":"2020-04-22T18:19:12","slug":"arquitecturas-para-la-salud-un-nuevo-comite-del-colegio-de-arquitectos-de-chile","status":"publish","type":"post","link":"https:\/\/colegioarquitectos.com\/noticias\/?p=24910","title":{"rendered":"Arquitecturas para la Salud: Un nuevo Comit\u00e9 del Colegio de Arquitectos de Chile"},"content":{"rendered":"<p>El nuevo <strong>Comit\u00e9 de Arquitecturas para la Salud<\/strong> del <strong>Colegio de Arquitectos de Chile<\/strong> surge de un grupo de WhatsApp de trabajo llamado \u00abCabildo Arq. Hospitalaria, creado el 15 de noviembre de 2019, en <strong>donde se abordan de\u00a0manera horizontal y directa varias l\u00edneas de trabajo social<\/strong>.<\/p>\n<p>En \u00e9l participan hasta el d\u00eda de hoy 40 profesionales de m\u00faltiples\u00a0disciplinas reunidos ante temas de salud: <strong>m\u00e9dicos, enfermeras, arquitectos, ingenieros, biom\u00e9dicos, qu\u00edmicos farmac\u00e9uticos<\/strong>, entre otros. A ra\u00edz del estallidos social del 18 de octubre pasado y, luego, por la crisis sanitaria generada por el COVID-19, este grupo de profesionales decidi\u00f3 solicitar al Colegio de Arquitectos de Chile \u2014a trav\u00e9s de Presidente del Consejo de \u00d3rganos Asesores (COA), Javier Contreras\u2014 <strong>establecerse como Comit\u00e9 para as\u00ed poder tener relaci\u00f3n directa con instituciones del Estado y privadas, como ministerios, universidades, hospitales, entre otros<\/strong>.<\/p>\n<p>El Comit\u00e9 de Arquitecturas para la Salud est\u00e1 integrado por una directiva interina compuesta por <strong>Fernando Palma M.<\/strong>, <strong>Ana Mar\u00eda Barroux R<\/strong>., <strong>Felipe Vald\u00e9s B.<\/strong> y <strong>Jaime S\u00e1ez R.<\/strong>; y espera llamar a elecciones democr\u00e1ticas a la brevedad posible. El Comit\u00e9 Arquitecturas para la Salud, hoy funciona diariamente a trav\u00e9s de un grupo de WhatsApp llamado CAPLAS y sus miembros son \u2014en la actualidad\u2014 20.<\/p>\n<p>A la fecha, <strong>el Comit\u00e9 de Arquitecturas para la Salud est\u00e1 trabajando junto a FABTEC de la Universidad de Talca<\/strong> en los siguientes frentes de dise\u00f1o de soluciones sanitarias de acuerdo a requerimientos levantados en diversos centros asistenciales:<\/p>\n<p>&nbsp;<\/p>\n<div id=\"attachment_24911\" style=\"width: 276px\" class=\"wp-caption aligncenter\"><a href=\"https:\/\/fabtec.cl\/\"><img loading=\"lazy\" decoding=\"async\" aria-describedby=\"caption-attachment-24911\" class=\"wp-image-24911 size-full\" src=\"http:\/\/colegioarquitectos.com\/noticias\/wp-content\/uploads\/2020\/04\/Sin-ti\u0301tulo.png\" alt=\"\" width=\"266\" height=\"259\" \/><\/a><p id=\"caption-attachment-24911\" class=\"wp-caption-text\">FABTEC: Soluciones sanitarias para emergencias\u00a0\u00a0 https:\/\/fabtec.cl\/<\/p><\/div>\n<p>&nbsp;<\/p>\n<p>Este proyecto persigue la articulaci\u00f3n entre acad\u00e9micos, centros tecnol\u00f3gicos, industria manufacturera, organizaciones civiles e independientes para entregar soluciones sanitarias (EPP e insumos) que r\u00e1pidamente puedan ser adoptadas por empresas, pymes, emprendedores e independientes. Por lo tanto, se busca transferir procesos para activar una capacidad productiva masiva y oportuna, al mismo tiempo que se generan nuevas oportunidades laborales. Un ejemplo de este modelo es la r\u00e1pida respuesta de fablab\u2019s para la impresi\u00f3n colectiva de pantallas de protecci\u00f3n facial (tanto en Chile como en Europa).<\/p>\n<p>&nbsp;<\/p>\n<h3><strong>1.- Nombre proyecto: Cabinas Toma de Ex\u00e1menes Covid-19<\/strong><\/h3>\n<p>Responsable proyecto: Fernando Palma M. Arquitecto<\/p>\n<p>e-mail: fernandopalma@bim.cl<\/p>\n<p>Descripci\u00f3n proyecto: Nuevo formato exterior y peatonal para toma de ex\u00e1menes Covid19. Estas cabinas eliminan el contacto f\u00edsico entre el proveedor de atenci\u00f3n m\u00e9dica y el paciente, descartando la necesidad del cambio de ropa protectora. El test se hace a trav\u00e9s de unos guantes de caucho y toma alrededor de 6 minutos.<\/p>\n<p>Instituciones: Comit\u00e9 de Arquitecturas para la Salud, Colegio de Arquitectos de Chile A.G., Universidad de Talca, Olimpos Consultores Interior Designer, BIM SA<\/p>\n<p>&nbsp;<\/p>\n<p><img loading=\"lazy\" decoding=\"async\" class=\"aligncenter size-large wp-image-24913\" src=\"http:\/\/colegioarquitectos.com\/noticias\/wp-content\/uploads\/2020\/04\/M-COVID19_B-001-1024x559.jpg\" alt=\"\" width=\"690\" height=\"377\" srcset=\"https:\/\/colegioarquitectos.com\/noticias\/wp-content\/uploads\/2020\/04\/M-COVID19_B-001-1024x559.jpg 1024w, https:\/\/colegioarquitectos.com\/noticias\/wp-content\/uploads\/2020\/04\/M-COVID19_B-001-300x164.jpg 300w, https:\/\/colegioarquitectos.com\/noticias\/wp-content\/uploads\/2020\/04\/M-COVID19_B-001-768x419.jpg 768w, https:\/\/colegioarquitectos.com\/noticias\/wp-content\/uploads\/2020\/04\/M-COVID19_B-001.jpg 1920w\" sizes=\"auto, (max-width: 690px) 100vw, 690px\" \/><\/p>\n<p><img loading=\"lazy\" decoding=\"async\" class=\"aligncenter size-large wp-image-24914\" src=\"http:\/\/colegioarquitectos.com\/noticias\/wp-content\/uploads\/2020\/04\/M-COVID19_C-001-1024x559.jpg\" alt=\"\" width=\"690\" height=\"377\" srcset=\"https:\/\/colegioarquitectos.com\/noticias\/wp-content\/uploads\/2020\/04\/M-COVID19_C-001-1024x559.jpg 1024w, https:\/\/colegioarquitectos.com\/noticias\/wp-content\/uploads\/2020\/04\/M-COVID19_C-001-300x164.jpg 300w, https:\/\/colegioarquitectos.com\/noticias\/wp-content\/uploads\/2020\/04\/M-COVID19_C-001-768x419.jpg 768w, https:\/\/colegioarquitectos.com\/noticias\/wp-content\/uploads\/2020\/04\/M-COVID19_C-001.jpg 1920w\" sizes=\"auto, (max-width: 690px) 100vw, 690px\" \/><\/p>\n<p><img loading=\"lazy\" decoding=\"async\" class=\"aligncenter size-large wp-image-24912\" src=\"http:\/\/colegioarquitectos.com\/noticias\/wp-content\/uploads\/2020\/04\/M-COVID19_A-001-1024x558.jpg\" alt=\"\" width=\"690\" height=\"376\" srcset=\"https:\/\/colegioarquitectos.com\/noticias\/wp-content\/uploads\/2020\/04\/M-COVID19_A-001-1024x558.jpg 1024w, https:\/\/colegioarquitectos.com\/noticias\/wp-content\/uploads\/2020\/04\/M-COVID19_A-001-300x164.jpg 300w, https:\/\/colegioarquitectos.com\/noticias\/wp-content\/uploads\/2020\/04\/M-COVID19_A-001-768x419.jpg 768w, https:\/\/colegioarquitectos.com\/noticias\/wp-content\/uploads\/2020\/04\/M-COVID19_A-001.jpg 1920w\" sizes=\"auto, (max-width: 690px) 100vw, 690px\" \/><\/p>\n<p><img loading=\"lazy\" decoding=\"async\" class=\"aligncenter size-full wp-image-24915\" src=\"http:\/\/colegioarquitectos.com\/noticias\/wp-content\/uploads\/2020\/04\/planta.jpg\" alt=\"\" width=\"915\" height=\"436\" srcset=\"https:\/\/colegioarquitectos.com\/noticias\/wp-content\/uploads\/2020\/04\/planta.jpg 915w, https:\/\/colegioarquitectos.com\/noticias\/wp-content\/uploads\/2020\/04\/planta-300x143.jpg 300w, https:\/\/colegioarquitectos.com\/noticias\/wp-content\/uploads\/2020\/04\/planta-768x366.jpg 768w\" sizes=\"auto, (max-width: 915px) 100vw, 915px\" \/><\/p>\n<p><img loading=\"lazy\" decoding=\"async\" class=\"aligncenter size-full wp-image-24916\" src=\"http:\/\/colegioarquitectos.com\/noticias\/wp-content\/uploads\/2020\/04\/elev.jpg\" alt=\"\" width=\"689\" height=\"374\" srcset=\"https:\/\/colegioarquitectos.com\/noticias\/wp-content\/uploads\/2020\/04\/elev.jpg 689w, https:\/\/colegioarquitectos.com\/noticias\/wp-content\/uploads\/2020\/04\/elev-300x163.jpg 300w\" sizes=\"auto, (max-width: 689px) 100vw, 689px\" \/><\/p>\n<p>&nbsp;<\/p>\n<h3><strong>2.- Nombre proyecto: Simulador 3D Ventilador Mec\u00e1nico<\/strong>.<\/h3>\n<p>Responsable proyecto: Fernando Palma Moraga, Arquitecto.<\/p>\n<p>e-mail: fernandopalma@bim.cl<\/p>\n<p>Descripci\u00f3n proyecto: El simulador de ventilaci\u00f3n mec\u00e1nica invasiva en 3D se ha desarrollado a solicitud de los m\u00e9dicos de la posta central. Se ha\u00a0 desarrollado al modo de un v\u00eddeo juego para el entrenamiento y capacitaci\u00f3n del personal de la Unidad de Pacientes Cr\u00edticos.<\/p>\n<p>Instituciones: Comit\u00e9 Arquitecturas para la Salud, Colegio de Arquitectos de Chile. Universidad de Talca, BIM S.A., <a href=\"http:\/\/www.salvaunavida.cl\">www.salvaunavida.cl<\/a>,<\/p>\n<p>&nbsp;<\/p>\n<p><img loading=\"lazy\" decoding=\"async\" class=\"aligncenter size-large wp-image-24917\" src=\"http:\/\/colegioarquitectos.com\/noticias\/wp-content\/uploads\/2020\/04\/2020.04.10-13.29-1024x531.png\" alt=\"\" width=\"690\" height=\"358\" srcset=\"https:\/\/colegioarquitectos.com\/noticias\/wp-content\/uploads\/2020\/04\/2020.04.10-13.29-1024x531.png 1024w, https:\/\/colegioarquitectos.com\/noticias\/wp-content\/uploads\/2020\/04\/2020.04.10-13.29-300x155.png 300w, https:\/\/colegioarquitectos.com\/noticias\/wp-content\/uploads\/2020\/04\/2020.04.10-13.29-768x398.png 768w, https:\/\/colegioarquitectos.com\/noticias\/wp-content\/uploads\/2020\/04\/2020.04.10-13.29.png 1920w\" sizes=\"auto, (max-width: 690px) 100vw, 690px\" \/><\/p>\n<p><img loading=\"lazy\" decoding=\"async\" class=\"aligncenter size-large wp-image-24918\" src=\"http:\/\/colegioarquitectos.com\/noticias\/wp-content\/uploads\/2020\/04\/2020.04.10-13.30_01-1024x529.png\" alt=\"\" width=\"690\" height=\"356\" srcset=\"https:\/\/colegioarquitectos.com\/noticias\/wp-content\/uploads\/2020\/04\/2020.04.10-13.30_01-1024x529.png 1024w, https:\/\/colegioarquitectos.com\/noticias\/wp-content\/uploads\/2020\/04\/2020.04.10-13.30_01-300x155.png 300w, https:\/\/colegioarquitectos.com\/noticias\/wp-content\/uploads\/2020\/04\/2020.04.10-13.30_01-768x397.png 768w, https:\/\/colegioarquitectos.com\/noticias\/wp-content\/uploads\/2020\/04\/2020.04.10-13.30_01.png 1920w\" sizes=\"auto, (max-width: 690px) 100vw, 690px\" \/><\/p>\n<p><img loading=\"lazy\" decoding=\"async\" class=\"aligncenter size-large wp-image-24919\" src=\"http:\/\/colegioarquitectos.com\/noticias\/wp-content\/uploads\/2020\/04\/2020.04.10-13.35-1024x529.png\" alt=\"\" width=\"690\" height=\"356\" srcset=\"https:\/\/colegioarquitectos.com\/noticias\/wp-content\/uploads\/2020\/04\/2020.04.10-13.35-1024x529.png 1024w, https:\/\/colegioarquitectos.com\/noticias\/wp-content\/uploads\/2020\/04\/2020.04.10-13.35-300x155.png 300w, https:\/\/colegioarquitectos.com\/noticias\/wp-content\/uploads\/2020\/04\/2020.04.10-13.35-768x397.png 768w, https:\/\/colegioarquitectos.com\/noticias\/wp-content\/uploads\/2020\/04\/2020.04.10-13.35.png 1920w\" sizes=\"auto, (max-width: 690px) 100vw, 690px\" \/><\/p>\n<p><img loading=\"lazy\" decoding=\"async\" class=\"aligncenter size-large wp-image-24920\" src=\"http:\/\/colegioarquitectos.com\/noticias\/wp-content\/uploads\/2020\/04\/WhatsApp-Image-2020-04-10-at-13.32.53-1024x819.jpeg\" alt=\"\" width=\"690\" height=\"552\" srcset=\"https:\/\/colegioarquitectos.com\/noticias\/wp-content\/uploads\/2020\/04\/WhatsApp-Image-2020-04-10-at-13.32.53-1024x819.jpeg 1024w, https:\/\/colegioarquitectos.com\/noticias\/wp-content\/uploads\/2020\/04\/WhatsApp-Image-2020-04-10-at-13.32.53-300x240.jpeg 300w, https:\/\/colegioarquitectos.com\/noticias\/wp-content\/uploads\/2020\/04\/WhatsApp-Image-2020-04-10-at-13.32.53-768x614.jpeg 768w, https:\/\/colegioarquitectos.com\/noticias\/wp-content\/uploads\/2020\/04\/WhatsApp-Image-2020-04-10-at-13.32.53.jpeg 1350w\" sizes=\"auto, (max-width: 690px) 100vw, 690px\" \/><\/p>\n<p>&nbsp;<\/p>\n<h3>3.-\u00a0<strong>Nombre proyecto: C\u00e1mara de transporte paciente Covid19, intra hospitalaria<\/strong><\/h3>\n<p>Responsable proyecto: Fernando Palma Moraga<\/p>\n<p>e-mail: fernandopalma@bim.cl<\/p>\n<p>Descripci\u00f3n proyecto: Se trata de dise\u00f1ar y Fabricar una C\u00e1mara cerrada con ventilaci\u00f3n filtrada, para transportar a pacientes con s\u00edntomas de Covid19 dentro del Hospital sin que contamine con aerosoles el trayecto entre las unidades de Urgencia, Escaner, Sala de confimamiento y Unidad de Pacientes Cr\u00edticos.<\/p>\n<p>Instituciones: Comit\u00e9 Arquitecturas parar la Salud del Colegio de Arquitectos de Chile, BIM SA, Altiplana SPA.<\/p>\n<p>&nbsp;<\/p>\n<p><img loading=\"lazy\" decoding=\"async\" class=\"aligncenter size-full wp-image-24922\" src=\"http:\/\/colegioarquitectos.com\/noticias\/wp-content\/uploads\/2020\/04\/Sin-ti\u0301tulo1.png\" alt=\"\" width=\"921\" height=\"671\" srcset=\"https:\/\/colegioarquitectos.com\/noticias\/wp-content\/uploads\/2020\/04\/Sin-ti\u0301tulo1.png 921w, https:\/\/colegioarquitectos.com\/noticias\/wp-content\/uploads\/2020\/04\/Sin-ti\u0301tulo1-300x219.png 300w, https:\/\/colegioarquitectos.com\/noticias\/wp-content\/uploads\/2020\/04\/Sin-ti\u0301tulo1-768x560.png 768w\" sizes=\"auto, (max-width: 921px) 100vw, 921px\" \/><\/p>\n<p><img loading=\"lazy\" decoding=\"async\" class=\"aligncenter size-full wp-image-24923\" src=\"http:\/\/colegioarquitectos.com\/noticias\/wp-content\/uploads\/2020\/04\/Sin-ti\u0301tulo2.png\" alt=\"\" width=\"409\" height=\"354\" srcset=\"https:\/\/colegioarquitectos.com\/noticias\/wp-content\/uploads\/2020\/04\/Sin-ti\u0301tulo2.png 409w, https:\/\/colegioarquitectos.com\/noticias\/wp-content\/uploads\/2020\/04\/Sin-ti\u0301tulo2-300x260.png 300w\" sizes=\"auto, (max-width: 409px) 100vw, 409px\" \/><\/p>\n<p><img loading=\"lazy\" decoding=\"async\" class=\"aligncenter size-full wp-image-24924\" src=\"http:\/\/colegioarquitectos.com\/noticias\/wp-content\/uploads\/2020\/04\/Sin-ti\u0301tulo5.png\" alt=\"\" width=\"921\" height=\"691\" srcset=\"https:\/\/colegioarquitectos.com\/noticias\/wp-content\/uploads\/2020\/04\/Sin-ti\u0301tulo5.png 921w, https:\/\/colegioarquitectos.com\/noticias\/wp-content\/uploads\/2020\/04\/Sin-ti\u0301tulo5-300x225.png 300w, https:\/\/colegioarquitectos.com\/noticias\/wp-content\/uploads\/2020\/04\/Sin-ti\u0301tulo5-768x576.png 768w\" sizes=\"auto, (max-width: 921px) 100vw, 921px\" \/><\/p>\n<p><img loading=\"lazy\" decoding=\"async\" class=\"aligncenter size-full wp-image-24925\" src=\"http:\/\/colegioarquitectos.com\/noticias\/wp-content\/uploads\/2020\/04\/Sin-ti\u0301tulo7.png\" alt=\"\" width=\"921\" height=\"450\" srcset=\"https:\/\/colegioarquitectos.com\/noticias\/wp-content\/uploads\/2020\/04\/Sin-ti\u0301tulo7.png 921w, https:\/\/colegioarquitectos.com\/noticias\/wp-content\/uploads\/2020\/04\/Sin-ti\u0301tulo7-300x147.png 300w, https:\/\/colegioarquitectos.com\/noticias\/wp-content\/uploads\/2020\/04\/Sin-ti\u0301tulo7-768x375.png 768w\" sizes=\"auto, (max-width: 921px) 100vw, 921px\" \/><\/p>\n<p><img loading=\"lazy\" decoding=\"async\" class=\"aligncenter size-full wp-image-24926\" src=\"http:\/\/colegioarquitectos.com\/noticias\/wp-content\/uploads\/2020\/04\/Sin-ti\u0301tulo10.png\" alt=\"\" width=\"921\" height=\"691\" srcset=\"https:\/\/colegioarquitectos.com\/noticias\/wp-content\/uploads\/2020\/04\/Sin-ti\u0301tulo10.png 921w, https:\/\/colegioarquitectos.com\/noticias\/wp-content\/uploads\/2020\/04\/Sin-ti\u0301tulo10-300x225.png 300w, https:\/\/colegioarquitectos.com\/noticias\/wp-content\/uploads\/2020\/04\/Sin-ti\u0301tulo10-768x576.png 768w\" sizes=\"auto, (max-width: 921px) 100vw, 921px\" \/><\/p>\n<p>&nbsp;<\/p>\n<p>&nbsp;<\/p>\n<p><\/p>","protected":false},"excerpt":{"rendered":"<p>El nuevo Comit\u00e9 de Arquitecturas para la Salud del Colegio de Arquitectos de Chile surge de un grupo de WhatsApp de trabajo llamado \u00abCabildo Arq. Hospitalaria, creado el 15 de noviembre de 2019, en donde se abordan de\u00a0manera horizontal y &hellip; <a class=\"more-link\" href=\"https:\/\/colegioarquitectos.com\/noticias\/?p=24910\">ver m\u00e1s<\/a><\/p>","protected":false},"author":4,"featured_media":24927,"comment_status":"closed","ping_status":"closed","sticky":false,"template":"","format":"standard","meta":{"footnotes":""},"categories":[9,76],"tags":[],"class_list":["post-24910","post","type-post","status-publish","format-standard","has-post-thumbnail","hentry","category-comites","category-covid-19"],"yoast_head":"<!-- This site is optimized with the Yoast SEO plugin v24.2 - https:\/\/yoast.com\/wordpress\/plugins\/seo\/ -->\n<title>Arquitecturas para la Salud: Un nuevo Comit\u00e9 del Colegio de Arquitectos de Chile - COLEGIO DE ARQUITECTOS DE CHILE<\/title>\n<meta name=\"robots\" content=\"index, follow, max-snippet:-1, max-image-preview:large, max-video-preview:-1\" \/>\n<link rel=\"canonical\" href=\"https:\/\/colegioarquitectos.com\/noticias\/?p=24910\" \/>\n<meta property=\"og:locale\" content=\"es_ES\" \/>\n<meta property=\"og:type\" content=\"article\" \/>\n<meta property=\"og:title\" content=\"Arquitecturas para la Salud: Un nuevo Comit\u00e9 del Colegio de Arquitectos de Chile - COLEGIO DE ARQUITECTOS DE CHILE\" \/>\n<meta property=\"og:description\" content=\"El nuevo Comit\u00e9 de Arquitecturas para la Salud del Colegio de Arquitectos de Chile surge de un grupo de WhatsApp de trabajo llamado \u00abCabildo Arq. Hospitalaria, creado el 15 de noviembre de 2019, en donde se abordan de\u00a0manera horizontal y &hellip; ver m\u00e1s\" \/>\n<meta property=\"og:url\" content=\"https:\/\/colegioarquitectos.com\/noticias\/?p=24910\" \/>\n<meta property=\"og:site_name\" content=\"COLEGIO DE ARQUITECTOS DE CHILE\" \/>\n<meta property=\"article:publisher\" content=\"https:\/\/facebook.com\/Colegioarq\/\" \/>\n<meta property=\"article:published_time\" content=\"2020-04-22T18:19:12+00:00\" \/>\n<meta property=\"og:image\" content=\"https:\/\/colegioarquitectos.com\/noticias\/wp-content\/uploads\/2020\/04\/ENCABEZADO.png\" \/>\n\t<meta property=\"og:image:width\" content=\"690\" \/>\n\t<meta property=\"og:image:height\" content=\"350\" \/>\n\t<meta property=\"og:image:type\" content=\"image\/png\" \/>\n<meta name=\"author\" content=\"Colegio de Arquitectos de Chile\" \/>\n<meta name=\"twitter:card\" content=\"summary_large_image\" \/>\n<meta name=\"twitter:creator\" content=\"@colegioarq\" \/>\n<meta name=\"twitter:site\" content=\"@colegioarq\" \/>\n<meta name=\"twitter:label1\" content=\"Escrito por\" \/>\n\t<meta name=\"twitter:data1\" content=\"Colegio de Arquitectos de Chile\" \/>\n\t<meta name=\"twitter:label2\" content=\"Tiempo de lectura\" \/>\n\t<meta name=\"twitter:data2\" content=\"3 minutos\" \/>\n<script type=\"application\/ld+json\" class=\"yoast-schema-graph\">{\"@context\":\"https:\/\/schema.org\",\"@graph\":[{\"@type\":\"Article\",\"@id\":\"https:\/\/colegioarquitectos.com\/noticias\/?p=24910#article\",\"isPartOf\":{\"@id\":\"https:\/\/colegioarquitectos.com\/noticias\/?p=24910\"},\"author\":{\"name\":\"Colegio de Arquitectos de Chile\",\"@id\":\"https:\/\/colegioarquitectos.com\/noticias\/#\/schema\/person\/685cc0aad148303c5608f049af8285ad\"},\"headline\":\"Arquitecturas para la Salud: Un nuevo Comit\u00e9 del Colegio de Arquitectos de Chile\",\"datePublished\":\"2020-04-22T18:19:12+00:00\",\"dateModified\":\"2020-04-22T18:19:12+00:00\",\"mainEntityOfPage\":{\"@id\":\"https:\/\/colegioarquitectos.com\/noticias\/?p=24910\"},\"wordCount\":658,\"publisher\":{\"@id\":\"https:\/\/colegioarquitectos.com\/noticias\/#organization\"},\"image\":{\"@id\":\"https:\/\/colegioarquitectos.com\/noticias\/?p=24910#primaryimage\"},\"thumbnailUrl\":\"https:\/\/colegioarquitectos.com\/noticias\/wp-content\/uploads\/2020\/04\/ENCABEZADO.png\",\"articleSection\":[\"Comit\u00e9s\",\"COVID-19\"],\"inLanguage\":\"es\"},{\"@type\":\"WebPage\",\"@id\":\"https:\/\/colegioarquitectos.com\/noticias\/?p=24910\",\"url\":\"https:\/\/colegioarquitectos.com\/noticias\/?p=24910\",\"name\":\"Arquitecturas para la Salud: Un nuevo Comit\u00e9 del Colegio de Arquitectos de Chile - COLEGIO DE ARQUITECTOS DE CHILE\",\"isPartOf\":{\"@id\":\"https:\/\/colegioarquitectos.com\/noticias\/#website\"},\"primaryImageOfPage\":{\"@id\":\"https:\/\/colegioarquitectos.com\/noticias\/?p=24910#primaryimage\"},\"image\":{\"@id\":\"https:\/\/colegioarquitectos.com\/noticias\/?p=24910#primaryimage\"},\"thumbnailUrl\":\"https:\/\/colegioarquitectos.com\/noticias\/wp-content\/uploads\/2020\/04\/ENCABEZADO.png\",\"datePublished\":\"2020-04-22T18:19:12+00:00\",\"dateModified\":\"2020-04-22T18:19:12+00:00\",\"breadcrumb\":{\"@id\":\"https:\/\/colegioarquitectos.com\/noticias\/?p=24910#breadcrumb\"},\"inLanguage\":\"es\",\"potentialAction\":[{\"@type\":\"ReadAction\",\"target\":[\"https:\/\/colegioarquitectos.com\/noticias\/?p=24910\"]}]},{\"@type\":\"ImageObject\",\"inLanguage\":\"es\",\"@id\":\"https:\/\/colegioarquitectos.com\/noticias\/?p=24910#primaryimage\",\"url\":\"https:\/\/colegioarquitectos.com\/noticias\/wp-content\/uploads\/2020\/04\/ENCABEZADO.png\",\"contentUrl\":\"https:\/\/colegioarquitectos.com\/noticias\/wp-content\/uploads\/2020\/04\/ENCABEZADO.png\",\"width\":690,\"height\":350},{\"@type\":\"BreadcrumbList\",\"@id\":\"https:\/\/colegioarquitectos.com\/noticias\/?p=24910#breadcrumb\",\"itemListElement\":[{\"@type\":\"ListItem\",\"position\":1,\"name\":\"Portada\",\"item\":\"https:\/\/colegioarquitectos.com\/noticias\"},{\"@type\":\"ListItem\",\"position\":2,\"name\":\"Arquitecturas para la Salud: Un nuevo Comit\u00e9 del Colegio de Arquitectos de Chile\"}]},{\"@type\":\"WebSite\",\"@id\":\"https:\/\/colegioarquitectos.com\/noticias\/#website\",\"url\":\"https:\/\/colegioarquitectos.com\/noticias\/\",\"name\":\"COLEGIO DE ARQUITECTOS DE CHILE\",\"description\":\"\",\"publisher\":{\"@id\":\"https:\/\/colegioarquitectos.com\/noticias\/#organization\"},\"potentialAction\":[{\"@type\":\"SearchAction\",\"target\":{\"@type\":\"EntryPoint\",\"urlTemplate\":\"https:\/\/colegioarquitectos.com\/noticias\/?s={search_term_string}\"},\"query-input\":{\"@type\":\"PropertyValueSpecification\",\"valueRequired\":true,\"valueName\":\"search_term_string\"}}],\"inLanguage\":\"es\"},{\"@type\":\"Organization\",\"@id\":\"https:\/\/colegioarquitectos.com\/noticias\/#organization\",\"name\":\"COLEGIO DE ARQUITECTOS DE CHILE\",\"url\":\"https:\/\/colegioarquitectos.com\/noticias\/\",\"logo\":{\"@type\":\"ImageObject\",\"inLanguage\":\"es\",\"@id\":\"https:\/\/colegioarquitectos.com\/noticias\/#\/schema\/logo\/image\/\",\"url\":\"https:\/\/colegioarquitectos.com\/noticias\/wp-content\/uploads\/2021\/05\/ENCABEZADO-LOGO-CA.jpg\",\"contentUrl\":\"https:\/\/colegioarquitectos.com\/noticias\/wp-content\/uploads\/2021\/05\/ENCABEZADO-LOGO-CA.jpg\",\"width\":690,\"height\":350,\"caption\":\"COLEGIO DE ARQUITECTOS DE CHILE\"},\"image\":{\"@id\":\"https:\/\/colegioarquitectos.com\/noticias\/#\/schema\/logo\/image\/\"},\"sameAs\":[\"https:\/\/facebook.com\/Colegioarq\/\",\"https:\/\/x.com\/colegioarq\",\"https:\/\/instagram.com\/colegioarq\",\"https:\/\/youtube.com\/@ColegiodeArquitectosdeChile\"]},{\"@type\":\"Person\",\"@id\":\"https:\/\/colegioarquitectos.com\/noticias\/#\/schema\/person\/685cc0aad148303c5608f049af8285ad\",\"name\":\"Colegio de Arquitectos de Chile\",\"url\":\"https:\/\/colegioarquitectos.com\/noticias\/?author=4\"}]}<\/script>\n<!-- \/ Yoast SEO plugin. -->","yoast_head_json":{"title":"Arquitecturas para la Salud: Un nuevo Comit\u00e9 del Colegio de Arquitectos de Chile - COLEGIO DE ARQUITECTOS DE CHILE","robots":{"index":"index","follow":"follow","max-snippet":"max-snippet:-1","max-image-preview":"max-image-preview:large","max-video-preview":"max-video-preview:-1"},"canonical":"https:\/\/colegioarquitectos.com\/noticias\/?p=24910","og_locale":"es_ES","og_type":"article","og_title":"Arquitecturas para la Salud: Un nuevo Comit\u00e9 del Colegio de Arquitectos de Chile - COLEGIO DE ARQUITECTOS DE CHILE","og_description":"El nuevo Comit\u00e9 de Arquitecturas para la Salud del Colegio de Arquitectos de Chile surge de un grupo de WhatsApp de trabajo llamado \u00abCabildo Arq. Hospitalaria, creado el 15 de noviembre de 2019, en donde se abordan de\u00a0manera horizontal y &hellip; ver m\u00e1s","og_url":"https:\/\/colegioarquitectos.com\/noticias\/?p=24910","og_site_name":"COLEGIO DE ARQUITECTOS DE CHILE","article_publisher":"https:\/\/facebook.com\/Colegioarq\/","article_published_time":"2020-04-22T18:19:12+00:00","og_image":[{"width":690,"height":350,"url":"https:\/\/colegioarquitectos.com\/noticias\/wp-content\/uploads\/2020\/04\/ENCABEZADO.png","type":"image\/png"}],"author":"Colegio de Arquitectos de Chile","twitter_card":"summary_large_image","twitter_creator":"@colegioarq","twitter_site":"@colegioarq","twitter_misc":{"Escrito por":"Colegio de Arquitectos de Chile","Tiempo de lectura":"3 minutos"},"schema":{"@context":"https:\/\/schema.org","@graph":[{"@type":"Article","@id":"https:\/\/colegioarquitectos.com\/noticias\/?p=24910#article","isPartOf":{"@id":"https:\/\/colegioarquitectos.com\/noticias\/?p=24910"},"author":{"name":"Colegio de Arquitectos de Chile","@id":"https:\/\/colegioarquitectos.com\/noticias\/#\/schema\/person\/685cc0aad148303c5608f049af8285ad"},"headline":"Arquitecturas para la Salud: Un nuevo Comit\u00e9 del Colegio de Arquitectos de Chile","datePublished":"2020-04-22T18:19:12+00:00","dateModified":"2020-04-22T18:19:12+00:00","mainEntityOfPage":{"@id":"https:\/\/colegioarquitectos.com\/noticias\/?p=24910"},"wordCount":658,"publisher":{"@id":"https:\/\/colegioarquitectos.com\/noticias\/#organization"},"image":{"@id":"https:\/\/colegioarquitectos.com\/noticias\/?p=24910#primaryimage"},"thumbnailUrl":"https:\/\/colegioarquitectos.com\/noticias\/wp-content\/uploads\/2020\/04\/ENCABEZADO.png","articleSection":["Comit\u00e9s","COVID-19"],"inLanguage":"es"},{"@type":"WebPage","@id":"https:\/\/colegioarquitectos.com\/noticias\/?p=24910","url":"https:\/\/colegioarquitectos.com\/noticias\/?p=24910","name":"Arquitecturas para la Salud: Un nuevo Comit\u00e9 del Colegio de Arquitectos de Chile - COLEGIO DE ARQUITECTOS DE CHILE","isPartOf":{"@id":"https:\/\/colegioarquitectos.com\/noticias\/#website"},"primaryImageOfPage":{"@id":"https:\/\/colegioarquitectos.com\/noticias\/?p=24910#primaryimage"},"image":{"@id":"https:\/\/colegioarquitectos.com\/noticias\/?p=24910#primaryimage"},"thumbnailUrl":"https:\/\/colegioarquitectos.com\/noticias\/wp-content\/uploads\/2020\/04\/ENCABEZADO.png","datePublished":"2020-04-22T18:19:12+00:00","dateModified":"2020-04-22T18:19:12+00:00","breadcrumb":{"@id":"https:\/\/colegioarquitectos.com\/noticias\/?p=24910#breadcrumb"},"inLanguage":"es","potentialAction":[{"@type":"ReadAction","target":["https:\/\/colegioarquitectos.com\/noticias\/?p=24910"]}]},{"@type":"ImageObject","inLanguage":"es","@id":"https:\/\/colegioarquitectos.com\/noticias\/?p=24910#primaryimage","url":"https:\/\/colegioarquitectos.com\/noticias\/wp-content\/uploads\/2020\/04\/ENCABEZADO.png","contentUrl":"https:\/\/colegioarquitectos.com\/noticias\/wp-content\/uploads\/2020\/04\/ENCABEZADO.png","width":690,"height":350},{"@type":"BreadcrumbList","@id":"https:\/\/colegioarquitectos.com\/noticias\/?p=24910#breadcrumb","itemListElement":[{"@type":"ListItem","position":1,"name":"Portada","item":"https:\/\/colegioarquitectos.com\/noticias"},{"@type":"ListItem","position":2,"name":"Arquitecturas para la Salud: Un nuevo Comit\u00e9 del Colegio de Arquitectos de Chile"}]},{"@type":"WebSite","@id":"https:\/\/colegioarquitectos.com\/noticias\/#website","url":"https:\/\/colegioarquitectos.com\/noticias\/","name":"COLEGIO DE ARQUITECTOS DE CHILE","description":"","publisher":{"@id":"https:\/\/colegioarquitectos.com\/noticias\/#organization"},"potentialAction":[{"@type":"SearchAction","target":{"@type":"EntryPoint","urlTemplate":"https:\/\/colegioarquitectos.com\/noticias\/?s={search_term_string}"},"query-input":{"@type":"PropertyValueSpecification","valueRequired":true,"valueName":"search_term_string"}}],"inLanguage":"es"},{"@type":"Organization","@id":"https:\/\/colegioarquitectos.com\/noticias\/#organization","name":"COLEGIO DE ARQUITECTOS DE CHILE","url":"https:\/\/colegioarquitectos.com\/noticias\/","logo":{"@type":"ImageObject","inLanguage":"es","@id":"https:\/\/colegioarquitectos.com\/noticias\/#\/schema\/logo\/image\/","url":"https:\/\/colegioarquitectos.com\/noticias\/wp-content\/uploads\/2021\/05\/ENCABEZADO-LOGO-CA.jpg","contentUrl":"https:\/\/colegioarquitectos.com\/noticias\/wp-content\/uploads\/2021\/05\/ENCABEZADO-LOGO-CA.jpg","width":690,"height":350,"caption":"COLEGIO DE ARQUITECTOS DE CHILE"},"image":{"@id":"https:\/\/colegioarquitectos.com\/noticias\/#\/schema\/logo\/image\/"},"sameAs":["https:\/\/facebook.com\/Colegioarq\/","https:\/\/x.com\/colegioarq","https:\/\/instagram.com\/colegioarq","https:\/\/youtube.com\/@ColegiodeArquitectosdeChile"]},{"@type":"Person","@id":"https:\/\/colegioarquitectos.com\/noticias\/#\/schema\/person\/685cc0aad148303c5608f049af8285ad","name":"Colegio de Arquitectos de Chile","url":"https:\/\/colegioarquitectos.com\/noticias\/?author=4"}]}},"_links":{"self":[{"href":"https:\/\/colegioarquitectos.com\/noticias\/index.php?rest_route=\/wp\/v2\/posts\/24910","targetHints":{"allow":["GET"]}}],"collection":[{"href":"https:\/\/colegioarquitectos.com\/noticias\/index.php?rest_route=\/wp\/v2\/posts"}],"about":[{"href":"https:\/\/colegioarquitectos.com\/noticias\/index.php?rest_route=\/wp\/v2\/types\/post"}],"author":[{"embeddable":true,"href":"https:\/\/colegioarquitectos.com\/noticias\/index.php?rest_route=\/wp\/v2\/users\/4"}],"replies":[{"embeddable":true,"href":"https:\/\/colegioarquitectos.com\/noticias\/index.php?rest_route=%2Fwp%2Fv2%2Fcomments&post=24910"}],"version-history":[{"count":0,"href":"https:\/\/colegioarquitectos.com\/noticias\/index.php?rest_route=\/wp\/v2\/posts\/24910\/revisions"}],"wp:featuredmedia":[{"embeddable":true,"href":"https:\/\/colegioarquitectos.com\/noticias\/index.php?rest_route=\/wp\/v2\/media\/24927"}],"wp:attachment":[{"href":"https:\/\/colegioarquitectos.com\/noticias\/index.php?rest_route=%2Fwp%2Fv2%2Fmedia&parent=24910"}],"wp:term":[{"taxonomy":"category","embeddable":true,"href":"https:\/\/colegioarquitectos.com\/noticias\/index.php?rest_route=%2Fwp%2Fv2%2Fcategories&post=24910"},{"taxonomy":"post_tag","embeddable":true,"href":"https:\/\/colegioarquitectos.com\/noticias\/index.php?rest_route=%2Fwp%2Fv2%2Ftags&post=24910"}],"curies":[{"name":"wp","href":"https:\/\/api.w.org\/{rel}","templated":true}]}}