
{"id":24949,"date":"2020-04-30T14:29:45","date_gmt":"2020-04-30T14:29:45","guid":{"rendered":"http:\/\/colegioarquitectos.com\/?p=24949"},"modified":"2020-04-30T14:29:45","modified_gmt":"2020-04-30T14:29:45","slug":"monica-alvarez-de-oro-se-convierte-en-la-primera-presidenta-de-la-asociacion-de-oficinas-de-arquitectos","status":"publish","type":"post","link":"https:\/\/colegioarquitectos.com\/noticias\/?p=24949","title":{"rendered":"M\u00f3nica \u00c1lvarez de Oro se convierte en la primera Presidenta de la Asociaci\u00f3n de Oficinas de Arquitectos"},"content":{"rendered":"<p><strong>M\u00f3nica \u00c1lvarez de Oro<\/strong>, socia de <strong>MAO Arquitectos<\/strong> y directora de la <strong>Asociaci\u00f3n de Oficinas de Arquitectos<\/strong> desde 2018, fue reelecta para un nuevo periodo en el reciente proceso eleccionario desarrollado v\u00eda voto electr\u00f3nico. Durante la primera sesi\u00f3n del nuevo directorio, fue elegida por unanimidad como <strong>Presidenta<\/strong> de la AOA en un mandato que se extender\u00e1 por <strong>dos a\u00f1os<\/strong>.<\/p>\n<p><strong>En esa direcci\u00f3n, de forma hist\u00f3rica, M\u00f3nica \u00c1lvarez de Oro se convierte en la primera mujer en ser Presidenta de la Asociaci\u00f3n de Oficinas de Arquitectos.<\/strong><\/p>\n<p>\u00abEn estos momentos especiales, queremos fortalecer el trabajo en conjunto para, eventualmente, proponer pol\u00edticas p\u00fablicas y acciones privadas, enfrentando lo que viene y la forma en que afectar\u00e1 a nuestras ciudades. Tenemos responsabilidad tanto en ello como con nuestras oficinas asociadas. Se abren muchos escenarios posibles luego del estallido social y la pandemia que nos afecta, por ello es urgente abrir espacios de conversaci\u00f3n y reflexi\u00f3n, asumiendo un rol propositivo y no qued\u00e1ndonos como espectadores que esperan soluciones\u00bb, coment\u00f3 en su presentaci\u00f3n como Presidenta ante la Asamblea Ordinaria de Socios, que fue realizada de manera virtual.<\/p>\n<p><strong>M\u00f3nica \u00c1lvarez de Oro<\/strong> es arquitecta de la Universidad de Chile, mag\u00edster en Direcci\u00f3n de Proyectos con Eficiencia Energ\u00e9tica de la Universidad Mayor y diplomada en Arquitectura del Paisaje de la Pontificia Universidad Cat\u00f3lica. Tambi\u00e9n es socia de MAO Arquitectos, adem\u00e1s de socia y directora de Seismic A+E, consorcio de oficinas en formaci\u00f3n para exportaci\u00f3n de servicios de arquitectura e ingenier\u00eda a China, con apoyo de Corfo.<\/p>\n<p>Adem\u00e1s de su trabajo orientado a la eficiencia energ\u00e9tica y el cuidado del medioambiente en la ejecuci\u00f3n de proyectos, como directora AOA se ha desempe\u00f1ado con \u00e9xito encabezando el comit\u00e9 de Globalizaci\u00f3n y Misiones<a href=\"http:\/\/www.aoa.cl\/post\/m%C3%B3nica-%C3%A1lvarez-de-oro-seguiremos-aumentando-nuestras-redes-mostrando-la-arquitectura-chilena\"><\/a>, instancia que en el \u00faltimo periodo organiz\u00f3 una Misi\u00f3n Tecnol\u00f3gica a Escandinavia, visitando importantes oficinas en Dinamarca, Noruega y Suecia, varias de las cuales participaron luego en Enexpro, feria de exportaci\u00f3n de servicios organizada con Prochile. Durante su periodo como presidenta del Comit\u00e9, AOA tambi\u00e9n colabor\u00f3 con el Colegio de Arquitectos de Chile y la Bienal de Arquitectura y Urbanismo, y realiz\u00f3 una Misi\u00f3n Hist\u00f3rico Cultural a Montevideo.<\/p>\n<p>En la reciente elecci\u00f3n, tambi\u00e9n se incorporaron la arquitecta <strong>\u00c1ngela Delorenzo<\/strong> y el arquitecto <strong>Cristi\u00e1n Undurraga<\/strong>, mientras que fueron reelegidos <strong>M\u00f3nica \u00c1lvarez de Oro<\/strong> (Presidenta) y <strong>Jos\u00e9 Ram\u00f3n Ugarte<\/strong> (Vicepresidente). Se unen a los directores <strong>Juan Sabbagh<\/strong>, <strong>Francisca Pulido<\/strong> y <strong>Rodrigo Searle<\/strong>, quienes est\u00e1n a mitad de su periodo, mientras que <strong>Ignacio Hern\u00e1ndez<\/strong>, quien encabez\u00f3 la AOA entre 2018 y 2020, pasa a adoptar la figura de Past President, junto a <strong>Pablo Larra\u00edn<\/strong>.<\/p>\n<p>&nbsp;<\/p>\n<div id=\"attachment_24951\" style=\"width: 693px\" class=\"wp-caption aligncenter\"><img loading=\"lazy\" decoding=\"async\" aria-describedby=\"caption-attachment-24951\" class=\"size-large wp-image-24951\" src=\"http:\/\/colegioarquitectos.com\/noticias\/wp-content\/uploads\/2020\/04\/Mo\u0301nica-A\u0301lvarez-de-Oro-683x1024.jpg\" alt=\"\" width=\"683\" height=\"1024\" srcset=\"https:\/\/colegioarquitectos.com\/noticias\/wp-content\/uploads\/2020\/04\/Mo\u0301nica-A\u0301lvarez-de-Oro-683x1024.jpg 683w, https:\/\/colegioarquitectos.com\/noticias\/wp-content\/uploads\/2020\/04\/Mo\u0301nica-A\u0301lvarez-de-Oro-200x300.jpg 200w, https:\/\/colegioarquitectos.com\/noticias\/wp-content\/uploads\/2020\/04\/Mo\u0301nica-A\u0301lvarez-de-Oro.jpg 720w\" sizes=\"auto, (max-width: 683px) 100vw, 683px\" \/><p id=\"caption-attachment-24951\" class=\"wp-caption-text\">Mo\u0301nica A\u0301lvarez de Oro, primera Presidenta de la Asociaci\u00f3n de Oficinas de Arquitectos<\/p><\/div>\n<p><\/p>","protected":false},"excerpt":{"rendered":"<p>M\u00f3nica \u00c1lvarez de Oro, socia de MAO Arquitectos y directora de la Asociaci\u00f3n de Oficinas de Arquitectos desde 2018, fue reelecta para un nuevo periodo en el reciente proceso eleccionario desarrollado v\u00eda voto electr\u00f3nico. Durante la primera sesi\u00f3n del nuevo &hellip; <a class=\"more-link\" href=\"https:\/\/colegioarquitectos.com\/noticias\/?p=24949\">ver m\u00e1s<\/a><\/p>","protected":false},"author":4,"featured_media":24950,"comment_status":"closed","ping_status":"closed","sticky":false,"template":"","format":"standard","meta":{"footnotes":""},"categories":[3],"tags":[],"class_list":["post-24949","post","type-post","status-publish","format-standard","has-post-thumbnail","hentry","category-noticias"],"yoast_head":"<!-- This site is optimized with the Yoast SEO plugin v24.2 - https:\/\/yoast.com\/wordpress\/plugins\/seo\/ -->\n<title>M\u00f3nica \u00c1lvarez de Oro se convierte en la primera Presidenta de la Asociaci\u00f3n de Oficinas de Arquitectos - COLEGIO DE ARQUITECTOS DE CHILE<\/title>\n<meta name=\"robots\" content=\"index, follow, max-snippet:-1, max-image-preview:large, max-video-preview:-1\" \/>\n<link rel=\"canonical\" href=\"https:\/\/colegioarquitectos.com\/noticias\/?p=24949\" \/>\n<meta property=\"og:locale\" content=\"es_ES\" \/>\n<meta property=\"og:type\" content=\"article\" \/>\n<meta property=\"og:title\" content=\"M\u00f3nica \u00c1lvarez de Oro se convierte en la primera Presidenta de la Asociaci\u00f3n de Oficinas de Arquitectos - COLEGIO DE ARQUITECTOS DE CHILE\" \/>\n<meta property=\"og:description\" content=\"M\u00f3nica \u00c1lvarez de Oro, socia de MAO Arquitectos y directora de la Asociaci\u00f3n de Oficinas de Arquitectos desde 2018, fue reelecta para un nuevo periodo en el reciente proceso eleccionario desarrollado v\u00eda voto electr\u00f3nico. Durante la primera sesi\u00f3n del nuevo &hellip; ver m\u00e1s\" \/>\n<meta property=\"og:url\" content=\"https:\/\/colegioarquitectos.com\/noticias\/?p=24949\" \/>\n<meta property=\"og:site_name\" content=\"COLEGIO DE ARQUITECTOS DE CHILE\" \/>\n<meta property=\"article:publisher\" content=\"https:\/\/facebook.com\/Colegioarq\/\" \/>\n<meta property=\"article:published_time\" content=\"2020-04-30T14:29:45+00:00\" \/>\n<meta property=\"og:image\" content=\"https:\/\/colegioarquitectos.com\/noticias\/wp-content\/uploads\/2020\/04\/Captura-de-pantalla-2020-04-30-a-las-10.28.59.png\" \/>\n\t<meta property=\"og:image:width\" content=\"690\" \/>\n\t<meta property=\"og:image:height\" content=\"350\" \/>\n\t<meta property=\"og:image:type\" content=\"image\/png\" \/>\n<meta name=\"author\" content=\"Colegio de Arquitectos de Chile\" \/>\n<meta name=\"twitter:card\" content=\"summary_large_image\" \/>\n<meta name=\"twitter:creator\" content=\"@colegioarq\" \/>\n<meta name=\"twitter:site\" content=\"@colegioarq\" \/>\n<meta name=\"twitter:label1\" content=\"Escrito por\" \/>\n\t<meta name=\"twitter:data1\" content=\"Colegio de Arquitectos de Chile\" \/>\n\t<meta name=\"twitter:label2\" content=\"Tiempo de lectura\" \/>\n\t<meta name=\"twitter:data2\" content=\"2 minutos\" \/>\n<script type=\"application\/ld+json\" class=\"yoast-schema-graph\">{\"@context\":\"https:\/\/schema.org\",\"@graph\":[{\"@type\":\"Article\",\"@id\":\"https:\/\/colegioarquitectos.com\/noticias\/?p=24949#article\",\"isPartOf\":{\"@id\":\"https:\/\/colegioarquitectos.com\/noticias\/?p=24949\"},\"author\":{\"name\":\"Colegio de Arquitectos de Chile\",\"@id\":\"https:\/\/colegioarquitectos.com\/noticias\/#\/schema\/person\/685cc0aad148303c5608f049af8285ad\"},\"headline\":\"M\u00f3nica \u00c1lvarez de Oro se convierte en la primera Presidenta de la Asociaci\u00f3n de Oficinas de Arquitectos\",\"datePublished\":\"2020-04-30T14:29:45+00:00\",\"dateModified\":\"2020-04-30T14:29:45+00:00\",\"mainEntityOfPage\":{\"@id\":\"https:\/\/colegioarquitectos.com\/noticias\/?p=24949\"},\"wordCount\":509,\"publisher\":{\"@id\":\"https:\/\/colegioarquitectos.com\/noticias\/#organization\"},\"image\":{\"@id\":\"https:\/\/colegioarquitectos.com\/noticias\/?p=24949#primaryimage\"},\"thumbnailUrl\":\"https:\/\/colegioarquitectos.com\/noticias\/wp-content\/uploads\/2020\/04\/Captura-de-pantalla-2020-04-30-a-las-10.28.59.png\",\"articleSection\":[\"Noticias\"],\"inLanguage\":\"es\"},{\"@type\":\"WebPage\",\"@id\":\"https:\/\/colegioarquitectos.com\/noticias\/?p=24949\",\"url\":\"https:\/\/colegioarquitectos.com\/noticias\/?p=24949\",\"name\":\"M\u00f3nica \u00c1lvarez de Oro se convierte en la primera Presidenta de la Asociaci\u00f3n de Oficinas de Arquitectos - COLEGIO DE ARQUITECTOS DE CHILE\",\"isPartOf\":{\"@id\":\"https:\/\/colegioarquitectos.com\/noticias\/#website\"},\"primaryImageOfPage\":{\"@id\":\"https:\/\/colegioarquitectos.com\/noticias\/?p=24949#primaryimage\"},\"image\":{\"@id\":\"https:\/\/colegioarquitectos.com\/noticias\/?p=24949#primaryimage\"},\"thumbnailUrl\":\"https:\/\/colegioarquitectos.com\/noticias\/wp-content\/uploads\/2020\/04\/Captura-de-pantalla-2020-04-30-a-las-10.28.59.png\",\"datePublished\":\"2020-04-30T14:29:45+00:00\",\"dateModified\":\"2020-04-30T14:29:45+00:00\",\"breadcrumb\":{\"@id\":\"https:\/\/colegioarquitectos.com\/noticias\/?p=24949#breadcrumb\"},\"inLanguage\":\"es\",\"potentialAction\":[{\"@type\":\"ReadAction\",\"target\":[\"https:\/\/colegioarquitectos.com\/noticias\/?p=24949\"]}]},{\"@type\":\"ImageObject\",\"inLanguage\":\"es\",\"@id\":\"https:\/\/colegioarquitectos.com\/noticias\/?p=24949#primaryimage\",\"url\":\"https:\/\/colegioarquitectos.com\/noticias\/wp-content\/uploads\/2020\/04\/Captura-de-pantalla-2020-04-30-a-las-10.28.59.png\",\"contentUrl\":\"https:\/\/colegioarquitectos.com\/noticias\/wp-content\/uploads\/2020\/04\/Captura-de-pantalla-2020-04-30-a-las-10.28.59.png\",\"width\":690,\"height\":350},{\"@type\":\"BreadcrumbList\",\"@id\":\"https:\/\/colegioarquitectos.com\/noticias\/?p=24949#breadcrumb\",\"itemListElement\":[{\"@type\":\"ListItem\",\"position\":1,\"name\":\"Portada\",\"item\":\"https:\/\/colegioarquitectos.com\/noticias\"},{\"@type\":\"ListItem\",\"position\":2,\"name\":\"M\u00f3nica \u00c1lvarez de Oro se convierte en la primera Presidenta de la Asociaci\u00f3n de Oficinas de Arquitectos\"}]},{\"@type\":\"WebSite\",\"@id\":\"https:\/\/colegioarquitectos.com\/noticias\/#website\",\"url\":\"https:\/\/colegioarquitectos.com\/noticias\/\",\"name\":\"COLEGIO DE ARQUITECTOS DE CHILE\",\"description\":\"\",\"publisher\":{\"@id\":\"https:\/\/colegioarquitectos.com\/noticias\/#organization\"},\"potentialAction\":[{\"@type\":\"SearchAction\",\"target\":{\"@type\":\"EntryPoint\",\"urlTemplate\":\"https:\/\/colegioarquitectos.com\/noticias\/?s={search_term_string}\"},\"query-input\":{\"@type\":\"PropertyValueSpecification\",\"valueRequired\":true,\"valueName\":\"search_term_string\"}}],\"inLanguage\":\"es\"},{\"@type\":\"Organization\",\"@id\":\"https:\/\/colegioarquitectos.com\/noticias\/#organization\",\"name\":\"COLEGIO DE ARQUITECTOS DE CHILE\",\"url\":\"https:\/\/colegioarquitectos.com\/noticias\/\",\"logo\":{\"@type\":\"ImageObject\",\"inLanguage\":\"es\",\"@id\":\"https:\/\/colegioarquitectos.com\/noticias\/#\/schema\/logo\/image\/\",\"url\":\"https:\/\/colegioarquitectos.com\/noticias\/wp-content\/uploads\/2021\/05\/ENCABEZADO-LOGO-CA.jpg\",\"contentUrl\":\"https:\/\/colegioarquitectos.com\/noticias\/wp-content\/uploads\/2021\/05\/ENCABEZADO-LOGO-CA.jpg\",\"width\":690,\"height\":350,\"caption\":\"COLEGIO DE ARQUITECTOS DE CHILE\"},\"image\":{\"@id\":\"https:\/\/colegioarquitectos.com\/noticias\/#\/schema\/logo\/image\/\"},\"sameAs\":[\"https:\/\/facebook.com\/Colegioarq\/\",\"https:\/\/x.com\/colegioarq\",\"https:\/\/instagram.com\/colegioarq\",\"https:\/\/youtube.com\/@ColegiodeArquitectosdeChile\"]},{\"@type\":\"Person\",\"@id\":\"https:\/\/colegioarquitectos.com\/noticias\/#\/schema\/person\/685cc0aad148303c5608f049af8285ad\",\"name\":\"Colegio de Arquitectos de Chile\",\"url\":\"https:\/\/colegioarquitectos.com\/noticias\/?author=4\"}]}<\/script>\n<!-- \/ Yoast SEO plugin. -->","yoast_head_json":{"title":"M\u00f3nica \u00c1lvarez de Oro se convierte en la primera Presidenta de la Asociaci\u00f3n de Oficinas de Arquitectos - COLEGIO DE ARQUITECTOS DE CHILE","robots":{"index":"index","follow":"follow","max-snippet":"max-snippet:-1","max-image-preview":"max-image-preview:large","max-video-preview":"max-video-preview:-1"},"canonical":"https:\/\/colegioarquitectos.com\/noticias\/?p=24949","og_locale":"es_ES","og_type":"article","og_title":"M\u00f3nica \u00c1lvarez de Oro se convierte en la primera Presidenta de la Asociaci\u00f3n de Oficinas de Arquitectos - COLEGIO DE ARQUITECTOS DE CHILE","og_description":"M\u00f3nica \u00c1lvarez de Oro, socia de MAO Arquitectos y directora de la Asociaci\u00f3n de Oficinas de Arquitectos desde 2018, fue reelecta para un nuevo periodo en el reciente proceso eleccionario desarrollado v\u00eda voto electr\u00f3nico. Durante la primera sesi\u00f3n del nuevo &hellip; ver m\u00e1s","og_url":"https:\/\/colegioarquitectos.com\/noticias\/?p=24949","og_site_name":"COLEGIO DE ARQUITECTOS DE CHILE","article_publisher":"https:\/\/facebook.com\/Colegioarq\/","article_published_time":"2020-04-30T14:29:45+00:00","og_image":[{"width":690,"height":350,"url":"https:\/\/colegioarquitectos.com\/noticias\/wp-content\/uploads\/2020\/04\/Captura-de-pantalla-2020-04-30-a-las-10.28.59.png","type":"image\/png"}],"author":"Colegio de Arquitectos de Chile","twitter_card":"summary_large_image","twitter_creator":"@colegioarq","twitter_site":"@colegioarq","twitter_misc":{"Escrito por":"Colegio de Arquitectos de Chile","Tiempo de lectura":"2 minutos"},"schema":{"@context":"https:\/\/schema.org","@graph":[{"@type":"Article","@id":"https:\/\/colegioarquitectos.com\/noticias\/?p=24949#article","isPartOf":{"@id":"https:\/\/colegioarquitectos.com\/noticias\/?p=24949"},"author":{"name":"Colegio de Arquitectos de Chile","@id":"https:\/\/colegioarquitectos.com\/noticias\/#\/schema\/person\/685cc0aad148303c5608f049af8285ad"},"headline":"M\u00f3nica \u00c1lvarez de Oro se convierte en la primera Presidenta de la Asociaci\u00f3n de Oficinas de Arquitectos","datePublished":"2020-04-30T14:29:45+00:00","dateModified":"2020-04-30T14:29:45+00:00","mainEntityOfPage":{"@id":"https:\/\/colegioarquitectos.com\/noticias\/?p=24949"},"wordCount":509,"publisher":{"@id":"https:\/\/colegioarquitectos.com\/noticias\/#organization"},"image":{"@id":"https:\/\/colegioarquitectos.com\/noticias\/?p=24949#primaryimage"},"thumbnailUrl":"https:\/\/colegioarquitectos.com\/noticias\/wp-content\/uploads\/2020\/04\/Captura-de-pantalla-2020-04-30-a-las-10.28.59.png","articleSection":["Noticias"],"inLanguage":"es"},{"@type":"WebPage","@id":"https:\/\/colegioarquitectos.com\/noticias\/?p=24949","url":"https:\/\/colegioarquitectos.com\/noticias\/?p=24949","name":"M\u00f3nica \u00c1lvarez de Oro se convierte en la primera Presidenta de la Asociaci\u00f3n de Oficinas de Arquitectos - COLEGIO DE ARQUITECTOS DE CHILE","isPartOf":{"@id":"https:\/\/colegioarquitectos.com\/noticias\/#website"},"primaryImageOfPage":{"@id":"https:\/\/colegioarquitectos.com\/noticias\/?p=24949#primaryimage"},"image":{"@id":"https:\/\/colegioarquitectos.com\/noticias\/?p=24949#primaryimage"},"thumbnailUrl":"https:\/\/colegioarquitectos.com\/noticias\/wp-content\/uploads\/2020\/04\/Captura-de-pantalla-2020-04-30-a-las-10.28.59.png","datePublished":"2020-04-30T14:29:45+00:00","dateModified":"2020-04-30T14:29:45+00:00","breadcrumb":{"@id":"https:\/\/colegioarquitectos.com\/noticias\/?p=24949#breadcrumb"},"inLanguage":"es","potentialAction":[{"@type":"ReadAction","target":["https:\/\/colegioarquitectos.com\/noticias\/?p=24949"]}]},{"@type":"ImageObject","inLanguage":"es","@id":"https:\/\/colegioarquitectos.com\/noticias\/?p=24949#primaryimage","url":"https:\/\/colegioarquitectos.com\/noticias\/wp-content\/uploads\/2020\/04\/Captura-de-pantalla-2020-04-30-a-las-10.28.59.png","contentUrl":"https:\/\/colegioarquitectos.com\/noticias\/wp-content\/uploads\/2020\/04\/Captura-de-pantalla-2020-04-30-a-las-10.28.59.png","width":690,"height":350},{"@type":"BreadcrumbList","@id":"https:\/\/colegioarquitectos.com\/noticias\/?p=24949#breadcrumb","itemListElement":[{"@type":"ListItem","position":1,"name":"Portada","item":"https:\/\/colegioarquitectos.com\/noticias"},{"@type":"ListItem","position":2,"name":"M\u00f3nica \u00c1lvarez de Oro se convierte en la primera Presidenta de la Asociaci\u00f3n de Oficinas de Arquitectos"}]},{"@type":"WebSite","@id":"https:\/\/colegioarquitectos.com\/noticias\/#website","url":"https:\/\/colegioarquitectos.com\/noticias\/","name":"COLEGIO DE ARQUITECTOS DE CHILE","description":"","publisher":{"@id":"https:\/\/colegioarquitectos.com\/noticias\/#organization"},"potentialAction":[{"@type":"SearchAction","target":{"@type":"EntryPoint","urlTemplate":"https:\/\/colegioarquitectos.com\/noticias\/?s={search_term_string}"},"query-input":{"@type":"PropertyValueSpecification","valueRequired":true,"valueName":"search_term_string"}}],"inLanguage":"es"},{"@type":"Organization","@id":"https:\/\/colegioarquitectos.com\/noticias\/#organization","name":"COLEGIO DE ARQUITECTOS DE CHILE","url":"https:\/\/colegioarquitectos.com\/noticias\/","logo":{"@type":"ImageObject","inLanguage":"es","@id":"https:\/\/colegioarquitectos.com\/noticias\/#\/schema\/logo\/image\/","url":"https:\/\/colegioarquitectos.com\/noticias\/wp-content\/uploads\/2021\/05\/ENCABEZADO-LOGO-CA.jpg","contentUrl":"https:\/\/colegioarquitectos.com\/noticias\/wp-content\/uploads\/2021\/05\/ENCABEZADO-LOGO-CA.jpg","width":690,"height":350,"caption":"COLEGIO DE ARQUITECTOS DE CHILE"},"image":{"@id":"https:\/\/colegioarquitectos.com\/noticias\/#\/schema\/logo\/image\/"},"sameAs":["https:\/\/facebook.com\/Colegioarq\/","https:\/\/x.com\/colegioarq","https:\/\/instagram.com\/colegioarq","https:\/\/youtube.com\/@ColegiodeArquitectosdeChile"]},{"@type":"Person","@id":"https:\/\/colegioarquitectos.com\/noticias\/#\/schema\/person\/685cc0aad148303c5608f049af8285ad","name":"Colegio de Arquitectos de Chile","url":"https:\/\/colegioarquitectos.com\/noticias\/?author=4"}]}},"_links":{"self":[{"href":"https:\/\/colegioarquitectos.com\/noticias\/index.php?rest_route=\/wp\/v2\/posts\/24949","targetHints":{"allow":["GET"]}}],"collection":[{"href":"https:\/\/colegioarquitectos.com\/noticias\/index.php?rest_route=\/wp\/v2\/posts"}],"about":[{"href":"https:\/\/colegioarquitectos.com\/noticias\/index.php?rest_route=\/wp\/v2\/types\/post"}],"author":[{"embeddable":true,"href":"https:\/\/colegioarquitectos.com\/noticias\/index.php?rest_route=\/wp\/v2\/users\/4"}],"replies":[{"embeddable":true,"href":"https:\/\/colegioarquitectos.com\/noticias\/index.php?rest_route=%2Fwp%2Fv2%2Fcomments&post=24949"}],"version-history":[{"count":0,"href":"https:\/\/colegioarquitectos.com\/noticias\/index.php?rest_route=\/wp\/v2\/posts\/24949\/revisions"}],"wp:featuredmedia":[{"embeddable":true,"href":"https:\/\/colegioarquitectos.com\/noticias\/index.php?rest_route=\/wp\/v2\/media\/24950"}],"wp:attachment":[{"href":"https:\/\/colegioarquitectos.com\/noticias\/index.php?rest_route=%2Fwp%2Fv2%2Fmedia&parent=24949"}],"wp:term":[{"taxonomy":"category","embeddable":true,"href":"https:\/\/colegioarquitectos.com\/noticias\/index.php?rest_route=%2Fwp%2Fv2%2Fcategories&post=24949"},{"taxonomy":"post_tag","embeddable":true,"href":"https:\/\/colegioarquitectos.com\/noticias\/index.php?rest_route=%2Fwp%2Fv2%2Ftags&post=24949"}],"curies":[{"name":"wp","href":"https:\/\/api.w.org\/{rel}","templated":true}]}}