
{"id":24957,"date":"2020-04-30T15:31:37","date_gmt":"2020-04-30T15:31:37","guid":{"rendered":"http:\/\/colegioarquitectos.com\/?p=24957"},"modified":"2020-05-04T15:39:53","modified_gmt":"2020-05-04T15:39:53","slug":"inscribete-en-el-curso-oficial-passivhaus-designer-100-streaming","status":"publish","type":"post","link":"https:\/\/colegioarquitectos.com\/noticias\/?p=24957","title":{"rendered":"Inscr\u00edbete en el Curso oficial Passivhaus Designer (100% streaming)"},"content":{"rendered":"<p>Durante <strong>mayo y junio<\/strong>, de manera online, se realizar\u00e1 la\u00a04\u00aa versi\u00f3n latinoamericana del <strong>Curso Passivhaus Designer<\/strong>, que permitir\u00e1 optar a ser <strong>Certified Passivhaus Designer<\/strong>.<\/p>\n<p>El curso se realizar\u00e1 en <strong>12 sesiones<\/strong> y cumple las regulaciones del <strong>Passive House Institute<\/strong> sobre Cursos Online.<\/p>\n<p><img loading=\"lazy\" decoding=\"async\" class=\"aligncenter size-large wp-image-24958\" src=\"http:\/\/colegioarquitectos.com\/noticias\/wp-content\/uploads\/2020\/05\/PROMOCION-PASSIVHAUS-1-1024x696.png\" alt=\"\" width=\"690\" height=\"469\" srcset=\"https:\/\/colegioarquitectos.com\/noticias\/wp-content\/uploads\/2020\/05\/PROMOCION-PASSIVHAUS-1-1024x696.png 1024w, https:\/\/colegioarquitectos.com\/noticias\/wp-content\/uploads\/2020\/05\/PROMOCION-PASSIVHAUS-1-300x204.png 300w, https:\/\/colegioarquitectos.com\/noticias\/wp-content\/uploads\/2020\/05\/PROMOCION-PASSIVHAUS-1-768x522.png 768w, https:\/\/colegioarquitectos.com\/noticias\/wp-content\/uploads\/2020\/05\/PROMOCION-PASSIVHAUS-1.png 1969w\" sizes=\"auto, (max-width: 690px) 100vw, 690px\" \/><\/p>\n<p>Puedes solicitar el programa e inscribirte escribiendo a <a href=\"mailto:mh@arquiambiente.cl\">mh@arquiambiente.cl<\/a> o llamando al <strong>+56981365348<\/strong> o <strong>+56222012415<\/strong>.<\/p>\n<p>El\u00a0<strong>Curso Passivhaus Designer<\/strong> es organizado por <strong>Casta\u00f1o &amp; Asociados Passivhaus<\/strong> y <strong>Arquiambiente<\/strong>, y es patrocinado por el <strong>Instituto Latinoamericano Passivhaus<\/strong>, <strong>GBC Chile<\/strong> y el <strong>Colegio de Arquitectos de Chile<\/strong>.<\/p>\n<p><\/p>","protected":false},"excerpt":{"rendered":"<p>Durante mayo y junio, de manera online, se realizar\u00e1 la\u00a04\u00aa versi\u00f3n latinoamericana del Curso Passivhaus Designer, que permitir\u00e1 optar a ser Certified Passivhaus Designer. El curso se realizar\u00e1 en 12 sesiones y cumple las regulaciones del Passive House Institute sobre &hellip; <a class=\"more-link\" href=\"https:\/\/colegioarquitectos.com\/noticias\/?p=24957\">ver m\u00e1s<\/a><\/p>","protected":false},"author":4,"featured_media":24960,"comment_status":"closed","ping_status":"closed","sticky":false,"template":"","format":"standard","meta":{"footnotes":""},"categories":[76,22],"tags":[],"class_list":["post-24957","post","type-post","status-publish","format-standard","has-post-thumbnail","hentry","category-covid-19","category-cursos"],"yoast_head":"<!-- This site is optimized with the Yoast SEO plugin v24.2 - https:\/\/yoast.com\/wordpress\/plugins\/seo\/ -->\n<title>Inscr\u00edbete en el Curso oficial Passivhaus Designer (100% streaming) - COLEGIO DE ARQUITECTOS DE CHILE<\/title>\n<meta name=\"robots\" content=\"index, follow, max-snippet:-1, max-image-preview:large, max-video-preview:-1\" \/>\n<link rel=\"canonical\" href=\"https:\/\/colegioarquitectos.com\/noticias\/?p=24957\" \/>\n<meta property=\"og:locale\" content=\"es_ES\" \/>\n<meta property=\"og:type\" content=\"article\" \/>\n<meta property=\"og:title\" content=\"Inscr\u00edbete en el Curso oficial Passivhaus Designer (100% streaming) - COLEGIO DE ARQUITECTOS DE CHILE\" \/>\n<meta property=\"og:description\" content=\"Durante mayo y junio, de manera online, se realizar\u00e1 la\u00a04\u00aa versi\u00f3n latinoamericana del Curso Passivhaus Designer, que permitir\u00e1 optar a ser Certified Passivhaus Designer. El curso se realizar\u00e1 en 12 sesiones y cumple las regulaciones del Passive House Institute sobre &hellip; ver m\u00e1s\" \/>\n<meta property=\"og:url\" content=\"https:\/\/colegioarquitectos.com\/noticias\/?p=24957\" \/>\n<meta property=\"og:site_name\" content=\"COLEGIO DE ARQUITECTOS DE CHILE\" \/>\n<meta property=\"article:publisher\" content=\"https:\/\/facebook.com\/Colegioarq\/\" \/>\n<meta property=\"article:published_time\" content=\"2020-04-30T15:31:37+00:00\" \/>\n<meta property=\"article:modified_time\" content=\"2020-05-04T15:39:53+00:00\" \/>\n<meta property=\"og:image\" content=\"https:\/\/colegioarquitectos.com\/noticias\/wp-content\/uploads\/2020\/05\/ENCABEZADO.png\" \/>\n\t<meta property=\"og:image:width\" content=\"690\" \/>\n\t<meta property=\"og:image:height\" content=\"350\" \/>\n\t<meta property=\"og:image:type\" content=\"image\/png\" \/>\n<meta name=\"author\" content=\"Colegio de Arquitectos de Chile\" \/>\n<meta name=\"twitter:card\" content=\"summary_large_image\" \/>\n<meta name=\"twitter:creator\" content=\"@colegioarq\" \/>\n<meta name=\"twitter:site\" content=\"@colegioarq\" \/>\n<meta name=\"twitter:label1\" content=\"Escrito por\" \/>\n\t<meta name=\"twitter:data1\" content=\"Colegio de Arquitectos de Chile\" \/>\n<script type=\"application\/ld+json\" class=\"yoast-schema-graph\">{\"@context\":\"https:\/\/schema.org\",\"@graph\":[{\"@type\":\"Article\",\"@id\":\"https:\/\/colegioarquitectos.com\/noticias\/?p=24957#article\",\"isPartOf\":{\"@id\":\"https:\/\/colegioarquitectos.com\/noticias\/?p=24957\"},\"author\":{\"name\":\"Colegio de Arquitectos de Chile\",\"@id\":\"https:\/\/colegioarquitectos.com\/noticias\/#\/schema\/person\/685cc0aad148303c5608f049af8285ad\"},\"headline\":\"Inscr\u00edbete en el Curso oficial Passivhaus Designer (100% streaming)\",\"datePublished\":\"2020-04-30T15:31:37+00:00\",\"dateModified\":\"2020-05-04T15:39:53+00:00\",\"mainEntityOfPage\":{\"@id\":\"https:\/\/colegioarquitectos.com\/noticias\/?p=24957\"},\"wordCount\":97,\"publisher\":{\"@id\":\"https:\/\/colegioarquitectos.com\/noticias\/#organization\"},\"image\":{\"@id\":\"https:\/\/colegioarquitectos.com\/noticias\/?p=24957#primaryimage\"},\"thumbnailUrl\":\"https:\/\/colegioarquitectos.com\/noticias\/wp-content\/uploads\/2020\/05\/ENCABEZADO.png\",\"articleSection\":[\"COVID-19\",\"Cursos\"],\"inLanguage\":\"es\"},{\"@type\":\"WebPage\",\"@id\":\"https:\/\/colegioarquitectos.com\/noticias\/?p=24957\",\"url\":\"https:\/\/colegioarquitectos.com\/noticias\/?p=24957\",\"name\":\"Inscr\u00edbete en el Curso oficial Passivhaus Designer (100% streaming) - COLEGIO DE ARQUITECTOS DE CHILE\",\"isPartOf\":{\"@id\":\"https:\/\/colegioarquitectos.com\/noticias\/#website\"},\"primaryImageOfPage\":{\"@id\":\"https:\/\/colegioarquitectos.com\/noticias\/?p=24957#primaryimage\"},\"image\":{\"@id\":\"https:\/\/colegioarquitectos.com\/noticias\/?p=24957#primaryimage\"},\"thumbnailUrl\":\"https:\/\/colegioarquitectos.com\/noticias\/wp-content\/uploads\/2020\/05\/ENCABEZADO.png\",\"datePublished\":\"2020-04-30T15:31:37+00:00\",\"dateModified\":\"2020-05-04T15:39:53+00:00\",\"breadcrumb\":{\"@id\":\"https:\/\/colegioarquitectos.com\/noticias\/?p=24957#breadcrumb\"},\"inLanguage\":\"es\",\"potentialAction\":[{\"@type\":\"ReadAction\",\"target\":[\"https:\/\/colegioarquitectos.com\/noticias\/?p=24957\"]}]},{\"@type\":\"ImageObject\",\"inLanguage\":\"es\",\"@id\":\"https:\/\/colegioarquitectos.com\/noticias\/?p=24957#primaryimage\",\"url\":\"https:\/\/colegioarquitectos.com\/noticias\/wp-content\/uploads\/2020\/05\/ENCABEZADO.png\",\"contentUrl\":\"https:\/\/colegioarquitectos.com\/noticias\/wp-content\/uploads\/2020\/05\/ENCABEZADO.png\",\"width\":690,\"height\":350},{\"@type\":\"BreadcrumbList\",\"@id\":\"https:\/\/colegioarquitectos.com\/noticias\/?p=24957#breadcrumb\",\"itemListElement\":[{\"@type\":\"ListItem\",\"position\":1,\"name\":\"Portada\",\"item\":\"https:\/\/colegioarquitectos.com\/noticias\"},{\"@type\":\"ListItem\",\"position\":2,\"name\":\"Inscr\u00edbete en el Curso oficial Passivhaus Designer (100% streaming)\"}]},{\"@type\":\"WebSite\",\"@id\":\"https:\/\/colegioarquitectos.com\/noticias\/#website\",\"url\":\"https:\/\/colegioarquitectos.com\/noticias\/\",\"name\":\"COLEGIO DE ARQUITECTOS DE CHILE\",\"description\":\"\",\"publisher\":{\"@id\":\"https:\/\/colegioarquitectos.com\/noticias\/#organization\"},\"potentialAction\":[{\"@type\":\"SearchAction\",\"target\":{\"@type\":\"EntryPoint\",\"urlTemplate\":\"https:\/\/colegioarquitectos.com\/noticias\/?s={search_term_string}\"},\"query-input\":{\"@type\":\"PropertyValueSpecification\",\"valueRequired\":true,\"valueName\":\"search_term_string\"}}],\"inLanguage\":\"es\"},{\"@type\":\"Organization\",\"@id\":\"https:\/\/colegioarquitectos.com\/noticias\/#organization\",\"name\":\"COLEGIO DE ARQUITECTOS DE CHILE\",\"url\":\"https:\/\/colegioarquitectos.com\/noticias\/\",\"logo\":{\"@type\":\"ImageObject\",\"inLanguage\":\"es\",\"@id\":\"https:\/\/colegioarquitectos.com\/noticias\/#\/schema\/logo\/image\/\",\"url\":\"https:\/\/colegioarquitectos.com\/noticias\/wp-content\/uploads\/2021\/05\/ENCABEZADO-LOGO-CA.jpg\",\"contentUrl\":\"https:\/\/colegioarquitectos.com\/noticias\/wp-content\/uploads\/2021\/05\/ENCABEZADO-LOGO-CA.jpg\",\"width\":690,\"height\":350,\"caption\":\"COLEGIO DE ARQUITECTOS DE CHILE\"},\"image\":{\"@id\":\"https:\/\/colegioarquitectos.com\/noticias\/#\/schema\/logo\/image\/\"},\"sameAs\":[\"https:\/\/facebook.com\/Colegioarq\/\",\"https:\/\/x.com\/colegioarq\",\"https:\/\/instagram.com\/colegioarq\",\"https:\/\/youtube.com\/@ColegiodeArquitectosdeChile\"]},{\"@type\":\"Person\",\"@id\":\"https:\/\/colegioarquitectos.com\/noticias\/#\/schema\/person\/685cc0aad148303c5608f049af8285ad\",\"name\":\"Colegio de Arquitectos de Chile\",\"url\":\"https:\/\/colegioarquitectos.com\/noticias\/?author=4\"}]}<\/script>\n<!-- \/ Yoast SEO plugin. -->","yoast_head_json":{"title":"Inscr\u00edbete en el Curso oficial Passivhaus Designer (100% streaming) - COLEGIO DE ARQUITECTOS DE CHILE","robots":{"index":"index","follow":"follow","max-snippet":"max-snippet:-1","max-image-preview":"max-image-preview:large","max-video-preview":"max-video-preview:-1"},"canonical":"https:\/\/colegioarquitectos.com\/noticias\/?p=24957","og_locale":"es_ES","og_type":"article","og_title":"Inscr\u00edbete en el Curso oficial Passivhaus Designer (100% streaming) - COLEGIO DE ARQUITECTOS DE CHILE","og_description":"Durante mayo y junio, de manera online, se realizar\u00e1 la\u00a04\u00aa versi\u00f3n latinoamericana del Curso Passivhaus Designer, que permitir\u00e1 optar a ser Certified Passivhaus Designer. El curso se realizar\u00e1 en 12 sesiones y cumple las regulaciones del Passive House Institute sobre &hellip; ver m\u00e1s","og_url":"https:\/\/colegioarquitectos.com\/noticias\/?p=24957","og_site_name":"COLEGIO DE ARQUITECTOS DE CHILE","article_publisher":"https:\/\/facebook.com\/Colegioarq\/","article_published_time":"2020-04-30T15:31:37+00:00","article_modified_time":"2020-05-04T15:39:53+00:00","og_image":[{"width":690,"height":350,"url":"https:\/\/colegioarquitectos.com\/noticias\/wp-content\/uploads\/2020\/05\/ENCABEZADO.png","type":"image\/png"}],"author":"Colegio de Arquitectos de Chile","twitter_card":"summary_large_image","twitter_creator":"@colegioarq","twitter_site":"@colegioarq","twitter_misc":{"Escrito por":"Colegio de Arquitectos de Chile"},"schema":{"@context":"https:\/\/schema.org","@graph":[{"@type":"Article","@id":"https:\/\/colegioarquitectos.com\/noticias\/?p=24957#article","isPartOf":{"@id":"https:\/\/colegioarquitectos.com\/noticias\/?p=24957"},"author":{"name":"Colegio de Arquitectos de Chile","@id":"https:\/\/colegioarquitectos.com\/noticias\/#\/schema\/person\/685cc0aad148303c5608f049af8285ad"},"headline":"Inscr\u00edbete en el Curso oficial Passivhaus Designer (100% streaming)","datePublished":"2020-04-30T15:31:37+00:00","dateModified":"2020-05-04T15:39:53+00:00","mainEntityOfPage":{"@id":"https:\/\/colegioarquitectos.com\/noticias\/?p=24957"},"wordCount":97,"publisher":{"@id":"https:\/\/colegioarquitectos.com\/noticias\/#organization"},"image":{"@id":"https:\/\/colegioarquitectos.com\/noticias\/?p=24957#primaryimage"},"thumbnailUrl":"https:\/\/colegioarquitectos.com\/noticias\/wp-content\/uploads\/2020\/05\/ENCABEZADO.png","articleSection":["COVID-19","Cursos"],"inLanguage":"es"},{"@type":"WebPage","@id":"https:\/\/colegioarquitectos.com\/noticias\/?p=24957","url":"https:\/\/colegioarquitectos.com\/noticias\/?p=24957","name":"Inscr\u00edbete en el Curso oficial Passivhaus Designer (100% streaming) - COLEGIO DE ARQUITECTOS DE CHILE","isPartOf":{"@id":"https:\/\/colegioarquitectos.com\/noticias\/#website"},"primaryImageOfPage":{"@id":"https:\/\/colegioarquitectos.com\/noticias\/?p=24957#primaryimage"},"image":{"@id":"https:\/\/colegioarquitectos.com\/noticias\/?p=24957#primaryimage"},"thumbnailUrl":"https:\/\/colegioarquitectos.com\/noticias\/wp-content\/uploads\/2020\/05\/ENCABEZADO.png","datePublished":"2020-04-30T15:31:37+00:00","dateModified":"2020-05-04T15:39:53+00:00","breadcrumb":{"@id":"https:\/\/colegioarquitectos.com\/noticias\/?p=24957#breadcrumb"},"inLanguage":"es","potentialAction":[{"@type":"ReadAction","target":["https:\/\/colegioarquitectos.com\/noticias\/?p=24957"]}]},{"@type":"ImageObject","inLanguage":"es","@id":"https:\/\/colegioarquitectos.com\/noticias\/?p=24957#primaryimage","url":"https:\/\/colegioarquitectos.com\/noticias\/wp-content\/uploads\/2020\/05\/ENCABEZADO.png","contentUrl":"https:\/\/colegioarquitectos.com\/noticias\/wp-content\/uploads\/2020\/05\/ENCABEZADO.png","width":690,"height":350},{"@type":"BreadcrumbList","@id":"https:\/\/colegioarquitectos.com\/noticias\/?p=24957#breadcrumb","itemListElement":[{"@type":"ListItem","position":1,"name":"Portada","item":"https:\/\/colegioarquitectos.com\/noticias"},{"@type":"ListItem","position":2,"name":"Inscr\u00edbete en el Curso oficial Passivhaus Designer (100% streaming)"}]},{"@type":"WebSite","@id":"https:\/\/colegioarquitectos.com\/noticias\/#website","url":"https:\/\/colegioarquitectos.com\/noticias\/","name":"COLEGIO DE ARQUITECTOS DE CHILE","description":"","publisher":{"@id":"https:\/\/colegioarquitectos.com\/noticias\/#organization"},"potentialAction":[{"@type":"SearchAction","target":{"@type":"EntryPoint","urlTemplate":"https:\/\/colegioarquitectos.com\/noticias\/?s={search_term_string}"},"query-input":{"@type":"PropertyValueSpecification","valueRequired":true,"valueName":"search_term_string"}}],"inLanguage":"es"},{"@type":"Organization","@id":"https:\/\/colegioarquitectos.com\/noticias\/#organization","name":"COLEGIO DE ARQUITECTOS DE CHILE","url":"https:\/\/colegioarquitectos.com\/noticias\/","logo":{"@type":"ImageObject","inLanguage":"es","@id":"https:\/\/colegioarquitectos.com\/noticias\/#\/schema\/logo\/image\/","url":"https:\/\/colegioarquitectos.com\/noticias\/wp-content\/uploads\/2021\/05\/ENCABEZADO-LOGO-CA.jpg","contentUrl":"https:\/\/colegioarquitectos.com\/noticias\/wp-content\/uploads\/2021\/05\/ENCABEZADO-LOGO-CA.jpg","width":690,"height":350,"caption":"COLEGIO DE ARQUITECTOS DE CHILE"},"image":{"@id":"https:\/\/colegioarquitectos.com\/noticias\/#\/schema\/logo\/image\/"},"sameAs":["https:\/\/facebook.com\/Colegioarq\/","https:\/\/x.com\/colegioarq","https:\/\/instagram.com\/colegioarq","https:\/\/youtube.com\/@ColegiodeArquitectosdeChile"]},{"@type":"Person","@id":"https:\/\/colegioarquitectos.com\/noticias\/#\/schema\/person\/685cc0aad148303c5608f049af8285ad","name":"Colegio de Arquitectos de Chile","url":"https:\/\/colegioarquitectos.com\/noticias\/?author=4"}]}},"_links":{"self":[{"href":"https:\/\/colegioarquitectos.com\/noticias\/index.php?rest_route=\/wp\/v2\/posts\/24957","targetHints":{"allow":["GET"]}}],"collection":[{"href":"https:\/\/colegioarquitectos.com\/noticias\/index.php?rest_route=\/wp\/v2\/posts"}],"about":[{"href":"https:\/\/colegioarquitectos.com\/noticias\/index.php?rest_route=\/wp\/v2\/types\/post"}],"author":[{"embeddable":true,"href":"https:\/\/colegioarquitectos.com\/noticias\/index.php?rest_route=\/wp\/v2\/users\/4"}],"replies":[{"embeddable":true,"href":"https:\/\/colegioarquitectos.com\/noticias\/index.php?rest_route=%2Fwp%2Fv2%2Fcomments&post=24957"}],"version-history":[{"count":0,"href":"https:\/\/colegioarquitectos.com\/noticias\/index.php?rest_route=\/wp\/v2\/posts\/24957\/revisions"}],"wp:featuredmedia":[{"embeddable":true,"href":"https:\/\/colegioarquitectos.com\/noticias\/index.php?rest_route=\/wp\/v2\/media\/24960"}],"wp:attachment":[{"href":"https:\/\/colegioarquitectos.com\/noticias\/index.php?rest_route=%2Fwp%2Fv2%2Fmedia&parent=24957"}],"wp:term":[{"taxonomy":"category","embeddable":true,"href":"https:\/\/colegioarquitectos.com\/noticias\/index.php?rest_route=%2Fwp%2Fv2%2Fcategories&post=24957"},{"taxonomy":"post_tag","embeddable":true,"href":"https:\/\/colegioarquitectos.com\/noticias\/index.php?rest_route=%2Fwp%2Fv2%2Ftags&post=24957"}],"curies":[{"name":"wp","href":"https:\/\/api.w.org\/{rel}","templated":true}]}}