
{"id":24995,"date":"2020-05-27T10:00:22","date_gmt":"2020-05-27T10:00:22","guid":{"rendered":"http:\/\/colegioarquitectos.com\/?p=24995"},"modified":"2020-05-29T00:38:22","modified_gmt":"2020-05-29T00:38:22","slug":"vive-el-dia-del-patrimonio-cultural-en-casa-con-recorrido-virtual-360o-en-la-sede-nacional-del-colegio-de-arquitectos","status":"publish","type":"post","link":"https:\/\/colegioarquitectos.com\/noticias\/?p=24995","title":{"rendered":"Vive el D\u00eda del Patrimonio Cultural en Casa con un recorrido virtual 360\u00ba en la Sede Nacional del Colegio de Arquitectos"},"content":{"rendered":"<p><strong>Monumento Nacional<\/strong> desde <strong>2010<\/strong>, la Sede Nacional del <strong>Colegio de Arquitectos de Chile<\/strong> es una obra de <strong>1920<\/strong> del m\u00edtico arquitecto <strong>Luciano Kulczewski Garc\u00eda<\/strong>. Este \u00edcono de estilo <em>art nouveau<\/em> originalmente se compon\u00eda de dos viviendas, cada una con un gran hall de doble altura, bien iluminadas por ventanales y contaba en el primer piso con cinco locales comerciales.<\/p>\n<p>Como es tradici\u00f3n, este <strong>29, 30 y 31 de mayo<\/strong> celebraremos el <strong>D\u00eda del Patrimonio Cultural<\/strong>\u00a0organizado por el <strong>Consejo de Monumentos Nacionales de Chile<\/strong>, con una particularidad: este a\u00f1o ser\u00e1 una edici\u00f3n<strong> totalmente virtual <\/strong>a causa de la emergencia sanitaria<b>\u00a0<\/b>por el COVID-19.<\/p>\n<p>Queremos que toda la ciudadan\u00eda pueda visitar remotamente nuestra Sede Nacional, edificio patrimonial declarado Monumento Nacional, a trav\u00e9s de un <strong>recorrido virtual 360\u00ba<\/strong> por los rincones de la ic\u00f3nica obra del arquitecto Luciano Kulczewski, construida en los a\u00f1os veinte y uno de los ejemplos m\u00e1s emblem\u00e1ticos de la arquitectura <strong><em>art nouveau<\/em><\/strong> en Chile.<\/p>\n<p><img loading=\"lazy\" decoding=\"async\" class=\"aligncenter size-large wp-image-25004\" src=\"http:\/\/colegioarquitectos.com\/noticias\/wp-content\/uploads\/2020\/05\/WhatsApp-Image-2020-05-18-at-17.43.49-1024x501.jpeg\" alt=\"\" width=\"690\" height=\"338\" srcset=\"https:\/\/colegioarquitectos.com\/noticias\/wp-content\/uploads\/2020\/05\/WhatsApp-Image-2020-05-18-at-17.43.49-1024x501.jpeg 1024w, https:\/\/colegioarquitectos.com\/noticias\/wp-content\/uploads\/2020\/05\/WhatsApp-Image-2020-05-18-at-17.43.49-300x147.jpeg 300w, https:\/\/colegioarquitectos.com\/noticias\/wp-content\/uploads\/2020\/05\/WhatsApp-Image-2020-05-18-at-17.43.49-768x376.jpeg 768w, https:\/\/colegioarquitectos.com\/noticias\/wp-content\/uploads\/2020\/05\/WhatsApp-Image-2020-05-18-at-17.43.49.jpeg 1280w\" sizes=\"auto, (max-width: 690px) 100vw, 690px\" \/><\/p>\n<p>&nbsp;<\/p>\n<p><img loading=\"lazy\" decoding=\"async\" class=\"aligncenter size-large wp-image-25006\" src=\"http:\/\/colegioarquitectos.com\/noticias\/wp-content\/uploads\/2020\/05\/WhatsApp-Image-2020-05-18-at-17.45.05-768x1024.jpeg\" alt=\"\" width=\"690\" height=\"920\" srcset=\"https:\/\/colegioarquitectos.com\/noticias\/wp-content\/uploads\/2020\/05\/WhatsApp-Image-2020-05-18-at-17.45.05-768x1024.jpeg 768w, https:\/\/colegioarquitectos.com\/noticias\/wp-content\/uploads\/2020\/05\/WhatsApp-Image-2020-05-18-at-17.45.05-225x300.jpeg 225w, https:\/\/colegioarquitectos.com\/noticias\/wp-content\/uploads\/2020\/05\/WhatsApp-Image-2020-05-18-at-17.45.05.jpeg 960w\" sizes=\"auto, (max-width: 690px) 100vw, 690px\" \/><\/p>\n<p>Esta nueva edici\u00f3n virtual del <strong>D\u00eda del Patrimonio Cultural en Casa<\/strong>, se suma a versiones anteriores que nos han consolidado como uno de los principales hitos patrimoniales de <strong>Santiago <\/strong>con m\u00e1s de <strong>3.200 visitas<\/strong>\u00a0desde 2015.<\/p>\n<p>Los esperamos durante el<strong> este 29, 30 y 31 de mayo <\/strong>para vivir<strong>\u00a0<\/strong>una nueva experiencia virtual en esta joya de la arquitectura chilena.<\/p>\n<p><a href=\"http:\/\/colegioarquitectos.com\/360\/\"><img loading=\"lazy\" decoding=\"async\" class=\"aligncenter size-large wp-image-25009\" src=\"http:\/\/colegioarquitectos.com\/noticias\/wp-content\/uploads\/2020\/05\/WhatsApp-Image-2020-05-11-at-11.17.48-1024x1024.jpeg\" alt=\"\" width=\"690\" height=\"690\" srcset=\"https:\/\/colegioarquitectos.com\/noticias\/wp-content\/uploads\/2020\/05\/WhatsApp-Image-2020-05-11-at-11.17.48-1024x1024.jpeg 1024w, https:\/\/colegioarquitectos.com\/noticias\/wp-content\/uploads\/2020\/05\/WhatsApp-Image-2020-05-11-at-11.17.48-180x180.jpeg 180w, https:\/\/colegioarquitectos.com\/noticias\/wp-content\/uploads\/2020\/05\/WhatsApp-Image-2020-05-11-at-11.17.48-300x300.jpeg 300w, https:\/\/colegioarquitectos.com\/noticias\/wp-content\/uploads\/2020\/05\/WhatsApp-Image-2020-05-11-at-11.17.48-768x768.jpeg 768w, https:\/\/colegioarquitectos.com\/noticias\/wp-content\/uploads\/2020\/05\/WhatsApp-Image-2020-05-11-at-11.17.48.jpeg 1200w\" sizes=\"auto, (max-width: 690px) 100vw, 690px\" \/><\/a><\/p>\n<p style=\"text-align: center;\"><strong>Pincha <a href=\"http:\/\/colegioarquitectos.com\/360\/\">aqu\u00ed<\/a> para iniciar el recorrido virtual<\/strong><\/p>\n<p style=\"text-align: center;\"><a href=\"http:\/\/colegioarquitectos.com\/360\/\"><strong>http:\/\/colegioarquitectos.com\/360\/<\/strong><\/a><\/p>\n<p>&nbsp;<\/p>\n<p><\/p>","protected":false},"excerpt":{"rendered":"<p>Monumento Nacional desde 2010, la Sede Nacional del Colegio de Arquitectos de Chile es una obra de 1920 del m\u00edtico arquitecto Luciano Kulczewski Garc\u00eda. Este \u00edcono de estilo art nouveau originalmente se compon\u00eda de dos viviendas, cada una con un &hellip; <a class=\"more-link\" href=\"https:\/\/colegioarquitectos.com\/noticias\/?p=24995\">ver m\u00e1s<\/a><\/p>","protected":false},"author":4,"featured_media":25007,"comment_status":"closed","ping_status":"closed","sticky":false,"template":"","format":"standard","meta":{"footnotes":""},"categories":[8,76],"tags":[],"class_list":["post-24995","post","type-post","status-publish","format-standard","has-post-thumbnail","hentry","category-colegio-de-arquitectos","category-covid-19"],"yoast_head":"<!-- This site is optimized with the Yoast SEO plugin v24.2 - https:\/\/yoast.com\/wordpress\/plugins\/seo\/ -->\n<title>Vive el D\u00eda del Patrimonio Cultural en Casa con un recorrido virtual 360\u00ba en la Sede Nacional del Colegio de Arquitectos - COLEGIO DE ARQUITECTOS DE CHILE<\/title>\n<meta name=\"robots\" content=\"index, follow, max-snippet:-1, max-image-preview:large, max-video-preview:-1\" \/>\n<link rel=\"canonical\" href=\"https:\/\/colegioarquitectos.com\/noticias\/?p=24995\" \/>\n<meta property=\"og:locale\" content=\"es_ES\" \/>\n<meta property=\"og:type\" content=\"article\" \/>\n<meta property=\"og:title\" content=\"Vive el D\u00eda del Patrimonio Cultural en Casa con un recorrido virtual 360\u00ba en la Sede Nacional del Colegio de Arquitectos - COLEGIO DE ARQUITECTOS DE CHILE\" \/>\n<meta property=\"og:description\" content=\"Monumento Nacional desde 2010, la Sede Nacional del Colegio de Arquitectos de Chile es una obra de 1920 del m\u00edtico arquitecto Luciano Kulczewski Garc\u00eda. Este \u00edcono de estilo art nouveau originalmente se compon\u00eda de dos viviendas, cada una con un &hellip; ver m\u00e1s\" \/>\n<meta property=\"og:url\" content=\"https:\/\/colegioarquitectos.com\/noticias\/?p=24995\" \/>\n<meta property=\"og:site_name\" content=\"COLEGIO DE ARQUITECTOS DE CHILE\" \/>\n<meta property=\"article:publisher\" content=\"https:\/\/facebook.com\/Colegioarq\/\" \/>\n<meta property=\"article:published_time\" content=\"2020-05-27T10:00:22+00:00\" \/>\n<meta property=\"article:modified_time\" content=\"2020-05-29T00:38:22+00:00\" \/>\n<meta property=\"og:image\" content=\"https:\/\/colegioarquitectos.com\/noticias\/wp-content\/uploads\/2020\/05\/WhatsApp-Image-2020-05-18-at-17.39.23.jpeg\" \/>\n\t<meta property=\"og:image:width\" content=\"850\" \/>\n\t<meta property=\"og:image:height\" content=\"428\" \/>\n\t<meta property=\"og:image:type\" content=\"image\/jpeg\" \/>\n<meta name=\"author\" content=\"Colegio de Arquitectos de Chile\" \/>\n<meta name=\"twitter:card\" content=\"summary_large_image\" \/>\n<meta name=\"twitter:creator\" content=\"@colegioarq\" \/>\n<meta name=\"twitter:site\" content=\"@colegioarq\" \/>\n<meta name=\"twitter:label1\" content=\"Escrito por\" \/>\n\t<meta name=\"twitter:data1\" content=\"Colegio de Arquitectos de Chile\" \/>\n\t<meta name=\"twitter:label2\" content=\"Tiempo de lectura\" \/>\n\t<meta name=\"twitter:data2\" content=\"1 minuto\" \/>\n<script type=\"application\/ld+json\" class=\"yoast-schema-graph\">{\"@context\":\"https:\/\/schema.org\",\"@graph\":[{\"@type\":\"Article\",\"@id\":\"https:\/\/colegioarquitectos.com\/noticias\/?p=24995#article\",\"isPartOf\":{\"@id\":\"https:\/\/colegioarquitectos.com\/noticias\/?p=24995\"},\"author\":{\"name\":\"Colegio de Arquitectos de Chile\",\"@id\":\"https:\/\/colegioarquitectos.com\/noticias\/#\/schema\/person\/685cc0aad148303c5608f049af8285ad\"},\"headline\":\"Vive el D\u00eda del Patrimonio Cultural en Casa con un recorrido virtual 360\u00ba en la Sede Nacional del Colegio de Arquitectos\",\"datePublished\":\"2020-05-27T10:00:22+00:00\",\"dateModified\":\"2020-05-29T00:38:22+00:00\",\"mainEntityOfPage\":{\"@id\":\"https:\/\/colegioarquitectos.com\/noticias\/?p=24995\"},\"wordCount\":254,\"publisher\":{\"@id\":\"https:\/\/colegioarquitectos.com\/noticias\/#organization\"},\"image\":{\"@id\":\"https:\/\/colegioarquitectos.com\/noticias\/?p=24995#primaryimage\"},\"thumbnailUrl\":\"https:\/\/colegioarquitectos.com\/noticias\/wp-content\/uploads\/2020\/05\/WhatsApp-Image-2020-05-18-at-17.39.23.jpeg\",\"articleSection\":[\"Colegio\",\"COVID-19\"],\"inLanguage\":\"es\"},{\"@type\":\"WebPage\",\"@id\":\"https:\/\/colegioarquitectos.com\/noticias\/?p=24995\",\"url\":\"https:\/\/colegioarquitectos.com\/noticias\/?p=24995\",\"name\":\"Vive el D\u00eda del Patrimonio Cultural en Casa con un recorrido virtual 360\u00ba en la Sede Nacional del Colegio de Arquitectos - COLEGIO DE ARQUITECTOS DE CHILE\",\"isPartOf\":{\"@id\":\"https:\/\/colegioarquitectos.com\/noticias\/#website\"},\"primaryImageOfPage\":{\"@id\":\"https:\/\/colegioarquitectos.com\/noticias\/?p=24995#primaryimage\"},\"image\":{\"@id\":\"https:\/\/colegioarquitectos.com\/noticias\/?p=24995#primaryimage\"},\"thumbnailUrl\":\"https:\/\/colegioarquitectos.com\/noticias\/wp-content\/uploads\/2020\/05\/WhatsApp-Image-2020-05-18-at-17.39.23.jpeg\",\"datePublished\":\"2020-05-27T10:00:22+00:00\",\"dateModified\":\"2020-05-29T00:38:22+00:00\",\"breadcrumb\":{\"@id\":\"https:\/\/colegioarquitectos.com\/noticias\/?p=24995#breadcrumb\"},\"inLanguage\":\"es\",\"potentialAction\":[{\"@type\":\"ReadAction\",\"target\":[\"https:\/\/colegioarquitectos.com\/noticias\/?p=24995\"]}]},{\"@type\":\"ImageObject\",\"inLanguage\":\"es\",\"@id\":\"https:\/\/colegioarquitectos.com\/noticias\/?p=24995#primaryimage\",\"url\":\"https:\/\/colegioarquitectos.com\/noticias\/wp-content\/uploads\/2020\/05\/WhatsApp-Image-2020-05-18-at-17.39.23.jpeg\",\"contentUrl\":\"https:\/\/colegioarquitectos.com\/noticias\/wp-content\/uploads\/2020\/05\/WhatsApp-Image-2020-05-18-at-17.39.23.jpeg\",\"width\":850,\"height\":428},{\"@type\":\"BreadcrumbList\",\"@id\":\"https:\/\/colegioarquitectos.com\/noticias\/?p=24995#breadcrumb\",\"itemListElement\":[{\"@type\":\"ListItem\",\"position\":1,\"name\":\"Portada\",\"item\":\"https:\/\/colegioarquitectos.com\/noticias\"},{\"@type\":\"ListItem\",\"position\":2,\"name\":\"Vive el D\u00eda del Patrimonio Cultural en Casa con un recorrido virtual 360\u00ba en la Sede Nacional del Colegio de Arquitectos\"}]},{\"@type\":\"WebSite\",\"@id\":\"https:\/\/colegioarquitectos.com\/noticias\/#website\",\"url\":\"https:\/\/colegioarquitectos.com\/noticias\/\",\"name\":\"COLEGIO DE ARQUITECTOS DE CHILE\",\"description\":\"\",\"publisher\":{\"@id\":\"https:\/\/colegioarquitectos.com\/noticias\/#organization\"},\"potentialAction\":[{\"@type\":\"SearchAction\",\"target\":{\"@type\":\"EntryPoint\",\"urlTemplate\":\"https:\/\/colegioarquitectos.com\/noticias\/?s={search_term_string}\"},\"query-input\":{\"@type\":\"PropertyValueSpecification\",\"valueRequired\":true,\"valueName\":\"search_term_string\"}}],\"inLanguage\":\"es\"},{\"@type\":\"Organization\",\"@id\":\"https:\/\/colegioarquitectos.com\/noticias\/#organization\",\"name\":\"COLEGIO DE ARQUITECTOS DE CHILE\",\"url\":\"https:\/\/colegioarquitectos.com\/noticias\/\",\"logo\":{\"@type\":\"ImageObject\",\"inLanguage\":\"es\",\"@id\":\"https:\/\/colegioarquitectos.com\/noticias\/#\/schema\/logo\/image\/\",\"url\":\"https:\/\/colegioarquitectos.com\/noticias\/wp-content\/uploads\/2021\/05\/ENCABEZADO-LOGO-CA.jpg\",\"contentUrl\":\"https:\/\/colegioarquitectos.com\/noticias\/wp-content\/uploads\/2021\/05\/ENCABEZADO-LOGO-CA.jpg\",\"width\":690,\"height\":350,\"caption\":\"COLEGIO DE ARQUITECTOS DE CHILE\"},\"image\":{\"@id\":\"https:\/\/colegioarquitectos.com\/noticias\/#\/schema\/logo\/image\/\"},\"sameAs\":[\"https:\/\/facebook.com\/Colegioarq\/\",\"https:\/\/x.com\/colegioarq\",\"https:\/\/instagram.com\/colegioarq\",\"https:\/\/youtube.com\/@ColegiodeArquitectosdeChile\"]},{\"@type\":\"Person\",\"@id\":\"https:\/\/colegioarquitectos.com\/noticias\/#\/schema\/person\/685cc0aad148303c5608f049af8285ad\",\"name\":\"Colegio de Arquitectos de Chile\",\"url\":\"https:\/\/colegioarquitectos.com\/noticias\/?author=4\"}]}<\/script>\n<!-- \/ Yoast SEO plugin. -->","yoast_head_json":{"title":"Vive el D\u00eda del Patrimonio Cultural en Casa con un recorrido virtual 360\u00ba en la Sede Nacional del Colegio de Arquitectos - COLEGIO DE ARQUITECTOS DE CHILE","robots":{"index":"index","follow":"follow","max-snippet":"max-snippet:-1","max-image-preview":"max-image-preview:large","max-video-preview":"max-video-preview:-1"},"canonical":"https:\/\/colegioarquitectos.com\/noticias\/?p=24995","og_locale":"es_ES","og_type":"article","og_title":"Vive el D\u00eda del Patrimonio Cultural en Casa con un recorrido virtual 360\u00ba en la Sede Nacional del Colegio de Arquitectos - COLEGIO DE ARQUITECTOS DE CHILE","og_description":"Monumento Nacional desde 2010, la Sede Nacional del Colegio de Arquitectos de Chile es una obra de 1920 del m\u00edtico arquitecto Luciano Kulczewski Garc\u00eda. Este \u00edcono de estilo art nouveau originalmente se compon\u00eda de dos viviendas, cada una con un &hellip; ver m\u00e1s","og_url":"https:\/\/colegioarquitectos.com\/noticias\/?p=24995","og_site_name":"COLEGIO DE ARQUITECTOS DE CHILE","article_publisher":"https:\/\/facebook.com\/Colegioarq\/","article_published_time":"2020-05-27T10:00:22+00:00","article_modified_time":"2020-05-29T00:38:22+00:00","og_image":[{"width":850,"height":428,"url":"https:\/\/colegioarquitectos.com\/noticias\/wp-content\/uploads\/2020\/05\/WhatsApp-Image-2020-05-18-at-17.39.23.jpeg","type":"image\/jpeg"}],"author":"Colegio de Arquitectos de Chile","twitter_card":"summary_large_image","twitter_creator":"@colegioarq","twitter_site":"@colegioarq","twitter_misc":{"Escrito por":"Colegio de Arquitectos de Chile","Tiempo de lectura":"1 minuto"},"schema":{"@context":"https:\/\/schema.org","@graph":[{"@type":"Article","@id":"https:\/\/colegioarquitectos.com\/noticias\/?p=24995#article","isPartOf":{"@id":"https:\/\/colegioarquitectos.com\/noticias\/?p=24995"},"author":{"name":"Colegio de Arquitectos de Chile","@id":"https:\/\/colegioarquitectos.com\/noticias\/#\/schema\/person\/685cc0aad148303c5608f049af8285ad"},"headline":"Vive el D\u00eda del Patrimonio Cultural en Casa con un recorrido virtual 360\u00ba en la Sede Nacional del Colegio de Arquitectos","datePublished":"2020-05-27T10:00:22+00:00","dateModified":"2020-05-29T00:38:22+00:00","mainEntityOfPage":{"@id":"https:\/\/colegioarquitectos.com\/noticias\/?p=24995"},"wordCount":254,"publisher":{"@id":"https:\/\/colegioarquitectos.com\/noticias\/#organization"},"image":{"@id":"https:\/\/colegioarquitectos.com\/noticias\/?p=24995#primaryimage"},"thumbnailUrl":"https:\/\/colegioarquitectos.com\/noticias\/wp-content\/uploads\/2020\/05\/WhatsApp-Image-2020-05-18-at-17.39.23.jpeg","articleSection":["Colegio","COVID-19"],"inLanguage":"es"},{"@type":"WebPage","@id":"https:\/\/colegioarquitectos.com\/noticias\/?p=24995","url":"https:\/\/colegioarquitectos.com\/noticias\/?p=24995","name":"Vive el D\u00eda del Patrimonio Cultural en Casa con un recorrido virtual 360\u00ba en la Sede Nacional del Colegio de Arquitectos - COLEGIO DE ARQUITECTOS DE CHILE","isPartOf":{"@id":"https:\/\/colegioarquitectos.com\/noticias\/#website"},"primaryImageOfPage":{"@id":"https:\/\/colegioarquitectos.com\/noticias\/?p=24995#primaryimage"},"image":{"@id":"https:\/\/colegioarquitectos.com\/noticias\/?p=24995#primaryimage"},"thumbnailUrl":"https:\/\/colegioarquitectos.com\/noticias\/wp-content\/uploads\/2020\/05\/WhatsApp-Image-2020-05-18-at-17.39.23.jpeg","datePublished":"2020-05-27T10:00:22+00:00","dateModified":"2020-05-29T00:38:22+00:00","breadcrumb":{"@id":"https:\/\/colegioarquitectos.com\/noticias\/?p=24995#breadcrumb"},"inLanguage":"es","potentialAction":[{"@type":"ReadAction","target":["https:\/\/colegioarquitectos.com\/noticias\/?p=24995"]}]},{"@type":"ImageObject","inLanguage":"es","@id":"https:\/\/colegioarquitectos.com\/noticias\/?p=24995#primaryimage","url":"https:\/\/colegioarquitectos.com\/noticias\/wp-content\/uploads\/2020\/05\/WhatsApp-Image-2020-05-18-at-17.39.23.jpeg","contentUrl":"https:\/\/colegioarquitectos.com\/noticias\/wp-content\/uploads\/2020\/05\/WhatsApp-Image-2020-05-18-at-17.39.23.jpeg","width":850,"height":428},{"@type":"BreadcrumbList","@id":"https:\/\/colegioarquitectos.com\/noticias\/?p=24995#breadcrumb","itemListElement":[{"@type":"ListItem","position":1,"name":"Portada","item":"https:\/\/colegioarquitectos.com\/noticias"},{"@type":"ListItem","position":2,"name":"Vive el D\u00eda del Patrimonio Cultural en Casa con un recorrido virtual 360\u00ba en la Sede Nacional del Colegio de Arquitectos"}]},{"@type":"WebSite","@id":"https:\/\/colegioarquitectos.com\/noticias\/#website","url":"https:\/\/colegioarquitectos.com\/noticias\/","name":"COLEGIO DE ARQUITECTOS DE CHILE","description":"","publisher":{"@id":"https:\/\/colegioarquitectos.com\/noticias\/#organization"},"potentialAction":[{"@type":"SearchAction","target":{"@type":"EntryPoint","urlTemplate":"https:\/\/colegioarquitectos.com\/noticias\/?s={search_term_string}"},"query-input":{"@type":"PropertyValueSpecification","valueRequired":true,"valueName":"search_term_string"}}],"inLanguage":"es"},{"@type":"Organization","@id":"https:\/\/colegioarquitectos.com\/noticias\/#organization","name":"COLEGIO DE ARQUITECTOS DE CHILE","url":"https:\/\/colegioarquitectos.com\/noticias\/","logo":{"@type":"ImageObject","inLanguage":"es","@id":"https:\/\/colegioarquitectos.com\/noticias\/#\/schema\/logo\/image\/","url":"https:\/\/colegioarquitectos.com\/noticias\/wp-content\/uploads\/2021\/05\/ENCABEZADO-LOGO-CA.jpg","contentUrl":"https:\/\/colegioarquitectos.com\/noticias\/wp-content\/uploads\/2021\/05\/ENCABEZADO-LOGO-CA.jpg","width":690,"height":350,"caption":"COLEGIO DE ARQUITECTOS DE CHILE"},"image":{"@id":"https:\/\/colegioarquitectos.com\/noticias\/#\/schema\/logo\/image\/"},"sameAs":["https:\/\/facebook.com\/Colegioarq\/","https:\/\/x.com\/colegioarq","https:\/\/instagram.com\/colegioarq","https:\/\/youtube.com\/@ColegiodeArquitectosdeChile"]},{"@type":"Person","@id":"https:\/\/colegioarquitectos.com\/noticias\/#\/schema\/person\/685cc0aad148303c5608f049af8285ad","name":"Colegio de Arquitectos de Chile","url":"https:\/\/colegioarquitectos.com\/noticias\/?author=4"}]}},"_links":{"self":[{"href":"https:\/\/colegioarquitectos.com\/noticias\/index.php?rest_route=\/wp\/v2\/posts\/24995","targetHints":{"allow":["GET"]}}],"collection":[{"href":"https:\/\/colegioarquitectos.com\/noticias\/index.php?rest_route=\/wp\/v2\/posts"}],"about":[{"href":"https:\/\/colegioarquitectos.com\/noticias\/index.php?rest_route=\/wp\/v2\/types\/post"}],"author":[{"embeddable":true,"href":"https:\/\/colegioarquitectos.com\/noticias\/index.php?rest_route=\/wp\/v2\/users\/4"}],"replies":[{"embeddable":true,"href":"https:\/\/colegioarquitectos.com\/noticias\/index.php?rest_route=%2Fwp%2Fv2%2Fcomments&post=24995"}],"version-history":[{"count":0,"href":"https:\/\/colegioarquitectos.com\/noticias\/index.php?rest_route=\/wp\/v2\/posts\/24995\/revisions"}],"wp:featuredmedia":[{"embeddable":true,"href":"https:\/\/colegioarquitectos.com\/noticias\/index.php?rest_route=\/wp\/v2\/media\/25007"}],"wp:attachment":[{"href":"https:\/\/colegioarquitectos.com\/noticias\/index.php?rest_route=%2Fwp%2Fv2%2Fmedia&parent=24995"}],"wp:term":[{"taxonomy":"category","embeddable":true,"href":"https:\/\/colegioarquitectos.com\/noticias\/index.php?rest_route=%2Fwp%2Fv2%2Fcategories&post=24995"},{"taxonomy":"post_tag","embeddable":true,"href":"https:\/\/colegioarquitectos.com\/noticias\/index.php?rest_route=%2Fwp%2Fv2%2Ftags&post=24995"}],"curies":[{"name":"wp","href":"https:\/\/api.w.org\/{rel}","templated":true}]}}