
{"id":25013,"date":"2020-05-20T19:36:40","date_gmt":"2020-05-20T19:36:40","guid":{"rendered":"http:\/\/colegioarquitectos.com\/?p=25013"},"modified":"2020-05-20T19:36:40","modified_gmt":"2020-05-20T19:36:40","slug":"conversatorio-internacional-peru-chile-politicas-publicas-de-desarrollo-urbano-integracion-de-las-viviendas-de-programas-sociales","status":"publish","type":"post","link":"https:\/\/colegioarquitectos.com\/noticias\/?p=25013","title":{"rendered":"Conversatorio Internacional Per\u00fa-Chile &#8211; \u00abPol\u00edticas p\u00fablicas de desarrollo urbano &#8211; Integraci\u00f3n de las viviendas de programas sociales\u00bb"},"content":{"rendered":"<p>Este viernes <strong>22 de mayo<\/strong> a las <strong>18.00 horas (Per\u00fa)<\/strong> y <strong>19.00 horas (Chile)<\/strong> se realizar\u00e1 el\u00a0<strong>Conversatorio Internacional Per\u00fa-Chile &#8211; \u00abPol\u00edticas p\u00fablicas de desarrollo urbano &#8211; Integraci\u00f3n de las viviendas de programas sociales\u00bb<\/strong>, organizado por la <strong>Regional Tacna del Colegio de Arquitectos del Per\u00fa<\/strong> y nuestra <strong>Delegaci\u00f3n Zonal Arica y Parinacota<\/strong>.<\/p>\n<p>El conversatorio, de inscripci\u00f3n libre, ser\u00e1 transmitido en vivo a trav\u00e9s de <strong>Zoom<\/strong> y tendr\u00e1 como ponentes a <strong>Gilbert Tinajeros (Per\u00fa) (18.00 &#8211; 18.40 horas)<\/strong> y <strong>Sergio Baeriswyl (Chile) (19.00 -19.40 horas)<\/strong>.<\/p>\n<p>Los moderadores del encuentro ser\u00e1n la Decana de la Regional Tacna del Colegio de Arquitectos del Per\u00fa, <strong>Beatriz Vargas<\/strong>, y el Presidente de nuestra Delegaci\u00f3n Zonal Arica y Parinacota, <strong>Richard Araneda<\/strong>.<\/p>\n<p>Se enviar\u00e1 el link de acceso el d\u00eda del evento a trav\u00e9s de este <strong><a href=\"https:\/\/www.facebook.com\/Captacna\">medio<\/a><\/strong>.<\/p>\n<p><img loading=\"lazy\" decoding=\"async\" class=\"aligncenter size-large wp-image-25015\" src=\"http:\/\/colegioarquitectos.com\/noticias\/wp-content\/uploads\/2020\/05\/WhatsApp-Image-2020-05-20-at-11.09.51-742x1024.jpeg\" alt=\"\" width=\"690\" height=\"952\" srcset=\"https:\/\/colegioarquitectos.com\/noticias\/wp-content\/uploads\/2020\/05\/WhatsApp-Image-2020-05-20-at-11.09.51-742x1024.jpeg 742w, https:\/\/colegioarquitectos.com\/noticias\/wp-content\/uploads\/2020\/05\/WhatsApp-Image-2020-05-20-at-11.09.51-217x300.jpeg 217w, https:\/\/colegioarquitectos.com\/noticias\/wp-content\/uploads\/2020\/05\/WhatsApp-Image-2020-05-20-at-11.09.51-768x1060.jpeg 768w, https:\/\/colegioarquitectos.com\/noticias\/wp-content\/uploads\/2020\/05\/WhatsApp-Image-2020-05-20-at-11.09.51.jpeg 842w\" sizes=\"auto, (max-width: 690px) 100vw, 690px\" \/><\/p>\n<p><\/p>","protected":false},"excerpt":{"rendered":"<p>Este viernes 22 de mayo a las 18.00 horas (Per\u00fa) y 19.00 horas (Chile) se realizar\u00e1 el\u00a0Conversatorio Internacional Per\u00fa-Chile &#8211; \u00abPol\u00edticas p\u00fablicas de desarrollo urbano &#8211; Integraci\u00f3n de las viviendas de programas sociales\u00bb, organizado por la Regional Tacna del Colegio &hellip; <a class=\"more-link\" href=\"https:\/\/colegioarquitectos.com\/noticias\/?p=25013\">ver m\u00e1s<\/a><\/p>","protected":false},"author":4,"featured_media":25014,"comment_status":"closed","ping_status":"closed","sticky":false,"template":"","format":"standard","meta":{"footnotes":""},"categories":[10],"tags":[],"class_list":["post-25013","post","type-post","status-publish","format-standard","has-post-thumbnail","hentry","category-delegaciones-zonales"],"yoast_head":"<!-- This site is optimized with the Yoast SEO plugin v24.2 - https:\/\/yoast.com\/wordpress\/plugins\/seo\/ -->\n<title>Conversatorio Internacional Per\u00fa-Chile - \u00abPol\u00edticas p\u00fablicas de desarrollo urbano - Integraci\u00f3n de las viviendas de programas sociales\u00bb - COLEGIO DE ARQUITECTOS DE CHILE<\/title>\n<meta name=\"robots\" content=\"index, follow, max-snippet:-1, max-image-preview:large, max-video-preview:-1\" \/>\n<link rel=\"canonical\" href=\"https:\/\/colegioarquitectos.com\/noticias\/?p=25013\" \/>\n<meta property=\"og:locale\" content=\"es_ES\" \/>\n<meta property=\"og:type\" content=\"article\" \/>\n<meta property=\"og:title\" content=\"Conversatorio Internacional Per\u00fa-Chile - \u00abPol\u00edticas p\u00fablicas de desarrollo urbano - Integraci\u00f3n de las viviendas de programas sociales\u00bb - COLEGIO DE ARQUITECTOS DE CHILE\" \/>\n<meta property=\"og:description\" content=\"Este viernes 22 de mayo a las 18.00 horas (Per\u00fa) y 19.00 horas (Chile) se realizar\u00e1 el\u00a0Conversatorio Internacional Per\u00fa-Chile &#8211; \u00abPol\u00edticas p\u00fablicas de desarrollo urbano &#8211; Integraci\u00f3n de las viviendas de programas sociales\u00bb, organizado por la Regional Tacna del Colegio &hellip; ver m\u00e1s\" \/>\n<meta property=\"og:url\" content=\"https:\/\/colegioarquitectos.com\/noticias\/?p=25013\" \/>\n<meta property=\"og:site_name\" content=\"COLEGIO DE ARQUITECTOS DE CHILE\" \/>\n<meta property=\"article:publisher\" content=\"https:\/\/facebook.com\/Colegioarq\/\" \/>\n<meta property=\"article:published_time\" content=\"2020-05-20T19:36:40+00:00\" \/>\n<meta property=\"og:image\" content=\"https:\/\/colegioarquitectos.com\/noticias\/wp-content\/uploads\/2020\/05\/Encabezado.jpeg\" \/>\n\t<meta property=\"og:image:width\" content=\"690\" \/>\n\t<meta property=\"og:image:height\" content=\"350\" \/>\n\t<meta property=\"og:image:type\" content=\"image\/jpeg\" \/>\n<meta name=\"author\" content=\"Colegio de Arquitectos de Chile\" \/>\n<meta name=\"twitter:card\" content=\"summary_large_image\" \/>\n<meta name=\"twitter:creator\" content=\"@colegioarq\" \/>\n<meta name=\"twitter:site\" content=\"@colegioarq\" \/>\n<meta name=\"twitter:label1\" content=\"Escrito por\" \/>\n\t<meta name=\"twitter:data1\" content=\"Colegio de Arquitectos de Chile\" \/>\n\t<meta name=\"twitter:label2\" content=\"Tiempo de lectura\" \/>\n\t<meta name=\"twitter:data2\" content=\"1 minuto\" \/>\n<script type=\"application\/ld+json\" class=\"yoast-schema-graph\">{\"@context\":\"https:\/\/schema.org\",\"@graph\":[{\"@type\":\"Article\",\"@id\":\"https:\/\/colegioarquitectos.com\/noticias\/?p=25013#article\",\"isPartOf\":{\"@id\":\"https:\/\/colegioarquitectos.com\/noticias\/?p=25013\"},\"author\":{\"name\":\"Colegio de Arquitectos de Chile\",\"@id\":\"https:\/\/colegioarquitectos.com\/noticias\/#\/schema\/person\/685cc0aad148303c5608f049af8285ad\"},\"headline\":\"Conversatorio Internacional Per\u00fa-Chile &#8211; \u00abPol\u00edticas p\u00fablicas de desarrollo urbano &#8211; Integraci\u00f3n de las viviendas de programas sociales\u00bb\",\"datePublished\":\"2020-05-20T19:36:40+00:00\",\"dateModified\":\"2020-05-20T19:36:40+00:00\",\"mainEntityOfPage\":{\"@id\":\"https:\/\/colegioarquitectos.com\/noticias\/?p=25013\"},\"wordCount\":156,\"publisher\":{\"@id\":\"https:\/\/colegioarquitectos.com\/noticias\/#organization\"},\"image\":{\"@id\":\"https:\/\/colegioarquitectos.com\/noticias\/?p=25013#primaryimage\"},\"thumbnailUrl\":\"https:\/\/colegioarquitectos.com\/noticias\/wp-content\/uploads\/2020\/05\/Encabezado.jpeg\",\"articleSection\":[\"Delegaciones\"],\"inLanguage\":\"es\"},{\"@type\":\"WebPage\",\"@id\":\"https:\/\/colegioarquitectos.com\/noticias\/?p=25013\",\"url\":\"https:\/\/colegioarquitectos.com\/noticias\/?p=25013\",\"name\":\"Conversatorio Internacional Per\u00fa-Chile - \u00abPol\u00edticas p\u00fablicas de desarrollo urbano - Integraci\u00f3n de las viviendas de programas sociales\u00bb - COLEGIO DE ARQUITECTOS DE CHILE\",\"isPartOf\":{\"@id\":\"https:\/\/colegioarquitectos.com\/noticias\/#website\"},\"primaryImageOfPage\":{\"@id\":\"https:\/\/colegioarquitectos.com\/noticias\/?p=25013#primaryimage\"},\"image\":{\"@id\":\"https:\/\/colegioarquitectos.com\/noticias\/?p=25013#primaryimage\"},\"thumbnailUrl\":\"https:\/\/colegioarquitectos.com\/noticias\/wp-content\/uploads\/2020\/05\/Encabezado.jpeg\",\"datePublished\":\"2020-05-20T19:36:40+00:00\",\"dateModified\":\"2020-05-20T19:36:40+00:00\",\"breadcrumb\":{\"@id\":\"https:\/\/colegioarquitectos.com\/noticias\/?p=25013#breadcrumb\"},\"inLanguage\":\"es\",\"potentialAction\":[{\"@type\":\"ReadAction\",\"target\":[\"https:\/\/colegioarquitectos.com\/noticias\/?p=25013\"]}]},{\"@type\":\"ImageObject\",\"inLanguage\":\"es\",\"@id\":\"https:\/\/colegioarquitectos.com\/noticias\/?p=25013#primaryimage\",\"url\":\"https:\/\/colegioarquitectos.com\/noticias\/wp-content\/uploads\/2020\/05\/Encabezado.jpeg\",\"contentUrl\":\"https:\/\/colegioarquitectos.com\/noticias\/wp-content\/uploads\/2020\/05\/Encabezado.jpeg\",\"width\":690,\"height\":350},{\"@type\":\"BreadcrumbList\",\"@id\":\"https:\/\/colegioarquitectos.com\/noticias\/?p=25013#breadcrumb\",\"itemListElement\":[{\"@type\":\"ListItem\",\"position\":1,\"name\":\"Portada\",\"item\":\"https:\/\/colegioarquitectos.com\/noticias\"},{\"@type\":\"ListItem\",\"position\":2,\"name\":\"Conversatorio Internacional Per\u00fa-Chile &#8211; \u00abPol\u00edticas p\u00fablicas de desarrollo urbano &#8211; Integraci\u00f3n de las viviendas de programas sociales\u00bb\"}]},{\"@type\":\"WebSite\",\"@id\":\"https:\/\/colegioarquitectos.com\/noticias\/#website\",\"url\":\"https:\/\/colegioarquitectos.com\/noticias\/\",\"name\":\"COLEGIO DE ARQUITECTOS DE CHILE\",\"description\":\"\",\"publisher\":{\"@id\":\"https:\/\/colegioarquitectos.com\/noticias\/#organization\"},\"potentialAction\":[{\"@type\":\"SearchAction\",\"target\":{\"@type\":\"EntryPoint\",\"urlTemplate\":\"https:\/\/colegioarquitectos.com\/noticias\/?s={search_term_string}\"},\"query-input\":{\"@type\":\"PropertyValueSpecification\",\"valueRequired\":true,\"valueName\":\"search_term_string\"}}],\"inLanguage\":\"es\"},{\"@type\":\"Organization\",\"@id\":\"https:\/\/colegioarquitectos.com\/noticias\/#organization\",\"name\":\"COLEGIO DE ARQUITECTOS DE CHILE\",\"url\":\"https:\/\/colegioarquitectos.com\/noticias\/\",\"logo\":{\"@type\":\"ImageObject\",\"inLanguage\":\"es\",\"@id\":\"https:\/\/colegioarquitectos.com\/noticias\/#\/schema\/logo\/image\/\",\"url\":\"https:\/\/colegioarquitectos.com\/noticias\/wp-content\/uploads\/2021\/05\/ENCABEZADO-LOGO-CA.jpg\",\"contentUrl\":\"https:\/\/colegioarquitectos.com\/noticias\/wp-content\/uploads\/2021\/05\/ENCABEZADO-LOGO-CA.jpg\",\"width\":690,\"height\":350,\"caption\":\"COLEGIO DE ARQUITECTOS DE CHILE\"},\"image\":{\"@id\":\"https:\/\/colegioarquitectos.com\/noticias\/#\/schema\/logo\/image\/\"},\"sameAs\":[\"https:\/\/facebook.com\/Colegioarq\/\",\"https:\/\/x.com\/colegioarq\",\"https:\/\/instagram.com\/colegioarq\",\"https:\/\/youtube.com\/@ColegiodeArquitectosdeChile\"]},{\"@type\":\"Person\",\"@id\":\"https:\/\/colegioarquitectos.com\/noticias\/#\/schema\/person\/685cc0aad148303c5608f049af8285ad\",\"name\":\"Colegio de Arquitectos de Chile\",\"url\":\"https:\/\/colegioarquitectos.com\/noticias\/?author=4\"}]}<\/script>\n<!-- \/ Yoast SEO plugin. -->","yoast_head_json":{"title":"Conversatorio Internacional Per\u00fa-Chile - \u00abPol\u00edticas p\u00fablicas de desarrollo urbano - Integraci\u00f3n de las viviendas de programas sociales\u00bb - COLEGIO DE ARQUITECTOS DE CHILE","robots":{"index":"index","follow":"follow","max-snippet":"max-snippet:-1","max-image-preview":"max-image-preview:large","max-video-preview":"max-video-preview:-1"},"canonical":"https:\/\/colegioarquitectos.com\/noticias\/?p=25013","og_locale":"es_ES","og_type":"article","og_title":"Conversatorio Internacional Per\u00fa-Chile - \u00abPol\u00edticas p\u00fablicas de desarrollo urbano - Integraci\u00f3n de las viviendas de programas sociales\u00bb - COLEGIO DE ARQUITECTOS DE CHILE","og_description":"Este viernes 22 de mayo a las 18.00 horas (Per\u00fa) y 19.00 horas (Chile) se realizar\u00e1 el\u00a0Conversatorio Internacional Per\u00fa-Chile &#8211; \u00abPol\u00edticas p\u00fablicas de desarrollo urbano &#8211; Integraci\u00f3n de las viviendas de programas sociales\u00bb, organizado por la Regional Tacna del Colegio &hellip; ver m\u00e1s","og_url":"https:\/\/colegioarquitectos.com\/noticias\/?p=25013","og_site_name":"COLEGIO DE ARQUITECTOS DE CHILE","article_publisher":"https:\/\/facebook.com\/Colegioarq\/","article_published_time":"2020-05-20T19:36:40+00:00","og_image":[{"width":690,"height":350,"url":"https:\/\/colegioarquitectos.com\/noticias\/wp-content\/uploads\/2020\/05\/Encabezado.jpeg","type":"image\/jpeg"}],"author":"Colegio de Arquitectos de Chile","twitter_card":"summary_large_image","twitter_creator":"@colegioarq","twitter_site":"@colegioarq","twitter_misc":{"Escrito por":"Colegio de Arquitectos de Chile","Tiempo de lectura":"1 minuto"},"schema":{"@context":"https:\/\/schema.org","@graph":[{"@type":"Article","@id":"https:\/\/colegioarquitectos.com\/noticias\/?p=25013#article","isPartOf":{"@id":"https:\/\/colegioarquitectos.com\/noticias\/?p=25013"},"author":{"name":"Colegio de Arquitectos de Chile","@id":"https:\/\/colegioarquitectos.com\/noticias\/#\/schema\/person\/685cc0aad148303c5608f049af8285ad"},"headline":"Conversatorio Internacional Per\u00fa-Chile &#8211; \u00abPol\u00edticas p\u00fablicas de desarrollo urbano &#8211; Integraci\u00f3n de las viviendas de programas sociales\u00bb","datePublished":"2020-05-20T19:36:40+00:00","dateModified":"2020-05-20T19:36:40+00:00","mainEntityOfPage":{"@id":"https:\/\/colegioarquitectos.com\/noticias\/?p=25013"},"wordCount":156,"publisher":{"@id":"https:\/\/colegioarquitectos.com\/noticias\/#organization"},"image":{"@id":"https:\/\/colegioarquitectos.com\/noticias\/?p=25013#primaryimage"},"thumbnailUrl":"https:\/\/colegioarquitectos.com\/noticias\/wp-content\/uploads\/2020\/05\/Encabezado.jpeg","articleSection":["Delegaciones"],"inLanguage":"es"},{"@type":"WebPage","@id":"https:\/\/colegioarquitectos.com\/noticias\/?p=25013","url":"https:\/\/colegioarquitectos.com\/noticias\/?p=25013","name":"Conversatorio Internacional Per\u00fa-Chile - \u00abPol\u00edticas p\u00fablicas de desarrollo urbano - Integraci\u00f3n de las viviendas de programas sociales\u00bb - COLEGIO DE ARQUITECTOS DE CHILE","isPartOf":{"@id":"https:\/\/colegioarquitectos.com\/noticias\/#website"},"primaryImageOfPage":{"@id":"https:\/\/colegioarquitectos.com\/noticias\/?p=25013#primaryimage"},"image":{"@id":"https:\/\/colegioarquitectos.com\/noticias\/?p=25013#primaryimage"},"thumbnailUrl":"https:\/\/colegioarquitectos.com\/noticias\/wp-content\/uploads\/2020\/05\/Encabezado.jpeg","datePublished":"2020-05-20T19:36:40+00:00","dateModified":"2020-05-20T19:36:40+00:00","breadcrumb":{"@id":"https:\/\/colegioarquitectos.com\/noticias\/?p=25013#breadcrumb"},"inLanguage":"es","potentialAction":[{"@type":"ReadAction","target":["https:\/\/colegioarquitectos.com\/noticias\/?p=25013"]}]},{"@type":"ImageObject","inLanguage":"es","@id":"https:\/\/colegioarquitectos.com\/noticias\/?p=25013#primaryimage","url":"https:\/\/colegioarquitectos.com\/noticias\/wp-content\/uploads\/2020\/05\/Encabezado.jpeg","contentUrl":"https:\/\/colegioarquitectos.com\/noticias\/wp-content\/uploads\/2020\/05\/Encabezado.jpeg","width":690,"height":350},{"@type":"BreadcrumbList","@id":"https:\/\/colegioarquitectos.com\/noticias\/?p=25013#breadcrumb","itemListElement":[{"@type":"ListItem","position":1,"name":"Portada","item":"https:\/\/colegioarquitectos.com\/noticias"},{"@type":"ListItem","position":2,"name":"Conversatorio Internacional Per\u00fa-Chile &#8211; \u00abPol\u00edticas p\u00fablicas de desarrollo urbano &#8211; Integraci\u00f3n de las viviendas de programas sociales\u00bb"}]},{"@type":"WebSite","@id":"https:\/\/colegioarquitectos.com\/noticias\/#website","url":"https:\/\/colegioarquitectos.com\/noticias\/","name":"COLEGIO DE ARQUITECTOS DE CHILE","description":"","publisher":{"@id":"https:\/\/colegioarquitectos.com\/noticias\/#organization"},"potentialAction":[{"@type":"SearchAction","target":{"@type":"EntryPoint","urlTemplate":"https:\/\/colegioarquitectos.com\/noticias\/?s={search_term_string}"},"query-input":{"@type":"PropertyValueSpecification","valueRequired":true,"valueName":"search_term_string"}}],"inLanguage":"es"},{"@type":"Organization","@id":"https:\/\/colegioarquitectos.com\/noticias\/#organization","name":"COLEGIO DE ARQUITECTOS DE CHILE","url":"https:\/\/colegioarquitectos.com\/noticias\/","logo":{"@type":"ImageObject","inLanguage":"es","@id":"https:\/\/colegioarquitectos.com\/noticias\/#\/schema\/logo\/image\/","url":"https:\/\/colegioarquitectos.com\/noticias\/wp-content\/uploads\/2021\/05\/ENCABEZADO-LOGO-CA.jpg","contentUrl":"https:\/\/colegioarquitectos.com\/noticias\/wp-content\/uploads\/2021\/05\/ENCABEZADO-LOGO-CA.jpg","width":690,"height":350,"caption":"COLEGIO DE ARQUITECTOS DE CHILE"},"image":{"@id":"https:\/\/colegioarquitectos.com\/noticias\/#\/schema\/logo\/image\/"},"sameAs":["https:\/\/facebook.com\/Colegioarq\/","https:\/\/x.com\/colegioarq","https:\/\/instagram.com\/colegioarq","https:\/\/youtube.com\/@ColegiodeArquitectosdeChile"]},{"@type":"Person","@id":"https:\/\/colegioarquitectos.com\/noticias\/#\/schema\/person\/685cc0aad148303c5608f049af8285ad","name":"Colegio de Arquitectos de Chile","url":"https:\/\/colegioarquitectos.com\/noticias\/?author=4"}]}},"_links":{"self":[{"href":"https:\/\/colegioarquitectos.com\/noticias\/index.php?rest_route=\/wp\/v2\/posts\/25013","targetHints":{"allow":["GET"]}}],"collection":[{"href":"https:\/\/colegioarquitectos.com\/noticias\/index.php?rest_route=\/wp\/v2\/posts"}],"about":[{"href":"https:\/\/colegioarquitectos.com\/noticias\/index.php?rest_route=\/wp\/v2\/types\/post"}],"author":[{"embeddable":true,"href":"https:\/\/colegioarquitectos.com\/noticias\/index.php?rest_route=\/wp\/v2\/users\/4"}],"replies":[{"embeddable":true,"href":"https:\/\/colegioarquitectos.com\/noticias\/index.php?rest_route=%2Fwp%2Fv2%2Fcomments&post=25013"}],"version-history":[{"count":0,"href":"https:\/\/colegioarquitectos.com\/noticias\/index.php?rest_route=\/wp\/v2\/posts\/25013\/revisions"}],"wp:featuredmedia":[{"embeddable":true,"href":"https:\/\/colegioarquitectos.com\/noticias\/index.php?rest_route=\/wp\/v2\/media\/25014"}],"wp:attachment":[{"href":"https:\/\/colegioarquitectos.com\/noticias\/index.php?rest_route=%2Fwp%2Fv2%2Fmedia&parent=25013"}],"wp:term":[{"taxonomy":"category","embeddable":true,"href":"https:\/\/colegioarquitectos.com\/noticias\/index.php?rest_route=%2Fwp%2Fv2%2Fcategories&post=25013"},{"taxonomy":"post_tag","embeddable":true,"href":"https:\/\/colegioarquitectos.com\/noticias\/index.php?rest_route=%2Fwp%2Fv2%2Ftags&post=25013"}],"curies":[{"name":"wp","href":"https:\/\/api.w.org\/{rel}","templated":true}]}}