
{"id":25024,"date":"2020-05-26T20:43:37","date_gmt":"2020-05-26T20:43:37","guid":{"rendered":"http:\/\/colegioarquitectos.com\/?p=25024"},"modified":"2020-05-28T23:23:48","modified_gmt":"2020-05-28T23:23:48","slug":"revisa-las-actividades-a-lo-largo-del-pais-de-nuestras-dz-en-el-marco-del-dia-del-patrimonio-cultural-en-casa","status":"publish","type":"post","link":"https:\/\/colegioarquitectos.com\/noticias\/?p=25024","title":{"rendered":"Revisa las actividades a lo largo del pa\u00eds de nuestras DZ en el marco del D\u00eda del Patrimonio Cultural en Casa"},"content":{"rendered":"<p>Como es tradici\u00f3n, este\u00a0<strong>29, 30 y 31 de mayo<\/strong>\u00a0celebraremos el\u00a0<strong>D\u00eda del Patrimonio Cultural<\/strong>\u00a0organizado por el\u00a0<strong>Consejo de Monumentos Nacionales de Chile<\/strong>, con una particularidad: este a\u00f1o ser\u00e1 una edici\u00f3n<strong>\u00a0totalmente virtual\u00a0<\/strong>a causa de la emergencia sanitaria<b>\u00a0<\/b>por el COVID-19.<\/p>\n<p>En esa direcci\u00f3n, las <strong>Delegaciones Zonales<\/strong> del Colegio de Arquitectos de Chile han desarrollado variadas actividades a lo largo del pa\u00eds, las que van desde <strong>recorridos virtuales 360\u00ba a c\u00e1psulas audiovisuales con alto valor patrimonial<\/strong>.<\/p>\n<p>Revisa a continuaci\u00f3n las iniciativas que desarrollar\u00e1n nuestras Delegaciones Zonales en el marco del\u00a0<strong>D\u00eda del Patrimonio Cultural en casa:<\/strong><\/p>\n<p>&nbsp;<\/p>\n<h2>Delegaci\u00f3n Zonal La Serena<\/h2>\n<h3><\/h3>\n<h3 class=\"page-header\">Almagro 270, un espacio de encuentro con el Patrimonio de La Serena<\/h3>\n<p><img loading=\"lazy\" decoding=\"async\" class=\"aligncenter size-large wp-image-25090\" src=\"http:\/\/colegioarquitectos.com\/noticias\/wp-content\/uploads\/2020\/05\/colegio-arq-la-serena3-1024x663.jpg\" alt=\"\" width=\"690\" height=\"447\" srcset=\"https:\/\/colegioarquitectos.com\/noticias\/wp-content\/uploads\/2020\/05\/colegio-arq-la-serena3-1024x663.jpg 1024w, https:\/\/colegioarquitectos.com\/noticias\/wp-content\/uploads\/2020\/05\/colegio-arq-la-serena3-300x194.jpg 300w, https:\/\/colegioarquitectos.com\/noticias\/wp-content\/uploads\/2020\/05\/colegio-arq-la-serena3-768x497.jpg 768w, https:\/\/colegioarquitectos.com\/noticias\/wp-content\/uploads\/2020\/05\/colegio-arq-la-serena3.jpg 1200w\" sizes=\"auto, (max-width: 690px) 100vw, 690px\" \/><\/p>\n<p>Recorrido Virtual 360\u00b0 Sede Regional Delegaci\u00f3n Zonal Coquimbo del Colegio de Arquitectos de Chile. El Barrio Almagro y la Iglesia Santa In\u00e9s, son el marco ideal para albergar la sede regional en La Serena y un espacio ideal para el encuentro de los arquitectos de la zona y la comunidad.<\/p>\n<p><strong><a href=\"http:\/\/colegioarquitectos.com\/dzcoquimbo360\/\">Ingresa al recorrido virtual 360\u00ba por la sede de la Delegaci\u00f3n Zonal Coquimbo<\/a><\/strong><\/p>\n<p><strong><a href=\"https:\/\/www.diadelpatrimonio.cl\/actividad\/almagro-270-un-espacio-de-encuentro-con-el-patrimonio-de-la-serena.html\">Actividad en www.diadelpatrimonio.cl<\/a><\/strong><\/p>\n<h4><\/h4>\n<h3 class=\"page-header\">Restauraci\u00f3n Sede Regional Colegio de Arquitectos La Serena<\/h3>\n<p><img loading=\"lazy\" decoding=\"async\" class=\"aligncenter size-large wp-image-25091\" src=\"http:\/\/colegioarquitectos.com\/noticias\/wp-content\/uploads\/2020\/05\/a46231a0-5c51-49eb-a826-4666729f142e-1024x1024.jpeg\" alt=\"\" width=\"690\" height=\"690\" srcset=\"https:\/\/colegioarquitectos.com\/noticias\/wp-content\/uploads\/2020\/05\/a46231a0-5c51-49eb-a826-4666729f142e-1024x1024.jpeg 1024w, https:\/\/colegioarquitectos.com\/noticias\/wp-content\/uploads\/2020\/05\/a46231a0-5c51-49eb-a826-4666729f142e-180x180.jpeg 180w, https:\/\/colegioarquitectos.com\/noticias\/wp-content\/uploads\/2020\/05\/a46231a0-5c51-49eb-a826-4666729f142e-300x300.jpeg 300w, https:\/\/colegioarquitectos.com\/noticias\/wp-content\/uploads\/2020\/05\/a46231a0-5c51-49eb-a826-4666729f142e-768x768.jpeg 768w, https:\/\/colegioarquitectos.com\/noticias\/wp-content\/uploads\/2020\/05\/a46231a0-5c51-49eb-a826-4666729f142e.jpeg 1280w\" sizes=\"auto, (max-width: 690px) 100vw, 690px\" \/><\/p>\n<p>Video que muestra la restauraci\u00f3n de la Sede Regional del Colegio de Arquitectos en La Serena, gracias al financiamiento del Fondo de Infraestructura Cultural Publica y Privada del MINCAP, recuperando su condici\u00f3n de espacio de encuentro de la comunidad y de respeto al entorno patrimonial.<\/p>\n<p>&nbsp;<\/p>\n<p><iframe loading=\"lazy\" src=\"https:\/\/www.youtube.com\/embed\/3f3i5ULcF6w\" width=\"560\" height=\"315\" frameborder=\"0\" allowfullscreen=\"allowfullscreen\"><\/iframe><\/p>\n<p><strong><a href=\"https:\/\/www.diadelpatrimonio.cl\/actividad\/restauraci%C3%B3n-sede-regional-colegio-de-arquitectos-la-serena.html\">Actividad en www.diadelpatrimonio.cl<\/a><\/strong><\/p>\n<h2><\/h2>\n<h2>Delegaci\u00f3n Zonal Aconcagua<\/h2>\n<h3><\/h3>\n<h3>Rescate patrimonial arquitect\u00f3nico en Aconcagua<\/h3>\n<p>&nbsp;<\/p>\n<p><img loading=\"lazy\" decoding=\"async\" class=\"aligncenter size-large wp-image-25117\" src=\"http:\/\/colegioarquitectos.com\/noticias\/wp-content\/uploads\/2020\/05\/91A67F20-D6C2-427A-B3BF-E7FB7C803AE5-1024x1024.jpeg\" alt=\"\" width=\"690\" height=\"690\" srcset=\"https:\/\/colegioarquitectos.com\/noticias\/wp-content\/uploads\/2020\/05\/91A67F20-D6C2-427A-B3BF-E7FB7C803AE5-1024x1024.jpeg 1024w, https:\/\/colegioarquitectos.com\/noticias\/wp-content\/uploads\/2020\/05\/91A67F20-D6C2-427A-B3BF-E7FB7C803AE5-180x180.jpeg 180w, https:\/\/colegioarquitectos.com\/noticias\/wp-content\/uploads\/2020\/05\/91A67F20-D6C2-427A-B3BF-E7FB7C803AE5-300x300.jpeg 300w, https:\/\/colegioarquitectos.com\/noticias\/wp-content\/uploads\/2020\/05\/91A67F20-D6C2-427A-B3BF-E7FB7C803AE5-768x768.jpeg 768w, https:\/\/colegioarquitectos.com\/noticias\/wp-content\/uploads\/2020\/05\/91A67F20-D6C2-427A-B3BF-E7FB7C803AE5.jpeg 1080w\" sizes=\"auto, (max-width: 690px) 100vw, 690px\" \/><br \/>\nPresentaciones de proyectos ejecutados dentro del marco de \u00abPuesta en Valor del Patrimonio\u00bb en la zona de Aconcagua. Presentaci\u00f3n online de: Humberto Eliash, Marcela Hurtado, Salim Rab\u00ed y otros.<\/p>\n<p><a href=\"https:\/\/www.diadelpatrimonio.cl\/actividad\/rescate-patrimonial-arquitect%C3%B3nico-en-aconcagua.html\">Actividad en www.diadelpatrimonio.cl<\/a><\/p>\n<p>&nbsp;<\/p>\n<h2>Delegaci\u00f3n Zonal Chilo\u00e9<\/h2>\n<h3><\/h3>\n<h3 class=\"page-header\">C\u00e1psula Premio Arquitectura Tradicional Chilota. Qu\u00edquel 2019.<\/h3>\n<p><img loading=\"lazy\" decoding=\"async\" class=\"aligncenter size-large wp-image-25093\" src=\"http:\/\/colegioarquitectos.com\/noticias\/wp-content\/uploads\/2020\/05\/1-1024x663.png\" alt=\"\" width=\"690\" height=\"447\" srcset=\"https:\/\/colegioarquitectos.com\/noticias\/wp-content\/uploads\/2020\/05\/1-1024x663.png 1024w, https:\/\/colegioarquitectos.com\/noticias\/wp-content\/uploads\/2020\/05\/1-300x194.png 300w, https:\/\/colegioarquitectos.com\/noticias\/wp-content\/uploads\/2020\/05\/1-768x497.png 768w, https:\/\/colegioarquitectos.com\/noticias\/wp-content\/uploads\/2020\/05\/1.png 1200w\" sizes=\"auto, (max-width: 690px) 100vw, 690px\" \/><\/p>\n<p>Cada a\u00f1o, el Premio de Arquitectura tradicional se enfoca en una comuna de Chilo\u00e9, con el objetivo de poner en valor la arquitectura tradicional local, y ayudar a sus propietarios con su conservaci\u00f3n. El a\u00f1o 2019, el premio se focaliz\u00f3 en la comuna de Dalcahue, premiando una casa de Qu\u00edquel.<\/p>\n<p><a href=\"https:\/\/www.diadelpatrimonio.cl\/actividad\/c%C3%A1psula-premio-arquitectura-tradicional-chilota-qu%C3%ADquel-2019.html\">Actividad en www.diadelpatrimonio.cl<\/a><\/p>\n<p>&nbsp;<\/p>\n<h3 class=\"page-header\">C\u00e1psula Premio de Arquitectura Patrimonial Chilota 2018, Ancud<\/h3>\n<p><img loading=\"lazy\" decoding=\"async\" class=\"aligncenter size-large wp-image-25094\" src=\"http:\/\/colegioarquitectos.com\/noticias\/wp-content\/uploads\/2020\/05\/2-1024x663.png\" alt=\"\" width=\"690\" height=\"447\" srcset=\"https:\/\/colegioarquitectos.com\/noticias\/wp-content\/uploads\/2020\/05\/2-1024x663.png 1024w, https:\/\/colegioarquitectos.com\/noticias\/wp-content\/uploads\/2020\/05\/2-300x194.png 300w, https:\/\/colegioarquitectos.com\/noticias\/wp-content\/uploads\/2020\/05\/2-768x497.png 768w, https:\/\/colegioarquitectos.com\/noticias\/wp-content\/uploads\/2020\/05\/2.png 1200w\" sizes=\"auto, (max-width: 690px) 100vw, 690px\" \/><\/p>\n<p>El a\u00f1o 2018, el Premio de Arquitectura Patrimonial Chilota cont\u00f3 con muchos candidatos de la comuna de Ancud, tanto rurales como urbanas. Finalmente, el premi\u00f3 recay\u00f3 en la casa de una reconocida artista local y su familia, los Wolf.<\/p>\n<p><a href=\"https:\/\/www.diadelpatrimonio.cl\/actividad\/c%C3%A1psula-premio-de-arquitectura-patrimonial-chilota-2018-ancud.html\">Actividad en www.diadelpatrimonio.cl<\/a><\/p>\n<p>&nbsp;<\/p>\n<h3 class=\"page-header\">C\u00e1psula Premio de Arquitectura Patrimonial Chilota 2019, Dalcahue<\/h3>\n<p><img loading=\"lazy\" decoding=\"async\" class=\"aligncenter size-large wp-image-25095\" src=\"http:\/\/colegioarquitectos.com\/noticias\/wp-content\/uploads\/2020\/05\/3-1024x663.png\" alt=\"\" width=\"690\" height=\"447\" srcset=\"https:\/\/colegioarquitectos.com\/noticias\/wp-content\/uploads\/2020\/05\/3-1024x663.png 1024w, https:\/\/colegioarquitectos.com\/noticias\/wp-content\/uploads\/2020\/05\/3-300x194.png 300w, https:\/\/colegioarquitectos.com\/noticias\/wp-content\/uploads\/2020\/05\/3-768x497.png 768w, https:\/\/colegioarquitectos.com\/noticias\/wp-content\/uploads\/2020\/05\/3.png 1200w\" sizes=\"auto, (max-width: 690px) 100vw, 690px\" \/><\/p>\n<p>El a\u00f1o 2019, el premio se enfoc\u00f3 en la comuna de Dalcahue, resultando como ganadora una hermosa y tradicional casa palaf\u00edtica. Esta casa de ubica en Qu\u00edquel, un pueblo rural costero del mar interior de Chilo\u00e9, la cual ha sido mantenida gracias al esfuerzo y cari\u00f1o de sus propietarios.<\/p>\n<p><a href=\"https:\/\/www.diadelpatrimonio.cl\/actividad\/c%C3%A1psula-premio-de-arquitectura-patrimonial-chilota-2019-dalcahue.html\">Actividad en www.diadelpatrimonio.cl<\/a><\/p>\n<p>&nbsp;<\/p>\n<h3 class=\"page-header\">C\u00e1psula Premio de Arquitectura Patrimonial Chilota 2017, Castro<\/h3>\n<p><img loading=\"lazy\" decoding=\"async\" class=\"aligncenter size-large wp-image-25096\" src=\"http:\/\/colegioarquitectos.com\/noticias\/wp-content\/uploads\/2020\/05\/4-1024x663.png\" alt=\"\" width=\"690\" height=\"447\" srcset=\"https:\/\/colegioarquitectos.com\/noticias\/wp-content\/uploads\/2020\/05\/4-1024x663.png 1024w, https:\/\/colegioarquitectos.com\/noticias\/wp-content\/uploads\/2020\/05\/4-300x194.png 300w, https:\/\/colegioarquitectos.com\/noticias\/wp-content\/uploads\/2020\/05\/4-768x497.png 768w, https:\/\/colegioarquitectos.com\/noticias\/wp-content\/uploads\/2020\/05\/4.png 1200w\" sizes=\"auto, (max-width: 690px) 100vw, 690px\" \/><\/p>\n<p>El a\u00f1o 2017, el premio se focaliz\u00f3 en la comuna de Castro, y la casa galardonada corresponde a la Casa Saldivia, una t\u00edpica y llamativa construcci\u00f3n chilota que se encuentra en la ruta hacia la localidad de Nerc\u00f3n. Sus propietarios valoran profundamente este patrimonio, y lo mantienen con esfuerzo.<\/p>\n<p><a href=\"https:\/\/www.diadelpatrimonio.cl\/actividad\/c%C3%A1psula-premio-de-arquitectura-patrimonial-chilota-2017-castro.html\">Actividad en www.diadelpatrimonio.cl<\/a><\/p>\n<p>&nbsp;<\/p>\n<h3 class=\"page-header\">C\u00e1psula Salvemos la Comisar\u00eda de Ancud<\/h3>\n<p><img loading=\"lazy\" decoding=\"async\" class=\"aligncenter size-large wp-image-25097\" src=\"http:\/\/colegioarquitectos.com\/noticias\/wp-content\/uploads\/2020\/05\/5-1024x663.png\" alt=\"\" width=\"690\" height=\"447\" srcset=\"https:\/\/colegioarquitectos.com\/noticias\/wp-content\/uploads\/2020\/05\/5-1024x663.png 1024w, https:\/\/colegioarquitectos.com\/noticias\/wp-content\/uploads\/2020\/05\/5-300x194.png 300w, https:\/\/colegioarquitectos.com\/noticias\/wp-content\/uploads\/2020\/05\/5-768x497.png 768w, https:\/\/colegioarquitectos.com\/noticias\/wp-content\/uploads\/2020\/05\/5.png 1200w\" sizes=\"auto, (max-width: 690px) 100vw, 690px\" \/><\/p>\n<p>Esta caracter\u00edstica edificaci\u00f3n estuvo a punto de ser demolida para dar paso a una nueva comisar\u00eda \u00abtipo\u00bb. Para protegerla, la Delegaci\u00f3n Zonal Chilo\u00e9 comenz\u00f3 un proceso de protecci\u00f3n que finalmente la elev\u00f3 a Monumento Hist\u00f3rico. El proceso contado por sus protagonistas.<\/p>\n<p><a href=\"https:\/\/www.diadelpatrimonio.cl\/actividad\/c%C3%A1psula-salvemos-la-comisar%C3%ADa-de-ancud.html\">Actividad en www.diadelpatrimonio.cl<\/a><\/p>\n<p>&nbsp;<\/p>\n<h3 class=\"page-header\">C\u00e1psula Premio de Arquitectura Patrimonial Chilota 2019, Dalcahue<\/h3>\n<p><img loading=\"lazy\" decoding=\"async\" class=\"aligncenter size-large wp-image-25098\" src=\"http:\/\/colegioarquitectos.com\/noticias\/wp-content\/uploads\/2020\/05\/7-1024x663.png\" alt=\"\" width=\"690\" height=\"447\" srcset=\"https:\/\/colegioarquitectos.com\/noticias\/wp-content\/uploads\/2020\/05\/7-1024x663.png 1024w, https:\/\/colegioarquitectos.com\/noticias\/wp-content\/uploads\/2020\/05\/7-300x194.png 300w, https:\/\/colegioarquitectos.com\/noticias\/wp-content\/uploads\/2020\/05\/7-768x497.png 768w, https:\/\/colegioarquitectos.com\/noticias\/wp-content\/uploads\/2020\/05\/7.png 1200w\" sizes=\"auto, (max-width: 690px) 100vw, 690px\" \/><\/p>\n<p>El a\u00f1o 2019, el premio se focaliz\u00f3 en la comuna de Dalcahue, resultando como ganadora la casa Barr\u00eda Villegas, ubicada en la localidad rural costera de Qu\u00edquel. Conoceremos la casa y a sus propietarios, quienes nos contar\u00e1n su historia y d\u00f3nde radica el valor de esta hermosa casa palafito.<\/p>\n<p><a href=\"https:\/\/www.diadelpatrimonio.cl\/actividad\/c%C3%A1psula-premio-de-arquitectura-patrimonial-chilota-2019-dalcahue.html-0\">Actividad en www.diadelpatrimonio.cl<\/a><\/p>\n<p><\/p>","protected":false},"excerpt":{"rendered":"<p>Como es tradici\u00f3n, este\u00a029, 30 y 31 de mayo\u00a0celebraremos el\u00a0D\u00eda del Patrimonio Cultural\u00a0organizado por el\u00a0Consejo de Monumentos Nacionales de Chile, con una particularidad: este a\u00f1o ser\u00e1 una edici\u00f3n\u00a0totalmente virtual\u00a0a causa de la emergencia sanitaria\u00a0por el COVID-19. En esa direcci\u00f3n, las &hellip; <a class=\"more-link\" href=\"https:\/\/colegioarquitectos.com\/noticias\/?p=25024\">ver m\u00e1s<\/a><\/p>","protected":false},"author":4,"featured_media":25025,"comment_status":"closed","ping_status":"closed","sticky":false,"template":"","format":"standard","meta":{"footnotes":""},"categories":[76,10],"tags":[],"class_list":["post-25024","post","type-post","status-publish","format-standard","has-post-thumbnail","hentry","category-covid-19","category-delegaciones-zonales"],"yoast_head":"<!-- This site is optimized with the Yoast SEO plugin v24.2 - https:\/\/yoast.com\/wordpress\/plugins\/seo\/ -->\n<title>Revisa las actividades a lo largo del pa\u00eds de nuestras DZ en el marco del D\u00eda del Patrimonio Cultural en Casa - COLEGIO DE ARQUITECTOS DE CHILE<\/title>\n<meta name=\"robots\" content=\"index, follow, max-snippet:-1, max-image-preview:large, max-video-preview:-1\" \/>\n<link rel=\"canonical\" href=\"https:\/\/colegioarquitectos.com\/noticias\/?p=25024\" \/>\n<meta property=\"og:locale\" content=\"es_ES\" \/>\n<meta property=\"og:type\" content=\"article\" \/>\n<meta property=\"og:title\" content=\"Revisa las actividades a lo largo del pa\u00eds de nuestras DZ en el marco del D\u00eda del Patrimonio Cultural en Casa - COLEGIO DE ARQUITECTOS DE CHILE\" \/>\n<meta property=\"og:description\" content=\"Como es tradici\u00f3n, este\u00a029, 30 y 31 de mayo\u00a0celebraremos el\u00a0D\u00eda del Patrimonio Cultural\u00a0organizado por el\u00a0Consejo de Monumentos Nacionales de Chile, con una particularidad: este a\u00f1o ser\u00e1 una edici\u00f3n\u00a0totalmente virtual\u00a0a causa de la emergencia sanitaria\u00a0por el COVID-19. En esa direcci\u00f3n, las &hellip; ver m\u00e1s\" \/>\n<meta property=\"og:url\" content=\"https:\/\/colegioarquitectos.com\/noticias\/?p=25024\" \/>\n<meta property=\"og:site_name\" content=\"COLEGIO DE ARQUITECTOS DE CHILE\" \/>\n<meta property=\"article:publisher\" content=\"https:\/\/facebook.com\/Colegioarq\/\" \/>\n<meta property=\"article:published_time\" content=\"2020-05-26T20:43:37+00:00\" \/>\n<meta property=\"article:modified_time\" content=\"2020-05-28T23:23:48+00:00\" \/>\n<meta property=\"og:image\" content=\"https:\/\/colegioarquitectos.com\/noticias\/wp-content\/uploads\/2020\/05\/ENCABEZADO-1.png\" \/>\n\t<meta property=\"og:image:width\" content=\"690\" \/>\n\t<meta property=\"og:image:height\" content=\"350\" \/>\n\t<meta property=\"og:image:type\" content=\"image\/png\" \/>\n<meta name=\"author\" content=\"Colegio de Arquitectos de Chile\" \/>\n<meta name=\"twitter:card\" content=\"summary_large_image\" \/>\n<meta name=\"twitter:creator\" content=\"@colegioarq\" \/>\n<meta name=\"twitter:site\" content=\"@colegioarq\" \/>\n<meta name=\"twitter:label1\" content=\"Escrito por\" \/>\n\t<meta name=\"twitter:data1\" content=\"Colegio de Arquitectos de Chile\" \/>\n\t<meta name=\"twitter:label2\" content=\"Tiempo de lectura\" \/>\n\t<meta name=\"twitter:data2\" content=\"3 minutos\" \/>\n<script type=\"application\/ld+json\" class=\"yoast-schema-graph\">{\"@context\":\"https:\/\/schema.org\",\"@graph\":[{\"@type\":\"Article\",\"@id\":\"https:\/\/colegioarquitectos.com\/noticias\/?p=25024#article\",\"isPartOf\":{\"@id\":\"https:\/\/colegioarquitectos.com\/noticias\/?p=25024\"},\"author\":{\"name\":\"Colegio de Arquitectos de Chile\",\"@id\":\"https:\/\/colegioarquitectos.com\/noticias\/#\/schema\/person\/685cc0aad148303c5608f049af8285ad\"},\"headline\":\"Revisa las actividades a lo largo del pa\u00eds de nuestras DZ en el marco del D\u00eda del Patrimonio Cultural en Casa\",\"datePublished\":\"2020-05-26T20:43:37+00:00\",\"dateModified\":\"2020-05-28T23:23:48+00:00\",\"mainEntityOfPage\":{\"@id\":\"https:\/\/colegioarquitectos.com\/noticias\/?p=25024\"},\"wordCount\":706,\"publisher\":{\"@id\":\"https:\/\/colegioarquitectos.com\/noticias\/#organization\"},\"image\":{\"@id\":\"https:\/\/colegioarquitectos.com\/noticias\/?p=25024#primaryimage\"},\"thumbnailUrl\":\"https:\/\/colegioarquitectos.com\/noticias\/wp-content\/uploads\/2020\/05\/ENCABEZADO-1.png\",\"articleSection\":[\"COVID-19\",\"Delegaciones\"],\"inLanguage\":\"es\"},{\"@type\":\"WebPage\",\"@id\":\"https:\/\/colegioarquitectos.com\/noticias\/?p=25024\",\"url\":\"https:\/\/colegioarquitectos.com\/noticias\/?p=25024\",\"name\":\"Revisa las actividades a lo largo del pa\u00eds de nuestras DZ en el marco del D\u00eda del Patrimonio Cultural en Casa - COLEGIO DE ARQUITECTOS DE CHILE\",\"isPartOf\":{\"@id\":\"https:\/\/colegioarquitectos.com\/noticias\/#website\"},\"primaryImageOfPage\":{\"@id\":\"https:\/\/colegioarquitectos.com\/noticias\/?p=25024#primaryimage\"},\"image\":{\"@id\":\"https:\/\/colegioarquitectos.com\/noticias\/?p=25024#primaryimage\"},\"thumbnailUrl\":\"https:\/\/colegioarquitectos.com\/noticias\/wp-content\/uploads\/2020\/05\/ENCABEZADO-1.png\",\"datePublished\":\"2020-05-26T20:43:37+00:00\",\"dateModified\":\"2020-05-28T23:23:48+00:00\",\"breadcrumb\":{\"@id\":\"https:\/\/colegioarquitectos.com\/noticias\/?p=25024#breadcrumb\"},\"inLanguage\":\"es\",\"potentialAction\":[{\"@type\":\"ReadAction\",\"target\":[\"https:\/\/colegioarquitectos.com\/noticias\/?p=25024\"]}]},{\"@type\":\"ImageObject\",\"inLanguage\":\"es\",\"@id\":\"https:\/\/colegioarquitectos.com\/noticias\/?p=25024#primaryimage\",\"url\":\"https:\/\/colegioarquitectos.com\/noticias\/wp-content\/uploads\/2020\/05\/ENCABEZADO-1.png\",\"contentUrl\":\"https:\/\/colegioarquitectos.com\/noticias\/wp-content\/uploads\/2020\/05\/ENCABEZADO-1.png\",\"width\":690,\"height\":350},{\"@type\":\"BreadcrumbList\",\"@id\":\"https:\/\/colegioarquitectos.com\/noticias\/?p=25024#breadcrumb\",\"itemListElement\":[{\"@type\":\"ListItem\",\"position\":1,\"name\":\"Portada\",\"item\":\"https:\/\/colegioarquitectos.com\/noticias\"},{\"@type\":\"ListItem\",\"position\":2,\"name\":\"Revisa las actividades a lo largo del pa\u00eds de nuestras DZ en el marco del D\u00eda del Patrimonio Cultural en Casa\"}]},{\"@type\":\"WebSite\",\"@id\":\"https:\/\/colegioarquitectos.com\/noticias\/#website\",\"url\":\"https:\/\/colegioarquitectos.com\/noticias\/\",\"name\":\"COLEGIO DE ARQUITECTOS DE CHILE\",\"description\":\"\",\"publisher\":{\"@id\":\"https:\/\/colegioarquitectos.com\/noticias\/#organization\"},\"potentialAction\":[{\"@type\":\"SearchAction\",\"target\":{\"@type\":\"EntryPoint\",\"urlTemplate\":\"https:\/\/colegioarquitectos.com\/noticias\/?s={search_term_string}\"},\"query-input\":{\"@type\":\"PropertyValueSpecification\",\"valueRequired\":true,\"valueName\":\"search_term_string\"}}],\"inLanguage\":\"es\"},{\"@type\":\"Organization\",\"@id\":\"https:\/\/colegioarquitectos.com\/noticias\/#organization\",\"name\":\"COLEGIO DE ARQUITECTOS DE CHILE\",\"url\":\"https:\/\/colegioarquitectos.com\/noticias\/\",\"logo\":{\"@type\":\"ImageObject\",\"inLanguage\":\"es\",\"@id\":\"https:\/\/colegioarquitectos.com\/noticias\/#\/schema\/logo\/image\/\",\"url\":\"https:\/\/colegioarquitectos.com\/noticias\/wp-content\/uploads\/2021\/05\/ENCABEZADO-LOGO-CA.jpg\",\"contentUrl\":\"https:\/\/colegioarquitectos.com\/noticias\/wp-content\/uploads\/2021\/05\/ENCABEZADO-LOGO-CA.jpg\",\"width\":690,\"height\":350,\"caption\":\"COLEGIO DE ARQUITECTOS DE CHILE\"},\"image\":{\"@id\":\"https:\/\/colegioarquitectos.com\/noticias\/#\/schema\/logo\/image\/\"},\"sameAs\":[\"https:\/\/facebook.com\/Colegioarq\/\",\"https:\/\/x.com\/colegioarq\",\"https:\/\/instagram.com\/colegioarq\",\"https:\/\/youtube.com\/@ColegiodeArquitectosdeChile\"]},{\"@type\":\"Person\",\"@id\":\"https:\/\/colegioarquitectos.com\/noticias\/#\/schema\/person\/685cc0aad148303c5608f049af8285ad\",\"name\":\"Colegio de Arquitectos de Chile\",\"url\":\"https:\/\/colegioarquitectos.com\/noticias\/?author=4\"}]}<\/script>\n<!-- \/ Yoast SEO plugin. -->","yoast_head_json":{"title":"Revisa las actividades a lo largo del pa\u00eds de nuestras DZ en el marco del D\u00eda del Patrimonio Cultural en Casa - COLEGIO DE ARQUITECTOS DE CHILE","robots":{"index":"index","follow":"follow","max-snippet":"max-snippet:-1","max-image-preview":"max-image-preview:large","max-video-preview":"max-video-preview:-1"},"canonical":"https:\/\/colegioarquitectos.com\/noticias\/?p=25024","og_locale":"es_ES","og_type":"article","og_title":"Revisa las actividades a lo largo del pa\u00eds de nuestras DZ en el marco del D\u00eda del Patrimonio Cultural en Casa - COLEGIO DE ARQUITECTOS DE CHILE","og_description":"Como es tradici\u00f3n, este\u00a029, 30 y 31 de mayo\u00a0celebraremos el\u00a0D\u00eda del Patrimonio Cultural\u00a0organizado por el\u00a0Consejo de Monumentos Nacionales de Chile, con una particularidad: este a\u00f1o ser\u00e1 una edici\u00f3n\u00a0totalmente virtual\u00a0a causa de la emergencia sanitaria\u00a0por el COVID-19. En esa direcci\u00f3n, las &hellip; ver m\u00e1s","og_url":"https:\/\/colegioarquitectos.com\/noticias\/?p=25024","og_site_name":"COLEGIO DE ARQUITECTOS DE CHILE","article_publisher":"https:\/\/facebook.com\/Colegioarq\/","article_published_time":"2020-05-26T20:43:37+00:00","article_modified_time":"2020-05-28T23:23:48+00:00","og_image":[{"width":690,"height":350,"url":"https:\/\/colegioarquitectos.com\/noticias\/wp-content\/uploads\/2020\/05\/ENCABEZADO-1.png","type":"image\/png"}],"author":"Colegio de Arquitectos de Chile","twitter_card":"summary_large_image","twitter_creator":"@colegioarq","twitter_site":"@colegioarq","twitter_misc":{"Escrito por":"Colegio de Arquitectos de Chile","Tiempo de lectura":"3 minutos"},"schema":{"@context":"https:\/\/schema.org","@graph":[{"@type":"Article","@id":"https:\/\/colegioarquitectos.com\/noticias\/?p=25024#article","isPartOf":{"@id":"https:\/\/colegioarquitectos.com\/noticias\/?p=25024"},"author":{"name":"Colegio de Arquitectos de Chile","@id":"https:\/\/colegioarquitectos.com\/noticias\/#\/schema\/person\/685cc0aad148303c5608f049af8285ad"},"headline":"Revisa las actividades a lo largo del pa\u00eds de nuestras DZ en el marco del D\u00eda del Patrimonio Cultural en Casa","datePublished":"2020-05-26T20:43:37+00:00","dateModified":"2020-05-28T23:23:48+00:00","mainEntityOfPage":{"@id":"https:\/\/colegioarquitectos.com\/noticias\/?p=25024"},"wordCount":706,"publisher":{"@id":"https:\/\/colegioarquitectos.com\/noticias\/#organization"},"image":{"@id":"https:\/\/colegioarquitectos.com\/noticias\/?p=25024#primaryimage"},"thumbnailUrl":"https:\/\/colegioarquitectos.com\/noticias\/wp-content\/uploads\/2020\/05\/ENCABEZADO-1.png","articleSection":["COVID-19","Delegaciones"],"inLanguage":"es"},{"@type":"WebPage","@id":"https:\/\/colegioarquitectos.com\/noticias\/?p=25024","url":"https:\/\/colegioarquitectos.com\/noticias\/?p=25024","name":"Revisa las actividades a lo largo del pa\u00eds de nuestras DZ en el marco del D\u00eda del Patrimonio Cultural en Casa - COLEGIO DE ARQUITECTOS DE CHILE","isPartOf":{"@id":"https:\/\/colegioarquitectos.com\/noticias\/#website"},"primaryImageOfPage":{"@id":"https:\/\/colegioarquitectos.com\/noticias\/?p=25024#primaryimage"},"image":{"@id":"https:\/\/colegioarquitectos.com\/noticias\/?p=25024#primaryimage"},"thumbnailUrl":"https:\/\/colegioarquitectos.com\/noticias\/wp-content\/uploads\/2020\/05\/ENCABEZADO-1.png","datePublished":"2020-05-26T20:43:37+00:00","dateModified":"2020-05-28T23:23:48+00:00","breadcrumb":{"@id":"https:\/\/colegioarquitectos.com\/noticias\/?p=25024#breadcrumb"},"inLanguage":"es","potentialAction":[{"@type":"ReadAction","target":["https:\/\/colegioarquitectos.com\/noticias\/?p=25024"]}]},{"@type":"ImageObject","inLanguage":"es","@id":"https:\/\/colegioarquitectos.com\/noticias\/?p=25024#primaryimage","url":"https:\/\/colegioarquitectos.com\/noticias\/wp-content\/uploads\/2020\/05\/ENCABEZADO-1.png","contentUrl":"https:\/\/colegioarquitectos.com\/noticias\/wp-content\/uploads\/2020\/05\/ENCABEZADO-1.png","width":690,"height":350},{"@type":"BreadcrumbList","@id":"https:\/\/colegioarquitectos.com\/noticias\/?p=25024#breadcrumb","itemListElement":[{"@type":"ListItem","position":1,"name":"Portada","item":"https:\/\/colegioarquitectos.com\/noticias"},{"@type":"ListItem","position":2,"name":"Revisa las actividades a lo largo del pa\u00eds de nuestras DZ en el marco del D\u00eda del Patrimonio Cultural en Casa"}]},{"@type":"WebSite","@id":"https:\/\/colegioarquitectos.com\/noticias\/#website","url":"https:\/\/colegioarquitectos.com\/noticias\/","name":"COLEGIO DE ARQUITECTOS DE CHILE","description":"","publisher":{"@id":"https:\/\/colegioarquitectos.com\/noticias\/#organization"},"potentialAction":[{"@type":"SearchAction","target":{"@type":"EntryPoint","urlTemplate":"https:\/\/colegioarquitectos.com\/noticias\/?s={search_term_string}"},"query-input":{"@type":"PropertyValueSpecification","valueRequired":true,"valueName":"search_term_string"}}],"inLanguage":"es"},{"@type":"Organization","@id":"https:\/\/colegioarquitectos.com\/noticias\/#organization","name":"COLEGIO DE ARQUITECTOS DE CHILE","url":"https:\/\/colegioarquitectos.com\/noticias\/","logo":{"@type":"ImageObject","inLanguage":"es","@id":"https:\/\/colegioarquitectos.com\/noticias\/#\/schema\/logo\/image\/","url":"https:\/\/colegioarquitectos.com\/noticias\/wp-content\/uploads\/2021\/05\/ENCABEZADO-LOGO-CA.jpg","contentUrl":"https:\/\/colegioarquitectos.com\/noticias\/wp-content\/uploads\/2021\/05\/ENCABEZADO-LOGO-CA.jpg","width":690,"height":350,"caption":"COLEGIO DE ARQUITECTOS DE CHILE"},"image":{"@id":"https:\/\/colegioarquitectos.com\/noticias\/#\/schema\/logo\/image\/"},"sameAs":["https:\/\/facebook.com\/Colegioarq\/","https:\/\/x.com\/colegioarq","https:\/\/instagram.com\/colegioarq","https:\/\/youtube.com\/@ColegiodeArquitectosdeChile"]},{"@type":"Person","@id":"https:\/\/colegioarquitectos.com\/noticias\/#\/schema\/person\/685cc0aad148303c5608f049af8285ad","name":"Colegio de Arquitectos de Chile","url":"https:\/\/colegioarquitectos.com\/noticias\/?author=4"}]}},"_links":{"self":[{"href":"https:\/\/colegioarquitectos.com\/noticias\/index.php?rest_route=\/wp\/v2\/posts\/25024","targetHints":{"allow":["GET"]}}],"collection":[{"href":"https:\/\/colegioarquitectos.com\/noticias\/index.php?rest_route=\/wp\/v2\/posts"}],"about":[{"href":"https:\/\/colegioarquitectos.com\/noticias\/index.php?rest_route=\/wp\/v2\/types\/post"}],"author":[{"embeddable":true,"href":"https:\/\/colegioarquitectos.com\/noticias\/index.php?rest_route=\/wp\/v2\/users\/4"}],"replies":[{"embeddable":true,"href":"https:\/\/colegioarquitectos.com\/noticias\/index.php?rest_route=%2Fwp%2Fv2%2Fcomments&post=25024"}],"version-history":[{"count":0,"href":"https:\/\/colegioarquitectos.com\/noticias\/index.php?rest_route=\/wp\/v2\/posts\/25024\/revisions"}],"wp:featuredmedia":[{"embeddable":true,"href":"https:\/\/colegioarquitectos.com\/noticias\/index.php?rest_route=\/wp\/v2\/media\/25025"}],"wp:attachment":[{"href":"https:\/\/colegioarquitectos.com\/noticias\/index.php?rest_route=%2Fwp%2Fv2%2Fmedia&parent=25024"}],"wp:term":[{"taxonomy":"category","embeddable":true,"href":"https:\/\/colegioarquitectos.com\/noticias\/index.php?rest_route=%2Fwp%2Fv2%2Fcategories&post=25024"},{"taxonomy":"post_tag","embeddable":true,"href":"https:\/\/colegioarquitectos.com\/noticias\/index.php?rest_route=%2Fwp%2Fv2%2Ftags&post=25024"}],"curies":[{"name":"wp","href":"https:\/\/api.w.org\/{rel}","templated":true}]}}