
{"id":25140,"date":"2020-06-04T15:26:52","date_gmt":"2020-06-04T15:26:52","guid":{"rendered":"http:\/\/colegioarquitectos.com\/?p=25140"},"modified":"2020-06-04T15:27:15","modified_gmt":"2020-06-04T15:27:15","slug":"fallecio-jorge-swinburn-pereira","status":"publish","type":"post","link":"https:\/\/colegioarquitectos.com\/noticias\/?p=25140","title":{"rendered":"Falleci\u00f3 Jorge Swinburn Pereira"},"content":{"rendered":"<p>Como Colegio de Arquitectos de Chile lamentamos comunicar el sensible fallecimiento de nuestro colegiado\u00a0<strong>Jorge Swinburn Pereira<\/strong>, <strong>ICA 1479<\/strong>.<\/p>\n<p><strong>Jorge Swinburn Pereira<\/strong> naci\u00f3 en <strong>1934<\/strong> en Santiago. En <strong>1957<\/strong> obtuvo su t\u00edtulo de arquitecto en la <strong>Pontificia Universidad Cat\u00f3lica de Chile<\/strong>, aprobado con la distinci\u00f3n m\u00e1xima. Ese mismo a\u00f1o fue becado por el Instituto de Cultura Hisp\u00e1nica para realizar un postgrado en historia de la arquitectura espa\u00f1ola.<\/p>\n<p>A su regreso a Chile es nombrado profesor de Historia del Urbanismo en la Facultad de Arquitectura, Dise\u00f1o y Estudios Urbanos de la Universidad Cat\u00f3lica de Chile. Entre <strong>1970<\/strong> y 1976, asume las c\u00e1tedras de Taller e Historia de la Arquitectura Chilena en la Facultad de Arquitectura y Urbanismo de la Universidad de Chile.<\/p>\n<p>En su actividad profesional, estuvo asociado en distintos periodos con <strong>Rodrigo M\u00e1rquez de la Plata Irarr\u00e1zabal<\/strong>, <strong>Sergio Larra\u00edn Garc\u00eda Moreno<\/strong> e <strong>Ignacio Covarrubias Silva<\/strong>. En 1974 fund\u00f3, con <strong>\u00c1lvaro Pedraza Gonz\u00e1lez<\/strong>, <strong>Swinburn &amp; Pedraza<\/strong> Arquitectos.<\/p>\n<p>Entre sus obras m\u00e1s ic\u00f3nicas se destacan una serie de casas construidas en Santiago entre las d\u00e9cadas del cincuenta y setenta como la <strong>Casa Swinburn<\/strong>, <strong>Donoso<\/strong> \u2014construida para el escritor <strong>Jos\u00e9 Donoso<\/strong>\u2014, <strong>Di Gir\u00f3lamo<\/strong>, <strong>Aldunate<\/strong> o <strong>Ben\u00edtez.<\/strong><\/p>\n<p>Seg\u00fan apunta <em><strong>Jorge Swinburn. Casas modernas<\/strong><\/em> (Ediciones ARQ, 2007), estas obras son \u00abtestimonio elocuente de una particular decantaci\u00f3n de la arquitectura del movimiento moderno en Sudam\u00e9rica. Lo que en otros pa\u00edses se manifest\u00f3 como la exploraci\u00f3n en torno a la estructura, la b\u00fasqueda de interiores templados o el desarrollo de una pl\u00e1stica arquitect\u00f3nica de escala territorial, en Chile tuvo una expresi\u00f3n discreta pero consistente, donde convergen la l\u00f3gica de construcciones rurales tradicionales, una decidida econom\u00eda de medios y un lenguaje sint\u00e9tico y depurado\u00bb.<\/p>\n<p>\u00abEmplazadas mayoritariamente en los nuevos barrios desarrollados en Santiago durante la segunda mitad del s. XX, se trata de construcciones de muros blancos, galer\u00edas y patios que raramente superan los 140 m2. Levantadas con pocos medios por familias j\u00f3venes, su modestia aparente s\u00f3lo acent\u00faa la solidez de una propuesta que reh\u00faye las claves heroicas de la modernidad, desarrollando en cambio la dimensi\u00f3n \u00edntima y cotidiana de esa nueva arquitectura\u00bb, profundiza.<\/p>\n<p><strong>Jorge Swinburn<\/strong> tambi\u00e9n se destac\u00f3 como un talentoso acuarelista, con una mirada figurativa y realista, tan sensible como profunda del paisaje chileno; sum\u00e1ndose as\u00ed a su abuelo\u00a0<strong>Enrique Swinburn Kirk<\/strong> y a su padre,\u00a0<strong>Carlos Swinburn<\/strong>.<\/p>\n<p>En estos momentos dif\u00edciles, deseamos a su familia nuestro m\u00e1s sentido p\u00e9same.<\/p>\n<p>&nbsp;<\/p>\n<p><strong>Directorio Nacional<\/strong><\/p>\n<p><strong>Colegio de Arquitectos de Chile\u00a0<\/strong><\/p>\n<p><\/p>","protected":false},"excerpt":{"rendered":"<p>Como Colegio de Arquitectos de Chile lamentamos comunicar el sensible fallecimiento de nuestro colegiado\u00a0Jorge Swinburn Pereira, ICA 1479. Jorge Swinburn Pereira naci\u00f3 en 1934 en Santiago. En 1957 obtuvo su t\u00edtulo de arquitecto en la Pontificia Universidad Cat\u00f3lica de Chile, &hellip; <a class=\"more-link\" href=\"https:\/\/colegioarquitectos.com\/noticias\/?p=25140\">ver m\u00e1s<\/a><\/p>","protected":false},"author":4,"featured_media":24713,"comment_status":"closed","ping_status":"closed","sticky":false,"template":"","format":"standard","meta":{"footnotes":""},"categories":[37],"tags":[],"class_list":["post-25140","post","type-post","status-publish","format-standard","has-post-thumbnail","hentry","category-obituario"],"yoast_head":"<!-- This site is optimized with the Yoast SEO plugin v24.2 - https:\/\/yoast.com\/wordpress\/plugins\/seo\/ -->\n<title>Falleci\u00f3 Jorge Swinburn Pereira - COLEGIO DE ARQUITECTOS DE CHILE<\/title>\n<meta name=\"robots\" content=\"index, follow, max-snippet:-1, max-image-preview:large, max-video-preview:-1\" \/>\n<link rel=\"canonical\" href=\"https:\/\/colegioarquitectos.com\/noticias\/?p=25140\" \/>\n<meta property=\"og:locale\" content=\"es_ES\" \/>\n<meta property=\"og:type\" content=\"article\" \/>\n<meta property=\"og:title\" content=\"Falleci\u00f3 Jorge Swinburn Pereira - COLEGIO DE ARQUITECTOS DE CHILE\" \/>\n<meta property=\"og:description\" content=\"Como Colegio de Arquitectos de Chile lamentamos comunicar el sensible fallecimiento de nuestro colegiado\u00a0Jorge Swinburn Pereira, ICA 1479. Jorge Swinburn Pereira naci\u00f3 en 1934 en Santiago. En 1957 obtuvo su t\u00edtulo de arquitecto en la Pontificia Universidad Cat\u00f3lica de Chile, &hellip; ver m\u00e1s\" \/>\n<meta property=\"og:url\" content=\"https:\/\/colegioarquitectos.com\/noticias\/?p=25140\" \/>\n<meta property=\"og:site_name\" content=\"COLEGIO DE ARQUITECTOS DE CHILE\" \/>\n<meta property=\"article:publisher\" content=\"https:\/\/facebook.com\/Colegioarq\/\" \/>\n<meta property=\"article:published_time\" content=\"2020-06-04T15:26:52+00:00\" \/>\n<meta property=\"article:modified_time\" content=\"2020-06-04T15:27:15+00:00\" \/>\n<meta property=\"og:image\" content=\"https:\/\/colegioarquitectos.com\/noticias\/wp-content\/uploads\/2020\/03\/ENCABEZADO-LOGO-CA.jpg\" \/>\n\t<meta property=\"og:image:width\" content=\"690\" \/>\n\t<meta property=\"og:image:height\" content=\"350\" \/>\n\t<meta property=\"og:image:type\" content=\"image\/jpeg\" \/>\n<meta name=\"author\" content=\"Colegio de Arquitectos de Chile\" \/>\n<meta name=\"twitter:card\" content=\"summary_large_image\" \/>\n<meta name=\"twitter:creator\" content=\"@colegioarq\" \/>\n<meta name=\"twitter:site\" content=\"@colegioarq\" \/>\n<meta name=\"twitter:label1\" content=\"Escrito por\" \/>\n\t<meta name=\"twitter:data1\" content=\"Colegio de Arquitectos de Chile\" \/>\n\t<meta name=\"twitter:label2\" content=\"Tiempo de lectura\" \/>\n\t<meta name=\"twitter:data2\" content=\"2 minutos\" \/>\n<script type=\"application\/ld+json\" class=\"yoast-schema-graph\">{\"@context\":\"https:\/\/schema.org\",\"@graph\":[{\"@type\":\"Article\",\"@id\":\"https:\/\/colegioarquitectos.com\/noticias\/?p=25140#article\",\"isPartOf\":{\"@id\":\"https:\/\/colegioarquitectos.com\/noticias\/?p=25140\"},\"author\":{\"name\":\"Colegio de Arquitectos de Chile\",\"@id\":\"https:\/\/colegioarquitectos.com\/noticias\/#\/schema\/person\/685cc0aad148303c5608f049af8285ad\"},\"headline\":\"Falleci\u00f3 Jorge Swinburn Pereira\",\"datePublished\":\"2020-06-04T15:26:52+00:00\",\"dateModified\":\"2020-06-04T15:27:15+00:00\",\"mainEntityOfPage\":{\"@id\":\"https:\/\/colegioarquitectos.com\/noticias\/?p=25140\"},\"wordCount\":441,\"publisher\":{\"@id\":\"https:\/\/colegioarquitectos.com\/noticias\/#organization\"},\"image\":{\"@id\":\"https:\/\/colegioarquitectos.com\/noticias\/?p=25140#primaryimage\"},\"thumbnailUrl\":\"https:\/\/colegioarquitectos.com\/noticias\/wp-content\/uploads\/2020\/03\/ENCABEZADO-LOGO-CA.jpg\",\"articleSection\":[\"Obituario\"],\"inLanguage\":\"es\"},{\"@type\":\"WebPage\",\"@id\":\"https:\/\/colegioarquitectos.com\/noticias\/?p=25140\",\"url\":\"https:\/\/colegioarquitectos.com\/noticias\/?p=25140\",\"name\":\"Falleci\u00f3 Jorge Swinburn Pereira - COLEGIO DE ARQUITECTOS DE CHILE\",\"isPartOf\":{\"@id\":\"https:\/\/colegioarquitectos.com\/noticias\/#website\"},\"primaryImageOfPage\":{\"@id\":\"https:\/\/colegioarquitectos.com\/noticias\/?p=25140#primaryimage\"},\"image\":{\"@id\":\"https:\/\/colegioarquitectos.com\/noticias\/?p=25140#primaryimage\"},\"thumbnailUrl\":\"https:\/\/colegioarquitectos.com\/noticias\/wp-content\/uploads\/2020\/03\/ENCABEZADO-LOGO-CA.jpg\",\"datePublished\":\"2020-06-04T15:26:52+00:00\",\"dateModified\":\"2020-06-04T15:27:15+00:00\",\"breadcrumb\":{\"@id\":\"https:\/\/colegioarquitectos.com\/noticias\/?p=25140#breadcrumb\"},\"inLanguage\":\"es\",\"potentialAction\":[{\"@type\":\"ReadAction\",\"target\":[\"https:\/\/colegioarquitectos.com\/noticias\/?p=25140\"]}]},{\"@type\":\"ImageObject\",\"inLanguage\":\"es\",\"@id\":\"https:\/\/colegioarquitectos.com\/noticias\/?p=25140#primaryimage\",\"url\":\"https:\/\/colegioarquitectos.com\/noticias\/wp-content\/uploads\/2020\/03\/ENCABEZADO-LOGO-CA.jpg\",\"contentUrl\":\"https:\/\/colegioarquitectos.com\/noticias\/wp-content\/uploads\/2020\/03\/ENCABEZADO-LOGO-CA.jpg\",\"width\":690,\"height\":350},{\"@type\":\"BreadcrumbList\",\"@id\":\"https:\/\/colegioarquitectos.com\/noticias\/?p=25140#breadcrumb\",\"itemListElement\":[{\"@type\":\"ListItem\",\"position\":1,\"name\":\"Portada\",\"item\":\"https:\/\/colegioarquitectos.com\/noticias\"},{\"@type\":\"ListItem\",\"position\":2,\"name\":\"Falleci\u00f3 Jorge Swinburn Pereira\"}]},{\"@type\":\"WebSite\",\"@id\":\"https:\/\/colegioarquitectos.com\/noticias\/#website\",\"url\":\"https:\/\/colegioarquitectos.com\/noticias\/\",\"name\":\"COLEGIO DE ARQUITECTOS DE CHILE\",\"description\":\"\",\"publisher\":{\"@id\":\"https:\/\/colegioarquitectos.com\/noticias\/#organization\"},\"potentialAction\":[{\"@type\":\"SearchAction\",\"target\":{\"@type\":\"EntryPoint\",\"urlTemplate\":\"https:\/\/colegioarquitectos.com\/noticias\/?s={search_term_string}\"},\"query-input\":{\"@type\":\"PropertyValueSpecification\",\"valueRequired\":true,\"valueName\":\"search_term_string\"}}],\"inLanguage\":\"es\"},{\"@type\":\"Organization\",\"@id\":\"https:\/\/colegioarquitectos.com\/noticias\/#organization\",\"name\":\"COLEGIO DE ARQUITECTOS DE CHILE\",\"url\":\"https:\/\/colegioarquitectos.com\/noticias\/\",\"logo\":{\"@type\":\"ImageObject\",\"inLanguage\":\"es\",\"@id\":\"https:\/\/colegioarquitectos.com\/noticias\/#\/schema\/logo\/image\/\",\"url\":\"https:\/\/colegioarquitectos.com\/noticias\/wp-content\/uploads\/2021\/05\/ENCABEZADO-LOGO-CA.jpg\",\"contentUrl\":\"https:\/\/colegioarquitectos.com\/noticias\/wp-content\/uploads\/2021\/05\/ENCABEZADO-LOGO-CA.jpg\",\"width\":690,\"height\":350,\"caption\":\"COLEGIO DE ARQUITECTOS DE CHILE\"},\"image\":{\"@id\":\"https:\/\/colegioarquitectos.com\/noticias\/#\/schema\/logo\/image\/\"},\"sameAs\":[\"https:\/\/facebook.com\/Colegioarq\/\",\"https:\/\/x.com\/colegioarq\",\"https:\/\/instagram.com\/colegioarq\",\"https:\/\/youtube.com\/@ColegiodeArquitectosdeChile\"]},{\"@type\":\"Person\",\"@id\":\"https:\/\/colegioarquitectos.com\/noticias\/#\/schema\/person\/685cc0aad148303c5608f049af8285ad\",\"name\":\"Colegio de Arquitectos de Chile\",\"url\":\"https:\/\/colegioarquitectos.com\/noticias\/?author=4\"}]}<\/script>\n<!-- \/ Yoast SEO plugin. -->","yoast_head_json":{"title":"Falleci\u00f3 Jorge Swinburn Pereira - COLEGIO DE ARQUITECTOS DE CHILE","robots":{"index":"index","follow":"follow","max-snippet":"max-snippet:-1","max-image-preview":"max-image-preview:large","max-video-preview":"max-video-preview:-1"},"canonical":"https:\/\/colegioarquitectos.com\/noticias\/?p=25140","og_locale":"es_ES","og_type":"article","og_title":"Falleci\u00f3 Jorge Swinburn Pereira - COLEGIO DE ARQUITECTOS DE CHILE","og_description":"Como Colegio de Arquitectos de Chile lamentamos comunicar el sensible fallecimiento de nuestro colegiado\u00a0Jorge Swinburn Pereira, ICA 1479. Jorge Swinburn Pereira naci\u00f3 en 1934 en Santiago. En 1957 obtuvo su t\u00edtulo de arquitecto en la Pontificia Universidad Cat\u00f3lica de Chile, &hellip; ver m\u00e1s","og_url":"https:\/\/colegioarquitectos.com\/noticias\/?p=25140","og_site_name":"COLEGIO DE ARQUITECTOS DE CHILE","article_publisher":"https:\/\/facebook.com\/Colegioarq\/","article_published_time":"2020-06-04T15:26:52+00:00","article_modified_time":"2020-06-04T15:27:15+00:00","og_image":[{"width":690,"height":350,"url":"https:\/\/colegioarquitectos.com\/noticias\/wp-content\/uploads\/2020\/03\/ENCABEZADO-LOGO-CA.jpg","type":"image\/jpeg"}],"author":"Colegio de Arquitectos de Chile","twitter_card":"summary_large_image","twitter_creator":"@colegioarq","twitter_site":"@colegioarq","twitter_misc":{"Escrito por":"Colegio de Arquitectos de Chile","Tiempo de lectura":"2 minutos"},"schema":{"@context":"https:\/\/schema.org","@graph":[{"@type":"Article","@id":"https:\/\/colegioarquitectos.com\/noticias\/?p=25140#article","isPartOf":{"@id":"https:\/\/colegioarquitectos.com\/noticias\/?p=25140"},"author":{"name":"Colegio de Arquitectos de Chile","@id":"https:\/\/colegioarquitectos.com\/noticias\/#\/schema\/person\/685cc0aad148303c5608f049af8285ad"},"headline":"Falleci\u00f3 Jorge Swinburn Pereira","datePublished":"2020-06-04T15:26:52+00:00","dateModified":"2020-06-04T15:27:15+00:00","mainEntityOfPage":{"@id":"https:\/\/colegioarquitectos.com\/noticias\/?p=25140"},"wordCount":441,"publisher":{"@id":"https:\/\/colegioarquitectos.com\/noticias\/#organization"},"image":{"@id":"https:\/\/colegioarquitectos.com\/noticias\/?p=25140#primaryimage"},"thumbnailUrl":"https:\/\/colegioarquitectos.com\/noticias\/wp-content\/uploads\/2020\/03\/ENCABEZADO-LOGO-CA.jpg","articleSection":["Obituario"],"inLanguage":"es"},{"@type":"WebPage","@id":"https:\/\/colegioarquitectos.com\/noticias\/?p=25140","url":"https:\/\/colegioarquitectos.com\/noticias\/?p=25140","name":"Falleci\u00f3 Jorge Swinburn Pereira - COLEGIO DE ARQUITECTOS DE CHILE","isPartOf":{"@id":"https:\/\/colegioarquitectos.com\/noticias\/#website"},"primaryImageOfPage":{"@id":"https:\/\/colegioarquitectos.com\/noticias\/?p=25140#primaryimage"},"image":{"@id":"https:\/\/colegioarquitectos.com\/noticias\/?p=25140#primaryimage"},"thumbnailUrl":"https:\/\/colegioarquitectos.com\/noticias\/wp-content\/uploads\/2020\/03\/ENCABEZADO-LOGO-CA.jpg","datePublished":"2020-06-04T15:26:52+00:00","dateModified":"2020-06-04T15:27:15+00:00","breadcrumb":{"@id":"https:\/\/colegioarquitectos.com\/noticias\/?p=25140#breadcrumb"},"inLanguage":"es","potentialAction":[{"@type":"ReadAction","target":["https:\/\/colegioarquitectos.com\/noticias\/?p=25140"]}]},{"@type":"ImageObject","inLanguage":"es","@id":"https:\/\/colegioarquitectos.com\/noticias\/?p=25140#primaryimage","url":"https:\/\/colegioarquitectos.com\/noticias\/wp-content\/uploads\/2020\/03\/ENCABEZADO-LOGO-CA.jpg","contentUrl":"https:\/\/colegioarquitectos.com\/noticias\/wp-content\/uploads\/2020\/03\/ENCABEZADO-LOGO-CA.jpg","width":690,"height":350},{"@type":"BreadcrumbList","@id":"https:\/\/colegioarquitectos.com\/noticias\/?p=25140#breadcrumb","itemListElement":[{"@type":"ListItem","position":1,"name":"Portada","item":"https:\/\/colegioarquitectos.com\/noticias"},{"@type":"ListItem","position":2,"name":"Falleci\u00f3 Jorge Swinburn Pereira"}]},{"@type":"WebSite","@id":"https:\/\/colegioarquitectos.com\/noticias\/#website","url":"https:\/\/colegioarquitectos.com\/noticias\/","name":"COLEGIO DE ARQUITECTOS DE CHILE","description":"","publisher":{"@id":"https:\/\/colegioarquitectos.com\/noticias\/#organization"},"potentialAction":[{"@type":"SearchAction","target":{"@type":"EntryPoint","urlTemplate":"https:\/\/colegioarquitectos.com\/noticias\/?s={search_term_string}"},"query-input":{"@type":"PropertyValueSpecification","valueRequired":true,"valueName":"search_term_string"}}],"inLanguage":"es"},{"@type":"Organization","@id":"https:\/\/colegioarquitectos.com\/noticias\/#organization","name":"COLEGIO DE ARQUITECTOS DE CHILE","url":"https:\/\/colegioarquitectos.com\/noticias\/","logo":{"@type":"ImageObject","inLanguage":"es","@id":"https:\/\/colegioarquitectos.com\/noticias\/#\/schema\/logo\/image\/","url":"https:\/\/colegioarquitectos.com\/noticias\/wp-content\/uploads\/2021\/05\/ENCABEZADO-LOGO-CA.jpg","contentUrl":"https:\/\/colegioarquitectos.com\/noticias\/wp-content\/uploads\/2021\/05\/ENCABEZADO-LOGO-CA.jpg","width":690,"height":350,"caption":"COLEGIO DE ARQUITECTOS DE CHILE"},"image":{"@id":"https:\/\/colegioarquitectos.com\/noticias\/#\/schema\/logo\/image\/"},"sameAs":["https:\/\/facebook.com\/Colegioarq\/","https:\/\/x.com\/colegioarq","https:\/\/instagram.com\/colegioarq","https:\/\/youtube.com\/@ColegiodeArquitectosdeChile"]},{"@type":"Person","@id":"https:\/\/colegioarquitectos.com\/noticias\/#\/schema\/person\/685cc0aad148303c5608f049af8285ad","name":"Colegio de Arquitectos de Chile","url":"https:\/\/colegioarquitectos.com\/noticias\/?author=4"}]}},"_links":{"self":[{"href":"https:\/\/colegioarquitectos.com\/noticias\/index.php?rest_route=\/wp\/v2\/posts\/25140","targetHints":{"allow":["GET"]}}],"collection":[{"href":"https:\/\/colegioarquitectos.com\/noticias\/index.php?rest_route=\/wp\/v2\/posts"}],"about":[{"href":"https:\/\/colegioarquitectos.com\/noticias\/index.php?rest_route=\/wp\/v2\/types\/post"}],"author":[{"embeddable":true,"href":"https:\/\/colegioarquitectos.com\/noticias\/index.php?rest_route=\/wp\/v2\/users\/4"}],"replies":[{"embeddable":true,"href":"https:\/\/colegioarquitectos.com\/noticias\/index.php?rest_route=%2Fwp%2Fv2%2Fcomments&post=25140"}],"version-history":[{"count":0,"href":"https:\/\/colegioarquitectos.com\/noticias\/index.php?rest_route=\/wp\/v2\/posts\/25140\/revisions"}],"wp:featuredmedia":[{"embeddable":true,"href":"https:\/\/colegioarquitectos.com\/noticias\/index.php?rest_route=\/wp\/v2\/media\/24713"}],"wp:attachment":[{"href":"https:\/\/colegioarquitectos.com\/noticias\/index.php?rest_route=%2Fwp%2Fv2%2Fmedia&parent=25140"}],"wp:term":[{"taxonomy":"category","embeddable":true,"href":"https:\/\/colegioarquitectos.com\/noticias\/index.php?rest_route=%2Fwp%2Fv2%2Fcategories&post=25140"},{"taxonomy":"post_tag","embeddable":true,"href":"https:\/\/colegioarquitectos.com\/noticias\/index.php?rest_route=%2Fwp%2Fv2%2Ftags&post=25140"}],"curies":[{"name":"wp","href":"https:\/\/api.w.org\/{rel}","templated":true}]}}