
{"id":25347,"date":"2020-07-13T19:22:46","date_gmt":"2020-07-13T19:22:46","guid":{"rendered":"http:\/\/colegioarquitectos.com\/?p=25347"},"modified":"2020-07-13T19:23:40","modified_gmt":"2020-07-13T19:23:40","slug":"se-inicia-convocatoria-del-concurso-de-acuarela-hardy-wistuba","status":"publish","type":"post","link":"https:\/\/colegioarquitectos.com\/noticias\/?p=25347","title":{"rendered":"Se inicia convocatoria del Concurso de Acuarela Hardy Wistuba"},"content":{"rendered":"<p>En los once a\u00f1os de su existencia el concurso de acuarela m\u00e1s importante del pa\u00eds ha convocado a una gran cantidad de artistas, unos 300 cada a\u00f1o, y a un jurado de reconocida trayectoria como <strong>Mario Toral<\/strong>, <strong>Gaspar Galaz<\/strong>, <strong>Lea Kleiner<\/strong>, <strong>Pancy Wistuba<\/strong>, <strong>Humberto Eliash<\/strong>, el fallecido acuarelista <strong>Jos\u00e9 Covacevich<\/strong> y <strong>Patricio Gross<\/strong>, entre otras personalidades del arte chileno.<\/p>\n<p>Este a\u00f1o debido a la crisis sanitaria provocada por el Covid- 19 las obras s<strong>er\u00e1n evaluadas de manera virtual<\/strong> por el jurado, a\u00fan no definido; se entregar\u00e1n por lo menos siete menciones honrosas y, como siempre, no podr\u00e1 declararse desierto.<strong> Las obras se recibir\u00e1n entre el 20 de junio y el 12 de septiembre<\/strong>.<\/p>\n<p>\u00abEl concurso de acuarela Hardy Wistuba se ha convertido en un certamen fundamental para quienes desarrollan la t\u00e9cnica de la acuarela. Este es un a\u00f1o especial por toda la situaci\u00f3n que estamos, puede ser un buen momento para quienes no han participado antes<strong>. <\/strong>Nos sentimos honrados de seguir realizando el concurso y de generar un espacio \u00fanico de encuentro y reconocimiento para quienes desarrollan esta t\u00e9cnica\u00bb, dice <strong>Alberto Collados<\/strong>, director del concurso.<\/p>\n<p>La Liga Chileno Alemana en conjunto con el arquitecto Alberto Collados, hacen el llamado a participar de este concurso anual que convoca a chilenos y extranjeros residentes en Chile. <strong>En honor al artista chileno Hardy Wistuba, fallecido en 2010, el certamen busca relevar la figura del notable acuarelista, as\u00ed como incentivar el cultivo de esa disciplina en su dimensi\u00f3n art\u00edstica.<\/strong><\/p>\n<p>Pueden participar artistas profesionales o aficionados con obras realizadas \u00fanicamente con la t\u00e9cnica de la acuarela, sin limitaciones en el tema ni en el formato. Entre los d\u00edas 20 de junio y 12 de septiembre los concursantes deben enviar por correo electr\u00f3nico una imagen de su obra a la direcci\u00f3n <a href=\"mailto:concursoacuarelahw@gmail.com\">concursoacuarelahw@gmail.com<\/a>. <strong>El premio a la obra ganadora es de tres mil d\u00f3lares.<\/strong><\/p>\n<p>Este a\u00f1o no se realizar\u00e1 la exposici\u00f3n f\u00edsica, sin embargo, la obra ganadora y las seleccionadas ser\u00e1n subidas a la p\u00e1gina web de la Liga Chileno Alemana<em>. <\/em><\/p>\n<p><strong>Las bases del concurso est\u00e1n disponibles en la p\u00e1gina web<\/strong><strong>: <\/strong><a href=\"https:\/\/www.dcb.cl\/wistuba-2020\">https:\/\/www.dcb.cl\/wistuba-2020<\/a><\/p>\n<p>La ganadora del a\u00f1o pasado fue Ximena Garc\u00eda Blanco con su obra<em> Gris.<\/em><\/p>\n<p>&nbsp;<\/p>\n<p>&nbsp;<\/p>\n<h3>Hardy Wistuba Stange<\/h3>\n<p>Naci\u00f3 en Puerto Montt en 1925 y falleci\u00f3 en junio de 2010. Inici\u00f3 su labor art\u00edstica a temprana edad, para luego ingresar a la Escuela de Bellas Artes de la Universidad de Chile, consagrando su vida a la pintura. Aunque incursion\u00f3 en diversas t\u00e9cnicas pict\u00f3ricas, la acuarela es la protagonista de su pr\u00f3diga obra de alrededor de seis mil cuadros, muchos de ellos en museos y colecciones nacionales e internacionales. El paisaje predomina en su tem\u00e1tica, destacando ese sur siempre inspirador, pero abarcando la geograf\u00eda entera de Chile y algunos chispazos en el extranjero. Sus exposiciones han recorrido el pa\u00eds y el mundo, llegando a lugares tan remotos como China y Sud\u00e1frica, consagr\u00e1ndolo como el acuarelista m\u00e1s destacado del Chile. Notable fue tambi\u00e9n en su perseverante y fruct\u00edfera labor docente, formando una pl\u00e9yade de acuarelistas que han seguido su maestr\u00eda.<\/p>\n<p><\/p>","protected":false},"excerpt":{"rendered":"<p>En los once a\u00f1os de su existencia el concurso de acuarela m\u00e1s importante del pa\u00eds ha convocado a una gran cantidad de artistas, unos 300 cada a\u00f1o, y a un jurado de reconocida trayectoria como Mario Toral, Gaspar Galaz, Lea &hellip; <a class=\"more-link\" href=\"https:\/\/colegioarquitectos.com\/noticias\/?p=25347\">ver m\u00e1s<\/a><\/p>","protected":false},"author":4,"featured_media":25348,"comment_status":"closed","ping_status":"closed","sticky":false,"template":"","format":"standard","meta":{"footnotes":""},"categories":[11,3],"tags":[],"class_list":["post-25347","post","type-post","status-publish","format-standard","has-post-thumbnail","hentry","category-concursos","category-noticias"],"yoast_head":"<!-- This site is optimized with the Yoast SEO plugin v24.2 - https:\/\/yoast.com\/wordpress\/plugins\/seo\/ -->\n<title>Se inicia convocatoria del Concurso de Acuarela Hardy Wistuba - COLEGIO DE ARQUITECTOS DE CHILE<\/title>\n<meta name=\"robots\" content=\"index, follow, max-snippet:-1, max-image-preview:large, max-video-preview:-1\" \/>\n<link rel=\"canonical\" href=\"https:\/\/colegioarquitectos.com\/noticias\/?p=25347\" \/>\n<meta property=\"og:locale\" content=\"es_ES\" \/>\n<meta property=\"og:type\" content=\"article\" \/>\n<meta property=\"og:title\" content=\"Se inicia convocatoria del Concurso de Acuarela Hardy Wistuba - COLEGIO DE ARQUITECTOS DE CHILE\" \/>\n<meta property=\"og:description\" content=\"En los once a\u00f1os de su existencia el concurso de acuarela m\u00e1s importante del pa\u00eds ha convocado a una gran cantidad de artistas, unos 300 cada a\u00f1o, y a un jurado de reconocida trayectoria como Mario Toral, Gaspar Galaz, Lea &hellip; ver m\u00e1s\" \/>\n<meta property=\"og:url\" content=\"https:\/\/colegioarquitectos.com\/noticias\/?p=25347\" \/>\n<meta property=\"og:site_name\" content=\"COLEGIO DE ARQUITECTOS DE CHILE\" \/>\n<meta property=\"article:publisher\" content=\"https:\/\/facebook.com\/Colegioarq\/\" \/>\n<meta property=\"article:published_time\" content=\"2020-07-13T19:22:46+00:00\" \/>\n<meta property=\"article:modified_time\" content=\"2020-07-13T19:23:40+00:00\" \/>\n<meta property=\"og:image\" content=\"https:\/\/colegioarquitectos.com\/noticias\/wp-content\/uploads\/2020\/07\/encabezado-acuarela.jpg\" \/>\n\t<meta property=\"og:image:width\" content=\"690\" \/>\n\t<meta property=\"og:image:height\" content=\"350\" \/>\n\t<meta property=\"og:image:type\" content=\"image\/jpeg\" \/>\n<meta name=\"author\" content=\"Colegio de Arquitectos de Chile\" \/>\n<meta name=\"twitter:card\" content=\"summary_large_image\" \/>\n<meta name=\"twitter:creator\" content=\"@colegioarq\" \/>\n<meta name=\"twitter:site\" content=\"@colegioarq\" \/>\n<meta name=\"twitter:label1\" content=\"Escrito por\" \/>\n\t<meta name=\"twitter:data1\" content=\"Colegio de Arquitectos de Chile\" \/>\n\t<meta name=\"twitter:label2\" content=\"Tiempo de lectura\" \/>\n\t<meta name=\"twitter:data2\" content=\"3 minutos\" \/>\n<script type=\"application\/ld+json\" class=\"yoast-schema-graph\">{\"@context\":\"https:\/\/schema.org\",\"@graph\":[{\"@type\":\"Article\",\"@id\":\"https:\/\/colegioarquitectos.com\/noticias\/?p=25347#article\",\"isPartOf\":{\"@id\":\"https:\/\/colegioarquitectos.com\/noticias\/?p=25347\"},\"author\":{\"name\":\"Colegio de Arquitectos de Chile\",\"@id\":\"https:\/\/colegioarquitectos.com\/noticias\/#\/schema\/person\/685cc0aad148303c5608f049af8285ad\"},\"headline\":\"Se inicia convocatoria del Concurso de Acuarela Hardy Wistuba\",\"datePublished\":\"2020-07-13T19:22:46+00:00\",\"dateModified\":\"2020-07-13T19:23:40+00:00\",\"mainEntityOfPage\":{\"@id\":\"https:\/\/colegioarquitectos.com\/noticias\/?p=25347\"},\"wordCount\":552,\"publisher\":{\"@id\":\"https:\/\/colegioarquitectos.com\/noticias\/#organization\"},\"image\":{\"@id\":\"https:\/\/colegioarquitectos.com\/noticias\/?p=25347#primaryimage\"},\"thumbnailUrl\":\"https:\/\/colegioarquitectos.com\/noticias\/wp-content\/uploads\/2020\/07\/encabezado-acuarela.jpg\",\"articleSection\":[\"Concursos\",\"Noticias\"],\"inLanguage\":\"es\"},{\"@type\":\"WebPage\",\"@id\":\"https:\/\/colegioarquitectos.com\/noticias\/?p=25347\",\"url\":\"https:\/\/colegioarquitectos.com\/noticias\/?p=25347\",\"name\":\"Se inicia convocatoria del Concurso de Acuarela Hardy Wistuba - COLEGIO DE ARQUITECTOS DE CHILE\",\"isPartOf\":{\"@id\":\"https:\/\/colegioarquitectos.com\/noticias\/#website\"},\"primaryImageOfPage\":{\"@id\":\"https:\/\/colegioarquitectos.com\/noticias\/?p=25347#primaryimage\"},\"image\":{\"@id\":\"https:\/\/colegioarquitectos.com\/noticias\/?p=25347#primaryimage\"},\"thumbnailUrl\":\"https:\/\/colegioarquitectos.com\/noticias\/wp-content\/uploads\/2020\/07\/encabezado-acuarela.jpg\",\"datePublished\":\"2020-07-13T19:22:46+00:00\",\"dateModified\":\"2020-07-13T19:23:40+00:00\",\"breadcrumb\":{\"@id\":\"https:\/\/colegioarquitectos.com\/noticias\/?p=25347#breadcrumb\"},\"inLanguage\":\"es\",\"potentialAction\":[{\"@type\":\"ReadAction\",\"target\":[\"https:\/\/colegioarquitectos.com\/noticias\/?p=25347\"]}]},{\"@type\":\"ImageObject\",\"inLanguage\":\"es\",\"@id\":\"https:\/\/colegioarquitectos.com\/noticias\/?p=25347#primaryimage\",\"url\":\"https:\/\/colegioarquitectos.com\/noticias\/wp-content\/uploads\/2020\/07\/encabezado-acuarela.jpg\",\"contentUrl\":\"https:\/\/colegioarquitectos.com\/noticias\/wp-content\/uploads\/2020\/07\/encabezado-acuarela.jpg\",\"width\":690,\"height\":350},{\"@type\":\"BreadcrumbList\",\"@id\":\"https:\/\/colegioarquitectos.com\/noticias\/?p=25347#breadcrumb\",\"itemListElement\":[{\"@type\":\"ListItem\",\"position\":1,\"name\":\"Portada\",\"item\":\"https:\/\/colegioarquitectos.com\/noticias\"},{\"@type\":\"ListItem\",\"position\":2,\"name\":\"Se inicia convocatoria del Concurso de Acuarela Hardy Wistuba\"}]},{\"@type\":\"WebSite\",\"@id\":\"https:\/\/colegioarquitectos.com\/noticias\/#website\",\"url\":\"https:\/\/colegioarquitectos.com\/noticias\/\",\"name\":\"COLEGIO DE ARQUITECTOS DE CHILE\",\"description\":\"\",\"publisher\":{\"@id\":\"https:\/\/colegioarquitectos.com\/noticias\/#organization\"},\"potentialAction\":[{\"@type\":\"SearchAction\",\"target\":{\"@type\":\"EntryPoint\",\"urlTemplate\":\"https:\/\/colegioarquitectos.com\/noticias\/?s={search_term_string}\"},\"query-input\":{\"@type\":\"PropertyValueSpecification\",\"valueRequired\":true,\"valueName\":\"search_term_string\"}}],\"inLanguage\":\"es\"},{\"@type\":\"Organization\",\"@id\":\"https:\/\/colegioarquitectos.com\/noticias\/#organization\",\"name\":\"COLEGIO DE ARQUITECTOS DE CHILE\",\"url\":\"https:\/\/colegioarquitectos.com\/noticias\/\",\"logo\":{\"@type\":\"ImageObject\",\"inLanguage\":\"es\",\"@id\":\"https:\/\/colegioarquitectos.com\/noticias\/#\/schema\/logo\/image\/\",\"url\":\"https:\/\/colegioarquitectos.com\/noticias\/wp-content\/uploads\/2021\/05\/ENCABEZADO-LOGO-CA.jpg\",\"contentUrl\":\"https:\/\/colegioarquitectos.com\/noticias\/wp-content\/uploads\/2021\/05\/ENCABEZADO-LOGO-CA.jpg\",\"width\":690,\"height\":350,\"caption\":\"COLEGIO DE ARQUITECTOS DE CHILE\"},\"image\":{\"@id\":\"https:\/\/colegioarquitectos.com\/noticias\/#\/schema\/logo\/image\/\"},\"sameAs\":[\"https:\/\/facebook.com\/Colegioarq\/\",\"https:\/\/x.com\/colegioarq\",\"https:\/\/instagram.com\/colegioarq\",\"https:\/\/youtube.com\/@ColegiodeArquitectosdeChile\"]},{\"@type\":\"Person\",\"@id\":\"https:\/\/colegioarquitectos.com\/noticias\/#\/schema\/person\/685cc0aad148303c5608f049af8285ad\",\"name\":\"Colegio de Arquitectos de Chile\",\"url\":\"https:\/\/colegioarquitectos.com\/noticias\/?author=4\"}]}<\/script>\n<!-- \/ Yoast SEO plugin. -->","yoast_head_json":{"title":"Se inicia convocatoria del Concurso de Acuarela Hardy Wistuba - COLEGIO DE ARQUITECTOS DE CHILE","robots":{"index":"index","follow":"follow","max-snippet":"max-snippet:-1","max-image-preview":"max-image-preview:large","max-video-preview":"max-video-preview:-1"},"canonical":"https:\/\/colegioarquitectos.com\/noticias\/?p=25347","og_locale":"es_ES","og_type":"article","og_title":"Se inicia convocatoria del Concurso de Acuarela Hardy Wistuba - COLEGIO DE ARQUITECTOS DE CHILE","og_description":"En los once a\u00f1os de su existencia el concurso de acuarela m\u00e1s importante del pa\u00eds ha convocado a una gran cantidad de artistas, unos 300 cada a\u00f1o, y a un jurado de reconocida trayectoria como Mario Toral, Gaspar Galaz, Lea &hellip; ver m\u00e1s","og_url":"https:\/\/colegioarquitectos.com\/noticias\/?p=25347","og_site_name":"COLEGIO DE ARQUITECTOS DE CHILE","article_publisher":"https:\/\/facebook.com\/Colegioarq\/","article_published_time":"2020-07-13T19:22:46+00:00","article_modified_time":"2020-07-13T19:23:40+00:00","og_image":[{"width":690,"height":350,"url":"https:\/\/colegioarquitectos.com\/noticias\/wp-content\/uploads\/2020\/07\/encabezado-acuarela.jpg","type":"image\/jpeg"}],"author":"Colegio de Arquitectos de Chile","twitter_card":"summary_large_image","twitter_creator":"@colegioarq","twitter_site":"@colegioarq","twitter_misc":{"Escrito por":"Colegio de Arquitectos de Chile","Tiempo de lectura":"3 minutos"},"schema":{"@context":"https:\/\/schema.org","@graph":[{"@type":"Article","@id":"https:\/\/colegioarquitectos.com\/noticias\/?p=25347#article","isPartOf":{"@id":"https:\/\/colegioarquitectos.com\/noticias\/?p=25347"},"author":{"name":"Colegio de Arquitectos de Chile","@id":"https:\/\/colegioarquitectos.com\/noticias\/#\/schema\/person\/685cc0aad148303c5608f049af8285ad"},"headline":"Se inicia convocatoria del Concurso de Acuarela Hardy Wistuba","datePublished":"2020-07-13T19:22:46+00:00","dateModified":"2020-07-13T19:23:40+00:00","mainEntityOfPage":{"@id":"https:\/\/colegioarquitectos.com\/noticias\/?p=25347"},"wordCount":552,"publisher":{"@id":"https:\/\/colegioarquitectos.com\/noticias\/#organization"},"image":{"@id":"https:\/\/colegioarquitectos.com\/noticias\/?p=25347#primaryimage"},"thumbnailUrl":"https:\/\/colegioarquitectos.com\/noticias\/wp-content\/uploads\/2020\/07\/encabezado-acuarela.jpg","articleSection":["Concursos","Noticias"],"inLanguage":"es"},{"@type":"WebPage","@id":"https:\/\/colegioarquitectos.com\/noticias\/?p=25347","url":"https:\/\/colegioarquitectos.com\/noticias\/?p=25347","name":"Se inicia convocatoria del Concurso de Acuarela Hardy Wistuba - COLEGIO DE ARQUITECTOS DE CHILE","isPartOf":{"@id":"https:\/\/colegioarquitectos.com\/noticias\/#website"},"primaryImageOfPage":{"@id":"https:\/\/colegioarquitectos.com\/noticias\/?p=25347#primaryimage"},"image":{"@id":"https:\/\/colegioarquitectos.com\/noticias\/?p=25347#primaryimage"},"thumbnailUrl":"https:\/\/colegioarquitectos.com\/noticias\/wp-content\/uploads\/2020\/07\/encabezado-acuarela.jpg","datePublished":"2020-07-13T19:22:46+00:00","dateModified":"2020-07-13T19:23:40+00:00","breadcrumb":{"@id":"https:\/\/colegioarquitectos.com\/noticias\/?p=25347#breadcrumb"},"inLanguage":"es","potentialAction":[{"@type":"ReadAction","target":["https:\/\/colegioarquitectos.com\/noticias\/?p=25347"]}]},{"@type":"ImageObject","inLanguage":"es","@id":"https:\/\/colegioarquitectos.com\/noticias\/?p=25347#primaryimage","url":"https:\/\/colegioarquitectos.com\/noticias\/wp-content\/uploads\/2020\/07\/encabezado-acuarela.jpg","contentUrl":"https:\/\/colegioarquitectos.com\/noticias\/wp-content\/uploads\/2020\/07\/encabezado-acuarela.jpg","width":690,"height":350},{"@type":"BreadcrumbList","@id":"https:\/\/colegioarquitectos.com\/noticias\/?p=25347#breadcrumb","itemListElement":[{"@type":"ListItem","position":1,"name":"Portada","item":"https:\/\/colegioarquitectos.com\/noticias"},{"@type":"ListItem","position":2,"name":"Se inicia convocatoria del Concurso de Acuarela Hardy Wistuba"}]},{"@type":"WebSite","@id":"https:\/\/colegioarquitectos.com\/noticias\/#website","url":"https:\/\/colegioarquitectos.com\/noticias\/","name":"COLEGIO DE ARQUITECTOS DE CHILE","description":"","publisher":{"@id":"https:\/\/colegioarquitectos.com\/noticias\/#organization"},"potentialAction":[{"@type":"SearchAction","target":{"@type":"EntryPoint","urlTemplate":"https:\/\/colegioarquitectos.com\/noticias\/?s={search_term_string}"},"query-input":{"@type":"PropertyValueSpecification","valueRequired":true,"valueName":"search_term_string"}}],"inLanguage":"es"},{"@type":"Organization","@id":"https:\/\/colegioarquitectos.com\/noticias\/#organization","name":"COLEGIO DE ARQUITECTOS DE CHILE","url":"https:\/\/colegioarquitectos.com\/noticias\/","logo":{"@type":"ImageObject","inLanguage":"es","@id":"https:\/\/colegioarquitectos.com\/noticias\/#\/schema\/logo\/image\/","url":"https:\/\/colegioarquitectos.com\/noticias\/wp-content\/uploads\/2021\/05\/ENCABEZADO-LOGO-CA.jpg","contentUrl":"https:\/\/colegioarquitectos.com\/noticias\/wp-content\/uploads\/2021\/05\/ENCABEZADO-LOGO-CA.jpg","width":690,"height":350,"caption":"COLEGIO DE ARQUITECTOS DE CHILE"},"image":{"@id":"https:\/\/colegioarquitectos.com\/noticias\/#\/schema\/logo\/image\/"},"sameAs":["https:\/\/facebook.com\/Colegioarq\/","https:\/\/x.com\/colegioarq","https:\/\/instagram.com\/colegioarq","https:\/\/youtube.com\/@ColegiodeArquitectosdeChile"]},{"@type":"Person","@id":"https:\/\/colegioarquitectos.com\/noticias\/#\/schema\/person\/685cc0aad148303c5608f049af8285ad","name":"Colegio de Arquitectos de Chile","url":"https:\/\/colegioarquitectos.com\/noticias\/?author=4"}]}},"_links":{"self":[{"href":"https:\/\/colegioarquitectos.com\/noticias\/index.php?rest_route=\/wp\/v2\/posts\/25347","targetHints":{"allow":["GET"]}}],"collection":[{"href":"https:\/\/colegioarquitectos.com\/noticias\/index.php?rest_route=\/wp\/v2\/posts"}],"about":[{"href":"https:\/\/colegioarquitectos.com\/noticias\/index.php?rest_route=\/wp\/v2\/types\/post"}],"author":[{"embeddable":true,"href":"https:\/\/colegioarquitectos.com\/noticias\/index.php?rest_route=\/wp\/v2\/users\/4"}],"replies":[{"embeddable":true,"href":"https:\/\/colegioarquitectos.com\/noticias\/index.php?rest_route=%2Fwp%2Fv2%2Fcomments&post=25347"}],"version-history":[{"count":0,"href":"https:\/\/colegioarquitectos.com\/noticias\/index.php?rest_route=\/wp\/v2\/posts\/25347\/revisions"}],"wp:featuredmedia":[{"embeddable":true,"href":"https:\/\/colegioarquitectos.com\/noticias\/index.php?rest_route=\/wp\/v2\/media\/25348"}],"wp:attachment":[{"href":"https:\/\/colegioarquitectos.com\/noticias\/index.php?rest_route=%2Fwp%2Fv2%2Fmedia&parent=25347"}],"wp:term":[{"taxonomy":"category","embeddable":true,"href":"https:\/\/colegioarquitectos.com\/noticias\/index.php?rest_route=%2Fwp%2Fv2%2Fcategories&post=25347"},{"taxonomy":"post_tag","embeddable":true,"href":"https:\/\/colegioarquitectos.com\/noticias\/index.php?rest_route=%2Fwp%2Fv2%2Ftags&post=25347"}],"curies":[{"name":"wp","href":"https:\/\/api.w.org\/{rel}","templated":true}]}}