
{"id":25396,"date":"2020-07-27T16:10:56","date_gmt":"2020-07-27T16:10:56","guid":{"rendered":"http:\/\/colegioarquitectos.com\/?p=25396"},"modified":"2020-07-27T16:10:56","modified_gmt":"2020-07-27T16:10:56","slug":"fallecio-rene-lagos-icono-de-la-ingenieria-chilena","status":"publish","type":"post","link":"https:\/\/colegioarquitectos.com\/noticias\/?p=25396","title":{"rendered":"Falleci\u00f3 Ren\u00e9 Lagos, \u00edcono de la ingenier\u00eda chilena"},"content":{"rendered":"<p dir=\"ltr\"><strong>Ren\u00e9 Lagos Engineers<\/strong> anunci\u00f3 este s\u00e1bado el fallecimiento de su fundador, <strong>Ren\u00e9 Lagos Contreras<\/strong>. Con m\u00e1s de 20 millones de metros cuadrados construidos, el ingeniero \u2014v\u00edctima de un agresivo c\u00e1ncer\u2014 debi\u00f3 alejarse, hace varios meses, de la pasi\u00f3n que lo hizo destacar en Chile y el mundo: <strong>la ingenier\u00eda civil estructural<\/strong>.<\/p>\n<p dir=\"ltr\">El ingeniero civil estructural de la <strong>Universidad de Chile<\/strong> fue reconocido por su experiencia en el dise\u00f1o de edificios de gran altura, como la<strong> Torre Costanera<\/strong>, que con sus 300 metros de altura, es, actualmente, el edificio m\u00e1s alto de Sudam\u00e9rica. A este se suman los edificios <strong>Telef\u00f3nica<\/strong> y<strong> Territoria 3.000<\/strong>, junto con el Centro de Justicia de Santiago; la Cruz del Tercer Milenio, en Coquimbo e importantes edificios de altura en Per\u00fa y pa\u00edses de latinoam\u00e9rica. Fuera del continente particip\u00f3 en destacados proyectos como Sky Fort (201 m de altura), en Sof\u00eda, Bulgaria; y en Al Raha Beach Development, en Abu Dhabi, Emiratos \u00c1rabes Unidos y DYL Complex en Miami, Estados Unidos. Internacionalmente, <strong>Ren\u00e9 Lagos Engineers inici\u00f3 su experiencia internacional hace 20 a\u00f1os y, a la fecha, ha participado en m\u00e1s de 100 proyectos, ubicados en 14 pa\u00edses y tres continentes<\/strong>.<\/p>\n<p dir=\"ltr\">Con pasi\u00f3n, dedic\u00f3 los \u00faltimos a\u00f1os de su carrera a la difusi\u00f3n de la ingenier\u00eda m\u00e1s all\u00e1 de las fronteras del pa\u00eds, internacionalizando la experiencia chilena en dise\u00f1o sismorresistente y aportando as\u00ed al reconocimiento a nivel mundial a trav\u00e9s de sus obras. L\u00edder innato, con una mente inquieta y so\u00f1adora, busc\u00f3 siempre mantenerse a la vanguardia en excelencia t\u00e9cnica, innovando y abri\u00e9ndose siempre a explorar nuevas ideas.<\/p>\n<p dir=\"ltr\">Despu\u00e9s de un a\u00f1o de intercambio en Nueva York, a fines de los 60, despert\u00f3 su curiosidad por los edificios altos, como record\u00f3 en 2013, al recibir el \u00ab<strong>Premio al Ingeniero por Acciones Distinguidas 2013\u00bb<\/strong>, otorgado por el Instituto de Ingenieros de Chile.<\/p>\n<p dir=\"ltr\">Dos a\u00f1os m\u00e1s tarde, fue tambi\u00e9n reconocido por la Asociaci\u00f3n de Ingenieros Civiles Estructurales (AICE), de la cual fue presidente en dos per\u00edodos (2011- 2014), con el \u00abPremio Ingeniero del A\u00f1o\u00bb. Y desde 2017, tambi\u00e9n se desempe\u00f1aba como miembro del distinguido Consejo Asesor del Council on Tall Buildings and Urban Habitat (CTBUH), con sede en Chicago, Estados Unidos. Asimismo, fue director de la CDT de la C\u00e1mara Chilena de la Construcci\u00f3n (CChC) y socio fundador de BIM Forum Chile.<\/p>\n<p dir=\"ltr\">\u00abDurante estos a\u00f1os como ingeniero me he dedicado con pasi\u00f3n al ejercicio de la ingenier\u00eda estructural y siento que el tiempo ha pasado muy r\u00e1pido. Al mirar hacia atr\u00e1s, me doy cuenta de que he recorrido un largo camino, lleno de interesantes desaf\u00edos, con muchos logros y alegr\u00edas, pero tambi\u00e9n no exento de dificultades. Sumando y restando, el saldo es positivo: en el trayecto he podido acumular experiencias y aprender lecciones\u00bb, coment\u00f3 Ren\u00e9 Lagos durante la ceremonia de premiaci\u00f3n de la AICE, en 2015.<\/p>\n<p>&nbsp;<\/p>\n<p dir=\"ltr\"><strong>Su trayectoria<\/strong><\/p>\n<p dir=\"ltr\">Oriundo de Talca, Ren\u00e9 Lagos contribuy\u00f3 en la formaci\u00f3n de varios ingenieros, mientras fue profesor part time de la Facultad de Ingenier\u00eda y Ciencias F\u00edsicas de la Universidad de Chile, donde estudi\u00f3 y conoci\u00f3 a grandes mentores como Tom\u00e1s Guendelman: \u00abmi gran maestro y ahora asesor\u201d, seg\u00fan dijo, hace unos a\u00f1os. En vida, hizo ver tambi\u00e9n lo bien que lo pasaron haciendo lo que les gustaba. \u201cLa pasi\u00f3n es la energ\u00eda que nos mueve\u00bb, explic\u00f3.<\/p>\n<p dir=\"ltr\">A finales de los 70, fue uno de los fundadores de la oficina de c\u00e1lculo que dio origen a la actual Ren\u00e9 Lagos Engineers, donde form\u00f3 a varios colaboradores y aport\u00f3 desde su expertise al desarrollo del pa\u00eds, la sociedad y la profesi\u00f3n.<\/p>\n<p dir=\"ltr\">Como presidente de la AICE, impuls\u00f3 con fuerza el dise\u00f1o por desempe\u00f1o, metodolog\u00eda que se <strong>enfoca en proteger el contenido de las estructuras; los sistemas de protecci\u00f3n s\u00edsmica y a Chile como un laboratorio natural, sobre todo luego del terremoto del 27 de febrero de 2010.<\/strong><\/p>\n<p dir=\"ltr\">\u00abLos ingenieros calculistas tenemos una responsabilidad muy grande cuando tenemos que dise\u00f1ar edificios, porque estos tienen que soportar terremotos fuertes\u00bb, afirm\u00f3 en una entrevista, en 2012.<\/p>\n<p dir=\"ltr\">Pese a que reconoc\u00eda que el buen desempe\u00f1o de la ingenier\u00eda estructural chilena, dado que luego del terremoto del 27F, el nivel de da\u00f1os, o de edificios colapsados o para demolici\u00f3n fue inferior al 2% del total de edificios construidos, dej\u00f3 claro que: <strong>\u00absiempre los terremotos nos ense\u00f1an lecciones, que hay algo que pudimos haber hecho mejor\u00bb<\/strong>. Por eso, durante los a\u00f1os en que fue parte del directorio de la AICE lider\u00f3 cambios normativos, como los producidos despu\u00e9s del terremoto de 2010, que hicieron m\u00e1s estricta la norma s\u00edsmica de edificios, a trav\u00e9s de los decretos supremos 60 y 61.<\/p>\n<p dir=\"ltr\">Tambi\u00e9n particip\u00f3 en los comit\u00e9s que comenzaron las actualizaciones de las normas NCh433.Of1996 Mod. 2009 \u00abDise\u00f1o S\u00edsmico de Edificios\u00bb y NCh430.Of2008 \u00abHormig\u00f3n Armado\u00bb, trabajos a\u00fan en desarrollo.<\/p>\n<p dir=\"ltr\"><strong>Ren\u00e9 Lagos Contreras, casado con Elena Calvo S\u00e1nchez, tuvo dos hijos, ambos ligados a la compa\u00f1\u00eda y uno de los cuales sigui\u00f3 sus pasos en la ingenier\u00eda estructural, como socia de RLE Engineers.\u00a0<\/strong><\/p>\n<div><\/div>\n<p>Fuente: <strong>GreenCom<\/strong><\/p>\n<p><\/p>","protected":false},"excerpt":{"rendered":"<p>Ren\u00e9 Lagos Engineers anunci\u00f3 este s\u00e1bado el fallecimiento de su fundador, Ren\u00e9 Lagos Contreras. Con m\u00e1s de 20 millones de metros cuadrados construidos, el ingeniero \u2014v\u00edctima de un agresivo c\u00e1ncer\u2014 debi\u00f3 alejarse, hace varios meses, de la pasi\u00f3n que lo &hellip; <a class=\"more-link\" href=\"https:\/\/colegioarquitectos.com\/noticias\/?p=25396\">ver m\u00e1s<\/a><\/p>","protected":false},"author":4,"featured_media":25397,"comment_status":"closed","ping_status":"closed","sticky":false,"template":"","format":"standard","meta":{"footnotes":""},"categories":[76,3],"tags":[],"class_list":["post-25396","post","type-post","status-publish","format-standard","has-post-thumbnail","hentry","category-covid-19","category-noticias"],"yoast_head":"<!-- This site is optimized with the Yoast SEO plugin v24.2 - https:\/\/yoast.com\/wordpress\/plugins\/seo\/ -->\n<title>Falleci\u00f3 Ren\u00e9 Lagos, \u00edcono de la ingenier\u00eda chilena - COLEGIO DE ARQUITECTOS DE CHILE<\/title>\n<meta name=\"robots\" content=\"index, follow, max-snippet:-1, max-image-preview:large, max-video-preview:-1\" \/>\n<link rel=\"canonical\" href=\"https:\/\/colegioarquitectos.com\/noticias\/?p=25396\" \/>\n<meta property=\"og:locale\" content=\"es_ES\" \/>\n<meta property=\"og:type\" content=\"article\" \/>\n<meta property=\"og:title\" content=\"Falleci\u00f3 Ren\u00e9 Lagos, \u00edcono de la ingenier\u00eda chilena - COLEGIO DE ARQUITECTOS DE CHILE\" \/>\n<meta property=\"og:description\" content=\"Ren\u00e9 Lagos Engineers anunci\u00f3 este s\u00e1bado el fallecimiento de su fundador, Ren\u00e9 Lagos Contreras. Con m\u00e1s de 20 millones de metros cuadrados construidos, el ingeniero \u2014v\u00edctima de un agresivo c\u00e1ncer\u2014 debi\u00f3 alejarse, hace varios meses, de la pasi\u00f3n que lo &hellip; ver m\u00e1s\" \/>\n<meta property=\"og:url\" content=\"https:\/\/colegioarquitectos.com\/noticias\/?p=25396\" \/>\n<meta property=\"og:site_name\" content=\"COLEGIO DE ARQUITECTOS DE CHILE\" \/>\n<meta property=\"article:publisher\" content=\"https:\/\/facebook.com\/Colegioarq\/\" \/>\n<meta property=\"article:published_time\" content=\"2020-07-27T16:10:56+00:00\" \/>\n<meta property=\"og:image\" content=\"https:\/\/colegioarquitectos.com\/noticias\/wp-content\/uploads\/2020\/07\/ENCABEZADO-2.jpg\" \/>\n\t<meta property=\"og:image:width\" content=\"690\" \/>\n\t<meta property=\"og:image:height\" content=\"350\" \/>\n\t<meta property=\"og:image:type\" content=\"image\/jpeg\" \/>\n<meta name=\"author\" content=\"Colegio de Arquitectos de Chile\" \/>\n<meta name=\"twitter:card\" content=\"summary_large_image\" \/>\n<meta name=\"twitter:creator\" content=\"@colegioarq\" \/>\n<meta name=\"twitter:site\" content=\"@colegioarq\" \/>\n<meta name=\"twitter:label1\" content=\"Escrito por\" \/>\n\t<meta name=\"twitter:data1\" content=\"Colegio de Arquitectos de Chile\" \/>\n\t<meta name=\"twitter:label2\" content=\"Tiempo de lectura\" \/>\n\t<meta name=\"twitter:data2\" content=\"4 minutos\" \/>\n<script type=\"application\/ld+json\" class=\"yoast-schema-graph\">{\"@context\":\"https:\/\/schema.org\",\"@graph\":[{\"@type\":\"Article\",\"@id\":\"https:\/\/colegioarquitectos.com\/noticias\/?p=25396#article\",\"isPartOf\":{\"@id\":\"https:\/\/colegioarquitectos.com\/noticias\/?p=25396\"},\"author\":{\"name\":\"Colegio de Arquitectos de Chile\",\"@id\":\"https:\/\/colegioarquitectos.com\/noticias\/#\/schema\/person\/685cc0aad148303c5608f049af8285ad\"},\"headline\":\"Falleci\u00f3 Ren\u00e9 Lagos, \u00edcono de la ingenier\u00eda chilena\",\"datePublished\":\"2020-07-27T16:10:56+00:00\",\"dateModified\":\"2020-07-27T16:10:56+00:00\",\"mainEntityOfPage\":{\"@id\":\"https:\/\/colegioarquitectos.com\/noticias\/?p=25396\"},\"wordCount\":897,\"publisher\":{\"@id\":\"https:\/\/colegioarquitectos.com\/noticias\/#organization\"},\"image\":{\"@id\":\"https:\/\/colegioarquitectos.com\/noticias\/?p=25396#primaryimage\"},\"thumbnailUrl\":\"https:\/\/colegioarquitectos.com\/noticias\/wp-content\/uploads\/2020\/07\/ENCABEZADO-2.jpg\",\"articleSection\":[\"COVID-19\",\"Noticias\"],\"inLanguage\":\"es\"},{\"@type\":\"WebPage\",\"@id\":\"https:\/\/colegioarquitectos.com\/noticias\/?p=25396\",\"url\":\"https:\/\/colegioarquitectos.com\/noticias\/?p=25396\",\"name\":\"Falleci\u00f3 Ren\u00e9 Lagos, \u00edcono de la ingenier\u00eda chilena - COLEGIO DE ARQUITECTOS DE CHILE\",\"isPartOf\":{\"@id\":\"https:\/\/colegioarquitectos.com\/noticias\/#website\"},\"primaryImageOfPage\":{\"@id\":\"https:\/\/colegioarquitectos.com\/noticias\/?p=25396#primaryimage\"},\"image\":{\"@id\":\"https:\/\/colegioarquitectos.com\/noticias\/?p=25396#primaryimage\"},\"thumbnailUrl\":\"https:\/\/colegioarquitectos.com\/noticias\/wp-content\/uploads\/2020\/07\/ENCABEZADO-2.jpg\",\"datePublished\":\"2020-07-27T16:10:56+00:00\",\"dateModified\":\"2020-07-27T16:10:56+00:00\",\"breadcrumb\":{\"@id\":\"https:\/\/colegioarquitectos.com\/noticias\/?p=25396#breadcrumb\"},\"inLanguage\":\"es\",\"potentialAction\":[{\"@type\":\"ReadAction\",\"target\":[\"https:\/\/colegioarquitectos.com\/noticias\/?p=25396\"]}]},{\"@type\":\"ImageObject\",\"inLanguage\":\"es\",\"@id\":\"https:\/\/colegioarquitectos.com\/noticias\/?p=25396#primaryimage\",\"url\":\"https:\/\/colegioarquitectos.com\/noticias\/wp-content\/uploads\/2020\/07\/ENCABEZADO-2.jpg\",\"contentUrl\":\"https:\/\/colegioarquitectos.com\/noticias\/wp-content\/uploads\/2020\/07\/ENCABEZADO-2.jpg\",\"width\":690,\"height\":350},{\"@type\":\"BreadcrumbList\",\"@id\":\"https:\/\/colegioarquitectos.com\/noticias\/?p=25396#breadcrumb\",\"itemListElement\":[{\"@type\":\"ListItem\",\"position\":1,\"name\":\"Portada\",\"item\":\"https:\/\/colegioarquitectos.com\/noticias\"},{\"@type\":\"ListItem\",\"position\":2,\"name\":\"Falleci\u00f3 Ren\u00e9 Lagos, \u00edcono de la ingenier\u00eda chilena\"}]},{\"@type\":\"WebSite\",\"@id\":\"https:\/\/colegioarquitectos.com\/noticias\/#website\",\"url\":\"https:\/\/colegioarquitectos.com\/noticias\/\",\"name\":\"COLEGIO DE ARQUITECTOS DE CHILE\",\"description\":\"\",\"publisher\":{\"@id\":\"https:\/\/colegioarquitectos.com\/noticias\/#organization\"},\"potentialAction\":[{\"@type\":\"SearchAction\",\"target\":{\"@type\":\"EntryPoint\",\"urlTemplate\":\"https:\/\/colegioarquitectos.com\/noticias\/?s={search_term_string}\"},\"query-input\":{\"@type\":\"PropertyValueSpecification\",\"valueRequired\":true,\"valueName\":\"search_term_string\"}}],\"inLanguage\":\"es\"},{\"@type\":\"Organization\",\"@id\":\"https:\/\/colegioarquitectos.com\/noticias\/#organization\",\"name\":\"COLEGIO DE ARQUITECTOS DE CHILE\",\"url\":\"https:\/\/colegioarquitectos.com\/noticias\/\",\"logo\":{\"@type\":\"ImageObject\",\"inLanguage\":\"es\",\"@id\":\"https:\/\/colegioarquitectos.com\/noticias\/#\/schema\/logo\/image\/\",\"url\":\"https:\/\/colegioarquitectos.com\/noticias\/wp-content\/uploads\/2021\/05\/ENCABEZADO-LOGO-CA.jpg\",\"contentUrl\":\"https:\/\/colegioarquitectos.com\/noticias\/wp-content\/uploads\/2021\/05\/ENCABEZADO-LOGO-CA.jpg\",\"width\":690,\"height\":350,\"caption\":\"COLEGIO DE ARQUITECTOS DE CHILE\"},\"image\":{\"@id\":\"https:\/\/colegioarquitectos.com\/noticias\/#\/schema\/logo\/image\/\"},\"sameAs\":[\"https:\/\/facebook.com\/Colegioarq\/\",\"https:\/\/x.com\/colegioarq\",\"https:\/\/instagram.com\/colegioarq\",\"https:\/\/youtube.com\/@ColegiodeArquitectosdeChile\"]},{\"@type\":\"Person\",\"@id\":\"https:\/\/colegioarquitectos.com\/noticias\/#\/schema\/person\/685cc0aad148303c5608f049af8285ad\",\"name\":\"Colegio de Arquitectos de Chile\",\"url\":\"https:\/\/colegioarquitectos.com\/noticias\/?author=4\"}]}<\/script>\n<!-- \/ Yoast SEO plugin. -->","yoast_head_json":{"title":"Falleci\u00f3 Ren\u00e9 Lagos, \u00edcono de la ingenier\u00eda chilena - COLEGIO DE ARQUITECTOS DE CHILE","robots":{"index":"index","follow":"follow","max-snippet":"max-snippet:-1","max-image-preview":"max-image-preview:large","max-video-preview":"max-video-preview:-1"},"canonical":"https:\/\/colegioarquitectos.com\/noticias\/?p=25396","og_locale":"es_ES","og_type":"article","og_title":"Falleci\u00f3 Ren\u00e9 Lagos, \u00edcono de la ingenier\u00eda chilena - COLEGIO DE ARQUITECTOS DE CHILE","og_description":"Ren\u00e9 Lagos Engineers anunci\u00f3 este s\u00e1bado el fallecimiento de su fundador, Ren\u00e9 Lagos Contreras. Con m\u00e1s de 20 millones de metros cuadrados construidos, el ingeniero \u2014v\u00edctima de un agresivo c\u00e1ncer\u2014 debi\u00f3 alejarse, hace varios meses, de la pasi\u00f3n que lo &hellip; ver m\u00e1s","og_url":"https:\/\/colegioarquitectos.com\/noticias\/?p=25396","og_site_name":"COLEGIO DE ARQUITECTOS DE CHILE","article_publisher":"https:\/\/facebook.com\/Colegioarq\/","article_published_time":"2020-07-27T16:10:56+00:00","og_image":[{"width":690,"height":350,"url":"https:\/\/colegioarquitectos.com\/noticias\/wp-content\/uploads\/2020\/07\/ENCABEZADO-2.jpg","type":"image\/jpeg"}],"author":"Colegio de Arquitectos de Chile","twitter_card":"summary_large_image","twitter_creator":"@colegioarq","twitter_site":"@colegioarq","twitter_misc":{"Escrito por":"Colegio de Arquitectos de Chile","Tiempo de lectura":"4 minutos"},"schema":{"@context":"https:\/\/schema.org","@graph":[{"@type":"Article","@id":"https:\/\/colegioarquitectos.com\/noticias\/?p=25396#article","isPartOf":{"@id":"https:\/\/colegioarquitectos.com\/noticias\/?p=25396"},"author":{"name":"Colegio de Arquitectos de Chile","@id":"https:\/\/colegioarquitectos.com\/noticias\/#\/schema\/person\/685cc0aad148303c5608f049af8285ad"},"headline":"Falleci\u00f3 Ren\u00e9 Lagos, \u00edcono de la ingenier\u00eda chilena","datePublished":"2020-07-27T16:10:56+00:00","dateModified":"2020-07-27T16:10:56+00:00","mainEntityOfPage":{"@id":"https:\/\/colegioarquitectos.com\/noticias\/?p=25396"},"wordCount":897,"publisher":{"@id":"https:\/\/colegioarquitectos.com\/noticias\/#organization"},"image":{"@id":"https:\/\/colegioarquitectos.com\/noticias\/?p=25396#primaryimage"},"thumbnailUrl":"https:\/\/colegioarquitectos.com\/noticias\/wp-content\/uploads\/2020\/07\/ENCABEZADO-2.jpg","articleSection":["COVID-19","Noticias"],"inLanguage":"es"},{"@type":"WebPage","@id":"https:\/\/colegioarquitectos.com\/noticias\/?p=25396","url":"https:\/\/colegioarquitectos.com\/noticias\/?p=25396","name":"Falleci\u00f3 Ren\u00e9 Lagos, \u00edcono de la ingenier\u00eda chilena - COLEGIO DE ARQUITECTOS DE CHILE","isPartOf":{"@id":"https:\/\/colegioarquitectos.com\/noticias\/#website"},"primaryImageOfPage":{"@id":"https:\/\/colegioarquitectos.com\/noticias\/?p=25396#primaryimage"},"image":{"@id":"https:\/\/colegioarquitectos.com\/noticias\/?p=25396#primaryimage"},"thumbnailUrl":"https:\/\/colegioarquitectos.com\/noticias\/wp-content\/uploads\/2020\/07\/ENCABEZADO-2.jpg","datePublished":"2020-07-27T16:10:56+00:00","dateModified":"2020-07-27T16:10:56+00:00","breadcrumb":{"@id":"https:\/\/colegioarquitectos.com\/noticias\/?p=25396#breadcrumb"},"inLanguage":"es","potentialAction":[{"@type":"ReadAction","target":["https:\/\/colegioarquitectos.com\/noticias\/?p=25396"]}]},{"@type":"ImageObject","inLanguage":"es","@id":"https:\/\/colegioarquitectos.com\/noticias\/?p=25396#primaryimage","url":"https:\/\/colegioarquitectos.com\/noticias\/wp-content\/uploads\/2020\/07\/ENCABEZADO-2.jpg","contentUrl":"https:\/\/colegioarquitectos.com\/noticias\/wp-content\/uploads\/2020\/07\/ENCABEZADO-2.jpg","width":690,"height":350},{"@type":"BreadcrumbList","@id":"https:\/\/colegioarquitectos.com\/noticias\/?p=25396#breadcrumb","itemListElement":[{"@type":"ListItem","position":1,"name":"Portada","item":"https:\/\/colegioarquitectos.com\/noticias"},{"@type":"ListItem","position":2,"name":"Falleci\u00f3 Ren\u00e9 Lagos, \u00edcono de la ingenier\u00eda chilena"}]},{"@type":"WebSite","@id":"https:\/\/colegioarquitectos.com\/noticias\/#website","url":"https:\/\/colegioarquitectos.com\/noticias\/","name":"COLEGIO DE ARQUITECTOS DE CHILE","description":"","publisher":{"@id":"https:\/\/colegioarquitectos.com\/noticias\/#organization"},"potentialAction":[{"@type":"SearchAction","target":{"@type":"EntryPoint","urlTemplate":"https:\/\/colegioarquitectos.com\/noticias\/?s={search_term_string}"},"query-input":{"@type":"PropertyValueSpecification","valueRequired":true,"valueName":"search_term_string"}}],"inLanguage":"es"},{"@type":"Organization","@id":"https:\/\/colegioarquitectos.com\/noticias\/#organization","name":"COLEGIO DE ARQUITECTOS DE CHILE","url":"https:\/\/colegioarquitectos.com\/noticias\/","logo":{"@type":"ImageObject","inLanguage":"es","@id":"https:\/\/colegioarquitectos.com\/noticias\/#\/schema\/logo\/image\/","url":"https:\/\/colegioarquitectos.com\/noticias\/wp-content\/uploads\/2021\/05\/ENCABEZADO-LOGO-CA.jpg","contentUrl":"https:\/\/colegioarquitectos.com\/noticias\/wp-content\/uploads\/2021\/05\/ENCABEZADO-LOGO-CA.jpg","width":690,"height":350,"caption":"COLEGIO DE ARQUITECTOS DE CHILE"},"image":{"@id":"https:\/\/colegioarquitectos.com\/noticias\/#\/schema\/logo\/image\/"},"sameAs":["https:\/\/facebook.com\/Colegioarq\/","https:\/\/x.com\/colegioarq","https:\/\/instagram.com\/colegioarq","https:\/\/youtube.com\/@ColegiodeArquitectosdeChile"]},{"@type":"Person","@id":"https:\/\/colegioarquitectos.com\/noticias\/#\/schema\/person\/685cc0aad148303c5608f049af8285ad","name":"Colegio de Arquitectos de Chile","url":"https:\/\/colegioarquitectos.com\/noticias\/?author=4"}]}},"_links":{"self":[{"href":"https:\/\/colegioarquitectos.com\/noticias\/index.php?rest_route=\/wp\/v2\/posts\/25396","targetHints":{"allow":["GET"]}}],"collection":[{"href":"https:\/\/colegioarquitectos.com\/noticias\/index.php?rest_route=\/wp\/v2\/posts"}],"about":[{"href":"https:\/\/colegioarquitectos.com\/noticias\/index.php?rest_route=\/wp\/v2\/types\/post"}],"author":[{"embeddable":true,"href":"https:\/\/colegioarquitectos.com\/noticias\/index.php?rest_route=\/wp\/v2\/users\/4"}],"replies":[{"embeddable":true,"href":"https:\/\/colegioarquitectos.com\/noticias\/index.php?rest_route=%2Fwp%2Fv2%2Fcomments&post=25396"}],"version-history":[{"count":0,"href":"https:\/\/colegioarquitectos.com\/noticias\/index.php?rest_route=\/wp\/v2\/posts\/25396\/revisions"}],"wp:featuredmedia":[{"embeddable":true,"href":"https:\/\/colegioarquitectos.com\/noticias\/index.php?rest_route=\/wp\/v2\/media\/25397"}],"wp:attachment":[{"href":"https:\/\/colegioarquitectos.com\/noticias\/index.php?rest_route=%2Fwp%2Fv2%2Fmedia&parent=25396"}],"wp:term":[{"taxonomy":"category","embeddable":true,"href":"https:\/\/colegioarquitectos.com\/noticias\/index.php?rest_route=%2Fwp%2Fv2%2Fcategories&post=25396"},{"taxonomy":"post_tag","embeddable":true,"href":"https:\/\/colegioarquitectos.com\/noticias\/index.php?rest_route=%2Fwp%2Fv2%2Ftags&post=25396"}],"curies":[{"name":"wp","href":"https:\/\/api.w.org\/{rel}","templated":true}]}}