
{"id":25458,"date":"2020-08-04T18:33:00","date_gmt":"2020-08-04T18:33:00","guid":{"rendered":"http:\/\/colegioarquitectos.com\/?p=25458"},"modified":"2020-08-04T18:33:42","modified_gmt":"2020-08-04T18:33:42","slug":"revisa-una-resena-del-conversatorio-en-dialogo-espacios-de-autogestion-tren-de-alta-velocidad-valparaiso-santiago","status":"publish","type":"post","link":"https:\/\/colegioarquitectos.com\/noticias\/?p=25458","title":{"rendered":"Revisa una rese\u00f1a del\u00a0conversatorio\u00a0\u00abEn di\u00e1logo: Espacios de autogesti\u00f3n. Tren de alta velocidad Valpara\u00edso-Santiago\u00bb"},"content":{"rendered":"<p>El pasado martes <strong>28 de julio<\/strong> a las <strong>18.00 horas<\/strong> se realiz\u00f3 el conversatorio\u00a0<strong>\u00abEn di\u00e1logo: Espacios de autogesti\u00f3n. Tren de alta velocidad Santiago-Valpara\u00edso\u00bb,<\/strong> que cont\u00f3 con la presencia del\u00a0arquitecto <strong>Gonzalo Mart\u00ednez de Urquidi<\/strong>, Presidente del <strong>Comit\u00e9 de Gesti\u00f3n Inmobiliaria<\/strong>, y del\u00a0Gerente General de TVS, <strong>\u00c1lvaro Gonz\u00e1lez<\/strong>.<\/p>\n<p><strong>En di\u00e1logo<\/strong> es una actividad colaborativa denominada <strong>\u00abCOAworking\u00bb<\/strong> entre <strong>6<\/strong> Comit\u00e9s del Colegio de Arquitectos de Chile: <strong>Sustentabilidad y Energ\u00eda<\/strong>, <strong>Coordinaci\u00f3n de Accesibilidad Universal<\/strong>, <strong>Tecnolog\u00eda<\/strong>, <strong>Arquitectura Deportiva<\/strong>, <strong>BIM<\/strong> y <strong>Paisaje<\/strong>.<\/p>\n<p>Puedes revisar a continuaci\u00f3n una rese\u00f1a del\u00a0conversatorio<b>\u00a0<strong>\u00abEn di\u00e1logo: Espacios de autogesti\u00f3n. Tren de alta velocidad Santiago-Valpara\u00edso\u00bb.<\/strong><\/b><\/p>\n<p>&nbsp;<\/p>\n<p><img loading=\"lazy\" decoding=\"async\" class=\"aligncenter size-full wp-image-25459\" src=\"http:\/\/colegioarquitectos.com\/noticias\/wp-content\/uploads\/2020\/08\/coaworking_page-0001.jpg\" alt=\"\" width=\"1275\" height=\"1650\" srcset=\"https:\/\/colegioarquitectos.com\/noticias\/wp-content\/uploads\/2020\/08\/coaworking_page-0001.jpg 1275w, https:\/\/colegioarquitectos.com\/noticias\/wp-content\/uploads\/2020\/08\/coaworking_page-0001-232x300.jpg 232w, https:\/\/colegioarquitectos.com\/noticias\/wp-content\/uploads\/2020\/08\/coaworking_page-0001-768x994.jpg 768w, https:\/\/colegioarquitectos.com\/noticias\/wp-content\/uploads\/2020\/08\/coaworking_page-0001-791x1024.jpg 791w\" sizes=\"auto, (max-width: 1275px) 100vw, 1275px\" \/><\/p>\n<p><img loading=\"lazy\" decoding=\"async\" class=\"aligncenter size-full wp-image-25460\" src=\"http:\/\/colegioarquitectos.com\/noticias\/wp-content\/uploads\/2020\/08\/coaworking_page-0002.jpg\" alt=\"\" width=\"1275\" height=\"1650\" srcset=\"https:\/\/colegioarquitectos.com\/noticias\/wp-content\/uploads\/2020\/08\/coaworking_page-0002.jpg 1275w, https:\/\/colegioarquitectos.com\/noticias\/wp-content\/uploads\/2020\/08\/coaworking_page-0002-232x300.jpg 232w, https:\/\/colegioarquitectos.com\/noticias\/wp-content\/uploads\/2020\/08\/coaworking_page-0002-768x994.jpg 768w, https:\/\/colegioarquitectos.com\/noticias\/wp-content\/uploads\/2020\/08\/coaworking_page-0002-791x1024.jpg 791w\" sizes=\"auto, (max-width: 1275px) 100vw, 1275px\" \/><\/p>\n<p><img loading=\"lazy\" decoding=\"async\" class=\"aligncenter size-full wp-image-25461\" src=\"http:\/\/colegioarquitectos.com\/noticias\/wp-content\/uploads\/2020\/08\/coaworking_page-0003.jpg\" alt=\"\" width=\"1275\" height=\"1650\" srcset=\"https:\/\/colegioarquitectos.com\/noticias\/wp-content\/uploads\/2020\/08\/coaworking_page-0003.jpg 1275w, https:\/\/colegioarquitectos.com\/noticias\/wp-content\/uploads\/2020\/08\/coaworking_page-0003-232x300.jpg 232w, https:\/\/colegioarquitectos.com\/noticias\/wp-content\/uploads\/2020\/08\/coaworking_page-0003-768x994.jpg 768w, https:\/\/colegioarquitectos.com\/noticias\/wp-content\/uploads\/2020\/08\/coaworking_page-0003-791x1024.jpg 791w\" sizes=\"auto, (max-width: 1275px) 100vw, 1275px\" \/><\/p>\n<p><img loading=\"lazy\" decoding=\"async\" class=\"aligncenter size-full wp-image-25462\" src=\"http:\/\/colegioarquitectos.com\/noticias\/wp-content\/uploads\/2020\/08\/coaworking_page-0004.jpg\" alt=\"\" width=\"1275\" height=\"1650\" srcset=\"https:\/\/colegioarquitectos.com\/noticias\/wp-content\/uploads\/2020\/08\/coaworking_page-0004.jpg 1275w, https:\/\/colegioarquitectos.com\/noticias\/wp-content\/uploads\/2020\/08\/coaworking_page-0004-232x300.jpg 232w, https:\/\/colegioarquitectos.com\/noticias\/wp-content\/uploads\/2020\/08\/coaworking_page-0004-768x994.jpg 768w, https:\/\/colegioarquitectos.com\/noticias\/wp-content\/uploads\/2020\/08\/coaworking_page-0004-791x1024.jpg 791w\" sizes=\"auto, (max-width: 1275px) 100vw, 1275px\" \/><\/p>\n<p><\/p>","protected":false},"excerpt":{"rendered":"<p>El pasado martes 28 de julio a las 18.00 horas se realiz\u00f3 el conversatorio\u00a0\u00abEn di\u00e1logo: Espacios de autogesti\u00f3n. Tren de alta velocidad Santiago-Valpara\u00edso\u00bb, que cont\u00f3 con la presencia del\u00a0arquitecto Gonzalo Mart\u00ednez de Urquidi, Presidente del Comit\u00e9 de Gesti\u00f3n Inmobiliaria, y &hellip; <a class=\"more-link\" href=\"https:\/\/colegioarquitectos.com\/noticias\/?p=25458\">ver m\u00e1s<\/a><\/p>","protected":false},"author":4,"featured_media":25463,"comment_status":"closed","ping_status":"closed","sticky":false,"template":"","format":"standard","meta":{"footnotes":""},"categories":[9],"tags":[],"class_list":["post-25458","post","type-post","status-publish","format-standard","has-post-thumbnail","hentry","category-comites"],"yoast_head":"<!-- This site is optimized with the Yoast SEO plugin v24.2 - https:\/\/yoast.com\/wordpress\/plugins\/seo\/ -->\n<title>Revisa una rese\u00f1a del\u00a0conversatorio\u00a0\u00abEn di\u00e1logo: Espacios de autogesti\u00f3n. Tren de alta velocidad Valpara\u00edso-Santiago\u00bb - COLEGIO DE ARQUITECTOS DE CHILE<\/title>\n<meta name=\"robots\" content=\"index, follow, max-snippet:-1, max-image-preview:large, max-video-preview:-1\" \/>\n<link rel=\"canonical\" href=\"https:\/\/colegioarquitectos.com\/noticias\/?p=25458\" \/>\n<meta property=\"og:locale\" content=\"es_ES\" \/>\n<meta property=\"og:type\" content=\"article\" \/>\n<meta property=\"og:title\" content=\"Revisa una rese\u00f1a del\u00a0conversatorio\u00a0\u00abEn di\u00e1logo: Espacios de autogesti\u00f3n. Tren de alta velocidad Valpara\u00edso-Santiago\u00bb - COLEGIO DE ARQUITECTOS DE CHILE\" \/>\n<meta property=\"og:description\" content=\"El pasado martes 28 de julio a las 18.00 horas se realiz\u00f3 el conversatorio\u00a0\u00abEn di\u00e1logo: Espacios de autogesti\u00f3n. Tren de alta velocidad Santiago-Valpara\u00edso\u00bb, que cont\u00f3 con la presencia del\u00a0arquitecto Gonzalo Mart\u00ednez de Urquidi, Presidente del Comit\u00e9 de Gesti\u00f3n Inmobiliaria, y &hellip; ver m\u00e1s\" \/>\n<meta property=\"og:url\" content=\"https:\/\/colegioarquitectos.com\/noticias\/?p=25458\" \/>\n<meta property=\"og:site_name\" content=\"COLEGIO DE ARQUITECTOS DE CHILE\" \/>\n<meta property=\"article:publisher\" content=\"https:\/\/facebook.com\/Colegioarq\/\" \/>\n<meta property=\"article:published_time\" content=\"2020-08-04T18:33:00+00:00\" \/>\n<meta property=\"article:modified_time\" content=\"2020-08-04T18:33:42+00:00\" \/>\n<meta property=\"og:image\" content=\"https:\/\/colegioarquitectos.com\/noticias\/wp-content\/uploads\/2020\/08\/coaworking_page-0001-copia.jpg\" \/>\n\t<meta property=\"og:image:width\" content=\"690\" \/>\n\t<meta property=\"og:image:height\" content=\"350\" \/>\n\t<meta property=\"og:image:type\" content=\"image\/jpeg\" \/>\n<meta name=\"author\" content=\"Colegio de Arquitectos de Chile\" \/>\n<meta name=\"twitter:card\" content=\"summary_large_image\" \/>\n<meta name=\"twitter:creator\" content=\"@colegioarq\" \/>\n<meta name=\"twitter:site\" content=\"@colegioarq\" \/>\n<meta name=\"twitter:label1\" content=\"Escrito por\" \/>\n\t<meta name=\"twitter:data1\" content=\"Colegio de Arquitectos de Chile\" \/>\n\t<meta name=\"twitter:label2\" content=\"Tiempo de lectura\" \/>\n\t<meta name=\"twitter:data2\" content=\"1 minuto\" \/>\n<script type=\"application\/ld+json\" class=\"yoast-schema-graph\">{\"@context\":\"https:\/\/schema.org\",\"@graph\":[{\"@type\":\"Article\",\"@id\":\"https:\/\/colegioarquitectos.com\/noticias\/?p=25458#article\",\"isPartOf\":{\"@id\":\"https:\/\/colegioarquitectos.com\/noticias\/?p=25458\"},\"author\":{\"name\":\"Colegio de Arquitectos de Chile\",\"@id\":\"https:\/\/colegioarquitectos.com\/noticias\/#\/schema\/person\/685cc0aad148303c5608f049af8285ad\"},\"headline\":\"Revisa una rese\u00f1a del\u00a0conversatorio\u00a0\u00abEn di\u00e1logo: Espacios de autogesti\u00f3n. Tren de alta velocidad Valpara\u00edso-Santiago\u00bb\",\"datePublished\":\"2020-08-04T18:33:00+00:00\",\"dateModified\":\"2020-08-04T18:33:42+00:00\",\"mainEntityOfPage\":{\"@id\":\"https:\/\/colegioarquitectos.com\/noticias\/?p=25458\"},\"wordCount\":130,\"publisher\":{\"@id\":\"https:\/\/colegioarquitectos.com\/noticias\/#organization\"},\"image\":{\"@id\":\"https:\/\/colegioarquitectos.com\/noticias\/?p=25458#primaryimage\"},\"thumbnailUrl\":\"https:\/\/colegioarquitectos.com\/noticias\/wp-content\/uploads\/2020\/08\/coaworking_page-0001-copia.jpg\",\"articleSection\":[\"Comit\u00e9s\"],\"inLanguage\":\"es\"},{\"@type\":\"WebPage\",\"@id\":\"https:\/\/colegioarquitectos.com\/noticias\/?p=25458\",\"url\":\"https:\/\/colegioarquitectos.com\/noticias\/?p=25458\",\"name\":\"Revisa una rese\u00f1a del\u00a0conversatorio\u00a0\u00abEn di\u00e1logo: Espacios de autogesti\u00f3n. Tren de alta velocidad Valpara\u00edso-Santiago\u00bb - COLEGIO DE ARQUITECTOS DE CHILE\",\"isPartOf\":{\"@id\":\"https:\/\/colegioarquitectos.com\/noticias\/#website\"},\"primaryImageOfPage\":{\"@id\":\"https:\/\/colegioarquitectos.com\/noticias\/?p=25458#primaryimage\"},\"image\":{\"@id\":\"https:\/\/colegioarquitectos.com\/noticias\/?p=25458#primaryimage\"},\"thumbnailUrl\":\"https:\/\/colegioarquitectos.com\/noticias\/wp-content\/uploads\/2020\/08\/coaworking_page-0001-copia.jpg\",\"datePublished\":\"2020-08-04T18:33:00+00:00\",\"dateModified\":\"2020-08-04T18:33:42+00:00\",\"breadcrumb\":{\"@id\":\"https:\/\/colegioarquitectos.com\/noticias\/?p=25458#breadcrumb\"},\"inLanguage\":\"es\",\"potentialAction\":[{\"@type\":\"ReadAction\",\"target\":[\"https:\/\/colegioarquitectos.com\/noticias\/?p=25458\"]}]},{\"@type\":\"ImageObject\",\"inLanguage\":\"es\",\"@id\":\"https:\/\/colegioarquitectos.com\/noticias\/?p=25458#primaryimage\",\"url\":\"https:\/\/colegioarquitectos.com\/noticias\/wp-content\/uploads\/2020\/08\/coaworking_page-0001-copia.jpg\",\"contentUrl\":\"https:\/\/colegioarquitectos.com\/noticias\/wp-content\/uploads\/2020\/08\/coaworking_page-0001-copia.jpg\",\"width\":690,\"height\":350},{\"@type\":\"BreadcrumbList\",\"@id\":\"https:\/\/colegioarquitectos.com\/noticias\/?p=25458#breadcrumb\",\"itemListElement\":[{\"@type\":\"ListItem\",\"position\":1,\"name\":\"Portada\",\"item\":\"https:\/\/colegioarquitectos.com\/noticias\"},{\"@type\":\"ListItem\",\"position\":2,\"name\":\"Revisa una rese\u00f1a del\u00a0conversatorio\u00a0\u00abEn di\u00e1logo: Espacios de autogesti\u00f3n. Tren de alta velocidad Valpara\u00edso-Santiago\u00bb\"}]},{\"@type\":\"WebSite\",\"@id\":\"https:\/\/colegioarquitectos.com\/noticias\/#website\",\"url\":\"https:\/\/colegioarquitectos.com\/noticias\/\",\"name\":\"COLEGIO DE ARQUITECTOS DE CHILE\",\"description\":\"\",\"publisher\":{\"@id\":\"https:\/\/colegioarquitectos.com\/noticias\/#organization\"},\"potentialAction\":[{\"@type\":\"SearchAction\",\"target\":{\"@type\":\"EntryPoint\",\"urlTemplate\":\"https:\/\/colegioarquitectos.com\/noticias\/?s={search_term_string}\"},\"query-input\":{\"@type\":\"PropertyValueSpecification\",\"valueRequired\":true,\"valueName\":\"search_term_string\"}}],\"inLanguage\":\"es\"},{\"@type\":\"Organization\",\"@id\":\"https:\/\/colegioarquitectos.com\/noticias\/#organization\",\"name\":\"COLEGIO DE ARQUITECTOS DE CHILE\",\"url\":\"https:\/\/colegioarquitectos.com\/noticias\/\",\"logo\":{\"@type\":\"ImageObject\",\"inLanguage\":\"es\",\"@id\":\"https:\/\/colegioarquitectos.com\/noticias\/#\/schema\/logo\/image\/\",\"url\":\"https:\/\/colegioarquitectos.com\/noticias\/wp-content\/uploads\/2021\/05\/ENCABEZADO-LOGO-CA.jpg\",\"contentUrl\":\"https:\/\/colegioarquitectos.com\/noticias\/wp-content\/uploads\/2021\/05\/ENCABEZADO-LOGO-CA.jpg\",\"width\":690,\"height\":350,\"caption\":\"COLEGIO DE ARQUITECTOS DE CHILE\"},\"image\":{\"@id\":\"https:\/\/colegioarquitectos.com\/noticias\/#\/schema\/logo\/image\/\"},\"sameAs\":[\"https:\/\/facebook.com\/Colegioarq\/\",\"https:\/\/x.com\/colegioarq\",\"https:\/\/instagram.com\/colegioarq\",\"https:\/\/youtube.com\/@ColegiodeArquitectosdeChile\"]},{\"@type\":\"Person\",\"@id\":\"https:\/\/colegioarquitectos.com\/noticias\/#\/schema\/person\/685cc0aad148303c5608f049af8285ad\",\"name\":\"Colegio de Arquitectos de Chile\",\"url\":\"https:\/\/colegioarquitectos.com\/noticias\/?author=4\"}]}<\/script>\n<!-- \/ Yoast SEO plugin. -->","yoast_head_json":{"title":"Revisa una rese\u00f1a del\u00a0conversatorio\u00a0\u00abEn di\u00e1logo: Espacios de autogesti\u00f3n. Tren de alta velocidad Valpara\u00edso-Santiago\u00bb - COLEGIO DE ARQUITECTOS DE CHILE","robots":{"index":"index","follow":"follow","max-snippet":"max-snippet:-1","max-image-preview":"max-image-preview:large","max-video-preview":"max-video-preview:-1"},"canonical":"https:\/\/colegioarquitectos.com\/noticias\/?p=25458","og_locale":"es_ES","og_type":"article","og_title":"Revisa una rese\u00f1a del\u00a0conversatorio\u00a0\u00abEn di\u00e1logo: Espacios de autogesti\u00f3n. Tren de alta velocidad Valpara\u00edso-Santiago\u00bb - COLEGIO DE ARQUITECTOS DE CHILE","og_description":"El pasado martes 28 de julio a las 18.00 horas se realiz\u00f3 el conversatorio\u00a0\u00abEn di\u00e1logo: Espacios de autogesti\u00f3n. Tren de alta velocidad Santiago-Valpara\u00edso\u00bb, que cont\u00f3 con la presencia del\u00a0arquitecto Gonzalo Mart\u00ednez de Urquidi, Presidente del Comit\u00e9 de Gesti\u00f3n Inmobiliaria, y &hellip; ver m\u00e1s","og_url":"https:\/\/colegioarquitectos.com\/noticias\/?p=25458","og_site_name":"COLEGIO DE ARQUITECTOS DE CHILE","article_publisher":"https:\/\/facebook.com\/Colegioarq\/","article_published_time":"2020-08-04T18:33:00+00:00","article_modified_time":"2020-08-04T18:33:42+00:00","og_image":[{"width":690,"height":350,"url":"https:\/\/colegioarquitectos.com\/noticias\/wp-content\/uploads\/2020\/08\/coaworking_page-0001-copia.jpg","type":"image\/jpeg"}],"author":"Colegio de Arquitectos de Chile","twitter_card":"summary_large_image","twitter_creator":"@colegioarq","twitter_site":"@colegioarq","twitter_misc":{"Escrito por":"Colegio de Arquitectos de Chile","Tiempo de lectura":"1 minuto"},"schema":{"@context":"https:\/\/schema.org","@graph":[{"@type":"Article","@id":"https:\/\/colegioarquitectos.com\/noticias\/?p=25458#article","isPartOf":{"@id":"https:\/\/colegioarquitectos.com\/noticias\/?p=25458"},"author":{"name":"Colegio de Arquitectos de Chile","@id":"https:\/\/colegioarquitectos.com\/noticias\/#\/schema\/person\/685cc0aad148303c5608f049af8285ad"},"headline":"Revisa una rese\u00f1a del\u00a0conversatorio\u00a0\u00abEn di\u00e1logo: Espacios de autogesti\u00f3n. Tren de alta velocidad Valpara\u00edso-Santiago\u00bb","datePublished":"2020-08-04T18:33:00+00:00","dateModified":"2020-08-04T18:33:42+00:00","mainEntityOfPage":{"@id":"https:\/\/colegioarquitectos.com\/noticias\/?p=25458"},"wordCount":130,"publisher":{"@id":"https:\/\/colegioarquitectos.com\/noticias\/#organization"},"image":{"@id":"https:\/\/colegioarquitectos.com\/noticias\/?p=25458#primaryimage"},"thumbnailUrl":"https:\/\/colegioarquitectos.com\/noticias\/wp-content\/uploads\/2020\/08\/coaworking_page-0001-copia.jpg","articleSection":["Comit\u00e9s"],"inLanguage":"es"},{"@type":"WebPage","@id":"https:\/\/colegioarquitectos.com\/noticias\/?p=25458","url":"https:\/\/colegioarquitectos.com\/noticias\/?p=25458","name":"Revisa una rese\u00f1a del\u00a0conversatorio\u00a0\u00abEn di\u00e1logo: Espacios de autogesti\u00f3n. Tren de alta velocidad Valpara\u00edso-Santiago\u00bb - COLEGIO DE ARQUITECTOS DE CHILE","isPartOf":{"@id":"https:\/\/colegioarquitectos.com\/noticias\/#website"},"primaryImageOfPage":{"@id":"https:\/\/colegioarquitectos.com\/noticias\/?p=25458#primaryimage"},"image":{"@id":"https:\/\/colegioarquitectos.com\/noticias\/?p=25458#primaryimage"},"thumbnailUrl":"https:\/\/colegioarquitectos.com\/noticias\/wp-content\/uploads\/2020\/08\/coaworking_page-0001-copia.jpg","datePublished":"2020-08-04T18:33:00+00:00","dateModified":"2020-08-04T18:33:42+00:00","breadcrumb":{"@id":"https:\/\/colegioarquitectos.com\/noticias\/?p=25458#breadcrumb"},"inLanguage":"es","potentialAction":[{"@type":"ReadAction","target":["https:\/\/colegioarquitectos.com\/noticias\/?p=25458"]}]},{"@type":"ImageObject","inLanguage":"es","@id":"https:\/\/colegioarquitectos.com\/noticias\/?p=25458#primaryimage","url":"https:\/\/colegioarquitectos.com\/noticias\/wp-content\/uploads\/2020\/08\/coaworking_page-0001-copia.jpg","contentUrl":"https:\/\/colegioarquitectos.com\/noticias\/wp-content\/uploads\/2020\/08\/coaworking_page-0001-copia.jpg","width":690,"height":350},{"@type":"BreadcrumbList","@id":"https:\/\/colegioarquitectos.com\/noticias\/?p=25458#breadcrumb","itemListElement":[{"@type":"ListItem","position":1,"name":"Portada","item":"https:\/\/colegioarquitectos.com\/noticias"},{"@type":"ListItem","position":2,"name":"Revisa una rese\u00f1a del\u00a0conversatorio\u00a0\u00abEn di\u00e1logo: Espacios de autogesti\u00f3n. Tren de alta velocidad Valpara\u00edso-Santiago\u00bb"}]},{"@type":"WebSite","@id":"https:\/\/colegioarquitectos.com\/noticias\/#website","url":"https:\/\/colegioarquitectos.com\/noticias\/","name":"COLEGIO DE ARQUITECTOS DE CHILE","description":"","publisher":{"@id":"https:\/\/colegioarquitectos.com\/noticias\/#organization"},"potentialAction":[{"@type":"SearchAction","target":{"@type":"EntryPoint","urlTemplate":"https:\/\/colegioarquitectos.com\/noticias\/?s={search_term_string}"},"query-input":{"@type":"PropertyValueSpecification","valueRequired":true,"valueName":"search_term_string"}}],"inLanguage":"es"},{"@type":"Organization","@id":"https:\/\/colegioarquitectos.com\/noticias\/#organization","name":"COLEGIO DE ARQUITECTOS DE CHILE","url":"https:\/\/colegioarquitectos.com\/noticias\/","logo":{"@type":"ImageObject","inLanguage":"es","@id":"https:\/\/colegioarquitectos.com\/noticias\/#\/schema\/logo\/image\/","url":"https:\/\/colegioarquitectos.com\/noticias\/wp-content\/uploads\/2021\/05\/ENCABEZADO-LOGO-CA.jpg","contentUrl":"https:\/\/colegioarquitectos.com\/noticias\/wp-content\/uploads\/2021\/05\/ENCABEZADO-LOGO-CA.jpg","width":690,"height":350,"caption":"COLEGIO DE ARQUITECTOS DE CHILE"},"image":{"@id":"https:\/\/colegioarquitectos.com\/noticias\/#\/schema\/logo\/image\/"},"sameAs":["https:\/\/facebook.com\/Colegioarq\/","https:\/\/x.com\/colegioarq","https:\/\/instagram.com\/colegioarq","https:\/\/youtube.com\/@ColegiodeArquitectosdeChile"]},{"@type":"Person","@id":"https:\/\/colegioarquitectos.com\/noticias\/#\/schema\/person\/685cc0aad148303c5608f049af8285ad","name":"Colegio de Arquitectos de Chile","url":"https:\/\/colegioarquitectos.com\/noticias\/?author=4"}]}},"_links":{"self":[{"href":"https:\/\/colegioarquitectos.com\/noticias\/index.php?rest_route=\/wp\/v2\/posts\/25458","targetHints":{"allow":["GET"]}}],"collection":[{"href":"https:\/\/colegioarquitectos.com\/noticias\/index.php?rest_route=\/wp\/v2\/posts"}],"about":[{"href":"https:\/\/colegioarquitectos.com\/noticias\/index.php?rest_route=\/wp\/v2\/types\/post"}],"author":[{"embeddable":true,"href":"https:\/\/colegioarquitectos.com\/noticias\/index.php?rest_route=\/wp\/v2\/users\/4"}],"replies":[{"embeddable":true,"href":"https:\/\/colegioarquitectos.com\/noticias\/index.php?rest_route=%2Fwp%2Fv2%2Fcomments&post=25458"}],"version-history":[{"count":0,"href":"https:\/\/colegioarquitectos.com\/noticias\/index.php?rest_route=\/wp\/v2\/posts\/25458\/revisions"}],"wp:featuredmedia":[{"embeddable":true,"href":"https:\/\/colegioarquitectos.com\/noticias\/index.php?rest_route=\/wp\/v2\/media\/25463"}],"wp:attachment":[{"href":"https:\/\/colegioarquitectos.com\/noticias\/index.php?rest_route=%2Fwp%2Fv2%2Fmedia&parent=25458"}],"wp:term":[{"taxonomy":"category","embeddable":true,"href":"https:\/\/colegioarquitectos.com\/noticias\/index.php?rest_route=%2Fwp%2Fv2%2Fcategories&post=25458"},{"taxonomy":"post_tag","embeddable":true,"href":"https:\/\/colegioarquitectos.com\/noticias\/index.php?rest_route=%2Fwp%2Fv2%2Ftags&post=25458"}],"curies":[{"name":"wp","href":"https:\/\/api.w.org\/{rel}","templated":true}]}}