
{"id":25465,"date":"2020-08-06T15:50:36","date_gmt":"2020-08-06T15:50:36","guid":{"rendered":"http:\/\/colegioarquitectos.com\/?p=25465"},"modified":"2020-08-06T15:50:36","modified_gmt":"2020-08-06T15:50:36","slug":"concurso-internacional-de-ideas-nuevo-espacio-civico-y-ciudadano-en-talca","status":"publish","type":"post","link":"https:\/\/colegioarquitectos.com\/noticias\/?p=25465","title":{"rendered":"Concurso Internacional de Ideas \u00abNuevo Espacio C\u00edvico y Ciudadano\u00bb en Talca"},"content":{"rendered":"<p>El <strong>\u00abConcurso de Ideas de Arquitectura y Urbanismo: Nuevo Espacio C\u00edvico y Ciudadano\u00bb<\/strong> est\u00e1 organizado por la <strong>Ilustre Municipalidad de Talca<\/strong> para el terreno que actualmente ocupa la <strong>C\u00e1rcel de Talca<\/strong>, <strong>la cual ser\u00e1 trasladada desde el centro de la ciudad a una nueva edificaci\u00f3n en 2023<\/strong>.<\/p>\n<p>El concurso es abierto, gratuito y totalmente online. <strong>Podr\u00e1n postular personas naturales, profesionales independientes, equipos de trabajo u oficinas de arquitectura y urbanismo de Chile y del extranjero.<\/strong><\/p>\n<p>Este proyecto conceptual, al finalizar el concurso, servir\u00e1 de insumo fundamental para los procesos de gesti\u00f3n e inversi\u00f3n\u00a0p\u00fablica que permitir\u00e1n construir un <strong>\u00abNuevo Espacio C\u00edvico y Ciudadano\u00bb<\/strong> al momento de que la c\u00e1rcel sea trasladada a su nueva ubicaci\u00f3n.<\/p>\n<p>A trav\u00e9s de este proyecto, se espera la mejor idea que,\u00a0aprovechando las condiciones del sitio y un programa arquitect\u00f3nico propuesto, <strong>pueda darle un nuevo uso al lugar y con ello aportar a la regeneraci\u00f3n del centro de la ciudad de manera inclusiva y sostenible para todos.<\/strong><\/p>\n<p>&nbsp;<\/p>\n<h3>Objetivo general<\/h3>\n<p>Aportar a la definici\u00f3n de un problema urbano complejo y generar posibles soluciones de dise\u00f1o urbano, espacio p\u00fablico y arquitectura para la reconversi\u00f3n del sitio de la actual c\u00e1rcel de Talca, incorporando en el lote un mix de usos como viviendas, edificios institucionales, oficinas privadas, comercio, entre otros, y aportando a la revitalizaci\u00f3n del casco hist\u00f3rico de la ciudad.<\/p>\n<p>&nbsp;<\/p>\n<h3>Objetivos espec\u00edficos<\/h3>\n<p>&nbsp;<\/p>\n<ul>\n<li>Generar una imagen objetivo que sirva como referencia para el proceso de regeneraci\u00f3n y redensificaci\u00f3n urbana equilibrada del centro de la ciudad, a partir de la organizaci\u00f3n de elementos arquitect\u00f3nicos, espacios p\u00fablicos y entorno urbano.<\/li>\n<li>Obtener un dise\u00f1o conceptual para el \u201cNuevo Espacio C\u00edvico y Ciudadano\u201d de Talca.<\/li>\n<li>Visualizar opciones de dise\u00f1o de un espacio p\u00fablico de calidad para la ciudad, para el lugar y para la ciudadan\u00eda, aprovechando su ubicaci\u00f3n estrat\u00e9gica, emplazamiento y tama\u00f1o, con un mix de usos y con una clara vocaci\u00f3n p\u00fablica.<\/li>\n<li>Abrir un espacio de participaci\u00f3n propositiva en torno a un proyecto para el sitio de la c\u00e1rcel.<\/li>\n<li>Generar insumos para iniciar un proceso de inversi\u00f3n p\u00fablica que permita construir el \u201cNuevo Espacio C\u00edvico y Ciudadano\u201d.<\/li>\n<\/ul>\n<p>&nbsp;<\/p>\n<h3>Jurado<\/h3>\n<p>En esta ocasi\u00f3n, el jurado estar\u00e1 compuesto por <strong>Juan Carlos D\u00edaz<\/strong> (Alcalde de Talca), <strong>Juan Eduardo Prieto<\/strong> (Intendente de la Regi\u00f3n del Maule), <strong>Paz Serra<\/strong> (Jefa Divisi\u00f3n de Desarrollo Urbano. MINVU), <strong>Mario Torre<\/strong>s (Presidente Uni\u00f3n Comunal de Juntas de Vecinos de Talca), <strong>Sergio Baeriswyl Rada<\/strong> (Arquitecto y Doctor en Urbanismo. Premio Nacional de Urbanismo 2014. Presidente del Consejo Nacional de Desarrollo Urbano), <strong>Humberto Eliash<\/strong> (Arquitecto. Presidente del Colegio de Arquitectos de Chile), <strong>Juan Rom\u00e1n<\/strong> (Arquitecto. Doctor en Arquitectura y Patrimonio, Decano Facultad de Arquitectura, M\u00fasica y Dise\u00f1o, Universidad de Talca), <strong>P\u00eda Montealegre<\/strong> (Arquitecta. Mag\u00edster en Desarrollo Urbano y Doctora en Arquitectura y Estudios Urbanos) y <strong>Camilo Restrepo<\/strong> (Arquitecto Colombiano, Master en Urbanismo. Profesor de la Universidad de Harvard y Medell\u00edn y uno de los art\u00edfices de la renovaci\u00f3n urbana en Medell\u00edn).<\/p>\n<p>&nbsp;<\/p>\n<h3>Premios<\/h3>\n<p>&nbsp;<\/p>\n<p>Primer lugar : <strong>USD 18.000.- Dieciocho mil d\u00f3lares americanos.<\/strong><\/p>\n<p>Segundo Lugar :<strong> USD 10.000.- Diez mil d\u00f3lares americanos.<\/strong><\/p>\n<p>Tercer Lugar : <strong>USD 6.000.- Seis mil d\u00f3lares americanos.<\/strong><\/p>\n<p>Adicionalmente, se entregar\u00e1n 7 menciones honrosas de <strong>USD 1.200.<\/strong>&#8211; a criterio del jurado.<\/p>\n<p>&nbsp;<\/p>\n<p>Puedes descargar las bases <a href=\"https:\/\/www.talca.cl\/espacio-civico-talca.php\"><strong>ac\u00e1<\/strong><\/a>.<\/p>\n<p>&nbsp;<\/p>\n<p><img loading=\"lazy\" decoding=\"async\" class=\"aligncenter size-full wp-image-25467\" src=\"http:\/\/colegioarquitectos.com\/noticias\/wp-content\/uploads\/2020\/08\/open-uri20200727-6363-e6zlv1.jpg\" alt=\"\" width=\"774\" height=\"1000\" srcset=\"https:\/\/colegioarquitectos.com\/noticias\/wp-content\/uploads\/2020\/08\/open-uri20200727-6363-e6zlv1.jpg 774w, https:\/\/colegioarquitectos.com\/noticias\/wp-content\/uploads\/2020\/08\/open-uri20200727-6363-e6zlv1-232x300.jpg 232w, https:\/\/colegioarquitectos.com\/noticias\/wp-content\/uploads\/2020\/08\/open-uri20200727-6363-e6zlv1-768x992.jpg 768w\" sizes=\"auto, (max-width: 774px) 100vw, 774px\" \/><\/p>\n<p><\/p>","protected":false},"excerpt":{"rendered":"<p>El \u00abConcurso de Ideas de Arquitectura y Urbanismo: Nuevo Espacio C\u00edvico y Ciudadano\u00bb est\u00e1 organizado por la Ilustre Municipalidad de Talca para el terreno que actualmente ocupa la C\u00e1rcel de Talca, la cual ser\u00e1 trasladada desde el centro de la &hellip; <a class=\"more-link\" href=\"https:\/\/colegioarquitectos.com\/noticias\/?p=25465\">ver m\u00e1s<\/a><\/p>","protected":false},"author":4,"featured_media":25466,"comment_status":"closed","ping_status":"closed","sticky":false,"template":"","format":"standard","meta":{"footnotes":""},"categories":[11],"tags":[],"class_list":["post-25465","post","type-post","status-publish","format-standard","has-post-thumbnail","hentry","category-concursos"],"yoast_head":"<!-- This site is optimized with the Yoast SEO plugin v24.2 - https:\/\/yoast.com\/wordpress\/plugins\/seo\/ -->\n<title>Concurso Internacional de Ideas \u00abNuevo Espacio C\u00edvico y Ciudadano\u00bb en Talca - COLEGIO DE ARQUITECTOS DE CHILE<\/title>\n<meta name=\"robots\" content=\"index, follow, max-snippet:-1, max-image-preview:large, max-video-preview:-1\" \/>\n<link rel=\"canonical\" href=\"https:\/\/colegioarquitectos.com\/noticias\/?p=25465\" \/>\n<meta property=\"og:locale\" content=\"es_ES\" \/>\n<meta property=\"og:type\" content=\"article\" \/>\n<meta property=\"og:title\" content=\"Concurso Internacional de Ideas \u00abNuevo Espacio C\u00edvico y Ciudadano\u00bb en Talca - COLEGIO DE ARQUITECTOS DE CHILE\" \/>\n<meta property=\"og:description\" content=\"El \u00abConcurso de Ideas de Arquitectura y Urbanismo: Nuevo Espacio C\u00edvico y Ciudadano\u00bb est\u00e1 organizado por la Ilustre Municipalidad de Talca para el terreno que actualmente ocupa la C\u00e1rcel de Talca, la cual ser\u00e1 trasladada desde el centro de la &hellip; ver m\u00e1s\" \/>\n<meta property=\"og:url\" content=\"https:\/\/colegioarquitectos.com\/noticias\/?p=25465\" \/>\n<meta property=\"og:site_name\" content=\"COLEGIO DE ARQUITECTOS DE CHILE\" \/>\n<meta property=\"article:publisher\" content=\"https:\/\/facebook.com\/Colegioarq\/\" \/>\n<meta property=\"article:published_time\" content=\"2020-08-06T15:50:36+00:00\" \/>\n<meta property=\"og:image\" content=\"https:\/\/colegioarquitectos.com\/noticias\/wp-content\/uploads\/2020\/08\/DJI_0710.jpg\" \/>\n\t<meta property=\"og:image:width\" content=\"690\" \/>\n\t<meta property=\"og:image:height\" content=\"350\" \/>\n\t<meta property=\"og:image:type\" content=\"image\/jpeg\" \/>\n<meta name=\"author\" content=\"Colegio de Arquitectos de Chile\" \/>\n<meta name=\"twitter:card\" content=\"summary_large_image\" \/>\n<meta name=\"twitter:creator\" content=\"@colegioarq\" \/>\n<meta name=\"twitter:site\" content=\"@colegioarq\" \/>\n<meta name=\"twitter:label1\" content=\"Escrito por\" \/>\n\t<meta name=\"twitter:data1\" content=\"Colegio de Arquitectos de Chile\" \/>\n\t<meta name=\"twitter:label2\" content=\"Tiempo de lectura\" \/>\n\t<meta name=\"twitter:data2\" content=\"3 minutos\" \/>\n<script type=\"application\/ld+json\" class=\"yoast-schema-graph\">{\"@context\":\"https:\/\/schema.org\",\"@graph\":[{\"@type\":\"Article\",\"@id\":\"https:\/\/colegioarquitectos.com\/noticias\/?p=25465#article\",\"isPartOf\":{\"@id\":\"https:\/\/colegioarquitectos.com\/noticias\/?p=25465\"},\"author\":{\"name\":\"Colegio de Arquitectos de Chile\",\"@id\":\"https:\/\/colegioarquitectos.com\/noticias\/#\/schema\/person\/685cc0aad148303c5608f049af8285ad\"},\"headline\":\"Concurso Internacional de Ideas \u00abNuevo Espacio C\u00edvico y Ciudadano\u00bb en Talca\",\"datePublished\":\"2020-08-06T15:50:36+00:00\",\"dateModified\":\"2020-08-06T15:50:36+00:00\",\"mainEntityOfPage\":{\"@id\":\"https:\/\/colegioarquitectos.com\/noticias\/?p=25465\"},\"wordCount\":598,\"publisher\":{\"@id\":\"https:\/\/colegioarquitectos.com\/noticias\/#organization\"},\"image\":{\"@id\":\"https:\/\/colegioarquitectos.com\/noticias\/?p=25465#primaryimage\"},\"thumbnailUrl\":\"https:\/\/colegioarquitectos.com\/noticias\/wp-content\/uploads\/2020\/08\/DJI_0710.jpg\",\"articleSection\":[\"Concursos\"],\"inLanguage\":\"es\"},{\"@type\":\"WebPage\",\"@id\":\"https:\/\/colegioarquitectos.com\/noticias\/?p=25465\",\"url\":\"https:\/\/colegioarquitectos.com\/noticias\/?p=25465\",\"name\":\"Concurso Internacional de Ideas \u00abNuevo Espacio C\u00edvico y Ciudadano\u00bb en Talca - COLEGIO DE ARQUITECTOS DE CHILE\",\"isPartOf\":{\"@id\":\"https:\/\/colegioarquitectos.com\/noticias\/#website\"},\"primaryImageOfPage\":{\"@id\":\"https:\/\/colegioarquitectos.com\/noticias\/?p=25465#primaryimage\"},\"image\":{\"@id\":\"https:\/\/colegioarquitectos.com\/noticias\/?p=25465#primaryimage\"},\"thumbnailUrl\":\"https:\/\/colegioarquitectos.com\/noticias\/wp-content\/uploads\/2020\/08\/DJI_0710.jpg\",\"datePublished\":\"2020-08-06T15:50:36+00:00\",\"dateModified\":\"2020-08-06T15:50:36+00:00\",\"breadcrumb\":{\"@id\":\"https:\/\/colegioarquitectos.com\/noticias\/?p=25465#breadcrumb\"},\"inLanguage\":\"es\",\"potentialAction\":[{\"@type\":\"ReadAction\",\"target\":[\"https:\/\/colegioarquitectos.com\/noticias\/?p=25465\"]}]},{\"@type\":\"ImageObject\",\"inLanguage\":\"es\",\"@id\":\"https:\/\/colegioarquitectos.com\/noticias\/?p=25465#primaryimage\",\"url\":\"https:\/\/colegioarquitectos.com\/noticias\/wp-content\/uploads\/2020\/08\/DJI_0710.jpg\",\"contentUrl\":\"https:\/\/colegioarquitectos.com\/noticias\/wp-content\/uploads\/2020\/08\/DJI_0710.jpg\",\"width\":690,\"height\":350},{\"@type\":\"BreadcrumbList\",\"@id\":\"https:\/\/colegioarquitectos.com\/noticias\/?p=25465#breadcrumb\",\"itemListElement\":[{\"@type\":\"ListItem\",\"position\":1,\"name\":\"Portada\",\"item\":\"https:\/\/colegioarquitectos.com\/noticias\"},{\"@type\":\"ListItem\",\"position\":2,\"name\":\"Concurso Internacional de Ideas \u00abNuevo Espacio C\u00edvico y Ciudadano\u00bb en Talca\"}]},{\"@type\":\"WebSite\",\"@id\":\"https:\/\/colegioarquitectos.com\/noticias\/#website\",\"url\":\"https:\/\/colegioarquitectos.com\/noticias\/\",\"name\":\"COLEGIO DE ARQUITECTOS DE CHILE\",\"description\":\"\",\"publisher\":{\"@id\":\"https:\/\/colegioarquitectos.com\/noticias\/#organization\"},\"potentialAction\":[{\"@type\":\"SearchAction\",\"target\":{\"@type\":\"EntryPoint\",\"urlTemplate\":\"https:\/\/colegioarquitectos.com\/noticias\/?s={search_term_string}\"},\"query-input\":{\"@type\":\"PropertyValueSpecification\",\"valueRequired\":true,\"valueName\":\"search_term_string\"}}],\"inLanguage\":\"es\"},{\"@type\":\"Organization\",\"@id\":\"https:\/\/colegioarquitectos.com\/noticias\/#organization\",\"name\":\"COLEGIO DE ARQUITECTOS DE CHILE\",\"url\":\"https:\/\/colegioarquitectos.com\/noticias\/\",\"logo\":{\"@type\":\"ImageObject\",\"inLanguage\":\"es\",\"@id\":\"https:\/\/colegioarquitectos.com\/noticias\/#\/schema\/logo\/image\/\",\"url\":\"https:\/\/colegioarquitectos.com\/noticias\/wp-content\/uploads\/2021\/05\/ENCABEZADO-LOGO-CA.jpg\",\"contentUrl\":\"https:\/\/colegioarquitectos.com\/noticias\/wp-content\/uploads\/2021\/05\/ENCABEZADO-LOGO-CA.jpg\",\"width\":690,\"height\":350,\"caption\":\"COLEGIO DE ARQUITECTOS DE CHILE\"},\"image\":{\"@id\":\"https:\/\/colegioarquitectos.com\/noticias\/#\/schema\/logo\/image\/\"},\"sameAs\":[\"https:\/\/facebook.com\/Colegioarq\/\",\"https:\/\/x.com\/colegioarq\",\"https:\/\/instagram.com\/colegioarq\",\"https:\/\/youtube.com\/@ColegiodeArquitectosdeChile\"]},{\"@type\":\"Person\",\"@id\":\"https:\/\/colegioarquitectos.com\/noticias\/#\/schema\/person\/685cc0aad148303c5608f049af8285ad\",\"name\":\"Colegio de Arquitectos de Chile\",\"url\":\"https:\/\/colegioarquitectos.com\/noticias\/?author=4\"}]}<\/script>\n<!-- \/ Yoast SEO plugin. -->","yoast_head_json":{"title":"Concurso Internacional de Ideas \u00abNuevo Espacio C\u00edvico y Ciudadano\u00bb en Talca - COLEGIO DE ARQUITECTOS DE CHILE","robots":{"index":"index","follow":"follow","max-snippet":"max-snippet:-1","max-image-preview":"max-image-preview:large","max-video-preview":"max-video-preview:-1"},"canonical":"https:\/\/colegioarquitectos.com\/noticias\/?p=25465","og_locale":"es_ES","og_type":"article","og_title":"Concurso Internacional de Ideas \u00abNuevo Espacio C\u00edvico y Ciudadano\u00bb en Talca - COLEGIO DE ARQUITECTOS DE CHILE","og_description":"El \u00abConcurso de Ideas de Arquitectura y Urbanismo: Nuevo Espacio C\u00edvico y Ciudadano\u00bb est\u00e1 organizado por la Ilustre Municipalidad de Talca para el terreno que actualmente ocupa la C\u00e1rcel de Talca, la cual ser\u00e1 trasladada desde el centro de la &hellip; ver m\u00e1s","og_url":"https:\/\/colegioarquitectos.com\/noticias\/?p=25465","og_site_name":"COLEGIO DE ARQUITECTOS DE CHILE","article_publisher":"https:\/\/facebook.com\/Colegioarq\/","article_published_time":"2020-08-06T15:50:36+00:00","og_image":[{"width":690,"height":350,"url":"https:\/\/colegioarquitectos.com\/noticias\/wp-content\/uploads\/2020\/08\/DJI_0710.jpg","type":"image\/jpeg"}],"author":"Colegio de Arquitectos de Chile","twitter_card":"summary_large_image","twitter_creator":"@colegioarq","twitter_site":"@colegioarq","twitter_misc":{"Escrito por":"Colegio de Arquitectos de Chile","Tiempo de lectura":"3 minutos"},"schema":{"@context":"https:\/\/schema.org","@graph":[{"@type":"Article","@id":"https:\/\/colegioarquitectos.com\/noticias\/?p=25465#article","isPartOf":{"@id":"https:\/\/colegioarquitectos.com\/noticias\/?p=25465"},"author":{"name":"Colegio de Arquitectos de Chile","@id":"https:\/\/colegioarquitectos.com\/noticias\/#\/schema\/person\/685cc0aad148303c5608f049af8285ad"},"headline":"Concurso Internacional de Ideas \u00abNuevo Espacio C\u00edvico y Ciudadano\u00bb en Talca","datePublished":"2020-08-06T15:50:36+00:00","dateModified":"2020-08-06T15:50:36+00:00","mainEntityOfPage":{"@id":"https:\/\/colegioarquitectos.com\/noticias\/?p=25465"},"wordCount":598,"publisher":{"@id":"https:\/\/colegioarquitectos.com\/noticias\/#organization"},"image":{"@id":"https:\/\/colegioarquitectos.com\/noticias\/?p=25465#primaryimage"},"thumbnailUrl":"https:\/\/colegioarquitectos.com\/noticias\/wp-content\/uploads\/2020\/08\/DJI_0710.jpg","articleSection":["Concursos"],"inLanguage":"es"},{"@type":"WebPage","@id":"https:\/\/colegioarquitectos.com\/noticias\/?p=25465","url":"https:\/\/colegioarquitectos.com\/noticias\/?p=25465","name":"Concurso Internacional de Ideas \u00abNuevo Espacio C\u00edvico y Ciudadano\u00bb en Talca - COLEGIO DE ARQUITECTOS DE CHILE","isPartOf":{"@id":"https:\/\/colegioarquitectos.com\/noticias\/#website"},"primaryImageOfPage":{"@id":"https:\/\/colegioarquitectos.com\/noticias\/?p=25465#primaryimage"},"image":{"@id":"https:\/\/colegioarquitectos.com\/noticias\/?p=25465#primaryimage"},"thumbnailUrl":"https:\/\/colegioarquitectos.com\/noticias\/wp-content\/uploads\/2020\/08\/DJI_0710.jpg","datePublished":"2020-08-06T15:50:36+00:00","dateModified":"2020-08-06T15:50:36+00:00","breadcrumb":{"@id":"https:\/\/colegioarquitectos.com\/noticias\/?p=25465#breadcrumb"},"inLanguage":"es","potentialAction":[{"@type":"ReadAction","target":["https:\/\/colegioarquitectos.com\/noticias\/?p=25465"]}]},{"@type":"ImageObject","inLanguage":"es","@id":"https:\/\/colegioarquitectos.com\/noticias\/?p=25465#primaryimage","url":"https:\/\/colegioarquitectos.com\/noticias\/wp-content\/uploads\/2020\/08\/DJI_0710.jpg","contentUrl":"https:\/\/colegioarquitectos.com\/noticias\/wp-content\/uploads\/2020\/08\/DJI_0710.jpg","width":690,"height":350},{"@type":"BreadcrumbList","@id":"https:\/\/colegioarquitectos.com\/noticias\/?p=25465#breadcrumb","itemListElement":[{"@type":"ListItem","position":1,"name":"Portada","item":"https:\/\/colegioarquitectos.com\/noticias"},{"@type":"ListItem","position":2,"name":"Concurso Internacional de Ideas \u00abNuevo Espacio C\u00edvico y Ciudadano\u00bb en Talca"}]},{"@type":"WebSite","@id":"https:\/\/colegioarquitectos.com\/noticias\/#website","url":"https:\/\/colegioarquitectos.com\/noticias\/","name":"COLEGIO DE ARQUITECTOS DE CHILE","description":"","publisher":{"@id":"https:\/\/colegioarquitectos.com\/noticias\/#organization"},"potentialAction":[{"@type":"SearchAction","target":{"@type":"EntryPoint","urlTemplate":"https:\/\/colegioarquitectos.com\/noticias\/?s={search_term_string}"},"query-input":{"@type":"PropertyValueSpecification","valueRequired":true,"valueName":"search_term_string"}}],"inLanguage":"es"},{"@type":"Organization","@id":"https:\/\/colegioarquitectos.com\/noticias\/#organization","name":"COLEGIO DE ARQUITECTOS DE CHILE","url":"https:\/\/colegioarquitectos.com\/noticias\/","logo":{"@type":"ImageObject","inLanguage":"es","@id":"https:\/\/colegioarquitectos.com\/noticias\/#\/schema\/logo\/image\/","url":"https:\/\/colegioarquitectos.com\/noticias\/wp-content\/uploads\/2021\/05\/ENCABEZADO-LOGO-CA.jpg","contentUrl":"https:\/\/colegioarquitectos.com\/noticias\/wp-content\/uploads\/2021\/05\/ENCABEZADO-LOGO-CA.jpg","width":690,"height":350,"caption":"COLEGIO DE ARQUITECTOS DE CHILE"},"image":{"@id":"https:\/\/colegioarquitectos.com\/noticias\/#\/schema\/logo\/image\/"},"sameAs":["https:\/\/facebook.com\/Colegioarq\/","https:\/\/x.com\/colegioarq","https:\/\/instagram.com\/colegioarq","https:\/\/youtube.com\/@ColegiodeArquitectosdeChile"]},{"@type":"Person","@id":"https:\/\/colegioarquitectos.com\/noticias\/#\/schema\/person\/685cc0aad148303c5608f049af8285ad","name":"Colegio de Arquitectos de Chile","url":"https:\/\/colegioarquitectos.com\/noticias\/?author=4"}]}},"_links":{"self":[{"href":"https:\/\/colegioarquitectos.com\/noticias\/index.php?rest_route=\/wp\/v2\/posts\/25465","targetHints":{"allow":["GET"]}}],"collection":[{"href":"https:\/\/colegioarquitectos.com\/noticias\/index.php?rest_route=\/wp\/v2\/posts"}],"about":[{"href":"https:\/\/colegioarquitectos.com\/noticias\/index.php?rest_route=\/wp\/v2\/types\/post"}],"author":[{"embeddable":true,"href":"https:\/\/colegioarquitectos.com\/noticias\/index.php?rest_route=\/wp\/v2\/users\/4"}],"replies":[{"embeddable":true,"href":"https:\/\/colegioarquitectos.com\/noticias\/index.php?rest_route=%2Fwp%2Fv2%2Fcomments&post=25465"}],"version-history":[{"count":0,"href":"https:\/\/colegioarquitectos.com\/noticias\/index.php?rest_route=\/wp\/v2\/posts\/25465\/revisions"}],"wp:featuredmedia":[{"embeddable":true,"href":"https:\/\/colegioarquitectos.com\/noticias\/index.php?rest_route=\/wp\/v2\/media\/25466"}],"wp:attachment":[{"href":"https:\/\/colegioarquitectos.com\/noticias\/index.php?rest_route=%2Fwp%2Fv2%2Fmedia&parent=25465"}],"wp:term":[{"taxonomy":"category","embeddable":true,"href":"https:\/\/colegioarquitectos.com\/noticias\/index.php?rest_route=%2Fwp%2Fv2%2Fcategories&post=25465"},{"taxonomy":"post_tag","embeddable":true,"href":"https:\/\/colegioarquitectos.com\/noticias\/index.php?rest_route=%2Fwp%2Fv2%2Ftags&post=25465"}],"curies":[{"name":"wp","href":"https:\/\/api.w.org\/{rel}","templated":true}]}}